{"id":32273,"date":"2017-06-15T00:00:00","date_gmt":"2017-06-15T00:00:00","guid":{"rendered":"https:\/\/dev.explora.cl\/aricayparinacota\/blog\/2017\/06\/15\/historias-de-vida-en-las-escuelas-de-cosapilla-y-chujlluta\/"},"modified":"2019-05-09T21:08:33","modified_gmt":"2019-05-09T21:08:33","slug":"historias-de-vida-en-las-escuelas-de-cosapilla-y-chujlluta","status":"publish","type":"post","link":"https:\/\/dev.explora.cl\/aricayparinacota\/historias-de-vida-en-las-escuelas-de-cosapilla-y-chujlluta\/","title":{"rendered":"Historias de vida en las escuelas de Cosapilla y Chujlluta"},"content":{"rendered":"<p class=\"MsoNormal\" style=\"margin: 0px;color: #000000;font-family: Calibri, Arial, Helvetica, sans-serif;font-size: 16px;text-align: justify\"><span style=\"font-size: 12pt;line-height: 18.4px;font-family: Arial, sans-serif\">Cosapilla es una de las escuelas unidocentes que m\u00e1s alumnos tiene en el altiplano, espec\u00edficamente cinco, pero que valen el doble. \u201cKamisaraki\u201d, los saludamos, y la respuesta a coro y con fuerza, \u201cWaliki\u201d, prendi\u00f3 la ma\u00f1ana que el equipo Explora Conicyt realiz\u00f3 la visita informativa.<u><\/u><u><\/u><\/span><\/p>\n<p class=\"MsoNormal\" style=\"margin: 0px;color: #000000;font-family: Calibri, Arial, Helvetica, sans-serif;font-size: 16px;text-align: justify\"><span style=\"font-size: 12pt;line-height: 18.4px;font-family: Arial, sans-serif\">\u00a0<\/span><\/p>\n<p class=\"MsoNormal\" style=\"margin: 0px;color: #000000;font-family: Calibri, Arial, Helvetica, sans-serif;font-size: 16px;text-align: justify\"><span style=\"font-size: 12pt;line-height: 18.4px;font-family: Arial, sans-serif\">Alicia Osorio, profesora unidocente de esta escuela, ubicada en un territorio de climas extremos y topograf\u00eda accidentada, manifest\u00f3 mucho inter\u00e9s por la propuesta de Explora 2017. \u201cEs un espacio para que sobre todo los ni\u00f1os rurales, que est\u00e1n tan alejados del mundo, puedan participar y mostrar lo que son sus ra\u00edces y sus costumbres a trav\u00e9s de la ciencia. Encuentro que es una buena iniciativa para que los ni\u00f1os tambi\u00e9n puedan desarrollar sus valores\u201d.<u><\/u><u><\/u><\/span><\/p>\n<p class=\"MsoNormal\" style=\"margin: 0px;color: #000000;font-family: Calibri, Arial, Helvetica, sans-serif;font-size: 16px;text-align: justify\"><span style=\"font-size: 12pt;line-height: 18.4px;font-family: Arial, sans-serif\">\u00a0<\/span><\/p>\n<p class=\"MsoNormal\" style=\"margin: 0px;color: #000000;font-family: Calibri, Arial, Helvetica, sans-serif;font-size: 16px;text-align: justify\"><span style=\"font-size: 12pt;line-height: 18.4px;font-family: Arial, sans-serif\">La profesora Alicia cuenta con cinco alumnos, dos en tercero, dos en cuarto y uno en sexto. Lleva 30 a\u00f1os en las alturas, ya no le afecta la puna, m\u00e1s bien tiene problemas al bajar a Arica. \u201cPuedo decir que no es dif\u00edcil, pero cuando llegu\u00e9 me tomaba la cabeza a dos manos porque no me pod\u00eda imaginar c\u00f3mo hacerle clases a todos a la vez, en un tiempo que eran muchos m\u00e1s alumnos. Aprendimos nuestras propias estrategias, que la universidad no entrega, porque no nos preparan para hacernos profesores unidocentes, ni rurales, vamos aprendiendo sobre la marcha. Debo decir que los ni\u00f1os m\u00e1s chicos son m\u00e1s beneficiados porque aprenden materias de los cursos m\u00e1s grandes, est\u00e1n acostumbrados a aprender de esta manera y yo a ense\u00f1arles as\u00ed, para ellos es como un beneficio, porque tienen estrategia\u201d.<u><\/u><u><\/u><\/span><\/p>\n<p class=\"MsoNormal\" style=\"margin: 0px;color: #000000;font-family: Calibri, Arial, Helvetica, sans-serif;font-size: 16px;text-align: justify\"><span style=\"font-size: 12pt;line-height: 18.4px;font-family: Arial, sans-serif\">\u00a0<\/span><\/p>\n<p class=\"MsoNormal\" style=\"margin: 0px;color: #000000;font-family: Calibri, Arial, Helvetica, sans-serif;font-size: 16px;text-align: justify\"><span style=\"font-size: 12pt;line-height: 18.4px;font-family: Arial, sans-serif\">El altiplano la conquist\u00f3, lleg\u00f3 por una vacante, casi como una turista, a conocer por dos a\u00f1os y se qued\u00f3 por 30. \u201cMe encanta ense\u00f1arle a los ni\u00f1os aymaras, \u00a0descubr\u00ed algo que ni yo mismo sab\u00eda, ac\u00e1 los ni\u00f1os son m\u00e1s ingenuos y tienes un paisaje al cual recurrir para ense\u00f1arles ciencias, es cosa de cruzar la puerta y tengo todo. Esto me fue cautivando y me apasiona, no cambio mi trabajo ac\u00e1\u201d.<u><\/u><u><\/u><\/span><\/p>\n<p class=\"MsoNormal\" style=\"margin: 0px;color: #000000;font-family: Calibri, Arial, Helvetica, sans-serif;font-size: 16px;text-align: justify\"><strong><span style=\"font-size: 12pt;line-height: 18.4px;font-family: Arial, sans-serif\">\u00a0<\/span><\/strong><\/p>\n<p class=\"MsoNormal\" style=\"margin: 0px;color: #000000;font-family: Calibri, Arial, Helvetica, sans-serif;font-size: 16px;text-align: justify\"><span style=\"font-size: 12pt;line-height: 18.4px;font-family: Arial, sans-serif\"><strong>CHUJLLUTA<\/strong><u><\/u><u><\/u><\/span><\/p>\n<p class=\"MsoNormal\" style=\"margin: 0px;color: #000000;font-family: Calibri, Arial, Helvetica, sans-serif;font-size: 16px;text-align: justify\"><span style=\"font-size: 12pt;line-height: 18.4px;font-family: Arial, sans-serif\">\u00a0<\/span><\/p>\n<p class=\"MsoNormal\" style=\"margin: 0px;color: #000000;font-family: Calibri, Arial, Helvetica, sans-serif;font-size: 16px;text-align: justify\"><span style=\"font-size: 12pt;line-height: 18.4px;font-family: Arial, sans-serif\">Desde la carretera por la Ruta A-123, el poblado de Chujlluta, tiene la otra escuela m\u00e1s numerosa del altiplano, con cinco alumnos, tres de primer a\u00f1o, uno de tercero y uno de quinto. Su profesora unidocente, Emma V\u00e1squez, indica que es distinto hacer clases simult\u00e1neas para tres cursos diferentes, con poco tempo para dedicar a cada curso; a cuando se tienen todos los alumnos en un mismo curso y \u00a090 minutos para trabajar por asignatura. \u201cAc\u00e1 hay que dividir esa cantidad de tiempo entre los tres cursos y es un esfuerzo mucho m\u00e1s grande porque hay que tener materiales, hacer evaluaciones y estar hablando contenidos parecidos y diferentes, e ir cambiando de un contenido a otro. En primero b\u00e1sico es mucho m\u00e1s demandante y tambi\u00e9n cuando hay alumnos repitentes con problemas de aprendizaje, en realidad es un desaf\u00edo\u201d.<u><\/u><u><\/u><\/span><\/p>\n<p class=\"MsoNormal\" style=\"margin: 0px;color: #000000;font-family: Calibri, Arial, Helvetica, sans-serif;font-size: 16px;text-align: justify\"><span style=\"font-size: 12pt;line-height: 18.4px;font-family: Arial, sans-serif\">\u00a0<\/span><\/p>\n<p class=\"MsoNormal\" style=\"margin: 0px;color: #000000;font-family: Calibri, Arial, Helvetica, sans-serif;font-size: 16px;text-align: justify\"><span style=\"font-size: 12pt;line-height: 18.4px;font-family: Arial, sans-serif\">Las gratificaciones est\u00e1n a la vista, y la profesora Emma las ratifica. \u201cEl tema de la naturaleza es impagable y poder observar los paisajes y los climas, que son bastante rigurosos. Uno puede pensar que es un desaf\u00edo extremo y muchas veces lo es, hay d\u00edas que llueve, otros d\u00edas que empieza a caer nieve, cosas que uno no ve en la ciudad, ver la fauna que no encuentra en todos los lugares y tambi\u00e9n trabajar y vivenciar la cultura aymara, es algo motivante\u201d.<u><\/u><u><\/u><\/span><\/p>\n<p class=\"MsoNormal\" style=\"margin: 0px;color: #000000;font-family: Calibri, Arial, Helvetica, sans-serif;font-size: 16px;text-align: justify\"><span style=\"font-size: 12pt;line-height: 18.4px;font-family: Arial, sans-serif\">\u00a0<\/span><\/p>\n<p class=\"MsoNormal\" style=\"margin: 0px;color: #000000;font-family: Calibri, Arial, Helvetica, sans-serif;font-size: 16px;text-align: justify\"><span style=\"font-size: 12pt;line-height: 18.4px;font-family: Arial, sans-serif\">La presentaci\u00f3n del programa del Proyecto Explora Conicyt de la Universidad de Tarapac\u00e1,\u00a0 a las escuelas unidocentes, nos dej\u00f3 con tareas a todos, los ni\u00f1os que habitan a m\u00e1s de cuatro mil metros de altura y sus profesoras unidocentes, son parte de nuestras acciones.<\/span><\/p>\n<p class=\"MsoNormal\" style=\"margin: 0px;color: #000000;font-family: Calibri, Arial, Helvetica, sans-serif;font-size: 16px;text-align: justify\">\u00a0<\/p>\n<p class=\"MsoNormal\" style=\"margin: 0px;color: #000000;font-family: Calibri, Arial, Helvetica, sans-serif;font-size: 16px;text-align: justify\"><span style=\"font-size: 12pt;line-height: 18.4px;font-family: Arial, sans-serif\"><img loading=\"lazy\" decoding=\"async\" class=\" size-full wp-image-26021\" src=\"https:\/\/dev.explora.cl\/wp-content\/uploads\/2017\/06\/Collage-Cosapilla-y-Chujlluta.jpg\" alt=\"\" width=\"900\" height=\"360\" \/><\/span><\/p>\n<p class=\"MsoNormal\" style=\"margin: 0px;color: #000000;font-family: Calibri, Arial, Helvetica, sans-serif;font-size: 16px;text-align: justify\">\u00a0<\/p>\n<p class=\"MsoNormal\" style=\"margin: 0px;color: #000000;font-family: Calibri, Arial, Helvetica, sans-serif;font-size: 16px;text-align: justify\">\u00a0<\/p>\n","protected":false},"excerpt":{"rendered":"<p>Cosapilla es una de las escuelas unidocentes que m\u00e1s alumnos tiene en el altiplano, espec\u00edficamente cinco, pero que valen el doble. \u201cKamisaraki\u201d, los saludamos, y la respuesta a coro y con fuerza, \u201cWaliki\u201d, prendi\u00f3 la ma\u00f1ana que el equipo Explora Conicyt realiz\u00f3 la visita informativa. \u00a0 Alicia Osorio, profesora unidocente de esta escuela, ubicada en [&hellip;]<\/p>\n","protected":false},"author":2,"featured_media":32274,"comment_status":"open","ping_status":"open","sticky":false,"template":"","format":"standard","meta":{"_acf_changed":false,"_exactmetrics_skip_tracking":false,"_exactmetrics_sitenote_active":false,"_exactmetrics_sitenote_note":"","_exactmetrics_sitenote_category":0,"footnotes":"","_links_to":"","_links_to_target":""},"categories":[4],"tags":[],"class_list":["post-32273","post","type-post","status-publish","format-standard","has-post-thumbnail","hentry","category-noticias"],"acf":[],"yoast_head":"<!-- This site is optimized with the Yoast SEO plugin v26.7 - https:\/\/yoast.com\/wordpress\/plugins\/seo\/ -->\n<title>Historias de vida en las escuelas de Cosapilla y Chujlluta - Arica y Parinacota<\/title>\n<meta name=\"robots\" content=\"index, follow, max-snippet:-1, max-image-preview:large, max-video-preview:-1\" \/>\n<link rel=\"canonical\" href=\"https:\/\/dev.explora.cl\/aricayparinacota\/historias-de-vida-en-las-escuelas-de-cosapilla-y-chujlluta\/\" class=\"yoast-seo-meta-tag\" \/>\n<meta property=\"og:locale\" content=\"es_ES\" class=\"yoast-seo-meta-tag\" \/>\n<meta property=\"og:type\" content=\"article\" class=\"yoast-seo-meta-tag\" \/>\n<meta property=\"og:title\" content=\"Historias de vida en las escuelas de Cosapilla y Chujlluta - Arica y Parinacota\" class=\"yoast-seo-meta-tag\" \/>\n<meta property=\"og:description\" content=\"Cosapilla es una de las escuelas unidocentes que m\u00e1s alumnos tiene en el altiplano, espec\u00edficamente cinco, pero que valen el doble. \u201cKamisaraki\u201d, los saludamos, y la respuesta a coro y con fuerza, \u201cWaliki\u201d, prendi\u00f3 la ma\u00f1ana que el equipo Explora Conicyt realiz\u00f3 la visita informativa. \u00a0 Alicia Osorio, profesora unidocente de esta escuela, ubicada en [&hellip;]\" class=\"yoast-seo-meta-tag\" \/>\n<meta property=\"og:url\" content=\"https:\/\/dev.explora.cl\/aricayparinacota\/historias-de-vida-en-las-escuelas-de-cosapilla-y-chujlluta\/\" class=\"yoast-seo-meta-tag\" \/>\n<meta property=\"og:site_name\" content=\"Arica y Parinacota\" class=\"yoast-seo-meta-tag\" \/>\n<meta property=\"article:published_time\" content=\"2017-06-15T00:00:00+00:00\" class=\"yoast-seo-meta-tag\" \/>\n<meta property=\"article:modified_time\" content=\"2019-05-09T21:08:33+00:00\" class=\"yoast-seo-meta-tag\" \/>\n<meta property=\"og:image\" content=\"https:\/\/dev.explora.cl\/aricayparinacota\/wp-content\/uploads\/sites\/2\/2018\/06\/Miniatura-Cosapilla-Chujlluta.jpg\" class=\"yoast-seo-meta-tag\" \/>\n\t<meta property=\"og:image:width\" content=\"223\" class=\"yoast-seo-meta-tag\" \/>\n\t<meta property=\"og:image:height\" content=\"147\" class=\"yoast-seo-meta-tag\" \/>\n\t<meta property=\"og:image:type\" content=\"image\/jpeg\" class=\"yoast-seo-meta-tag\" \/>\n<meta name=\"author\" content=\"webman\" class=\"yoast-seo-meta-tag\" \/>\n<meta name=\"twitter:card\" content=\"summary_large_image\" class=\"yoast-seo-meta-tag\" \/>\n<meta name=\"twitter:label1\" content=\"Escrito por\" class=\"yoast-seo-meta-tag\" \/>\n\t<meta name=\"twitter:data1\" content=\"webman\" class=\"yoast-seo-meta-tag\" \/>\n\t<meta name=\"twitter:label2\" content=\"Tiempo estimado de lectura\" class=\"yoast-seo-meta-tag\" \/>\n\t<meta name=\"twitter:data2\" content=\"3 minutos\" class=\"yoast-seo-meta-tag\" \/>\n<script type=\"application\/ld+json\" class=\"yoast-schema-graph\">{\"@context\":\"https:\/\/schema.org\",\"@graph\":[{\"@type\":\"Article\",\"@id\":\"https:\/\/dev.explora.cl\/aricayparinacota\/historias-de-vida-en-las-escuelas-de-cosapilla-y-chujlluta\/#article\",\"isPartOf\":{\"@id\":\"https:\/\/dev.explora.cl\/aricayparinacota\/historias-de-vida-en-las-escuelas-de-cosapilla-y-chujlluta\/\"},\"author\":{\"name\":\"webman\",\"@id\":\"https:\/\/dev.explora.cl\/aricayparinacota\/#\/schema\/person\/cb8349c13ea2d324080adf8480d7ba5d\"},\"headline\":\"Historias de vida en las escuelas de Cosapilla y Chujlluta\",\"datePublished\":\"2017-06-15T00:00:00+00:00\",\"dateModified\":\"2019-05-09T21:08:33+00:00\",\"mainEntityOfPage\":{\"@id\":\"https:\/\/dev.explora.cl\/aricayparinacota\/historias-de-vida-en-las-escuelas-de-cosapilla-y-chujlluta\/\"},\"wordCount\":649,\"commentCount\":0,\"publisher\":{\"@id\":\"https:\/\/dev.explora.cl\/aricayparinacota\/#organization\"},\"image\":{\"@id\":\"https:\/\/dev.explora.cl\/aricayparinacota\/historias-de-vida-en-las-escuelas-de-cosapilla-y-chujlluta\/#primaryimage\"},\"thumbnailUrl\":\"https:\/\/dev.explora.cl\/aricayparinacota\/wp-content\/uploads\/sites\/2\/2018\/06\/Miniatura-Cosapilla-Chujlluta.jpg\",\"articleSection\":[\"Noticias\"],\"inLanguage\":\"es-CL\",\"potentialAction\":[{\"@type\":\"CommentAction\",\"name\":\"Comment\",\"target\":[\"https:\/\/dev.explora.cl\/aricayparinacota\/historias-de-vida-en-las-escuelas-de-cosapilla-y-chujlluta\/#respond\"]}]},{\"@type\":\"WebPage\",\"@id\":\"https:\/\/dev.explora.cl\/aricayparinacota\/historias-de-vida-en-las-escuelas-de-cosapilla-y-chujlluta\/\",\"url\":\"https:\/\/dev.explora.cl\/aricayparinacota\/historias-de-vida-en-las-escuelas-de-cosapilla-y-chujlluta\/\",\"name\":\"Historias de vida en las escuelas de Cosapilla y Chujlluta - Arica y Parinacota\",\"isPartOf\":{\"@id\":\"https:\/\/dev.explora.cl\/aricayparinacota\/#website\"},\"primaryImageOfPage\":{\"@id\":\"https:\/\/dev.explora.cl\/aricayparinacota\/historias-de-vida-en-las-escuelas-de-cosapilla-y-chujlluta\/#primaryimage\"},\"image\":{\"@id\":\"https:\/\/dev.explora.cl\/aricayparinacota\/historias-de-vida-en-las-escuelas-de-cosapilla-y-chujlluta\/#primaryimage\"},\"thumbnailUrl\":\"https:\/\/dev.explora.cl\/aricayparinacota\/wp-content\/uploads\/sites\/2\/2018\/06\/Miniatura-Cosapilla-Chujlluta.jpg\",\"datePublished\":\"2017-06-15T00:00:00+00:00\",\"dateModified\":\"2019-05-09T21:08:33+00:00\",\"breadcrumb\":{\"@id\":\"https:\/\/dev.explora.cl\/aricayparinacota\/historias-de-vida-en-las-escuelas-de-cosapilla-y-chujlluta\/#breadcrumb\"},\"inLanguage\":\"es-CL\",\"potentialAction\":[{\"@type\":\"ReadAction\",\"target\":[\"https:\/\/dev.explora.cl\/aricayparinacota\/historias-de-vida-en-las-escuelas-de-cosapilla-y-chujlluta\/\"]}]},{\"@type\":\"ImageObject\",\"inLanguage\":\"es-CL\",\"@id\":\"https:\/\/dev.explora.cl\/aricayparinacota\/historias-de-vida-en-las-escuelas-de-cosapilla-y-chujlluta\/#primaryimage\",\"url\":\"https:\/\/dev.explora.cl\/aricayparinacota\/wp-content\/uploads\/sites\/2\/2018\/06\/Miniatura-Cosapilla-Chujlluta.jpg\",\"contentUrl\":\"https:\/\/dev.explora.cl\/aricayparinacota\/wp-content\/uploads\/sites\/2\/2018\/06\/Miniatura-Cosapilla-Chujlluta.jpg\",\"width\":223,\"height\":147},{\"@type\":\"BreadcrumbList\",\"@id\":\"https:\/\/dev.explora.cl\/aricayparinacota\/historias-de-vida-en-las-escuelas-de-cosapilla-y-chujlluta\/#breadcrumb\",\"itemListElement\":[{\"@type\":\"ListItem\",\"position\":1,\"name\":\"Portada\",\"item\":\"https:\/\/dev.explora.cl\/aricayparinacota\/\"},{\"@type\":\"ListItem\",\"position\":2,\"name\":\"Historias de vida en las escuelas de Cosapilla y Chujlluta\"}]},{\"@type\":\"WebSite\",\"@id\":\"https:\/\/dev.explora.cl\/aricayparinacota\/#website\",\"url\":\"https:\/\/dev.explora.cl\/aricayparinacota\/\",\"name\":\"Arica y Parinacota\",\"description\":\"Otro sitio m\u00e1s de dev.explora.cl\",\"publisher\":{\"@id\":\"https:\/\/dev.explora.cl\/aricayparinacota\/#organization\"},\"potentialAction\":[{\"@type\":\"SearchAction\",\"target\":{\"@type\":\"EntryPoint\",\"urlTemplate\":\"https:\/\/dev.explora.cl\/aricayparinacota\/?s={search_term_string}\"},\"query-input\":{\"@type\":\"PropertyValueSpecification\",\"valueRequired\":true,\"valueName\":\"search_term_string\"}}],\"inLanguage\":\"es-CL\"},{\"@type\":\"Organization\",\"@id\":\"https:\/\/dev.explora.cl\/aricayparinacota\/#organization\",\"name\":\"Arica y Parinacota\",\"url\":\"https:\/\/dev.explora.cl\/aricayparinacota\/\",\"logo\":{\"@type\":\"ImageObject\",\"inLanguage\":\"es-CL\",\"@id\":\"https:\/\/dev.explora.cl\/aricayparinacota\/#\/schema\/logo\/image\/\",\"url\":\"https:\/\/dev.explora.cl\/aricayparinacota\/wp-content\/uploads\/sites\/2\/2020\/08\/cropped-nuevosa-logos-11.png\",\"contentUrl\":\"https:\/\/dev.explora.cl\/aricayparinacota\/wp-content\/uploads\/sites\/2\/2020\/08\/cropped-nuevosa-logos-11.png\",\"width\":812,\"height\":937,\"caption\":\"Arica y Parinacota\"},\"image\":{\"@id\":\"https:\/\/dev.explora.cl\/aricayparinacota\/#\/schema\/logo\/image\/\"}},{\"@type\":\"Person\",\"@id\":\"https:\/\/dev.explora.cl\/aricayparinacota\/#\/schema\/person\/cb8349c13ea2d324080adf8480d7ba5d\",\"name\":\"webman\",\"image\":{\"@type\":\"ImageObject\",\"inLanguage\":\"es-CL\",\"@id\":\"https:\/\/dev.explora.cl\/aricayparinacota\/#\/schema\/person\/image\/\",\"url\":\"https:\/\/secure.gravatar.com\/avatar\/eeff3c82f2c02f7177d13663b7e6f890e9a6a0647ce9bb29cae02dcb094c7312?s=96&d=mm&r=g\",\"contentUrl\":\"https:\/\/secure.gravatar.com\/avatar\/eeff3c82f2c02f7177d13663b7e6f890e9a6a0647ce9bb29cae02dcb094c7312?s=96&d=mm&r=g\",\"caption\":\"webman\"},\"url\":\"https:\/\/dev.explora.cl\/aricayparinacota\/author\/webman\/\"}]}<\/script>\n<!-- \/ Yoast SEO plugin. -->","yoast_head_json":{"title":"Historias de vida en las escuelas de Cosapilla y Chujlluta - Arica y Parinacota","robots":{"index":"index","follow":"follow","max-snippet":"max-snippet:-1","max-image-preview":"max-image-preview:large","max-video-preview":"max-video-preview:-1"},"canonical":"https:\/\/dev.explora.cl\/aricayparinacota\/historias-de-vida-en-las-escuelas-de-cosapilla-y-chujlluta\/","og_locale":"es_ES","og_type":"article","og_title":"Historias de vida en las escuelas de Cosapilla y Chujlluta - Arica y Parinacota","og_description":"Cosapilla es una de las escuelas unidocentes que m\u00e1s alumnos tiene en el altiplano, espec\u00edficamente cinco, pero que valen el doble. \u201cKamisaraki\u201d, los saludamos, y la respuesta a coro y con fuerza, \u201cWaliki\u201d, prendi\u00f3 la ma\u00f1ana que el equipo Explora Conicyt realiz\u00f3 la visita informativa. \u00a0 Alicia Osorio, profesora unidocente de esta escuela, ubicada en [&hellip;]","og_url":"https:\/\/dev.explora.cl\/aricayparinacota\/historias-de-vida-en-las-escuelas-de-cosapilla-y-chujlluta\/","og_site_name":"Arica y Parinacota","article_published_time":"2017-06-15T00:00:00+00:00","article_modified_time":"2019-05-09T21:08:33+00:00","og_image":[{"width":223,"height":147,"url":"https:\/\/dev.explora.cl\/aricayparinacota\/wp-content\/uploads\/sites\/2\/2018\/06\/Miniatura-Cosapilla-Chujlluta.jpg","type":"image\/jpeg"}],"author":"webman","twitter_card":"summary_large_image","twitter_misc":{"Escrito por":"webman","Tiempo estimado de lectura":"3 minutos"},"schema":{"@context":"https:\/\/schema.org","@graph":[{"@type":"Article","@id":"https:\/\/dev.explora.cl\/aricayparinacota\/historias-de-vida-en-las-escuelas-de-cosapilla-y-chujlluta\/#article","isPartOf":{"@id":"https:\/\/dev.explora.cl\/aricayparinacota\/historias-de-vida-en-las-escuelas-de-cosapilla-y-chujlluta\/"},"author":{"name":"webman","@id":"https:\/\/dev.explora.cl\/aricayparinacota\/#\/schema\/person\/cb8349c13ea2d324080adf8480d7ba5d"},"headline":"Historias de vida en las escuelas de Cosapilla y Chujlluta","datePublished":"2017-06-15T00:00:00+00:00","dateModified":"2019-05-09T21:08:33+00:00","mainEntityOfPage":{"@id":"https:\/\/dev.explora.cl\/aricayparinacota\/historias-de-vida-en-las-escuelas-de-cosapilla-y-chujlluta\/"},"wordCount":649,"commentCount":0,"publisher":{"@id":"https:\/\/dev.explora.cl\/aricayparinacota\/#organization"},"image":{"@id":"https:\/\/dev.explora.cl\/aricayparinacota\/historias-de-vida-en-las-escuelas-de-cosapilla-y-chujlluta\/#primaryimage"},"thumbnailUrl":"https:\/\/dev.explora.cl\/aricayparinacota\/wp-content\/uploads\/sites\/2\/2018\/06\/Miniatura-Cosapilla-Chujlluta.jpg","articleSection":["Noticias"],"inLanguage":"es-CL","potentialAction":[{"@type":"CommentAction","name":"Comment","target":["https:\/\/dev.explora.cl\/aricayparinacota\/historias-de-vida-en-las-escuelas-de-cosapilla-y-chujlluta\/#respond"]}]},{"@type":"WebPage","@id":"https:\/\/dev.explora.cl\/aricayparinacota\/historias-de-vida-en-las-escuelas-de-cosapilla-y-chujlluta\/","url":"https:\/\/dev.explora.cl\/aricayparinacota\/historias-de-vida-en-las-escuelas-de-cosapilla-y-chujlluta\/","name":"Historias de vida en las escuelas de Cosapilla y Chujlluta - Arica y Parinacota","isPartOf":{"@id":"https:\/\/dev.explora.cl\/aricayparinacota\/#website"},"primaryImageOfPage":{"@id":"https:\/\/dev.explora.cl\/aricayparinacota\/historias-de-vida-en-las-escuelas-de-cosapilla-y-chujlluta\/#primaryimage"},"image":{"@id":"https:\/\/dev.explora.cl\/aricayparinacota\/historias-de-vida-en-las-escuelas-de-cosapilla-y-chujlluta\/#primaryimage"},"thumbnailUrl":"https:\/\/dev.explora.cl\/aricayparinacota\/wp-content\/uploads\/sites\/2\/2018\/06\/Miniatura-Cosapilla-Chujlluta.jpg","datePublished":"2017-06-15T00:00:00+00:00","dateModified":"2019-05-09T21:08:33+00:00","breadcrumb":{"@id":"https:\/\/dev.explora.cl\/aricayparinacota\/historias-de-vida-en-las-escuelas-de-cosapilla-y-chujlluta\/#breadcrumb"},"inLanguage":"es-CL","potentialAction":[{"@type":"ReadAction","target":["https:\/\/dev.explora.cl\/aricayparinacota\/historias-de-vida-en-las-escuelas-de-cosapilla-y-chujlluta\/"]}]},{"@type":"ImageObject","inLanguage":"es-CL","@id":"https:\/\/dev.explora.cl\/aricayparinacota\/historias-de-vida-en-las-escuelas-de-cosapilla-y-chujlluta\/#primaryimage","url":"https:\/\/dev.explora.cl\/aricayparinacota\/wp-content\/uploads\/sites\/2\/2018\/06\/Miniatura-Cosapilla-Chujlluta.jpg","contentUrl":"https:\/\/dev.explora.cl\/aricayparinacota\/wp-content\/uploads\/sites\/2\/2018\/06\/Miniatura-Cosapilla-Chujlluta.jpg","width":223,"height":147},{"@type":"BreadcrumbList","@id":"https:\/\/dev.explora.cl\/aricayparinacota\/historias-de-vida-en-las-escuelas-de-cosapilla-y-chujlluta\/#breadcrumb","itemListElement":[{"@type":"ListItem","position":1,"name":"Portada","item":"https:\/\/dev.explora.cl\/aricayparinacota\/"},{"@type":"ListItem","position":2,"name":"Historias de vida en las escuelas de Cosapilla y Chujlluta"}]},{"@type":"WebSite","@id":"https:\/\/dev.explora.cl\/aricayparinacota\/#website","url":"https:\/\/dev.explora.cl\/aricayparinacota\/","name":"Arica y Parinacota","description":"Otro sitio m\u00e1s de dev.explora.cl","publisher":{"@id":"https:\/\/dev.explora.cl\/aricayparinacota\/#organization"},"potentialAction":[{"@type":"SearchAction","target":{"@type":"EntryPoint","urlTemplate":"https:\/\/dev.explora.cl\/aricayparinacota\/?s={search_term_string}"},"query-input":{"@type":"PropertyValueSpecification","valueRequired":true,"valueName":"search_term_string"}}],"inLanguage":"es-CL"},{"@type":"Organization","@id":"https:\/\/dev.explora.cl\/aricayparinacota\/#organization","name":"Arica y Parinacota","url":"https:\/\/dev.explora.cl\/aricayparinacota\/","logo":{"@type":"ImageObject","inLanguage":"es-CL","@id":"https:\/\/dev.explora.cl\/aricayparinacota\/#\/schema\/logo\/image\/","url":"https:\/\/dev.explora.cl\/aricayparinacota\/wp-content\/uploads\/sites\/2\/2020\/08\/cropped-nuevosa-logos-11.png","contentUrl":"https:\/\/dev.explora.cl\/aricayparinacota\/wp-content\/uploads\/sites\/2\/2020\/08\/cropped-nuevosa-logos-11.png","width":812,"height":937,"caption":"Arica y Parinacota"},"image":{"@id":"https:\/\/dev.explora.cl\/aricayparinacota\/#\/schema\/logo\/image\/"}},{"@type":"Person","@id":"https:\/\/dev.explora.cl\/aricayparinacota\/#\/schema\/person\/cb8349c13ea2d324080adf8480d7ba5d","name":"webman","image":{"@type":"ImageObject","inLanguage":"es-CL","@id":"https:\/\/dev.explora.cl\/aricayparinacota\/#\/schema\/person\/image\/","url":"https:\/\/secure.gravatar.com\/avatar\/eeff3c82f2c02f7177d13663b7e6f890e9a6a0647ce9bb29cae02dcb094c7312?s=96&d=mm&r=g","contentUrl":"https:\/\/secure.gravatar.com\/avatar\/eeff3c82f2c02f7177d13663b7e6f890e9a6a0647ce9bb29cae02dcb094c7312?s=96&d=mm&r=g","caption":"webman"},"url":"https:\/\/dev.explora.cl\/aricayparinacota\/author\/webman\/"}]}},"_links":{"self":[{"href":"https:\/\/dev.explora.cl\/aricayparinacota\/wp-json\/wp\/v2\/posts\/32273","targetHints":{"allow":["GET"]}}],"collection":[{"href":"https:\/\/dev.explora.cl\/aricayparinacota\/wp-json\/wp\/v2\/posts"}],"about":[{"href":"https:\/\/dev.explora.cl\/aricayparinacota\/wp-json\/wp\/v2\/types\/post"}],"author":[{"embeddable":true,"href":"https:\/\/dev.explora.cl\/aricayparinacota\/wp-json\/wp\/v2\/users\/2"}],"replies":[{"embeddable":true,"href":"https:\/\/dev.explora.cl\/aricayparinacota\/wp-json\/wp\/v2\/comments?post=32273"}],"version-history":[{"count":1,"href":"https:\/\/dev.explora.cl\/aricayparinacota\/wp-json\/wp\/v2\/posts\/32273\/revisions"}],"predecessor-version":[{"id":32872,"href":"https:\/\/dev.explora.cl\/aricayparinacota\/wp-json\/wp\/v2\/posts\/32273\/revisions\/32872"}],"wp:featuredmedia":[{"embeddable":true,"href":"https:\/\/dev.explora.cl\/aricayparinacota\/wp-json\/wp\/v2\/media\/32274"}],"wp:attachment":[{"href":"https:\/\/dev.explora.cl\/aricayparinacota\/wp-json\/wp\/v2\/media?parent=32273"}],"wp:term":[{"taxonomy":"category","embeddable":true,"href":"https:\/\/dev.explora.cl\/aricayparinacota\/wp-json\/wp\/v2\/categories?post=32273"},{"taxonomy":"post_tag","embeddable":true,"href":"https:\/\/dev.explora.cl\/aricayparinacota\/wp-json\/wp\/v2\/tags?post=32273"}],"curies":[{"name":"wp","href":"https:\/\/api.w.org\/{rel}","templated":true}]}}