{"id":32270,"date":"2017-06-15T00:00:00","date_gmt":"2017-06-15T00:00:00","guid":{"rendered":"https:\/\/dev.explora.cl\/aricayparinacota\/blog\/2017\/06\/15\/explora-conicyt-promueve-sus-actividades-en-visviri\/"},"modified":"2019-05-09T21:08:24","modified_gmt":"2019-05-09T21:08:24","slug":"explora-conicyt-promueve-sus-actividades-en-visviri","status":"publish","type":"post","link":"https:\/\/dev.explora.cl\/aricayparinacota\/explora-conicyt-promueve-sus-actividades-en-visviri\/","title":{"rendered":"Explora Conicyt promueve sus actividades en Visviri"},"content":{"rendered":"<p>\u00a0<\/p>\n<div id=\":k1\" class=\"ii gt adP adO\" style=\"font-size: 12.8px;direction: ltr;margin: 5px 15px 0px 0px;padding-bottom: 5px;color: #222222;font-family: arial, sans-serif;font-style: normal;font-weight: normal;letter-spacing: normal;text-align: start;text-indent: 0px;text-transform: none;background-color: #ffffff\">\n<div id=\":k0\" class=\"a3s aXjCH m15c9b109a060f861\" style=\"overflow: hidden\">\n<div dir=\"ltr\">\n<div id=\"m_-7298453490131648253divtagdefaultwrapper\" dir=\"ltr\" style=\"font-size: 12pt;color: #000000;font-family: Calibri, Arial, Helvetica, sans-serif\">\n<p class=\"MsoNormal\" style=\"margin: 0px;text-align: justify\"><span style=\"font-size: 12pt;line-height: 18.4px;font-family: Arial, sans-serif\">Hasta el punto m\u00e1s septentrional del pa\u00eds, Visviri, y la comuna m\u00e1s alejada de los centros urbanos regionales, General Lagos, lleg\u00f3 el equipo de Explora Conicyt de la Universidad de Tarapac\u00e1, a promover sus actividades anuales y a invitar a las escuelas a participar en ellas.<u><\/u><u><\/u><\/span><\/p>\n<p class=\"MsoNormal\" style=\"margin: 0px;text-align: justify\"><span style=\"font-size: 12pt;line-height: 18.4px;font-family: Arial, sans-serif\">\u00a0<\/span><\/p>\n<p class=\"MsoNormal\" style=\"margin: 0px;text-align: justify\"><span style=\"font-size: 12pt;line-height: 18.4px;font-family: Arial, sans-serif\">En la Escuela Internado de Visviri hasta el gimnasio techado est\u00e1 herm\u00e9tico, afuera apenas se ve un alma cruzando r\u00e1pidamente de una sala a otra, mientras el viento provoca ruidos de techos que silban a su ritmo.<u><\/u><u><\/u><\/span><\/p>\n<p class=\"MsoNormal\" style=\"margin: 0px;text-align: justify\"><span style=\"font-size: 12pt;line-height: 18.4px;font-family: Arial, sans-serif\">\u00a0<\/span><\/p>\n<p class=\"MsoNormal\" style=\"margin: 0px;text-align: justify\"><span style=\"font-size: 12pt;line-height: 18.4px;font-family: Arial, sans-serif\">Esperamos que la profesora encargada del establecimiento, Emilia Alvarado, realice su clase para conocer los estudiantes de los cuatro cursos de educaci\u00f3n b\u00e1sica existentes: primero y segundo,\u00a0 quinto y sexto, s\u00e9ptimo, octavo; a cargo de cinco profesores, cuatro de aula y uno de religi\u00f3n.<u><\/u><u><\/u><\/span><\/p>\n<p class=\"MsoNormal\" style=\"margin: 0px;text-align: justify\"><span style=\"font-size: 12pt;line-height: 18.4px;font-family: Arial, sans-serif\">\u00a0<\/span><\/p>\n<p class=\"MsoNormal\" style=\"margin: 0px;text-align: justify\"><span style=\"font-size: 12pt;line-height: 18.4px;font-family: Arial, sans-serif\">Es cerca del mediod\u00eda y el viento no se detiene, pero el sol es el protagonista. \u201cCreo que es una gran oportunidad que nos brinda Explora, ya que nuestros ni\u00f1os necesitan desarrollar habilidades cient\u00edficas y necesitamos apoyo en ese sentido\u201d.<u><\/u><u><\/u><\/span><\/p>\n<p class=\"MsoNormal\" style=\"margin: 0px;text-align: justify\"><span style=\"font-size: 12pt;line-height: 18.4px;font-family: Arial, sans-serif\">\u00a0<\/span><\/p>\n<p class=\"MsoNormal\" style=\"margin: 0px;text-align: justify\"><span style=\"font-size: 12pt;line-height: 18.4px;font-family: Arial, sans-serif\">La profesora Emilia evidencia la realidad con que se vive en este lugar<\/span>\u00a0<span style=\"font-size: 12pt;line-height: 18.4px;font-family: Arial, sans-serif\">donde se ubica el volc\u00e1n Tacora y sus azufreras, indicando que les encantar\u00eda que se realizaran talleres a los profesores c\u00f3mo trabajar la ciencia con los ni\u00f1os. \u201cEste a\u00f1o queremos trabajar lo que es ciencia\u201d, indic\u00f3.<u><\/u><u><\/u><\/span><\/p>\n<p class=\"MsoNormal\" style=\"margin: 0px;text-align: justify\"><span style=\"font-size: 12pt;line-height: 18.4px;font-family: Arial, sans-serif\">\u00a0<\/span><\/p>\n<p class=\"MsoNormal\" style=\"margin: 0px;text-align: justify\"><span style=\"font-size: 12pt;line-height: 18.4px;font-family: Arial, sans-serif\">El primer paso ya est\u00e1 dado, y la agenda de actividades se empez\u00f3 a realizar. Los estudiantes del lugar \u201cDonde Nace Chile\u201d, fueron invitados a participar en el Congreso Regional Escolar de Ciencia y Tecnolog\u00eda, con el laboratorio natural del altiplano es posible que todo suceda.<u><\/u><u><\/u><\/span><\/p>\n<p class=\"MsoNormal\" style=\"margin: 0px;text-align: justify\">\u00a0<\/p>\n<p class=\"MsoNormal\" style=\"margin: 0px;text-align: justify\"><span style=\"font-size: 12pt;line-height: 18.4px;font-family: Arial, sans-serif\"><img loading=\"lazy\" decoding=\"async\" class=\" size-full wp-image-26018\" src=\"https:\/\/dev.explora.cl\/wp-content\/uploads\/2017\/06\/Collage-Visviri.jpg\" alt=\"\" width=\"900\" height=\"450\" \/><\/span><\/p>\n<div class=\"yj6qo\">\u00a0<\/div>\n<\/p><\/div>\n<\/p><\/div>\n<\/p><\/div>\n<\/p><\/div>\n","protected":false},"excerpt":{"rendered":"<p>\u00a0 Hasta el punto m\u00e1s septentrional del pa\u00eds, Visviri, y la comuna m\u00e1s alejada de los centros urbanos regionales, General Lagos, lleg\u00f3 el equipo de Explora Conicyt de la Universidad de Tarapac\u00e1, a promover sus actividades anuales y a invitar a las escuelas a participar en ellas. \u00a0 En la Escuela Internado de Visviri hasta [&hellip;]<\/p>\n","protected":false},"author":2,"featured_media":32271,"comment_status":"open","ping_status":"open","sticky":false,"template":"","format":"standard","meta":{"_acf_changed":false,"_exactmetrics_skip_tracking":false,"_exactmetrics_sitenote_active":false,"_exactmetrics_sitenote_note":"","_exactmetrics_sitenote_category":0,"footnotes":"","_links_to":"","_links_to_target":""},"categories":[4],"tags":[],"class_list":["post-32270","post","type-post","status-publish","format-standard","has-post-thumbnail","hentry","category-noticias"],"acf":[],"yoast_head":"<!-- This site is optimized with the Yoast SEO plugin v26.7 - https:\/\/yoast.com\/wordpress\/plugins\/seo\/ -->\n<title>Explora Conicyt promueve sus actividades en Visviri - Arica y Parinacota<\/title>\n<meta name=\"robots\" content=\"index, follow, max-snippet:-1, max-image-preview:large, max-video-preview:-1\" \/>\n<link rel=\"canonical\" href=\"https:\/\/dev.explora.cl\/aricayparinacota\/explora-conicyt-promueve-sus-actividades-en-visviri\/\" class=\"yoast-seo-meta-tag\" \/>\n<meta property=\"og:locale\" content=\"es_ES\" class=\"yoast-seo-meta-tag\" \/>\n<meta property=\"og:type\" content=\"article\" class=\"yoast-seo-meta-tag\" \/>\n<meta property=\"og:title\" content=\"Explora Conicyt promueve sus actividades en Visviri - Arica y Parinacota\" class=\"yoast-seo-meta-tag\" \/>\n<meta property=\"og:description\" content=\"\u00a0 Hasta el punto m\u00e1s septentrional del pa\u00eds, Visviri, y la comuna m\u00e1s alejada de los centros urbanos regionales, General Lagos, lleg\u00f3 el equipo de Explora Conicyt de la Universidad de Tarapac\u00e1, a promover sus actividades anuales y a invitar a las escuelas a participar en ellas. \u00a0 En la Escuela Internado de Visviri hasta [&hellip;]\" class=\"yoast-seo-meta-tag\" \/>\n<meta property=\"og:url\" content=\"https:\/\/dev.explora.cl\/aricayparinacota\/explora-conicyt-promueve-sus-actividades-en-visviri\/\" class=\"yoast-seo-meta-tag\" \/>\n<meta property=\"og:site_name\" content=\"Arica y Parinacota\" class=\"yoast-seo-meta-tag\" \/>\n<meta property=\"article:published_time\" content=\"2017-06-15T00:00:00+00:00\" class=\"yoast-seo-meta-tag\" \/>\n<meta property=\"article:modified_time\" content=\"2019-05-09T21:08:24+00:00\" class=\"yoast-seo-meta-tag\" \/>\n<meta property=\"og:image\" content=\"https:\/\/dev.explora.cl\/aricayparinacota\/wp-content\/uploads\/sites\/2\/2018\/06\/Miniatura-Visviri.jpg\" class=\"yoast-seo-meta-tag\" \/>\n\t<meta property=\"og:image:width\" content=\"223\" class=\"yoast-seo-meta-tag\" \/>\n\t<meta property=\"og:image:height\" content=\"147\" class=\"yoast-seo-meta-tag\" \/>\n\t<meta property=\"og:image:type\" content=\"image\/jpeg\" class=\"yoast-seo-meta-tag\" \/>\n<meta name=\"author\" content=\"webman\" class=\"yoast-seo-meta-tag\" \/>\n<meta name=\"twitter:card\" content=\"summary_large_image\" class=\"yoast-seo-meta-tag\" \/>\n<meta name=\"twitter:label1\" content=\"Escrito por\" class=\"yoast-seo-meta-tag\" \/>\n\t<meta name=\"twitter:data1\" content=\"webman\" class=\"yoast-seo-meta-tag\" \/>\n\t<meta name=\"twitter:label2\" content=\"Tiempo estimado de lectura\" class=\"yoast-seo-meta-tag\" \/>\n\t<meta name=\"twitter:data2\" content=\"1 minuto\" class=\"yoast-seo-meta-tag\" \/>\n<script type=\"application\/ld+json\" class=\"yoast-schema-graph\">{\"@context\":\"https:\/\/schema.org\",\"@graph\":[{\"@type\":\"Article\",\"@id\":\"https:\/\/dev.explora.cl\/aricayparinacota\/explora-conicyt-promueve-sus-actividades-en-visviri\/#article\",\"isPartOf\":{\"@id\":\"https:\/\/dev.explora.cl\/aricayparinacota\/explora-conicyt-promueve-sus-actividades-en-visviri\/\"},\"author\":{\"name\":\"webman\",\"@id\":\"https:\/\/dev.explora.cl\/aricayparinacota\/#\/schema\/person\/cb8349c13ea2d324080adf8480d7ba5d\"},\"headline\":\"Explora Conicyt promueve sus actividades en Visviri\",\"datePublished\":\"2017-06-15T00:00:00+00:00\",\"dateModified\":\"2019-05-09T21:08:24+00:00\",\"mainEntityOfPage\":{\"@id\":\"https:\/\/dev.explora.cl\/aricayparinacota\/explora-conicyt-promueve-sus-actividades-en-visviri\/\"},\"wordCount\":287,\"commentCount\":0,\"publisher\":{\"@id\":\"https:\/\/dev.explora.cl\/aricayparinacota\/#organization\"},\"image\":{\"@id\":\"https:\/\/dev.explora.cl\/aricayparinacota\/explora-conicyt-promueve-sus-actividades-en-visviri\/#primaryimage\"},\"thumbnailUrl\":\"https:\/\/dev.explora.cl\/aricayparinacota\/wp-content\/uploads\/sites\/2\/2018\/06\/Miniatura-Visviri.jpg\",\"articleSection\":[\"Noticias\"],\"inLanguage\":\"es-CL\",\"potentialAction\":[{\"@type\":\"CommentAction\",\"name\":\"Comment\",\"target\":[\"https:\/\/dev.explora.cl\/aricayparinacota\/explora-conicyt-promueve-sus-actividades-en-visviri\/#respond\"]}]},{\"@type\":\"WebPage\",\"@id\":\"https:\/\/dev.explora.cl\/aricayparinacota\/explora-conicyt-promueve-sus-actividades-en-visviri\/\",\"url\":\"https:\/\/dev.explora.cl\/aricayparinacota\/explora-conicyt-promueve-sus-actividades-en-visviri\/\",\"name\":\"Explora Conicyt promueve sus actividades en Visviri - Arica y Parinacota\",\"isPartOf\":{\"@id\":\"https:\/\/dev.explora.cl\/aricayparinacota\/#website\"},\"primaryImageOfPage\":{\"@id\":\"https:\/\/dev.explora.cl\/aricayparinacota\/explora-conicyt-promueve-sus-actividades-en-visviri\/#primaryimage\"},\"image\":{\"@id\":\"https:\/\/dev.explora.cl\/aricayparinacota\/explora-conicyt-promueve-sus-actividades-en-visviri\/#primaryimage\"},\"thumbnailUrl\":\"https:\/\/dev.explora.cl\/aricayparinacota\/wp-content\/uploads\/sites\/2\/2018\/06\/Miniatura-Visviri.jpg\",\"datePublished\":\"2017-06-15T00:00:00+00:00\",\"dateModified\":\"2019-05-09T21:08:24+00:00\",\"breadcrumb\":{\"@id\":\"https:\/\/dev.explora.cl\/aricayparinacota\/explora-conicyt-promueve-sus-actividades-en-visviri\/#breadcrumb\"},\"inLanguage\":\"es-CL\",\"potentialAction\":[{\"@type\":\"ReadAction\",\"target\":[\"https:\/\/dev.explora.cl\/aricayparinacota\/explora-conicyt-promueve-sus-actividades-en-visviri\/\"]}]},{\"@type\":\"ImageObject\",\"inLanguage\":\"es-CL\",\"@id\":\"https:\/\/dev.explora.cl\/aricayparinacota\/explora-conicyt-promueve-sus-actividades-en-visviri\/#primaryimage\",\"url\":\"https:\/\/dev.explora.cl\/aricayparinacota\/wp-content\/uploads\/sites\/2\/2018\/06\/Miniatura-Visviri.jpg\",\"contentUrl\":\"https:\/\/dev.explora.cl\/aricayparinacota\/wp-content\/uploads\/sites\/2\/2018\/06\/Miniatura-Visviri.jpg\",\"width\":223,\"height\":147},{\"@type\":\"BreadcrumbList\",\"@id\":\"https:\/\/dev.explora.cl\/aricayparinacota\/explora-conicyt-promueve-sus-actividades-en-visviri\/#breadcrumb\",\"itemListElement\":[{\"@type\":\"ListItem\",\"position\":1,\"name\":\"Portada\",\"item\":\"https:\/\/dev.explora.cl\/aricayparinacota\/\"},{\"@type\":\"ListItem\",\"position\":2,\"name\":\"Explora Conicyt promueve sus actividades en Visviri\"}]},{\"@type\":\"WebSite\",\"@id\":\"https:\/\/dev.explora.cl\/aricayparinacota\/#website\",\"url\":\"https:\/\/dev.explora.cl\/aricayparinacota\/\",\"name\":\"Arica y Parinacota\",\"description\":\"Otro sitio m\u00e1s de dev.explora.cl\",\"publisher\":{\"@id\":\"https:\/\/dev.explora.cl\/aricayparinacota\/#organization\"},\"potentialAction\":[{\"@type\":\"SearchAction\",\"target\":{\"@type\":\"EntryPoint\",\"urlTemplate\":\"https:\/\/dev.explora.cl\/aricayparinacota\/?s={search_term_string}\"},\"query-input\":{\"@type\":\"PropertyValueSpecification\",\"valueRequired\":true,\"valueName\":\"search_term_string\"}}],\"inLanguage\":\"es-CL\"},{\"@type\":\"Organization\",\"@id\":\"https:\/\/dev.explora.cl\/aricayparinacota\/#organization\",\"name\":\"Arica y Parinacota\",\"url\":\"https:\/\/dev.explora.cl\/aricayparinacota\/\",\"logo\":{\"@type\":\"ImageObject\",\"inLanguage\":\"es-CL\",\"@id\":\"https:\/\/dev.explora.cl\/aricayparinacota\/#\/schema\/logo\/image\/\",\"url\":\"https:\/\/dev.explora.cl\/aricayparinacota\/wp-content\/uploads\/sites\/2\/2020\/08\/cropped-nuevosa-logos-11.png\",\"contentUrl\":\"https:\/\/dev.explora.cl\/aricayparinacota\/wp-content\/uploads\/sites\/2\/2020\/08\/cropped-nuevosa-logos-11.png\",\"width\":812,\"height\":937,\"caption\":\"Arica y Parinacota\"},\"image\":{\"@id\":\"https:\/\/dev.explora.cl\/aricayparinacota\/#\/schema\/logo\/image\/\"}},{\"@type\":\"Person\",\"@id\":\"https:\/\/dev.explora.cl\/aricayparinacota\/#\/schema\/person\/cb8349c13ea2d324080adf8480d7ba5d\",\"name\":\"webman\",\"image\":{\"@type\":\"ImageObject\",\"inLanguage\":\"es-CL\",\"@id\":\"https:\/\/dev.explora.cl\/aricayparinacota\/#\/schema\/person\/image\/\",\"url\":\"https:\/\/secure.gravatar.com\/avatar\/eeff3c82f2c02f7177d13663b7e6f890e9a6a0647ce9bb29cae02dcb094c7312?s=96&d=mm&r=g\",\"contentUrl\":\"https:\/\/secure.gravatar.com\/avatar\/eeff3c82f2c02f7177d13663b7e6f890e9a6a0647ce9bb29cae02dcb094c7312?s=96&d=mm&r=g\",\"caption\":\"webman\"},\"url\":\"https:\/\/dev.explora.cl\/aricayparinacota\/author\/webman\/\"}]}<\/script>\n<!-- \/ Yoast SEO plugin. -->","yoast_head_json":{"title":"Explora Conicyt promueve sus actividades en Visviri - Arica y Parinacota","robots":{"index":"index","follow":"follow","max-snippet":"max-snippet:-1","max-image-preview":"max-image-preview:large","max-video-preview":"max-video-preview:-1"},"canonical":"https:\/\/dev.explora.cl\/aricayparinacota\/explora-conicyt-promueve-sus-actividades-en-visviri\/","og_locale":"es_ES","og_type":"article","og_title":"Explora Conicyt promueve sus actividades en Visviri - Arica y Parinacota","og_description":"\u00a0 Hasta el punto m\u00e1s septentrional del pa\u00eds, Visviri, y la comuna m\u00e1s alejada de los centros urbanos regionales, General Lagos, lleg\u00f3 el equipo de Explora Conicyt de la Universidad de Tarapac\u00e1, a promover sus actividades anuales y a invitar a las escuelas a participar en ellas. \u00a0 En la Escuela Internado de Visviri hasta [&hellip;]","og_url":"https:\/\/dev.explora.cl\/aricayparinacota\/explora-conicyt-promueve-sus-actividades-en-visviri\/","og_site_name":"Arica y Parinacota","article_published_time":"2017-06-15T00:00:00+00:00","article_modified_time":"2019-05-09T21:08:24+00:00","og_image":[{"width":223,"height":147,"url":"https:\/\/dev.explora.cl\/aricayparinacota\/wp-content\/uploads\/sites\/2\/2018\/06\/Miniatura-Visviri.jpg","type":"image\/jpeg"}],"author":"webman","twitter_card":"summary_large_image","twitter_misc":{"Escrito por":"webman","Tiempo estimado de lectura":"1 minuto"},"schema":{"@context":"https:\/\/schema.org","@graph":[{"@type":"Article","@id":"https:\/\/dev.explora.cl\/aricayparinacota\/explora-conicyt-promueve-sus-actividades-en-visviri\/#article","isPartOf":{"@id":"https:\/\/dev.explora.cl\/aricayparinacota\/explora-conicyt-promueve-sus-actividades-en-visviri\/"},"author":{"name":"webman","@id":"https:\/\/dev.explora.cl\/aricayparinacota\/#\/schema\/person\/cb8349c13ea2d324080adf8480d7ba5d"},"headline":"Explora Conicyt promueve sus actividades en Visviri","datePublished":"2017-06-15T00:00:00+00:00","dateModified":"2019-05-09T21:08:24+00:00","mainEntityOfPage":{"@id":"https:\/\/dev.explora.cl\/aricayparinacota\/explora-conicyt-promueve-sus-actividades-en-visviri\/"},"wordCount":287,"commentCount":0,"publisher":{"@id":"https:\/\/dev.explora.cl\/aricayparinacota\/#organization"},"image":{"@id":"https:\/\/dev.explora.cl\/aricayparinacota\/explora-conicyt-promueve-sus-actividades-en-visviri\/#primaryimage"},"thumbnailUrl":"https:\/\/dev.explora.cl\/aricayparinacota\/wp-content\/uploads\/sites\/2\/2018\/06\/Miniatura-Visviri.jpg","articleSection":["Noticias"],"inLanguage":"es-CL","potentialAction":[{"@type":"CommentAction","name":"Comment","target":["https:\/\/dev.explora.cl\/aricayparinacota\/explora-conicyt-promueve-sus-actividades-en-visviri\/#respond"]}]},{"@type":"WebPage","@id":"https:\/\/dev.explora.cl\/aricayparinacota\/explora-conicyt-promueve-sus-actividades-en-visviri\/","url":"https:\/\/dev.explora.cl\/aricayparinacota\/explora-conicyt-promueve-sus-actividades-en-visviri\/","name":"Explora Conicyt promueve sus actividades en Visviri - Arica y Parinacota","isPartOf":{"@id":"https:\/\/dev.explora.cl\/aricayparinacota\/#website"},"primaryImageOfPage":{"@id":"https:\/\/dev.explora.cl\/aricayparinacota\/explora-conicyt-promueve-sus-actividades-en-visviri\/#primaryimage"},"image":{"@id":"https:\/\/dev.explora.cl\/aricayparinacota\/explora-conicyt-promueve-sus-actividades-en-visviri\/#primaryimage"},"thumbnailUrl":"https:\/\/dev.explora.cl\/aricayparinacota\/wp-content\/uploads\/sites\/2\/2018\/06\/Miniatura-Visviri.jpg","datePublished":"2017-06-15T00:00:00+00:00","dateModified":"2019-05-09T21:08:24+00:00","breadcrumb":{"@id":"https:\/\/dev.explora.cl\/aricayparinacota\/explora-conicyt-promueve-sus-actividades-en-visviri\/#breadcrumb"},"inLanguage":"es-CL","potentialAction":[{"@type":"ReadAction","target":["https:\/\/dev.explora.cl\/aricayparinacota\/explora-conicyt-promueve-sus-actividades-en-visviri\/"]}]},{"@type":"ImageObject","inLanguage":"es-CL","@id":"https:\/\/dev.explora.cl\/aricayparinacota\/explora-conicyt-promueve-sus-actividades-en-visviri\/#primaryimage","url":"https:\/\/dev.explora.cl\/aricayparinacota\/wp-content\/uploads\/sites\/2\/2018\/06\/Miniatura-Visviri.jpg","contentUrl":"https:\/\/dev.explora.cl\/aricayparinacota\/wp-content\/uploads\/sites\/2\/2018\/06\/Miniatura-Visviri.jpg","width":223,"height":147},{"@type":"BreadcrumbList","@id":"https:\/\/dev.explora.cl\/aricayparinacota\/explora-conicyt-promueve-sus-actividades-en-visviri\/#breadcrumb","itemListElement":[{"@type":"ListItem","position":1,"name":"Portada","item":"https:\/\/dev.explora.cl\/aricayparinacota\/"},{"@type":"ListItem","position":2,"name":"Explora Conicyt promueve sus actividades en Visviri"}]},{"@type":"WebSite","@id":"https:\/\/dev.explora.cl\/aricayparinacota\/#website","url":"https:\/\/dev.explora.cl\/aricayparinacota\/","name":"Arica y Parinacota","description":"Otro sitio m\u00e1s de dev.explora.cl","publisher":{"@id":"https:\/\/dev.explora.cl\/aricayparinacota\/#organization"},"potentialAction":[{"@type":"SearchAction","target":{"@type":"EntryPoint","urlTemplate":"https:\/\/dev.explora.cl\/aricayparinacota\/?s={search_term_string}"},"query-input":{"@type":"PropertyValueSpecification","valueRequired":true,"valueName":"search_term_string"}}],"inLanguage":"es-CL"},{"@type":"Organization","@id":"https:\/\/dev.explora.cl\/aricayparinacota\/#organization","name":"Arica y Parinacota","url":"https:\/\/dev.explora.cl\/aricayparinacota\/","logo":{"@type":"ImageObject","inLanguage":"es-CL","@id":"https:\/\/dev.explora.cl\/aricayparinacota\/#\/schema\/logo\/image\/","url":"https:\/\/dev.explora.cl\/aricayparinacota\/wp-content\/uploads\/sites\/2\/2020\/08\/cropped-nuevosa-logos-11.png","contentUrl":"https:\/\/dev.explora.cl\/aricayparinacota\/wp-content\/uploads\/sites\/2\/2020\/08\/cropped-nuevosa-logos-11.png","width":812,"height":937,"caption":"Arica y Parinacota"},"image":{"@id":"https:\/\/dev.explora.cl\/aricayparinacota\/#\/schema\/logo\/image\/"}},{"@type":"Person","@id":"https:\/\/dev.explora.cl\/aricayparinacota\/#\/schema\/person\/cb8349c13ea2d324080adf8480d7ba5d","name":"webman","image":{"@type":"ImageObject","inLanguage":"es-CL","@id":"https:\/\/dev.explora.cl\/aricayparinacota\/#\/schema\/person\/image\/","url":"https:\/\/secure.gravatar.com\/avatar\/eeff3c82f2c02f7177d13663b7e6f890e9a6a0647ce9bb29cae02dcb094c7312?s=96&d=mm&r=g","contentUrl":"https:\/\/secure.gravatar.com\/avatar\/eeff3c82f2c02f7177d13663b7e6f890e9a6a0647ce9bb29cae02dcb094c7312?s=96&d=mm&r=g","caption":"webman"},"url":"https:\/\/dev.explora.cl\/aricayparinacota\/author\/webman\/"}]}},"_links":{"self":[{"href":"https:\/\/dev.explora.cl\/aricayparinacota\/wp-json\/wp\/v2\/posts\/32270","targetHints":{"allow":["GET"]}}],"collection":[{"href":"https:\/\/dev.explora.cl\/aricayparinacota\/wp-json\/wp\/v2\/posts"}],"about":[{"href":"https:\/\/dev.explora.cl\/aricayparinacota\/wp-json\/wp\/v2\/types\/post"}],"author":[{"embeddable":true,"href":"https:\/\/dev.explora.cl\/aricayparinacota\/wp-json\/wp\/v2\/users\/2"}],"replies":[{"embeddable":true,"href":"https:\/\/dev.explora.cl\/aricayparinacota\/wp-json\/wp\/v2\/comments?post=32270"}],"version-history":[{"count":1,"href":"https:\/\/dev.explora.cl\/aricayparinacota\/wp-json\/wp\/v2\/posts\/32270\/revisions"}],"predecessor-version":[{"id":32871,"href":"https:\/\/dev.explora.cl\/aricayparinacota\/wp-json\/wp\/v2\/posts\/32270\/revisions\/32871"}],"wp:featuredmedia":[{"embeddable":true,"href":"https:\/\/dev.explora.cl\/aricayparinacota\/wp-json\/wp\/v2\/media\/32271"}],"wp:attachment":[{"href":"https:\/\/dev.explora.cl\/aricayparinacota\/wp-json\/wp\/v2\/media?parent=32270"}],"wp:term":[{"taxonomy":"category","embeddable":true,"href":"https:\/\/dev.explora.cl\/aricayparinacota\/wp-json\/wp\/v2\/categories?post=32270"},{"taxonomy":"post_tag","embeddable":true,"href":"https:\/\/dev.explora.cl\/aricayparinacota\/wp-json\/wp\/v2\/tags?post=32270"}],"curies":[{"name":"wp","href":"https:\/\/api.w.org\/{rel}","templated":true}]}}