{"id":32251,"date":"2017-05-18T00:00:00","date_gmt":"2017-05-18T00:00:00","guid":{"rendered":"https:\/\/dev.explora.cl\/aricayparinacota\/blog\/2017\/05\/18\/director-ejecutivo-de-conicyt-entrega-agenda-de-plantas-nativas-a-alumnos-ariquenos\/"},"modified":"2019-05-09T21:09:30","modified_gmt":"2019-05-09T21:09:30","slug":"director-ejecutivo-de-conicyt-entrega-agenda-de-plantas-nativas-a-alumnos-ariquenos","status":"publish","type":"post","link":"https:\/\/dev.explora.cl\/aricayparinacota\/director-ejecutivo-de-conicyt-entrega-agenda-de-plantas-nativas-a-alumnos-ariquenos\/","title":{"rendered":"Director ejecutivo de Conicyt entrega agenda de plantas nativas a alumnos arique\u00f1os"},"content":{"rendered":"<ul style=\"color: #000000;font-family: Calibri, Arial, Helvetica, sans-serif;font-size: 16px;margin-bottom: 0px;margin-top: 0px\">\n<li style=\"margin-left: 15px\"><span style=\"font-size: 12pt;line-height: 18.4px;font-family: Arial, Helvetica, sans-serif\">Para terminar un proceso iniciado el a\u00f1o 2016, con el Taller de Plantas Nativas, realizado por el Programa Asociativo Regional Explora de CONICYT Arica y Parinacota, de la Universidad de Tarapac\u00e1, se entreg\u00f3 una agenda originada por alumnos de s\u00e9ptimo y octavo a\u00f1o b\u00e1sico de la Escuela<\/span><span style=\"font-size: 12pt;font-family: Arial, Helvetica, sans-serif\">\u00a0<\/span><span style=\"font-size: 12pt;line-height: 18.4px;font-family: Arial, Helvetica, sans-serif\">Comandante Juan Jos\u00e9 San Mart\u00edn de Arica.<\/span><\/li>\n<\/ul>\n<p style=\"margin-top: 0px;margin-bottom: 0px;color: #000000;font-family: Calibri, Arial, Helvetica, sans-serif;font-size: 16px\">\u00a0<\/p>\n<p class=\"MsoNormal\" style=\"margin: 0px;color: #000000;font-family: Calibri, Arial, Helvetica, sans-serif;font-size: 16px;text-align: justify\"><span style=\"font-size: 12pt;line-height: 18.4px;font-family: Arial, sans-serif\">\u00a0<\/span><\/p>\n<p class=\"MsoNormal\" style=\"margin: 0px;color: #000000;font-family: Calibri, Arial, Helvetica, sans-serif;font-size: 16px;text-align: justify\"><span style=\"font-size: 12pt;line-height: 18.4px;font-family: Arial, sans-serif\">Con la presencia de los alumnos de la Escuela Comandante Juan Jos\u00e9 San Mart\u00edn de Arica, participantes en el proceso de construcci\u00f3n de una agenda, resultado del Taller de Plantas Nativas dictado el a\u00f1o 2016 por el Programa Asociativo Regional Explora de CONICYT Arica y Parinacota, se realiz\u00f3 el cierre de esta actividad, que involucr\u00f3 a la comunidad depositaria de saberes locales, profesores y alumnos.<u><\/u><u><\/u><\/span><\/p>\n<p class=\"MsoNormal\" style=\"margin: 0px;color: #000000;font-family: Calibri, Arial, Helvetica, sans-serif;font-size: 16px;text-align: justify\"><span style=\"font-size: 12pt;line-height: 18.4px;font-family: Arial, sans-serif\">\u00a0<\/span><\/p>\n<p class=\"MsoNormal\" style=\"margin: 0px;color: #000000;font-family: Calibri, Arial, Helvetica, sans-serif;font-size: 16px;text-align: justify\"><span style=\"font-size: 12pt;line-height: 18.4px;font-family: Arial, sans-serif\">En la oportunidad asisti\u00f3 el Director Ejecutivo de CONICYT, Christian Nicolai; quien hizo entrega de un Newletter y las agendas del taller a los alumnos y directivos del establecimiento.<u><\/u><u><\/u><\/span><\/p>\n<p class=\"MsoNormal\" style=\"margin: 0px;color: #000000;font-family: Calibri, Arial, Helvetica, sans-serif;font-size: 16px;text-align: justify\"><span style=\"font-size: 12pt;line-height: 18.4px;font-family: Arial, sans-serif\">\u00a0<\/span><\/p>\n<p class=\"MsoNormal\" style=\"margin: 0px;color: #000000;font-family: Calibri, Arial, Helvetica, sans-serif;font-size: 16px;text-align: justify\"><span style=\"font-size: 12pt;line-height: 18.4px;font-family: Arial, sans-serif\">TALLER DE PLANTAS NATIVAS<u><\/u><u><\/u><\/span><\/p>\n<p class=\"MsoNormal\" style=\"margin: 0px;color: #000000;font-family: Calibri, Arial, Helvetica, sans-serif;font-size: 16px;text-align: justify\"><span style=\"font-size: 12pt;line-height: 18.4px;font-family: Arial, sans-serif\">\u00a0<\/span><\/p>\n<p class=\"MsoNormal\" style=\"margin: 0px;color: #000000;font-family: Calibri, Arial, Helvetica, sans-serif;font-size: 16px;text-align: justify\"><span style=\"font-size: 12pt;line-height: 18.4px;font-family: Arial, sans-serif\">El taller se inici\u00f3 con el rescate, traspaso y salvaguardia de saberes ancestrales, en la zona de precordillera y altiplano con adultos mayores y cient\u00edficos; luego el an\u00e1lisis de la informaci\u00f3n por parte de sabios andinos (yatiris y kollyris), adem\u00e1s de recolecci\u00f3n de plantas nativas para uso medicinal que se encuentran en nuestro altiplano, levantamiento de fichas t\u00e9cnicas y sensibilizaci\u00f3n\u00a0 de los estudiantes con la investigaci\u00f3n y el saber ancestral.<u><\/u><u><\/u><\/span><\/p>\n<p class=\"MsoNormal\" style=\"margin: 0px;color: #000000;font-family: Calibri, Arial, Helvetica, sans-serif;font-size: 16px;text-align: justify\"><span style=\"font-size: 12pt;line-height: 18.4px;font-family: Arial, sans-serif\">\u00a0<\/span><\/p>\n<p class=\"MsoNormal\" style=\"margin: 0px;color: #000000;font-family: Calibri, Arial, Helvetica, sans-serif;font-size: 16px;text-align: justify\"><span style=\"font-size: 12pt;line-height: 18.4px;font-family: Arial, sans-serif\">La actividad incluy\u00f3 la visita a laboratorios del Centro de Investigaci\u00f3n del Hombre en el Desierto, donde conocieron las t\u00e9cnicas tanto qu\u00edmicas como celulares aplicadas a la planta, con el objeto de evaluar su efectividad en tratamiento de enfermedades relevantes en la poblaci\u00f3n.<u><\/u><u><\/u><\/span><\/p>\n<p class=\"MsoNormal\" style=\"margin: 0px;color: #000000;font-family: Calibri, Arial, Helvetica, sans-serif;font-size: 16px;text-align: justify\"><span style=\"font-size: 12pt;line-height: 18.4px;font-family: Arial, sans-serif\">\u00a0<\/span><\/p>\n<p class=\"MsoNormal\" style=\"margin: 0px;color: #000000;font-family: Calibri, Arial, Helvetica, sans-serif;font-size: 16px;text-align: justify\"><span style=\"font-size: 12pt;line-height: 18.4px;font-family: Arial, sans-serif\">Finalmente los alumnos acordaron desarrollar una agenda como una forma de divulgar la experiencia a otras personas. Fue este producto que convoc\u00f3 a Christian Nicolai, Director Ejecutivo de CONICYT; Yurilev Chalco, Director Investigaci\u00f3n, Postgrado y Transferencia Tecnol\u00f3gica Universidad de Tarapac\u00e1; M\u00f3nica Navarrete, Directora del PAR Explora de CONICYT Arica y Parinacota; Sergio Gonz\u00e1lez, Premio Nacional de Historia; Claudio Parra, investigador del Centro de Investigaciones del Hombre en el Desierto (CIHDE); Omar Garc\u00eda, Director del establecimiento; las profesoras Antonella Botetano y Amelia Humire, y estudiantes de 8\u00b0 b\u00e1sico.<u><\/u><u><\/u><\/span><\/p>\n<p class=\"MsoNormal\" style=\"margin: 0px;color: #000000;font-family: Calibri, Arial, Helvetica, sans-serif;font-size: 16px;text-align: justify\"><span style=\"font-size: 12pt;line-height: 18.4px;font-family: Arial, sans-serif\">\u00a0<\/span><\/p>\n<p>\u00a0<\/p>\n<p class=\"MsoNormal\" style=\"margin: 0px;color: #000000;font-family: Calibri, Arial, Helvetica, sans-serif;font-size: 16px;text-align: justify\"><span style=\"font-size: 12pt;line-height: 18.4px;font-family: Arial, sans-serif\">La ceremonia de entrega de las agendas incluy\u00f3 una \u00a0jornada de arborizaci\u00f3n, en la que particip\u00f3 el director ejecutivo de CONICYT con los alumnos de la escuela, incorporando una nueva planta de hibisco en el jard\u00edn donde a\u00fan se mantienen vigorosas las plantas nativas tra\u00eddas de\u00a0 la precordillera.<\/span><\/p>\n<p class=\"MsoNormal\" style=\"margin: 0px;color: #000000;font-family: Calibri, Arial, Helvetica, sans-serif;font-size: 16px;text-align: justify\">\u00a0<\/p>\n<p class=\"MsoNormal\" style=\"margin: 0px;color: #000000;font-family: Calibri, Arial, Helvetica, sans-serif;font-size: 16px;text-align: center\"><span style=\"font-size: 12pt;line-height: 18.4px;font-family: Arial, sans-serif\"><img loading=\"lazy\" decoding=\"async\" class=\" size-full wp-image-25297\" src=\"https:\/\/dev.explora.cl\/wp-content\/uploads\/2017\/05\/Collage-Visita-Nicolai.jpg\" alt=\"\" width=\"900\" height=\"500\" \/><\/span><\/p>\n","protected":false},"excerpt":{"rendered":"<p>Para terminar un proceso iniciado el a\u00f1o 2016, con el Taller de Plantas Nativas, realizado por el Programa Asociativo Regional Explora de CONICYT Arica y Parinacota, de la Universidad de Tarapac\u00e1, se entreg\u00f3 una agenda originada por alumnos de s\u00e9ptimo y octavo a\u00f1o b\u00e1sico de la Escuela\u00a0Comandante Juan Jos\u00e9 San Mart\u00edn de Arica. \u00a0 \u00a0 [&hellip;]<\/p>\n","protected":false},"author":2,"featured_media":32252,"comment_status":"open","ping_status":"open","sticky":false,"template":"","format":"standard","meta":{"_acf_changed":false,"_exactmetrics_skip_tracking":false,"_exactmetrics_sitenote_active":false,"_exactmetrics_sitenote_note":"","_exactmetrics_sitenote_category":0,"footnotes":"","_links_to":"","_links_to_target":""},"categories":[4],"tags":[],"class_list":["post-32251","post","type-post","status-publish","format-standard","has-post-thumbnail","hentry","category-noticias"],"acf":[],"yoast_head":"<!-- This site is optimized with the Yoast SEO plugin v26.7 - https:\/\/yoast.com\/wordpress\/plugins\/seo\/ -->\n<title>Director ejecutivo de Conicyt entrega agenda de plantas nativas a alumnos arique\u00f1os - Arica y Parinacota<\/title>\n<meta name=\"robots\" content=\"index, follow, max-snippet:-1, max-image-preview:large, max-video-preview:-1\" \/>\n<link rel=\"canonical\" href=\"https:\/\/dev.explora.cl\/aricayparinacota\/director-ejecutivo-de-conicyt-entrega-agenda-de-plantas-nativas-a-alumnos-ariquenos\/\" class=\"yoast-seo-meta-tag\" \/>\n<meta property=\"og:locale\" content=\"es_ES\" class=\"yoast-seo-meta-tag\" \/>\n<meta property=\"og:type\" content=\"article\" class=\"yoast-seo-meta-tag\" \/>\n<meta property=\"og:title\" content=\"Director ejecutivo de Conicyt entrega agenda de plantas nativas a alumnos arique\u00f1os - Arica y Parinacota\" class=\"yoast-seo-meta-tag\" \/>\n<meta property=\"og:description\" content=\"Para terminar un proceso iniciado el a\u00f1o 2016, con el Taller de Plantas Nativas, realizado por el Programa Asociativo Regional Explora de CONICYT Arica y Parinacota, de la Universidad de Tarapac\u00e1, se entreg\u00f3 una agenda originada por alumnos de s\u00e9ptimo y octavo a\u00f1o b\u00e1sico de la Escuela\u00a0Comandante Juan Jos\u00e9 San Mart\u00edn de Arica. \u00a0 \u00a0 [&hellip;]\" class=\"yoast-seo-meta-tag\" \/>\n<meta property=\"og:url\" content=\"https:\/\/dev.explora.cl\/aricayparinacota\/director-ejecutivo-de-conicyt-entrega-agenda-de-plantas-nativas-a-alumnos-ariquenos\/\" class=\"yoast-seo-meta-tag\" \/>\n<meta property=\"og:site_name\" content=\"Arica y Parinacota\" class=\"yoast-seo-meta-tag\" \/>\n<meta property=\"article:published_time\" content=\"2017-05-18T00:00:00+00:00\" class=\"yoast-seo-meta-tag\" \/>\n<meta property=\"article:modified_time\" content=\"2019-05-09T21:09:30+00:00\" class=\"yoast-seo-meta-tag\" \/>\n<meta property=\"og:image\" content=\"https:\/\/dev.explora.cl\/aricayparinacota\/wp-content\/uploads\/sites\/2\/2018\/06\/Miniatura-Visita-Nicolai.jpg\" class=\"yoast-seo-meta-tag\" \/>\n\t<meta property=\"og:image:width\" content=\"539\" class=\"yoast-seo-meta-tag\" \/>\n\t<meta property=\"og:image:height\" content=\"356\" class=\"yoast-seo-meta-tag\" \/>\n\t<meta property=\"og:image:type\" content=\"image\/jpeg\" class=\"yoast-seo-meta-tag\" \/>\n<meta name=\"author\" content=\"webman\" class=\"yoast-seo-meta-tag\" \/>\n<meta name=\"twitter:card\" content=\"summary_large_image\" class=\"yoast-seo-meta-tag\" \/>\n<meta name=\"twitter:label1\" content=\"Escrito por\" class=\"yoast-seo-meta-tag\" \/>\n\t<meta name=\"twitter:data1\" content=\"webman\" class=\"yoast-seo-meta-tag\" \/>\n\t<meta name=\"twitter:label2\" content=\"Tiempo estimado de lectura\" class=\"yoast-seo-meta-tag\" \/>\n\t<meta name=\"twitter:data2\" content=\"2 minutos\" class=\"yoast-seo-meta-tag\" \/>\n<script type=\"application\/ld+json\" class=\"yoast-schema-graph\">{\"@context\":\"https:\/\/schema.org\",\"@graph\":[{\"@type\":\"Article\",\"@id\":\"https:\/\/dev.explora.cl\/aricayparinacota\/director-ejecutivo-de-conicyt-entrega-agenda-de-plantas-nativas-a-alumnos-ariquenos\/#article\",\"isPartOf\":{\"@id\":\"https:\/\/dev.explora.cl\/aricayparinacota\/director-ejecutivo-de-conicyt-entrega-agenda-de-plantas-nativas-a-alumnos-ariquenos\/\"},\"author\":{\"name\":\"webman\",\"@id\":\"https:\/\/dev.explora.cl\/aricayparinacota\/#\/schema\/person\/cb8349c13ea2d324080adf8480d7ba5d\"},\"headline\":\"Director ejecutivo de Conicyt entrega agenda de plantas nativas a alumnos arique\u00f1os\",\"datePublished\":\"2017-05-18T00:00:00+00:00\",\"dateModified\":\"2019-05-09T21:09:30+00:00\",\"mainEntityOfPage\":{\"@id\":\"https:\/\/dev.explora.cl\/aricayparinacota\/director-ejecutivo-de-conicyt-entrega-agenda-de-plantas-nativas-a-alumnos-ariquenos\/\"},\"wordCount\":440,\"commentCount\":0,\"publisher\":{\"@id\":\"https:\/\/dev.explora.cl\/aricayparinacota\/#organization\"},\"image\":{\"@id\":\"https:\/\/dev.explora.cl\/aricayparinacota\/director-ejecutivo-de-conicyt-entrega-agenda-de-plantas-nativas-a-alumnos-ariquenos\/#primaryimage\"},\"thumbnailUrl\":\"https:\/\/dev.explora.cl\/aricayparinacota\/wp-content\/uploads\/sites\/2\/2018\/06\/Miniatura-Visita-Nicolai.jpg\",\"articleSection\":[\"Noticias\"],\"inLanguage\":\"es-CL\",\"potentialAction\":[{\"@type\":\"CommentAction\",\"name\":\"Comment\",\"target\":[\"https:\/\/dev.explora.cl\/aricayparinacota\/director-ejecutivo-de-conicyt-entrega-agenda-de-plantas-nativas-a-alumnos-ariquenos\/#respond\"]}]},{\"@type\":\"WebPage\",\"@id\":\"https:\/\/dev.explora.cl\/aricayparinacota\/director-ejecutivo-de-conicyt-entrega-agenda-de-plantas-nativas-a-alumnos-ariquenos\/\",\"url\":\"https:\/\/dev.explora.cl\/aricayparinacota\/director-ejecutivo-de-conicyt-entrega-agenda-de-plantas-nativas-a-alumnos-ariquenos\/\",\"name\":\"Director ejecutivo de Conicyt entrega agenda de plantas nativas a alumnos arique\u00f1os - Arica y Parinacota\",\"isPartOf\":{\"@id\":\"https:\/\/dev.explora.cl\/aricayparinacota\/#website\"},\"primaryImageOfPage\":{\"@id\":\"https:\/\/dev.explora.cl\/aricayparinacota\/director-ejecutivo-de-conicyt-entrega-agenda-de-plantas-nativas-a-alumnos-ariquenos\/#primaryimage\"},\"image\":{\"@id\":\"https:\/\/dev.explora.cl\/aricayparinacota\/director-ejecutivo-de-conicyt-entrega-agenda-de-plantas-nativas-a-alumnos-ariquenos\/#primaryimage\"},\"thumbnailUrl\":\"https:\/\/dev.explora.cl\/aricayparinacota\/wp-content\/uploads\/sites\/2\/2018\/06\/Miniatura-Visita-Nicolai.jpg\",\"datePublished\":\"2017-05-18T00:00:00+00:00\",\"dateModified\":\"2019-05-09T21:09:30+00:00\",\"breadcrumb\":{\"@id\":\"https:\/\/dev.explora.cl\/aricayparinacota\/director-ejecutivo-de-conicyt-entrega-agenda-de-plantas-nativas-a-alumnos-ariquenos\/#breadcrumb\"},\"inLanguage\":\"es-CL\",\"potentialAction\":[{\"@type\":\"ReadAction\",\"target\":[\"https:\/\/dev.explora.cl\/aricayparinacota\/director-ejecutivo-de-conicyt-entrega-agenda-de-plantas-nativas-a-alumnos-ariquenos\/\"]}]},{\"@type\":\"ImageObject\",\"inLanguage\":\"es-CL\",\"@id\":\"https:\/\/dev.explora.cl\/aricayparinacota\/director-ejecutivo-de-conicyt-entrega-agenda-de-plantas-nativas-a-alumnos-ariquenos\/#primaryimage\",\"url\":\"https:\/\/dev.explora.cl\/aricayparinacota\/wp-content\/uploads\/sites\/2\/2018\/06\/Miniatura-Visita-Nicolai.jpg\",\"contentUrl\":\"https:\/\/dev.explora.cl\/aricayparinacota\/wp-content\/uploads\/sites\/2\/2018\/06\/Miniatura-Visita-Nicolai.jpg\",\"width\":539,\"height\":356},{\"@type\":\"BreadcrumbList\",\"@id\":\"https:\/\/dev.explora.cl\/aricayparinacota\/director-ejecutivo-de-conicyt-entrega-agenda-de-plantas-nativas-a-alumnos-ariquenos\/#breadcrumb\",\"itemListElement\":[{\"@type\":\"ListItem\",\"position\":1,\"name\":\"Portada\",\"item\":\"https:\/\/dev.explora.cl\/aricayparinacota\/\"},{\"@type\":\"ListItem\",\"position\":2,\"name\":\"Director ejecutivo de Conicyt entrega agenda de plantas nativas a alumnos arique\u00f1os\"}]},{\"@type\":\"WebSite\",\"@id\":\"https:\/\/dev.explora.cl\/aricayparinacota\/#website\",\"url\":\"https:\/\/dev.explora.cl\/aricayparinacota\/\",\"name\":\"Arica y Parinacota\",\"description\":\"Otro sitio m\u00e1s de dev.explora.cl\",\"publisher\":{\"@id\":\"https:\/\/dev.explora.cl\/aricayparinacota\/#organization\"},\"potentialAction\":[{\"@type\":\"SearchAction\",\"target\":{\"@type\":\"EntryPoint\",\"urlTemplate\":\"https:\/\/dev.explora.cl\/aricayparinacota\/?s={search_term_string}\"},\"query-input\":{\"@type\":\"PropertyValueSpecification\",\"valueRequired\":true,\"valueName\":\"search_term_string\"}}],\"inLanguage\":\"es-CL\"},{\"@type\":\"Organization\",\"@id\":\"https:\/\/dev.explora.cl\/aricayparinacota\/#organization\",\"name\":\"Arica y Parinacota\",\"url\":\"https:\/\/dev.explora.cl\/aricayparinacota\/\",\"logo\":{\"@type\":\"ImageObject\",\"inLanguage\":\"es-CL\",\"@id\":\"https:\/\/dev.explora.cl\/aricayparinacota\/#\/schema\/logo\/image\/\",\"url\":\"https:\/\/dev.explora.cl\/aricayparinacota\/wp-content\/uploads\/sites\/2\/2020\/08\/cropped-nuevosa-logos-11.png\",\"contentUrl\":\"https:\/\/dev.explora.cl\/aricayparinacota\/wp-content\/uploads\/sites\/2\/2020\/08\/cropped-nuevosa-logos-11.png\",\"width\":812,\"height\":937,\"caption\":\"Arica y Parinacota\"},\"image\":{\"@id\":\"https:\/\/dev.explora.cl\/aricayparinacota\/#\/schema\/logo\/image\/\"}},{\"@type\":\"Person\",\"@id\":\"https:\/\/dev.explora.cl\/aricayparinacota\/#\/schema\/person\/cb8349c13ea2d324080adf8480d7ba5d\",\"name\":\"webman\",\"image\":{\"@type\":\"ImageObject\",\"inLanguage\":\"es-CL\",\"@id\":\"https:\/\/dev.explora.cl\/aricayparinacota\/#\/schema\/person\/image\/\",\"url\":\"https:\/\/secure.gravatar.com\/avatar\/eeff3c82f2c02f7177d13663b7e6f890e9a6a0647ce9bb29cae02dcb094c7312?s=96&d=mm&r=g\",\"contentUrl\":\"https:\/\/secure.gravatar.com\/avatar\/eeff3c82f2c02f7177d13663b7e6f890e9a6a0647ce9bb29cae02dcb094c7312?s=96&d=mm&r=g\",\"caption\":\"webman\"},\"url\":\"https:\/\/dev.explora.cl\/aricayparinacota\/author\/webman\/\"}]}<\/script>\n<!-- \/ Yoast SEO plugin. -->","yoast_head_json":{"title":"Director ejecutivo de Conicyt entrega agenda de plantas nativas a alumnos arique\u00f1os - Arica y Parinacota","robots":{"index":"index","follow":"follow","max-snippet":"max-snippet:-1","max-image-preview":"max-image-preview:large","max-video-preview":"max-video-preview:-1"},"canonical":"https:\/\/dev.explora.cl\/aricayparinacota\/director-ejecutivo-de-conicyt-entrega-agenda-de-plantas-nativas-a-alumnos-ariquenos\/","og_locale":"es_ES","og_type":"article","og_title":"Director ejecutivo de Conicyt entrega agenda de plantas nativas a alumnos arique\u00f1os - Arica y Parinacota","og_description":"Para terminar un proceso iniciado el a\u00f1o 2016, con el Taller de Plantas Nativas, realizado por el Programa Asociativo Regional Explora de CONICYT Arica y Parinacota, de la Universidad de Tarapac\u00e1, se entreg\u00f3 una agenda originada por alumnos de s\u00e9ptimo y octavo a\u00f1o b\u00e1sico de la Escuela\u00a0Comandante Juan Jos\u00e9 San Mart\u00edn de Arica. \u00a0 \u00a0 [&hellip;]","og_url":"https:\/\/dev.explora.cl\/aricayparinacota\/director-ejecutivo-de-conicyt-entrega-agenda-de-plantas-nativas-a-alumnos-ariquenos\/","og_site_name":"Arica y Parinacota","article_published_time":"2017-05-18T00:00:00+00:00","article_modified_time":"2019-05-09T21:09:30+00:00","og_image":[{"width":539,"height":356,"url":"https:\/\/dev.explora.cl\/aricayparinacota\/wp-content\/uploads\/sites\/2\/2018\/06\/Miniatura-Visita-Nicolai.jpg","type":"image\/jpeg"}],"author":"webman","twitter_card":"summary_large_image","twitter_misc":{"Escrito por":"webman","Tiempo estimado de lectura":"2 minutos"},"schema":{"@context":"https:\/\/schema.org","@graph":[{"@type":"Article","@id":"https:\/\/dev.explora.cl\/aricayparinacota\/director-ejecutivo-de-conicyt-entrega-agenda-de-plantas-nativas-a-alumnos-ariquenos\/#article","isPartOf":{"@id":"https:\/\/dev.explora.cl\/aricayparinacota\/director-ejecutivo-de-conicyt-entrega-agenda-de-plantas-nativas-a-alumnos-ariquenos\/"},"author":{"name":"webman","@id":"https:\/\/dev.explora.cl\/aricayparinacota\/#\/schema\/person\/cb8349c13ea2d324080adf8480d7ba5d"},"headline":"Director ejecutivo de Conicyt entrega agenda de plantas nativas a alumnos arique\u00f1os","datePublished":"2017-05-18T00:00:00+00:00","dateModified":"2019-05-09T21:09:30+00:00","mainEntityOfPage":{"@id":"https:\/\/dev.explora.cl\/aricayparinacota\/director-ejecutivo-de-conicyt-entrega-agenda-de-plantas-nativas-a-alumnos-ariquenos\/"},"wordCount":440,"commentCount":0,"publisher":{"@id":"https:\/\/dev.explora.cl\/aricayparinacota\/#organization"},"image":{"@id":"https:\/\/dev.explora.cl\/aricayparinacota\/director-ejecutivo-de-conicyt-entrega-agenda-de-plantas-nativas-a-alumnos-ariquenos\/#primaryimage"},"thumbnailUrl":"https:\/\/dev.explora.cl\/aricayparinacota\/wp-content\/uploads\/sites\/2\/2018\/06\/Miniatura-Visita-Nicolai.jpg","articleSection":["Noticias"],"inLanguage":"es-CL","potentialAction":[{"@type":"CommentAction","name":"Comment","target":["https:\/\/dev.explora.cl\/aricayparinacota\/director-ejecutivo-de-conicyt-entrega-agenda-de-plantas-nativas-a-alumnos-ariquenos\/#respond"]}]},{"@type":"WebPage","@id":"https:\/\/dev.explora.cl\/aricayparinacota\/director-ejecutivo-de-conicyt-entrega-agenda-de-plantas-nativas-a-alumnos-ariquenos\/","url":"https:\/\/dev.explora.cl\/aricayparinacota\/director-ejecutivo-de-conicyt-entrega-agenda-de-plantas-nativas-a-alumnos-ariquenos\/","name":"Director ejecutivo de Conicyt entrega agenda de plantas nativas a alumnos arique\u00f1os - Arica y Parinacota","isPartOf":{"@id":"https:\/\/dev.explora.cl\/aricayparinacota\/#website"},"primaryImageOfPage":{"@id":"https:\/\/dev.explora.cl\/aricayparinacota\/director-ejecutivo-de-conicyt-entrega-agenda-de-plantas-nativas-a-alumnos-ariquenos\/#primaryimage"},"image":{"@id":"https:\/\/dev.explora.cl\/aricayparinacota\/director-ejecutivo-de-conicyt-entrega-agenda-de-plantas-nativas-a-alumnos-ariquenos\/#primaryimage"},"thumbnailUrl":"https:\/\/dev.explora.cl\/aricayparinacota\/wp-content\/uploads\/sites\/2\/2018\/06\/Miniatura-Visita-Nicolai.jpg","datePublished":"2017-05-18T00:00:00+00:00","dateModified":"2019-05-09T21:09:30+00:00","breadcrumb":{"@id":"https:\/\/dev.explora.cl\/aricayparinacota\/director-ejecutivo-de-conicyt-entrega-agenda-de-plantas-nativas-a-alumnos-ariquenos\/#breadcrumb"},"inLanguage":"es-CL","potentialAction":[{"@type":"ReadAction","target":["https:\/\/dev.explora.cl\/aricayparinacota\/director-ejecutivo-de-conicyt-entrega-agenda-de-plantas-nativas-a-alumnos-ariquenos\/"]}]},{"@type":"ImageObject","inLanguage":"es-CL","@id":"https:\/\/dev.explora.cl\/aricayparinacota\/director-ejecutivo-de-conicyt-entrega-agenda-de-plantas-nativas-a-alumnos-ariquenos\/#primaryimage","url":"https:\/\/dev.explora.cl\/aricayparinacota\/wp-content\/uploads\/sites\/2\/2018\/06\/Miniatura-Visita-Nicolai.jpg","contentUrl":"https:\/\/dev.explora.cl\/aricayparinacota\/wp-content\/uploads\/sites\/2\/2018\/06\/Miniatura-Visita-Nicolai.jpg","width":539,"height":356},{"@type":"BreadcrumbList","@id":"https:\/\/dev.explora.cl\/aricayparinacota\/director-ejecutivo-de-conicyt-entrega-agenda-de-plantas-nativas-a-alumnos-ariquenos\/#breadcrumb","itemListElement":[{"@type":"ListItem","position":1,"name":"Portada","item":"https:\/\/dev.explora.cl\/aricayparinacota\/"},{"@type":"ListItem","position":2,"name":"Director ejecutivo de Conicyt entrega agenda de plantas nativas a alumnos arique\u00f1os"}]},{"@type":"WebSite","@id":"https:\/\/dev.explora.cl\/aricayparinacota\/#website","url":"https:\/\/dev.explora.cl\/aricayparinacota\/","name":"Arica y Parinacota","description":"Otro sitio m\u00e1s de dev.explora.cl","publisher":{"@id":"https:\/\/dev.explora.cl\/aricayparinacota\/#organization"},"potentialAction":[{"@type":"SearchAction","target":{"@type":"EntryPoint","urlTemplate":"https:\/\/dev.explora.cl\/aricayparinacota\/?s={search_term_string}"},"query-input":{"@type":"PropertyValueSpecification","valueRequired":true,"valueName":"search_term_string"}}],"inLanguage":"es-CL"},{"@type":"Organization","@id":"https:\/\/dev.explora.cl\/aricayparinacota\/#organization","name":"Arica y Parinacota","url":"https:\/\/dev.explora.cl\/aricayparinacota\/","logo":{"@type":"ImageObject","inLanguage":"es-CL","@id":"https:\/\/dev.explora.cl\/aricayparinacota\/#\/schema\/logo\/image\/","url":"https:\/\/dev.explora.cl\/aricayparinacota\/wp-content\/uploads\/sites\/2\/2020\/08\/cropped-nuevosa-logos-11.png","contentUrl":"https:\/\/dev.explora.cl\/aricayparinacota\/wp-content\/uploads\/sites\/2\/2020\/08\/cropped-nuevosa-logos-11.png","width":812,"height":937,"caption":"Arica y Parinacota"},"image":{"@id":"https:\/\/dev.explora.cl\/aricayparinacota\/#\/schema\/logo\/image\/"}},{"@type":"Person","@id":"https:\/\/dev.explora.cl\/aricayparinacota\/#\/schema\/person\/cb8349c13ea2d324080adf8480d7ba5d","name":"webman","image":{"@type":"ImageObject","inLanguage":"es-CL","@id":"https:\/\/dev.explora.cl\/aricayparinacota\/#\/schema\/person\/image\/","url":"https:\/\/secure.gravatar.com\/avatar\/eeff3c82f2c02f7177d13663b7e6f890e9a6a0647ce9bb29cae02dcb094c7312?s=96&d=mm&r=g","contentUrl":"https:\/\/secure.gravatar.com\/avatar\/eeff3c82f2c02f7177d13663b7e6f890e9a6a0647ce9bb29cae02dcb094c7312?s=96&d=mm&r=g","caption":"webman"},"url":"https:\/\/dev.explora.cl\/aricayparinacota\/author\/webman\/"}]}},"_links":{"self":[{"href":"https:\/\/dev.explora.cl\/aricayparinacota\/wp-json\/wp\/v2\/posts\/32251","targetHints":{"allow":["GET"]}}],"collection":[{"href":"https:\/\/dev.explora.cl\/aricayparinacota\/wp-json\/wp\/v2\/posts"}],"about":[{"href":"https:\/\/dev.explora.cl\/aricayparinacota\/wp-json\/wp\/v2\/types\/post"}],"author":[{"embeddable":true,"href":"https:\/\/dev.explora.cl\/aricayparinacota\/wp-json\/wp\/v2\/users\/2"}],"replies":[{"embeddable":true,"href":"https:\/\/dev.explora.cl\/aricayparinacota\/wp-json\/wp\/v2\/comments?post=32251"}],"version-history":[{"count":1,"href":"https:\/\/dev.explora.cl\/aricayparinacota\/wp-json\/wp\/v2\/posts\/32251\/revisions"}],"predecessor-version":[{"id":32881,"href":"https:\/\/dev.explora.cl\/aricayparinacota\/wp-json\/wp\/v2\/posts\/32251\/revisions\/32881"}],"wp:featuredmedia":[{"embeddable":true,"href":"https:\/\/dev.explora.cl\/aricayparinacota\/wp-json\/wp\/v2\/media\/32252"}],"wp:attachment":[{"href":"https:\/\/dev.explora.cl\/aricayparinacota\/wp-json\/wp\/v2\/media?parent=32251"}],"wp:term":[{"taxonomy":"category","embeddable":true,"href":"https:\/\/dev.explora.cl\/aricayparinacota\/wp-json\/wp\/v2\/categories?post=32251"},{"taxonomy":"post_tag","embeddable":true,"href":"https:\/\/dev.explora.cl\/aricayparinacota\/wp-json\/wp\/v2\/tags?post=32251"}],"curies":[{"name":"wp","href":"https:\/\/api.w.org\/{rel}","templated":true}]}}