{"id":32122,"date":"2016-06-13T00:00:00","date_gmt":"2016-06-13T00:00:00","guid":{"rendered":"https:\/\/dev.explora.cl\/aricayparinacota\/blog\/2016\/06\/13\/desde-el-desierto-solitario-a-los-cholets-coloridos-en-conversatorio-de-academia-arqueologica\/"},"modified":"2019-05-09T21:23:59","modified_gmt":"2019-05-09T21:23:59","slug":"desde-el-desierto-solitario-a-los-cholets-coloridos-en-conversatorio-de-academia-arqueologica","status":"publish","type":"post","link":"https:\/\/dev.explora.cl\/aricayparinacota\/desde-el-desierto-solitario-a-los-cholets-coloridos-en-conversatorio-de-academia-arqueologica\/","title":{"rendered":"Desde el desierto solitario a los cholets coloridos en conversatorio de Academia Arqueol\u00f3gica"},"content":{"rendered":"<p style=\"margin: 15px 0px;padding: 0px;border: 0px;color: #666666;font-family: 'Trebuchet MS', helvetica, arial, sans-serif;font-size: 15px\"><span style=\"margin: 0px;padding: 0px;border: 0px;font-family: 'Trebuchet MS', sans-serif;font-size: 10pt\"><img loading=\"lazy\" decoding=\"async\" style=\"float: right\" src=\"http:\/\/regiones.dev.explora.cl\/media\/k2\/items\/cache\/fbaff9e796085f274fad11729791f15a_M.jpg\" alt=\"\" width=\"350\" height=\"233\" \/>Una distendida conversaci\u00f3n se gener\u00f3 entre los cient\u00edficos del Instituto de Alta Investigaci\u00f3n de la Universidad de Tarapac\u00e1, Paula Ugalde y Calogero Santoro con los alumnos del Liceo B-4 Antonio Varas de la Barra de Arica, en el inicio de la Academia Arqueol\u00f3gica, del Programa PAR Explora de CONICYT Regi\u00f3n de Arica y Parinacota.<\/span><\/p>\n<p style=\"margin: 15px 0px;padding: 0px;border: 0px;color: #666666;font-family: 'Trebuchet MS', helvetica, arial, sans-serif;font-size: 15px;text-align: justify\"><span style=\"margin: 0px;padding: 0px;border: 0px;font-family: 'Trebuchet MS', sans-serif;font-size: 10pt\">Los alumnos de tercer a\u00f1o medio se congregaron en la sala Diego Portales del campus Saucache de la Universidad de Tarapac\u00e1, entidad ejecutora de este programa, con el fin de dar inicio a la academia denominada Caravana Arqueol\u00f3gica, con la que esperan tener mayores herramientas en el \u00e1rea de turismo, a la que est\u00e1n adscritos.\u00a0<\/span><\/p>\n<p style=\"margin: 15px 0px;padding: 0px;border: 0px;color: #666666;font-family: 'Trebuchet MS', helvetica, arial, sans-serif;font-size: 15px;text-align: justify\"><span style=\"margin: 0px;padding: 0px;border: 0px;font-family: 'Trebuchet MS', sans-serif;font-size: 10pt\">El cient\u00edfico Calogero Santoro, del Instituto de Alta Investigaci\u00f3n (IAI) de la Universidad, desarroll\u00f3 su exposici\u00f3n en torno a preguntas realizadas a este p\u00fablico joven, que poco a poco fue participando, escuchando, asintiendo o negando las m\u00faltiples interrogantes del investigador.\u00a0<\/span><\/p>\n<p style=\"margin: 15px 0px;padding: 0px;border: 0px;color: #666666;font-family: 'Trebuchet MS', helvetica, arial, sans-serif;font-size: 15px;text-align: justify\"><span style=\"margin: 0px;padding: 0px;border: 0px;font-family: 'Trebuchet MS', sans-serif;font-size: 10pt\">La Casa Yanulaque de Arica, los coloridos \u201ccholets\u201d del arquitecto boliviano Freddy Mamani, las oficinas salitreras, los edificios patrimoniales de Iquique y el desierto m\u00e1s seco del mundo en que habitamos en la regi\u00f3n d\u00e9cimo quince, fueron algunos de los t\u00f3picos sobre los que se intercambiaron ideas en el conversatorio.<\/span><\/p>\n<p style=\"margin: 15px 0px;padding: 0px;border: 0px;color: #666666;font-family: 'Trebuchet MS', helvetica, arial, sans-serif;font-size: 15px;text-align: justify\"><span style=\"margin: 0px;padding: 0px;border: 0px;font-family: 'Trebuchet MS', sans-serif;font-size: 10pt\">Tambi\u00e9n se habl\u00f3 del ecoturismo y turismo de intereses especiales, entre otros, destacando los geoglifos del Valle de Lluta y las caravanas que conectaban los pisos ecol\u00f3gicos de la zona alta con la baja.<\/span><\/p>\n<p style=\"margin: 15px 0px;padding: 0px;border: 0px;color: #666666;font-family: 'Trebuchet MS', helvetica, arial, sans-serif;font-size: 15px;text-align: justify\"><span style=\"margin: 0px;padding: 0px;border: 0px;font-size: 10pt\"><span style=\"margin: 0px;padding: 0px;border: 0px;font-family: 'Trebuchet MS', sans-serif\">La investigadora Paula Ugalde, tambi\u00e9n comparti\u00f3 algunas ideas con los alumnos, tanto en la sala Diego Portales como en las dependencias de Explora, donde un cafecito fue un ingrediente m\u00e1s de este encuentro, que fue el inicio de varias actividades\u00a0<\/span><span style=\"margin: 0px;padding: 0px;border: 0px;font-family: 'Trebuchet MS', sans-serif\">en terreno, que contribuir\u00e1n a la generaci\u00f3n de valorizaci\u00f3n e identificaci\u00f3n de nuestro patrimonio regional.<\/span><\/span><\/p>\n<p style=\"margin: 15px 0px 10pt;padding: 0px;border: 0px;color: #666666;font-family: 'Trebuchet MS', helvetica, arial, sans-serif;font-size: 15px;text-align: justify;line-height: 17.25px\"><span style=\"margin: 0px;padding: 0px;border: 0px;font-size: 10pt\"><strong style=\"margin: 0px;padding: 0px;border: 0px\"><span style=\"margin: 0px;padding: 0px;border: 0px;text-decoration: underline\"><span style=\"margin: 0px;padding: 0px;border: 0px;font-family: 'Trebuchet MS', sans-serif\">OPINIONES\u00a0<\/span><\/span><\/strong><\/span><\/p>\n<p style=\"margin: 15px 0px 10pt;padding: 0px;border: 0px;color: #666666;font-family: 'Trebuchet MS', helvetica, arial, sans-serif;font-size: 15px;text-align: justify;line-height: 17.25px\"><span style=\"margin: 0px;padding: 0px;border: 0px;font-size: 10pt\"><strong style=\"margin: 0px;padding: 0px;border: 0px\"><span style=\"margin: 0px;padding: 0px;border: 0px;font-family: 'Trebuchet MS', sans-serif\"><img loading=\"lazy\" decoding=\"async\" style=\"margin: 0px;padding: 0px;border: none;float: left\" src=\"http:\/\/regiones.dev.explora.cl\/images\/IMAGENES-ARICA\/nota2016-1\/nota%2013-2\/Paola.JPG\" alt=\"Paola\" width=\"200\" height=\"133\" \/>Paola Ib\u00e1\u00f1ez<\/span><\/strong><span style=\"margin: 0px;padding: 0px;border: 0px;font-family: 'Trebuchet MS', sans-serif\">: \u201cMe gusta harto la historia, no pens\u00e9 que turismo iba a ser tan llamativo, de hecho, cada d\u00eda me sorprende m\u00e1s y estoy agradecida de esta actividad\u201d.<\/span><\/span><\/p>\n<p style=\"margin: 15px 0px 10pt;padding: 0px;border: 0px;color: #666666;font-family: 'Trebuchet MS', helvetica, arial, sans-serif;font-size: 15px;text-align: justify;line-height: 17.25px\"><span style=\"margin: 0px;padding: 0px;border: 0px;font-size: 10pt\"><strong style=\"margin: 0px;padding: 0px;border: 0px\"><span style=\"margin: 0px;padding: 0px;border: 0px;font-family: 'Trebuchet MS', sans-serif\">\u00a0<\/span><\/strong><\/span><\/p>\n<p style=\"margin: 15px 0px 10pt;padding: 0px;border: 0px;color: #666666;font-family: 'Trebuchet MS', helvetica, arial, sans-serif;font-size: 15px;text-align: justify;line-height: 17.25px\"><span style=\"margin: 0px;padding: 0px;border: 0px;font-size: 10pt\"><strong style=\"margin: 0px;padding: 0px;border: 0px\"><span style=\"margin: 0px;padding: 0px;border: 0px;font-family: 'Trebuchet MS', sans-serif\">\u00a0<\/span><\/strong><\/span><\/p>\n<p style=\"margin: 15px 0px 10pt;padding: 0px;border: 0px;color: #666666;font-family: 'Trebuchet MS', helvetica, arial, sans-serif;font-size: 15px;text-align: justify;line-height: 17.25px\"><span style=\"margin: 0px;padding: 0px;border: 0px;font-size: 10pt\"><strong style=\"margin: 0px;padding: 0px;border: 0px\"><span style=\"margin: 0px;padding: 0px;border: 0px;font-family: 'Trebuchet MS', sans-serif\">\u00a0<\/span><\/strong><\/span><\/p>\n<p style=\"margin: 15px 0px 10pt;padding: 0px;border: 0px;color: #666666;font-family: 'Trebuchet MS', helvetica, arial, sans-serif;font-size: 15px;text-align: justify;line-height: 17.25px\"><span style=\"margin: 0px;padding: 0px;border: 0px;font-size: 10pt\"><strong style=\"margin: 0px;padding: 0px;border: 0px\"><span style=\"margin: 0px;padding: 0px;border: 0px;font-family: 'Trebuchet MS', sans-serif\">\u00a0<\/span><\/strong><\/span><\/p>\n<p style=\"margin: 15px 0px 10pt;padding: 0px;border: 0px;color: #666666;font-family: 'Trebuchet MS', helvetica, arial, sans-serif;font-size: 15px;text-align: justify;line-height: 17.25px\"><span style=\"margin: 0px;padding: 0px;border: 0px;font-size: 10pt\"><strong style=\"margin: 0px;padding: 0px;border: 0px\"><span style=\"margin: 0px;padding: 0px;border: 0px;font-family: 'Trebuchet MS', sans-serif\">\u00a0<\/span><\/strong><\/span><\/p>\n<p style=\"margin: 15px 0px 10pt;padding: 0px;border: 0px;color: #666666;font-family: 'Trebuchet MS', helvetica, arial, sans-serif;font-size: 15px;text-align: justify;line-height: 17.25px\"><span style=\"margin: 0px;padding: 0px;border: 0px;font-size: 10pt\"><strong style=\"margin: 0px;padding: 0px;border: 0px\"><span style=\"margin: 0px;padding: 0px;border: 0px;font-family: 'Trebuchet MS', sans-serif\"><img loading=\"lazy\" decoding=\"async\" style=\"margin: 0px;padding: 0px;border: none;float: left\" src=\"http:\/\/regiones.dev.explora.cl\/images\/IMAGENES-ARICA\/no\nta2016-1\/nota%2013-2\/Edgardo.JPG\" alt=\"Edgardo\" width=\"200\" height=\"133\" \/><\/span><\/strong><\/span><\/p>\n<p style=\"margin: 15px 0px 10pt;padding: 0px;border: 0px;color: #666666;font-family: 'Trebuchet MS', helvetica, arial, sans-serif;font-size: 15px;text-align: justify;line-height: 17.25px\"><span style=\"margin: 0px;padding: 0px;border: 0px;font-size: 10pt\"><strong style=\"margin: 0px;padding: 0px;border: 0px\"><span style=\"margin: 0px;padding: 0px;border: 0px;font-family: 'Trebuchet MS', sans-serif\">Edgardo Ega\u00f1a<\/span><\/strong><span style=\"margin: 0px;padding: 0px;border: 0px;font-family: 'Trebuchet MS', sans-serif\">: \u201cMe pareci\u00f3 buena la charla, estuvo interesante y pude aprender harto, me gust\u00f3 m\u00e1s cuando se habl\u00f3 sobre los lugares tur\u00edsticos y c\u00f3mo se pod\u00edan expandir m\u00e1s\u201d.<\/span><\/span><\/p>\n<p style=\"margin: 15px 0px 10pt;padding: 0px;border: 0px;color: #666666;font-family: 'Trebuchet MS', helvetica, arial, sans-serif;font-size: 15px;text-align: justify;line-height: 17.25px\"><span style=\"margin: 0px;padding: 0px;border: 0px;font-size: 10pt\"><strong style=\"margin: 0px;padding: 0px;border: 0px\"><span style=\"margin: 0px;padding: 0px;border: 0px;font-family: 'Trebuchet MS', sans-serif\">\u00a0<\/span><\/strong><\/span><\/p>\n<p style=\"margin: 15px 0px 10pt;padding: 0px;border: 0px;color: #666666;font-family: 'Trebuchet MS', helvetica, arial, sans-serif;font-size: 15px;text-align: justify;line-height: 17.25px\"><span style=\"margin: 0px;padding: 0px;border: 0px;font-size: 10pt\"><strong style=\"margin: 0px;padding: 0px;border: 0px\"><span style=\"margin: 0px;padding: 0px;border: 0px;font-family: 'Trebuchet MS', sans-serif\">\u00a0<\/span><\/strong><\/span><\/p>\n<p style=\"margin: 15px 0px 10pt;padding: 0px;border: 0px;color: #666666;font-family: 'Trebuchet MS', helvetica, arial, sans-serif;font-size: 15px;text-align: justify;line-height: 17.25px\"><span style=\"margin: 0px;padding: 0px;border: 0px;font-size: 10pt\"><strong style=\"margin: 0px;padding: 0px;border: 0px\"><span style=\"margin: 0px;padding: 0px;border: 0px;font-family: 'Trebuchet MS', sans-serif\">\u00a0<\/span><\/strong><\/span><\/p>\n<p style=\"margin: 15px 0px 10pt;padding: 0px;border: 0px;color: #666666;font-family: 'Trebuchet MS', helvetica, arial, sans-serif;font-size: 15px;text-align: justify;line-height: 17.25px\"><span style=\"margin: 0px;padding: 0px;border: 0px;font-size: 10pt\"><strong style=\"margin: 0px;padding: 0px;border: 0px\"><span style=\"margin: 0px;padding: 0px;border: 0px;font-family: 'Trebuchet MS', sans-serif\">\u00a0<\/span><\/strong><\/span><\/p>\n<p style=\"margin: 15px 0px 10pt;padding: 0px;border: 0px;color: #666666;font-family: 'Trebuchet MS', helvetica, arial, sans-serif;font-size: 15px;text-align: justify;line-height: 17.25px\"><span style=\"margin: 0px;padding: 0px;border: 0px;font-size: 10pt\"><strong style=\"margin: 0px;padding: 0px;border: 0px\"><span style=\"margin: 0px;padding: 0px;border: 0px;font-family: 'Trebuchet MS', sans-serif\">\u00a0<\/span><\/strong><\/span><\/p>\n<p style=\"margin: 15px 0px 10pt;padding: 0px;border: 0px;color: #666666;font-family: 'Trebuchet MS', helvetica, arial, sans-serif;font-size: 15px;text-align: justify;line-height: 17.25px\"><span style=\"margin: 0px;padding: 0px;border: 0px;font-size: 10pt\"><strong style=\"margin: 0px;padding: 0px;border: 0px\"><span style=\"margin: 0px;padding: 0px;border: 0px;font-family: 'Trebuchet MS', sans-serif\">\u00a0<\/span><\/strong><\/span><\/p>\n<p style=\"margin: 15px 0px 10pt;padding: 0px;border: 0px;color: #666666;font-family: 'Trebuchet MS', helvetica, arial, sans-serif;font-size: 15px;text-align: justify;line-height: 17.25px\"><span style=\"margin: 0px;padding: 0px;border: 0px;font-size: 10pt\"><strong style=\"margin: 0px;padding: 0px;border: 0px\"><span style=\"margin: 0px;padding: 0px;border: 0px;font-family: 'Trebuchet MS', sans-serif\"><img loading=\"lazy\" decoding=\"async\" style=\"margin: 0px;padding: 0px;border: none;float: left\" src=\"http:\/\/regiones.dev.explora.cl\/images\/IMAGENES-ARICA\/nota2016-1\/nota%2013-2\/Nayely.JPG\" alt=\"Nayely\" width=\"200\" height=\"133\" \/>Nayely Villegas<\/span><\/strong><span style=\"margin: 0px;padding: 0px;border: 0px;font-family: 'Trebuchet MS', sans-serif\">: \u201cMe pareci\u00f3 entretenido, lo que m\u00e1s me gust\u00f3 fue la forma de expresarse sobre la historia, lo que hab\u00eda pasado antes\u201d.<\/span><\/span><\/p>\n<p style=\"margin: 15px 0px 10pt;padding: 0px;border: 0px;color: #666666;font-family: 'Trebuchet MS', helvetica, arial, sans-serif;font-size: 15px;line-height: 17.25px\"><span style=\"margin: 0px;padding: 0px;border: 0px;font-size: 10pt\"><strong style=\"margin: 0px;padding: 0px;border: 0px\"><span style=\"margin: 0px;padding: 0px;border: 0px;font-family: 'Trebuchet MS', sans-serif\">\u00a0<\/span><\/strong><\/span><\/p>\n<p style=\"margin: 15px 0px 10pt;padding: 0px;border: 0px;color: #666666;font-family: 'Trebuchet MS', helvetica, arial, sans-serif;font-size: 15px;line-height: 17.25px\"><span style=\"margin: 0px;padding: 0px;border: 0px;font-size: 10pt\"><strong style=\"margin: 0px;padding: 0px;border: 0px\"><span style=\"margin: 0px;padding: 0px;border: 0px;font-family: 'Trebuchet MS', sans-serif\">\u00a0<\/span><\/strong><\/span><\/p>\n<p style=\"margin: 15px 0px 10pt;padding: 0px;border: 0px;color: #666666;font-family: 'Trebuchet MS', helvetica, arial, sans-serif;font-size: 15px;line-height: 17.25px\"><span style=\"margin: 0px;padding: 0px;border: 0px;font-size: 10pt\"><strong style=\"margin: 0px;padding: 0px;border: 0px\"><span style=\"margin: 0px;padding: 0px;border: 0px;font-family: 'Trebuchet MS', sans-serif\">\u00a0<\/span><\/strong><\/span><\/p>\n<p style=\"margin: 15px 0px 10pt;padding: 0px;border: 0px;color: #666666;font-family: 'Trebuchet MS', helvetica, arial, sans-serif;font-size: 15px;line-height: 17.25px\"><span style=\"margin: 0px;padding: 0px;border: 0px;font-size: 10pt\"><strong style=\"margin: 0px;padding: 0px;border: 0px\"><span style=\"margin: 0px;padding: 0px;border: 0px;font-family: 'Trebuchet MS', sans-serif\">\u00a0<\/span><\/strong><\/span><\/p>\n<p style=\"margin: 15px 0px 10pt;padding: 0px;border: 0px;color: #666666;font-family: 'Trebuchet MS', helvetica, arial, sans-serif;font-size: 15px;line-height: 17.25px\"><span style=\"margin: 0px;padding: 0px;border: 0px;font-size: 10pt\"><strong style=\"margin: 0px;padding: 0px;border: 0px\"><span style=\"margin: 0px;padding: 0px;border: 0px;font-family: 'Trebuchet MS', sans-serif\">\u00a0<\/span><\/strong><\/span><\/p>\n<p style=\"margin: 15px 0px 10pt;padding: 0px;border: 0px;color: #666666;font-family: 'Trebuchet MS', helvetica, arial, sans-serif;font-size: 15px;line-height: 17.25px\"><span style=\"margin: 0px;padding: 0px;border: 0px;font-size: 10pt\"><strong style=\"margin: 0px;padding: 0px;border: 0px\"><span style=\"margin: 0px;padding: 0px;border: 0px;font-family: 'Trebuchet MS', sans-serif\">\u00a0<\/span><\/strong><\/span><\/p>\n<p style=\"margin: 15px 0px 10pt;padding: 0px;border: 0px;color: #666666;font-family: 'Trebuchet MS', helvetica, arial, sans-serif;font-size: 15px;line-height: 17.25px\"><span style=\"margin: 0px;padding: 0px;border: 0px;font-size: 10pt\"><strong style=\"margin: 0px;padding: 0px;border: 0px\"><span style=\"margin: 0px;padding: 0px;border: 0px;font-family: 'Trebuchet MS', sans-serif\"><img loading=\"lazy\" decoding=\"async\" style=\"margin: 0px;padding: 0px;border: none;float: left\" src=\"http:\/\/regiones.dev.explora.cl\/images\/IMAGENES-ARICA\/nota2016-1\/nota%2013-2\/Anais.JPG\" alt=\"Anais\" width=\"200\" height=\"133\" \/>Anais Aguirre<\/span><\/strong><span style=\"margin: 0px;padding: 0px;border: 0px;font-family: 'Trebuchet MS', sans-serif\">: \u201cMe pareci\u00f3 interesante, por lo menos para nosotros que estudiamos turismo es un apoyo inmenso porque en el colegio no recibimos tanta informaci\u00f3n como la que recibimos en la charla\u201d.<\/span><\/span><\/p>\n<p style=\"margin: 15px 0px 10pt;padding: 0px;border: 0px;color: #666666;font-family: 'Trebuchet MS', helvetica, arial, sans-serif;font-size: 15px;line-height: 17.25px\"><span style=\"margin: 0px;padding: 0px;border: 0px;font-size: 10pt\"><span style=\"margin: 0px;padding: 0px;border: 0px;font-family: 'Trebuchet MS', sans-serif\">\u00a0<\/span><\/span><\/p>\n<p style=\"margin: 15px 0px 10pt;padding: 0px;border: 0px;color: #666666;font-family: 'Trebuchet MS', helvetica, arial, sans-serif;font-size: 15px;line-height: 17.25px\"><span style=\"margin: 0px;padding: 0px;border: 0px;font-size: 10pt\"><span style=\"margin: 0px;padding: 0px;border: 0px;font-family: 'Trebuchet MS', sans-serif\">\u00a0<\/span><\/span><\/p>\n<p style=\"margin: 15px 0px 10pt;padding: 0px;border: 0px;color: #666666;font-family: 'Trebuchet MS', helvetica, arial, sans-serif;font-size: 15px;line-height: 17.25px\"><span style=\"margin: 0px;padding: 0px;border: 0px;font-size: 10pt\"><span style=\"margin: 0px;padding: 0px;border: 0px;font-family: 'Trebuchet MS', sans-serif\">\u00a0<\/span><\/span><\/p>\n<p style=\"margin: 15px 0px 10pt;padding: 0px;border: 0px;color: #666666;font-family: 'Trebuchet MS', helvetica, arial, sans-serif;font-size: 15px;line-height: 17.25px\"><span style=\"margin: 0px;padding: 0px;border: 0px;font-size: 10pt\"><span style=\"margin: 0px;padding: 0px;border: 0px;font-family: 'Trebuchet MS', sans-serif\">\u00a0<\/span><\/span><\/p>\n<p style=\"margin: 15px 0px 10pt;padding: 0px;border: 0px;color: #666666;font-family: 'Trebuchet MS', helvetica, arial, sans-serif;font-size: 15px;line-height: 17.25px\">\u00a0<\/p>\n<p style=\"margin: 15px 0px 10pt;padding: 0px;border: 0px;color: #666666;font-family: 'Trebuchet MS', helvetica, arial, sans-serif;font-size: 15px;line-height: 17.25px\">\u00a0<\/p>\n<p style=\"margin: 15px 0px 10pt;padding: 0px;border: 0px;color: #666666;font-family: 'Trebuchet MS', helvetica, arial, sans-serif;font-size: 15px;line-height: 17.25px\"><img loading=\"lazy\" decoding=\"async\" style=\"margin: 0px auto;padding: 0px;border: none\" src=\"http:\/\/regiones.dev.explora.cl\/images\/IMAGENES-ARICA\/nota2016-1\/nota%2013-2\/colash.JPG\" alt=\"colash\" width=\"900\" height=\"597\" \/><\/p>\n<p style=\"margin: 15px 0px;padding: 0px;border: 0px;color: #666666;font-family: 'Trebuchet MS', helvetica, arial, sans-serif;font-size: 15px\">\u00a0<\/p>\n","protected":false},"excerpt":{"rendered":"<p>Una distendida conversaci\u00f3n se gener\u00f3 entre los cient\u00edficos del Instituto de Alta Investigaci\u00f3n de la Universidad de Tarapac\u00e1, Paula Ugalde y Calogero Santoro con los alumnos del Liceo B-4 Antonio Varas de la Barra de Arica, en el inicio de la Academia Arqueol\u00f3gica, del Programa PAR Explora de CONICYT Regi\u00f3n de Arica y Parinacota. Los [&hellip;]<\/p>\n","protected":false},"author":2,"featured_media":0,"comment_status":"open","ping_status":"open","sticky":false,"template":"","format":"standard","meta":{"_acf_changed":false,"_exactmetrics_skip_tracking":false,"_exactmetrics_sitenote_active":false,"_exactmetrics_sitenote_note":"","_exactmetrics_sitenote_category":0,"footnotes":"","_links_to":"","_links_to_target":""},"categories":[4],"tags":[],"class_list":["post-32122","post","type-post","status-publish","format-standard","hentry","category-noticias"],"acf":[],"yoast_head":"<!-- This site is optimized with the Yoast SEO plugin v26.7 - https:\/\/yoast.com\/wordpress\/plugins\/seo\/ -->\n<title>Desde el desierto solitario a los cholets coloridos en conversatorio de Academia Arqueol\u00f3gica - Arica y Parinacota<\/title>\n<meta name=\"robots\" content=\"index, follow, max-snippet:-1, max-image-preview:large, max-video-preview:-1\" \/>\n<link rel=\"canonical\" href=\"https:\/\/dev.explora.cl\/aricayparinacota\/desde-el-desierto-solitario-a-los-cholets-coloridos-en-conversatorio-de-academia-arqueologica\/\" class=\"yoast-seo-meta-tag\" \/>\n<meta property=\"og:locale\" content=\"es_ES\" class=\"yoast-seo-meta-tag\" \/>\n<meta property=\"og:type\" content=\"article\" class=\"yoast-seo-meta-tag\" \/>\n<meta property=\"og:title\" content=\"Desde el desierto solitario a los cholets coloridos en conversatorio de Academia Arqueol\u00f3gica - Arica y Parinacota\" class=\"yoast-seo-meta-tag\" \/>\n<meta property=\"og:description\" content=\"Una distendida conversaci\u00f3n se gener\u00f3 entre los cient\u00edficos del Instituto de Alta Investigaci\u00f3n de la Universidad de Tarapac\u00e1, Paula Ugalde y Calogero Santoro con los alumnos del Liceo B-4 Antonio Varas de la Barra de Arica, en el inicio de la Academia Arqueol\u00f3gica, del Programa PAR Explora de CONICYT Regi\u00f3n de Arica y Parinacota. Los [&hellip;]\" class=\"yoast-seo-meta-tag\" \/>\n<meta property=\"og:url\" content=\"https:\/\/dev.explora.cl\/aricayparinacota\/desde-el-desierto-solitario-a-los-cholets-coloridos-en-conversatorio-de-academia-arqueologica\/\" class=\"yoast-seo-meta-tag\" \/>\n<meta property=\"og:site_name\" content=\"Arica y Parinacota\" class=\"yoast-seo-meta-tag\" \/>\n<meta property=\"article:published_time\" content=\"2016-06-13T00:00:00+00:00\" class=\"yoast-seo-meta-tag\" \/>\n<meta property=\"article:modified_time\" content=\"2019-05-09T21:23:59+00:00\" class=\"yoast-seo-meta-tag\" \/>\n<meta property=\"og:image\" content=\"http:\/\/regiones.dev.explora.cl\/media\/k2\/items\/cache\/fbaff9e796085f274fad11729791f15a_M.jpg\" class=\"yoast-seo-meta-tag\" \/>\n<meta name=\"author\" content=\"webman\" class=\"yoast-seo-meta-tag\" \/>\n<meta name=\"twitter:card\" content=\"summary_large_image\" class=\"yoast-seo-meta-tag\" \/>\n<meta name=\"twitter:label1\" content=\"Escrito por\" class=\"yoast-seo-meta-tag\" \/>\n\t<meta name=\"twitter:data1\" content=\"webman\" class=\"yoast-seo-meta-tag\" \/>\n\t<meta name=\"twitter:label2\" content=\"Tiempo estimado de lectura\" class=\"yoast-seo-meta-tag\" \/>\n\t<meta name=\"twitter:data2\" content=\"2 minutos\" class=\"yoast-seo-meta-tag\" \/>\n<script type=\"application\/ld+json\" class=\"yoast-schema-graph\">{\"@context\":\"https:\/\/schema.org\",\"@graph\":[{\"@type\":\"Article\",\"@id\":\"https:\/\/dev.explora.cl\/aricayparinacota\/desde-el-desierto-solitario-a-los-cholets-coloridos-en-conversatorio-de-academia-arqueologica\/#article\",\"isPartOf\":{\"@id\":\"https:\/\/dev.explora.cl\/aricayparinacota\/desde-el-desierto-solitario-a-los-cholets-coloridos-en-conversatorio-de-academia-arqueologica\/\"},\"author\":{\"name\":\"webman\",\"@id\":\"https:\/\/dev.explora.cl\/aricayparinacota\/#\/schema\/person\/cb8349c13ea2d324080adf8480d7ba5d\"},\"headline\":\"Desde el desierto solitario a los cholets coloridos en conversatorio de Academia Arqueol\u00f3gica\",\"datePublished\":\"2016-06-13T00:00:00+00:00\",\"dateModified\":\"2019-05-09T21:23:59+00:00\",\"mainEntityOfPage\":{\"@id\":\"https:\/\/dev.explora.cl\/aricayparinacota\/desde-el-desierto-solitario-a-los-cholets-coloridos-en-conversatorio-de-academia-arqueologica\/\"},\"wordCount\":453,\"commentCount\":0,\"publisher\":{\"@id\":\"https:\/\/dev.explora.cl\/aricayparinacota\/#organization\"},\"image\":{\"@id\":\"https:\/\/dev.explora.cl\/aricayparinacota\/desde-el-desierto-solitario-a-los-cholets-coloridos-en-conversatorio-de-academia-arqueologica\/#primaryimage\"},\"thumbnailUrl\":\"http:\/\/regiones.dev.explora.cl\/media\/k2\/items\/cache\/fbaff9e796085f274fad11729791f15a_M.jpg\",\"articleSection\":[\"Noticias\"],\"inLanguage\":\"es-CL\",\"potentialAction\":[{\"@type\":\"CommentAction\",\"name\":\"Comment\",\"target\":[\"https:\/\/dev.explora.cl\/aricayparinacota\/desde-el-desierto-solitario-a-los-cholets-coloridos-en-conversatorio-de-academia-arqueologica\/#respond\"]}]},{\"@type\":\"WebPage\",\"@id\":\"https:\/\/dev.explora.cl\/aricayparinacota\/desde-el-desierto-solitario-a-los-cholets-coloridos-en-conversatorio-de-academia-arqueologica\/\",\"url\":\"https:\/\/dev.explora.cl\/aricayparinacota\/desde-el-desierto-solitario-a-los-cholets-coloridos-en-conversatorio-de-academia-arqueologica\/\",\"name\":\"Desde el desierto solitario a los cholets coloridos en conversatorio de Academia Arqueol\u00f3gica - Arica y Parinacota\",\"isPartOf\":{\"@id\":\"https:\/\/dev.explora.cl\/aricayparinacota\/#website\"},\"primaryImageOfPage\":{\"@id\":\"https:\/\/dev.explora.cl\/aricayparinacota\/desde-el-desierto-solitario-a-los-cholets-coloridos-en-conversatorio-de-academia-arqueologica\/#primaryimage\"},\"image\":{\"@id\":\"https:\/\/dev.explora.cl\/aricayparinacota\/desde-el-desierto-solitario-a-los-cholets-coloridos-en-conversatorio-de-academia-arqueologica\/#primaryimage\"},\"thumbnailUrl\":\"http:\/\/regiones.dev.explora.cl\/media\/k2\/items\/cache\/fbaff9e796085f274fad11729791f15a_M.jpg\",\"datePublished\":\"2016-06-13T00:00:00+00:00\",\"dateModified\":\"2019-05-09T21:23:59+00:00\",\"breadcrumb\":{\"@id\":\"https:\/\/dev.explora.cl\/aricayparinacota\/desde-el-desierto-solitario-a-los-cholets-coloridos-en-conversatorio-de-academia-arqueologica\/#breadcrumb\"},\"inLanguage\":\"es-CL\",\"potentialAction\":[{\"@type\":\"ReadAction\",\"target\":[\"https:\/\/dev.explora.cl\/aricayparinacota\/desde-el-desierto-solitario-a-los-cholets-coloridos-en-conversatorio-de-academia-arqueologica\/\"]}]},{\"@type\":\"ImageObject\",\"inLanguage\":\"es-CL\",\"@id\":\"https:\/\/dev.explora.cl\/aricayparinacota\/desde-el-desierto-solitario-a-los-cholets-coloridos-en-conversatorio-de-academia-arqueologica\/#primaryimage\",\"url\":\"http:\/\/regiones.dev.explora.cl\/media\/k2\/items\/cache\/fbaff9e796085f274fad11729791f15a_M.jpg\",\"contentUrl\":\"http:\/\/regiones.dev.explora.cl\/media\/k2\/items\/cache\/fbaff9e796085f274fad11729791f15a_M.jpg\"},{\"@type\":\"BreadcrumbList\",\"@id\":\"https:\/\/dev.explora.cl\/aricayparinacota\/desde-el-desierto-solitario-a-los-cholets-coloridos-en-conversatorio-de-academia-arqueologica\/#breadcrumb\",\"itemListElement\":[{\"@type\":\"ListItem\",\"position\":1,\"name\":\"Portada\",\"item\":\"https:\/\/dev.explora.cl\/aricayparinacota\/\"},{\"@type\":\"ListItem\",\"position\":2,\"name\":\"Desde el desierto solitario a los cholets coloridos en conversatorio de Academia Arqueol\u00f3gica\"}]},{\"@type\":\"WebSite\",\"@id\":\"https:\/\/dev.explora.cl\/aricayparinacota\/#website\",\"url\":\"https:\/\/dev.explora.cl\/aricayparinacota\/\",\"name\":\"Arica y Parinacota\",\"description\":\"Otro sitio m\u00e1s de dev.explora.cl\",\"publisher\":{\"@id\":\"https:\/\/dev.explora.cl\/aricayparinacota\/#organization\"},\"potentialAction\":[{\"@type\":\"SearchAction\",\"target\":{\"@type\":\"EntryPoint\",\"urlTemplate\":\"https:\/\/dev.explora.cl\/aricayparinacota\/?s={search_term_string}\"},\"query-input\":{\"@type\":\"PropertyValueSpecification\",\"valueRequired\":true,\"valueName\":\"search_term_string\"}}],\"inLanguage\":\"es-CL\"},{\"@type\":\"Organization\",\"@id\":\"https:\/\/dev.explora.cl\/aricayparinacota\/#organization\",\"name\":\"Arica y Parinacota\",\"url\":\"https:\/\/dev.explora.cl\/aricayparinacota\/\",\"logo\":{\"@type\":\"ImageObject\",\"inLanguage\":\"es-CL\",\"@id\":\"https:\/\/dev.explora.cl\/aricayparinacota\/#\/schema\/logo\/image\/\",\"url\":\"https:\/\/dev.explora.cl\/aricayparinacota\/wp-content\/uploads\/sites\/2\/2020\/08\/cropped-nuevosa-logos-11.png\",\"contentUrl\":\"https:\/\/dev.explora.cl\/aricayparinacota\/wp-content\/uploads\/sites\/2\/2020\/08\/cropped-nuevosa-logos-11.png\",\"width\":812,\"height\":937,\"caption\":\"Arica y Parinacota\"},\"image\":{\"@id\":\"https:\/\/dev.explora.cl\/aricayparinacota\/#\/schema\/logo\/image\/\"}},{\"@type\":\"Person\",\"@id\":\"https:\/\/dev.explora.cl\/aricayparinacota\/#\/schema\/person\/cb8349c13ea2d324080adf8480d7ba5d\",\"name\":\"webman\",\"image\":{\"@type\":\"ImageObject\",\"inLanguage\":\"es-CL\",\"@id\":\"https:\/\/dev.explora.cl\/aricayparinacota\/#\/schema\/person\/image\/\",\"url\":\"https:\/\/secure.gravatar.com\/avatar\/eeff3c82f2c02f7177d13663b7e6f890e9a6a0647ce9bb29cae02dcb094c7312?s=96&d=mm&r=g\",\"contentUrl\":\"https:\/\/secure.gravatar.com\/avatar\/eeff3c82f2c02f7177d13663b7e6f890e9a6a0647ce9bb29cae02dcb094c7312?s=96&d=mm&r=g\",\"caption\":\"webman\"},\"url\":\"https:\/\/dev.explora.cl\/aricayparinacota\/author\/webman\/\"}]}<\/script>\n<!-- \/ Yoast SEO plugin. -->","yoast_head_json":{"title":"Desde el desierto solitario a los cholets coloridos en conversatorio de Academia Arqueol\u00f3gica - Arica y Parinacota","robots":{"index":"index","follow":"follow","max-snippet":"max-snippet:-1","max-image-preview":"max-image-preview:large","max-video-preview":"max-video-preview:-1"},"canonical":"https:\/\/dev.explora.cl\/aricayparinacota\/desde-el-desierto-solitario-a-los-cholets-coloridos-en-conversatorio-de-academia-arqueologica\/","og_locale":"es_ES","og_type":"article","og_title":"Desde el desierto solitario a los cholets coloridos en conversatorio de Academia Arqueol\u00f3gica - Arica y Parinacota","og_description":"Una distendida conversaci\u00f3n se gener\u00f3 entre los cient\u00edficos del Instituto de Alta Investigaci\u00f3n de la Universidad de Tarapac\u00e1, Paula Ugalde y Calogero Santoro con los alumnos del Liceo B-4 Antonio Varas de la Barra de Arica, en el inicio de la Academia Arqueol\u00f3gica, del Programa PAR Explora de CONICYT Regi\u00f3n de Arica y Parinacota. Los [&hellip;]","og_url":"https:\/\/dev.explora.cl\/aricayparinacota\/desde-el-desierto-solitario-a-los-cholets-coloridos-en-conversatorio-de-academia-arqueologica\/","og_site_name":"Arica y Parinacota","article_published_time":"2016-06-13T00:00:00+00:00","article_modified_time":"2019-05-09T21:23:59+00:00","og_image":[{"url":"http:\/\/regiones.dev.explora.cl\/media\/k2\/items\/cache\/fbaff9e796085f274fad11729791f15a_M.jpg","type":"","width":"","height":""}],"author":"webman","twitter_card":"summary_large_image","twitter_misc":{"Escrito por":"webman","Tiempo estimado de lectura":"2 minutos"},"schema":{"@context":"https:\/\/schema.org","@graph":[{"@type":"Article","@id":"https:\/\/dev.explora.cl\/aricayparinacota\/desde-el-desierto-solitario-a-los-cholets-coloridos-en-conversatorio-de-academia-arqueologica\/#article","isPartOf":{"@id":"https:\/\/dev.explora.cl\/aricayparinacota\/desde-el-desierto-solitario-a-los-cholets-coloridos-en-conversatorio-de-academia-arqueologica\/"},"author":{"name":"webman","@id":"https:\/\/dev.explora.cl\/aricayparinacota\/#\/schema\/person\/cb8349c13ea2d324080adf8480d7ba5d"},"headline":"Desde el desierto solitario a los cholets coloridos en conversatorio de Academia Arqueol\u00f3gica","datePublished":"2016-06-13T00:00:00+00:00","dateModified":"2019-05-09T21:23:59+00:00","mainEntityOfPage":{"@id":"https:\/\/dev.explora.cl\/aricayparinacota\/desde-el-desierto-solitario-a-los-cholets-coloridos-en-conversatorio-de-academia-arqueologica\/"},"wordCount":453,"commentCount":0,"publisher":{"@id":"https:\/\/dev.explora.cl\/aricayparinacota\/#organization"},"image":{"@id":"https:\/\/dev.explora.cl\/aricayparinacota\/desde-el-desierto-solitario-a-los-cholets-coloridos-en-conversatorio-de-academia-arqueologica\/#primaryimage"},"thumbnailUrl":"http:\/\/regiones.dev.explora.cl\/media\/k2\/items\/cache\/fbaff9e796085f274fad11729791f15a_M.jpg","articleSection":["Noticias"],"inLanguage":"es-CL","potentialAction":[{"@type":"CommentAction","name":"Comment","target":["https:\/\/dev.explora.cl\/aricayparinacota\/desde-el-desierto-solitario-a-los-cholets-coloridos-en-conversatorio-de-academia-arqueologica\/#respond"]}]},{"@type":"WebPage","@id":"https:\/\/dev.explora.cl\/aricayparinacota\/desde-el-desierto-solitario-a-los-cholets-coloridos-en-conversatorio-de-academia-arqueologica\/","url":"https:\/\/dev.explora.cl\/aricayparinacota\/desde-el-desierto-solitario-a-los-cholets-coloridos-en-conversatorio-de-academia-arqueologica\/","name":"Desde el desierto solitario a los cholets coloridos en conversatorio de Academia Arqueol\u00f3gica - Arica y Parinacota","isPartOf":{"@id":"https:\/\/dev.explora.cl\/aricayparinacota\/#website"},"primaryImageOfPage":{"@id":"https:\/\/dev.explora.cl\/aricayparinacota\/desde-el-desierto-solitario-a-los-cholets-coloridos-en-conversatorio-de-academia-arqueologica\/#primaryimage"},"image":{"@id":"https:\/\/dev.explora.cl\/aricayparinacota\/desde-el-desierto-solitario-a-los-cholets-coloridos-en-conversatorio-de-academia-arqueologica\/#primaryimage"},"thumbnailUrl":"http:\/\/regiones.dev.explora.cl\/media\/k2\/items\/cache\/fbaff9e796085f274fad11729791f15a_M.jpg","datePublished":"2016-06-13T00:00:00+00:00","dateModified":"2019-05-09T21:23:59+00:00","breadcrumb":{"@id":"https:\/\/dev.explora.cl\/aricayparinacota\/desde-el-desierto-solitario-a-los-cholets-coloridos-en-conversatorio-de-academia-arqueologica\/#breadcrumb"},"inLanguage":"es-CL","potentialAction":[{"@type":"ReadAction","target":["https:\/\/dev.explora.cl\/aricayparinacota\/desde-el-desierto-solitario-a-los-cholets-coloridos-en-conversatorio-de-academia-arqueologica\/"]}]},{"@type":"ImageObject","inLanguage":"es-CL","@id":"https:\/\/dev.explora.cl\/aricayparinacota\/desde-el-desierto-solitario-a-los-cholets-coloridos-en-conversatorio-de-academia-arqueologica\/#primaryimage","url":"http:\/\/regiones.dev.explora.cl\/media\/k2\/items\/cache\/fbaff9e796085f274fad11729791f15a_M.jpg","contentUrl":"http:\/\/regiones.dev.explora.cl\/media\/k2\/items\/cache\/fbaff9e796085f274fad11729791f15a_M.jpg"},{"@type":"BreadcrumbList","@id":"https:\/\/dev.explora.cl\/aricayparinacota\/desde-el-desierto-solitario-a-los-cholets-coloridos-en-conversatorio-de-academia-arqueologica\/#breadcrumb","itemListElement":[{"@type":"ListItem","position":1,"name":"Portada","item":"https:\/\/dev.explora.cl\/aricayparinacota\/"},{"@type":"ListItem","position":2,"name":"Desde el desierto solitario a los cholets coloridos en conversatorio de Academia Arqueol\u00f3gica"}]},{"@type":"WebSite","@id":"https:\/\/dev.explora.cl\/aricayparinacota\/#website","url":"https:\/\/dev.explora.cl\/aricayparinacota\/","name":"Arica y Parinacota","description":"Otro sitio m\u00e1s de dev.explora.cl","publisher":{"@id":"https:\/\/dev.explora.cl\/aricayparinacota\/#organization"},"potentialAction":[{"@type":"SearchAction","target":{"@type":"EntryPoint","urlTemplate":"https:\/\/dev.explora.cl\/aricayparinacota\/?s={search_term_string}"},"query-input":{"@type":"PropertyValueSpecification","valueRequired":true,"valueName":"search_term_string"}}],"inLanguage":"es-CL"},{"@type":"Organization","@id":"https:\/\/dev.explora.cl\/aricayparinacota\/#organization","name":"Arica y Parinacota","url":"https:\/\/dev.explora.cl\/aricayparinacota\/","logo":{"@type":"ImageObject","inLanguage":"es-CL","@id":"https:\/\/dev.explora.cl\/aricayparinacota\/#\/schema\/logo\/image\/","url":"https:\/\/dev.explora.cl\/aricayparinacota\/wp-content\/uploads\/sites\/2\/2020\/08\/cropped-nuevosa-logos-11.png","contentUrl":"https:\/\/dev.explora.cl\/aricayparinacota\/wp-content\/uploads\/sites\/2\/2020\/08\/cropped-nuevosa-logos-11.png","width":812,"height":937,"caption":"Arica y Parinacota"},"image":{"@id":"https:\/\/dev.explora.cl\/aricayparinacota\/#\/schema\/logo\/image\/"}},{"@type":"Person","@id":"https:\/\/dev.explora.cl\/aricayparinacota\/#\/schema\/person\/cb8349c13ea2d324080adf8480d7ba5d","name":"webman","image":{"@type":"ImageObject","inLanguage":"es-CL","@id":"https:\/\/dev.explora.cl\/aricayparinacota\/#\/schema\/person\/image\/","url":"https:\/\/secure.gravatar.com\/avatar\/eeff3c82f2c02f7177d13663b7e6f890e9a6a0647ce9bb29cae02dcb094c7312?s=96&d=mm&r=g","contentUrl":"https:\/\/secure.gravatar.com\/avatar\/eeff3c82f2c02f7177d13663b7e6f890e9a6a0647ce9bb29cae02dcb094c7312?s=96&d=mm&r=g","caption":"webman"},"url":"https:\/\/dev.explora.cl\/aricayparinacota\/author\/webman\/"}]}},"_links":{"self":[{"href":"https:\/\/dev.explora.cl\/aricayparinacota\/wp-json\/wp\/v2\/posts\/32122","targetHints":{"allow":["GET"]}}],"collection":[{"href":"https:\/\/dev.explora.cl\/aricayparinacota\/wp-json\/wp\/v2\/posts"}],"about":[{"href":"https:\/\/dev.explora.cl\/aricayparinacota\/wp-json\/wp\/v2\/types\/post"}],"author":[{"embeddable":true,"href":"https:\/\/dev.explora.cl\/aricayparinacota\/wp-json\/wp\/v2\/users\/2"}],"replies":[{"embeddable":true,"href":"https:\/\/dev.explora.cl\/aricayparinacota\/wp-json\/wp\/v2\/comments?post=32122"}],"version-history":[{"count":1,"href":"https:\/\/dev.explora.cl\/aricayparinacota\/wp-json\/wp\/v2\/posts\/32122\/revisions"}],"predecessor-version":[{"id":32921,"href":"https:\/\/dev.explora.cl\/aricayparinacota\/wp-json\/wp\/v2\/posts\/32122\/revisions\/32921"}],"wp:attachment":[{"href":"https:\/\/dev.explora.cl\/aricayparinacota\/wp-json\/wp\/v2\/media?parent=32122"}],"wp:term":[{"taxonomy":"category","embeddable":true,"href":"https:\/\/dev.explora.cl\/aricayparinacota\/wp-json\/wp\/v2\/categories?post=32122"},{"taxonomy":"post_tag","embeddable":true,"href":"https:\/\/dev.explora.cl\/aricayparinacota\/wp-json\/wp\/v2\/tags?post=32122"}],"curies":[{"name":"wp","href":"https:\/\/api.w.org\/{rel}","templated":true}]}}