{"id":32113,"date":"2015-11-20T00:00:00","date_gmt":"2015-11-20T00:00:00","guid":{"rendered":"https:\/\/dev.explora.cl\/aricayparinacota\/blog\/2015\/11\/20\/estudiantes-ariquenos-ganadores-del-congreso-regional-se-preparan-para-participar-del-xvi-congreso-nacional-escolar-de-ciencia-y-tecnologia-explora-conicyt\/"},"modified":"2019-05-09T21:24:30","modified_gmt":"2019-05-09T21:24:30","slug":"estudiantes-ariquenos-ganadores-del-congreso-regional-se-preparan-para-participar-del-xvi-congreso-nacional-escolar-de-ciencia-y-tecnologia-explora-conicyt","status":"publish","type":"post","link":"https:\/\/dev.explora.cl\/aricayparinacota\/estudiantes-ariquenos-ganadores-del-congreso-regional-se-preparan-para-participar-del-xvi-congreso-nacional-escolar-de-ciencia-y-tecnologia-explora-conicyt\/","title":{"rendered":"Estudiantes Arique\u00f1os Ganadores del Congreso Regional se preparan para participar del XVI Congreso Nacional Escolar de Ciencia y Tecnolog\u00eda Explora Conicyt"},"content":{"rendered":"<p>\u00a0<img loading=\"lazy\" decoding=\"async\" style=\"float: right\" src=\"images\/IMAGENES-ARICA\/estudiantesariqueosganadores.jpg\" alt=\"\" width=\"350\" height=\"263\" \/><\/p>\n<p style=\"text-align: center\" align=\"center\"><strong>Estudiantes, profesores y apoderados se reunieron con equipo Explora-UTA para afinar los \u00faltimos detalles de su viaje a Valpara\u00edso donde se efectuar\u00e1 el Congreso Nacional<\/strong><\/p>\n<p style=\"text-align: justify\"><strong><i>Preparaci\u00f3n de Hilos Biodegradables de Alginato S\u00f3dico en Soluci\u00f3n de Cloruro C\u00e1lcico<\/i><\/strong> es el proyecto ganador de educaci\u00f3n b\u00e1sica, ejecutado por Guilliana Ferrerira y Scarlett Rojas y guiado por la profesora Claudia Henr\u00edquez del Colegio San Jorge de Arica. <strong><i>Evaluaci\u00f3n y Propuesta de la Utilizaci\u00f3n de Ma\u00edz Llute\u00f1o como fuente de Bioetanol <\/i><\/strong>es el proyecto ganador de Educaci\u00f3n Media, ejecutado por Mat\u00edas Miranda y Felipe Huenull y guiado por la profesora Ana Mar\u00eda Olivares del Liceo Domingo Santa Mar\u00eda. Ambos equipos ganadores del <strong>X Congreso Regional Escolar de Ciencia\u00a0 Tecnolog\u00eda Arica y Parinacota<\/strong> representar\u00e1n a la regi\u00f3n en el <strong>XVI Congreso Nacional Escolar de Ciencia y Tecnolog\u00eda Explora Conicyt <\/strong>que se llevar\u00e1 a cabo los d\u00edas 24, 25 y 26 de noviembre en Valpara\u00edso.<\/p>\n<p style=\"text-align: justify\">Tras su destacada presentaci\u00f3n en Arica, los y las estudiantes junto a sus profesoras y apoderados, se reunieron con el equipo de Explora-UTA encabezado por Eliana Belmonte Schwarzbaum y el Director General de Investigaci\u00f3n de la Universidad de Tarapac\u00e1, Dr. Horacio D\u00edaz Rojas para hablar sobre el viaje que realizar\u00e1n los j\u00f3venes y conocer la reglamentaci\u00f3n interna del Congreso Regional Escolar que congregar\u00e1 a los equipos ganadores de todas las regiones del pa\u00eds.<\/p>\n<p style=\"text-align: justify\">En el encuentro se destac\u00f3 la relevancia de que nuestros estudiantes vivan experiencias enriquecedoras como esta, ya que permite no s\u00f3lo mostrar el resultado de sus investigaciones, sino que adem\u00e1s, les da la oportunidad de vincularse desde temprana edad con pares que tambi\u00e9n est\u00e1n interesados en el desarrollo cient\u00edfico.<\/p>\n<p style=\"text-align: justify\">El Director General de Investigaci\u00f3n de la UTA, Dr. Horacio D\u00edaz, destac\u00f3 la importancia de la reuni\u00f3n: <i>\u201cReunirnos con nuestros ganadores regionales permite que todos tengan claro qu\u00e9 hay que hacer y ayuda a que los padres conozcan a la comitiva Explora que acompa\u00f1ar\u00e1 a sus hijos y est\u00e9n m\u00e1s tranquilos respecto al viaje al Congreso Nacional\u201d. <\/i><\/p>\n<p style=\"text-align: justify\">Por su parte una de las profesoras que viaja con sus estudiantes, Claudia Henr\u00edquez, se refiri\u00f3 al proceso previo al viaje en el que se encuentran con sus estudiantes: <i>\u201cEstamos trabajando y preparando las presentaciones para Valpara\u00edso, hay expectaci\u00f3n, pero vamos con la disposici\u00f3n de conocer y mostrar lo que hemos hecho\u201d.<\/i><\/p>\n<p style=\"text-align: justify\">Una de las apoderadas, Sra. Karen Rojas se refiri\u00f3 a lo positivo que ser\u00e1 el viaje que realizar\u00e1n los estudiantes y respecto de su hija: \u201c<i>Ser\u00e1 una linda experiencia para ella, va a ser provechosa, es chiquitita, pero creo que le va a servir mucho. Se han preparado bastante, pero ser\u00e1 una gran vivencia. Conf\u00edo en la organizaci\u00f3n y espero que todo salga bonito y que disfrute\u201d. <\/i><\/p>\n<p style=\"text-align: justify\"><i>\u00a0<\/i><\/p>\n<p style=\"text-align: justify\">La reuni\u00f3n sirvi\u00f3 para conocer el itinerario del viaje y, tambi\u00e9n, para generar una instancia donde los participantes del Congreso se conozcan entre ellos y a Daniela Bahamondes y Eliana Belmonte, las representantes del equipo Explora-UTA, que las acompa\u00f1ar\u00e1n en el viaje.<\/p>\n<p style=\"text-align: justify\">Al finalizar la actividad Eliana Belmonte, acad\u00e9mica de la Facultad de Ciencias y Directora de la Iniciativa Explora-UTA 2015, enfatiz\u00f3 acerca de la participaci\u00f3n de estudiantes al Congreso Nacional: \u201cEs una gran satisfacci\u00f3n formar parte de la Delegaci\u00f3n Explora-UTA formada por estudiantes de b\u00e1sica y media de la regi\u00f3n Arica y Parinacota quienes junto a sus profesoras competir\u00e1n sanamente en el Congreso Regional Escolar, vivir\u00e1n experiencias \u00fanicas y compartir\u00e1n con ni\u00f1as, ni\u00f1os y j\u00f3venes de todo el pa\u00eds, en torno a la ciencia y la tecnolog\u00eda\u201d.<\/p>\n<p style=\"text-align: justify\">La delegaci\u00f3n formada por los equipos de educaci\u00f3n b\u00e1sica del Colegio San jorge y de educaci\u00f3n media del Liceo Domingo Santa Mar\u00eda, junto al Equipo Explora-UTA, partir\u00e1n a Valpara\u00edso el pr\u00f3ximo lunes 23 de noviembre al medio d\u00edo desde la puerta principal del Campus Vel\u00e1squez, donde ser\u00e1n despedida por autoridades.\u00a0<\/p>\n<p style=\"text-align: justify\">por Marcela P\u00e9rez Sep\u00falveda\u00a0<\/p>\n<p>\u00a0<\/p>\n","protected":false},"excerpt":{"rendered":"<p>\u00a0 Estudiantes, profesores y apoderados se reunieron con equipo Explora-UTA para afinar los \u00faltimos detalles de su viaje a Valpara\u00edso donde se efectuar\u00e1 el Congreso Nacional Preparaci\u00f3n de Hilos Biodegradables de Alginato S\u00f3dico en Soluci\u00f3n de Cloruro C\u00e1lcico es el proyecto ganador de educaci\u00f3n b\u00e1sica, ejecutado por Guilliana Ferrerira y Scarlett Rojas y guiado por [&hellip;]<\/p>\n","protected":false},"author":2,"featured_media":0,"comment_status":"open","ping_status":"open","sticky":false,"template":"","format":"standard","meta":{"_acf_changed":false,"_exactmetrics_skip_tracking":false,"_exactmetrics_sitenote_active":false,"_exactmetrics_sitenote_note":"","_exactmetrics_sitenote_category":0,"footnotes":"","_links_to":"","_links_to_target":""},"categories":[4],"tags":[],"class_list":["post-32113","post","type-post","status-publish","format-standard","hentry","category-noticias"],"acf":[],"yoast_head":"<!-- This site is optimized with the Yoast SEO plugin v26.7 - https:\/\/yoast.com\/wordpress\/plugins\/seo\/ -->\n<title>Estudiantes Arique\u00f1os Ganadores del Congreso Regional se preparan para participar del XVI Congreso Nacional Escolar de Ciencia y Tecnolog\u00eda Explora Conicyt - Arica y Parinacota<\/title>\n<meta name=\"robots\" content=\"index, follow, max-snippet:-1, max-image-preview:large, max-video-preview:-1\" \/>\n<link rel=\"canonical\" href=\"https:\/\/dev.explora.cl\/aricayparinacota\/estudiantes-ariquenos-ganadores-del-congreso-regional-se-preparan-para-participar-del-xvi-congreso-nacional-escolar-de-ciencia-y-tecnologia-explora-conicyt\/\" class=\"yoast-seo-meta-tag\" \/>\n<meta property=\"og:locale\" content=\"es_ES\" class=\"yoast-seo-meta-tag\" \/>\n<meta property=\"og:type\" content=\"article\" class=\"yoast-seo-meta-tag\" \/>\n<meta property=\"og:title\" content=\"Estudiantes Arique\u00f1os Ganadores del Congreso Regional se preparan para participar del XVI Congreso Nacional Escolar de Ciencia y Tecnolog\u00eda Explora Conicyt - Arica y Parinacota\" class=\"yoast-seo-meta-tag\" \/>\n<meta property=\"og:description\" content=\"\u00a0 Estudiantes, profesores y apoderados se reunieron con equipo Explora-UTA para afinar los \u00faltimos detalles de su viaje a Valpara\u00edso donde se efectuar\u00e1 el Congreso Nacional Preparaci\u00f3n de Hilos Biodegradables de Alginato S\u00f3dico en Soluci\u00f3n de Cloruro C\u00e1lcico es el proyecto ganador de educaci\u00f3n b\u00e1sica, ejecutado por Guilliana Ferrerira y Scarlett Rojas y guiado por [&hellip;]\" class=\"yoast-seo-meta-tag\" \/>\n<meta property=\"og:url\" content=\"https:\/\/dev.explora.cl\/aricayparinacota\/estudiantes-ariquenos-ganadores-del-congreso-regional-se-preparan-para-participar-del-xvi-congreso-nacional-escolar-de-ciencia-y-tecnologia-explora-conicyt\/\" class=\"yoast-seo-meta-tag\" \/>\n<meta property=\"og:site_name\" content=\"Arica y Parinacota\" class=\"yoast-seo-meta-tag\" \/>\n<meta property=\"article:published_time\" content=\"2015-11-20T00:00:00+00:00\" class=\"yoast-seo-meta-tag\" \/>\n<meta property=\"article:modified_time\" content=\"2019-05-09T21:24:30+00:00\" class=\"yoast-seo-meta-tag\" \/>\n<meta name=\"author\" content=\"webman\" class=\"yoast-seo-meta-tag\" \/>\n<meta name=\"twitter:card\" content=\"summary_large_image\" class=\"yoast-seo-meta-tag\" \/>\n<meta name=\"twitter:label1\" content=\"Escrito por\" class=\"yoast-seo-meta-tag\" \/>\n\t<meta name=\"twitter:data1\" content=\"webman\" class=\"yoast-seo-meta-tag\" \/>\n\t<meta name=\"twitter:label2\" content=\"Tiempo estimado de lectura\" class=\"yoast-seo-meta-tag\" \/>\n\t<meta name=\"twitter:data2\" content=\"4 minutos\" class=\"yoast-seo-meta-tag\" \/>\n<script type=\"application\/ld+json\" class=\"yoast-schema-graph\">{\"@context\":\"https:\/\/schema.org\",\"@graph\":[{\"@type\":\"Article\",\"@id\":\"https:\/\/dev.explora.cl\/aricayparinacota\/estudiantes-ariquenos-ganadores-del-congreso-regional-se-preparan-para-participar-del-xvi-congreso-nacional-escolar-de-ciencia-y-tecnologia-explora-conicyt\/#article\",\"isPartOf\":{\"@id\":\"https:\/\/dev.explora.cl\/aricayparinacota\/estudiantes-ariquenos-ganadores-del-congreso-regional-se-preparan-para-participar-del-xvi-congreso-nacional-escolar-de-ciencia-y-tecnologia-explora-conicyt\/\"},\"author\":{\"name\":\"webman\",\"@id\":\"https:\/\/dev.explora.cl\/aricayparinacota\/#\/schema\/person\/cb8349c13ea2d324080adf8480d7ba5d\"},\"headline\":\"Estudiantes Arique\u00f1os Ganadores del Congreso Regional se preparan para participar del XVI Congreso Nacional Escolar de Ciencia y Tecnolog\u00eda Explora Conicyt\",\"datePublished\":\"2015-11-20T00:00:00+00:00\",\"dateModified\":\"2019-05-09T21:24:30+00:00\",\"mainEntityOfPage\":{\"@id\":\"https:\/\/dev.explora.cl\/aricayparinacota\/estudiantes-ariquenos-ganadores-del-congreso-regional-se-preparan-para-participar-del-xvi-congreso-nacional-escolar-de-ciencia-y-tecnologia-explora-conicyt\/\"},\"wordCount\":725,\"commentCount\":0,\"publisher\":{\"@id\":\"https:\/\/dev.explora.cl\/aricayparinacota\/#organization\"},\"articleSection\":[\"Noticias\"],\"inLanguage\":\"es-CL\",\"potentialAction\":[{\"@type\":\"CommentAction\",\"name\":\"Comment\",\"target\":[\"https:\/\/dev.explora.cl\/aricayparinacota\/estudiantes-ariquenos-ganadores-del-congreso-regional-se-preparan-para-participar-del-xvi-congreso-nacional-escolar-de-ciencia-y-tecnologia-explora-conicyt\/#respond\"]}]},{\"@type\":\"WebPage\",\"@id\":\"https:\/\/dev.explora.cl\/aricayparinacota\/estudiantes-ariquenos-ganadores-del-congreso-regional-se-preparan-para-participar-del-xvi-congreso-nacional-escolar-de-ciencia-y-tecnologia-explora-conicyt\/\",\"url\":\"https:\/\/dev.explora.cl\/aricayparinacota\/estudiantes-ariquenos-ganadores-del-congreso-regional-se-preparan-para-participar-del-xvi-congreso-nacional-escolar-de-ciencia-y-tecnologia-explora-conicyt\/\",\"name\":\"Estudiantes Arique\u00f1os Ganadores del Congreso Regional se preparan para participar del XVI Congreso Nacional Escolar de Ciencia y Tecnolog\u00eda Explora Conicyt - Arica y Parinacota\",\"isPartOf\":{\"@id\":\"https:\/\/dev.explora.cl\/aricayparinacota\/#website\"},\"datePublished\":\"2015-11-20T00:00:00+00:00\",\"dateModified\":\"2019-05-09T21:24:30+00:00\",\"breadcrumb\":{\"@id\":\"https:\/\/dev.explora.cl\/aricayparinacota\/estudiantes-ariquenos-ganadores-del-congreso-regional-se-preparan-para-participar-del-xvi-congreso-nacional-escolar-de-ciencia-y-tecnologia-explora-conicyt\/#breadcrumb\"},\"inLanguage\":\"es-CL\",\"potentialAction\":[{\"@type\":\"ReadAction\",\"target\":[\"https:\/\/dev.explora.cl\/aricayparinacota\/estudiantes-ariquenos-ganadores-del-congreso-regional-se-preparan-para-participar-del-xvi-congreso-nacional-escolar-de-ciencia-y-tecnologia-explora-conicyt\/\"]}]},{\"@type\":\"BreadcrumbList\",\"@id\":\"https:\/\/dev.explora.cl\/aricayparinacota\/estudiantes-ariquenos-ganadores-del-congreso-regional-se-preparan-para-participar-del-xvi-congreso-nacional-escolar-de-ciencia-y-tecnologia-explora-conicyt\/#breadcrumb\",\"itemListElement\":[{\"@type\":\"ListItem\",\"position\":1,\"name\":\"Portada\",\"item\":\"https:\/\/dev.explora.cl\/aricayparinacota\/\"},{\"@type\":\"ListItem\",\"position\":2,\"name\":\"Estudiantes Arique\u00f1os Ganadores del Congreso Regional se preparan para participar del XVI Congreso Nacional Escolar de Ciencia y Tecnolog\u00eda Explora Conicyt\"}]},{\"@type\":\"WebSite\",\"@id\":\"https:\/\/dev.explora.cl\/aricayparinacota\/#website\",\"url\":\"https:\/\/dev.explora.cl\/aricayparinacota\/\",\"name\":\"Arica y Parinacota\",\"description\":\"Otro sitio m\u00e1s de dev.explora.cl\",\"publisher\":{\"@id\":\"https:\/\/dev.explora.cl\/aricayparinacota\/#organization\"},\"potentialAction\":[{\"@type\":\"SearchAction\",\"target\":{\"@type\":\"EntryPoint\",\"urlTemplate\":\"https:\/\/dev.explora.cl\/aricayparinacota\/?s={search_term_string}\"},\"query-input\":{\"@type\":\"PropertyValueSpecification\",\"valueRequired\":true,\"valueName\":\"search_term_string\"}}],\"inLanguage\":\"es-CL\"},{\"@type\":\"Organization\",\"@id\":\"https:\/\/dev.explora.cl\/aricayparinacota\/#organization\",\"name\":\"Arica y Parinacota\",\"url\":\"https:\/\/dev.explora.cl\/aricayparinacota\/\",\"logo\":{\"@type\":\"ImageObject\",\"inLanguage\":\"es-CL\",\"@id\":\"https:\/\/dev.explora.cl\/aricayparinacota\/#\/schema\/logo\/image\/\",\"url\":\"https:\/\/dev.explora.cl\/aricayparinacota\/wp-content\/uploads\/sites\/2\/2020\/08\/cropped-nuevosa-logos-11.png\",\"contentUrl\":\"https:\/\/dev.explora.cl\/aricayparinacota\/wp-content\/uploads\/sites\/2\/2020\/08\/cropped-nuevosa-logos-11.png\",\"width\":812,\"height\":937,\"caption\":\"Arica y Parinacota\"},\"image\":{\"@id\":\"https:\/\/dev.explora.cl\/aricayparinacota\/#\/schema\/logo\/image\/\"}},{\"@type\":\"Person\",\"@id\":\"https:\/\/dev.explora.cl\/aricayparinacota\/#\/schema\/person\/cb8349c13ea2d324080adf8480d7ba5d\",\"name\":\"webman\",\"image\":{\"@type\":\"ImageObject\",\"inLanguage\":\"es-CL\",\"@id\":\"https:\/\/dev.explora.cl\/aricayparinacota\/#\/schema\/person\/image\/\",\"url\":\"https:\/\/secure.gravatar.com\/avatar\/eeff3c82f2c02f7177d13663b7e6f890e9a6a0647ce9bb29cae02dcb094c7312?s=96&d=mm&r=g\",\"contentUrl\":\"https:\/\/secure.gravatar.com\/avatar\/eeff3c82f2c02f7177d13663b7e6f890e9a6a0647ce9bb29cae02dcb094c7312?s=96&d=mm&r=g\",\"caption\":\"webman\"},\"url\":\"https:\/\/dev.explora.cl\/aricayparinacota\/author\/webman\/\"}]}<\/script>\n<!-- \/ Yoast SEO plugin. -->","yoast_head_json":{"title":"Estudiantes Arique\u00f1os Ganadores del Congreso Regional se preparan para participar del XVI Congreso Nacional Escolar de Ciencia y Tecnolog\u00eda Explora Conicyt - Arica y Parinacota","robots":{"index":"index","follow":"follow","max-snippet":"max-snippet:-1","max-image-preview":"max-image-preview:large","max-video-preview":"max-video-preview:-1"},"canonical":"https:\/\/dev.explora.cl\/aricayparinacota\/estudiantes-ariquenos-ganadores-del-congreso-regional-se-preparan-para-participar-del-xvi-congreso-nacional-escolar-de-ciencia-y-tecnologia-explora-conicyt\/","og_locale":"es_ES","og_type":"article","og_title":"Estudiantes Arique\u00f1os Ganadores del Congreso Regional se preparan para participar del XVI Congreso Nacional Escolar de Ciencia y Tecnolog\u00eda Explora Conicyt - Arica y Parinacota","og_description":"\u00a0 Estudiantes, profesores y apoderados se reunieron con equipo Explora-UTA para afinar los \u00faltimos detalles de su viaje a Valpara\u00edso donde se efectuar\u00e1 el Congreso Nacional Preparaci\u00f3n de Hilos Biodegradables de Alginato S\u00f3dico en Soluci\u00f3n de Cloruro C\u00e1lcico es el proyecto ganador de educaci\u00f3n b\u00e1sica, ejecutado por Guilliana Ferrerira y Scarlett Rojas y guiado por [&hellip;]","og_url":"https:\/\/dev.explora.cl\/aricayparinacota\/estudiantes-ariquenos-ganadores-del-congreso-regional-se-preparan-para-participar-del-xvi-congreso-nacional-escolar-de-ciencia-y-tecnologia-explora-conicyt\/","og_site_name":"Arica y Parinacota","article_published_time":"2015-11-20T00:00:00+00:00","article_modified_time":"2019-05-09T21:24:30+00:00","author":"webman","twitter_card":"summary_large_image","twitter_misc":{"Escrito por":"webman","Tiempo estimado de lectura":"4 minutos"},"schema":{"@context":"https:\/\/schema.org","@graph":[{"@type":"Article","@id":"https:\/\/dev.explora.cl\/aricayparinacota\/estudiantes-ariquenos-ganadores-del-congreso-regional-se-preparan-para-participar-del-xvi-congreso-nacional-escolar-de-ciencia-y-tecnologia-explora-conicyt\/#article","isPartOf":{"@id":"https:\/\/dev.explora.cl\/aricayparinacota\/estudiantes-ariquenos-ganadores-del-congreso-regional-se-preparan-para-participar-del-xvi-congreso-nacional-escolar-de-ciencia-y-tecnologia-explora-conicyt\/"},"author":{"name":"webman","@id":"https:\/\/dev.explora.cl\/aricayparinacota\/#\/schema\/person\/cb8349c13ea2d324080adf8480d7ba5d"},"headline":"Estudiantes Arique\u00f1os Ganadores del Congreso Regional se preparan para participar del XVI Congreso Nacional Escolar de Ciencia y Tecnolog\u00eda Explora Conicyt","datePublished":"2015-11-20T00:00:00+00:00","dateModified":"2019-05-09T21:24:30+00:00","mainEntityOfPage":{"@id":"https:\/\/dev.explora.cl\/aricayparinacota\/estudiantes-ariquenos-ganadores-del-congreso-regional-se-preparan-para-participar-del-xvi-congreso-nacional-escolar-de-ciencia-y-tecnologia-explora-conicyt\/"},"wordCount":725,"commentCount":0,"publisher":{"@id":"https:\/\/dev.explora.cl\/aricayparinacota\/#organization"},"articleSection":["Noticias"],"inLanguage":"es-CL","potentialAction":[{"@type":"CommentAction","name":"Comment","target":["https:\/\/dev.explora.cl\/aricayparinacota\/estudiantes-ariquenos-ganadores-del-congreso-regional-se-preparan-para-participar-del-xvi-congreso-nacional-escolar-de-ciencia-y-tecnologia-explora-conicyt\/#respond"]}]},{"@type":"WebPage","@id":"https:\/\/dev.explora.cl\/aricayparinacota\/estudiantes-ariquenos-ganadores-del-congreso-regional-se-preparan-para-participar-del-xvi-congreso-nacional-escolar-de-ciencia-y-tecnologia-explora-conicyt\/","url":"https:\/\/dev.explora.cl\/aricayparinacota\/estudiantes-ariquenos-ganadores-del-congreso-regional-se-preparan-para-participar-del-xvi-congreso-nacional-escolar-de-ciencia-y-tecnologia-explora-conicyt\/","name":"Estudiantes Arique\u00f1os Ganadores del Congreso Regional se preparan para participar del XVI Congreso Nacional Escolar de Ciencia y Tecnolog\u00eda Explora Conicyt - Arica y Parinacota","isPartOf":{"@id":"https:\/\/dev.explora.cl\/aricayparinacota\/#website"},"datePublished":"2015-11-20T00:00:00+00:00","dateModified":"2019-05-09T21:24:30+00:00","breadcrumb":{"@id":"https:\/\/dev.explora.cl\/aricayparinacota\/estudiantes-ariquenos-ganadores-del-congreso-regional-se-preparan-para-participar-del-xvi-congreso-nacional-escolar-de-ciencia-y-tecnologia-explora-conicyt\/#breadcrumb"},"inLanguage":"es-CL","potentialAction":[{"@type":"ReadAction","target":["https:\/\/dev.explora.cl\/aricayparinacota\/estudiantes-ariquenos-ganadores-del-congreso-regional-se-preparan-para-participar-del-xvi-congreso-nacional-escolar-de-ciencia-y-tecnologia-explora-conicyt\/"]}]},{"@type":"BreadcrumbList","@id":"https:\/\/dev.explora.cl\/aricayparinacota\/estudiantes-ariquenos-ganadores-del-congreso-regional-se-preparan-para-participar-del-xvi-congreso-nacional-escolar-de-ciencia-y-tecnologia-explora-conicyt\/#breadcrumb","itemListElement":[{"@type":"ListItem","position":1,"name":"Portada","item":"https:\/\/dev.explora.cl\/aricayparinacota\/"},{"@type":"ListItem","position":2,"name":"Estudiantes Arique\u00f1os Ganadores del Congreso Regional se preparan para participar del XVI Congreso Nacional Escolar de Ciencia y Tecnolog\u00eda Explora Conicyt"}]},{"@type":"WebSite","@id":"https:\/\/dev.explora.cl\/aricayparinacota\/#website","url":"https:\/\/dev.explora.cl\/aricayparinacota\/","name":"Arica y Parinacota","description":"Otro sitio m\u00e1s de dev.explora.cl","publisher":{"@id":"https:\/\/dev.explora.cl\/aricayparinacota\/#organization"},"potentialAction":[{"@type":"SearchAction","target":{"@type":"EntryPoint","urlTemplate":"https:\/\/dev.explora.cl\/aricayparinacota\/?s={search_term_string}"},"query-input":{"@type":"PropertyValueSpecification","valueRequired":true,"valueName":"search_term_string"}}],"inLanguage":"es-CL"},{"@type":"Organization","@id":"https:\/\/dev.explora.cl\/aricayparinacota\/#organization","name":"Arica y Parinacota","url":"https:\/\/dev.explora.cl\/aricayparinacota\/","logo":{"@type":"ImageObject","inLanguage":"es-CL","@id":"https:\/\/dev.explora.cl\/aricayparinacota\/#\/schema\/logo\/image\/","url":"https:\/\/dev.explora.cl\/aricayparinacota\/wp-content\/uploads\/sites\/2\/2020\/08\/cropped-nuevosa-logos-11.png","contentUrl":"https:\/\/dev.explora.cl\/aricayparinacota\/wp-content\/uploads\/sites\/2\/2020\/08\/cropped-nuevosa-logos-11.png","width":812,"height":937,"caption":"Arica y Parinacota"},"image":{"@id":"https:\/\/dev.explora.cl\/aricayparinacota\/#\/schema\/logo\/image\/"}},{"@type":"Person","@id":"https:\/\/dev.explora.cl\/aricayparinacota\/#\/schema\/person\/cb8349c13ea2d324080adf8480d7ba5d","name":"webman","image":{"@type":"ImageObject","inLanguage":"es-CL","@id":"https:\/\/dev.explora.cl\/aricayparinacota\/#\/schema\/person\/image\/","url":"https:\/\/secure.gravatar.com\/avatar\/eeff3c82f2c02f7177d13663b7e6f890e9a6a0647ce9bb29cae02dcb094c7312?s=96&d=mm&r=g","contentUrl":"https:\/\/secure.gravatar.com\/avatar\/eeff3c82f2c02f7177d13663b7e6f890e9a6a0647ce9bb29cae02dcb094c7312?s=96&d=mm&r=g","caption":"webman"},"url":"https:\/\/dev.explora.cl\/aricayparinacota\/author\/webman\/"}]}},"_links":{"self":[{"href":"https:\/\/dev.explora.cl\/aricayparinacota\/wp-json\/wp\/v2\/posts\/32113","targetHints":{"allow":["GET"]}}],"collection":[{"href":"https:\/\/dev.explora.cl\/aricayparinacota\/wp-json\/wp\/v2\/posts"}],"about":[{"href":"https:\/\/dev.explora.cl\/aricayparinacota\/wp-json\/wp\/v2\/types\/post"}],"author":[{"embeddable":true,"href":"https:\/\/dev.explora.cl\/aricayparinacota\/wp-json\/wp\/v2\/users\/2"}],"replies":[{"embeddable":true,"href":"https:\/\/dev.explora.cl\/aricayparinacota\/wp-json\/wp\/v2\/comments?post=32113"}],"version-history":[{"count":1,"href":"https:\/\/dev.explora.cl\/aricayparinacota\/wp-json\/wp\/v2\/posts\/32113\/revisions"}],"predecessor-version":[{"id":32925,"href":"https:\/\/dev.explora.cl\/aricayparinacota\/wp-json\/wp\/v2\/posts\/32113\/revisions\/32925"}],"wp:attachment":[{"href":"https:\/\/dev.explora.cl\/aricayparinacota\/wp-json\/wp\/v2\/media?parent=32113"}],"wp:term":[{"taxonomy":"category","embeddable":true,"href":"https:\/\/dev.explora.cl\/aricayparinacota\/wp-json\/wp\/v2\/categories?post=32113"},{"taxonomy":"post_tag","embeddable":true,"href":"https:\/\/dev.explora.cl\/aricayparinacota\/wp-json\/wp\/v2\/tags?post=32113"}],"curies":[{"name":"wp","href":"https:\/\/api.w.org\/{rel}","templated":true}]}}