{"id":32109,"date":"2015-11-05T00:00:00","date_gmt":"2015-11-05T00:00:00","guid":{"rendered":"https:\/\/dev.explora.cl\/aricayparinacota\/blog\/2015\/11\/05\/explora-pias-de-pariticpa-en-dias-ciencia-en-mi-colegio-en-el-altiplano\/"},"modified":"2019-05-09T21:24:51","modified_gmt":"2019-05-09T21:24:51","slug":"explora-pias-de-pariticpa-en-dias-ciencia-en-mi-colegio-en-el-altiplano","status":"publish","type":"post","link":"https:\/\/dev.explora.cl\/aricayparinacota\/explora-pias-de-pariticpa-en-dias-ciencia-en-mi-colegio-en-el-altiplano\/","title":{"rendered":"Explora Participa en D\u00edas de la Ciencia en Mi Colegio en el Altiplano"},"content":{"rendered":"<p><p align=\"center\" style=\"text-align: justify\"><strong>Directora de Iniciativa Explora-UTA fue parte de las actividades de divulgaci\u00f3n y valoraci\u00f3n de la ciencia que realizaron establecimientos de Socoroma y General Lagos.<\/strong><\/p>\n<p align=\"center\" style=\"text-align: justify\">\n<p>Con el fin de seguir difundiendo la ciencia en ni\u00f1os, ni\u00f1as y j\u00f3venes de toda la regi\u00f3n la Directora de Iniciativa Explora-UTA, Eliana Belmonte Schwarzbaum, se hizo presente en la comuna de General Lagos para participar de los D\u00edas de la Ciencia en mi Colegio.<\/p>\n<p>A trav\u00e9s de Ferias Cient\u00edficas, exposiciones y actividades l\u00fadicas y culturales profesores y estudiantes potencian durante todo un d\u00eda el inter\u00e9s cient\u00edfico que tienen los ni\u00f1os, ni\u00f1as y j\u00f3venes; los cuales buscan encontrar respuesta o soluci\u00f3n a sus inquietudes y problemas cotidianos.<\/p>\n<p>En ese contexto, Explora apoya las jornadas mediante la realizaci\u00f3n de actividades conjuntas que, tras reuniones previas, se acordaron realizar durante estos d\u00edas. Una de ellas se llama \u201cFlores de mi Jard\u00edn\u201d charla que llevar\u00e1 a cabo la Directora de iniciativa Explora-UTA, Acad\u00e9mica Magister en Bot\u00e1nica, quien a trav\u00e9s de una charla hablar\u00e1 sobre la flora nativa del altiplano.<\/p>\n<p>Antes de partir a las actividades, Eliana Belmonte destac\u00f3 la relevancia de la vinculaci\u00f3n que existe entre los colegios y Explora: \u201cLa relaci\u00f3n ha sido intensa y muy participativa y cada vez que uno llega a un colegio y a una escuela con un alumno o con cinco alumno est\u00e1n siempre muy dispuestos a recibirnos y nosotros como explora siempre tuvimos un dise\u00f1o de cobertura total en la regi\u00f3n y eso estamos haciendo\u201d.<\/p>\n<p>Los D\u00edas de la Ciencia en Mi Colegio continuar\u00e1n durante la pr\u00f3xima semana, con actividades en Illapata, Chitita, Pampa Camarones, Cuya y Chaca.&nbsp;<\/p>\n<p>&nbsp;<\/p>\n<p>Por Marcela P\u00e9rez Sep\u00falveda<\/p><\/p>\n","protected":false},"excerpt":{"rendered":"<p>Directora de Iniciativa Explora-UTA fue parte de las actividades de divulgaci\u00f3n y valoraci\u00f3n de la ciencia que realizaron establecimientos de Socoroma y General Lagos. Con el fin de seguir difundiendo la ciencia en ni\u00f1os, ni\u00f1as y j\u00f3venes de toda la regi\u00f3n la Directora de Iniciativa Explora-UTA, Eliana Belmonte Schwarzbaum, se hizo presente en la comuna [&hellip;]<\/p>\n","protected":false},"author":2,"featured_media":0,"comment_status":"open","ping_status":"open","sticky":false,"template":"","format":"standard","meta":{"_acf_changed":false,"_exactmetrics_skip_tracking":false,"_exactmetrics_sitenote_active":false,"_exactmetrics_sitenote_note":"","_exactmetrics_sitenote_category":0,"footnotes":"","_links_to":"","_links_to_target":""},"categories":[4],"tags":[],"class_list":["post-32109","post","type-post","status-publish","format-standard","hentry","category-noticias"],"acf":[],"yoast_head":"<!-- This site is optimized with the Yoast SEO plugin v26.7 - https:\/\/yoast.com\/wordpress\/plugins\/seo\/ -->\n<title>Explora Participa en D\u00edas de la Ciencia en Mi Colegio en el Altiplano - Arica y Parinacota<\/title>\n<meta name=\"robots\" content=\"index, follow, max-snippet:-1, max-image-preview:large, max-video-preview:-1\" \/>\n<link rel=\"canonical\" href=\"https:\/\/dev.explora.cl\/aricayparinacota\/explora-pias-de-pariticpa-en-dias-ciencia-en-mi-colegio-en-el-altiplano\/\" class=\"yoast-seo-meta-tag\" \/>\n<meta property=\"og:locale\" content=\"es_ES\" class=\"yoast-seo-meta-tag\" \/>\n<meta property=\"og:type\" content=\"article\" class=\"yoast-seo-meta-tag\" \/>\n<meta property=\"og:title\" content=\"Explora Participa en D\u00edas de la Ciencia en Mi Colegio en el Altiplano - Arica y Parinacota\" class=\"yoast-seo-meta-tag\" \/>\n<meta property=\"og:description\" content=\"Directora de Iniciativa Explora-UTA fue parte de las actividades de divulgaci\u00f3n y valoraci\u00f3n de la ciencia que realizaron establecimientos de Socoroma y General Lagos. Con el fin de seguir difundiendo la ciencia en ni\u00f1os, ni\u00f1as y j\u00f3venes de toda la regi\u00f3n la Directora de Iniciativa Explora-UTA, Eliana Belmonte Schwarzbaum, se hizo presente en la comuna [&hellip;]\" class=\"yoast-seo-meta-tag\" \/>\n<meta property=\"og:url\" content=\"https:\/\/dev.explora.cl\/aricayparinacota\/explora-pias-de-pariticpa-en-dias-ciencia-en-mi-colegio-en-el-altiplano\/\" class=\"yoast-seo-meta-tag\" \/>\n<meta property=\"og:site_name\" content=\"Arica y Parinacota\" class=\"yoast-seo-meta-tag\" \/>\n<meta property=\"article:published_time\" content=\"2015-11-05T00:00:00+00:00\" class=\"yoast-seo-meta-tag\" \/>\n<meta property=\"article:modified_time\" content=\"2019-05-09T21:24:51+00:00\" class=\"yoast-seo-meta-tag\" \/>\n<meta name=\"author\" content=\"webman\" class=\"yoast-seo-meta-tag\" \/>\n<meta name=\"twitter:card\" content=\"summary_large_image\" class=\"yoast-seo-meta-tag\" \/>\n<meta name=\"twitter:label1\" content=\"Escrito por\" class=\"yoast-seo-meta-tag\" \/>\n\t<meta name=\"twitter:data1\" content=\"webman\" class=\"yoast-seo-meta-tag\" \/>\n\t<meta name=\"twitter:label2\" content=\"Tiempo estimado de lectura\" class=\"yoast-seo-meta-tag\" \/>\n\t<meta name=\"twitter:data2\" content=\"2 minutos\" class=\"yoast-seo-meta-tag\" \/>\n<script type=\"application\/ld+json\" class=\"yoast-schema-graph\">{\"@context\":\"https:\/\/schema.org\",\"@graph\":[{\"@type\":\"Article\",\"@id\":\"https:\/\/dev.explora.cl\/aricayparinacota\/explora-pias-de-pariticpa-en-dias-ciencia-en-mi-colegio-en-el-altiplano\/#article\",\"isPartOf\":{\"@id\":\"https:\/\/dev.explora.cl\/aricayparinacota\/explora-pias-de-pariticpa-en-dias-ciencia-en-mi-colegio-en-el-altiplano\/\"},\"author\":{\"name\":\"webman\",\"@id\":\"https:\/\/dev.explora.cl\/aricayparinacota\/#\/schema\/person\/cb8349c13ea2d324080adf8480d7ba5d\"},\"headline\":\"Explora Participa en D\u00edas de la Ciencia en Mi Colegio en el Altiplano\",\"datePublished\":\"2015-11-05T00:00:00+00:00\",\"dateModified\":\"2019-05-09T21:24:51+00:00\",\"mainEntityOfPage\":{\"@id\":\"https:\/\/dev.explora.cl\/aricayparinacota\/explora-pias-de-pariticpa-en-dias-ciencia-en-mi-colegio-en-el-altiplano\/\"},\"wordCount\":319,\"commentCount\":0,\"publisher\":{\"@id\":\"https:\/\/dev.explora.cl\/aricayparinacota\/#organization\"},\"articleSection\":[\"Noticias\"],\"inLanguage\":\"es-CL\",\"potentialAction\":[{\"@type\":\"CommentAction\",\"name\":\"Comment\",\"target\":[\"https:\/\/dev.explora.cl\/aricayparinacota\/explora-pias-de-pariticpa-en-dias-ciencia-en-mi-colegio-en-el-altiplano\/#respond\"]}]},{\"@type\":\"WebPage\",\"@id\":\"https:\/\/dev.explora.cl\/aricayparinacota\/explora-pias-de-pariticpa-en-dias-ciencia-en-mi-colegio-en-el-altiplano\/\",\"url\":\"https:\/\/dev.explora.cl\/aricayparinacota\/explora-pias-de-pariticpa-en-dias-ciencia-en-mi-colegio-en-el-altiplano\/\",\"name\":\"Explora Participa en D\u00edas de la Ciencia en Mi Colegio en el Altiplano - Arica y Parinacota\",\"isPartOf\":{\"@id\":\"https:\/\/dev.explora.cl\/aricayparinacota\/#website\"},\"datePublished\":\"2015-11-05T00:00:00+00:00\",\"dateModified\":\"2019-05-09T21:24:51+00:00\",\"breadcrumb\":{\"@id\":\"https:\/\/dev.explora.cl\/aricayparinacota\/explora-pias-de-pariticpa-en-dias-ciencia-en-mi-colegio-en-el-altiplano\/#breadcrumb\"},\"inLanguage\":\"es-CL\",\"potentialAction\":[{\"@type\":\"ReadAction\",\"target\":[\"https:\/\/dev.explora.cl\/aricayparinacota\/explora-pias-de-pariticpa-en-dias-ciencia-en-mi-colegio-en-el-altiplano\/\"]}]},{\"@type\":\"BreadcrumbList\",\"@id\":\"https:\/\/dev.explora.cl\/aricayparinacota\/explora-pias-de-pariticpa-en-dias-ciencia-en-mi-colegio-en-el-altiplano\/#breadcrumb\",\"itemListElement\":[{\"@type\":\"ListItem\",\"position\":1,\"name\":\"Portada\",\"item\":\"https:\/\/dev.explora.cl\/aricayparinacota\/\"},{\"@type\":\"ListItem\",\"position\":2,\"name\":\"Explora Participa en D\u00edas de la Ciencia en Mi Colegio en el Altiplano\"}]},{\"@type\":\"WebSite\",\"@id\":\"https:\/\/dev.explora.cl\/aricayparinacota\/#website\",\"url\":\"https:\/\/dev.explora.cl\/aricayparinacota\/\",\"name\":\"Arica y Parinacota\",\"description\":\"Otro sitio m\u00e1s de dev.explora.cl\",\"publisher\":{\"@id\":\"https:\/\/dev.explora.cl\/aricayparinacota\/#organization\"},\"potentialAction\":[{\"@type\":\"SearchAction\",\"target\":{\"@type\":\"EntryPoint\",\"urlTemplate\":\"https:\/\/dev.explora.cl\/aricayparinacota\/?s={search_term_string}\"},\"query-input\":{\"@type\":\"PropertyValueSpecification\",\"valueRequired\":true,\"valueName\":\"search_term_string\"}}],\"inLanguage\":\"es-CL\"},{\"@type\":\"Organization\",\"@id\":\"https:\/\/dev.explora.cl\/aricayparinacota\/#organization\",\"name\":\"Arica y Parinacota\",\"url\":\"https:\/\/dev.explora.cl\/aricayparinacota\/\",\"logo\":{\"@type\":\"ImageObject\",\"inLanguage\":\"es-CL\",\"@id\":\"https:\/\/dev.explora.cl\/aricayparinacota\/#\/schema\/logo\/image\/\",\"url\":\"https:\/\/dev.explora.cl\/aricayparinacota\/wp-content\/uploads\/sites\/2\/2020\/08\/cropped-nuevosa-logos-11.png\",\"contentUrl\":\"https:\/\/dev.explora.cl\/aricayparinacota\/wp-content\/uploads\/sites\/2\/2020\/08\/cropped-nuevosa-logos-11.png\",\"width\":812,\"height\":937,\"caption\":\"Arica y Parinacota\"},\"image\":{\"@id\":\"https:\/\/dev.explora.cl\/aricayparinacota\/#\/schema\/logo\/image\/\"}},{\"@type\":\"Person\",\"@id\":\"https:\/\/dev.explora.cl\/aricayparinacota\/#\/schema\/person\/cb8349c13ea2d324080adf8480d7ba5d\",\"name\":\"webman\",\"image\":{\"@type\":\"ImageObject\",\"inLanguage\":\"es-CL\",\"@id\":\"https:\/\/dev.explora.cl\/aricayparinacota\/#\/schema\/person\/image\/\",\"url\":\"https:\/\/secure.gravatar.com\/avatar\/eeff3c82f2c02f7177d13663b7e6f890e9a6a0647ce9bb29cae02dcb094c7312?s=96&d=mm&r=g\",\"contentUrl\":\"https:\/\/secure.gravatar.com\/avatar\/eeff3c82f2c02f7177d13663b7e6f890e9a6a0647ce9bb29cae02dcb094c7312?s=96&d=mm&r=g\",\"caption\":\"webman\"},\"url\":\"https:\/\/dev.explora.cl\/aricayparinacota\/author\/webman\/\"}]}<\/script>\n<!-- \/ Yoast SEO plugin. -->","yoast_head_json":{"title":"Explora Participa en D\u00edas de la Ciencia en Mi Colegio en el Altiplano - Arica y Parinacota","robots":{"index":"index","follow":"follow","max-snippet":"max-snippet:-1","max-image-preview":"max-image-preview:large","max-video-preview":"max-video-preview:-1"},"canonical":"https:\/\/dev.explora.cl\/aricayparinacota\/explora-pias-de-pariticpa-en-dias-ciencia-en-mi-colegio-en-el-altiplano\/","og_locale":"es_ES","og_type":"article","og_title":"Explora Participa en D\u00edas de la Ciencia en Mi Colegio en el Altiplano - Arica y Parinacota","og_description":"Directora de Iniciativa Explora-UTA fue parte de las actividades de divulgaci\u00f3n y valoraci\u00f3n de la ciencia que realizaron establecimientos de Socoroma y General Lagos. Con el fin de seguir difundiendo la ciencia en ni\u00f1os, ni\u00f1as y j\u00f3venes de toda la regi\u00f3n la Directora de Iniciativa Explora-UTA, Eliana Belmonte Schwarzbaum, se hizo presente en la comuna [&hellip;]","og_url":"https:\/\/dev.explora.cl\/aricayparinacota\/explora-pias-de-pariticpa-en-dias-ciencia-en-mi-colegio-en-el-altiplano\/","og_site_name":"Arica y Parinacota","article_published_time":"2015-11-05T00:00:00+00:00","article_modified_time":"2019-05-09T21:24:51+00:00","author":"webman","twitter_card":"summary_large_image","twitter_misc":{"Escrito por":"webman","Tiempo estimado de lectura":"2 minutos"},"schema":{"@context":"https:\/\/schema.org","@graph":[{"@type":"Article","@id":"https:\/\/dev.explora.cl\/aricayparinacota\/explora-pias-de-pariticpa-en-dias-ciencia-en-mi-colegio-en-el-altiplano\/#article","isPartOf":{"@id":"https:\/\/dev.explora.cl\/aricayparinacota\/explora-pias-de-pariticpa-en-dias-ciencia-en-mi-colegio-en-el-altiplano\/"},"author":{"name":"webman","@id":"https:\/\/dev.explora.cl\/aricayparinacota\/#\/schema\/person\/cb8349c13ea2d324080adf8480d7ba5d"},"headline":"Explora Participa en D\u00edas de la Ciencia en Mi Colegio en el Altiplano","datePublished":"2015-11-05T00:00:00+00:00","dateModified":"2019-05-09T21:24:51+00:00","mainEntityOfPage":{"@id":"https:\/\/dev.explora.cl\/aricayparinacota\/explora-pias-de-pariticpa-en-dias-ciencia-en-mi-colegio-en-el-altiplano\/"},"wordCount":319,"commentCount":0,"publisher":{"@id":"https:\/\/dev.explora.cl\/aricayparinacota\/#organization"},"articleSection":["Noticias"],"inLanguage":"es-CL","potentialAction":[{"@type":"CommentAction","name":"Comment","target":["https:\/\/dev.explora.cl\/aricayparinacota\/explora-pias-de-pariticpa-en-dias-ciencia-en-mi-colegio-en-el-altiplano\/#respond"]}]},{"@type":"WebPage","@id":"https:\/\/dev.explora.cl\/aricayparinacota\/explora-pias-de-pariticpa-en-dias-ciencia-en-mi-colegio-en-el-altiplano\/","url":"https:\/\/dev.explora.cl\/aricayparinacota\/explora-pias-de-pariticpa-en-dias-ciencia-en-mi-colegio-en-el-altiplano\/","name":"Explora Participa en D\u00edas de la Ciencia en Mi Colegio en el Altiplano - Arica y Parinacota","isPartOf":{"@id":"https:\/\/dev.explora.cl\/aricayparinacota\/#website"},"datePublished":"2015-11-05T00:00:00+00:00","dateModified":"2019-05-09T21:24:51+00:00","breadcrumb":{"@id":"https:\/\/dev.explora.cl\/aricayparinacota\/explora-pias-de-pariticpa-en-dias-ciencia-en-mi-colegio-en-el-altiplano\/#breadcrumb"},"inLanguage":"es-CL","potentialAction":[{"@type":"ReadAction","target":["https:\/\/dev.explora.cl\/aricayparinacota\/explora-pias-de-pariticpa-en-dias-ciencia-en-mi-colegio-en-el-altiplano\/"]}]},{"@type":"BreadcrumbList","@id":"https:\/\/dev.explora.cl\/aricayparinacota\/explora-pias-de-pariticpa-en-dias-ciencia-en-mi-colegio-en-el-altiplano\/#breadcrumb","itemListElement":[{"@type":"ListItem","position":1,"name":"Portada","item":"https:\/\/dev.explora.cl\/aricayparinacota\/"},{"@type":"ListItem","position":2,"name":"Explora Participa en D\u00edas de la Ciencia en Mi Colegio en el Altiplano"}]},{"@type":"WebSite","@id":"https:\/\/dev.explora.cl\/aricayparinacota\/#website","url":"https:\/\/dev.explora.cl\/aricayparinacota\/","name":"Arica y Parinacota","description":"Otro sitio m\u00e1s de dev.explora.cl","publisher":{"@id":"https:\/\/dev.explora.cl\/aricayparinacota\/#organization"},"potentialAction":[{"@type":"SearchAction","target":{"@type":"EntryPoint","urlTemplate":"https:\/\/dev.explora.cl\/aricayparinacota\/?s={search_term_string}"},"query-input":{"@type":"PropertyValueSpecification","valueRequired":true,"valueName":"search_term_string"}}],"inLanguage":"es-CL"},{"@type":"Organization","@id":"https:\/\/dev.explora.cl\/aricayparinacota\/#organization","name":"Arica y Parinacota","url":"https:\/\/dev.explora.cl\/aricayparinacota\/","logo":{"@type":"ImageObject","inLanguage":"es-CL","@id":"https:\/\/dev.explora.cl\/aricayparinacota\/#\/schema\/logo\/image\/","url":"https:\/\/dev.explora.cl\/aricayparinacota\/wp-content\/uploads\/sites\/2\/2020\/08\/cropped-nuevosa-logos-11.png","contentUrl":"https:\/\/dev.explora.cl\/aricayparinacota\/wp-content\/uploads\/sites\/2\/2020\/08\/cropped-nuevosa-logos-11.png","width":812,"height":937,"caption":"Arica y Parinacota"},"image":{"@id":"https:\/\/dev.explora.cl\/aricayparinacota\/#\/schema\/logo\/image\/"}},{"@type":"Person","@id":"https:\/\/dev.explora.cl\/aricayparinacota\/#\/schema\/person\/cb8349c13ea2d324080adf8480d7ba5d","name":"webman","image":{"@type":"ImageObject","inLanguage":"es-CL","@id":"https:\/\/dev.explora.cl\/aricayparinacota\/#\/schema\/person\/image\/","url":"https:\/\/secure.gravatar.com\/avatar\/eeff3c82f2c02f7177d13663b7e6f890e9a6a0647ce9bb29cae02dcb094c7312?s=96&d=mm&r=g","contentUrl":"https:\/\/secure.gravatar.com\/avatar\/eeff3c82f2c02f7177d13663b7e6f890e9a6a0647ce9bb29cae02dcb094c7312?s=96&d=mm&r=g","caption":"webman"},"url":"https:\/\/dev.explora.cl\/aricayparinacota\/author\/webman\/"}]}},"_links":{"self":[{"href":"https:\/\/dev.explora.cl\/aricayparinacota\/wp-json\/wp\/v2\/posts\/32109","targetHints":{"allow":["GET"]}}],"collection":[{"href":"https:\/\/dev.explora.cl\/aricayparinacota\/wp-json\/wp\/v2\/posts"}],"about":[{"href":"https:\/\/dev.explora.cl\/aricayparinacota\/wp-json\/wp\/v2\/types\/post"}],"author":[{"embeddable":true,"href":"https:\/\/dev.explora.cl\/aricayparinacota\/wp-json\/wp\/v2\/users\/2"}],"replies":[{"embeddable":true,"href":"https:\/\/dev.explora.cl\/aricayparinacota\/wp-json\/wp\/v2\/comments?post=32109"}],"version-history":[{"count":1,"href":"https:\/\/dev.explora.cl\/aricayparinacota\/wp-json\/wp\/v2\/posts\/32109\/revisions"}],"predecessor-version":[{"id":32928,"href":"https:\/\/dev.explora.cl\/aricayparinacota\/wp-json\/wp\/v2\/posts\/32109\/revisions\/32928"}],"wp:attachment":[{"href":"https:\/\/dev.explora.cl\/aricayparinacota\/wp-json\/wp\/v2\/media?parent=32109"}],"wp:term":[{"taxonomy":"category","embeddable":true,"href":"https:\/\/dev.explora.cl\/aricayparinacota\/wp-json\/wp\/v2\/categories?post=32109"},{"taxonomy":"post_tag","embeddable":true,"href":"https:\/\/dev.explora.cl\/aricayparinacota\/wp-json\/wp\/v2\/tags?post=32109"}],"curies":[{"name":"wp","href":"https:\/\/api.w.org\/{rel}","templated":true}]}}