{"id":32100,"date":"2015-10-05T00:00:00","date_gmt":"2015-10-05T00:00:00","guid":{"rendered":"https:\/\/dev.explora.cl\/aricayparinacota\/blog\/2015\/10\/05\/laboratorios-abiertos-en-la-xxi-semana-nacional-de-la-ciencia-y-tecnologia-arica\/"},"modified":"2019-05-09T21:25:34","modified_gmt":"2019-05-09T21:25:34","slug":"laboratorios-abiertos-en-la-xxi-semana-nacional-de-la-ciencia-y-tecnologia-arica","status":"publish","type":"post","link":"https:\/\/dev.explora.cl\/aricayparinacota\/laboratorios-abiertos-en-la-xxi-semana-nacional-de-la-ciencia-y-tecnologia-arica\/","title":{"rendered":"XXI Semana Nacional de la Ciencia y Tecnolog\u00eda: Estudiantes Arique\u00f1os Participar\u00f3n de Laboratorios Abiertos"},"content":{"rendered":"<p><img loading=\"lazy\" decoding=\"async\" class=\" size-full wp-image-15395\" src=\"https:\/\/dev.explora.cl\/wp-content\/uploads\/2015\/10\/9855e78515e05ac0d94ef1f6c9316de1.jpg\" alt=\"\" width=\"4272\" height=\"2848\" \/><\/p>\n<p align=\"center\" style=\"text-align: justify\"><strong>M\u00e1s de 100 estudiantes de 5 colegios de la ciudad fueron parte de Laboratorios Abiertos, evento de Explora-UTA que permite conocer c\u00f3mo es el trabajo al interior de estos recintos cient\u00edficos.<\/strong><\/p>\n<p style=\"text-align: justify\">Desde las 8:30 de la ma\u00f1ana de este lunes ni\u00f1os, ni\u00f1as y j\u00f3venes pudieron ingresar a 4 laboratorios de la Universidad de Tarapac\u00e1 para conocer de cerca c\u00f3mo es el trabajo que realizan los investigadores y universitarios. Entre luces, microscopios, ondas y frecuencias, los estudiantes se interiorizaron de diversas \u00e1reas de la ciencia como Biolog\u00eda, Qu\u00edmica, F\u00edsica y Matem\u00e1ticas.<\/p>\n<p style=\"text-align: justify\">La actividad llamada <i>LABORATORIOS ABIERTOS<\/i> es parte de la gama de iniciativas que se est\u00e1n desarrollando en todo el pa\u00eds en el marco de la<i> XXI SEMANA NACIONAL DE LA CIENCIA Y TECNOLOG\u00cdA 2015 <\/i>que organiza Programa Explora de CONICYT.<\/p>\n<p style=\"text-align: justify\">Los establecimientos: Escuela Centenario, Adolfo Beyzaga, Am\u00e9rica, Azapa Valley y Cardenal Antonio Samor\u00e9 enviaron delegaciones de estudiantes de 6\u00ba b\u00e1sico a 4\u00ba medio, quienes durante 3 horas experimentaron en los Laboratorios de Biolog\u00eda celular, Ondas de F\u00edsica, Qu\u00edmica, Matem\u00e1ticas y, el Centro Sismol\u00f3gico; todo ello ubicado al interior del Campus Saucache de la UTA.<\/p>\n<p style=\"text-align: justify\">M\u00f3nica Codriansky, Encargada de Talleres y Eventos de Explora-UTA, calific\u00f3 la jornada como positiva destacando el buen comportamiento de los visitantes: \u201cEs muy interesante poder acercar los laboratorios a estudiantes de ense\u00f1anza b\u00e1sica y media donde han podido relacionarse con universitarios y as\u00ed visualizar cuales son las tendencias en las carreras donde podr\u00edan estudiar; adem\u00e1s, se han portado sumamente bien respetando el lugar donde se encuentran\u201d.<\/p>\n<p style=\"text-align: justify\">Por su parte, la profesora Andrea Carrasco del Colegio Adolfo Beyzaga se mostr\u00f3 feliz al participar con sus estudiantes de la Semana Nacional de la Ciencia y Tecnolog\u00eda que se est\u00e1 desarrollando: \u201ces muy interesante, los ni\u00f1os han realizando excelentes preguntas demostrando la conexi\u00f3n que existe con los temas que les muestran, esto les permite tener nuevas experiencias pr\u00e1cticas a los chicos gracias a esta actividad que es muy interactiva\u201d.<\/p>\n<p style=\"text-align: justify\">Paralelo a los Laboratorios Abiertos, ya se est\u00e1n realizando las charlas de 1000 cient\u00edficos, 1000 aulas en diferentes establecimientos de la regi\u00f3n; adem\u00e1s, este martes contin\u00faan las actividades con la &#8220;1\u00aa Feria Transfronteriza: Divulgando Ciencia con Arte&#8221; que reunir\u00e1 a j\u00f3venes de Arica, del valle de San Miguel de Azapa, del valle de Lluta, Codpa y Tacna quienes mostrar\u00e1n de forma l\u00fadica procesos cient\u00edficos.&nbsp;<\/p>\n<p style=\"text-align: justify\">Por Marcela Per\u00e9z Sep\u00falveda<\/p>\n<p><span style=\"font-size: 12pt;font-family: Cambria\">&nbsp;<\/span><\/p>\n","protected":false},"excerpt":{"rendered":"<p>M\u00e1s de 100 estudiantes de 5 colegios de la ciudad fueron parte de Laboratorios Abiertos, evento de Explora-UTA que permite conocer c\u00f3mo es el trabajo al interior de estos recintos cient\u00edficos. Desde las 8:30 de la ma\u00f1ana de este lunes ni\u00f1os, ni\u00f1as y j\u00f3venes pudieron ingresar a 4 laboratorios de la Universidad de Tarapac\u00e1 para [&hellip;]<\/p>\n","protected":false},"author":2,"featured_media":32101,"comment_status":"open","ping_status":"open","sticky":false,"template":"","format":"standard","meta":{"_acf_changed":false,"_exactmetrics_skip_tracking":false,"_exactmetrics_sitenote_active":false,"_exactmetrics_sitenote_note":"","_exactmetrics_sitenote_category":0,"footnotes":"","_links_to":"","_links_to_target":""},"categories":[4],"tags":[],"class_list":["post-32100","post","type-post","status-publish","format-standard","has-post-thumbnail","hentry","category-noticias"],"acf":[],"yoast_head":"<!-- This site is optimized with the Yoast SEO plugin v26.7 - https:\/\/yoast.com\/wordpress\/plugins\/seo\/ -->\n<title>XXI Semana Nacional de la Ciencia y Tecnolog\u00eda: Estudiantes Arique\u00f1os Participar\u00f3n de Laboratorios Abiertos - Arica y Parinacota<\/title>\n<meta name=\"robots\" content=\"index, follow, max-snippet:-1, max-image-preview:large, max-video-preview:-1\" \/>\n<link rel=\"canonical\" href=\"https:\/\/dev.explora.cl\/aricayparinacota\/laboratorios-abiertos-en-la-xxi-semana-nacional-de-la-ciencia-y-tecnologia-arica\/\" class=\"yoast-seo-meta-tag\" \/>\n<meta property=\"og:locale\" content=\"es_ES\" class=\"yoast-seo-meta-tag\" \/>\n<meta property=\"og:type\" content=\"article\" class=\"yoast-seo-meta-tag\" \/>\n<meta property=\"og:title\" content=\"XXI Semana Nacional de la Ciencia y Tecnolog\u00eda: Estudiantes Arique\u00f1os Participar\u00f3n de Laboratorios Abiertos - Arica y Parinacota\" class=\"yoast-seo-meta-tag\" \/>\n<meta property=\"og:description\" content=\"M\u00e1s de 100 estudiantes de 5 colegios de la ciudad fueron parte de Laboratorios Abiertos, evento de Explora-UTA que permite conocer c\u00f3mo es el trabajo al interior de estos recintos cient\u00edficos. Desde las 8:30 de la ma\u00f1ana de este lunes ni\u00f1os, ni\u00f1as y j\u00f3venes pudieron ingresar a 4 laboratorios de la Universidad de Tarapac\u00e1 para [&hellip;]\" class=\"yoast-seo-meta-tag\" \/>\n<meta property=\"og:url\" content=\"https:\/\/dev.explora.cl\/aricayparinacota\/laboratorios-abiertos-en-la-xxi-semana-nacional-de-la-ciencia-y-tecnologia-arica\/\" class=\"yoast-seo-meta-tag\" \/>\n<meta property=\"og:site_name\" content=\"Arica y Parinacota\" class=\"yoast-seo-meta-tag\" \/>\n<meta property=\"article:published_time\" content=\"2015-10-05T00:00:00+00:00\" class=\"yoast-seo-meta-tag\" \/>\n<meta property=\"article:modified_time\" content=\"2019-05-09T21:25:34+00:00\" class=\"yoast-seo-meta-tag\" \/>\n<meta property=\"og:image\" content=\"https:\/\/dev.explora.cl\/aricayparinacota\/wp-content\/uploads\/sites\/2\/2018\/06\/9855e78515e05ac0d94ef1f6c9316de1-1024x683.jpg\" class=\"yoast-seo-meta-tag\" \/>\n\t<meta property=\"og:image:width\" content=\"1024\" class=\"yoast-seo-meta-tag\" \/>\n\t<meta property=\"og:image:height\" content=\"683\" class=\"yoast-seo-meta-tag\" \/>\n\t<meta property=\"og:image:type\" content=\"image\/jpeg\" class=\"yoast-seo-meta-tag\" \/>\n<meta name=\"author\" content=\"webman\" class=\"yoast-seo-meta-tag\" \/>\n<meta name=\"twitter:card\" content=\"summary_large_image\" class=\"yoast-seo-meta-tag\" \/>\n<meta name=\"twitter:label1\" content=\"Escrito por\" class=\"yoast-seo-meta-tag\" \/>\n\t<meta name=\"twitter:data1\" content=\"webman\" class=\"yoast-seo-meta-tag\" \/>\n\t<meta name=\"twitter:label2\" content=\"Tiempo estimado de lectura\" class=\"yoast-seo-meta-tag\" \/>\n\t<meta name=\"twitter:data2\" content=\"2 minutos\" class=\"yoast-seo-meta-tag\" \/>\n<script type=\"application\/ld+json\" class=\"yoast-schema-graph\">{\"@context\":\"https:\/\/schema.org\",\"@graph\":[{\"@type\":\"Article\",\"@id\":\"https:\/\/dev.explora.cl\/aricayparinacota\/laboratorios-abiertos-en-la-xxi-semana-nacional-de-la-ciencia-y-tecnologia-arica\/#article\",\"isPartOf\":{\"@id\":\"https:\/\/dev.explora.cl\/aricayparinacota\/laboratorios-abiertos-en-la-xxi-semana-nacional-de-la-ciencia-y-tecnologia-arica\/\"},\"author\":{\"name\":\"webman\",\"@id\":\"https:\/\/dev.explora.cl\/aricayparinacota\/#\/schema\/person\/cb8349c13ea2d324080adf8480d7ba5d\"},\"headline\":\"XXI Semana Nacional de la Ciencia y Tecnolog\u00eda: Estudiantes Arique\u00f1os Participar\u00f3n de Laboratorios Abiertos\",\"datePublished\":\"2015-10-05T00:00:00+00:00\",\"dateModified\":\"2019-05-09T21:25:34+00:00\",\"mainEntityOfPage\":{\"@id\":\"https:\/\/dev.explora.cl\/aricayparinacota\/laboratorios-abiertos-en-la-xxi-semana-nacional-de-la-ciencia-y-tecnologia-arica\/\"},\"wordCount\":438,\"commentCount\":0,\"publisher\":{\"@id\":\"https:\/\/dev.explora.cl\/aricayparinacota\/#organization\"},\"image\":{\"@id\":\"https:\/\/dev.explora.cl\/aricayparinacota\/laboratorios-abiertos-en-la-xxi-semana-nacional-de-la-ciencia-y-tecnologia-arica\/#primaryimage\"},\"thumbnailUrl\":\"https:\/\/dev.explora.cl\/aricayparinacota\/wp-content\/uploads\/sites\/2\/2018\/06\/9855e78515e05ac0d94ef1f6c9316de1.jpg\",\"articleSection\":[\"Noticias\"],\"inLanguage\":\"es-CL\",\"potentialAction\":[{\"@type\":\"CommentAction\",\"name\":\"Comment\",\"target\":[\"https:\/\/dev.explora.cl\/aricayparinacota\/laboratorios-abiertos-en-la-xxi-semana-nacional-de-la-ciencia-y-tecnologia-arica\/#respond\"]}]},{\"@type\":\"WebPage\",\"@id\":\"https:\/\/dev.explora.cl\/aricayparinacota\/laboratorios-abiertos-en-la-xxi-semana-nacional-de-la-ciencia-y-tecnologia-arica\/\",\"url\":\"https:\/\/dev.explora.cl\/aricayparinacota\/laboratorios-abiertos-en-la-xxi-semana-nacional-de-la-ciencia-y-tecnologia-arica\/\",\"name\":\"XXI Semana Nacional de la Ciencia y Tecnolog\u00eda: Estudiantes Arique\u00f1os Participar\u00f3n de Laboratorios Abiertos - Arica y Parinacota\",\"isPartOf\":{\"@id\":\"https:\/\/dev.explora.cl\/aricayparinacota\/#website\"},\"primaryImageOfPage\":{\"@id\":\"https:\/\/dev.explora.cl\/aricayparinacota\/laboratorios-abiertos-en-la-xxi-semana-nacional-de-la-ciencia-y-tecnologia-arica\/#primaryimage\"},\"image\":{\"@id\":\"https:\/\/dev.explora.cl\/aricayparinacota\/laboratorios-abiertos-en-la-xxi-semana-nacional-de-la-ciencia-y-tecnologia-arica\/#primaryimage\"},\"thumbnailUrl\":\"https:\/\/dev.explora.cl\/aricayparinacota\/wp-content\/uploads\/sites\/2\/2018\/06\/9855e78515e05ac0d94ef1f6c9316de1.jpg\",\"datePublished\":\"2015-10-05T00:00:00+00:00\",\"dateModified\":\"2019-05-09T21:25:34+00:00\",\"breadcrumb\":{\"@id\":\"https:\/\/dev.explora.cl\/aricayparinacota\/laboratorios-abiertos-en-la-xxi-semana-nacional-de-la-ciencia-y-tecnologia-arica\/#breadcrumb\"},\"inLanguage\":\"es-CL\",\"potentialAction\":[{\"@type\":\"ReadAction\",\"target\":[\"https:\/\/dev.explora.cl\/aricayparinacota\/laboratorios-abiertos-en-la-xxi-semana-nacional-de-la-ciencia-y-tecnologia-arica\/\"]}]},{\"@type\":\"ImageObject\",\"inLanguage\":\"es-CL\",\"@id\":\"https:\/\/dev.explora.cl\/aricayparinacota\/laboratorios-abiertos-en-la-xxi-semana-nacional-de-la-ciencia-y-tecnologia-arica\/#primaryimage\",\"url\":\"https:\/\/dev.explora.cl\/aricayparinacota\/wp-content\/uploads\/sites\/2\/2018\/06\/9855e78515e05ac0d94ef1f6c9316de1.jpg\",\"contentUrl\":\"https:\/\/dev.explora.cl\/aricayparinacota\/wp-content\/uploads\/sites\/2\/2018\/06\/9855e78515e05ac0d94ef1f6c9316de1.jpg\",\"width\":4272,\"height\":2848},{\"@type\":\"BreadcrumbList\",\"@id\":\"https:\/\/dev.explora.cl\/aricayparinacota\/laboratorios-abiertos-en-la-xxi-semana-nacional-de-la-ciencia-y-tecnologia-arica\/#breadcrumb\",\"itemListElement\":[{\"@type\":\"ListItem\",\"position\":1,\"name\":\"Portada\",\"item\":\"https:\/\/dev.explora.cl\/aricayparinacota\/\"},{\"@type\":\"ListItem\",\"position\":2,\"name\":\"XXI Semana Nacional de la Ciencia y Tecnolog\u00eda: Estudiantes Arique\u00f1os Participar\u00f3n de Laboratorios Abiertos\"}]},{\"@type\":\"WebSite\",\"@id\":\"https:\/\/dev.explora.cl\/aricayparinacota\/#website\",\"url\":\"https:\/\/dev.explora.cl\/aricayparinacota\/\",\"name\":\"Arica y Parinacota\",\"description\":\"Otro sitio m\u00e1s de dev.explora.cl\",\"publisher\":{\"@id\":\"https:\/\/dev.explora.cl\/aricayparinacota\/#organization\"},\"potentialAction\":[{\"@type\":\"SearchAction\",\"target\":{\"@type\":\"EntryPoint\",\"urlTemplate\":\"https:\/\/dev.explora.cl\/aricayparinacota\/?s={search_term_string}\"},\"query-input\":{\"@type\":\"PropertyValueSpecification\",\"valueRequired\":true,\"valueName\":\"search_term_string\"}}],\"inLanguage\":\"es-CL\"},{\"@type\":\"Organization\",\"@id\":\"https:\/\/dev.explora.cl\/aricayparinacota\/#organization\",\"name\":\"Arica y Parinacota\",\"url\":\"https:\/\/dev.explora.cl\/aricayparinacota\/\",\"logo\":{\"@type\":\"ImageObject\",\"inLanguage\":\"es-CL\",\"@id\":\"https:\/\/dev.explora.cl\/aricayparinacota\/#\/schema\/logo\/image\/\",\"url\":\"https:\/\/dev.explora.cl\/aricayparinacota\/wp-content\/uploads\/sites\/2\/2020\/08\/cropped-nuevosa-logos-11.png\",\"contentUrl\":\"https:\/\/dev.explora.cl\/aricayparinacota\/wp-content\/uploads\/sites\/2\/2020\/08\/cropped-nuevosa-logos-11.png\",\"width\":812,\"height\":937,\"caption\":\"Arica y Parinacota\"},\"image\":{\"@id\":\"https:\/\/dev.explora.cl\/aricayparinacota\/#\/schema\/logo\/image\/\"}},{\"@type\":\"Person\",\"@id\":\"https:\/\/dev.explora.cl\/aricayparinacota\/#\/schema\/person\/cb8349c13ea2d324080adf8480d7ba5d\",\"name\":\"webman\",\"image\":{\"@type\":\"ImageObject\",\"inLanguage\":\"es-CL\",\"@id\":\"https:\/\/dev.explora.cl\/aricayparinacota\/#\/schema\/person\/image\/\",\"url\":\"https:\/\/secure.gravatar.com\/avatar\/eeff3c82f2c02f7177d13663b7e6f890e9a6a0647ce9bb29cae02dcb094c7312?s=96&d=mm&r=g\",\"contentUrl\":\"https:\/\/secure.gravatar.com\/avatar\/eeff3c82f2c02f7177d13663b7e6f890e9a6a0647ce9bb29cae02dcb094c7312?s=96&d=mm&r=g\",\"caption\":\"webman\"},\"url\":\"https:\/\/dev.explora.cl\/aricayparinacota\/author\/webman\/\"}]}<\/script>\n<!-- \/ Yoast SEO plugin. -->","yoast_head_json":{"title":"XXI Semana Nacional de la Ciencia y Tecnolog\u00eda: Estudiantes Arique\u00f1os Participar\u00f3n de Laboratorios Abiertos - Arica y Parinacota","robots":{"index":"index","follow":"follow","max-snippet":"max-snippet:-1","max-image-preview":"max-image-preview:large","max-video-preview":"max-video-preview:-1"},"canonical":"https:\/\/dev.explora.cl\/aricayparinacota\/laboratorios-abiertos-en-la-xxi-semana-nacional-de-la-ciencia-y-tecnologia-arica\/","og_locale":"es_ES","og_type":"article","og_title":"XXI Semana Nacional de la Ciencia y Tecnolog\u00eda: Estudiantes Arique\u00f1os Participar\u00f3n de Laboratorios Abiertos - Arica y Parinacota","og_description":"M\u00e1s de 100 estudiantes de 5 colegios de la ciudad fueron parte de Laboratorios Abiertos, evento de Explora-UTA que permite conocer c\u00f3mo es el trabajo al interior de estos recintos cient\u00edficos. Desde las 8:30 de la ma\u00f1ana de este lunes ni\u00f1os, ni\u00f1as y j\u00f3venes pudieron ingresar a 4 laboratorios de la Universidad de Tarapac\u00e1 para [&hellip;]","og_url":"https:\/\/dev.explora.cl\/aricayparinacota\/laboratorios-abiertos-en-la-xxi-semana-nacional-de-la-ciencia-y-tecnologia-arica\/","og_site_name":"Arica y Parinacota","article_published_time":"2015-10-05T00:00:00+00:00","article_modified_time":"2019-05-09T21:25:34+00:00","og_image":[{"width":1024,"height":683,"url":"https:\/\/dev.explora.cl\/aricayparinacota\/wp-content\/uploads\/sites\/2\/2018\/06\/9855e78515e05ac0d94ef1f6c9316de1-1024x683.jpg","type":"image\/jpeg"}],"author":"webman","twitter_card":"summary_large_image","twitter_misc":{"Escrito por":"webman","Tiempo estimado de lectura":"2 minutos"},"schema":{"@context":"https:\/\/schema.org","@graph":[{"@type":"Article","@id":"https:\/\/dev.explora.cl\/aricayparinacota\/laboratorios-abiertos-en-la-xxi-semana-nacional-de-la-ciencia-y-tecnologia-arica\/#article","isPartOf":{"@id":"https:\/\/dev.explora.cl\/aricayparinacota\/laboratorios-abiertos-en-la-xxi-semana-nacional-de-la-ciencia-y-tecnologia-arica\/"},"author":{"name":"webman","@id":"https:\/\/dev.explora.cl\/aricayparinacota\/#\/schema\/person\/cb8349c13ea2d324080adf8480d7ba5d"},"headline":"XXI Semana Nacional de la Ciencia y Tecnolog\u00eda: Estudiantes Arique\u00f1os Participar\u00f3n de Laboratorios Abiertos","datePublished":"2015-10-05T00:00:00+00:00","dateModified":"2019-05-09T21:25:34+00:00","mainEntityOfPage":{"@id":"https:\/\/dev.explora.cl\/aricayparinacota\/laboratorios-abiertos-en-la-xxi-semana-nacional-de-la-ciencia-y-tecnologia-arica\/"},"wordCount":438,"commentCount":0,"publisher":{"@id":"https:\/\/dev.explora.cl\/aricayparinacota\/#organization"},"image":{"@id":"https:\/\/dev.explora.cl\/aricayparinacota\/laboratorios-abiertos-en-la-xxi-semana-nacional-de-la-ciencia-y-tecnologia-arica\/#primaryimage"},"thumbnailUrl":"https:\/\/dev.explora.cl\/aricayparinacota\/wp-content\/uploads\/sites\/2\/2018\/06\/9855e78515e05ac0d94ef1f6c9316de1.jpg","articleSection":["Noticias"],"inLanguage":"es-CL","potentialAction":[{"@type":"CommentAction","name":"Comment","target":["https:\/\/dev.explora.cl\/aricayparinacota\/laboratorios-abiertos-en-la-xxi-semana-nacional-de-la-ciencia-y-tecnologia-arica\/#respond"]}]},{"@type":"WebPage","@id":"https:\/\/dev.explora.cl\/aricayparinacota\/laboratorios-abiertos-en-la-xxi-semana-nacional-de-la-ciencia-y-tecnologia-arica\/","url":"https:\/\/dev.explora.cl\/aricayparinacota\/laboratorios-abiertos-en-la-xxi-semana-nacional-de-la-ciencia-y-tecnologia-arica\/","name":"XXI Semana Nacional de la Ciencia y Tecnolog\u00eda: Estudiantes Arique\u00f1os Participar\u00f3n de Laboratorios Abiertos - Arica y Parinacota","isPartOf":{"@id":"https:\/\/dev.explora.cl\/aricayparinacota\/#website"},"primaryImageOfPage":{"@id":"https:\/\/dev.explora.cl\/aricayparinacota\/laboratorios-abiertos-en-la-xxi-semana-nacional-de-la-ciencia-y-tecnologia-arica\/#primaryimage"},"image":{"@id":"https:\/\/dev.explora.cl\/aricayparinacota\/laboratorios-abiertos-en-la-xxi-semana-nacional-de-la-ciencia-y-tecnologia-arica\/#primaryimage"},"thumbnailUrl":"https:\/\/dev.explora.cl\/aricayparinacota\/wp-content\/uploads\/sites\/2\/2018\/06\/9855e78515e05ac0d94ef1f6c9316de1.jpg","datePublished":"2015-10-05T00:00:00+00:00","dateModified":"2019-05-09T21:25:34+00:00","breadcrumb":{"@id":"https:\/\/dev.explora.cl\/aricayparinacota\/laboratorios-abiertos-en-la-xxi-semana-nacional-de-la-ciencia-y-tecnologia-arica\/#breadcrumb"},"inLanguage":"es-CL","potentialAction":[{"@type":"ReadAction","target":["https:\/\/dev.explora.cl\/aricayparinacota\/laboratorios-abiertos-en-la-xxi-semana-nacional-de-la-ciencia-y-tecnologia-arica\/"]}]},{"@type":"ImageObject","inLanguage":"es-CL","@id":"https:\/\/dev.explora.cl\/aricayparinacota\/laboratorios-abiertos-en-la-xxi-semana-nacional-de-la-ciencia-y-tecnologia-arica\/#primaryimage","url":"https:\/\/dev.explora.cl\/aricayparinacota\/wp-content\/uploads\/sites\/2\/2018\/06\/9855e78515e05ac0d94ef1f6c9316de1.jpg","contentUrl":"https:\/\/dev.explora.cl\/aricayparinacota\/wp-content\/uploads\/sites\/2\/2018\/06\/9855e78515e05ac0d94ef1f6c9316de1.jpg","width":4272,"height":2848},{"@type":"BreadcrumbList","@id":"https:\/\/dev.explora.cl\/aricayparinacota\/laboratorios-abiertos-en-la-xxi-semana-nacional-de-la-ciencia-y-tecnologia-arica\/#breadcrumb","itemListElement":[{"@type":"ListItem","position":1,"name":"Portada","item":"https:\/\/dev.explora.cl\/aricayparinacota\/"},{"@type":"ListItem","position":2,"name":"XXI Semana Nacional de la Ciencia y Tecnolog\u00eda: Estudiantes Arique\u00f1os Participar\u00f3n de Laboratorios Abiertos"}]},{"@type":"WebSite","@id":"https:\/\/dev.explora.cl\/aricayparinacota\/#website","url":"https:\/\/dev.explora.cl\/aricayparinacota\/","name":"Arica y Parinacota","description":"Otro sitio m\u00e1s de dev.explora.cl","publisher":{"@id":"https:\/\/dev.explora.cl\/aricayparinacota\/#organization"},"potentialAction":[{"@type":"SearchAction","target":{"@type":"EntryPoint","urlTemplate":"https:\/\/dev.explora.cl\/aricayparinacota\/?s={search_term_string}"},"query-input":{"@type":"PropertyValueSpecification","valueRequired":true,"valueName":"search_term_string"}}],"inLanguage":"es-CL"},{"@type":"Organization","@id":"https:\/\/dev.explora.cl\/aricayparinacota\/#organization","name":"Arica y Parinacota","url":"https:\/\/dev.explora.cl\/aricayparinacota\/","logo":{"@type":"ImageObject","inLanguage":"es-CL","@id":"https:\/\/dev.explora.cl\/aricayparinacota\/#\/schema\/logo\/image\/","url":"https:\/\/dev.explora.cl\/aricayparinacota\/wp-content\/uploads\/sites\/2\/2020\/08\/cropped-nuevosa-logos-11.png","contentUrl":"https:\/\/dev.explora.cl\/aricayparinacota\/wp-content\/uploads\/sites\/2\/2020\/08\/cropped-nuevosa-logos-11.png","width":812,"height":937,"caption":"Arica y Parinacota"},"image":{"@id":"https:\/\/dev.explora.cl\/aricayparinacota\/#\/schema\/logo\/image\/"}},{"@type":"Person","@id":"https:\/\/dev.explora.cl\/aricayparinacota\/#\/schema\/person\/cb8349c13ea2d324080adf8480d7ba5d","name":"webman","image":{"@type":"ImageObject","inLanguage":"es-CL","@id":"https:\/\/dev.explora.cl\/aricayparinacota\/#\/schema\/person\/image\/","url":"https:\/\/secure.gravatar.com\/avatar\/eeff3c82f2c02f7177d13663b7e6f890e9a6a0647ce9bb29cae02dcb094c7312?s=96&d=mm&r=g","contentUrl":"https:\/\/secure.gravatar.com\/avatar\/eeff3c82f2c02f7177d13663b7e6f890e9a6a0647ce9bb29cae02dcb094c7312?s=96&d=mm&r=g","caption":"webman"},"url":"https:\/\/dev.explora.cl\/aricayparinacota\/author\/webman\/"}]}},"_links":{"self":[{"href":"https:\/\/dev.explora.cl\/aricayparinacota\/wp-json\/wp\/v2\/posts\/32100","targetHints":{"allow":["GET"]}}],"collection":[{"href":"https:\/\/dev.explora.cl\/aricayparinacota\/wp-json\/wp\/v2\/posts"}],"about":[{"href":"https:\/\/dev.explora.cl\/aricayparinacota\/wp-json\/wp\/v2\/types\/post"}],"author":[{"embeddable":true,"href":"https:\/\/dev.explora.cl\/aricayparinacota\/wp-json\/wp\/v2\/users\/2"}],"replies":[{"embeddable":true,"href":"https:\/\/dev.explora.cl\/aricayparinacota\/wp-json\/wp\/v2\/comments?post=32100"}],"version-history":[{"count":1,"href":"https:\/\/dev.explora.cl\/aricayparinacota\/wp-json\/wp\/v2\/posts\/32100\/revisions"}],"predecessor-version":[{"id":32934,"href":"https:\/\/dev.explora.cl\/aricayparinacota\/wp-json\/wp\/v2\/posts\/32100\/revisions\/32934"}],"wp:featuredmedia":[{"embeddable":true,"href":"https:\/\/dev.explora.cl\/aricayparinacota\/wp-json\/wp\/v2\/media\/32101"}],"wp:attachment":[{"href":"https:\/\/dev.explora.cl\/aricayparinacota\/wp-json\/wp\/v2\/media?parent=32100"}],"wp:term":[{"taxonomy":"category","embeddable":true,"href":"https:\/\/dev.explora.cl\/aricayparinacota\/wp-json\/wp\/v2\/categories?post=32100"},{"taxonomy":"post_tag","embeddable":true,"href":"https:\/\/dev.explora.cl\/aricayparinacota\/wp-json\/wp\/v2\/tags?post=32100"}],"curies":[{"name":"wp","href":"https:\/\/api.w.org\/{rel}","templated":true}]}}