{"id":32098,"date":"2015-10-05T00:00:00","date_gmt":"2015-10-05T00:00:00","guid":{"rendered":"https:\/\/dev.explora.cl\/aricayparinacota\/blog\/2015\/10\/05\/comenzo-la-xxi-semana-nacional-de-la-ciencia-y-tecnologia\/"},"modified":"2019-05-09T21:25:27","modified_gmt":"2019-05-09T21:25:27","slug":"comenzo-la-xxi-semana-nacional-de-la-ciencia-y-tecnologia","status":"publish","type":"post","link":"https:\/\/dev.explora.cl\/aricayparinacota\/comenzo-la-xxi-semana-nacional-de-la-ciencia-y-tecnologia\/","title":{"rendered":"Comenz\u00f3 la XXI Semana Nacional de la Ciencia y Tecnolog\u00eda"},"content":{"rendered":"<p><img loading=\"lazy\" decoding=\"async\" class=\" size-full wp-image-15385\" src=\"https:\/\/dev.explora.cl\/wp-content\/uploads\/2015\/10\/3e302009ac058e6f7ee02ec1e5a27694.jpg\" alt=\"\" width=\"960\" height=\"640\" \/><\/p>\n<p>&nbsp;<\/p>\n<p align=\"center\" style=\"text-align: justify\"><strong>Iniciativa Explora UTA Arica y Parinacota invita a toda la comunidad a participar de esta gran fiesta del conocimiento que se llevar\u00e1 a cabo del 05 al 09&nbsp; de octubre donde el mundo escolar ser\u00e1 el protagonista.<\/strong><\/p>\n<p style=\"text-align: justify\"><i>La Semana Nacional de la Ciencia y la Tecnolog\u00eda (SNCyT)<\/i> es una instancia que se realiza cada a\u00f1o a lo largo de todo Chile con el objetivo de generar espacios de divulgaci\u00f3n, difusi\u00f3n y valoraci\u00f3n de la ciencia en ni\u00f1os, ni\u00f1as y j\u00f3venes. Impulsada por la Comisi\u00f3n Nacional de Investigaci\u00f3n Cient\u00edfica y Tecnol\u00f3gica, CONICYT, mediante su programa Explora, este a\u00f1o la festividad se enmarcar\u00e1 bajo el tema \u201cConocer Ilumina\u201d buscando comunicar la importancia que tiene la luz para el surgimiento y conservaci\u00f3n de la vida y el papel fundamental&nbsp; que juega en la evoluci\u00f3n cultural y social de la humanidad.<strong>&nbsp;<\/strong><\/p>\n<p style=\"text-align: justify\">En nuestra regi\u00f3n, la XXI Semana Nacional de la Ciencia y Tecnolog\u00eda (SNCyT) 2015, se celebrar\u00e1 desde 05 hasta el 09 de octubre con diversas actividades que se replican a nivel nacional y otras con un car\u00e1cter \u00fanico que marcar\u00e1n un hito, ya que rescatan las particularidades de Arica y Parinacota.<\/p>\n<p style=\"text-align: justify\">Para dar el punta pie inicial el pasado s\u00e1bado 03 de octubre en 21 de Mayo con pasaje Sangra, se realiz\u00f3 el Lanzamiento de la XXI SNCyT en la regi\u00f3n, donde con m\u00fasica y un stand se inform\u00f3 a la comunidad sobre el programa oficial de actividades que se vivir\u00e1n en la zona gracias al regreso de Explora.<\/p>\n<p style=\"text-align: justify\">Dentro de la gran cantidad de asistentes que estuvieron presentes en la actividad participaron autoridades regionales como el Diputado Vlado Mirosevic y el Alcalde de Arica Salvador Urrutia, quienes se mostraron muy felices porque en la ciudad se desarrollen este tipo de iniciativas que fomentan la ciencia y tecnolog\u00eda en los j\u00f3venes.<\/p>\n<p style=\"text-align: justify\">\u201cPrimero me parece que el programa Explora hace una labor muy potente con esta semana acercando la ciencia a la vida cotidiana para que no quede dentro de un laboratorio y me parece muy bien que se haga con un enfoque no s\u00f3lo en los colegios, si no que tambi\u00e9n en la comunidad\u201d destac\u00f3 el parlamenteario.<\/p>\n<p style=\"text-align: justify\">Por su parte el edil se\u00f1al\u00f3: \u201cEs una gran iniciativa al mostrar c\u00f3mo la tecnolog\u00eda y la ciencia ayudan a mejorar la vida de la comunidad en una \u00e9poca donde es indispensable que los avances cient\u00edficos lleguen a toda la ciudadan\u00eda y sobre todo a los j\u00f3venes quienes son los encargados de mejorar el mundo\u201d.<\/p>\n<p style=\"text-align: justify\">Dentro del equipo de personas que se encontraba distribuyendo material de la Semana Nacional de la Ciencia, estuvo Horacio D\u00edaz Director General de Investigaci\u00f3n de la Universidad de Tarapac\u00e1, quien est\u00e1 muy comprometido con esta serie de eventos: \u201cEs muy grato estar aqu\u00ed difundiendo el conjunto de actividades que tenemos preparados, es un gran oportunidad para que el p\u00fablico en general conozca los esfuerzos que est\u00e1 haciendo el Programa Explora y la Universidad para fortalecer y difundir la ciencia en la regi\u00f3n\u201d.<\/p>\n<p style=\"text-align: justify\">Al finalizar la jornada de lanzamiento, Eliana Belmonte, Directora de Iniciativa Explora-UTA Arica y Parinacota, se mostr\u00f3 muy agradecida de la buena recepci\u00f3n de la gente: \u201cMe ha parecido exitoso porque ha venido mucha gente de distintas edades y muy interesados en el regreso del programa Explora; adem\u00e1s, es interesante contarle a la gente lo que tendr\u00e1 esta semana donde nos vamos a encontrar con muchas actividades enfocadas en estudiantes de la regi\u00f3n y otras abiertas para todo el p\u00fablico\u201d.<\/p>\n<p style=\"text-align: justify\">Dentro de los eventos que se realizar\u00e1n est\u00e1 la <i>1\u00ba Feria Transfronteriza \u201cDivulgando Ciencia con Arte\u201d<\/i> que vincular\u00e1 a estudiantes de Tacna y Arica en un espacio donde se representar\u00e1n diversos procesos cient\u00edficos. Esta instancia es \u00fanica en el pa\u00eds, ya que es la primera vez para Explora donde ni\u00f1os de dos ciudades fronterizas se vinculan en una SNCyT.&nbsp; &nbsp;<\/p>\n<p style=\"text-align: justify\">Por otra parte, en las quince regiones del pa\u00eds se extender\u00e1n los eventos tradicionales de Explora: Laboratorios y Museos Abiertos, 1000 Cient\u00edficos 1000 Aulas,&nbsp; D\u00eda de la Ciencia en Mi Colegio y, como novedad, por primera vez en la regi\u00f3n se efectuar\u00e1 la 1\u00ba Feria de Ciencia y Tecnolog\u00eda Arica y Parinacota donde compartir\u00e1n en un mismo lugar, abierto para todo el p\u00fablico, exponentes de Centros de Investigaci\u00f3n, Empresas Locales, Universidades e Instituciones P\u00fablicas y Privadas ligadas al desarrollo cient\u00edfico y tecnol\u00f3gico en la zona.<\/p>\n<p style=\"text-align: justify\">Si bien la mayor\u00eda de las actividades est\u00e1 enfocada en estudiantes de establecimientos educacionales, hay otras que est\u00e1n abiertas para toda la comunidad y se espera que el pr\u00f3ximo a\u00f1o se integren m\u00e1s y m\u00e1s actores que quieran ser parte de esta celebraci\u00f3n.&nbsp;<\/p>\n<p>&nbsp;<\/p>\n<p style=\"text-align: justify\">Nuestro calendario lo encuentras en las pesta\u00f1as de nuestra p\u00e1gina oficial. &nbsp;<\/p>\n<p style=\"text-align: justify\">Por Marcela Per\u00e9z Sep\u00falveda<\/p>\n<p>&nbsp;<\/p>\n","protected":false},"excerpt":{"rendered":"<p>&nbsp; Iniciativa Explora UTA Arica y Parinacota invita a toda la comunidad a participar de esta gran fiesta del conocimiento que se llevar\u00e1 a cabo del 05 al 09&nbsp; de octubre donde el mundo escolar ser\u00e1 el protagonista. La Semana Nacional de la Ciencia y la Tecnolog\u00eda (SNCyT) es una instancia que se realiza cada [&hellip;]<\/p>\n","protected":false},"author":2,"featured_media":32099,"comment_status":"open","ping_status":"open","sticky":false,"template":"","format":"standard","meta":{"_acf_changed":false,"_exactmetrics_skip_tracking":false,"_exactmetrics_sitenote_active":false,"_exactmetrics_sitenote_note":"","_exactmetrics_sitenote_category":0,"footnotes":"","_links_to":"","_links_to_target":""},"categories":[4],"tags":[],"class_list":["post-32098","post","type-post","status-publish","format-standard","has-post-thumbnail","hentry","category-noticias"],"acf":[],"yoast_head":"<!-- This site is optimized with the Yoast SEO plugin v26.7 - https:\/\/yoast.com\/wordpress\/plugins\/seo\/ -->\n<title>Comenz\u00f3 la XXI Semana Nacional de la Ciencia y Tecnolog\u00eda - Arica y Parinacota<\/title>\n<meta name=\"robots\" content=\"index, follow, max-snippet:-1, max-image-preview:large, max-video-preview:-1\" \/>\n<link rel=\"canonical\" href=\"https:\/\/dev.explora.cl\/aricayparinacota\/comenzo-la-xxi-semana-nacional-de-la-ciencia-y-tecnologia\/\" class=\"yoast-seo-meta-tag\" \/>\n<meta property=\"og:locale\" content=\"es_ES\" class=\"yoast-seo-meta-tag\" \/>\n<meta property=\"og:type\" content=\"article\" class=\"yoast-seo-meta-tag\" \/>\n<meta property=\"og:title\" content=\"Comenz\u00f3 la XXI Semana Nacional de la Ciencia y Tecnolog\u00eda - Arica y Parinacota\" class=\"yoast-seo-meta-tag\" \/>\n<meta property=\"og:description\" content=\"&nbsp; Iniciativa Explora UTA Arica y Parinacota invita a toda la comunidad a participar de esta gran fiesta del conocimiento que se llevar\u00e1 a cabo del 05 al 09&nbsp; de octubre donde el mundo escolar ser\u00e1 el protagonista. La Semana Nacional de la Ciencia y la Tecnolog\u00eda (SNCyT) es una instancia que se realiza cada [&hellip;]\" class=\"yoast-seo-meta-tag\" \/>\n<meta property=\"og:url\" content=\"https:\/\/dev.explora.cl\/aricayparinacota\/comenzo-la-xxi-semana-nacional-de-la-ciencia-y-tecnologia\/\" class=\"yoast-seo-meta-tag\" \/>\n<meta property=\"og:site_name\" content=\"Arica y Parinacota\" class=\"yoast-seo-meta-tag\" \/>\n<meta property=\"article:published_time\" content=\"2015-10-05T00:00:00+00:00\" class=\"yoast-seo-meta-tag\" \/>\n<meta property=\"article:modified_time\" content=\"2019-05-09T21:25:27+00:00\" class=\"yoast-seo-meta-tag\" \/>\n<meta property=\"og:image\" content=\"https:\/\/dev.explora.cl\/aricayparinacota\/wp-content\/uploads\/sites\/2\/2018\/06\/3e302009ac058e6f7ee02ec1e5a27694.jpg\" class=\"yoast-seo-meta-tag\" \/>\n\t<meta property=\"og:image:width\" content=\"960\" class=\"yoast-seo-meta-tag\" \/>\n\t<meta property=\"og:image:height\" content=\"640\" class=\"yoast-seo-meta-tag\" \/>\n\t<meta property=\"og:image:type\" content=\"image\/jpeg\" class=\"yoast-seo-meta-tag\" \/>\n<meta name=\"author\" content=\"webman\" class=\"yoast-seo-meta-tag\" \/>\n<meta name=\"twitter:card\" content=\"summary_large_image\" class=\"yoast-seo-meta-tag\" \/>\n<meta name=\"twitter:label1\" content=\"Escrito por\" class=\"yoast-seo-meta-tag\" \/>\n\t<meta name=\"twitter:data1\" content=\"webman\" class=\"yoast-seo-meta-tag\" \/>\n\t<meta name=\"twitter:label2\" content=\"Tiempo estimado de lectura\" class=\"yoast-seo-meta-tag\" \/>\n\t<meta name=\"twitter:data2\" content=\"4 minutos\" class=\"yoast-seo-meta-tag\" \/>\n<script type=\"application\/ld+json\" class=\"yoast-schema-graph\">{\"@context\":\"https:\/\/schema.org\",\"@graph\":[{\"@type\":\"Article\",\"@id\":\"https:\/\/dev.explora.cl\/aricayparinacota\/comenzo-la-xxi-semana-nacional-de-la-ciencia-y-tecnologia\/#article\",\"isPartOf\":{\"@id\":\"https:\/\/dev.explora.cl\/aricayparinacota\/comenzo-la-xxi-semana-nacional-de-la-ciencia-y-tecnologia\/\"},\"author\":{\"name\":\"webman\",\"@id\":\"https:\/\/dev.explora.cl\/aricayparinacota\/#\/schema\/person\/cb8349c13ea2d324080adf8480d7ba5d\"},\"headline\":\"Comenz\u00f3 la XXI Semana Nacional de la Ciencia y Tecnolog\u00eda\",\"datePublished\":\"2015-10-05T00:00:00+00:00\",\"dateModified\":\"2019-05-09T21:25:27+00:00\",\"mainEntityOfPage\":{\"@id\":\"https:\/\/dev.explora.cl\/aricayparinacota\/comenzo-la-xxi-semana-nacional-de-la-ciencia-y-tecnologia\/\"},\"wordCount\":853,\"commentCount\":0,\"publisher\":{\"@id\":\"https:\/\/dev.explora.cl\/aricayparinacota\/#organization\"},\"image\":{\"@id\":\"https:\/\/dev.explora.cl\/aricayparinacota\/comenzo-la-xxi-semana-nacional-de-la-ciencia-y-tecnologia\/#primaryimage\"},\"thumbnailUrl\":\"https:\/\/dev.explora.cl\/aricayparinacota\/wp-content\/uploads\/sites\/2\/2018\/06\/3e302009ac058e6f7ee02ec1e5a27694.jpg\",\"articleSection\":[\"Noticias\"],\"inLanguage\":\"es-CL\",\"potentialAction\":[{\"@type\":\"CommentAction\",\"name\":\"Comment\",\"target\":[\"https:\/\/dev.explora.cl\/aricayparinacota\/comenzo-la-xxi-semana-nacional-de-la-ciencia-y-tecnologia\/#respond\"]}]},{\"@type\":\"WebPage\",\"@id\":\"https:\/\/dev.explora.cl\/aricayparinacota\/comenzo-la-xxi-semana-nacional-de-la-ciencia-y-tecnologia\/\",\"url\":\"https:\/\/dev.explora.cl\/aricayparinacota\/comenzo-la-xxi-semana-nacional-de-la-ciencia-y-tecnologia\/\",\"name\":\"Comenz\u00f3 la XXI Semana Nacional de la Ciencia y Tecnolog\u00eda - Arica y Parinacota\",\"isPartOf\":{\"@id\":\"https:\/\/dev.explora.cl\/aricayparinacota\/#website\"},\"primaryImageOfPage\":{\"@id\":\"https:\/\/dev.explora.cl\/aricayparinacota\/comenzo-la-xxi-semana-nacional-de-la-ciencia-y-tecnologia\/#primaryimage\"},\"image\":{\"@id\":\"https:\/\/dev.explora.cl\/aricayparinacota\/comenzo-la-xxi-semana-nacional-de-la-ciencia-y-tecnologia\/#primaryimage\"},\"thumbnailUrl\":\"https:\/\/dev.explora.cl\/aricayparinacota\/wp-content\/uploads\/sites\/2\/2018\/06\/3e302009ac058e6f7ee02ec1e5a27694.jpg\",\"datePublished\":\"2015-10-05T00:00:00+00:00\",\"dateModified\":\"2019-05-09T21:25:27+00:00\",\"breadcrumb\":{\"@id\":\"https:\/\/dev.explora.cl\/aricayparinacota\/comenzo-la-xxi-semana-nacional-de-la-ciencia-y-tecnologia\/#breadcrumb\"},\"inLanguage\":\"es-CL\",\"potentialAction\":[{\"@type\":\"ReadAction\",\"target\":[\"https:\/\/dev.explora.cl\/aricayparinacota\/comenzo-la-xxi-semana-nacional-de-la-ciencia-y-tecnologia\/\"]}]},{\"@type\":\"ImageObject\",\"inLanguage\":\"es-CL\",\"@id\":\"https:\/\/dev.explora.cl\/aricayparinacota\/comenzo-la-xxi-semana-nacional-de-la-ciencia-y-tecnologia\/#primaryimage\",\"url\":\"https:\/\/dev.explora.cl\/aricayparinacota\/wp-content\/uploads\/sites\/2\/2018\/06\/3e302009ac058e6f7ee02ec1e5a27694.jpg\",\"contentUrl\":\"https:\/\/dev.explora.cl\/aricayparinacota\/wp-content\/uploads\/sites\/2\/2018\/06\/3e302009ac058e6f7ee02ec1e5a27694.jpg\",\"width\":960,\"height\":640},{\"@type\":\"BreadcrumbList\",\"@id\":\"https:\/\/dev.explora.cl\/aricayparinacota\/comenzo-la-xxi-semana-nacional-de-la-ciencia-y-tecnologia\/#breadcrumb\",\"itemListElement\":[{\"@type\":\"ListItem\",\"position\":1,\"name\":\"Portada\",\"item\":\"https:\/\/dev.explora.cl\/aricayparinacota\/\"},{\"@type\":\"ListItem\",\"position\":2,\"name\":\"Comenz\u00f3 la XXI Semana Nacional de la Ciencia y Tecnolog\u00eda\"}]},{\"@type\":\"WebSite\",\"@id\":\"https:\/\/dev.explora.cl\/aricayparinacota\/#website\",\"url\":\"https:\/\/dev.explora.cl\/aricayparinacota\/\",\"name\":\"Arica y Parinacota\",\"description\":\"Otro sitio m\u00e1s de dev.explora.cl\",\"publisher\":{\"@id\":\"https:\/\/dev.explora.cl\/aricayparinacota\/#organization\"},\"potentialAction\":[{\"@type\":\"SearchAction\",\"target\":{\"@type\":\"EntryPoint\",\"urlTemplate\":\"https:\/\/dev.explora.cl\/aricayparinacota\/?s={search_term_string}\"},\"query-input\":{\"@type\":\"PropertyValueSpecification\",\"valueRequired\":true,\"valueName\":\"search_term_string\"}}],\"inLanguage\":\"es-CL\"},{\"@type\":\"Organization\",\"@id\":\"https:\/\/dev.explora.cl\/aricayparinacota\/#organization\",\"name\":\"Arica y Parinacota\",\"url\":\"https:\/\/dev.explora.cl\/aricayparinacota\/\",\"logo\":{\"@type\":\"ImageObject\",\"inLanguage\":\"es-CL\",\"@id\":\"https:\/\/dev.explora.cl\/aricayparinacota\/#\/schema\/logo\/image\/\",\"url\":\"https:\/\/dev.explora.cl\/aricayparinacota\/wp-content\/uploads\/sites\/2\/2020\/08\/cropped-nuevosa-logos-11.png\",\"contentUrl\":\"https:\/\/dev.explora.cl\/aricayparinacota\/wp-content\/uploads\/sites\/2\/2020\/08\/cropped-nuevosa-logos-11.png\",\"width\":812,\"height\":937,\"caption\":\"Arica y Parinacota\"},\"image\":{\"@id\":\"https:\/\/dev.explora.cl\/aricayparinacota\/#\/schema\/logo\/image\/\"}},{\"@type\":\"Person\",\"@id\":\"https:\/\/dev.explora.cl\/aricayparinacota\/#\/schema\/person\/cb8349c13ea2d324080adf8480d7ba5d\",\"name\":\"webman\",\"image\":{\"@type\":\"ImageObject\",\"inLanguage\":\"es-CL\",\"@id\":\"https:\/\/dev.explora.cl\/aricayparinacota\/#\/schema\/person\/image\/\",\"url\":\"https:\/\/secure.gravatar.com\/avatar\/eeff3c82f2c02f7177d13663b7e6f890e9a6a0647ce9bb29cae02dcb094c7312?s=96&d=mm&r=g\",\"contentUrl\":\"https:\/\/secure.gravatar.com\/avatar\/eeff3c82f2c02f7177d13663b7e6f890e9a6a0647ce9bb29cae02dcb094c7312?s=96&d=mm&r=g\",\"caption\":\"webman\"},\"url\":\"https:\/\/dev.explora.cl\/aricayparinacota\/author\/webman\/\"}]}<\/script>\n<!-- \/ Yoast SEO plugin. -->","yoast_head_json":{"title":"Comenz\u00f3 la XXI Semana Nacional de la Ciencia y Tecnolog\u00eda - Arica y Parinacota","robots":{"index":"index","follow":"follow","max-snippet":"max-snippet:-1","max-image-preview":"max-image-preview:large","max-video-preview":"max-video-preview:-1"},"canonical":"https:\/\/dev.explora.cl\/aricayparinacota\/comenzo-la-xxi-semana-nacional-de-la-ciencia-y-tecnologia\/","og_locale":"es_ES","og_type":"article","og_title":"Comenz\u00f3 la XXI Semana Nacional de la Ciencia y Tecnolog\u00eda - Arica y Parinacota","og_description":"&nbsp; Iniciativa Explora UTA Arica y Parinacota invita a toda la comunidad a participar de esta gran fiesta del conocimiento que se llevar\u00e1 a cabo del 05 al 09&nbsp; de octubre donde el mundo escolar ser\u00e1 el protagonista. La Semana Nacional de la Ciencia y la Tecnolog\u00eda (SNCyT) es una instancia que se realiza cada [&hellip;]","og_url":"https:\/\/dev.explora.cl\/aricayparinacota\/comenzo-la-xxi-semana-nacional-de-la-ciencia-y-tecnologia\/","og_site_name":"Arica y Parinacota","article_published_time":"2015-10-05T00:00:00+00:00","article_modified_time":"2019-05-09T21:25:27+00:00","og_image":[{"width":960,"height":640,"url":"https:\/\/dev.explora.cl\/aricayparinacota\/wp-content\/uploads\/sites\/2\/2018\/06\/3e302009ac058e6f7ee02ec1e5a27694.jpg","type":"image\/jpeg"}],"author":"webman","twitter_card":"summary_large_image","twitter_misc":{"Escrito por":"webman","Tiempo estimado de lectura":"4 minutos"},"schema":{"@context":"https:\/\/schema.org","@graph":[{"@type":"Article","@id":"https:\/\/dev.explora.cl\/aricayparinacota\/comenzo-la-xxi-semana-nacional-de-la-ciencia-y-tecnologia\/#article","isPartOf":{"@id":"https:\/\/dev.explora.cl\/aricayparinacota\/comenzo-la-xxi-semana-nacional-de-la-ciencia-y-tecnologia\/"},"author":{"name":"webman","@id":"https:\/\/dev.explora.cl\/aricayparinacota\/#\/schema\/person\/cb8349c13ea2d324080adf8480d7ba5d"},"headline":"Comenz\u00f3 la XXI Semana Nacional de la Ciencia y Tecnolog\u00eda","datePublished":"2015-10-05T00:00:00+00:00","dateModified":"2019-05-09T21:25:27+00:00","mainEntityOfPage":{"@id":"https:\/\/dev.explora.cl\/aricayparinacota\/comenzo-la-xxi-semana-nacional-de-la-ciencia-y-tecnologia\/"},"wordCount":853,"commentCount":0,"publisher":{"@id":"https:\/\/dev.explora.cl\/aricayparinacota\/#organization"},"image":{"@id":"https:\/\/dev.explora.cl\/aricayparinacota\/comenzo-la-xxi-semana-nacional-de-la-ciencia-y-tecnologia\/#primaryimage"},"thumbnailUrl":"https:\/\/dev.explora.cl\/aricayparinacota\/wp-content\/uploads\/sites\/2\/2018\/06\/3e302009ac058e6f7ee02ec1e5a27694.jpg","articleSection":["Noticias"],"inLanguage":"es-CL","potentialAction":[{"@type":"CommentAction","name":"Comment","target":["https:\/\/dev.explora.cl\/aricayparinacota\/comenzo-la-xxi-semana-nacional-de-la-ciencia-y-tecnologia\/#respond"]}]},{"@type":"WebPage","@id":"https:\/\/dev.explora.cl\/aricayparinacota\/comenzo-la-xxi-semana-nacional-de-la-ciencia-y-tecnologia\/","url":"https:\/\/dev.explora.cl\/aricayparinacota\/comenzo-la-xxi-semana-nacional-de-la-ciencia-y-tecnologia\/","name":"Comenz\u00f3 la XXI Semana Nacional de la Ciencia y Tecnolog\u00eda - Arica y Parinacota","isPartOf":{"@id":"https:\/\/dev.explora.cl\/aricayparinacota\/#website"},"primaryImageOfPage":{"@id":"https:\/\/dev.explora.cl\/aricayparinacota\/comenzo-la-xxi-semana-nacional-de-la-ciencia-y-tecnologia\/#primaryimage"},"image":{"@id":"https:\/\/dev.explora.cl\/aricayparinacota\/comenzo-la-xxi-semana-nacional-de-la-ciencia-y-tecnologia\/#primaryimage"},"thumbnailUrl":"https:\/\/dev.explora.cl\/aricayparinacota\/wp-content\/uploads\/sites\/2\/2018\/06\/3e302009ac058e6f7ee02ec1e5a27694.jpg","datePublished":"2015-10-05T00:00:00+00:00","dateModified":"2019-05-09T21:25:27+00:00","breadcrumb":{"@id":"https:\/\/dev.explora.cl\/aricayparinacota\/comenzo-la-xxi-semana-nacional-de-la-ciencia-y-tecnologia\/#breadcrumb"},"inLanguage":"es-CL","potentialAction":[{"@type":"ReadAction","target":["https:\/\/dev.explora.cl\/aricayparinacota\/comenzo-la-xxi-semana-nacional-de-la-ciencia-y-tecnologia\/"]}]},{"@type":"ImageObject","inLanguage":"es-CL","@id":"https:\/\/dev.explora.cl\/aricayparinacota\/comenzo-la-xxi-semana-nacional-de-la-ciencia-y-tecnologia\/#primaryimage","url":"https:\/\/dev.explora.cl\/aricayparinacota\/wp-content\/uploads\/sites\/2\/2018\/06\/3e302009ac058e6f7ee02ec1e5a27694.jpg","contentUrl":"https:\/\/dev.explora.cl\/aricayparinacota\/wp-content\/uploads\/sites\/2\/2018\/06\/3e302009ac058e6f7ee02ec1e5a27694.jpg","width":960,"height":640},{"@type":"BreadcrumbList","@id":"https:\/\/dev.explora.cl\/aricayparinacota\/comenzo-la-xxi-semana-nacional-de-la-ciencia-y-tecnologia\/#breadcrumb","itemListElement":[{"@type":"ListItem","position":1,"name":"Portada","item":"https:\/\/dev.explora.cl\/aricayparinacota\/"},{"@type":"ListItem","position":2,"name":"Comenz\u00f3 la XXI Semana Nacional de la Ciencia y Tecnolog\u00eda"}]},{"@type":"WebSite","@id":"https:\/\/dev.explora.cl\/aricayparinacota\/#website","url":"https:\/\/dev.explora.cl\/aricayparinacota\/","name":"Arica y Parinacota","description":"Otro sitio m\u00e1s de dev.explora.cl","publisher":{"@id":"https:\/\/dev.explora.cl\/aricayparinacota\/#organization"},"potentialAction":[{"@type":"SearchAction","target":{"@type":"EntryPoint","urlTemplate":"https:\/\/dev.explora.cl\/aricayparinacota\/?s={search_term_string}"},"query-input":{"@type":"PropertyValueSpecification","valueRequired":true,"valueName":"search_term_string"}}],"inLanguage":"es-CL"},{"@type":"Organization","@id":"https:\/\/dev.explora.cl\/aricayparinacota\/#organization","name":"Arica y Parinacota","url":"https:\/\/dev.explora.cl\/aricayparinacota\/","logo":{"@type":"ImageObject","inLanguage":"es-CL","@id":"https:\/\/dev.explora.cl\/aricayparinacota\/#\/schema\/logo\/image\/","url":"https:\/\/dev.explora.cl\/aricayparinacota\/wp-content\/uploads\/sites\/2\/2020\/08\/cropped-nuevosa-logos-11.png","contentUrl":"https:\/\/dev.explora.cl\/aricayparinacota\/wp-content\/uploads\/sites\/2\/2020\/08\/cropped-nuevosa-logos-11.png","width":812,"height":937,"caption":"Arica y Parinacota"},"image":{"@id":"https:\/\/dev.explora.cl\/aricayparinacota\/#\/schema\/logo\/image\/"}},{"@type":"Person","@id":"https:\/\/dev.explora.cl\/aricayparinacota\/#\/schema\/person\/cb8349c13ea2d324080adf8480d7ba5d","name":"webman","image":{"@type":"ImageObject","inLanguage":"es-CL","@id":"https:\/\/dev.explora.cl\/aricayparinacota\/#\/schema\/person\/image\/","url":"https:\/\/secure.gravatar.com\/avatar\/eeff3c82f2c02f7177d13663b7e6f890e9a6a0647ce9bb29cae02dcb094c7312?s=96&d=mm&r=g","contentUrl":"https:\/\/secure.gravatar.com\/avatar\/eeff3c82f2c02f7177d13663b7e6f890e9a6a0647ce9bb29cae02dcb094c7312?s=96&d=mm&r=g","caption":"webman"},"url":"https:\/\/dev.explora.cl\/aricayparinacota\/author\/webman\/"}]}},"_links":{"self":[{"href":"https:\/\/dev.explora.cl\/aricayparinacota\/wp-json\/wp\/v2\/posts\/32098","targetHints":{"allow":["GET"]}}],"collection":[{"href":"https:\/\/dev.explora.cl\/aricayparinacota\/wp-json\/wp\/v2\/posts"}],"about":[{"href":"https:\/\/dev.explora.cl\/aricayparinacota\/wp-json\/wp\/v2\/types\/post"}],"author":[{"embeddable":true,"href":"https:\/\/dev.explora.cl\/aricayparinacota\/wp-json\/wp\/v2\/users\/2"}],"replies":[{"embeddable":true,"href":"https:\/\/dev.explora.cl\/aricayparinacota\/wp-json\/wp\/v2\/comments?post=32098"}],"version-history":[{"count":1,"href":"https:\/\/dev.explora.cl\/aricayparinacota\/wp-json\/wp\/v2\/posts\/32098\/revisions"}],"predecessor-version":[{"id":32933,"href":"https:\/\/dev.explora.cl\/aricayparinacota\/wp-json\/wp\/v2\/posts\/32098\/revisions\/32933"}],"wp:featuredmedia":[{"embeddable":true,"href":"https:\/\/dev.explora.cl\/aricayparinacota\/wp-json\/wp\/v2\/media\/32099"}],"wp:attachment":[{"href":"https:\/\/dev.explora.cl\/aricayparinacota\/wp-json\/wp\/v2\/media?parent=32098"}],"wp:term":[{"taxonomy":"category","embeddable":true,"href":"https:\/\/dev.explora.cl\/aricayparinacota\/wp-json\/wp\/v2\/categories?post=32098"},{"taxonomy":"post_tag","embeddable":true,"href":"https:\/\/dev.explora.cl\/aricayparinacota\/wp-json\/wp\/v2\/tags?post=32098"}],"curies":[{"name":"wp","href":"https:\/\/api.w.org\/{rel}","templated":true}]}}