{"id":32094,"date":"2015-09-23T00:00:00","date_gmt":"2015-09-23T00:00:00","guid":{"rendered":"https:\/\/dev.explora.cl\/aricayparinacota\/blog\/2015\/09\/23\/gloria-calaf-la-apasionada-investigadora-que-lucha-contra-el-cancer\/"},"modified":"2019-05-09T21:25:42","modified_gmt":"2019-05-09T21:25:42","slug":"gloria-calaf-la-apasionada-investigadora-que-lucha-contra-el-cancer","status":"publish","type":"post","link":"https:\/\/dev.explora.cl\/aricayparinacota\/gloria-calaf-la-apasionada-investigadora-que-lucha-contra-el-cancer\/","title":{"rendered":"Gloria Calaf, la apasionada Investigadora que desde Arica lucha contra el C\u00e1ncer"},"content":{"rendered":"<p><img loading=\"lazy\" decoding=\"async\" class=\" size-full wp-image-14998\" src=\"https:\/\/dev.explora.cl\/wp-content\/uploads\/2015\/09\/d566a815fb3342e3de1b6bb003d3e287.jpg\" alt=\"\" width=\"619\" height=\"348\" \/><\/p>\n<p>Profesora de Biolog\u00eda de la Universidad de Chile, Magister y Doctora en Ciencias Biol\u00f3gicas de la Michigan State University, Gloria Calaf ha dedicado gran parte de su vida a la investigaci\u00f3n para curar el c\u00e1ncer; desde su oficina en el Instituto de Alta Investigaci\u00f3n (IAI) de la Universidad de Tarapac\u00e1 Arica, que actualmente dirige, la encontramos preparando su charla para 1000 Cient\u00edficos 1000 Aulas donde planea explicarle a los estudiantes la relevancia de la alimentaci\u00f3n para prevenir y combatir esta enfermedad.Motivada a difundir lo que m\u00e1s se pueda parte de su investigaci\u00f3n, ella se da un tiempo en su copada agenda llena de viajes, para hablar de su trayectoria y del trabajo que actualmente desarrolla junto a su equipo de cient\u00edficos en Arica.<\/p>\n<p style=\"text-align: justify\"><strong>\u00bfC\u00f3mo lleg\u00f3 desde la pedagog\u00eda a la investigaci\u00f3n?<\/strong><\/p>\n<p style=\"text-align: justify\"><i>Desde chica quer\u00eda ser profesora, yo no pens\u00e9 en la investigaci\u00f3n porque no conoc\u00eda lo que significaba, una piensa que no tiene nada que ver con eso que es de otro mundo, estudi\u00e9 pedagog\u00eda lo que luego me llevo a formar lo que ahora es la Universidad de Antofagasta, la que se arm\u00f3 desde la Universidad de Chile a trav\u00e9s de un programa donde nos mandaban a todos los profesionales durante un a\u00f1o para perfeccionarnos y ser capaces de ir a ense\u00f1ar a provincias, era como un premio, donde el sueldo era m\u00e1s alto y tenias m\u00e1s oportunidades de ganar becas para ir a estudiar a Estados Unidos.&nbsp;<\/i><i>Yo ya hab\u00eda terminado mi carrera y mi profesor gu\u00eda de mi tesis me dijo \u201c\u00bfquieres irte al norte o al sur donde te manden?\u201d, le dije que bueno y tras 2 a\u00f1os de trabajar ah\u00ed me gan\u00e9 la beca para ir a estudiar y sacar el magister. En ese entonces por primera vez le tom\u00e9 el sentido al hacer una investigaci\u00f3n, si bien hice mi tesis de pedagog\u00eda con H\u00e9ctor Croxatto (Premio Nacional de Ciencias 1979) esta fue muy guiada, me gust\u00f3, pero no le hab\u00eda tomado el sentido de haberlo hecho yo, porque una ayuda, aprende, pero cuando hice mi tesis en un tema que nunca hab\u00eda estudiado, que lo hice yo sola y ah\u00ed comprend\u00ed lo que era investigar.&nbsp;<\/i><i>En Estados Unidos, mi profesor tutor era inmun\u00f3logo y me pidi\u00f3 que hiciera con \u00e9l la investigaci\u00f3n meti\u00e9ndome a fondo en el problema, me dijo \u201cyo quiero que veas estos ri\u00f1ones y qu\u00e9 es lo que pasa con ellos\u201d&nbsp; y encontr\u00e9 una enfermedad que \u00e9l no estaba de acuerdo, entonces se me cre\u00f3 el conflicto donde \u00e9l no quer\u00eda que yo la presentara y publicara mi tesis; afortunadamente un profesor gu\u00eda me apoy\u00f3, yo le coment\u00e9 que encontr\u00e9 una enfermedad y que el profesor no est\u00e1 de acuerdo porque hecha por tierra su hip\u00f3tesis, entonces me dijo que como yo hab\u00eda venido de Chile a hacer mi tesis no pod\u00eda irme sin ella. Esto oblig\u00f3 al profesor tutor a que presentara mi trabajo y al hacerlo todos estuvieron de acuerdo con mis resultados.&nbsp;<\/i><i>Todo eso me hizo a mi escribir un trabajo, publicarlo; esto te apasiona porque comienzas a ver algo que no hab\u00eda visto nadie y que lo encontraste sola, eso es investigar, es sorprenderse con el encuentro desde el microscopio que es mi pasi\u00f3n, no tengo mucho tiempo en la actualidad, pero esa es mi pasi\u00f3n y llevo a la gente a ello.<\/i><\/p>\n<p style=\"text-align: justify\"><strong>\u00bfPor qu\u00e9 investigar sobre el C\u00e1ncer?<\/strong><\/p>\n<p style=\"text-align: justify\"><i>Cuando volv\u00ed a Chile para cumplir con los plazos de trabajar, sino ten\u00eda que devolver el dinero de la beca, me llamaron del departamento de anatom\u00eda la Universidad en Estados Unidos para que regresara a terminar mi doctorado, que ellos me pagan todo por tres a\u00f1os y medio a cuatro mientras duraban los estudios en el tema que yo quisiera.&nbsp;<\/i><i>Volv\u00ed a Estados Unidos y escog\u00ed el c\u00e1ncer, que me gust\u00f3 porque pens\u00e9 que en Chile pod\u00eda ser importante, porque en ese minuto yo no sab\u00eda de nadie que estuviera haciendo ac\u00e1 investigaci\u00f3n en c\u00e1ncer. Lo hice en el fondo porque realmente pens\u00e9 en ayudar a mi pa\u00eds.&nbsp;<\/i><i>Desde la investigaci\u00f3n comenc\u00e9 a ver la iniciaci\u00f3n del C\u00e1ncer, qu\u00e9 lo comienza y c\u00f3mo se origina, luego me fui a otra instituciones en Estados Unidos donde fui investigando con las c\u00e9lulas in vitro de mamas humanas normales primero y despu\u00e9s con cancer\u00edgenos conocidos que son los que est\u00e1n en el ambiente, pudiendo ver en el microscopio a la c\u00e9lula transformarse en c\u00e1ncer, logrando obtener investigaciones de alto impacto en ese tema.<\/i><\/p>\n<p style=\"text-align: justify\"><strong>\u00bfPor qu\u00e9 regres\u00f3 a Chile y a vivir a Arica?<\/strong><\/p>\n<p style=\"text-align: justify\"><i>Al tiempo que me fui me ofrecieron un trabajo en la facultad de Ciencias de la Universidad de Chile, en ese tiempo no hab\u00edan fondos por el problema pol\u00edtico de pa\u00eds y decidieron que ese no era tema prioritario y que si me quer\u00eda dedicar a la investigaci\u00f3n deb\u00eda ser en los temas de los dem\u00e1s. Entonces dije que no, porque ya hab\u00eda realizado investigaciones sobre el c\u00e1ncer de mama sobre c\u00e9lulas de c\u00e1ncer en cultivo que hab\u00edan sido importantes.&nbsp;<\/i><i>Estuve bastantes a\u00f1os en Estados Unidos desde el 1989 hasta el 2003 haciendo investigaciones en diferentes lugares, hasta que llegu\u00e9 a la Universidad de Columbia con jornada completa, pero llega un momento en la vida en el que ten\u00eda que retornar a Chile, pero no quer\u00eda dejar mis investigaciones, no sab\u00eda como hacerlo; afortunadamente me invitaron a hacer una estad\u00eda de unos cuatro meses a Arica, donde el rector me ofrece un arreglo de tiempo muy agradable que no pod\u00eda encontrar en ninguna otra parte.&nbsp;<\/i><i>La idea original era hacer un proyecto Fondecyt con la profesora Gertudris Cabello y lo ganamos, que era sobre la iniciaci\u00f3n del c\u00e1ncer en ratas producto de los pesticidas Marathion y Parathion al contacto con el estr\u00f3geno como iniciadores de c\u00e1ncer de mama. Este fondo me obliga a estar en Chile y me permite crear un laboratorio como el que tenemos en estos momentos en el IAI, voy si a Estados Unidos para utilizar la tecnolog\u00eda que est\u00e1 en Columbia donde en la Actualidad soy investigadora Adjunta.<\/i><\/p>\n<p style=\"text-align: justify\"><strong>\u00bfHa tenido alg\u00fan problema o limitante para realizar sus investigaciones?<\/strong><\/p>\n<p style=\"text-align: justify\"><i>Bueno el a\u00f1o 80 fue horrible, se me dec\u00eda que no hab\u00eda masa cr\u00edtica para estudiar el c\u00e1ncer y que los fondos nos alcanzaban para ese tema, pero hoy en d\u00eda no hay limitantes, Fondecyt ha sido un gran apoyo, espero que nunca se acabe y tambi\u00e9n, seguir gan\u00e1ndomelo porque sino quedar\u00eda en pana.<\/i><\/p>\n<p style=\"text-align: justify\"><strong>\u00bfQu\u00e9 est\u00e1 haciendo en la Actualidad?<\/strong><\/p>\n<p style=\"text-align: justify\"><i>Seguimos ganando proyectos, haciendo investigaci\u00f3n logrando avanzar en el conocimiento permiti\u00e9ndome ir en marzo a discutir con la Organizaci\u00f3n Mundial de la Salud en Francia, sobre el c\u00e1ncer; ya que nuestros trabajos demuestran por primera vez que la c\u00e9lula mamaria es trasformada por los pesticidas siendo entonces&nbsp; un posible cancer\u00edgeno para la especie humana. <\/i><\/p>\n<p style=\"text-align: justify\"><i>Tambi\u00e9n, trabaj\u00e9 con una persona de la India en demostrar que la C\u00farcuma es Preventiva para la formaci\u00f3n de c\u00e1ncer porque es un antioxidante. Ya tengo mi charla lista que voy a mostrarla ahora en Estados Unidos y fui invitada a ser parte de un cap\u00edtulo de un libro el a\u00f1o pasado, que adem\u00e1s, es parte del segundo proyecto Fondecyt.&nbsp;<\/i><\/p>\n<p style=\"text-align: justify\"><i>Esto me lleva a ganar un tercer proyecto para comparar las drogas&nbsp; quimio terap\u00e9uticas que se usan en la cl\u00ednica, para ver de qu\u00e9 manera y cu\u00e1l droga mata a los oncogenes y de qu\u00e9 forma lo hace, este fondo se termina este a\u00f1o y nos ha ido muy bien porque me han invitado a participar de un gran proyecto sobre c\u00e1ncer en Canad\u00e1 para que est\u00e9 en la nueva hip\u00f3tesis del mundo sobre este tem<br \/>\na diciendo que las sustancias peligrosas en dosis bajas son las que producen el c\u00e1ncer, no las altas que se sab\u00edan siempre. Es un grupo muy grande de mucha gente donde se publicar\u00e1 un tremendo paper.<\/i><\/p>\n<p style=\"text-align: justify\"><i>&nbsp;<\/i><\/p>\n<p style=\"text-align: justify\">Por Marcela Per\u00e9z Sep\u00falveda<\/p>\n<p style=\"text-align: justify\"><i>&nbsp;<\/i><\/p>\n<p>&nbsp;<\/p>\n","protected":false},"excerpt":{"rendered":"<p>Profesora de Biolog\u00eda de la Universidad de Chile, Magister y Doctora en Ciencias Biol\u00f3gicas de la Michigan State University, Gloria Calaf ha dedicado gran parte de su vida a la investigaci\u00f3n para curar el c\u00e1ncer; desde su oficina en el Instituto de Alta Investigaci\u00f3n (IAI) de la Universidad de Tarapac\u00e1 Arica, que actualmente dirige, la [&hellip;]<\/p>\n","protected":false},"author":2,"featured_media":32095,"comment_status":"open","ping_status":"open","sticky":false,"template":"","format":"standard","meta":{"_acf_changed":false,"_exactmetrics_skip_tracking":false,"_exactmetrics_sitenote_active":false,"_exactmetrics_sitenote_note":"","_exactmetrics_sitenote_category":0,"footnotes":"","_links_to":"","_links_to_target":""},"categories":[4],"tags":[100],"class_list":["post-32094","post","type-post","status-publish","format-standard","has-post-thumbnail","hentry","category-noticias","tag-investigacion"],"acf":[],"yoast_head":"<!-- This site is optimized with the Yoast SEO plugin v26.7 - https:\/\/yoast.com\/wordpress\/plugins\/seo\/ -->\n<title>Gloria Calaf, la apasionada Investigadora que desde Arica lucha contra el C\u00e1ncer - Arica y Parinacota<\/title>\n<meta name=\"robots\" content=\"index, follow, max-snippet:-1, max-image-preview:large, max-video-preview:-1\" \/>\n<link rel=\"canonical\" href=\"https:\/\/dev.explora.cl\/aricayparinacota\/gloria-calaf-la-apasionada-investigadora-que-lucha-contra-el-cancer\/\" class=\"yoast-seo-meta-tag\" \/>\n<meta property=\"og:locale\" content=\"es_ES\" class=\"yoast-seo-meta-tag\" \/>\n<meta property=\"og:type\" content=\"article\" class=\"yoast-seo-meta-tag\" \/>\n<meta property=\"og:title\" content=\"Gloria Calaf, la apasionada Investigadora que desde Arica lucha contra el C\u00e1ncer - Arica y Parinacota\" class=\"yoast-seo-meta-tag\" \/>\n<meta property=\"og:description\" content=\"Profesora de Biolog\u00eda de la Universidad de Chile, Magister y Doctora en Ciencias Biol\u00f3gicas de la Michigan State University, Gloria Calaf ha dedicado gran parte de su vida a la investigaci\u00f3n para curar el c\u00e1ncer; desde su oficina en el Instituto de Alta Investigaci\u00f3n (IAI) de la Universidad de Tarapac\u00e1 Arica, que actualmente dirige, la [&hellip;]\" class=\"yoast-seo-meta-tag\" \/>\n<meta property=\"og:url\" content=\"https:\/\/dev.explora.cl\/aricayparinacota\/gloria-calaf-la-apasionada-investigadora-que-lucha-contra-el-cancer\/\" class=\"yoast-seo-meta-tag\" \/>\n<meta property=\"og:site_name\" content=\"Arica y Parinacota\" class=\"yoast-seo-meta-tag\" \/>\n<meta property=\"article:published_time\" content=\"2015-09-23T00:00:00+00:00\" class=\"yoast-seo-meta-tag\" \/>\n<meta property=\"article:modified_time\" content=\"2019-05-09T21:25:42+00:00\" class=\"yoast-seo-meta-tag\" \/>\n<meta property=\"og:image\" content=\"https:\/\/dev.explora.cl\/aricayparinacota\/wp-content\/uploads\/sites\/2\/2018\/06\/d566a815fb3342e3de1b6bb003d3e287.jpg\" class=\"yoast-seo-meta-tag\" \/>\n\t<meta property=\"og:image:width\" content=\"619\" class=\"yoast-seo-meta-tag\" \/>\n\t<meta property=\"og:image:height\" content=\"348\" class=\"yoast-seo-meta-tag\" \/>\n\t<meta property=\"og:image:type\" content=\"image\/jpeg\" class=\"yoast-seo-meta-tag\" \/>\n<meta name=\"author\" content=\"webman\" class=\"yoast-seo-meta-tag\" \/>\n<meta name=\"twitter:card\" content=\"summary_large_image\" class=\"yoast-seo-meta-tag\" \/>\n<meta name=\"twitter:label1\" content=\"Escrito por\" class=\"yoast-seo-meta-tag\" \/>\n\t<meta name=\"twitter:data1\" content=\"webman\" class=\"yoast-seo-meta-tag\" \/>\n\t<meta name=\"twitter:label2\" content=\"Tiempo estimado de lectura\" class=\"yoast-seo-meta-tag\" \/>\n\t<meta name=\"twitter:data2\" content=\"7 minutos\" class=\"yoast-seo-meta-tag\" \/>\n<script type=\"application\/ld+json\" class=\"yoast-schema-graph\">{\"@context\":\"https:\/\/schema.org\",\"@graph\":[{\"@type\":\"Article\",\"@id\":\"https:\/\/dev.explora.cl\/aricayparinacota\/gloria-calaf-la-apasionada-investigadora-que-lucha-contra-el-cancer\/#article\",\"isPartOf\":{\"@id\":\"https:\/\/dev.explora.cl\/aricayparinacota\/gloria-calaf-la-apasionada-investigadora-que-lucha-contra-el-cancer\/\"},\"author\":{\"name\":\"webman\",\"@id\":\"https:\/\/dev.explora.cl\/aricayparinacota\/#\/schema\/person\/cb8349c13ea2d324080adf8480d7ba5d\"},\"headline\":\"Gloria Calaf, la apasionada Investigadora que desde Arica lucha contra el C\u00e1ncer\",\"datePublished\":\"2015-09-23T00:00:00+00:00\",\"dateModified\":\"2019-05-09T21:25:42+00:00\",\"mainEntityOfPage\":{\"@id\":\"https:\/\/dev.explora.cl\/aricayparinacota\/gloria-calaf-la-apasionada-investigadora-que-lucha-contra-el-cancer\/\"},\"wordCount\":1443,\"commentCount\":0,\"publisher\":{\"@id\":\"https:\/\/dev.explora.cl\/aricayparinacota\/#organization\"},\"image\":{\"@id\":\"https:\/\/dev.explora.cl\/aricayparinacota\/gloria-calaf-la-apasionada-investigadora-que-lucha-contra-el-cancer\/#primaryimage\"},\"thumbnailUrl\":\"https:\/\/dev.explora.cl\/aricayparinacota\/wp-content\/uploads\/sites\/2\/2018\/06\/d566a815fb3342e3de1b6bb003d3e287.jpg\",\"keywords\":[\"investigaci\u00f3n\"],\"articleSection\":[\"Noticias\"],\"inLanguage\":\"es-CL\",\"potentialAction\":[{\"@type\":\"CommentAction\",\"name\":\"Comment\",\"target\":[\"https:\/\/dev.explora.cl\/aricayparinacota\/gloria-calaf-la-apasionada-investigadora-que-lucha-contra-el-cancer\/#respond\"]}]},{\"@type\":\"WebPage\",\"@id\":\"https:\/\/dev.explora.cl\/aricayparinacota\/gloria-calaf-la-apasionada-investigadora-que-lucha-contra-el-cancer\/\",\"url\":\"https:\/\/dev.explora.cl\/aricayparinacota\/gloria-calaf-la-apasionada-investigadora-que-lucha-contra-el-cancer\/\",\"name\":\"Gloria Calaf, la apasionada Investigadora que desde Arica lucha contra el C\u00e1ncer - Arica y Parinacota\",\"isPartOf\":{\"@id\":\"https:\/\/dev.explora.cl\/aricayparinacota\/#website\"},\"primaryImageOfPage\":{\"@id\":\"https:\/\/dev.explora.cl\/aricayparinacota\/gloria-calaf-la-apasionada-investigadora-que-lucha-contra-el-cancer\/#primaryimage\"},\"image\":{\"@id\":\"https:\/\/dev.explora.cl\/aricayparinacota\/gloria-calaf-la-apasionada-investigadora-que-lucha-contra-el-cancer\/#primaryimage\"},\"thumbnailUrl\":\"https:\/\/dev.explora.cl\/aricayparinacota\/wp-content\/uploads\/sites\/2\/2018\/06\/d566a815fb3342e3de1b6bb003d3e287.jpg\",\"datePublished\":\"2015-09-23T00:00:00+00:00\",\"dateModified\":\"2019-05-09T21:25:42+00:00\",\"breadcrumb\":{\"@id\":\"https:\/\/dev.explora.cl\/aricayparinacota\/gloria-calaf-la-apasionada-investigadora-que-lucha-contra-el-cancer\/#breadcrumb\"},\"inLanguage\":\"es-CL\",\"potentialAction\":[{\"@type\":\"ReadAction\",\"target\":[\"https:\/\/dev.explora.cl\/aricayparinacota\/gloria-calaf-la-apasionada-investigadora-que-lucha-contra-el-cancer\/\"]}]},{\"@type\":\"ImageObject\",\"inLanguage\":\"es-CL\",\"@id\":\"https:\/\/dev.explora.cl\/aricayparinacota\/gloria-calaf-la-apasionada-investigadora-que-lucha-contra-el-cancer\/#primaryimage\",\"url\":\"https:\/\/dev.explora.cl\/aricayparinacota\/wp-content\/uploads\/sites\/2\/2018\/06\/d566a815fb3342e3de1b6bb003d3e287.jpg\",\"contentUrl\":\"https:\/\/dev.explora.cl\/aricayparinacota\/wp-content\/uploads\/sites\/2\/2018\/06\/d566a815fb3342e3de1b6bb003d3e287.jpg\",\"width\":619,\"height\":348},{\"@type\":\"BreadcrumbList\",\"@id\":\"https:\/\/dev.explora.cl\/aricayparinacota\/gloria-calaf-la-apasionada-investigadora-que-lucha-contra-el-cancer\/#breadcrumb\",\"itemListElement\":[{\"@type\":\"ListItem\",\"position\":1,\"name\":\"Portada\",\"item\":\"https:\/\/dev.explora.cl\/aricayparinacota\/\"},{\"@type\":\"ListItem\",\"position\":2,\"name\":\"Gloria Calaf, la apasionada Investigadora que desde Arica lucha contra el C\u00e1ncer\"}]},{\"@type\":\"WebSite\",\"@id\":\"https:\/\/dev.explora.cl\/aricayparinacota\/#website\",\"url\":\"https:\/\/dev.explora.cl\/aricayparinacota\/\",\"name\":\"Arica y Parinacota\",\"description\":\"Otro sitio m\u00e1s de dev.explora.cl\",\"publisher\":{\"@id\":\"https:\/\/dev.explora.cl\/aricayparinacota\/#organization\"},\"potentialAction\":[{\"@type\":\"SearchAction\",\"target\":{\"@type\":\"EntryPoint\",\"urlTemplate\":\"https:\/\/dev.explora.cl\/aricayparinacota\/?s={search_term_string}\"},\"query-input\":{\"@type\":\"PropertyValueSpecification\",\"valueRequired\":true,\"valueName\":\"search_term_string\"}}],\"inLanguage\":\"es-CL\"},{\"@type\":\"Organization\",\"@id\":\"https:\/\/dev.explora.cl\/aricayparinacota\/#organization\",\"name\":\"Arica y Parinacota\",\"url\":\"https:\/\/dev.explora.cl\/aricayparinacota\/\",\"logo\":{\"@type\":\"ImageObject\",\"inLanguage\":\"es-CL\",\"@id\":\"https:\/\/dev.explora.cl\/aricayparinacota\/#\/schema\/logo\/image\/\",\"url\":\"https:\/\/dev.explora.cl\/aricayparinacota\/wp-content\/uploads\/sites\/2\/2020\/08\/cropped-nuevosa-logos-11.png\",\"contentUrl\":\"https:\/\/dev.explora.cl\/aricayparinacota\/wp-content\/uploads\/sites\/2\/2020\/08\/cropped-nuevosa-logos-11.png\",\"width\":812,\"height\":937,\"caption\":\"Arica y Parinacota\"},\"image\":{\"@id\":\"https:\/\/dev.explora.cl\/aricayparinacota\/#\/schema\/logo\/image\/\"}},{\"@type\":\"Person\",\"@id\":\"https:\/\/dev.explora.cl\/aricayparinacota\/#\/schema\/person\/cb8349c13ea2d324080adf8480d7ba5d\",\"name\":\"webman\",\"image\":{\"@type\":\"ImageObject\",\"inLanguage\":\"es-CL\",\"@id\":\"https:\/\/dev.explora.cl\/aricayparinacota\/#\/schema\/person\/image\/\",\"url\":\"https:\/\/secure.gravatar.com\/avatar\/eeff3c82f2c02f7177d13663b7e6f890e9a6a0647ce9bb29cae02dcb094c7312?s=96&d=mm&r=g\",\"contentUrl\":\"https:\/\/secure.gravatar.com\/avatar\/eeff3c82f2c02f7177d13663b7e6f890e9a6a0647ce9bb29cae02dcb094c7312?s=96&d=mm&r=g\",\"caption\":\"webman\"},\"url\":\"https:\/\/dev.explora.cl\/aricayparinacota\/author\/webman\/\"}]}<\/script>\n<!-- \/ Yoast SEO plugin. -->","yoast_head_json":{"title":"Gloria Calaf, la apasionada Investigadora que desde Arica lucha contra el C\u00e1ncer - Arica y Parinacota","robots":{"index":"index","follow":"follow","max-snippet":"max-snippet:-1","max-image-preview":"max-image-preview:large","max-video-preview":"max-video-preview:-1"},"canonical":"https:\/\/dev.explora.cl\/aricayparinacota\/gloria-calaf-la-apasionada-investigadora-que-lucha-contra-el-cancer\/","og_locale":"es_ES","og_type":"article","og_title":"Gloria Calaf, la apasionada Investigadora que desde Arica lucha contra el C\u00e1ncer - Arica y Parinacota","og_description":"Profesora de Biolog\u00eda de la Universidad de Chile, Magister y Doctora en Ciencias Biol\u00f3gicas de la Michigan State University, Gloria Calaf ha dedicado gran parte de su vida a la investigaci\u00f3n para curar el c\u00e1ncer; desde su oficina en el Instituto de Alta Investigaci\u00f3n (IAI) de la Universidad de Tarapac\u00e1 Arica, que actualmente dirige, la [&hellip;]","og_url":"https:\/\/dev.explora.cl\/aricayparinacota\/gloria-calaf-la-apasionada-investigadora-que-lucha-contra-el-cancer\/","og_site_name":"Arica y Parinacota","article_published_time":"2015-09-23T00:00:00+00:00","article_modified_time":"2019-05-09T21:25:42+00:00","og_image":[{"width":619,"height":348,"url":"https:\/\/dev.explora.cl\/aricayparinacota\/wp-content\/uploads\/sites\/2\/2018\/06\/d566a815fb3342e3de1b6bb003d3e287.jpg","type":"image\/jpeg"}],"author":"webman","twitter_card":"summary_large_image","twitter_misc":{"Escrito por":"webman","Tiempo estimado de lectura":"7 minutos"},"schema":{"@context":"https:\/\/schema.org","@graph":[{"@type":"Article","@id":"https:\/\/dev.explora.cl\/aricayparinacota\/gloria-calaf-la-apasionada-investigadora-que-lucha-contra-el-cancer\/#article","isPartOf":{"@id":"https:\/\/dev.explora.cl\/aricayparinacota\/gloria-calaf-la-apasionada-investigadora-que-lucha-contra-el-cancer\/"},"author":{"name":"webman","@id":"https:\/\/dev.explora.cl\/aricayparinacota\/#\/schema\/person\/cb8349c13ea2d324080adf8480d7ba5d"},"headline":"Gloria Calaf, la apasionada Investigadora que desde Arica lucha contra el C\u00e1ncer","datePublished":"2015-09-23T00:00:00+00:00","dateModified":"2019-05-09T21:25:42+00:00","mainEntityOfPage":{"@id":"https:\/\/dev.explora.cl\/aricayparinacota\/gloria-calaf-la-apasionada-investigadora-que-lucha-contra-el-cancer\/"},"wordCount":1443,"commentCount":0,"publisher":{"@id":"https:\/\/dev.explora.cl\/aricayparinacota\/#organization"},"image":{"@id":"https:\/\/dev.explora.cl\/aricayparinacota\/gloria-calaf-la-apasionada-investigadora-que-lucha-contra-el-cancer\/#primaryimage"},"thumbnailUrl":"https:\/\/dev.explora.cl\/aricayparinacota\/wp-content\/uploads\/sites\/2\/2018\/06\/d566a815fb3342e3de1b6bb003d3e287.jpg","keywords":["investigaci\u00f3n"],"articleSection":["Noticias"],"inLanguage":"es-CL","potentialAction":[{"@type":"CommentAction","name":"Comment","target":["https:\/\/dev.explora.cl\/aricayparinacota\/gloria-calaf-la-apasionada-investigadora-que-lucha-contra-el-cancer\/#respond"]}]},{"@type":"WebPage","@id":"https:\/\/dev.explora.cl\/aricayparinacota\/gloria-calaf-la-apasionada-investigadora-que-lucha-contra-el-cancer\/","url":"https:\/\/dev.explora.cl\/aricayparinacota\/gloria-calaf-la-apasionada-investigadora-que-lucha-contra-el-cancer\/","name":"Gloria Calaf, la apasionada Investigadora que desde Arica lucha contra el C\u00e1ncer - Arica y Parinacota","isPartOf":{"@id":"https:\/\/dev.explora.cl\/aricayparinacota\/#website"},"primaryImageOfPage":{"@id":"https:\/\/dev.explora.cl\/aricayparinacota\/gloria-calaf-la-apasionada-investigadora-que-lucha-contra-el-cancer\/#primaryimage"},"image":{"@id":"https:\/\/dev.explora.cl\/aricayparinacota\/gloria-calaf-la-apasionada-investigadora-que-lucha-contra-el-cancer\/#primaryimage"},"thumbnailUrl":"https:\/\/dev.explora.cl\/aricayparinacota\/wp-content\/uploads\/sites\/2\/2018\/06\/d566a815fb3342e3de1b6bb003d3e287.jpg","datePublished":"2015-09-23T00:00:00+00:00","dateModified":"2019-05-09T21:25:42+00:00","breadcrumb":{"@id":"https:\/\/dev.explora.cl\/aricayparinacota\/gloria-calaf-la-apasionada-investigadora-que-lucha-contra-el-cancer\/#breadcrumb"},"inLanguage":"es-CL","potentialAction":[{"@type":"ReadAction","target":["https:\/\/dev.explora.cl\/aricayparinacota\/gloria-calaf-la-apasionada-investigadora-que-lucha-contra-el-cancer\/"]}]},{"@type":"ImageObject","inLanguage":"es-CL","@id":"https:\/\/dev.explora.cl\/aricayparinacota\/gloria-calaf-la-apasionada-investigadora-que-lucha-contra-el-cancer\/#primaryimage","url":"https:\/\/dev.explora.cl\/aricayparinacota\/wp-content\/uploads\/sites\/2\/2018\/06\/d566a815fb3342e3de1b6bb003d3e287.jpg","contentUrl":"https:\/\/dev.explora.cl\/aricayparinacota\/wp-content\/uploads\/sites\/2\/2018\/06\/d566a815fb3342e3de1b6bb003d3e287.jpg","width":619,"height":348},{"@type":"BreadcrumbList","@id":"https:\/\/dev.explora.cl\/aricayparinacota\/gloria-calaf-la-apasionada-investigadora-que-lucha-contra-el-cancer\/#breadcrumb","itemListElement":[{"@type":"ListItem","position":1,"name":"Portada","item":"https:\/\/dev.explora.cl\/aricayparinacota\/"},{"@type":"ListItem","position":2,"name":"Gloria Calaf, la apasionada Investigadora que desde Arica lucha contra el C\u00e1ncer"}]},{"@type":"WebSite","@id":"https:\/\/dev.explora.cl\/aricayparinacota\/#website","url":"https:\/\/dev.explora.cl\/aricayparinacota\/","name":"Arica y Parinacota","description":"Otro sitio m\u00e1s de dev.explora.cl","publisher":{"@id":"https:\/\/dev.explora.cl\/aricayparinacota\/#organization"},"potentialAction":[{"@type":"SearchAction","target":{"@type":"EntryPoint","urlTemplate":"https:\/\/dev.explora.cl\/aricayparinacota\/?s={search_term_string}"},"query-input":{"@type":"PropertyValueSpecification","valueRequired":true,"valueName":"search_term_string"}}],"inLanguage":"es-CL"},{"@type":"Organization","@id":"https:\/\/dev.explora.cl\/aricayparinacota\/#organization","name":"Arica y Parinacota","url":"https:\/\/dev.explora.cl\/aricayparinacota\/","logo":{"@type":"ImageObject","inLanguage":"es-CL","@id":"https:\/\/dev.explora.cl\/aricayparinacota\/#\/schema\/logo\/image\/","url":"https:\/\/dev.explora.cl\/aricayparinacota\/wp-content\/uploads\/sites\/2\/2020\/08\/cropped-nuevosa-logos-11.png","contentUrl":"https:\/\/dev.explora.cl\/aricayparinacota\/wp-content\/uploads\/sites\/2\/2020\/08\/cropped-nuevosa-logos-11.png","width":812,"height":937,"caption":"Arica y Parinacota"},"image":{"@id":"https:\/\/dev.explora.cl\/aricayparinacota\/#\/schema\/logo\/image\/"}},{"@type":"Person","@id":"https:\/\/dev.explora.cl\/aricayparinacota\/#\/schema\/person\/cb8349c13ea2d324080adf8480d7ba5d","name":"webman","image":{"@type":"ImageObject","inLanguage":"es-CL","@id":"https:\/\/dev.explora.cl\/aricayparinacota\/#\/schema\/person\/image\/","url":"https:\/\/secure.gravatar.com\/avatar\/eeff3c82f2c02f7177d13663b7e6f890e9a6a0647ce9bb29cae02dcb094c7312?s=96&d=mm&r=g","contentUrl":"https:\/\/secure.gravatar.com\/avatar\/eeff3c82f2c02f7177d13663b7e6f890e9a6a0647ce9bb29cae02dcb094c7312?s=96&d=mm&r=g","caption":"webman"},"url":"https:\/\/dev.explora.cl\/aricayparinacota\/author\/webman\/"}]}},"_links":{"self":[{"href":"https:\/\/dev.explora.cl\/aricayparinacota\/wp-json\/wp\/v2\/posts\/32094","targetHints":{"allow":["GET"]}}],"collection":[{"href":"https:\/\/dev.explora.cl\/aricayparinacota\/wp-json\/wp\/v2\/posts"}],"about":[{"href":"https:\/\/dev.explora.cl\/aricayparinacota\/wp-json\/wp\/v2\/types\/post"}],"author":[{"embeddable":true,"href":"https:\/\/dev.explora.cl\/aricayparinacota\/wp-json\/wp\/v2\/users\/2"}],"replies":[{"embeddable":true,"href":"https:\/\/dev.explora.cl\/aricayparinacota\/wp-json\/wp\/v2\/comments?post=32094"}],"version-history":[{"count":1,"href":"https:\/\/dev.explora.cl\/aricayparinacota\/wp-json\/wp\/v2\/posts\/32094\/revisions"}],"predecessor-version":[{"id":32935,"href":"https:\/\/dev.explora.cl\/aricayparinacota\/wp-json\/wp\/v2\/posts\/32094\/revisions\/32935"}],"wp:featuredmedia":[{"embeddable":true,"href":"https:\/\/dev.explora.cl\/aricayparinacota\/wp-json\/wp\/v2\/media\/32095"}],"wp:attachment":[{"href":"https:\/\/dev.explora.cl\/aricayparinacota\/wp-json\/wp\/v2\/media?parent=32094"}],"wp:term":[{"taxonomy":"category","embeddable":true,"href":"https:\/\/dev.explora.cl\/aricayparinacota\/wp-json\/wp\/v2\/categories?post=32094"},{"taxonomy":"post_tag","embeddable":true,"href":"https:\/\/dev.explora.cl\/aricayparinacota\/wp-json\/wp\/v2\/tags?post=32094"}],"curies":[{"name":"wp","href":"https:\/\/api.w.org\/{rel}","templated":true}]}}