{"id":32084,"date":"2015-08-25T00:00:00","date_gmt":"2015-08-25T00:00:00","guid":{"rendered":"https:\/\/dev.explora.cl\/aricayparinacota\/blog\/2015\/08\/25\/explora-vuelve-al-altiplano\/"},"modified":"2019-05-09T21:26:05","modified_gmt":"2019-05-09T21:26:05","slug":"explora-vuelve-al-altiplano","status":"publish","type":"post","link":"https:\/\/dev.explora.cl\/aricayparinacota\/explora-vuelve-al-altiplano\/","title":{"rendered":"Explora regres\u00f3 al Altiplano para preparar las actividades cient\u00edficas que se desarrollar\u00e1n en la zona"},"content":{"rendered":"<p><img loading=\"lazy\" decoding=\"async\" class=\" size-full wp-image-14137\" src=\"https:\/\/dev.explora.cl\/wp-content\/uploads\/2015\/08\/4f82e0e61b4523bcada56f48f3ee49b5.jpg\" alt=\"\" width=\"4896\" height=\"3672\" \/><\/p>\n<p><p align=\"center\" style=\"text-align: center\"><strong>El equipo de Explora encabezado por Eliana Belmonte estuvo 2 d\u00edas visitando establecimientos de Putre y General Lagos que van a estar participando en el X Congreso Regional Escolar de Ciencia y Tecnolog\u00eda y en la SNCyT<\/strong><\/p>\n<p style=\"text-align: justify\">Positivas jornadas de trabajo fueron las que efectu\u00f3 Eliana Belmonte, Directora de la Iniciativa Explora-UTA junto a M\u00f3nica Codriansky, encargada de Talleres y Eventos y M\u00aa Fernanda Mancilla, encargada de Comunicaciones; quienes visitaron el Liceo Granaderos de Putre y las escuelas unidocentes de Parinacota, Caquena, Guacoyo y el Internado de Visviri. Adem\u00e1s, participaron en reuniones con autoridades locales para fortalecer el trabajo que hace un tiempo se viene preparando.<\/p>\n<p style=\"text-align: justify\">Las visitas se iniciaron el mi\u00e9rcoles 19 de agosto en Putre, a 3400 metros de altura, con una entrevista al DAEM, An\u00edbal Cofr\u00e9, quien est\u00e1 organizando una Feria de Ciencia y Tecnolog\u00eda en Putre para fines de octubre. Posteriormente el equipo Explora trabaj\u00f3 con los profesores del Liceo Granaderos, Karina Godoy y Andr\u00e9s Villalobos, quienes est\u00e1n preparando sus propuestas para el X Congreso Regional Escolar. &nbsp;<\/p>\n<p style=\"text-align: justify\">En horas de la tarde se reunieron con el Gobernador de Parinacota, Roberto Lau, a quien se le entreg\u00f3 un documento que informa de todas las acciones que se est\u00e1n realizando en la provincia de Parinacota y de Arica para celebrar la Semana Nacional de la Ciencia y la Tecnolog\u00eda y el Congreso Regional Escolar. Tambi\u00e9n visitaron la oficina de Conaf, finalizando el d\u00eda con una nota grabada en la Plaza de Putre para Parinacota TV, quienes se comprometieron a promover todas las actividades de Explora en la Comuna.<\/p>\n<p style=\"text-align: justify\">Al d\u00eda siguiente visitaron al profesor \u00c1lvaro Ca\u00f1ipa de la Escuela Unidocente de Parinacota quien junto a sus estudiantes y al Educador Cultural trabajaban con papel reciclado construyendo una r\u00e9plica de la iglesia. Luego visitaron a la profesora Mar\u00eda Guti\u00e9rrez de la Escuela Unidocente de Caquena quien junto a sus 7 estudiantes recibieron con respeto y alegr\u00eda los Libros de Actividades que el programa Explora prepara durante la Semana Nacional de Ciencia y Tecnolog\u00eda. En ambos establecimientos se acord\u00f3 regresar y celebrar El D\u00eda de la Ciencia en Mi Colegio con actividades experimentales que preparar\u00e1n los estudiantes y una actividad pr\u00e1ctica que contribuya a entender c\u00f3mo una flor se transforma en fruto, que ofrecer\u00e1 la profesora Belmonte.<\/p>\n<p style=\"text-align: justify\">La visita culmin\u00f3 en Guacoyo donde se reunieron todos los estudiantes de las 4 escuelas de la carretera a Visviri quienes junto al DAEM de General Lagos, Luis Jofr\u00e9 Quisacara, los directores de escuelas y un grupo del Regimiento, celebraban el natalicio de Bernardo O\u2019Higgins. &nbsp;&nbsp;&nbsp;&nbsp;<\/p>\n<p style=\"text-align: justify\">Ya en Arica, Eliana Belmonte manifest\u00f3 que \u201cel trabajo realizado fue enriquecedor toda vez que estamos retomando con fuerza las relaciones con las comunas rurales de precordillera y altiplano, dando la posibilidad a tantos ni\u00f1os y ni\u00f1as que se acerquen al mundo de la ciencia y la tecnolog\u00eda, conozcan lo que hacen sus pares en otras partes de Chile y participen mostrando su quehacer. En Putre se est\u00e1 organizando una gran Feria de Ciencia y Tecnolog\u00eda en conjunto con el DAEM y esperamos la presencia de dos profesores con sus estudiantes en el Congreso Regional Escolar. Con el DAEM de la comuna de General Lagos programamos un encuentro con los microcentros en septiembre y esperamos la participaci\u00f3n de un equipo en el Congreso, a cargo del profesor Douglas Arriagada de Visviri\u201d. Estas dos comunas rurales se suman a la comuna de Camarones con quienes estamos trabajando, incentivando y apoyando a equipos de profesores y estudiantes que preparan su propuesta para el Congreso\u201d . &nbsp;&nbsp;<\/p>\n<p style=\"text-align: justify\">Durante los pr\u00f3ximos d\u00edas en la ciudad de Arica se volver\u00e1n a reunir con autoridades y profesores rurales, regresando a Putre y General Lagos durante octubre cuando se realice El D\u00eda de la Ciencia en mi Colegio en las escuelas de las diferentes localidades.&nbsp;<\/p>\n<p style=\"text-align: justify\">Por Marcela Per\u00e9z Sep\u00falveda<\/p><\/p>\n","protected":false},"excerpt":{"rendered":"<p>El equipo de Explora encabezado por Eliana Belmonte estuvo 2 d\u00edas visitando establecimientos de Putre y General Lagos que van a estar participando en el X Congreso Regional Escolar de Ciencia y Tecnolog\u00eda y en la SNCyT Positivas jornadas de trabajo fueron las que efectu\u00f3 Eliana Belmonte, Directora de la Iniciativa Explora-UTA junto a M\u00f3nica [&hellip;]<\/p>\n","protected":false},"author":2,"featured_media":32085,"comment_status":"open","ping_status":"open","sticky":false,"template":"","format":"standard","meta":{"_acf_changed":false,"_exactmetrics_skip_tracking":false,"_exactmetrics_sitenote_active":false,"_exactmetrics_sitenote_note":"","_exactmetrics_sitenote_category":0,"footnotes":"","_links_to":"","_links_to_target":""},"categories":[4],"tags":[],"class_list":["post-32084","post","type-post","status-publish","format-standard","has-post-thumbnail","hentry","category-noticias"],"acf":[],"yoast_head":"<!-- This site is optimized with the Yoast SEO plugin v26.7 - https:\/\/yoast.com\/wordpress\/plugins\/seo\/ -->\n<title>Explora regres\u00f3 al Altiplano para preparar las actividades cient\u00edficas que se desarrollar\u00e1n en la zona - Arica y Parinacota<\/title>\n<meta name=\"robots\" content=\"index, follow, max-snippet:-1, max-image-preview:large, max-video-preview:-1\" \/>\n<link rel=\"canonical\" href=\"https:\/\/dev.explora.cl\/aricayparinacota\/explora-vuelve-al-altiplano\/\" class=\"yoast-seo-meta-tag\" \/>\n<meta property=\"og:locale\" content=\"es_ES\" class=\"yoast-seo-meta-tag\" \/>\n<meta property=\"og:type\" content=\"article\" class=\"yoast-seo-meta-tag\" \/>\n<meta property=\"og:title\" content=\"Explora regres\u00f3 al Altiplano para preparar las actividades cient\u00edficas que se desarrollar\u00e1n en la zona - Arica y Parinacota\" class=\"yoast-seo-meta-tag\" \/>\n<meta property=\"og:description\" content=\"El equipo de Explora encabezado por Eliana Belmonte estuvo 2 d\u00edas visitando establecimientos de Putre y General Lagos que van a estar participando en el X Congreso Regional Escolar de Ciencia y Tecnolog\u00eda y en la SNCyT Positivas jornadas de trabajo fueron las que efectu\u00f3 Eliana Belmonte, Directora de la Iniciativa Explora-UTA junto a M\u00f3nica [&hellip;]\" class=\"yoast-seo-meta-tag\" \/>\n<meta property=\"og:url\" content=\"https:\/\/dev.explora.cl\/aricayparinacota\/explora-vuelve-al-altiplano\/\" class=\"yoast-seo-meta-tag\" \/>\n<meta property=\"og:site_name\" content=\"Arica y Parinacota\" class=\"yoast-seo-meta-tag\" \/>\n<meta property=\"article:published_time\" content=\"2015-08-25T00:00:00+00:00\" class=\"yoast-seo-meta-tag\" \/>\n<meta property=\"article:modified_time\" content=\"2019-05-09T21:26:05+00:00\" class=\"yoast-seo-meta-tag\" \/>\n<meta property=\"og:image\" content=\"https:\/\/dev.explora.cl\/aricayparinacota\/wp-content\/uploads\/sites\/2\/2018\/06\/4f82e0e61b4523bcada56f48f3ee49b5-1024x768.jpg\" class=\"yoast-seo-meta-tag\" \/>\n\t<meta property=\"og:image:width\" content=\"1024\" class=\"yoast-seo-meta-tag\" \/>\n\t<meta property=\"og:image:height\" content=\"768\" class=\"yoast-seo-meta-tag\" \/>\n\t<meta property=\"og:image:type\" content=\"image\/jpeg\" class=\"yoast-seo-meta-tag\" \/>\n<meta name=\"author\" content=\"webman\" class=\"yoast-seo-meta-tag\" \/>\n<meta name=\"twitter:card\" content=\"summary_large_image\" class=\"yoast-seo-meta-tag\" \/>\n<meta name=\"twitter:label1\" content=\"Escrito por\" class=\"yoast-seo-meta-tag\" \/>\n\t<meta name=\"twitter:data1\" content=\"webman\" class=\"yoast-seo-meta-tag\" \/>\n\t<meta name=\"twitter:label2\" content=\"Tiempo estimado de lectura\" class=\"yoast-seo-meta-tag\" \/>\n\t<meta name=\"twitter:data2\" content=\"3 minutos\" class=\"yoast-seo-meta-tag\" \/>\n<script type=\"application\/ld+json\" class=\"yoast-schema-graph\">{\"@context\":\"https:\/\/schema.org\",\"@graph\":[{\"@type\":\"Article\",\"@id\":\"https:\/\/dev.explora.cl\/aricayparinacota\/explora-vuelve-al-altiplano\/#article\",\"isPartOf\":{\"@id\":\"https:\/\/dev.explora.cl\/aricayparinacota\/explora-vuelve-al-altiplano\/\"},\"author\":{\"name\":\"webman\",\"@id\":\"https:\/\/dev.explora.cl\/aricayparinacota\/#\/schema\/person\/cb8349c13ea2d324080adf8480d7ba5d\"},\"headline\":\"Explora regres\u00f3 al Altiplano para preparar las actividades cient\u00edficas que se desarrollar\u00e1n en la zona\",\"datePublished\":\"2015-08-25T00:00:00+00:00\",\"dateModified\":\"2019-05-09T21:26:05+00:00\",\"mainEntityOfPage\":{\"@id\":\"https:\/\/dev.explora.cl\/aricayparinacota\/explora-vuelve-al-altiplano\/\"},\"wordCount\":688,\"commentCount\":0,\"publisher\":{\"@id\":\"https:\/\/dev.explora.cl\/aricayparinacota\/#organization\"},\"image\":{\"@id\":\"https:\/\/dev.explora.cl\/aricayparinacota\/explora-vuelve-al-altiplano\/#primaryimage\"},\"thumbnailUrl\":\"https:\/\/dev.explora.cl\/aricayparinacota\/wp-content\/uploads\/sites\/2\/2018\/06\/4f82e0e61b4523bcada56f48f3ee49b5.jpg\",\"articleSection\":[\"Noticias\"],\"inLanguage\":\"es-CL\",\"potentialAction\":[{\"@type\":\"CommentAction\",\"name\":\"Comment\",\"target\":[\"https:\/\/dev.explora.cl\/aricayparinacota\/explora-vuelve-al-altiplano\/#respond\"]}]},{\"@type\":\"WebPage\",\"@id\":\"https:\/\/dev.explora.cl\/aricayparinacota\/explora-vuelve-al-altiplano\/\",\"url\":\"https:\/\/dev.explora.cl\/aricayparinacota\/explora-vuelve-al-altiplano\/\",\"name\":\"Explora regres\u00f3 al Altiplano para preparar las actividades cient\u00edficas que se desarrollar\u00e1n en la zona - Arica y Parinacota\",\"isPartOf\":{\"@id\":\"https:\/\/dev.explora.cl\/aricayparinacota\/#website\"},\"primaryImageOfPage\":{\"@id\":\"https:\/\/dev.explora.cl\/aricayparinacota\/explora-vuelve-al-altiplano\/#primaryimage\"},\"image\":{\"@id\":\"https:\/\/dev.explora.cl\/aricayparinacota\/explora-vuelve-al-altiplano\/#primaryimage\"},\"thumbnailUrl\":\"https:\/\/dev.explora.cl\/aricayparinacota\/wp-content\/uploads\/sites\/2\/2018\/06\/4f82e0e61b4523bcada56f48f3ee49b5.jpg\",\"datePublished\":\"2015-08-25T00:00:00+00:00\",\"dateModified\":\"2019-05-09T21:26:05+00:00\",\"breadcrumb\":{\"@id\":\"https:\/\/dev.explora.cl\/aricayparinacota\/explora-vuelve-al-altiplano\/#breadcrumb\"},\"inLanguage\":\"es-CL\",\"potentialAction\":[{\"@type\":\"ReadAction\",\"target\":[\"https:\/\/dev.explora.cl\/aricayparinacota\/explora-vuelve-al-altiplano\/\"]}]},{\"@type\":\"ImageObject\",\"inLanguage\":\"es-CL\",\"@id\":\"https:\/\/dev.explora.cl\/aricayparinacota\/explora-vuelve-al-altiplano\/#primaryimage\",\"url\":\"https:\/\/dev.explora.cl\/aricayparinacota\/wp-content\/uploads\/sites\/2\/2018\/06\/4f82e0e61b4523bcada56f48f3ee49b5.jpg\",\"contentUrl\":\"https:\/\/dev.explora.cl\/aricayparinacota\/wp-content\/uploads\/sites\/2\/2018\/06\/4f82e0e61b4523bcada56f48f3ee49b5.jpg\",\"width\":4896,\"height\":3672},{\"@type\":\"BreadcrumbList\",\"@id\":\"https:\/\/dev.explora.cl\/aricayparinacota\/explora-vuelve-al-altiplano\/#breadcrumb\",\"itemListElement\":[{\"@type\":\"ListItem\",\"position\":1,\"name\":\"Portada\",\"item\":\"https:\/\/dev.explora.cl\/aricayparinacota\/\"},{\"@type\":\"ListItem\",\"position\":2,\"name\":\"Explora regres\u00f3 al Altiplano para preparar las actividades cient\u00edficas que se desarrollar\u00e1n en la zona\"}]},{\"@type\":\"WebSite\",\"@id\":\"https:\/\/dev.explora.cl\/aricayparinacota\/#website\",\"url\":\"https:\/\/dev.explora.cl\/aricayparinacota\/\",\"name\":\"Arica y Parinacota\",\"description\":\"Otro sitio m\u00e1s de dev.explora.cl\",\"publisher\":{\"@id\":\"https:\/\/dev.explora.cl\/aricayparinacota\/#organization\"},\"potentialAction\":[{\"@type\":\"SearchAction\",\"target\":{\"@type\":\"EntryPoint\",\"urlTemplate\":\"https:\/\/dev.explora.cl\/aricayparinacota\/?s={search_term_string}\"},\"query-input\":{\"@type\":\"PropertyValueSpecification\",\"valueRequired\":true,\"valueName\":\"search_term_string\"}}],\"inLanguage\":\"es-CL\"},{\"@type\":\"Organization\",\"@id\":\"https:\/\/dev.explora.cl\/aricayparinacota\/#organization\",\"name\":\"Arica y Parinacota\",\"url\":\"https:\/\/dev.explora.cl\/aricayparinacota\/\",\"logo\":{\"@type\":\"ImageObject\",\"inLanguage\":\"es-CL\",\"@id\":\"https:\/\/dev.explora.cl\/aricayparinacota\/#\/schema\/logo\/image\/\",\"url\":\"https:\/\/dev.explora.cl\/aricayparinacota\/wp-content\/uploads\/sites\/2\/2020\/08\/cropped-nuevosa-logos-11.png\",\"contentUrl\":\"https:\/\/dev.explora.cl\/aricayparinacota\/wp-content\/uploads\/sites\/2\/2020\/08\/cropped-nuevosa-logos-11.png\",\"width\":812,\"height\":937,\"caption\":\"Arica y Parinacota\"},\"image\":{\"@id\":\"https:\/\/dev.explora.cl\/aricayparinacota\/#\/schema\/logo\/image\/\"}},{\"@type\":\"Person\",\"@id\":\"https:\/\/dev.explora.cl\/aricayparinacota\/#\/schema\/person\/cb8349c13ea2d324080adf8480d7ba5d\",\"name\":\"webman\",\"image\":{\"@type\":\"ImageObject\",\"inLanguage\":\"es-CL\",\"@id\":\"https:\/\/dev.explora.cl\/aricayparinacota\/#\/schema\/person\/image\/\",\"url\":\"https:\/\/secure.gravatar.com\/avatar\/eeff3c82f2c02f7177d13663b7e6f890e9a6a0647ce9bb29cae02dcb094c7312?s=96&d=mm&r=g\",\"contentUrl\":\"https:\/\/secure.gravatar.com\/avatar\/eeff3c82f2c02f7177d13663b7e6f890e9a6a0647ce9bb29cae02dcb094c7312?s=96&d=mm&r=g\",\"caption\":\"webman\"},\"url\":\"https:\/\/dev.explora.cl\/aricayparinacota\/author\/webman\/\"}]}<\/script>\n<!-- \/ Yoast SEO plugin. -->","yoast_head_json":{"title":"Explora regres\u00f3 al Altiplano para preparar las actividades cient\u00edficas que se desarrollar\u00e1n en la zona - Arica y Parinacota","robots":{"index":"index","follow":"follow","max-snippet":"max-snippet:-1","max-image-preview":"max-image-preview:large","max-video-preview":"max-video-preview:-1"},"canonical":"https:\/\/dev.explora.cl\/aricayparinacota\/explora-vuelve-al-altiplano\/","og_locale":"es_ES","og_type":"article","og_title":"Explora regres\u00f3 al Altiplano para preparar las actividades cient\u00edficas que se desarrollar\u00e1n en la zona - Arica y Parinacota","og_description":"El equipo de Explora encabezado por Eliana Belmonte estuvo 2 d\u00edas visitando establecimientos de Putre y General Lagos que van a estar participando en el X Congreso Regional Escolar de Ciencia y Tecnolog\u00eda y en la SNCyT Positivas jornadas de trabajo fueron las que efectu\u00f3 Eliana Belmonte, Directora de la Iniciativa Explora-UTA junto a M\u00f3nica [&hellip;]","og_url":"https:\/\/dev.explora.cl\/aricayparinacota\/explora-vuelve-al-altiplano\/","og_site_name":"Arica y Parinacota","article_published_time":"2015-08-25T00:00:00+00:00","article_modified_time":"2019-05-09T21:26:05+00:00","og_image":[{"width":1024,"height":768,"url":"https:\/\/dev.explora.cl\/aricayparinacota\/wp-content\/uploads\/sites\/2\/2018\/06\/4f82e0e61b4523bcada56f48f3ee49b5-1024x768.jpg","type":"image\/jpeg"}],"author":"webman","twitter_card":"summary_large_image","twitter_misc":{"Escrito por":"webman","Tiempo estimado de lectura":"3 minutos"},"schema":{"@context":"https:\/\/schema.org","@graph":[{"@type":"Article","@id":"https:\/\/dev.explora.cl\/aricayparinacota\/explora-vuelve-al-altiplano\/#article","isPartOf":{"@id":"https:\/\/dev.explora.cl\/aricayparinacota\/explora-vuelve-al-altiplano\/"},"author":{"name":"webman","@id":"https:\/\/dev.explora.cl\/aricayparinacota\/#\/schema\/person\/cb8349c13ea2d324080adf8480d7ba5d"},"headline":"Explora regres\u00f3 al Altiplano para preparar las actividades cient\u00edficas que se desarrollar\u00e1n en la zona","datePublished":"2015-08-25T00:00:00+00:00","dateModified":"2019-05-09T21:26:05+00:00","mainEntityOfPage":{"@id":"https:\/\/dev.explora.cl\/aricayparinacota\/explora-vuelve-al-altiplano\/"},"wordCount":688,"commentCount":0,"publisher":{"@id":"https:\/\/dev.explora.cl\/aricayparinacota\/#organization"},"image":{"@id":"https:\/\/dev.explora.cl\/aricayparinacota\/explora-vuelve-al-altiplano\/#primaryimage"},"thumbnailUrl":"https:\/\/dev.explora.cl\/aricayparinacota\/wp-content\/uploads\/sites\/2\/2018\/06\/4f82e0e61b4523bcada56f48f3ee49b5.jpg","articleSection":["Noticias"],"inLanguage":"es-CL","potentialAction":[{"@type":"CommentAction","name":"Comment","target":["https:\/\/dev.explora.cl\/aricayparinacota\/explora-vuelve-al-altiplano\/#respond"]}]},{"@type":"WebPage","@id":"https:\/\/dev.explora.cl\/aricayparinacota\/explora-vuelve-al-altiplano\/","url":"https:\/\/dev.explora.cl\/aricayparinacota\/explora-vuelve-al-altiplano\/","name":"Explora regres\u00f3 al Altiplano para preparar las actividades cient\u00edficas que se desarrollar\u00e1n en la zona - Arica y Parinacota","isPartOf":{"@id":"https:\/\/dev.explora.cl\/aricayparinacota\/#website"},"primaryImageOfPage":{"@id":"https:\/\/dev.explora.cl\/aricayparinacota\/explora-vuelve-al-altiplano\/#primaryimage"},"image":{"@id":"https:\/\/dev.explora.cl\/aricayparinacota\/explora-vuelve-al-altiplano\/#primaryimage"},"thumbnailUrl":"https:\/\/dev.explora.cl\/aricayparinacota\/wp-content\/uploads\/sites\/2\/2018\/06\/4f82e0e61b4523bcada56f48f3ee49b5.jpg","datePublished":"2015-08-25T00:00:00+00:00","dateModified":"2019-05-09T21:26:05+00:00","breadcrumb":{"@id":"https:\/\/dev.explora.cl\/aricayparinacota\/explora-vuelve-al-altiplano\/#breadcrumb"},"inLanguage":"es-CL","potentialAction":[{"@type":"ReadAction","target":["https:\/\/dev.explora.cl\/aricayparinacota\/explora-vuelve-al-altiplano\/"]}]},{"@type":"ImageObject","inLanguage":"es-CL","@id":"https:\/\/dev.explora.cl\/aricayparinacota\/explora-vuelve-al-altiplano\/#primaryimage","url":"https:\/\/dev.explora.cl\/aricayparinacota\/wp-content\/uploads\/sites\/2\/2018\/06\/4f82e0e61b4523bcada56f48f3ee49b5.jpg","contentUrl":"https:\/\/dev.explora.cl\/aricayparinacota\/wp-content\/uploads\/sites\/2\/2018\/06\/4f82e0e61b4523bcada56f48f3ee49b5.jpg","width":4896,"height":3672},{"@type":"BreadcrumbList","@id":"https:\/\/dev.explora.cl\/aricayparinacota\/explora-vuelve-al-altiplano\/#breadcrumb","itemListElement":[{"@type":"ListItem","position":1,"name":"Portada","item":"https:\/\/dev.explora.cl\/aricayparinacota\/"},{"@type":"ListItem","position":2,"name":"Explora regres\u00f3 al Altiplano para preparar las actividades cient\u00edficas que se desarrollar\u00e1n en la zona"}]},{"@type":"WebSite","@id":"https:\/\/dev.explora.cl\/aricayparinacota\/#website","url":"https:\/\/dev.explora.cl\/aricayparinacota\/","name":"Arica y Parinacota","description":"Otro sitio m\u00e1s de dev.explora.cl","publisher":{"@id":"https:\/\/dev.explora.cl\/aricayparinacota\/#organization"},"potentialAction":[{"@type":"SearchAction","target":{"@type":"EntryPoint","urlTemplate":"https:\/\/dev.explora.cl\/aricayparinacota\/?s={search_term_string}"},"query-input":{"@type":"PropertyValueSpecification","valueRequired":true,"valueName":"search_term_string"}}],"inLanguage":"es-CL"},{"@type":"Organization","@id":"https:\/\/dev.explora.cl\/aricayparinacota\/#organization","name":"Arica y Parinacota","url":"https:\/\/dev.explora.cl\/aricayparinacota\/","logo":{"@type":"ImageObject","inLanguage":"es-CL","@id":"https:\/\/dev.explora.cl\/aricayparinacota\/#\/schema\/logo\/image\/","url":"https:\/\/dev.explora.cl\/aricayparinacota\/wp-content\/uploads\/sites\/2\/2020\/08\/cropped-nuevosa-logos-11.png","contentUrl":"https:\/\/dev.explora.cl\/aricayparinacota\/wp-content\/uploads\/sites\/2\/2020\/08\/cropped-nuevosa-logos-11.png","width":812,"height":937,"caption":"Arica y Parinacota"},"image":{"@id":"https:\/\/dev.explora.cl\/aricayparinacota\/#\/schema\/logo\/image\/"}},{"@type":"Person","@id":"https:\/\/dev.explora.cl\/aricayparinacota\/#\/schema\/person\/cb8349c13ea2d324080adf8480d7ba5d","name":"webman","image":{"@type":"ImageObject","inLanguage":"es-CL","@id":"https:\/\/dev.explora.cl\/aricayparinacota\/#\/schema\/person\/image\/","url":"https:\/\/secure.gravatar.com\/avatar\/eeff3c82f2c02f7177d13663b7e6f890e9a6a0647ce9bb29cae02dcb094c7312?s=96&d=mm&r=g","contentUrl":"https:\/\/secure.gravatar.com\/avatar\/eeff3c82f2c02f7177d13663b7e6f890e9a6a0647ce9bb29cae02dcb094c7312?s=96&d=mm&r=g","caption":"webman"},"url":"https:\/\/dev.explora.cl\/aricayparinacota\/author\/webman\/"}]}},"_links":{"self":[{"href":"https:\/\/dev.explora.cl\/aricayparinacota\/wp-json\/wp\/v2\/posts\/32084","targetHints":{"allow":["GET"]}}],"collection":[{"href":"https:\/\/dev.explora.cl\/aricayparinacota\/wp-json\/wp\/v2\/posts"}],"about":[{"href":"https:\/\/dev.explora.cl\/aricayparinacota\/wp-json\/wp\/v2\/types\/post"}],"author":[{"embeddable":true,"href":"https:\/\/dev.explora.cl\/aricayparinacota\/wp-json\/wp\/v2\/users\/2"}],"replies":[{"embeddable":true,"href":"https:\/\/dev.explora.cl\/aricayparinacota\/wp-json\/wp\/v2\/comments?post=32084"}],"version-history":[{"count":1,"href":"https:\/\/dev.explora.cl\/aricayparinacota\/wp-json\/wp\/v2\/posts\/32084\/revisions"}],"predecessor-version":[{"id":32938,"href":"https:\/\/dev.explora.cl\/aricayparinacota\/wp-json\/wp\/v2\/posts\/32084\/revisions\/32938"}],"wp:featuredmedia":[{"embeddable":true,"href":"https:\/\/dev.explora.cl\/aricayparinacota\/wp-json\/wp\/v2\/media\/32085"}],"wp:attachment":[{"href":"https:\/\/dev.explora.cl\/aricayparinacota\/wp-json\/wp\/v2\/media?parent=32084"}],"wp:term":[{"taxonomy":"category","embeddable":true,"href":"https:\/\/dev.explora.cl\/aricayparinacota\/wp-json\/wp\/v2\/categories?post=32084"},{"taxonomy":"post_tag","embeddable":true,"href":"https:\/\/dev.explora.cl\/aricayparinacota\/wp-json\/wp\/v2\/tags?post=32084"}],"curies":[{"name":"wp","href":"https:\/\/api.w.org\/{rel}","templated":true}]}}