{"id":32080,"date":"2015-08-13T00:00:00","date_gmt":"2015-08-13T00:00:00","guid":{"rendered":"https:\/\/dev.explora.cl\/aricayparinacota\/blog\/2015\/08\/13\/estudiantes-de-socoroma-trabajan-en-proyecto-cientifico-para-conservar-especie-nativa\/"},"modified":"2019-05-09T21:26:19","modified_gmt":"2019-05-09T21:26:19","slug":"estudiantes-de-socoroma-trabajan-en-proyecto-cientifico-para-conservar-especie-nativa","status":"publish","type":"post","link":"https:\/\/dev.explora.cl\/aricayparinacota\/estudiantes-de-socoroma-trabajan-en-proyecto-cientifico-para-conservar-especie-nativa\/","title":{"rendered":"Estudiantes de Socoroma trabajan en proyecto cient\u00edfico para conservar especie nativa"},"content":{"rendered":"<p><img loading=\"lazy\" decoding=\"async\" class=\" size-full wp-image-13810\" src=\"http:\/\/ec2-34-218-253-251.us-west-2.compute.amazonaws.com\/wp-content\/uploads\/2015\/08\/27b4dac4cac8bcf3255136d4db9d8a57.jpg\" alt=\"\" width=\"4896\" height=\"3672\" \/><\/p>\n<p style=\"text-align: justify\"><strong>Hasta la Escuela San Francisco de Asis de Socoroma lleg\u00f3 Eliana Belmonte, Directora de la Iniciativa Explora-UTA Arica y PArinacota, donde asesora el trabajo cient\u00edfico escolar del establecimiento.&nbsp;<\/strong><\/p>\n<p style=\"text-align: justify\">Socoroma, ubicado a 3060 metros de altura, es una localidad de la provincia de Parinacota, comuna de Putre. Su poblaci\u00f3n no supera los 80 habitantes y actualmente son 3 los estudiantes que asisten a la escuela b\u00e1sica San Francisco de As\u00eds de Socoroma; no obstante est\u00e1n involucrados con la que\u00f1ua, en un interesante proyecto cient\u00edfico.<\/p>\n<p style=\"text-align: justify\"><i>Polylepis rugulosa, <\/i>nombre cient\u00edfico de la que\u00f1ua, es un \u00e1rbol de la familia ros\u00e1ceas (Rosaceae), propio de la precordillera; se distribuye entre los 3 y 4 mil metros de altura, a lo largo de la cordillera andina del norte de Chile, Bolivia y Per\u00fa. Debido a la sobre explotaci\u00f3n por sus m\u00faltiples usos como combustible, en construcci\u00f3n, artesan\u00eda y en medicina, ha sido catalogada como especie \u201cEn Peligro\u201d considerando su estado de conservaci\u00f3n.<\/p>\n<p style=\"text-align: justify\">Una acci\u00f3n combinada entre el DAEM de la Municipalidad de Putre y CONAF, como parte de las acciones estipuladas en el calendario medioambiental que desarrollan las escuelas para obtener certificaci\u00f3n ambiental, posibilit\u00f3 la entrega de 4 que\u00f1uas de &nbsp;unos 20 cm, mantenidas en bolsas pl\u00e1sticas.<\/p>\n<p style=\"text-align: justify\">Considerando la corta edad de los estudiantes y que cursan 2\u00b0 y 4\u00b0 b\u00e1sico, la invitaci\u00f3n de Eliana Belmonte al visitarlos en su escuela fue a registrar el crecimiento de las plantas, manteniendo un riego dosificado. Tres semanas despu\u00e9s de instalado el experimento, y ante una nueva visita a la escuela, el experimento estaba en ejecuci\u00f3n; las plantas identificadas con etiquetas y regadas, medidas con precisi\u00f3n, manteniendo registro en formularios apropiados, construidos por ellos.&nbsp; &nbsp;&nbsp;&nbsp;&nbsp;<\/p>\n<p style=\"text-align: justify\">Olga Ancoma, profesora unidocente de la escuela, apoya y da confianza a los ni\u00f1os para que atiendan el experimento, el que se presentar\u00e1 <i>El Dia de la Ciencia en Mi Colegio<\/i> en octubre pr\u00f3ximo (fecha por definir), como parte de las acciones que las comunas rurales aportar\u00e1n a la celebraci\u00f3n de la XXI Semana Nacional de Ciencia y Tecnolog\u00eda.<\/p>\n<p style=\"text-align: justify\">\u201cEl impacto del trabajo que se est\u00e1 desarrollando en la Escuela San Francisco de As\u00eds contribuye a desarrollar desde temprana edad la observaci\u00f3n, rigurosidad, la paciencia y la perseverancia, atributos indispensables de quien se involucre en un trabajo cient\u00edfico\u201d, expres\u00f3 Eliana Belmonte.<\/p>\n<p style=\"text-align: justify\">A\u00fan cuando la corta edad de las escolares no les permite presentarse al X Congreso Regional Escolar de Ciencia y Tecnolog\u00eda 2015, con las acciones que tienen en marcha van encaminadas directamente al pr\u00f3ximo a\u00f1o, cuando cursen 5\u00b0 a\u00f1o y puedan postular con un proyecto y logrando compartir con pares divulgando su conocimiento.<\/p>\n<p style=\"text-align: justify\">&nbsp;<\/p>\n<p>&nbsp;<\/p>\n","protected":false},"excerpt":{"rendered":"<p>Hasta la Escuela San Francisco de Asis de Socoroma lleg\u00f3 Eliana Belmonte, Directora de la Iniciativa Explora-UTA Arica y PArinacota, donde asesora el trabajo cient\u00edfico escolar del establecimiento.&nbsp; Socoroma, ubicado a 3060 metros de altura, es una localidad de la provincia de Parinacota, comuna de Putre. Su poblaci\u00f3n no supera los 80 habitantes y actualmente [&hellip;]<\/p>\n","protected":false},"author":2,"featured_media":32081,"comment_status":"open","ping_status":"open","sticky":false,"template":"","format":"standard","meta":{"_acf_changed":false,"_exactmetrics_skip_tracking":false,"_exactmetrics_sitenote_active":false,"_exactmetrics_sitenote_note":"","_exactmetrics_sitenote_category":0,"footnotes":"","_links_to":"","_links_to_target":""},"categories":[4],"tags":[],"class_list":["post-32080","post","type-post","status-publish","format-standard","has-post-thumbnail","hentry","category-noticias"],"acf":[],"yoast_head":"<!-- This site is optimized with the Yoast SEO plugin v26.7 - https:\/\/yoast.com\/wordpress\/plugins\/seo\/ -->\n<title>Estudiantes de Socoroma trabajan en proyecto cient\u00edfico para conservar especie nativa - Arica y Parinacota<\/title>\n<meta name=\"robots\" content=\"index, follow, max-snippet:-1, max-image-preview:large, max-video-preview:-1\" \/>\n<link rel=\"canonical\" href=\"https:\/\/dev.explora.cl\/aricayparinacota\/estudiantes-de-socoroma-trabajan-en-proyecto-cientifico-para-conservar-especie-nativa\/\" class=\"yoast-seo-meta-tag\" \/>\n<meta property=\"og:locale\" content=\"es_ES\" class=\"yoast-seo-meta-tag\" \/>\n<meta property=\"og:type\" content=\"article\" class=\"yoast-seo-meta-tag\" \/>\n<meta property=\"og:title\" content=\"Estudiantes de Socoroma trabajan en proyecto cient\u00edfico para conservar especie nativa - Arica y Parinacota\" class=\"yoast-seo-meta-tag\" \/>\n<meta property=\"og:description\" content=\"Hasta la Escuela San Francisco de Asis de Socoroma lleg\u00f3 Eliana Belmonte, Directora de la Iniciativa Explora-UTA Arica y PArinacota, donde asesora el trabajo cient\u00edfico escolar del establecimiento.&nbsp; Socoroma, ubicado a 3060 metros de altura, es una localidad de la provincia de Parinacota, comuna de Putre. Su poblaci\u00f3n no supera los 80 habitantes y actualmente [&hellip;]\" class=\"yoast-seo-meta-tag\" \/>\n<meta property=\"og:url\" content=\"https:\/\/dev.explora.cl\/aricayparinacota\/estudiantes-de-socoroma-trabajan-en-proyecto-cientifico-para-conservar-especie-nativa\/\" class=\"yoast-seo-meta-tag\" \/>\n<meta property=\"og:site_name\" content=\"Arica y Parinacota\" class=\"yoast-seo-meta-tag\" \/>\n<meta property=\"article:published_time\" content=\"2015-08-13T00:00:00+00:00\" class=\"yoast-seo-meta-tag\" \/>\n<meta property=\"article:modified_time\" content=\"2019-05-09T21:26:19+00:00\" class=\"yoast-seo-meta-tag\" \/>\n<meta property=\"og:image\" content=\"https:\/\/dev.explora.cl\/aricayparinacota\/wp-content\/uploads\/sites\/2\/2018\/06\/27b4dac4cac8bcf3255136d4db9d8a57-1024x768.jpg\" class=\"yoast-seo-meta-tag\" \/>\n\t<meta property=\"og:image:width\" content=\"1024\" class=\"yoast-seo-meta-tag\" \/>\n\t<meta property=\"og:image:height\" content=\"768\" class=\"yoast-seo-meta-tag\" \/>\n\t<meta property=\"og:image:type\" content=\"image\/jpeg\" class=\"yoast-seo-meta-tag\" \/>\n<meta name=\"author\" content=\"webman\" class=\"yoast-seo-meta-tag\" \/>\n<meta name=\"twitter:card\" content=\"summary_large_image\" class=\"yoast-seo-meta-tag\" \/>\n<meta name=\"twitter:label1\" content=\"Escrito por\" class=\"yoast-seo-meta-tag\" \/>\n\t<meta name=\"twitter:data1\" content=\"webman\" class=\"yoast-seo-meta-tag\" \/>\n\t<meta name=\"twitter:label2\" content=\"Tiempo estimado de lectura\" class=\"yoast-seo-meta-tag\" \/>\n\t<meta name=\"twitter:data2\" content=\"2 minutos\" class=\"yoast-seo-meta-tag\" \/>\n<script type=\"application\/ld+json\" class=\"yoast-schema-graph\">{\"@context\":\"https:\/\/schema.org\",\"@graph\":[{\"@type\":\"Article\",\"@id\":\"https:\/\/dev.explora.cl\/aricayparinacota\/estudiantes-de-socoroma-trabajan-en-proyecto-cientifico-para-conservar-especie-nativa\/#article\",\"isPartOf\":{\"@id\":\"https:\/\/dev.explora.cl\/aricayparinacota\/estudiantes-de-socoroma-trabajan-en-proyecto-cientifico-para-conservar-especie-nativa\/\"},\"author\":{\"name\":\"webman\",\"@id\":\"https:\/\/dev.explora.cl\/aricayparinacota\/#\/schema\/person\/cb8349c13ea2d324080adf8480d7ba5d\"},\"headline\":\"Estudiantes de Socoroma trabajan en proyecto cient\u00edfico para conservar especie nativa\",\"datePublished\":\"2015-08-13T00:00:00+00:00\",\"dateModified\":\"2019-05-09T21:26:19+00:00\",\"mainEntityOfPage\":{\"@id\":\"https:\/\/dev.explora.cl\/aricayparinacota\/estudiantes-de-socoroma-trabajan-en-proyecto-cientifico-para-conservar-especie-nativa\/\"},\"wordCount\":476,\"commentCount\":0,\"publisher\":{\"@id\":\"https:\/\/dev.explora.cl\/aricayparinacota\/#organization\"},\"image\":{\"@id\":\"https:\/\/dev.explora.cl\/aricayparinacota\/estudiantes-de-socoroma-trabajan-en-proyecto-cientifico-para-conservar-especie-nativa\/#primaryimage\"},\"thumbnailUrl\":\"https:\/\/dev.explora.cl\/aricayparinacota\/wp-content\/uploads\/sites\/2\/2018\/06\/27b4dac4cac8bcf3255136d4db9d8a57.jpg\",\"articleSection\":[\"Noticias\"],\"inLanguage\":\"es-CL\",\"potentialAction\":[{\"@type\":\"CommentAction\",\"name\":\"Comment\",\"target\":[\"https:\/\/dev.explora.cl\/aricayparinacota\/estudiantes-de-socoroma-trabajan-en-proyecto-cientifico-para-conservar-especie-nativa\/#respond\"]}]},{\"@type\":\"WebPage\",\"@id\":\"https:\/\/dev.explora.cl\/aricayparinacota\/estudiantes-de-socoroma-trabajan-en-proyecto-cientifico-para-conservar-especie-nativa\/\",\"url\":\"https:\/\/dev.explora.cl\/aricayparinacota\/estudiantes-de-socoroma-trabajan-en-proyecto-cientifico-para-conservar-especie-nativa\/\",\"name\":\"Estudiantes de Socoroma trabajan en proyecto cient\u00edfico para conservar especie nativa - Arica y Parinacota\",\"isPartOf\":{\"@id\":\"https:\/\/dev.explora.cl\/aricayparinacota\/#website\"},\"primaryImageOfPage\":{\"@id\":\"https:\/\/dev.explora.cl\/aricayparinacota\/estudiantes-de-socoroma-trabajan-en-proyecto-cientifico-para-conservar-especie-nativa\/#primaryimage\"},\"image\":{\"@id\":\"https:\/\/dev.explora.cl\/aricayparinacota\/estudiantes-de-socoroma-trabajan-en-proyecto-cientifico-para-conservar-especie-nativa\/#primaryimage\"},\"thumbnailUrl\":\"https:\/\/dev.explora.cl\/aricayparinacota\/wp-content\/uploads\/sites\/2\/2018\/06\/27b4dac4cac8bcf3255136d4db9d8a57.jpg\",\"datePublished\":\"2015-08-13T00:00:00+00:00\",\"dateModified\":\"2019-05-09T21:26:19+00:00\",\"breadcrumb\":{\"@id\":\"https:\/\/dev.explora.cl\/aricayparinacota\/estudiantes-de-socoroma-trabajan-en-proyecto-cientifico-para-conservar-especie-nativa\/#breadcrumb\"},\"inLanguage\":\"es-CL\",\"potentialAction\":[{\"@type\":\"ReadAction\",\"target\":[\"https:\/\/dev.explora.cl\/aricayparinacota\/estudiantes-de-socoroma-trabajan-en-proyecto-cientifico-para-conservar-especie-nativa\/\"]}]},{\"@type\":\"ImageObject\",\"inLanguage\":\"es-CL\",\"@id\":\"https:\/\/dev.explora.cl\/aricayparinacota\/estudiantes-de-socoroma-trabajan-en-proyecto-cientifico-para-conservar-especie-nativa\/#primaryimage\",\"url\":\"https:\/\/dev.explora.cl\/aricayparinacota\/wp-content\/uploads\/sites\/2\/2018\/06\/27b4dac4cac8bcf3255136d4db9d8a57.jpg\",\"contentUrl\":\"https:\/\/dev.explora.cl\/aricayparinacota\/wp-content\/uploads\/sites\/2\/2018\/06\/27b4dac4cac8bcf3255136d4db9d8a57.jpg\",\"width\":4896,\"height\":3672},{\"@type\":\"BreadcrumbList\",\"@id\":\"https:\/\/dev.explora.cl\/aricayparinacota\/estudiantes-de-socoroma-trabajan-en-proyecto-cientifico-para-conservar-especie-nativa\/#breadcrumb\",\"itemListElement\":[{\"@type\":\"ListItem\",\"position\":1,\"name\":\"Portada\",\"item\":\"https:\/\/dev.explora.cl\/aricayparinacota\/\"},{\"@type\":\"ListItem\",\"position\":2,\"name\":\"Estudiantes de Socoroma trabajan en proyecto cient\u00edfico para conservar especie nativa\"}]},{\"@type\":\"WebSite\",\"@id\":\"https:\/\/dev.explora.cl\/aricayparinacota\/#website\",\"url\":\"https:\/\/dev.explora.cl\/aricayparinacota\/\",\"name\":\"Arica y Parinacota\",\"description\":\"Otro sitio m\u00e1s de dev.explora.cl\",\"publisher\":{\"@id\":\"https:\/\/dev.explora.cl\/aricayparinacota\/#organization\"},\"potentialAction\":[{\"@type\":\"SearchAction\",\"target\":{\"@type\":\"EntryPoint\",\"urlTemplate\":\"https:\/\/dev.explora.cl\/aricayparinacota\/?s={search_term_string}\"},\"query-input\":{\"@type\":\"PropertyValueSpecification\",\"valueRequired\":true,\"valueName\":\"search_term_string\"}}],\"inLanguage\":\"es-CL\"},{\"@type\":\"Organization\",\"@id\":\"https:\/\/dev.explora.cl\/aricayparinacota\/#organization\",\"name\":\"Arica y Parinacota\",\"url\":\"https:\/\/dev.explora.cl\/aricayparinacota\/\",\"logo\":{\"@type\":\"ImageObject\",\"inLanguage\":\"es-CL\",\"@id\":\"https:\/\/dev.explora.cl\/aricayparinacota\/#\/schema\/logo\/image\/\",\"url\":\"https:\/\/dev.explora.cl\/aricayparinacota\/wp-content\/uploads\/sites\/2\/2020\/08\/cropped-nuevosa-logos-11.png\",\"contentUrl\":\"https:\/\/dev.explora.cl\/aricayparinacota\/wp-content\/uploads\/sites\/2\/2020\/08\/cropped-nuevosa-logos-11.png\",\"width\":812,\"height\":937,\"caption\":\"Arica y Parinacota\"},\"image\":{\"@id\":\"https:\/\/dev.explora.cl\/aricayparinacota\/#\/schema\/logo\/image\/\"}},{\"@type\":\"Person\",\"@id\":\"https:\/\/dev.explora.cl\/aricayparinacota\/#\/schema\/person\/cb8349c13ea2d324080adf8480d7ba5d\",\"name\":\"webman\",\"image\":{\"@type\":\"ImageObject\",\"inLanguage\":\"es-CL\",\"@id\":\"https:\/\/dev.explora.cl\/aricayparinacota\/#\/schema\/person\/image\/\",\"url\":\"https:\/\/secure.gravatar.com\/avatar\/eeff3c82f2c02f7177d13663b7e6f890e9a6a0647ce9bb29cae02dcb094c7312?s=96&d=mm&r=g\",\"contentUrl\":\"https:\/\/secure.gravatar.com\/avatar\/eeff3c82f2c02f7177d13663b7e6f890e9a6a0647ce9bb29cae02dcb094c7312?s=96&d=mm&r=g\",\"caption\":\"webman\"},\"url\":\"https:\/\/dev.explora.cl\/aricayparinacota\/author\/webman\/\"}]}<\/script>\n<!-- \/ Yoast SEO plugin. -->","yoast_head_json":{"title":"Estudiantes de Socoroma trabajan en proyecto cient\u00edfico para conservar especie nativa - Arica y Parinacota","robots":{"index":"index","follow":"follow","max-snippet":"max-snippet:-1","max-image-preview":"max-image-preview:large","max-video-preview":"max-video-preview:-1"},"canonical":"https:\/\/dev.explora.cl\/aricayparinacota\/estudiantes-de-socoroma-trabajan-en-proyecto-cientifico-para-conservar-especie-nativa\/","og_locale":"es_ES","og_type":"article","og_title":"Estudiantes de Socoroma trabajan en proyecto cient\u00edfico para conservar especie nativa - Arica y Parinacota","og_description":"Hasta la Escuela San Francisco de Asis de Socoroma lleg\u00f3 Eliana Belmonte, Directora de la Iniciativa Explora-UTA Arica y PArinacota, donde asesora el trabajo cient\u00edfico escolar del establecimiento.&nbsp; Socoroma, ubicado a 3060 metros de altura, es una localidad de la provincia de Parinacota, comuna de Putre. Su poblaci\u00f3n no supera los 80 habitantes y actualmente [&hellip;]","og_url":"https:\/\/dev.explora.cl\/aricayparinacota\/estudiantes-de-socoroma-trabajan-en-proyecto-cientifico-para-conservar-especie-nativa\/","og_site_name":"Arica y Parinacota","article_published_time":"2015-08-13T00:00:00+00:00","article_modified_time":"2019-05-09T21:26:19+00:00","og_image":[{"width":1024,"height":768,"url":"https:\/\/dev.explora.cl\/aricayparinacota\/wp-content\/uploads\/sites\/2\/2018\/06\/27b4dac4cac8bcf3255136d4db9d8a57-1024x768.jpg","type":"image\/jpeg"}],"author":"webman","twitter_card":"summary_large_image","twitter_misc":{"Escrito por":"webman","Tiempo estimado de lectura":"2 minutos"},"schema":{"@context":"https:\/\/schema.org","@graph":[{"@type":"Article","@id":"https:\/\/dev.explora.cl\/aricayparinacota\/estudiantes-de-socoroma-trabajan-en-proyecto-cientifico-para-conservar-especie-nativa\/#article","isPartOf":{"@id":"https:\/\/dev.explora.cl\/aricayparinacota\/estudiantes-de-socoroma-trabajan-en-proyecto-cientifico-para-conservar-especie-nativa\/"},"author":{"name":"webman","@id":"https:\/\/dev.explora.cl\/aricayparinacota\/#\/schema\/person\/cb8349c13ea2d324080adf8480d7ba5d"},"headline":"Estudiantes de Socoroma trabajan en proyecto cient\u00edfico para conservar especie nativa","datePublished":"2015-08-13T00:00:00+00:00","dateModified":"2019-05-09T21:26:19+00:00","mainEntityOfPage":{"@id":"https:\/\/dev.explora.cl\/aricayparinacota\/estudiantes-de-socoroma-trabajan-en-proyecto-cientifico-para-conservar-especie-nativa\/"},"wordCount":476,"commentCount":0,"publisher":{"@id":"https:\/\/dev.explora.cl\/aricayparinacota\/#organization"},"image":{"@id":"https:\/\/dev.explora.cl\/aricayparinacota\/estudiantes-de-socoroma-trabajan-en-proyecto-cientifico-para-conservar-especie-nativa\/#primaryimage"},"thumbnailUrl":"https:\/\/dev.explora.cl\/aricayparinacota\/wp-content\/uploads\/sites\/2\/2018\/06\/27b4dac4cac8bcf3255136d4db9d8a57.jpg","articleSection":["Noticias"],"inLanguage":"es-CL","potentialAction":[{"@type":"CommentAction","name":"Comment","target":["https:\/\/dev.explora.cl\/aricayparinacota\/estudiantes-de-socoroma-trabajan-en-proyecto-cientifico-para-conservar-especie-nativa\/#respond"]}]},{"@type":"WebPage","@id":"https:\/\/dev.explora.cl\/aricayparinacota\/estudiantes-de-socoroma-trabajan-en-proyecto-cientifico-para-conservar-especie-nativa\/","url":"https:\/\/dev.explora.cl\/aricayparinacota\/estudiantes-de-socoroma-trabajan-en-proyecto-cientifico-para-conservar-especie-nativa\/","name":"Estudiantes de Socoroma trabajan en proyecto cient\u00edfico para conservar especie nativa - Arica y Parinacota","isPartOf":{"@id":"https:\/\/dev.explora.cl\/aricayparinacota\/#website"},"primaryImageOfPage":{"@id":"https:\/\/dev.explora.cl\/aricayparinacota\/estudiantes-de-socoroma-trabajan-en-proyecto-cientifico-para-conservar-especie-nativa\/#primaryimage"},"image":{"@id":"https:\/\/dev.explora.cl\/aricayparinacota\/estudiantes-de-socoroma-trabajan-en-proyecto-cientifico-para-conservar-especie-nativa\/#primaryimage"},"thumbnailUrl":"https:\/\/dev.explora.cl\/aricayparinacota\/wp-content\/uploads\/sites\/2\/2018\/06\/27b4dac4cac8bcf3255136d4db9d8a57.jpg","datePublished":"2015-08-13T00:00:00+00:00","dateModified":"2019-05-09T21:26:19+00:00","breadcrumb":{"@id":"https:\/\/dev.explora.cl\/aricayparinacota\/estudiantes-de-socoroma-trabajan-en-proyecto-cientifico-para-conservar-especie-nativa\/#breadcrumb"},"inLanguage":"es-CL","potentialAction":[{"@type":"ReadAction","target":["https:\/\/dev.explora.cl\/aricayparinacota\/estudiantes-de-socoroma-trabajan-en-proyecto-cientifico-para-conservar-especie-nativa\/"]}]},{"@type":"ImageObject","inLanguage":"es-CL","@id":"https:\/\/dev.explora.cl\/aricayparinacota\/estudiantes-de-socoroma-trabajan-en-proyecto-cientifico-para-conservar-especie-nativa\/#primaryimage","url":"https:\/\/dev.explora.cl\/aricayparinacota\/wp-content\/uploads\/sites\/2\/2018\/06\/27b4dac4cac8bcf3255136d4db9d8a57.jpg","contentUrl":"https:\/\/dev.explora.cl\/aricayparinacota\/wp-content\/uploads\/sites\/2\/2018\/06\/27b4dac4cac8bcf3255136d4db9d8a57.jpg","width":4896,"height":3672},{"@type":"BreadcrumbList","@id":"https:\/\/dev.explora.cl\/aricayparinacota\/estudiantes-de-socoroma-trabajan-en-proyecto-cientifico-para-conservar-especie-nativa\/#breadcrumb","itemListElement":[{"@type":"ListItem","position":1,"name":"Portada","item":"https:\/\/dev.explora.cl\/aricayparinacota\/"},{"@type":"ListItem","position":2,"name":"Estudiantes de Socoroma trabajan en proyecto cient\u00edfico para conservar especie nativa"}]},{"@type":"WebSite","@id":"https:\/\/dev.explora.cl\/aricayparinacota\/#website","url":"https:\/\/dev.explora.cl\/aricayparinacota\/","name":"Arica y Parinacota","description":"Otro sitio m\u00e1s de dev.explora.cl","publisher":{"@id":"https:\/\/dev.explora.cl\/aricayparinacota\/#organization"},"potentialAction":[{"@type":"SearchAction","target":{"@type":"EntryPoint","urlTemplate":"https:\/\/dev.explora.cl\/aricayparinacota\/?s={search_term_string}"},"query-input":{"@type":"PropertyValueSpecification","valueRequired":true,"valueName":"search_term_string"}}],"inLanguage":"es-CL"},{"@type":"Organization","@id":"https:\/\/dev.explora.cl\/aricayparinacota\/#organization","name":"Arica y Parinacota","url":"https:\/\/dev.explora.cl\/aricayparinacota\/","logo":{"@type":"ImageObject","inLanguage":"es-CL","@id":"https:\/\/dev.explora.cl\/aricayparinacota\/#\/schema\/logo\/image\/","url":"https:\/\/dev.explora.cl\/aricayparinacota\/wp-content\/uploads\/sites\/2\/2020\/08\/cropped-nuevosa-logos-11.png","contentUrl":"https:\/\/dev.explora.cl\/aricayparinacota\/wp-content\/uploads\/sites\/2\/2020\/08\/cropped-nuevosa-logos-11.png","width":812,"height":937,"caption":"Arica y Parinacota"},"image":{"@id":"https:\/\/dev.explora.cl\/aricayparinacota\/#\/schema\/logo\/image\/"}},{"@type":"Person","@id":"https:\/\/dev.explora.cl\/aricayparinacota\/#\/schema\/person\/cb8349c13ea2d324080adf8480d7ba5d","name":"webman","image":{"@type":"ImageObject","inLanguage":"es-CL","@id":"https:\/\/dev.explora.cl\/aricayparinacota\/#\/schema\/person\/image\/","url":"https:\/\/secure.gravatar.com\/avatar\/eeff3c82f2c02f7177d13663b7e6f890e9a6a0647ce9bb29cae02dcb094c7312?s=96&d=mm&r=g","contentUrl":"https:\/\/secure.gravatar.com\/avatar\/eeff3c82f2c02f7177d13663b7e6f890e9a6a0647ce9bb29cae02dcb094c7312?s=96&d=mm&r=g","caption":"webman"},"url":"https:\/\/dev.explora.cl\/aricayparinacota\/author\/webman\/"}]}},"_links":{"self":[{"href":"https:\/\/dev.explora.cl\/aricayparinacota\/wp-json\/wp\/v2\/posts\/32080","targetHints":{"allow":["GET"]}}],"collection":[{"href":"https:\/\/dev.explora.cl\/aricayparinacota\/wp-json\/wp\/v2\/posts"}],"about":[{"href":"https:\/\/dev.explora.cl\/aricayparinacota\/wp-json\/wp\/v2\/types\/post"}],"author":[{"embeddable":true,"href":"https:\/\/dev.explora.cl\/aricayparinacota\/wp-json\/wp\/v2\/users\/2"}],"replies":[{"embeddable":true,"href":"https:\/\/dev.explora.cl\/aricayparinacota\/wp-json\/wp\/v2\/comments?post=32080"}],"version-history":[{"count":1,"href":"https:\/\/dev.explora.cl\/aricayparinacota\/wp-json\/wp\/v2\/posts\/32080\/revisions"}],"predecessor-version":[{"id":32940,"href":"https:\/\/dev.explora.cl\/aricayparinacota\/wp-json\/wp\/v2\/posts\/32080\/revisions\/32940"}],"wp:featuredmedia":[{"embeddable":true,"href":"https:\/\/dev.explora.cl\/aricayparinacota\/wp-json\/wp\/v2\/media\/32081"}],"wp:attachment":[{"href":"https:\/\/dev.explora.cl\/aricayparinacota\/wp-json\/wp\/v2\/media?parent=32080"}],"wp:term":[{"taxonomy":"category","embeddable":true,"href":"https:\/\/dev.explora.cl\/aricayparinacota\/wp-json\/wp\/v2\/categories?post=32080"},{"taxonomy":"post_tag","embeddable":true,"href":"https:\/\/dev.explora.cl\/aricayparinacota\/wp-json\/wp\/v2\/tags?post=32080"}],"curies":[{"name":"wp","href":"https:\/\/api.w.org\/{rel}","templated":true}]}}