{"id":32076,"date":"2015-08-06T00:00:00","date_gmt":"2015-08-06T00:00:00","guid":{"rendered":"https:\/\/dev.explora.cl\/aricayparinacota\/blog\/2015\/08\/06\/monitores-explora-comienzan-el-trabajo-con-establecimientos-escolares\/"},"modified":"2019-05-09T21:26:34","modified_gmt":"2019-05-09T21:26:34","slug":"monitores-explora-comienzan-el-trabajo-con-establecimientos-escolares","status":"publish","type":"post","link":"https:\/\/dev.explora.cl\/aricayparinacota\/monitores-explora-comienzan-el-trabajo-con-establecimientos-escolares\/","title":{"rendered":"Monitores Explora comienzan el Trabajo con Establecimientos Escolares"},"content":{"rendered":"<p><img loading=\"lazy\" decoding=\"async\" class=\" size-full wp-image-13582\" src=\"http:\/\/ec2-34-218-253-251.us-west-2.compute.amazonaws.com\/wp-content\/uploads\/2015\/08\/dc4acce50e32bf2d44553cc12eb1cc9d.jpg\" alt=\"\" width=\"3264\" height=\"2448\" \/><\/p>\n<p><p style=\"text-align: justify\">Tras ser oficialmente certificados esta semana diferentes monitores Explora-UTA han iniciado sus labores acerc\u00e1ndose a profesores y estudiantes de colegios de la regi\u00f3n para fortalecer el proceso de postulaci\u00f3n al <a href=\"aricayparinacota\/noticias-arica-y-parinacota\/5464-x-congreso-de-arica-y-parincacota\">X Congreso Regional Escolar de Ciencia y Tecnolog\u00eda 2015.<\/a><\/p>\n<p style=\"text-align: justify\">Establecimientos como Colegio Hispano y&nbsp; San Jorge ya han recibido a los&nbsp; universitarios que fueron capacitados para contribuir a las propuestas cient\u00edficas que ya se encuentran preparando m\u00e1s de 15 establecimientos de la regi\u00f3n.<\/p>\n<p style=\"text-align: justify\">M\u00f3nica Codrianski, Encargada de Talleres y Eventos, es la responsable de vincular a los monitores con los distintos colegios, y quien ha visto la relevancia que estos tienen para concretar la postulaci\u00f3n de los profesores y estudiantes, ya que permiten que los docentes se animen a participar, porque se sienten m\u00e1s apoyados para realizar de mejor forma sus proyectos\u201d.<\/p>\n<p style=\"text-align: justify\">Los monitores son enviados a los colegios basados en las competencias que presentaron durante el periodo de capacitaci\u00f3n y desde la pr\u00f3xima semana continuar\u00e1 la vinculaci\u00f3n y el acercamiento a los diferentes colegios de Arica y Parinacota.<\/p>\n<p style=\"text-align: justify\">Para solicitar mayor informaci\u00f3n sobre el congreso y los monitores pueden escribir un correo a: <a href=\"mailto:exploraaricayparinacota@gmail.com\">exploraaricayparinacota@gmail.com<\/a><\/p>\n<p style=\"text-align: justify\">Por Marcela P\u00e9rez Sep\u00falveda&nbsp;<\/p><\/p>\n","protected":false},"excerpt":{"rendered":"<p>Tras ser oficialmente certificados esta semana diferentes monitores Explora-UTA han iniciado sus labores acerc\u00e1ndose a profesores y estudiantes de colegios de la regi\u00f3n para fortalecer el proceso de postulaci\u00f3n al X Congreso Regional Escolar de Ciencia y Tecnolog\u00eda 2015. Establecimientos como Colegio Hispano y&nbsp; San Jorge ya han recibido a los&nbsp; universitarios que fueron capacitados [&hellip;]<\/p>\n","protected":false},"author":2,"featured_media":32077,"comment_status":"open","ping_status":"open","sticky":false,"template":"","format":"standard","meta":{"_acf_changed":false,"_exactmetrics_skip_tracking":false,"_exactmetrics_sitenote_active":false,"_exactmetrics_sitenote_note":"","_exactmetrics_sitenote_category":0,"footnotes":"","_links_to":"","_links_to_target":""},"categories":[4],"tags":[101],"class_list":["post-32076","post","type-post","status-publish","format-standard","has-post-thumbnail","hentry","category-noticias","tag-congreso-regional"],"acf":[],"yoast_head":"<!-- This site is optimized with the Yoast SEO plugin v26.7 - https:\/\/yoast.com\/wordpress\/plugins\/seo\/ -->\n<title>Monitores Explora comienzan el Trabajo con Establecimientos Escolares - Arica y Parinacota<\/title>\n<meta name=\"robots\" content=\"index, follow, max-snippet:-1, max-image-preview:large, max-video-preview:-1\" \/>\n<link rel=\"canonical\" href=\"https:\/\/dev.explora.cl\/aricayparinacota\/monitores-explora-comienzan-el-trabajo-con-establecimientos-escolares\/\" class=\"yoast-seo-meta-tag\" \/>\n<meta property=\"og:locale\" content=\"es_ES\" class=\"yoast-seo-meta-tag\" \/>\n<meta property=\"og:type\" content=\"article\" class=\"yoast-seo-meta-tag\" \/>\n<meta property=\"og:title\" content=\"Monitores Explora comienzan el Trabajo con Establecimientos Escolares - Arica y Parinacota\" class=\"yoast-seo-meta-tag\" \/>\n<meta property=\"og:description\" content=\"Tras ser oficialmente certificados esta semana diferentes monitores Explora-UTA han iniciado sus labores acerc\u00e1ndose a profesores y estudiantes de colegios de la regi\u00f3n para fortalecer el proceso de postulaci\u00f3n al X Congreso Regional Escolar de Ciencia y Tecnolog\u00eda 2015. Establecimientos como Colegio Hispano y&nbsp; San Jorge ya han recibido a los&nbsp; universitarios que fueron capacitados [&hellip;]\" class=\"yoast-seo-meta-tag\" \/>\n<meta property=\"og:url\" content=\"https:\/\/dev.explora.cl\/aricayparinacota\/monitores-explora-comienzan-el-trabajo-con-establecimientos-escolares\/\" class=\"yoast-seo-meta-tag\" \/>\n<meta property=\"og:site_name\" content=\"Arica y Parinacota\" class=\"yoast-seo-meta-tag\" \/>\n<meta property=\"article:published_time\" content=\"2015-08-06T00:00:00+00:00\" class=\"yoast-seo-meta-tag\" \/>\n<meta property=\"article:modified_time\" content=\"2019-05-09T21:26:34+00:00\" class=\"yoast-seo-meta-tag\" \/>\n<meta property=\"og:image\" content=\"https:\/\/dev.explora.cl\/aricayparinacota\/wp-content\/uploads\/sites\/2\/2018\/06\/dc4acce50e32bf2d44553cc12eb1cc9d-1024x768.jpg\" class=\"yoast-seo-meta-tag\" \/>\n\t<meta property=\"og:image:width\" content=\"1024\" class=\"yoast-seo-meta-tag\" \/>\n\t<meta property=\"og:image:height\" content=\"768\" class=\"yoast-seo-meta-tag\" \/>\n\t<meta property=\"og:image:type\" content=\"image\/jpeg\" class=\"yoast-seo-meta-tag\" \/>\n<meta name=\"author\" content=\"webman\" class=\"yoast-seo-meta-tag\" \/>\n<meta name=\"twitter:card\" content=\"summary_large_image\" class=\"yoast-seo-meta-tag\" \/>\n<meta name=\"twitter:label1\" content=\"Escrito por\" class=\"yoast-seo-meta-tag\" \/>\n\t<meta name=\"twitter:data1\" content=\"webman\" class=\"yoast-seo-meta-tag\" \/>\n\t<meta name=\"twitter:label2\" content=\"Tiempo estimado de lectura\" class=\"yoast-seo-meta-tag\" \/>\n\t<meta name=\"twitter:data2\" content=\"1 minuto\" class=\"yoast-seo-meta-tag\" \/>\n<script type=\"application\/ld+json\" class=\"yoast-schema-graph\">{\"@context\":\"https:\/\/schema.org\",\"@graph\":[{\"@type\":\"Article\",\"@id\":\"https:\/\/dev.explora.cl\/aricayparinacota\/monitores-explora-comienzan-el-trabajo-con-establecimientos-escolares\/#article\",\"isPartOf\":{\"@id\":\"https:\/\/dev.explora.cl\/aricayparinacota\/monitores-explora-comienzan-el-trabajo-con-establecimientos-escolares\/\"},\"author\":{\"name\":\"webman\",\"@id\":\"https:\/\/dev.explora.cl\/aricayparinacota\/#\/schema\/person\/cb8349c13ea2d324080adf8480d7ba5d\"},\"headline\":\"Monitores Explora comienzan el Trabajo con Establecimientos Escolares\",\"datePublished\":\"2015-08-06T00:00:00+00:00\",\"dateModified\":\"2019-05-09T21:26:34+00:00\",\"mainEntityOfPage\":{\"@id\":\"https:\/\/dev.explora.cl\/aricayparinacota\/monitores-explora-comienzan-el-trabajo-con-establecimientos-escolares\/\"},\"wordCount\":216,\"commentCount\":0,\"publisher\":{\"@id\":\"https:\/\/dev.explora.cl\/aricayparinacota\/#organization\"},\"image\":{\"@id\":\"https:\/\/dev.explora.cl\/aricayparinacota\/monitores-explora-comienzan-el-trabajo-con-establecimientos-escolares\/#primaryimage\"},\"thumbnailUrl\":\"https:\/\/dev.explora.cl\/aricayparinacota\/wp-content\/uploads\/sites\/2\/2018\/06\/dc4acce50e32bf2d44553cc12eb1cc9d.jpg\",\"keywords\":[\"Congreso Regional\"],\"articleSection\":[\"Noticias\"],\"inLanguage\":\"es-CL\",\"potentialAction\":[{\"@type\":\"CommentAction\",\"name\":\"Comment\",\"target\":[\"https:\/\/dev.explora.cl\/aricayparinacota\/monitores-explora-comienzan-el-trabajo-con-establecimientos-escolares\/#respond\"]}]},{\"@type\":\"WebPage\",\"@id\":\"https:\/\/dev.explora.cl\/aricayparinacota\/monitores-explora-comienzan-el-trabajo-con-establecimientos-escolares\/\",\"url\":\"https:\/\/dev.explora.cl\/aricayparinacota\/monitores-explora-comienzan-el-trabajo-con-establecimientos-escolares\/\",\"name\":\"Monitores Explora comienzan el Trabajo con Establecimientos Escolares - Arica y Parinacota\",\"isPartOf\":{\"@id\":\"https:\/\/dev.explora.cl\/aricayparinacota\/#website\"},\"primaryImageOfPage\":{\"@id\":\"https:\/\/dev.explora.cl\/aricayparinacota\/monitores-explora-comienzan-el-trabajo-con-establecimientos-escolares\/#primaryimage\"},\"image\":{\"@id\":\"https:\/\/dev.explora.cl\/aricayparinacota\/monitores-explora-comienzan-el-trabajo-con-establecimientos-escolares\/#primaryimage\"},\"thumbnailUrl\":\"https:\/\/dev.explora.cl\/aricayparinacota\/wp-content\/uploads\/sites\/2\/2018\/06\/dc4acce50e32bf2d44553cc12eb1cc9d.jpg\",\"datePublished\":\"2015-08-06T00:00:00+00:00\",\"dateModified\":\"2019-05-09T21:26:34+00:00\",\"breadcrumb\":{\"@id\":\"https:\/\/dev.explora.cl\/aricayparinacota\/monitores-explora-comienzan-el-trabajo-con-establecimientos-escolares\/#breadcrumb\"},\"inLanguage\":\"es-CL\",\"potentialAction\":[{\"@type\":\"ReadAction\",\"target\":[\"https:\/\/dev.explora.cl\/aricayparinacota\/monitores-explora-comienzan-el-trabajo-con-establecimientos-escolares\/\"]}]},{\"@type\":\"ImageObject\",\"inLanguage\":\"es-CL\",\"@id\":\"https:\/\/dev.explora.cl\/aricayparinacota\/monitores-explora-comienzan-el-trabajo-con-establecimientos-escolares\/#primaryimage\",\"url\":\"https:\/\/dev.explora.cl\/aricayparinacota\/wp-content\/uploads\/sites\/2\/2018\/06\/dc4acce50e32bf2d44553cc12eb1cc9d.jpg\",\"contentUrl\":\"https:\/\/dev.explora.cl\/aricayparinacota\/wp-content\/uploads\/sites\/2\/2018\/06\/dc4acce50e32bf2d44553cc12eb1cc9d.jpg\",\"width\":3264,\"height\":2448},{\"@type\":\"BreadcrumbList\",\"@id\":\"https:\/\/dev.explora.cl\/aricayparinacota\/monitores-explora-comienzan-el-trabajo-con-establecimientos-escolares\/#breadcrumb\",\"itemListElement\":[{\"@type\":\"ListItem\",\"position\":1,\"name\":\"Portada\",\"item\":\"https:\/\/dev.explora.cl\/aricayparinacota\/\"},{\"@type\":\"ListItem\",\"position\":2,\"name\":\"Monitores Explora comienzan el Trabajo con Establecimientos Escolares\"}]},{\"@type\":\"WebSite\",\"@id\":\"https:\/\/dev.explora.cl\/aricayparinacota\/#website\",\"url\":\"https:\/\/dev.explora.cl\/aricayparinacota\/\",\"name\":\"Arica y Parinacota\",\"description\":\"Otro sitio m\u00e1s de dev.explora.cl\",\"publisher\":{\"@id\":\"https:\/\/dev.explora.cl\/aricayparinacota\/#organization\"},\"potentialAction\":[{\"@type\":\"SearchAction\",\"target\":{\"@type\":\"EntryPoint\",\"urlTemplate\":\"https:\/\/dev.explora.cl\/aricayparinacota\/?s={search_term_string}\"},\"query-input\":{\"@type\":\"PropertyValueSpecification\",\"valueRequired\":true,\"valueName\":\"search_term_string\"}}],\"inLanguage\":\"es-CL\"},{\"@type\":\"Organization\",\"@id\":\"https:\/\/dev.explora.cl\/aricayparinacota\/#organization\",\"name\":\"Arica y Parinacota\",\"url\":\"https:\/\/dev.explora.cl\/aricayparinacota\/\",\"logo\":{\"@type\":\"ImageObject\",\"inLanguage\":\"es-CL\",\"@id\":\"https:\/\/dev.explora.cl\/aricayparinacota\/#\/schema\/logo\/image\/\",\"url\":\"https:\/\/dev.explora.cl\/aricayparinacota\/wp-content\/uploads\/sites\/2\/2020\/08\/cropped-nuevosa-logos-11.png\",\"contentUrl\":\"https:\/\/dev.explora.cl\/aricayparinacota\/wp-content\/uploads\/sites\/2\/2020\/08\/cropped-nuevosa-logos-11.png\",\"width\":812,\"height\":937,\"caption\":\"Arica y Parinacota\"},\"image\":{\"@id\":\"https:\/\/dev.explora.cl\/aricayparinacota\/#\/schema\/logo\/image\/\"}},{\"@type\":\"Person\",\"@id\":\"https:\/\/dev.explora.cl\/aricayparinacota\/#\/schema\/person\/cb8349c13ea2d324080adf8480d7ba5d\",\"name\":\"webman\",\"image\":{\"@type\":\"ImageObject\",\"inLanguage\":\"es-CL\",\"@id\":\"https:\/\/dev.explora.cl\/aricayparinacota\/#\/schema\/person\/image\/\",\"url\":\"https:\/\/secure.gravatar.com\/avatar\/eeff3c82f2c02f7177d13663b7e6f890e9a6a0647ce9bb29cae02dcb094c7312?s=96&d=mm&r=g\",\"contentUrl\":\"https:\/\/secure.gravatar.com\/avatar\/eeff3c82f2c02f7177d13663b7e6f890e9a6a0647ce9bb29cae02dcb094c7312?s=96&d=mm&r=g\",\"caption\":\"webman\"},\"url\":\"https:\/\/dev.explora.cl\/aricayparinacota\/author\/webman\/\"}]}<\/script>\n<!-- \/ Yoast SEO plugin. -->","yoast_head_json":{"title":"Monitores Explora comienzan el Trabajo con Establecimientos Escolares - Arica y Parinacota","robots":{"index":"index","follow":"follow","max-snippet":"max-snippet:-1","max-image-preview":"max-image-preview:large","max-video-preview":"max-video-preview:-1"},"canonical":"https:\/\/dev.explora.cl\/aricayparinacota\/monitores-explora-comienzan-el-trabajo-con-establecimientos-escolares\/","og_locale":"es_ES","og_type":"article","og_title":"Monitores Explora comienzan el Trabajo con Establecimientos Escolares - Arica y Parinacota","og_description":"Tras ser oficialmente certificados esta semana diferentes monitores Explora-UTA han iniciado sus labores acerc\u00e1ndose a profesores y estudiantes de colegios de la regi\u00f3n para fortalecer el proceso de postulaci\u00f3n al X Congreso Regional Escolar de Ciencia y Tecnolog\u00eda 2015. Establecimientos como Colegio Hispano y&nbsp; San Jorge ya han recibido a los&nbsp; universitarios que fueron capacitados [&hellip;]","og_url":"https:\/\/dev.explora.cl\/aricayparinacota\/monitores-explora-comienzan-el-trabajo-con-establecimientos-escolares\/","og_site_name":"Arica y Parinacota","article_published_time":"2015-08-06T00:00:00+00:00","article_modified_time":"2019-05-09T21:26:34+00:00","og_image":[{"width":1024,"height":768,"url":"https:\/\/dev.explora.cl\/aricayparinacota\/wp-content\/uploads\/sites\/2\/2018\/06\/dc4acce50e32bf2d44553cc12eb1cc9d-1024x768.jpg","type":"image\/jpeg"}],"author":"webman","twitter_card":"summary_large_image","twitter_misc":{"Escrito por":"webman","Tiempo estimado de lectura":"1 minuto"},"schema":{"@context":"https:\/\/schema.org","@graph":[{"@type":"Article","@id":"https:\/\/dev.explora.cl\/aricayparinacota\/monitores-explora-comienzan-el-trabajo-con-establecimientos-escolares\/#article","isPartOf":{"@id":"https:\/\/dev.explora.cl\/aricayparinacota\/monitores-explora-comienzan-el-trabajo-con-establecimientos-escolares\/"},"author":{"name":"webman","@id":"https:\/\/dev.explora.cl\/aricayparinacota\/#\/schema\/person\/cb8349c13ea2d324080adf8480d7ba5d"},"headline":"Monitores Explora comienzan el Trabajo con Establecimientos Escolares","datePublished":"2015-08-06T00:00:00+00:00","dateModified":"2019-05-09T21:26:34+00:00","mainEntityOfPage":{"@id":"https:\/\/dev.explora.cl\/aricayparinacota\/monitores-explora-comienzan-el-trabajo-con-establecimientos-escolares\/"},"wordCount":216,"commentCount":0,"publisher":{"@id":"https:\/\/dev.explora.cl\/aricayparinacota\/#organization"},"image":{"@id":"https:\/\/dev.explora.cl\/aricayparinacota\/monitores-explora-comienzan-el-trabajo-con-establecimientos-escolares\/#primaryimage"},"thumbnailUrl":"https:\/\/dev.explora.cl\/aricayparinacota\/wp-content\/uploads\/sites\/2\/2018\/06\/dc4acce50e32bf2d44553cc12eb1cc9d.jpg","keywords":["Congreso Regional"],"articleSection":["Noticias"],"inLanguage":"es-CL","potentialAction":[{"@type":"CommentAction","name":"Comment","target":["https:\/\/dev.explora.cl\/aricayparinacota\/monitores-explora-comienzan-el-trabajo-con-establecimientos-escolares\/#respond"]}]},{"@type":"WebPage","@id":"https:\/\/dev.explora.cl\/aricayparinacota\/monitores-explora-comienzan-el-trabajo-con-establecimientos-escolares\/","url":"https:\/\/dev.explora.cl\/aricayparinacota\/monitores-explora-comienzan-el-trabajo-con-establecimientos-escolares\/","name":"Monitores Explora comienzan el Trabajo con Establecimientos Escolares - Arica y Parinacota","isPartOf":{"@id":"https:\/\/dev.explora.cl\/aricayparinacota\/#website"},"primaryImageOfPage":{"@id":"https:\/\/dev.explora.cl\/aricayparinacota\/monitores-explora-comienzan-el-trabajo-con-establecimientos-escolares\/#primaryimage"},"image":{"@id":"https:\/\/dev.explora.cl\/aricayparinacota\/monitores-explora-comienzan-el-trabajo-con-establecimientos-escolares\/#primaryimage"},"thumbnailUrl":"https:\/\/dev.explora.cl\/aricayparinacota\/wp-content\/uploads\/sites\/2\/2018\/06\/dc4acce50e32bf2d44553cc12eb1cc9d.jpg","datePublished":"2015-08-06T00:00:00+00:00","dateModified":"2019-05-09T21:26:34+00:00","breadcrumb":{"@id":"https:\/\/dev.explora.cl\/aricayparinacota\/monitores-explora-comienzan-el-trabajo-con-establecimientos-escolares\/#breadcrumb"},"inLanguage":"es-CL","potentialAction":[{"@type":"ReadAction","target":["https:\/\/dev.explora.cl\/aricayparinacota\/monitores-explora-comienzan-el-trabajo-con-establecimientos-escolares\/"]}]},{"@type":"ImageObject","inLanguage":"es-CL","@id":"https:\/\/dev.explora.cl\/aricayparinacota\/monitores-explora-comienzan-el-trabajo-con-establecimientos-escolares\/#primaryimage","url":"https:\/\/dev.explora.cl\/aricayparinacota\/wp-content\/uploads\/sites\/2\/2018\/06\/dc4acce50e32bf2d44553cc12eb1cc9d.jpg","contentUrl":"https:\/\/dev.explora.cl\/aricayparinacota\/wp-content\/uploads\/sites\/2\/2018\/06\/dc4acce50e32bf2d44553cc12eb1cc9d.jpg","width":3264,"height":2448},{"@type":"BreadcrumbList","@id":"https:\/\/dev.explora.cl\/aricayparinacota\/monitores-explora-comienzan-el-trabajo-con-establecimientos-escolares\/#breadcrumb","itemListElement":[{"@type":"ListItem","position":1,"name":"Portada","item":"https:\/\/dev.explora.cl\/aricayparinacota\/"},{"@type":"ListItem","position":2,"name":"Monitores Explora comienzan el Trabajo con Establecimientos Escolares"}]},{"@type":"WebSite","@id":"https:\/\/dev.explora.cl\/aricayparinacota\/#website","url":"https:\/\/dev.explora.cl\/aricayparinacota\/","name":"Arica y Parinacota","description":"Otro sitio m\u00e1s de dev.explora.cl","publisher":{"@id":"https:\/\/dev.explora.cl\/aricayparinacota\/#organization"},"potentialAction":[{"@type":"SearchAction","target":{"@type":"EntryPoint","urlTemplate":"https:\/\/dev.explora.cl\/aricayparinacota\/?s={search_term_string}"},"query-input":{"@type":"PropertyValueSpecification","valueRequired":true,"valueName":"search_term_string"}}],"inLanguage":"es-CL"},{"@type":"Organization","@id":"https:\/\/dev.explora.cl\/aricayparinacota\/#organization","name":"Arica y Parinacota","url":"https:\/\/dev.explora.cl\/aricayparinacota\/","logo":{"@type":"ImageObject","inLanguage":"es-CL","@id":"https:\/\/dev.explora.cl\/aricayparinacota\/#\/schema\/logo\/image\/","url":"https:\/\/dev.explora.cl\/aricayparinacota\/wp-content\/uploads\/sites\/2\/2020\/08\/cropped-nuevosa-logos-11.png","contentUrl":"https:\/\/dev.explora.cl\/aricayparinacota\/wp-content\/uploads\/sites\/2\/2020\/08\/cropped-nuevosa-logos-11.png","width":812,"height":937,"caption":"Arica y Parinacota"},"image":{"@id":"https:\/\/dev.explora.cl\/aricayparinacota\/#\/schema\/logo\/image\/"}},{"@type":"Person","@id":"https:\/\/dev.explora.cl\/aricayparinacota\/#\/schema\/person\/cb8349c13ea2d324080adf8480d7ba5d","name":"webman","image":{"@type":"ImageObject","inLanguage":"es-CL","@id":"https:\/\/dev.explora.cl\/aricayparinacota\/#\/schema\/person\/image\/","url":"https:\/\/secure.gravatar.com\/avatar\/eeff3c82f2c02f7177d13663b7e6f890e9a6a0647ce9bb29cae02dcb094c7312?s=96&d=mm&r=g","contentUrl":"https:\/\/secure.gravatar.com\/avatar\/eeff3c82f2c02f7177d13663b7e6f890e9a6a0647ce9bb29cae02dcb094c7312?s=96&d=mm&r=g","caption":"webman"},"url":"https:\/\/dev.explora.cl\/aricayparinacota\/author\/webman\/"}]}},"_links":{"self":[{"href":"https:\/\/dev.explora.cl\/aricayparinacota\/wp-json\/wp\/v2\/posts\/32076","targetHints":{"allow":["GET"]}}],"collection":[{"href":"https:\/\/dev.explora.cl\/aricayparinacota\/wp-json\/wp\/v2\/posts"}],"about":[{"href":"https:\/\/dev.explora.cl\/aricayparinacota\/wp-json\/wp\/v2\/types\/post"}],"author":[{"embeddable":true,"href":"https:\/\/dev.explora.cl\/aricayparinacota\/wp-json\/wp\/v2\/users\/2"}],"replies":[{"embeddable":true,"href":"https:\/\/dev.explora.cl\/aricayparinacota\/wp-json\/wp\/v2\/comments?post=32076"}],"version-history":[{"count":1,"href":"https:\/\/dev.explora.cl\/aricayparinacota\/wp-json\/wp\/v2\/posts\/32076\/revisions"}],"predecessor-version":[{"id":32942,"href":"https:\/\/dev.explora.cl\/aricayparinacota\/wp-json\/wp\/v2\/posts\/32076\/revisions\/32942"}],"wp:featuredmedia":[{"embeddable":true,"href":"https:\/\/dev.explora.cl\/aricayparinacota\/wp-json\/wp\/v2\/media\/32077"}],"wp:attachment":[{"href":"https:\/\/dev.explora.cl\/aricayparinacota\/wp-json\/wp\/v2\/media?parent=32076"}],"wp:term":[{"taxonomy":"category","embeddable":true,"href":"https:\/\/dev.explora.cl\/aricayparinacota\/wp-json\/wp\/v2\/categories?post=32076"},{"taxonomy":"post_tag","embeddable":true,"href":"https:\/\/dev.explora.cl\/aricayparinacota\/wp-json\/wp\/v2\/tags?post=32076"}],"curies":[{"name":"wp","href":"https:\/\/api.w.org\/{rel}","templated":true}]}}