{"id":32072,"date":"2015-07-27T00:00:00","date_gmt":"2015-07-27T00:00:00","guid":{"rendered":"https:\/\/dev.explora.cl\/aricayparinacota\/blog\/2015\/07\/27\/inach-invita-a-jovenes-de-arica-y-parinacota-a-participar-de-la-fae\/"},"modified":"2019-05-09T21:26:48","modified_gmt":"2019-05-09T21:26:48","slug":"inach-invita-a-jovenes-de-arica-y-parinacota-a-participar-de-la-fae","status":"publish","type":"post","link":"https:\/\/dev.explora.cl\/aricayparinacota\/inach-invita-a-jovenes-de-arica-y-parinacota-a-participar-de-la-fae\/","title":{"rendered":"Instituto Ant\u00e1rtico Chileno invita a los j\u00f3venes de Arica y Parinacota a Participar de la FAE 2015"},"content":{"rendered":"<p><img loading=\"lazy\" decoding=\"async\" class=\" size-full wp-image-13281\" src=\"http:\/\/ec2-34-218-253-251.us-west-2.compute.amazonaws.com\/wp-content\/uploads\/2015\/07\/d08730e7337499c1bb8589adf93265ac.jpg\" alt=\"\" width=\"640\" height=\"335\" \/><\/p>\n<p>&nbsp;<strong>El a\u00f1o pasado dos alumnas del Liceo Antonio Varas de la Barra viajaron a Punta Arenas junto a su profesora para ser parte de la Feria Ant\u00e1rtica Escolar.<\/strong><\/p>\n<p style=\"text-align: justify;line-height: 12pt\">Cada a\u00f1o el Instituto Ant\u00e1rtico Chileno (INACH) convoca a estudiantes de ense\u00f1anza media del pa\u00eds a postular proyectos de investigaci\u00f3n cient\u00edfica de nivel escolar para as\u00ed participar de la Feria Ant\u00e1rtica Escolar (FAE), un evento \u00fanico en su clase en el mundo que se desarrolla todos los a\u00f1os en la ciudad de Punta Arenas.<\/p>\n<p style=\"text-align: justify\">A trav\u00e9s de este concurso, j\u00f3venes estudiantes desarrollan sus habilidades en el uso del met\u00f3do cient\u00edfico para encontrar respuestas a los enigmas que a\u00fan guarda el Contienente Blanco. De esta manera, la FAE promueve el conocimiento y valoraci\u00f3n de la Ant\u00e1rtica en los j\u00f3venes de todo Chile.<\/p>\n<p style=\"text-align: justify\">El evento reunir\u00e1 a los 25 mejores trabajos de todo el pa\u00eds en torno a tem\u00e1ticas relacionadas con: Relaci\u00f3n entre Sudam\u00e9rica y Ant\u00e1rtica; Adaptaciones al Medio Ant\u00e1rtico y sus Biorrecursos; Abundancia y Diversidad de Organismos Ant\u00e1rticos; Calentamiento Global y Evoluci\u00f3n del Clima; Medioambeinte Ant\u00e1rtico y, Astronim\u00eda y Astrof\u00edsica de la Ant\u00e1rtica.&nbsp;<\/p>\n<p style=\"text-align: justify\">Los ganadores de la FAE 2015 recibiran de premio el derecho a integrar la Expedici\u00f3n Ant\u00e1rtica Escolar 2016. Una estad\u00eda en la Ant\u00e1rtica, donde podr\u00e1n realizar un intenso programa de actividades cient\u00edficas junto a investigadores del INACH en diversos puntos de la isla Rey Jorge; teniendo la oportunidad de conocer las diferentes culturas de los pa\u00edses que tienen bases en este sector, tales como Rusia, China, Uruguay, Corea y Chile.<\/p>\n<p style=\"text-align: justify\">Los trabajos pueden ser tanto experimentales como bibliogr\u00e1ficos y las postulaciones estar\u00e1n abiertas durante los meses de agosto y septiembre del a\u00f1o en curso. Para mayor informaci\u00f3n sobre los formularios, premios y bibliograf\u00eda tan s\u00f3lo deben ingresar a:&nbsp; <a href=\"http:\/\/www.inach.cl\/fae\">http:\/\/www.inach.cl\/fae<\/a>.<\/p>\n<p style=\"text-align: justify\">Por Marcela P\u00e9rez Sep\u00falveda.&nbsp;<\/p>\n<p>&nbsp;<\/p>\n<p>&nbsp;<\/p>\n","protected":false},"excerpt":{"rendered":"<p>&nbsp;El a\u00f1o pasado dos alumnas del Liceo Antonio Varas de la Barra viajaron a Punta Arenas junto a su profesora para ser parte de la Feria Ant\u00e1rtica Escolar. Cada a\u00f1o el Instituto Ant\u00e1rtico Chileno (INACH) convoca a estudiantes de ense\u00f1anza media del pa\u00eds a postular proyectos de investigaci\u00f3n cient\u00edfica de nivel escolar para as\u00ed participar [&hellip;]<\/p>\n","protected":false},"author":2,"featured_media":32073,"comment_status":"open","ping_status":"open","sticky":false,"template":"","format":"standard","meta":{"_acf_changed":false,"_exactmetrics_skip_tracking":false,"_exactmetrics_sitenote_active":false,"_exactmetrics_sitenote_note":"","_exactmetrics_sitenote_category":0,"footnotes":"","_links_to":"","_links_to_target":""},"categories":[4],"tags":[],"class_list":["post-32072","post","type-post","status-publish","format-standard","has-post-thumbnail","hentry","category-noticias"],"acf":[],"yoast_head":"<!-- This site is optimized with the Yoast SEO plugin v26.7 - https:\/\/yoast.com\/wordpress\/plugins\/seo\/ -->\n<title>Instituto Ant\u00e1rtico Chileno invita a los j\u00f3venes de Arica y Parinacota a Participar de la FAE 2015 - Arica y Parinacota<\/title>\n<meta name=\"robots\" content=\"index, follow, max-snippet:-1, max-image-preview:large, max-video-preview:-1\" \/>\n<link rel=\"canonical\" href=\"https:\/\/dev.explora.cl\/aricayparinacota\/inach-invita-a-jovenes-de-arica-y-parinacota-a-participar-de-la-fae\/\" class=\"yoast-seo-meta-tag\" \/>\n<meta property=\"og:locale\" content=\"es_ES\" class=\"yoast-seo-meta-tag\" \/>\n<meta property=\"og:type\" content=\"article\" class=\"yoast-seo-meta-tag\" \/>\n<meta property=\"og:title\" content=\"Instituto Ant\u00e1rtico Chileno invita a los j\u00f3venes de Arica y Parinacota a Participar de la FAE 2015 - Arica y Parinacota\" class=\"yoast-seo-meta-tag\" \/>\n<meta property=\"og:description\" content=\"&nbsp;El a\u00f1o pasado dos alumnas del Liceo Antonio Varas de la Barra viajaron a Punta Arenas junto a su profesora para ser parte de la Feria Ant\u00e1rtica Escolar. Cada a\u00f1o el Instituto Ant\u00e1rtico Chileno (INACH) convoca a estudiantes de ense\u00f1anza media del pa\u00eds a postular proyectos de investigaci\u00f3n cient\u00edfica de nivel escolar para as\u00ed participar [&hellip;]\" class=\"yoast-seo-meta-tag\" \/>\n<meta property=\"og:url\" content=\"https:\/\/dev.explora.cl\/aricayparinacota\/inach-invita-a-jovenes-de-arica-y-parinacota-a-participar-de-la-fae\/\" class=\"yoast-seo-meta-tag\" \/>\n<meta property=\"og:site_name\" content=\"Arica y Parinacota\" class=\"yoast-seo-meta-tag\" \/>\n<meta property=\"article:published_time\" content=\"2015-07-27T00:00:00+00:00\" class=\"yoast-seo-meta-tag\" \/>\n<meta property=\"article:modified_time\" content=\"2019-05-09T21:26:48+00:00\" class=\"yoast-seo-meta-tag\" \/>\n<meta property=\"og:image\" content=\"https:\/\/dev.explora.cl\/aricayparinacota\/wp-content\/uploads\/sites\/2\/2018\/06\/d08730e7337499c1bb8589adf93265ac.jpg\" class=\"yoast-seo-meta-tag\" \/>\n\t<meta property=\"og:image:width\" content=\"640\" class=\"yoast-seo-meta-tag\" \/>\n\t<meta property=\"og:image:height\" content=\"335\" class=\"yoast-seo-meta-tag\" \/>\n\t<meta property=\"og:image:type\" content=\"image\/jpeg\" class=\"yoast-seo-meta-tag\" \/>\n<meta name=\"author\" content=\"webman\" class=\"yoast-seo-meta-tag\" \/>\n<meta name=\"twitter:card\" content=\"summary_large_image\" class=\"yoast-seo-meta-tag\" \/>\n<meta name=\"twitter:label1\" content=\"Escrito por\" class=\"yoast-seo-meta-tag\" \/>\n\t<meta name=\"twitter:data1\" content=\"webman\" class=\"yoast-seo-meta-tag\" \/>\n\t<meta name=\"twitter:label2\" content=\"Tiempo estimado de lectura\" class=\"yoast-seo-meta-tag\" \/>\n\t<meta name=\"twitter:data2\" content=\"2 minutos\" class=\"yoast-seo-meta-tag\" \/>\n<script type=\"application\/ld+json\" class=\"yoast-schema-graph\">{\"@context\":\"https:\/\/schema.org\",\"@graph\":[{\"@type\":\"Article\",\"@id\":\"https:\/\/dev.explora.cl\/aricayparinacota\/inach-invita-a-jovenes-de-arica-y-parinacota-a-participar-de-la-fae\/#article\",\"isPartOf\":{\"@id\":\"https:\/\/dev.explora.cl\/aricayparinacota\/inach-invita-a-jovenes-de-arica-y-parinacota-a-participar-de-la-fae\/\"},\"author\":{\"name\":\"webman\",\"@id\":\"https:\/\/dev.explora.cl\/aricayparinacota\/#\/schema\/person\/cb8349c13ea2d324080adf8480d7ba5d\"},\"headline\":\"Instituto Ant\u00e1rtico Chileno invita a los j\u00f3venes de Arica y Parinacota a Participar de la FAE 2015\",\"datePublished\":\"2015-07-27T00:00:00+00:00\",\"dateModified\":\"2019-05-09T21:26:48+00:00\",\"mainEntityOfPage\":{\"@id\":\"https:\/\/dev.explora.cl\/aricayparinacota\/inach-invita-a-jovenes-de-arica-y-parinacota-a-participar-de-la-fae\/\"},\"wordCount\":363,\"commentCount\":0,\"publisher\":{\"@id\":\"https:\/\/dev.explora.cl\/aricayparinacota\/#organization\"},\"image\":{\"@id\":\"https:\/\/dev.explora.cl\/aricayparinacota\/inach-invita-a-jovenes-de-arica-y-parinacota-a-participar-de-la-fae\/#primaryimage\"},\"thumbnailUrl\":\"https:\/\/dev.explora.cl\/aricayparinacota\/wp-content\/uploads\/sites\/2\/2018\/06\/d08730e7337499c1bb8589adf93265ac.jpg\",\"articleSection\":[\"Noticias\"],\"inLanguage\":\"es-CL\",\"potentialAction\":[{\"@type\":\"CommentAction\",\"name\":\"Comment\",\"target\":[\"https:\/\/dev.explora.cl\/aricayparinacota\/inach-invita-a-jovenes-de-arica-y-parinacota-a-participar-de-la-fae\/#respond\"]}]},{\"@type\":\"WebPage\",\"@id\":\"https:\/\/dev.explora.cl\/aricayparinacota\/inach-invita-a-jovenes-de-arica-y-parinacota-a-participar-de-la-fae\/\",\"url\":\"https:\/\/dev.explora.cl\/aricayparinacota\/inach-invita-a-jovenes-de-arica-y-parinacota-a-participar-de-la-fae\/\",\"name\":\"Instituto Ant\u00e1rtico Chileno invita a los j\u00f3venes de Arica y Parinacota a Participar de la FAE 2015 - Arica y Parinacota\",\"isPartOf\":{\"@id\":\"https:\/\/dev.explora.cl\/aricayparinacota\/#website\"},\"primaryImageOfPage\":{\"@id\":\"https:\/\/dev.explora.cl\/aricayparinacota\/inach-invita-a-jovenes-de-arica-y-parinacota-a-participar-de-la-fae\/#primaryimage\"},\"image\":{\"@id\":\"https:\/\/dev.explora.cl\/aricayparinacota\/inach-invita-a-jovenes-de-arica-y-parinacota-a-participar-de-la-fae\/#primaryimage\"},\"thumbnailUrl\":\"https:\/\/dev.explora.cl\/aricayparinacota\/wp-content\/uploads\/sites\/2\/2018\/06\/d08730e7337499c1bb8589adf93265ac.jpg\",\"datePublished\":\"2015-07-27T00:00:00+00:00\",\"dateModified\":\"2019-05-09T21:26:48+00:00\",\"breadcrumb\":{\"@id\":\"https:\/\/dev.explora.cl\/aricayparinacota\/inach-invita-a-jovenes-de-arica-y-parinacota-a-participar-de-la-fae\/#breadcrumb\"},\"inLanguage\":\"es-CL\",\"potentialAction\":[{\"@type\":\"ReadAction\",\"target\":[\"https:\/\/dev.explora.cl\/aricayparinacota\/inach-invita-a-jovenes-de-arica-y-parinacota-a-participar-de-la-fae\/\"]}]},{\"@type\":\"ImageObject\",\"inLanguage\":\"es-CL\",\"@id\":\"https:\/\/dev.explora.cl\/aricayparinacota\/inach-invita-a-jovenes-de-arica-y-parinacota-a-participar-de-la-fae\/#primaryimage\",\"url\":\"https:\/\/dev.explora.cl\/aricayparinacota\/wp-content\/uploads\/sites\/2\/2018\/06\/d08730e7337499c1bb8589adf93265ac.jpg\",\"contentUrl\":\"https:\/\/dev.explora.cl\/aricayparinacota\/wp-content\/uploads\/sites\/2\/2018\/06\/d08730e7337499c1bb8589adf93265ac.jpg\",\"width\":640,\"height\":335},{\"@type\":\"BreadcrumbList\",\"@id\":\"https:\/\/dev.explora.cl\/aricayparinacota\/inach-invita-a-jovenes-de-arica-y-parinacota-a-participar-de-la-fae\/#breadcrumb\",\"itemListElement\":[{\"@type\":\"ListItem\",\"position\":1,\"name\":\"Portada\",\"item\":\"https:\/\/dev.explora.cl\/aricayparinacota\/\"},{\"@type\":\"ListItem\",\"position\":2,\"name\":\"Instituto Ant\u00e1rtico Chileno invita a los j\u00f3venes de Arica y Parinacota a Participar de la FAE 2015\"}]},{\"@type\":\"WebSite\",\"@id\":\"https:\/\/dev.explora.cl\/aricayparinacota\/#website\",\"url\":\"https:\/\/dev.explora.cl\/aricayparinacota\/\",\"name\":\"Arica y Parinacota\",\"description\":\"Otro sitio m\u00e1s de dev.explora.cl\",\"publisher\":{\"@id\":\"https:\/\/dev.explora.cl\/aricayparinacota\/#organization\"},\"potentialAction\":[{\"@type\":\"SearchAction\",\"target\":{\"@type\":\"EntryPoint\",\"urlTemplate\":\"https:\/\/dev.explora.cl\/aricayparinacota\/?s={search_term_string}\"},\"query-input\":{\"@type\":\"PropertyValueSpecification\",\"valueRequired\":true,\"valueName\":\"search_term_string\"}}],\"inLanguage\":\"es-CL\"},{\"@type\":\"Organization\",\"@id\":\"https:\/\/dev.explora.cl\/aricayparinacota\/#organization\",\"name\":\"Arica y Parinacota\",\"url\":\"https:\/\/dev.explora.cl\/aricayparinacota\/\",\"logo\":{\"@type\":\"ImageObject\",\"inLanguage\":\"es-CL\",\"@id\":\"https:\/\/dev.explora.cl\/aricayparinacota\/#\/schema\/logo\/image\/\",\"url\":\"https:\/\/dev.explora.cl\/aricayparinacota\/wp-content\/uploads\/sites\/2\/2020\/08\/cropped-nuevosa-logos-11.png\",\"contentUrl\":\"https:\/\/dev.explora.cl\/aricayparinacota\/wp-content\/uploads\/sites\/2\/2020\/08\/cropped-nuevosa-logos-11.png\",\"width\":812,\"height\":937,\"caption\":\"Arica y Parinacota\"},\"image\":{\"@id\":\"https:\/\/dev.explora.cl\/aricayparinacota\/#\/schema\/logo\/image\/\"}},{\"@type\":\"Person\",\"@id\":\"https:\/\/dev.explora.cl\/aricayparinacota\/#\/schema\/person\/cb8349c13ea2d324080adf8480d7ba5d\",\"name\":\"webman\",\"image\":{\"@type\":\"ImageObject\",\"inLanguage\":\"es-CL\",\"@id\":\"https:\/\/dev.explora.cl\/aricayparinacota\/#\/schema\/person\/image\/\",\"url\":\"https:\/\/secure.gravatar.com\/avatar\/eeff3c82f2c02f7177d13663b7e6f890e9a6a0647ce9bb29cae02dcb094c7312?s=96&d=mm&r=g\",\"contentUrl\":\"https:\/\/secure.gravatar.com\/avatar\/eeff3c82f2c02f7177d13663b7e6f890e9a6a0647ce9bb29cae02dcb094c7312?s=96&d=mm&r=g\",\"caption\":\"webman\"},\"url\":\"https:\/\/dev.explora.cl\/aricayparinacota\/author\/webman\/\"}]}<\/script>\n<!-- \/ Yoast SEO plugin. -->","yoast_head_json":{"title":"Instituto Ant\u00e1rtico Chileno invita a los j\u00f3venes de Arica y Parinacota a Participar de la FAE 2015 - Arica y Parinacota","robots":{"index":"index","follow":"follow","max-snippet":"max-snippet:-1","max-image-preview":"max-image-preview:large","max-video-preview":"max-video-preview:-1"},"canonical":"https:\/\/dev.explora.cl\/aricayparinacota\/inach-invita-a-jovenes-de-arica-y-parinacota-a-participar-de-la-fae\/","og_locale":"es_ES","og_type":"article","og_title":"Instituto Ant\u00e1rtico Chileno invita a los j\u00f3venes de Arica y Parinacota a Participar de la FAE 2015 - Arica y Parinacota","og_description":"&nbsp;El a\u00f1o pasado dos alumnas del Liceo Antonio Varas de la Barra viajaron a Punta Arenas junto a su profesora para ser parte de la Feria Ant\u00e1rtica Escolar. Cada a\u00f1o el Instituto Ant\u00e1rtico Chileno (INACH) convoca a estudiantes de ense\u00f1anza media del pa\u00eds a postular proyectos de investigaci\u00f3n cient\u00edfica de nivel escolar para as\u00ed participar [&hellip;]","og_url":"https:\/\/dev.explora.cl\/aricayparinacota\/inach-invita-a-jovenes-de-arica-y-parinacota-a-participar-de-la-fae\/","og_site_name":"Arica y Parinacota","article_published_time":"2015-07-27T00:00:00+00:00","article_modified_time":"2019-05-09T21:26:48+00:00","og_image":[{"width":640,"height":335,"url":"https:\/\/dev.explora.cl\/aricayparinacota\/wp-content\/uploads\/sites\/2\/2018\/06\/d08730e7337499c1bb8589adf93265ac.jpg","type":"image\/jpeg"}],"author":"webman","twitter_card":"summary_large_image","twitter_misc":{"Escrito por":"webman","Tiempo estimado de lectura":"2 minutos"},"schema":{"@context":"https:\/\/schema.org","@graph":[{"@type":"Article","@id":"https:\/\/dev.explora.cl\/aricayparinacota\/inach-invita-a-jovenes-de-arica-y-parinacota-a-participar-de-la-fae\/#article","isPartOf":{"@id":"https:\/\/dev.explora.cl\/aricayparinacota\/inach-invita-a-jovenes-de-arica-y-parinacota-a-participar-de-la-fae\/"},"author":{"name":"webman","@id":"https:\/\/dev.explora.cl\/aricayparinacota\/#\/schema\/person\/cb8349c13ea2d324080adf8480d7ba5d"},"headline":"Instituto Ant\u00e1rtico Chileno invita a los j\u00f3venes de Arica y Parinacota a Participar de la FAE 2015","datePublished":"2015-07-27T00:00:00+00:00","dateModified":"2019-05-09T21:26:48+00:00","mainEntityOfPage":{"@id":"https:\/\/dev.explora.cl\/aricayparinacota\/inach-invita-a-jovenes-de-arica-y-parinacota-a-participar-de-la-fae\/"},"wordCount":363,"commentCount":0,"publisher":{"@id":"https:\/\/dev.explora.cl\/aricayparinacota\/#organization"},"image":{"@id":"https:\/\/dev.explora.cl\/aricayparinacota\/inach-invita-a-jovenes-de-arica-y-parinacota-a-participar-de-la-fae\/#primaryimage"},"thumbnailUrl":"https:\/\/dev.explora.cl\/aricayparinacota\/wp-content\/uploads\/sites\/2\/2018\/06\/d08730e7337499c1bb8589adf93265ac.jpg","articleSection":["Noticias"],"inLanguage":"es-CL","potentialAction":[{"@type":"CommentAction","name":"Comment","target":["https:\/\/dev.explora.cl\/aricayparinacota\/inach-invita-a-jovenes-de-arica-y-parinacota-a-participar-de-la-fae\/#respond"]}]},{"@type":"WebPage","@id":"https:\/\/dev.explora.cl\/aricayparinacota\/inach-invita-a-jovenes-de-arica-y-parinacota-a-participar-de-la-fae\/","url":"https:\/\/dev.explora.cl\/aricayparinacota\/inach-invita-a-jovenes-de-arica-y-parinacota-a-participar-de-la-fae\/","name":"Instituto Ant\u00e1rtico Chileno invita a los j\u00f3venes de Arica y Parinacota a Participar de la FAE 2015 - Arica y Parinacota","isPartOf":{"@id":"https:\/\/dev.explora.cl\/aricayparinacota\/#website"},"primaryImageOfPage":{"@id":"https:\/\/dev.explora.cl\/aricayparinacota\/inach-invita-a-jovenes-de-arica-y-parinacota-a-participar-de-la-fae\/#primaryimage"},"image":{"@id":"https:\/\/dev.explora.cl\/aricayparinacota\/inach-invita-a-jovenes-de-arica-y-parinacota-a-participar-de-la-fae\/#primaryimage"},"thumbnailUrl":"https:\/\/dev.explora.cl\/aricayparinacota\/wp-content\/uploads\/sites\/2\/2018\/06\/d08730e7337499c1bb8589adf93265ac.jpg","datePublished":"2015-07-27T00:00:00+00:00","dateModified":"2019-05-09T21:26:48+00:00","breadcrumb":{"@id":"https:\/\/dev.explora.cl\/aricayparinacota\/inach-invita-a-jovenes-de-arica-y-parinacota-a-participar-de-la-fae\/#breadcrumb"},"inLanguage":"es-CL","potentialAction":[{"@type":"ReadAction","target":["https:\/\/dev.explora.cl\/aricayparinacota\/inach-invita-a-jovenes-de-arica-y-parinacota-a-participar-de-la-fae\/"]}]},{"@type":"ImageObject","inLanguage":"es-CL","@id":"https:\/\/dev.explora.cl\/aricayparinacota\/inach-invita-a-jovenes-de-arica-y-parinacota-a-participar-de-la-fae\/#primaryimage","url":"https:\/\/dev.explora.cl\/aricayparinacota\/wp-content\/uploads\/sites\/2\/2018\/06\/d08730e7337499c1bb8589adf93265ac.jpg","contentUrl":"https:\/\/dev.explora.cl\/aricayparinacota\/wp-content\/uploads\/sites\/2\/2018\/06\/d08730e7337499c1bb8589adf93265ac.jpg","width":640,"height":335},{"@type":"BreadcrumbList","@id":"https:\/\/dev.explora.cl\/aricayparinacota\/inach-invita-a-jovenes-de-arica-y-parinacota-a-participar-de-la-fae\/#breadcrumb","itemListElement":[{"@type":"ListItem","position":1,"name":"Portada","item":"https:\/\/dev.explora.cl\/aricayparinacota\/"},{"@type":"ListItem","position":2,"name":"Instituto Ant\u00e1rtico Chileno invita a los j\u00f3venes de Arica y Parinacota a Participar de la FAE 2015"}]},{"@type":"WebSite","@id":"https:\/\/dev.explora.cl\/aricayparinacota\/#website","url":"https:\/\/dev.explora.cl\/aricayparinacota\/","name":"Arica y Parinacota","description":"Otro sitio m\u00e1s de dev.explora.cl","publisher":{"@id":"https:\/\/dev.explora.cl\/aricayparinacota\/#organization"},"potentialAction":[{"@type":"SearchAction","target":{"@type":"EntryPoint","urlTemplate":"https:\/\/dev.explora.cl\/aricayparinacota\/?s={search_term_string}"},"query-input":{"@type":"PropertyValueSpecification","valueRequired":true,"valueName":"search_term_string"}}],"inLanguage":"es-CL"},{"@type":"Organization","@id":"https:\/\/dev.explora.cl\/aricayparinacota\/#organization","name":"Arica y Parinacota","url":"https:\/\/dev.explora.cl\/aricayparinacota\/","logo":{"@type":"ImageObject","inLanguage":"es-CL","@id":"https:\/\/dev.explora.cl\/aricayparinacota\/#\/schema\/logo\/image\/","url":"https:\/\/dev.explora.cl\/aricayparinacota\/wp-content\/uploads\/sites\/2\/2020\/08\/cropped-nuevosa-logos-11.png","contentUrl":"https:\/\/dev.explora.cl\/aricayparinacota\/wp-content\/uploads\/sites\/2\/2020\/08\/cropped-nuevosa-logos-11.png","width":812,"height":937,"caption":"Arica y Parinacota"},"image":{"@id":"https:\/\/dev.explora.cl\/aricayparinacota\/#\/schema\/logo\/image\/"}},{"@type":"Person","@id":"https:\/\/dev.explora.cl\/aricayparinacota\/#\/schema\/person\/cb8349c13ea2d324080adf8480d7ba5d","name":"webman","image":{"@type":"ImageObject","inLanguage":"es-CL","@id":"https:\/\/dev.explora.cl\/aricayparinacota\/#\/schema\/person\/image\/","url":"https:\/\/secure.gravatar.com\/avatar\/eeff3c82f2c02f7177d13663b7e6f890e9a6a0647ce9bb29cae02dcb094c7312?s=96&d=mm&r=g","contentUrl":"https:\/\/secure.gravatar.com\/avatar\/eeff3c82f2c02f7177d13663b7e6f890e9a6a0647ce9bb29cae02dcb094c7312?s=96&d=mm&r=g","caption":"webman"},"url":"https:\/\/dev.explora.cl\/aricayparinacota\/author\/webman\/"}]}},"_links":{"self":[{"href":"https:\/\/dev.explora.cl\/aricayparinacota\/wp-json\/wp\/v2\/posts\/32072","targetHints":{"allow":["GET"]}}],"collection":[{"href":"https:\/\/dev.explora.cl\/aricayparinacota\/wp-json\/wp\/v2\/posts"}],"about":[{"href":"https:\/\/dev.explora.cl\/aricayparinacota\/wp-json\/wp\/v2\/types\/post"}],"author":[{"embeddable":true,"href":"https:\/\/dev.explora.cl\/aricayparinacota\/wp-json\/wp\/v2\/users\/2"}],"replies":[{"embeddable":true,"href":"https:\/\/dev.explora.cl\/aricayparinacota\/wp-json\/wp\/v2\/comments?post=32072"}],"version-history":[{"count":1,"href":"https:\/\/dev.explora.cl\/aricayparinacota\/wp-json\/wp\/v2\/posts\/32072\/revisions"}],"predecessor-version":[{"id":32944,"href":"https:\/\/dev.explora.cl\/aricayparinacota\/wp-json\/wp\/v2\/posts\/32072\/revisions\/32944"}],"wp:featuredmedia":[{"embeddable":true,"href":"https:\/\/dev.explora.cl\/aricayparinacota\/wp-json\/wp\/v2\/media\/32073"}],"wp:attachment":[{"href":"https:\/\/dev.explora.cl\/aricayparinacota\/wp-json\/wp\/v2\/media?parent=32072"}],"wp:term":[{"taxonomy":"category","embeddable":true,"href":"https:\/\/dev.explora.cl\/aricayparinacota\/wp-json\/wp\/v2\/categories?post=32072"},{"taxonomy":"post_tag","embeddable":true,"href":"https:\/\/dev.explora.cl\/aricayparinacota\/wp-json\/wp\/v2\/tags?post=32072"}],"curies":[{"name":"wp","href":"https:\/\/api.w.org\/{rel}","templated":true}]}}