{"id":32070,"date":"2015-07-24T00:00:00","date_gmt":"2015-07-24T00:00:00","guid":{"rendered":"https:\/\/dev.explora.cl\/aricayparinacota\/blog\/2015\/07\/24\/certificacion-monitores-region-de-arica-y-parinacota\/"},"modified":"2019-05-09T21:26:56","modified_gmt":"2019-05-09T21:26:56","slug":"certificacion-monitores-region-de-arica-y-parinacota","status":"publish","type":"post","link":"https:\/\/dev.explora.cl\/aricayparinacota\/certificacion-monitores-region-de-arica-y-parinacota\/","title":{"rendered":"Iniciativa Explora regi\u00f3n de Arica y Parinacota,Certificar\u00e1 a sus Monitores Universitarios 2015"},"content":{"rendered":"<p><img loading=\"lazy\" decoding=\"async\" class=\" size-full wp-image-13259\" src=\"http:\/\/ec2-34-218-253-251.us-west-2.compute.amazonaws.com\/wp-content\/uploads\/2015\/07\/b3ca3356988749d3c81c1470e66b693e.jpg\" alt=\"\" width=\"4272\" height=\"2848\" \/><\/p>\n<p><strong>Luego de m\u00e1s de 1 mes de&nbsp; capacitaciones y trabajos, casi 30 estudiantes de educaci\u00f3n superior ser\u00e1n parte del programa Explora Arica y Parinacota, trabajando y apoyando en las diversas actividades que se realizar\u00e1n.<\/strong><strong>&nbsp;<\/strong><\/p>\n<p style=\"text-align: justify\">El pr\u00f3ximo jueves 30 de julio se realizar\u00e1 la \u00faltima jornada preparatoria para los j\u00f3venes universitarios que se transformar\u00e1n en Monitores Explora 2015, quienes a trav\u00e9s de diversas actividades incorporar\u00e1n sus conocimientos al servicio de los estudiantes b\u00e1sicos y secundarios interesados en la ciencia y tecnolog\u00eda.<\/p>\n<p style=\"text-align: justify\">M\u00f3nica Codriansky Encargada de Eventos y Talleres de Iniciativa Explora en la Regi\u00f3n se refiere al proceso: \u201cLos monitores que llegan a \u00e9sta etapa, se encuentran capacitados para trabajar en conjunto a grupos escolares de los diferentes establecimientos educacional interesados en presentar sus trabajos al congreso, adem\u00e1s, de ser un apoyo en la Semana Nacional de Ciencia y Tecnolog\u00eda (SNCyT)\u201d.<\/p>\n<p style=\"text-align: justify\">En \u00e9sta oportunidad, se concluye el proceso de capacitaci\u00f3n de monitores EXPLORA-UTA, quienes se han preparado espec\u00edficamente para el apoyo en la preparaci\u00f3n de trabajos de investigaci\u00f3n cient\u00edfica escolar, a participar del X Congreso Regional Escolar de Ciencias y Tecnolog\u00eda que se realizar\u00e1 durante el mes de octubre y cuya etapa de postulaci\u00f3n cierra el pr\u00f3ximo 01 de Septiembre.<\/p>\n<p style=\"text-align: justify\">El jueves los j\u00f3venes monitores recibir\u00e1n la certificaci\u00f3n oficial que informa sobre la exitosa finalizaci\u00f3n de su capacitaci\u00f3n y la credencial que los oficializa como Monitores Explora-UTA Arica y Parinacota, para luego comenzar a trabajar con los profesores y estudiantes en los proyectos que presentar\u00e1n para el Congreso.&nbsp;<\/p>\n<p style=\"text-align: justify\">&nbsp;<\/p>\n<p style=\"text-align: justify\">Por Marcela Per\u00e9z Sep\u00falveda<\/p>\n<p>&nbsp;<\/p>\n","protected":false},"excerpt":{"rendered":"<p>Luego de m\u00e1s de 1 mes de&nbsp; capacitaciones y trabajos, casi 30 estudiantes de educaci\u00f3n superior ser\u00e1n parte del programa Explora Arica y Parinacota, trabajando y apoyando en las diversas actividades que se realizar\u00e1n.&nbsp; El pr\u00f3ximo jueves 30 de julio se realizar\u00e1 la \u00faltima jornada preparatoria para los j\u00f3venes universitarios que se transformar\u00e1n en Monitores [&hellip;]<\/p>\n","protected":false},"author":2,"featured_media":32071,"comment_status":"open","ping_status":"open","sticky":false,"template":"","format":"standard","meta":{"_acf_changed":false,"_exactmetrics_skip_tracking":false,"_exactmetrics_sitenote_active":false,"_exactmetrics_sitenote_note":"","_exactmetrics_sitenote_category":0,"footnotes":"","_links_to":"","_links_to_target":""},"categories":[4],"tags":[],"class_list":["post-32070","post","type-post","status-publish","format-standard","has-post-thumbnail","hentry","category-noticias"],"acf":[],"yoast_head":"<!-- This site is optimized with the Yoast SEO plugin v26.7 - https:\/\/yoast.com\/wordpress\/plugins\/seo\/ -->\n<title>Iniciativa Explora regi\u00f3n de Arica y Parinacota,Certificar\u00e1 a sus Monitores Universitarios 2015 - Arica y Parinacota<\/title>\n<meta name=\"robots\" content=\"index, follow, max-snippet:-1, max-image-preview:large, max-video-preview:-1\" \/>\n<link rel=\"canonical\" href=\"https:\/\/dev.explora.cl\/aricayparinacota\/certificacion-monitores-region-de-arica-y-parinacota\/\" class=\"yoast-seo-meta-tag\" \/>\n<meta property=\"og:locale\" content=\"es_ES\" class=\"yoast-seo-meta-tag\" \/>\n<meta property=\"og:type\" content=\"article\" class=\"yoast-seo-meta-tag\" \/>\n<meta property=\"og:title\" content=\"Iniciativa Explora regi\u00f3n de Arica y Parinacota,Certificar\u00e1 a sus Monitores Universitarios 2015 - Arica y Parinacota\" class=\"yoast-seo-meta-tag\" \/>\n<meta property=\"og:description\" content=\"Luego de m\u00e1s de 1 mes de&nbsp; capacitaciones y trabajos, casi 30 estudiantes de educaci\u00f3n superior ser\u00e1n parte del programa Explora Arica y Parinacota, trabajando y apoyando en las diversas actividades que se realizar\u00e1n.&nbsp; El pr\u00f3ximo jueves 30 de julio se realizar\u00e1 la \u00faltima jornada preparatoria para los j\u00f3venes universitarios que se transformar\u00e1n en Monitores [&hellip;]\" class=\"yoast-seo-meta-tag\" \/>\n<meta property=\"og:url\" content=\"https:\/\/dev.explora.cl\/aricayparinacota\/certificacion-monitores-region-de-arica-y-parinacota\/\" class=\"yoast-seo-meta-tag\" \/>\n<meta property=\"og:site_name\" content=\"Arica y Parinacota\" class=\"yoast-seo-meta-tag\" \/>\n<meta property=\"article:published_time\" content=\"2015-07-24T00:00:00+00:00\" class=\"yoast-seo-meta-tag\" \/>\n<meta property=\"article:modified_time\" content=\"2019-05-09T21:26:56+00:00\" class=\"yoast-seo-meta-tag\" \/>\n<meta property=\"og:image\" content=\"https:\/\/dev.explora.cl\/aricayparinacota\/wp-content\/uploads\/sites\/2\/2018\/06\/b3ca3356988749d3c81c1470e66b693e-1024x683.jpg\" class=\"yoast-seo-meta-tag\" \/>\n\t<meta property=\"og:image:width\" content=\"1024\" class=\"yoast-seo-meta-tag\" \/>\n\t<meta property=\"og:image:height\" content=\"683\" class=\"yoast-seo-meta-tag\" \/>\n\t<meta property=\"og:image:type\" content=\"image\/jpeg\" class=\"yoast-seo-meta-tag\" \/>\n<meta name=\"author\" content=\"webman\" class=\"yoast-seo-meta-tag\" \/>\n<meta name=\"twitter:card\" content=\"summary_large_image\" class=\"yoast-seo-meta-tag\" \/>\n<meta name=\"twitter:label1\" content=\"Escrito por\" class=\"yoast-seo-meta-tag\" \/>\n\t<meta name=\"twitter:data1\" content=\"webman\" class=\"yoast-seo-meta-tag\" \/>\n\t<meta name=\"twitter:label2\" content=\"Tiempo estimado de lectura\" class=\"yoast-seo-meta-tag\" \/>\n\t<meta name=\"twitter:data2\" content=\"1 minuto\" class=\"yoast-seo-meta-tag\" \/>\n<script type=\"application\/ld+json\" class=\"yoast-schema-graph\">{\"@context\":\"https:\/\/schema.org\",\"@graph\":[{\"@type\":\"Article\",\"@id\":\"https:\/\/dev.explora.cl\/aricayparinacota\/certificacion-monitores-region-de-arica-y-parinacota\/#article\",\"isPartOf\":{\"@id\":\"https:\/\/dev.explora.cl\/aricayparinacota\/certificacion-monitores-region-de-arica-y-parinacota\/\"},\"author\":{\"name\":\"webman\",\"@id\":\"https:\/\/dev.explora.cl\/aricayparinacota\/#\/schema\/person\/cb8349c13ea2d324080adf8480d7ba5d\"},\"headline\":\"Iniciativa Explora regi\u00f3n de Arica y Parinacota,Certificar\u00e1 a sus Monitores Universitarios 2015\",\"datePublished\":\"2015-07-24T00:00:00+00:00\",\"dateModified\":\"2019-05-09T21:26:56+00:00\",\"mainEntityOfPage\":{\"@id\":\"https:\/\/dev.explora.cl\/aricayparinacota\/certificacion-monitores-region-de-arica-y-parinacota\/\"},\"wordCount\":295,\"commentCount\":0,\"publisher\":{\"@id\":\"https:\/\/dev.explora.cl\/aricayparinacota\/#organization\"},\"image\":{\"@id\":\"https:\/\/dev.explora.cl\/aricayparinacota\/certificacion-monitores-region-de-arica-y-parinacota\/#primaryimage\"},\"thumbnailUrl\":\"https:\/\/dev.explora.cl\/aricayparinacota\/wp-content\/uploads\/sites\/2\/2018\/06\/b3ca3356988749d3c81c1470e66b693e.jpg\",\"articleSection\":[\"Noticias\"],\"inLanguage\":\"es-CL\",\"potentialAction\":[{\"@type\":\"CommentAction\",\"name\":\"Comment\",\"target\":[\"https:\/\/dev.explora.cl\/aricayparinacota\/certificacion-monitores-region-de-arica-y-parinacota\/#respond\"]}]},{\"@type\":\"WebPage\",\"@id\":\"https:\/\/dev.explora.cl\/aricayparinacota\/certificacion-monitores-region-de-arica-y-parinacota\/\",\"url\":\"https:\/\/dev.explora.cl\/aricayparinacota\/certificacion-monitores-region-de-arica-y-parinacota\/\",\"name\":\"Iniciativa Explora regi\u00f3n de Arica y Parinacota,Certificar\u00e1 a sus Monitores Universitarios 2015 - Arica y Parinacota\",\"isPartOf\":{\"@id\":\"https:\/\/dev.explora.cl\/aricayparinacota\/#website\"},\"primaryImageOfPage\":{\"@id\":\"https:\/\/dev.explora.cl\/aricayparinacota\/certificacion-monitores-region-de-arica-y-parinacota\/#primaryimage\"},\"image\":{\"@id\":\"https:\/\/dev.explora.cl\/aricayparinacota\/certificacion-monitores-region-de-arica-y-parinacota\/#primaryimage\"},\"thumbnailUrl\":\"https:\/\/dev.explora.cl\/aricayparinacota\/wp-content\/uploads\/sites\/2\/2018\/06\/b3ca3356988749d3c81c1470e66b693e.jpg\",\"datePublished\":\"2015-07-24T00:00:00+00:00\",\"dateModified\":\"2019-05-09T21:26:56+00:00\",\"breadcrumb\":{\"@id\":\"https:\/\/dev.explora.cl\/aricayparinacota\/certificacion-monitores-region-de-arica-y-parinacota\/#breadcrumb\"},\"inLanguage\":\"es-CL\",\"potentialAction\":[{\"@type\":\"ReadAction\",\"target\":[\"https:\/\/dev.explora.cl\/aricayparinacota\/certificacion-monitores-region-de-arica-y-parinacota\/\"]}]},{\"@type\":\"ImageObject\",\"inLanguage\":\"es-CL\",\"@id\":\"https:\/\/dev.explora.cl\/aricayparinacota\/certificacion-monitores-region-de-arica-y-parinacota\/#primaryimage\",\"url\":\"https:\/\/dev.explora.cl\/aricayparinacota\/wp-content\/uploads\/sites\/2\/2018\/06\/b3ca3356988749d3c81c1470e66b693e.jpg\",\"contentUrl\":\"https:\/\/dev.explora.cl\/aricayparinacota\/wp-content\/uploads\/sites\/2\/2018\/06\/b3ca3356988749d3c81c1470e66b693e.jpg\",\"width\":4272,\"height\":2848},{\"@type\":\"BreadcrumbList\",\"@id\":\"https:\/\/dev.explora.cl\/aricayparinacota\/certificacion-monitores-region-de-arica-y-parinacota\/#breadcrumb\",\"itemListElement\":[{\"@type\":\"ListItem\",\"position\":1,\"name\":\"Portada\",\"item\":\"https:\/\/dev.explora.cl\/aricayparinacota\/\"},{\"@type\":\"ListItem\",\"position\":2,\"name\":\"Iniciativa Explora regi\u00f3n de Arica y Parinacota,Certificar\u00e1 a sus Monitores Universitarios 2015\"}]},{\"@type\":\"WebSite\",\"@id\":\"https:\/\/dev.explora.cl\/aricayparinacota\/#website\",\"url\":\"https:\/\/dev.explora.cl\/aricayparinacota\/\",\"name\":\"Arica y Parinacota\",\"description\":\"Otro sitio m\u00e1s de dev.explora.cl\",\"publisher\":{\"@id\":\"https:\/\/dev.explora.cl\/aricayparinacota\/#organization\"},\"potentialAction\":[{\"@type\":\"SearchAction\",\"target\":{\"@type\":\"EntryPoint\",\"urlTemplate\":\"https:\/\/dev.explora.cl\/aricayparinacota\/?s={search_term_string}\"},\"query-input\":{\"@type\":\"PropertyValueSpecification\",\"valueRequired\":true,\"valueName\":\"search_term_string\"}}],\"inLanguage\":\"es-CL\"},{\"@type\":\"Organization\",\"@id\":\"https:\/\/dev.explora.cl\/aricayparinacota\/#organization\",\"name\":\"Arica y Parinacota\",\"url\":\"https:\/\/dev.explora.cl\/aricayparinacota\/\",\"logo\":{\"@type\":\"ImageObject\",\"inLanguage\":\"es-CL\",\"@id\":\"https:\/\/dev.explora.cl\/aricayparinacota\/#\/schema\/logo\/image\/\",\"url\":\"https:\/\/dev.explora.cl\/aricayparinacota\/wp-content\/uploads\/sites\/2\/2020\/08\/cropped-nuevosa-logos-11.png\",\"contentUrl\":\"https:\/\/dev.explora.cl\/aricayparinacota\/wp-content\/uploads\/sites\/2\/2020\/08\/cropped-nuevosa-logos-11.png\",\"width\":812,\"height\":937,\"caption\":\"Arica y Parinacota\"},\"image\":{\"@id\":\"https:\/\/dev.explora.cl\/aricayparinacota\/#\/schema\/logo\/image\/\"}},{\"@type\":\"Person\",\"@id\":\"https:\/\/dev.explora.cl\/aricayparinacota\/#\/schema\/person\/cb8349c13ea2d324080adf8480d7ba5d\",\"name\":\"webman\",\"image\":{\"@type\":\"ImageObject\",\"inLanguage\":\"es-CL\",\"@id\":\"https:\/\/dev.explora.cl\/aricayparinacota\/#\/schema\/person\/image\/\",\"url\":\"https:\/\/secure.gravatar.com\/avatar\/eeff3c82f2c02f7177d13663b7e6f890e9a6a0647ce9bb29cae02dcb094c7312?s=96&d=mm&r=g\",\"contentUrl\":\"https:\/\/secure.gravatar.com\/avatar\/eeff3c82f2c02f7177d13663b7e6f890e9a6a0647ce9bb29cae02dcb094c7312?s=96&d=mm&r=g\",\"caption\":\"webman\"},\"url\":\"https:\/\/dev.explora.cl\/aricayparinacota\/author\/webman\/\"}]}<\/script>\n<!-- \/ Yoast SEO plugin. -->","yoast_head_json":{"title":"Iniciativa Explora regi\u00f3n de Arica y Parinacota,Certificar\u00e1 a sus Monitores Universitarios 2015 - Arica y Parinacota","robots":{"index":"index","follow":"follow","max-snippet":"max-snippet:-1","max-image-preview":"max-image-preview:large","max-video-preview":"max-video-preview:-1"},"canonical":"https:\/\/dev.explora.cl\/aricayparinacota\/certificacion-monitores-region-de-arica-y-parinacota\/","og_locale":"es_ES","og_type":"article","og_title":"Iniciativa Explora regi\u00f3n de Arica y Parinacota,Certificar\u00e1 a sus Monitores Universitarios 2015 - Arica y Parinacota","og_description":"Luego de m\u00e1s de 1 mes de&nbsp; capacitaciones y trabajos, casi 30 estudiantes de educaci\u00f3n superior ser\u00e1n parte del programa Explora Arica y Parinacota, trabajando y apoyando en las diversas actividades que se realizar\u00e1n.&nbsp; El pr\u00f3ximo jueves 30 de julio se realizar\u00e1 la \u00faltima jornada preparatoria para los j\u00f3venes universitarios que se transformar\u00e1n en Monitores [&hellip;]","og_url":"https:\/\/dev.explora.cl\/aricayparinacota\/certificacion-monitores-region-de-arica-y-parinacota\/","og_site_name":"Arica y Parinacota","article_published_time":"2015-07-24T00:00:00+00:00","article_modified_time":"2019-05-09T21:26:56+00:00","og_image":[{"width":1024,"height":683,"url":"https:\/\/dev.explora.cl\/aricayparinacota\/wp-content\/uploads\/sites\/2\/2018\/06\/b3ca3356988749d3c81c1470e66b693e-1024x683.jpg","type":"image\/jpeg"}],"author":"webman","twitter_card":"summary_large_image","twitter_misc":{"Escrito por":"webman","Tiempo estimado de lectura":"1 minuto"},"schema":{"@context":"https:\/\/schema.org","@graph":[{"@type":"Article","@id":"https:\/\/dev.explora.cl\/aricayparinacota\/certificacion-monitores-region-de-arica-y-parinacota\/#article","isPartOf":{"@id":"https:\/\/dev.explora.cl\/aricayparinacota\/certificacion-monitores-region-de-arica-y-parinacota\/"},"author":{"name":"webman","@id":"https:\/\/dev.explora.cl\/aricayparinacota\/#\/schema\/person\/cb8349c13ea2d324080adf8480d7ba5d"},"headline":"Iniciativa Explora regi\u00f3n de Arica y Parinacota,Certificar\u00e1 a sus Monitores Universitarios 2015","datePublished":"2015-07-24T00:00:00+00:00","dateModified":"2019-05-09T21:26:56+00:00","mainEntityOfPage":{"@id":"https:\/\/dev.explora.cl\/aricayparinacota\/certificacion-monitores-region-de-arica-y-parinacota\/"},"wordCount":295,"commentCount":0,"publisher":{"@id":"https:\/\/dev.explora.cl\/aricayparinacota\/#organization"},"image":{"@id":"https:\/\/dev.explora.cl\/aricayparinacota\/certificacion-monitores-region-de-arica-y-parinacota\/#primaryimage"},"thumbnailUrl":"https:\/\/dev.explora.cl\/aricayparinacota\/wp-content\/uploads\/sites\/2\/2018\/06\/b3ca3356988749d3c81c1470e66b693e.jpg","articleSection":["Noticias"],"inLanguage":"es-CL","potentialAction":[{"@type":"CommentAction","name":"Comment","target":["https:\/\/dev.explora.cl\/aricayparinacota\/certificacion-monitores-region-de-arica-y-parinacota\/#respond"]}]},{"@type":"WebPage","@id":"https:\/\/dev.explora.cl\/aricayparinacota\/certificacion-monitores-region-de-arica-y-parinacota\/","url":"https:\/\/dev.explora.cl\/aricayparinacota\/certificacion-monitores-region-de-arica-y-parinacota\/","name":"Iniciativa Explora regi\u00f3n de Arica y Parinacota,Certificar\u00e1 a sus Monitores Universitarios 2015 - Arica y Parinacota","isPartOf":{"@id":"https:\/\/dev.explora.cl\/aricayparinacota\/#website"},"primaryImageOfPage":{"@id":"https:\/\/dev.explora.cl\/aricayparinacota\/certificacion-monitores-region-de-arica-y-parinacota\/#primaryimage"},"image":{"@id":"https:\/\/dev.explora.cl\/aricayparinacota\/certificacion-monitores-region-de-arica-y-parinacota\/#primaryimage"},"thumbnailUrl":"https:\/\/dev.explora.cl\/aricayparinacota\/wp-content\/uploads\/sites\/2\/2018\/06\/b3ca3356988749d3c81c1470e66b693e.jpg","datePublished":"2015-07-24T00:00:00+00:00","dateModified":"2019-05-09T21:26:56+00:00","breadcrumb":{"@id":"https:\/\/dev.explora.cl\/aricayparinacota\/certificacion-monitores-region-de-arica-y-parinacota\/#breadcrumb"},"inLanguage":"es-CL","potentialAction":[{"@type":"ReadAction","target":["https:\/\/dev.explora.cl\/aricayparinacota\/certificacion-monitores-region-de-arica-y-parinacota\/"]}]},{"@type":"ImageObject","inLanguage":"es-CL","@id":"https:\/\/dev.explora.cl\/aricayparinacota\/certificacion-monitores-region-de-arica-y-parinacota\/#primaryimage","url":"https:\/\/dev.explora.cl\/aricayparinacota\/wp-content\/uploads\/sites\/2\/2018\/06\/b3ca3356988749d3c81c1470e66b693e.jpg","contentUrl":"https:\/\/dev.explora.cl\/aricayparinacota\/wp-content\/uploads\/sites\/2\/2018\/06\/b3ca3356988749d3c81c1470e66b693e.jpg","width":4272,"height":2848},{"@type":"BreadcrumbList","@id":"https:\/\/dev.explora.cl\/aricayparinacota\/certificacion-monitores-region-de-arica-y-parinacota\/#breadcrumb","itemListElement":[{"@type":"ListItem","position":1,"name":"Portada","item":"https:\/\/dev.explora.cl\/aricayparinacota\/"},{"@type":"ListItem","position":2,"name":"Iniciativa Explora regi\u00f3n de Arica y Parinacota,Certificar\u00e1 a sus Monitores Universitarios 2015"}]},{"@type":"WebSite","@id":"https:\/\/dev.explora.cl\/aricayparinacota\/#website","url":"https:\/\/dev.explora.cl\/aricayparinacota\/","name":"Arica y Parinacota","description":"Otro sitio m\u00e1s de dev.explora.cl","publisher":{"@id":"https:\/\/dev.explora.cl\/aricayparinacota\/#organization"},"potentialAction":[{"@type":"SearchAction","target":{"@type":"EntryPoint","urlTemplate":"https:\/\/dev.explora.cl\/aricayparinacota\/?s={search_term_string}"},"query-input":{"@type":"PropertyValueSpecification","valueRequired":true,"valueName":"search_term_string"}}],"inLanguage":"es-CL"},{"@type":"Organization","@id":"https:\/\/dev.explora.cl\/aricayparinacota\/#organization","name":"Arica y Parinacota","url":"https:\/\/dev.explora.cl\/aricayparinacota\/","logo":{"@type":"ImageObject","inLanguage":"es-CL","@id":"https:\/\/dev.explora.cl\/aricayparinacota\/#\/schema\/logo\/image\/","url":"https:\/\/dev.explora.cl\/aricayparinacota\/wp-content\/uploads\/sites\/2\/2020\/08\/cropped-nuevosa-logos-11.png","contentUrl":"https:\/\/dev.explora.cl\/aricayparinacota\/wp-content\/uploads\/sites\/2\/2020\/08\/cropped-nuevosa-logos-11.png","width":812,"height":937,"caption":"Arica y Parinacota"},"image":{"@id":"https:\/\/dev.explora.cl\/aricayparinacota\/#\/schema\/logo\/image\/"}},{"@type":"Person","@id":"https:\/\/dev.explora.cl\/aricayparinacota\/#\/schema\/person\/cb8349c13ea2d324080adf8480d7ba5d","name":"webman","image":{"@type":"ImageObject","inLanguage":"es-CL","@id":"https:\/\/dev.explora.cl\/aricayparinacota\/#\/schema\/person\/image\/","url":"https:\/\/secure.gravatar.com\/avatar\/eeff3c82f2c02f7177d13663b7e6f890e9a6a0647ce9bb29cae02dcb094c7312?s=96&d=mm&r=g","contentUrl":"https:\/\/secure.gravatar.com\/avatar\/eeff3c82f2c02f7177d13663b7e6f890e9a6a0647ce9bb29cae02dcb094c7312?s=96&d=mm&r=g","caption":"webman"},"url":"https:\/\/dev.explora.cl\/aricayparinacota\/author\/webman\/"}]}},"_links":{"self":[{"href":"https:\/\/dev.explora.cl\/aricayparinacota\/wp-json\/wp\/v2\/posts\/32070","targetHints":{"allow":["GET"]}}],"collection":[{"href":"https:\/\/dev.explora.cl\/aricayparinacota\/wp-json\/wp\/v2\/posts"}],"about":[{"href":"https:\/\/dev.explora.cl\/aricayparinacota\/wp-json\/wp\/v2\/types\/post"}],"author":[{"embeddable":true,"href":"https:\/\/dev.explora.cl\/aricayparinacota\/wp-json\/wp\/v2\/users\/2"}],"replies":[{"embeddable":true,"href":"https:\/\/dev.explora.cl\/aricayparinacota\/wp-json\/wp\/v2\/comments?post=32070"}],"version-history":[{"count":1,"href":"https:\/\/dev.explora.cl\/aricayparinacota\/wp-json\/wp\/v2\/posts\/32070\/revisions"}],"predecessor-version":[{"id":32945,"href":"https:\/\/dev.explora.cl\/aricayparinacota\/wp-json\/wp\/v2\/posts\/32070\/revisions\/32945"}],"wp:featuredmedia":[{"embeddable":true,"href":"https:\/\/dev.explora.cl\/aricayparinacota\/wp-json\/wp\/v2\/media\/32071"}],"wp:attachment":[{"href":"https:\/\/dev.explora.cl\/aricayparinacota\/wp-json\/wp\/v2\/media?parent=32070"}],"wp:term":[{"taxonomy":"category","embeddable":true,"href":"https:\/\/dev.explora.cl\/aricayparinacota\/wp-json\/wp\/v2\/categories?post=32070"},{"taxonomy":"post_tag","embeddable":true,"href":"https:\/\/dev.explora.cl\/aricayparinacota\/wp-json\/wp\/v2\/tags?post=32070"}],"curies":[{"name":"wp","href":"https:\/\/api.w.org\/{rel}","templated":true}]}}