{"id":32068,"date":"2015-07-21T00:00:00","date_gmt":"2015-07-21T00:00:00","guid":{"rendered":"https:\/\/dev.explora.cl\/aricayparinacota\/blog\/2015\/07\/21\/visitas-regional-a-escuelas-de-putre-y-valle-de-camarones\/"},"modified":"2019-05-09T21:27:05","modified_gmt":"2019-05-09T21:27:05","slug":"visitas-regional-a-escuelas-de-putre-y-valle-de-camarones","status":"publish","type":"post","link":"https:\/\/dev.explora.cl\/aricayparinacota\/visitas-regional-a-escuelas-de-putre-y-valle-de-camarones\/","title":{"rendered":"Iniciativa Explora Difunde Actividades 2015 en Establecimientos Escolares de la Comuna de Putre y el Valle de Camarones"},"content":{"rendered":"<p><img loading=\"lazy\" decoding=\"async\" class=\" size-full wp-image-13172\" src=\"http:\/\/ec2-34-218-253-251.us-west-2.compute.amazonaws.com\/wp-content\/uploads\/2015\/07\/1fdd212a0a8a1163c2bf9036309ee175.jpg\" alt=\"\" width=\"4896\" height=\"3672\" \/><\/p>\n<p>&nbsp;<strong>Con el objetivo de seguir motivando la participaci\u00f3n de los estudiantes de la regi\u00f3n en la Semana Nacional de la Ciencia y el Congreso Regional de Ciencia y Tecnolog\u00eda. Explora Conicyt visit\u00f3 establecimientos rurales de diferentes localidades de Arica y Parinacota.<\/strong><\/p>\n<p style=\"text-align: justify\">Continuando con las diversas actividades que buscan anunciar su regreso a la regi\u00f3n, la Iniciativa Explora Conicyt Arica y Parinacota, lleg\u00f3 hasta las localidades de Camarones y Putre para vincular m\u00e1s colegios a las actividades que se desarrollar\u00e1n dentro de la Semana Nacional de la Ciencia y el X Congreso Regional Escolar de Ciencia y Tecnolog\u00eda 2015.<\/p>\n<p style=\"text-align: justify\">Las escuelas Valle de Cuya, Valle de Camarones, Valle de Illapata, Valle de Esqui\u00f1a, Valle de Chitita, Valle de Gua\u00f1acagua y Liceo Valle de Codpa fueron los establecimientos visitados dentro de la comuna de Camarones por la profesora Eliana Belmonte, acad\u00e9mica Directora de Explora en la regi\u00f3n; donde se comparti\u00f3 con los profesores de los colegios quienes se mostraron muy abiertos e interesados en volver a participar de las diferentes instancias que divulgan y valoran el desarrollo cient\u00edfico.<\/p>\n<p style=\"text-align: justify\">Situaci\u00f3n similar ocurri\u00f3 en la comuna de Putre, donde se pudo conversar con maestros y autoridades del Liceo Granaderos donde <span>se entregaron todos los antecedentes para participar en el Congreso Regional de Ciencia, ofreciendo el apoyo y seguimiento de monitores Explora-UTA para potenciar sus proyectos.<\/span><\/p>\n<p style=\"text-align: justify\">Adem\u00e1s, se pudo crear una vinculaci\u00f3n con Conaf donde profesionales de la instituci\u00f3n se comprometieron a respaldar el desarroll\u00f3 de los trabajos cient\u00edficos del Liceo y a realizar actividades dentro de la Semana Nacional de la Ciencia.<\/p>\n<p style=\"text-align: justify\">Lo mismo ocurri\u00f3 con el pueblo de Mallku en el sector Copaquilla (3000 msnm), a fin de programar una actividad en terreno y dar a conocer el Sendero Bot\u00e1nico que construyeron los ni\u00f1os del lugar y en el que se releva la flora nativa local con letreros que llevan el nombre cient\u00edfico.<\/p>\n<p style=\"text-align: justify\">Tras estas visitas, la profesora Eliana Belmonte destac\u00f3 la disposici\u00f3n que tienen estos diferentes actores en ser parte de Explora: \u201cprofesores y estudiantes rurales han sido tradicionalmente muy buenos aliados de las acciones Explora y en esta oportunidad en particular, cada uno de los establecimientos visitados consideraron una participaci\u00f3n efectiva\u201d.<\/p>\n<p style=\"text-align: justify\">Dentro de las ideas de trabajo, algunos estudiantes y profesores tienen propuestas de ciencias sociales respecto de estudios de la lengua Aymara as\u00ed como tambi\u00e9n, el desarrollo de actividades experimentales relativas a flores y frutos nativos en ciencias naturales y tecnolog\u00eda.<\/p>\n<p style=\"text-align: justify\">Para ser parte del X Congreso Regional Escolar de Ciencia y Tecnolog\u00eda 2015, los profesores y estudiantes interesados s\u00f3lo deben ingresar a <a href=\"aricayparinacota\">EXPLORA Arica y Parinacota<\/a>&nbsp;y descargar las bases y formularios, los cuales ser\u00e1n recepcionados hasta el 01 de septiembre de este a\u00f1o.&nbsp;<\/p>\n<p style=\"text-align: justify\"><span style=\"text-align: justify\">&nbsp;<\/span><\/p>\n<p style=\"text-align: justify\"><span style=\"text-align: justify\">Por Marcela Per\u00e9z Sep\u00falveda<\/span><\/p>\n<p>&nbsp;<\/p>\n","protected":false},"excerpt":{"rendered":"<p>&nbsp;Con el objetivo de seguir motivando la participaci\u00f3n de los estudiantes de la regi\u00f3n en la Semana Nacional de la Ciencia y el Congreso Regional de Ciencia y Tecnolog\u00eda. Explora Conicyt visit\u00f3 establecimientos rurales de diferentes localidades de Arica y Parinacota. Continuando con las diversas actividades que buscan anunciar su regreso a la regi\u00f3n, la [&hellip;]<\/p>\n","protected":false},"author":2,"featured_media":32069,"comment_status":"open","ping_status":"open","sticky":false,"template":"","format":"standard","meta":{"_acf_changed":false,"_exactmetrics_skip_tracking":false,"_exactmetrics_sitenote_active":false,"_exactmetrics_sitenote_note":"","_exactmetrics_sitenote_category":0,"footnotes":"","_links_to":"","_links_to_target":""},"categories":[4],"tags":[103],"class_list":["post-32068","post","type-post","status-publish","format-standard","has-post-thumbnail","hentry","category-noticias","tag-norte"],"acf":[],"yoast_head":"<!-- This site is optimized with the Yoast SEO plugin v26.7 - https:\/\/yoast.com\/wordpress\/plugins\/seo\/ -->\n<title>Iniciativa Explora Difunde Actividades 2015 en Establecimientos Escolares de la Comuna de Putre y el Valle de Camarones - Arica y Parinacota<\/title>\n<meta name=\"robots\" content=\"index, follow, max-snippet:-1, max-image-preview:large, max-video-preview:-1\" \/>\n<link rel=\"canonical\" href=\"https:\/\/dev.explora.cl\/aricayparinacota\/visitas-regional-a-escuelas-de-putre-y-valle-de-camarones\/\" class=\"yoast-seo-meta-tag\" \/>\n<meta property=\"og:locale\" content=\"es_ES\" class=\"yoast-seo-meta-tag\" \/>\n<meta property=\"og:type\" content=\"article\" class=\"yoast-seo-meta-tag\" \/>\n<meta property=\"og:title\" content=\"Iniciativa Explora Difunde Actividades 2015 en Establecimientos Escolares de la Comuna de Putre y el Valle de Camarones - Arica y Parinacota\" class=\"yoast-seo-meta-tag\" \/>\n<meta property=\"og:description\" content=\"&nbsp;Con el objetivo de seguir motivando la participaci\u00f3n de los estudiantes de la regi\u00f3n en la Semana Nacional de la Ciencia y el Congreso Regional de Ciencia y Tecnolog\u00eda. Explora Conicyt visit\u00f3 establecimientos rurales de diferentes localidades de Arica y Parinacota. Continuando con las diversas actividades que buscan anunciar su regreso a la regi\u00f3n, la [&hellip;]\" class=\"yoast-seo-meta-tag\" \/>\n<meta property=\"og:url\" content=\"https:\/\/dev.explora.cl\/aricayparinacota\/visitas-regional-a-escuelas-de-putre-y-valle-de-camarones\/\" class=\"yoast-seo-meta-tag\" \/>\n<meta property=\"og:site_name\" content=\"Arica y Parinacota\" class=\"yoast-seo-meta-tag\" \/>\n<meta property=\"article:published_time\" content=\"2015-07-21T00:00:00+00:00\" class=\"yoast-seo-meta-tag\" \/>\n<meta property=\"article:modified_time\" content=\"2019-05-09T21:27:05+00:00\" class=\"yoast-seo-meta-tag\" \/>\n<meta property=\"og:image\" content=\"https:\/\/dev.explora.cl\/aricayparinacota\/wp-content\/uploads\/sites\/2\/2018\/06\/1fdd212a0a8a1163c2bf9036309ee175-1024x768.jpg\" class=\"yoast-seo-meta-tag\" \/>\n\t<meta property=\"og:image:width\" content=\"1024\" class=\"yoast-seo-meta-tag\" \/>\n\t<meta property=\"og:image:height\" content=\"768\" class=\"yoast-seo-meta-tag\" \/>\n\t<meta property=\"og:image:type\" content=\"image\/jpeg\" class=\"yoast-seo-meta-tag\" \/>\n<meta name=\"author\" content=\"webman\" class=\"yoast-seo-meta-tag\" \/>\n<meta name=\"twitter:card\" content=\"summary_large_image\" class=\"yoast-seo-meta-tag\" \/>\n<meta name=\"twitter:label1\" content=\"Escrito por\" class=\"yoast-seo-meta-tag\" \/>\n\t<meta name=\"twitter:data1\" content=\"webman\" class=\"yoast-seo-meta-tag\" \/>\n\t<meta name=\"twitter:label2\" content=\"Tiempo estimado de lectura\" class=\"yoast-seo-meta-tag\" \/>\n\t<meta name=\"twitter:data2\" content=\"2 minutos\" class=\"yoast-seo-meta-tag\" \/>\n<script type=\"application\/ld+json\" class=\"yoast-schema-graph\">{\"@context\":\"https:\/\/schema.org\",\"@graph\":[{\"@type\":\"Article\",\"@id\":\"https:\/\/dev.explora.cl\/aricayparinacota\/visitas-regional-a-escuelas-de-putre-y-valle-de-camarones\/#article\",\"isPartOf\":{\"@id\":\"https:\/\/dev.explora.cl\/aricayparinacota\/visitas-regional-a-escuelas-de-putre-y-valle-de-camarones\/\"},\"author\":{\"name\":\"webman\",\"@id\":\"https:\/\/dev.explora.cl\/aricayparinacota\/#\/schema\/person\/cb8349c13ea2d324080adf8480d7ba5d\"},\"headline\":\"Iniciativa Explora Difunde Actividades 2015 en Establecimientos Escolares de la Comuna de Putre y el Valle de Camarones\",\"datePublished\":\"2015-07-21T00:00:00+00:00\",\"dateModified\":\"2019-05-09T21:27:05+00:00\",\"mainEntityOfPage\":{\"@id\":\"https:\/\/dev.explora.cl\/aricayparinacota\/visitas-regional-a-escuelas-de-putre-y-valle-de-camarones\/\"},\"wordCount\":497,\"commentCount\":0,\"publisher\":{\"@id\":\"https:\/\/dev.explora.cl\/aricayparinacota\/#organization\"},\"image\":{\"@id\":\"https:\/\/dev.explora.cl\/aricayparinacota\/visitas-regional-a-escuelas-de-putre-y-valle-de-camarones\/#primaryimage\"},\"thumbnailUrl\":\"https:\/\/dev.explora.cl\/aricayparinacota\/wp-content\/uploads\/sites\/2\/2018\/06\/1fdd212a0a8a1163c2bf9036309ee175.jpg\",\"keywords\":[\"Norte\"],\"articleSection\":[\"Noticias\"],\"inLanguage\":\"es-CL\",\"potentialAction\":[{\"@type\":\"CommentAction\",\"name\":\"Comment\",\"target\":[\"https:\/\/dev.explora.cl\/aricayparinacota\/visitas-regional-a-escuelas-de-putre-y-valle-de-camarones\/#respond\"]}]},{\"@type\":\"WebPage\",\"@id\":\"https:\/\/dev.explora.cl\/aricayparinacota\/visitas-regional-a-escuelas-de-putre-y-valle-de-camarones\/\",\"url\":\"https:\/\/dev.explora.cl\/aricayparinacota\/visitas-regional-a-escuelas-de-putre-y-valle-de-camarones\/\",\"name\":\"Iniciativa Explora Difunde Actividades 2015 en Establecimientos Escolares de la Comuna de Putre y el Valle de Camarones - Arica y Parinacota\",\"isPartOf\":{\"@id\":\"https:\/\/dev.explora.cl\/aricayparinacota\/#website\"},\"primaryImageOfPage\":{\"@id\":\"https:\/\/dev.explora.cl\/aricayparinacota\/visitas-regional-a-escuelas-de-putre-y-valle-de-camarones\/#primaryimage\"},\"image\":{\"@id\":\"https:\/\/dev.explora.cl\/aricayparinacota\/visitas-regional-a-escuelas-de-putre-y-valle-de-camarones\/#primaryimage\"},\"thumbnailUrl\":\"https:\/\/dev.explora.cl\/aricayparinacota\/wp-content\/uploads\/sites\/2\/2018\/06\/1fdd212a0a8a1163c2bf9036309ee175.jpg\",\"datePublished\":\"2015-07-21T00:00:00+00:00\",\"dateModified\":\"2019-05-09T21:27:05+00:00\",\"breadcrumb\":{\"@id\":\"https:\/\/dev.explora.cl\/aricayparinacota\/visitas-regional-a-escuelas-de-putre-y-valle-de-camarones\/#breadcrumb\"},\"inLanguage\":\"es-CL\",\"potentialAction\":[{\"@type\":\"ReadAction\",\"target\":[\"https:\/\/dev.explora.cl\/aricayparinacota\/visitas-regional-a-escuelas-de-putre-y-valle-de-camarones\/\"]}]},{\"@type\":\"ImageObject\",\"inLanguage\":\"es-CL\",\"@id\":\"https:\/\/dev.explora.cl\/aricayparinacota\/visitas-regional-a-escuelas-de-putre-y-valle-de-camarones\/#primaryimage\",\"url\":\"https:\/\/dev.explora.cl\/aricayparinacota\/wp-content\/uploads\/sites\/2\/2018\/06\/1fdd212a0a8a1163c2bf9036309ee175.jpg\",\"contentUrl\":\"https:\/\/dev.explora.cl\/aricayparinacota\/wp-content\/uploads\/sites\/2\/2018\/06\/1fdd212a0a8a1163c2bf9036309ee175.jpg\",\"width\":4896,\"height\":3672},{\"@type\":\"BreadcrumbList\",\"@id\":\"https:\/\/dev.explora.cl\/aricayparinacota\/visitas-regional-a-escuelas-de-putre-y-valle-de-camarones\/#breadcrumb\",\"itemListElement\":[{\"@type\":\"ListItem\",\"position\":1,\"name\":\"Portada\",\"item\":\"https:\/\/dev.explora.cl\/aricayparinacota\/\"},{\"@type\":\"ListItem\",\"position\":2,\"name\":\"Iniciativa Explora Difunde Actividades 2015 en Establecimientos Escolares de la Comuna de Putre y el Valle de Camarones\"}]},{\"@type\":\"WebSite\",\"@id\":\"https:\/\/dev.explora.cl\/aricayparinacota\/#website\",\"url\":\"https:\/\/dev.explora.cl\/aricayparinacota\/\",\"name\":\"Arica y Parinacota\",\"description\":\"Otro sitio m\u00e1s de dev.explora.cl\",\"publisher\":{\"@id\":\"https:\/\/dev.explora.cl\/aricayparinacota\/#organization\"},\"potentialAction\":[{\"@type\":\"SearchAction\",\"target\":{\"@type\":\"EntryPoint\",\"urlTemplate\":\"https:\/\/dev.explora.cl\/aricayparinacota\/?s={search_term_string}\"},\"query-input\":{\"@type\":\"PropertyValueSpecification\",\"valueRequired\":true,\"valueName\":\"search_term_string\"}}],\"inLanguage\":\"es-CL\"},{\"@type\":\"Organization\",\"@id\":\"https:\/\/dev.explora.cl\/aricayparinacota\/#organization\",\"name\":\"Arica y Parinacota\",\"url\":\"https:\/\/dev.explora.cl\/aricayparinacota\/\",\"logo\":{\"@type\":\"ImageObject\",\"inLanguage\":\"es-CL\",\"@id\":\"https:\/\/dev.explora.cl\/aricayparinacota\/#\/schema\/logo\/image\/\",\"url\":\"https:\/\/dev.explora.cl\/aricayparinacota\/wp-content\/uploads\/sites\/2\/2020\/08\/cropped-nuevosa-logos-11.png\",\"contentUrl\":\"https:\/\/dev.explora.cl\/aricayparinacota\/wp-content\/uploads\/sites\/2\/2020\/08\/cropped-nuevosa-logos-11.png\",\"width\":812,\"height\":937,\"caption\":\"Arica y Parinacota\"},\"image\":{\"@id\":\"https:\/\/dev.explora.cl\/aricayparinacota\/#\/schema\/logo\/image\/\"}},{\"@type\":\"Person\",\"@id\":\"https:\/\/dev.explora.cl\/aricayparinacota\/#\/schema\/person\/cb8349c13ea2d324080adf8480d7ba5d\",\"name\":\"webman\",\"image\":{\"@type\":\"ImageObject\",\"inLanguage\":\"es-CL\",\"@id\":\"https:\/\/dev.explora.cl\/aricayparinacota\/#\/schema\/person\/image\/\",\"url\":\"https:\/\/secure.gravatar.com\/avatar\/eeff3c82f2c02f7177d13663b7e6f890e9a6a0647ce9bb29cae02dcb094c7312?s=96&d=mm&r=g\",\"contentUrl\":\"https:\/\/secure.gravatar.com\/avatar\/eeff3c82f2c02f7177d13663b7e6f890e9a6a0647ce9bb29cae02dcb094c7312?s=96&d=mm&r=g\",\"caption\":\"webman\"},\"url\":\"https:\/\/dev.explora.cl\/aricayparinacota\/author\/webman\/\"}]}<\/script>\n<!-- \/ Yoast SEO plugin. -->","yoast_head_json":{"title":"Iniciativa Explora Difunde Actividades 2015 en Establecimientos Escolares de la Comuna de Putre y el Valle de Camarones - Arica y Parinacota","robots":{"index":"index","follow":"follow","max-snippet":"max-snippet:-1","max-image-preview":"max-image-preview:large","max-video-preview":"max-video-preview:-1"},"canonical":"https:\/\/dev.explora.cl\/aricayparinacota\/visitas-regional-a-escuelas-de-putre-y-valle-de-camarones\/","og_locale":"es_ES","og_type":"article","og_title":"Iniciativa Explora Difunde Actividades 2015 en Establecimientos Escolares de la Comuna de Putre y el Valle de Camarones - Arica y Parinacota","og_description":"&nbsp;Con el objetivo de seguir motivando la participaci\u00f3n de los estudiantes de la regi\u00f3n en la Semana Nacional de la Ciencia y el Congreso Regional de Ciencia y Tecnolog\u00eda. Explora Conicyt visit\u00f3 establecimientos rurales de diferentes localidades de Arica y Parinacota. Continuando con las diversas actividades que buscan anunciar su regreso a la regi\u00f3n, la [&hellip;]","og_url":"https:\/\/dev.explora.cl\/aricayparinacota\/visitas-regional-a-escuelas-de-putre-y-valle-de-camarones\/","og_site_name":"Arica y Parinacota","article_published_time":"2015-07-21T00:00:00+00:00","article_modified_time":"2019-05-09T21:27:05+00:00","og_image":[{"width":1024,"height":768,"url":"https:\/\/dev.explora.cl\/aricayparinacota\/wp-content\/uploads\/sites\/2\/2018\/06\/1fdd212a0a8a1163c2bf9036309ee175-1024x768.jpg","type":"image\/jpeg"}],"author":"webman","twitter_card":"summary_large_image","twitter_misc":{"Escrito por":"webman","Tiempo estimado de lectura":"2 minutos"},"schema":{"@context":"https:\/\/schema.org","@graph":[{"@type":"Article","@id":"https:\/\/dev.explora.cl\/aricayparinacota\/visitas-regional-a-escuelas-de-putre-y-valle-de-camarones\/#article","isPartOf":{"@id":"https:\/\/dev.explora.cl\/aricayparinacota\/visitas-regional-a-escuelas-de-putre-y-valle-de-camarones\/"},"author":{"name":"webman","@id":"https:\/\/dev.explora.cl\/aricayparinacota\/#\/schema\/person\/cb8349c13ea2d324080adf8480d7ba5d"},"headline":"Iniciativa Explora Difunde Actividades 2015 en Establecimientos Escolares de la Comuna de Putre y el Valle de Camarones","datePublished":"2015-07-21T00:00:00+00:00","dateModified":"2019-05-09T21:27:05+00:00","mainEntityOfPage":{"@id":"https:\/\/dev.explora.cl\/aricayparinacota\/visitas-regional-a-escuelas-de-putre-y-valle-de-camarones\/"},"wordCount":497,"commentCount":0,"publisher":{"@id":"https:\/\/dev.explora.cl\/aricayparinacota\/#organization"},"image":{"@id":"https:\/\/dev.explora.cl\/aricayparinacota\/visitas-regional-a-escuelas-de-putre-y-valle-de-camarones\/#primaryimage"},"thumbnailUrl":"https:\/\/dev.explora.cl\/aricayparinacota\/wp-content\/uploads\/sites\/2\/2018\/06\/1fdd212a0a8a1163c2bf9036309ee175.jpg","keywords":["Norte"],"articleSection":["Noticias"],"inLanguage":"es-CL","potentialAction":[{"@type":"CommentAction","name":"Comment","target":["https:\/\/dev.explora.cl\/aricayparinacota\/visitas-regional-a-escuelas-de-putre-y-valle-de-camarones\/#respond"]}]},{"@type":"WebPage","@id":"https:\/\/dev.explora.cl\/aricayparinacota\/visitas-regional-a-escuelas-de-putre-y-valle-de-camarones\/","url":"https:\/\/dev.explora.cl\/aricayparinacota\/visitas-regional-a-escuelas-de-putre-y-valle-de-camarones\/","name":"Iniciativa Explora Difunde Actividades 2015 en Establecimientos Escolares de la Comuna de Putre y el Valle de Camarones - Arica y Parinacota","isPartOf":{"@id":"https:\/\/dev.explora.cl\/aricayparinacota\/#website"},"primaryImageOfPage":{"@id":"https:\/\/dev.explora.cl\/aricayparinacota\/visitas-regional-a-escuelas-de-putre-y-valle-de-camarones\/#primaryimage"},"image":{"@id":"https:\/\/dev.explora.cl\/aricayparinacota\/visitas-regional-a-escuelas-de-putre-y-valle-de-camarones\/#primaryimage"},"thumbnailUrl":"https:\/\/dev.explora.cl\/aricayparinacota\/wp-content\/uploads\/sites\/2\/2018\/06\/1fdd212a0a8a1163c2bf9036309ee175.jpg","datePublished":"2015-07-21T00:00:00+00:00","dateModified":"2019-05-09T21:27:05+00:00","breadcrumb":{"@id":"https:\/\/dev.explora.cl\/aricayparinacota\/visitas-regional-a-escuelas-de-putre-y-valle-de-camarones\/#breadcrumb"},"inLanguage":"es-CL","potentialAction":[{"@type":"ReadAction","target":["https:\/\/dev.explora.cl\/aricayparinacota\/visitas-regional-a-escuelas-de-putre-y-valle-de-camarones\/"]}]},{"@type":"ImageObject","inLanguage":"es-CL","@id":"https:\/\/dev.explora.cl\/aricayparinacota\/visitas-regional-a-escuelas-de-putre-y-valle-de-camarones\/#primaryimage","url":"https:\/\/dev.explora.cl\/aricayparinacota\/wp-content\/uploads\/sites\/2\/2018\/06\/1fdd212a0a8a1163c2bf9036309ee175.jpg","contentUrl":"https:\/\/dev.explora.cl\/aricayparinacota\/wp-content\/uploads\/sites\/2\/2018\/06\/1fdd212a0a8a1163c2bf9036309ee175.jpg","width":4896,"height":3672},{"@type":"BreadcrumbList","@id":"https:\/\/dev.explora.cl\/aricayparinacota\/visitas-regional-a-escuelas-de-putre-y-valle-de-camarones\/#breadcrumb","itemListElement":[{"@type":"ListItem","position":1,"name":"Portada","item":"https:\/\/dev.explora.cl\/aricayparinacota\/"},{"@type":"ListItem","position":2,"name":"Iniciativa Explora Difunde Actividades 2015 en Establecimientos Escolares de la Comuna de Putre y el Valle de Camarones"}]},{"@type":"WebSite","@id":"https:\/\/dev.explora.cl\/aricayparinacota\/#website","url":"https:\/\/dev.explora.cl\/aricayparinacota\/","name":"Arica y Parinacota","description":"Otro sitio m\u00e1s de dev.explora.cl","publisher":{"@id":"https:\/\/dev.explora.cl\/aricayparinacota\/#organization"},"potentialAction":[{"@type":"SearchAction","target":{"@type":"EntryPoint","urlTemplate":"https:\/\/dev.explora.cl\/aricayparinacota\/?s={search_term_string}"},"query-input":{"@type":"PropertyValueSpecification","valueRequired":true,"valueName":"search_term_string"}}],"inLanguage":"es-CL"},{"@type":"Organization","@id":"https:\/\/dev.explora.cl\/aricayparinacota\/#organization","name":"Arica y Parinacota","url":"https:\/\/dev.explora.cl\/aricayparinacota\/","logo":{"@type":"ImageObject","inLanguage":"es-CL","@id":"https:\/\/dev.explora.cl\/aricayparinacota\/#\/schema\/logo\/image\/","url":"https:\/\/dev.explora.cl\/aricayparinacota\/wp-content\/uploads\/sites\/2\/2020\/08\/cropped-nuevosa-logos-11.png","contentUrl":"https:\/\/dev.explora.cl\/aricayparinacota\/wp-content\/uploads\/sites\/2\/2020\/08\/cropped-nuevosa-logos-11.png","width":812,"height":937,"caption":"Arica y Parinacota"},"image":{"@id":"https:\/\/dev.explora.cl\/aricayparinacota\/#\/schema\/logo\/image\/"}},{"@type":"Person","@id":"https:\/\/dev.explora.cl\/aricayparinacota\/#\/schema\/person\/cb8349c13ea2d324080adf8480d7ba5d","name":"webman","image":{"@type":"ImageObject","inLanguage":"es-CL","@id":"https:\/\/dev.explora.cl\/aricayparinacota\/#\/schema\/person\/image\/","url":"https:\/\/secure.gravatar.com\/avatar\/eeff3c82f2c02f7177d13663b7e6f890e9a6a0647ce9bb29cae02dcb094c7312?s=96&d=mm&r=g","contentUrl":"https:\/\/secure.gravatar.com\/avatar\/eeff3c82f2c02f7177d13663b7e6f890e9a6a0647ce9bb29cae02dcb094c7312?s=96&d=mm&r=g","caption":"webman"},"url":"https:\/\/dev.explora.cl\/aricayparinacota\/author\/webman\/"}]}},"_links":{"self":[{"href":"https:\/\/dev.explora.cl\/aricayparinacota\/wp-json\/wp\/v2\/posts\/32068","targetHints":{"allow":["GET"]}}],"collection":[{"href":"https:\/\/dev.explora.cl\/aricayparinacota\/wp-json\/wp\/v2\/posts"}],"about":[{"href":"https:\/\/dev.explora.cl\/aricayparinacota\/wp-json\/wp\/v2\/types\/post"}],"author":[{"embeddable":true,"href":"https:\/\/dev.explora.cl\/aricayparinacota\/wp-json\/wp\/v2\/users\/2"}],"replies":[{"embeddable":true,"href":"https:\/\/dev.explora.cl\/aricayparinacota\/wp-json\/wp\/v2\/comments?post=32068"}],"version-history":[{"count":1,"href":"https:\/\/dev.explora.cl\/aricayparinacota\/wp-json\/wp\/v2\/posts\/32068\/revisions"}],"predecessor-version":[{"id":32946,"href":"https:\/\/dev.explora.cl\/aricayparinacota\/wp-json\/wp\/v2\/posts\/32068\/revisions\/32946"}],"wp:featuredmedia":[{"embeddable":true,"href":"https:\/\/dev.explora.cl\/aricayparinacota\/wp-json\/wp\/v2\/media\/32069"}],"wp:attachment":[{"href":"https:\/\/dev.explora.cl\/aricayparinacota\/wp-json\/wp\/v2\/media?parent=32068"}],"wp:term":[{"taxonomy":"category","embeddable":true,"href":"https:\/\/dev.explora.cl\/aricayparinacota\/wp-json\/wp\/v2\/categories?post=32068"},{"taxonomy":"post_tag","embeddable":true,"href":"https:\/\/dev.explora.cl\/aricayparinacota\/wp-json\/wp\/v2\/tags?post=32068"}],"curies":[{"name":"wp","href":"https:\/\/api.w.org\/{rel}","templated":true}]}}