{"id":32061,"date":"2015-07-01T00:00:00","date_gmt":"2015-07-01T00:00:00","guid":{"rendered":"https:\/\/dev.explora.cl\/aricayparinacota\/blog\/2015\/07\/01\/entrega-de-revista-chile-tiene-su-ciencia-region-de-arica-y-parinacota\/"},"modified":"2019-05-09T21:27:29","modified_gmt":"2019-05-09T21:27:29","slug":"entrega-de-revista-chile-tiene-su-ciencia-region-de-arica-y-parinacota","status":"publish","type":"post","link":"https:\/\/dev.explora.cl\/aricayparinacota\/entrega-de-revista-chile-tiene-su-ciencia-region-de-arica-y-parinacota\/","title":{"rendered":"Explora regi\u00f3n de Arica y Parinacota entrega revista &quot;Chile Tiene su Ciencia&quot;"},"content":{"rendered":"<p><img loading=\"lazy\" decoding=\"async\" class=\" size-full wp-image-12707\" src=\"http:\/\/ec2-34-218-253-251.us-west-2.compute.amazonaws.com\/wp-content\/uploads\/2015\/07\/f8105376cf5755840c470ee55123426d.jpg\" alt=\"\" width=\"4272\" height=\"2848\" \/><\/p>\n<p>&nbsp;En diversos eventos regionales el programa Explora Arica y Parinacota ha entregado la primera edici\u00f3n 2015 de la revista Chile Tiene su Ciencia, \u201cTecnolog\u00eda a Rayos: Los Nuevos Caminos de la Luz\u201d, relacionada con el lema nacional \u201cConocer Ilumina, a\u00f1o Internacional de la Luz\u201d.<\/p>\n<p style=\"text-align: justify\">Maestros, autoridades, acad\u00e9micos y estudiantes universitarios han obtenido el n\u00ba 4 de esta revista que describe estudios relacionados con la luz desde diferentes enfoques como: los nuevos usos de la para mejorar la salud, una vista desde la literatura, los problemas que causa la iluminaci\u00f3n artificial en los animales, entre otros.<\/p>\n<p style=\"text-align: justify\">Disponible en formato digital en:&nbsp;<\/p>\n<p style=\"text-align: justify\"><a href=\"http:\/\/issuu.com\/exploraconicyt\/docs\/revista_ciencia_explora_4\">http:\/\/issuu.com\/exploraconicyt\/docs\/revista_ciencia_explora_4<\/a><\/p>\n<p style=\"text-align: justify\">&nbsp;Y revisa nuestra galer\u00eda con los asistentes a la Inauguraci\u00f3n Explora Regi\u00f3n Arica y Parinacota, que recibieron la revista, en el siguiente link:&nbsp;<\/p>\n<p style=\"text-align: justify\"><a href=\"https:\/\/flic.kr\/s\/aHskeJP2NS\">https:\/\/flic.kr\/s\/aHskeJP2NS<\/a><\/p>\n<p style=\"text-align: justify\">&nbsp;por Marcela Per\u00e9z Sep\u00falveda<\/p>\n<p>&nbsp;<\/p>\n","protected":false},"excerpt":{"rendered":"<p>&nbsp;En diversos eventos regionales el programa Explora Arica y Parinacota ha entregado la primera edici\u00f3n 2015 de la revista Chile Tiene su Ciencia, \u201cTecnolog\u00eda a Rayos: Los Nuevos Caminos de la Luz\u201d, relacionada con el lema nacional \u201cConocer Ilumina, a\u00f1o Internacional de la Luz\u201d. Maestros, autoridades, acad\u00e9micos y estudiantes universitarios han obtenido el n\u00ba 4 [&hellip;]<\/p>\n","protected":false},"author":2,"featured_media":32062,"comment_status":"open","ping_status":"open","sticky":false,"template":"","format":"standard","meta":{"_acf_changed":false,"_exactmetrics_skip_tracking":false,"_exactmetrics_sitenote_active":false,"_exactmetrics_sitenote_note":"","_exactmetrics_sitenote_category":0,"footnotes":"","_links_to":"","_links_to_target":""},"categories":[4],"tags":[107,108,103,68],"class_list":["post-32061","post","type-post","status-publish","format-standard","has-post-thumbnail","hentry","category-noticias","tag-ciencia","tag-ciencias-sociales","tag-norte","tag-programa-explora"],"acf":[],"yoast_head":"<!-- This site is optimized with the Yoast SEO plugin v26.7 - https:\/\/yoast.com\/wordpress\/plugins\/seo\/ -->\n<title>Explora regi\u00f3n de Arica y Parinacota entrega revista &quot;Chile Tiene su Ciencia&quot; - Arica y Parinacota<\/title>\n<meta name=\"robots\" content=\"index, follow, max-snippet:-1, max-image-preview:large, max-video-preview:-1\" \/>\n<link rel=\"canonical\" href=\"https:\/\/dev.explora.cl\/aricayparinacota\/entrega-de-revista-chile-tiene-su-ciencia-region-de-arica-y-parinacota\/\" class=\"yoast-seo-meta-tag\" \/>\n<meta property=\"og:locale\" content=\"es_ES\" class=\"yoast-seo-meta-tag\" \/>\n<meta property=\"og:type\" content=\"article\" class=\"yoast-seo-meta-tag\" \/>\n<meta property=\"og:title\" content=\"Explora regi\u00f3n de Arica y Parinacota entrega revista &quot;Chile Tiene su Ciencia&quot; - Arica y Parinacota\" class=\"yoast-seo-meta-tag\" \/>\n<meta property=\"og:description\" content=\"&nbsp;En diversos eventos regionales el programa Explora Arica y Parinacota ha entregado la primera edici\u00f3n 2015 de la revista Chile Tiene su Ciencia, \u201cTecnolog\u00eda a Rayos: Los Nuevos Caminos de la Luz\u201d, relacionada con el lema nacional \u201cConocer Ilumina, a\u00f1o Internacional de la Luz\u201d. Maestros, autoridades, acad\u00e9micos y estudiantes universitarios han obtenido el n\u00ba 4 [&hellip;]\" class=\"yoast-seo-meta-tag\" \/>\n<meta property=\"og:url\" content=\"https:\/\/dev.explora.cl\/aricayparinacota\/entrega-de-revista-chile-tiene-su-ciencia-region-de-arica-y-parinacota\/\" class=\"yoast-seo-meta-tag\" \/>\n<meta property=\"og:site_name\" content=\"Arica y Parinacota\" class=\"yoast-seo-meta-tag\" \/>\n<meta property=\"article:published_time\" content=\"2015-07-01T00:00:00+00:00\" class=\"yoast-seo-meta-tag\" \/>\n<meta property=\"article:modified_time\" content=\"2019-05-09T21:27:29+00:00\" class=\"yoast-seo-meta-tag\" \/>\n<meta property=\"og:image\" content=\"https:\/\/dev.explora.cl\/aricayparinacota\/wp-content\/uploads\/sites\/2\/2018\/06\/f8105376cf5755840c470ee55123426d-1024x683.jpg\" class=\"yoast-seo-meta-tag\" \/>\n\t<meta property=\"og:image:width\" content=\"1024\" class=\"yoast-seo-meta-tag\" \/>\n\t<meta property=\"og:image:height\" content=\"683\" class=\"yoast-seo-meta-tag\" \/>\n\t<meta property=\"og:image:type\" content=\"image\/jpeg\" class=\"yoast-seo-meta-tag\" \/>\n<meta name=\"author\" content=\"webman\" class=\"yoast-seo-meta-tag\" \/>\n<meta name=\"twitter:card\" content=\"summary_large_image\" class=\"yoast-seo-meta-tag\" \/>\n<meta name=\"twitter:label1\" content=\"Escrito por\" class=\"yoast-seo-meta-tag\" \/>\n\t<meta name=\"twitter:data1\" content=\"webman\" class=\"yoast-seo-meta-tag\" \/>\n\t<meta name=\"twitter:label2\" content=\"Tiempo estimado de lectura\" class=\"yoast-seo-meta-tag\" \/>\n\t<meta name=\"twitter:data2\" content=\"1 minuto\" class=\"yoast-seo-meta-tag\" \/>\n<script type=\"application\/ld+json\" class=\"yoast-schema-graph\">{\"@context\":\"https:\/\/schema.org\",\"@graph\":[{\"@type\":\"Article\",\"@id\":\"https:\/\/dev.explora.cl\/aricayparinacota\/entrega-de-revista-chile-tiene-su-ciencia-region-de-arica-y-parinacota\/#article\",\"isPartOf\":{\"@id\":\"https:\/\/dev.explora.cl\/aricayparinacota\/entrega-de-revista-chile-tiene-su-ciencia-region-de-arica-y-parinacota\/\"},\"author\":{\"name\":\"webman\",\"@id\":\"https:\/\/dev.explora.cl\/aricayparinacota\/#\/schema\/person\/cb8349c13ea2d324080adf8480d7ba5d\"},\"headline\":\"Explora regi\u00f3n de Arica y Parinacota entrega revista &quot;Chile Tiene su Ciencia&quot;\",\"datePublished\":\"2015-07-01T00:00:00+00:00\",\"dateModified\":\"2019-05-09T21:27:29+00:00\",\"mainEntityOfPage\":{\"@id\":\"https:\/\/dev.explora.cl\/aricayparinacota\/entrega-de-revista-chile-tiene-su-ciencia-region-de-arica-y-parinacota\/\"},\"wordCount\":170,\"commentCount\":0,\"publisher\":{\"@id\":\"https:\/\/dev.explora.cl\/aricayparinacota\/#organization\"},\"image\":{\"@id\":\"https:\/\/dev.explora.cl\/aricayparinacota\/entrega-de-revista-chile-tiene-su-ciencia-region-de-arica-y-parinacota\/#primaryimage\"},\"thumbnailUrl\":\"https:\/\/dev.explora.cl\/aricayparinacota\/wp-content\/uploads\/sites\/2\/2018\/06\/f8105376cf5755840c470ee55123426d.jpg\",\"keywords\":[\"ciencia\",\"Ciencias Sociales\",\"Norte\",\"programa EXPLORA\"],\"articleSection\":[\"Noticias\"],\"inLanguage\":\"es-CL\",\"potentialAction\":[{\"@type\":\"CommentAction\",\"name\":\"Comment\",\"target\":[\"https:\/\/dev.explora.cl\/aricayparinacota\/entrega-de-revista-chile-tiene-su-ciencia-region-de-arica-y-parinacota\/#respond\"]}]},{\"@type\":\"WebPage\",\"@id\":\"https:\/\/dev.explora.cl\/aricayparinacota\/entrega-de-revista-chile-tiene-su-ciencia-region-de-arica-y-parinacota\/\",\"url\":\"https:\/\/dev.explora.cl\/aricayparinacota\/entrega-de-revista-chile-tiene-su-ciencia-region-de-arica-y-parinacota\/\",\"name\":\"Explora regi\u00f3n de Arica y Parinacota entrega revista &quot;Chile Tiene su Ciencia&quot; - Arica y Parinacota\",\"isPartOf\":{\"@id\":\"https:\/\/dev.explora.cl\/aricayparinacota\/#website\"},\"primaryImageOfPage\":{\"@id\":\"https:\/\/dev.explora.cl\/aricayparinacota\/entrega-de-revista-chile-tiene-su-ciencia-region-de-arica-y-parinacota\/#primaryimage\"},\"image\":{\"@id\":\"https:\/\/dev.explora.cl\/aricayparinacota\/entrega-de-revista-chile-tiene-su-ciencia-region-de-arica-y-parinacota\/#primaryimage\"},\"thumbnailUrl\":\"https:\/\/dev.explora.cl\/aricayparinacota\/wp-content\/uploads\/sites\/2\/2018\/06\/f8105376cf5755840c470ee55123426d.jpg\",\"datePublished\":\"2015-07-01T00:00:00+00:00\",\"dateModified\":\"2019-05-09T21:27:29+00:00\",\"breadcrumb\":{\"@id\":\"https:\/\/dev.explora.cl\/aricayparinacota\/entrega-de-revista-chile-tiene-su-ciencia-region-de-arica-y-parinacota\/#breadcrumb\"},\"inLanguage\":\"es-CL\",\"potentialAction\":[{\"@type\":\"ReadAction\",\"target\":[\"https:\/\/dev.explora.cl\/aricayparinacota\/entrega-de-revista-chile-tiene-su-ciencia-region-de-arica-y-parinacota\/\"]}]},{\"@type\":\"ImageObject\",\"inLanguage\":\"es-CL\",\"@id\":\"https:\/\/dev.explora.cl\/aricayparinacota\/entrega-de-revista-chile-tiene-su-ciencia-region-de-arica-y-parinacota\/#primaryimage\",\"url\":\"https:\/\/dev.explora.cl\/aricayparinacota\/wp-content\/uploads\/sites\/2\/2018\/06\/f8105376cf5755840c470ee55123426d.jpg\",\"contentUrl\":\"https:\/\/dev.explora.cl\/aricayparinacota\/wp-content\/uploads\/sites\/2\/2018\/06\/f8105376cf5755840c470ee55123426d.jpg\",\"width\":4272,\"height\":2848},{\"@type\":\"BreadcrumbList\",\"@id\":\"https:\/\/dev.explora.cl\/aricayparinacota\/entrega-de-revista-chile-tiene-su-ciencia-region-de-arica-y-parinacota\/#breadcrumb\",\"itemListElement\":[{\"@type\":\"ListItem\",\"position\":1,\"name\":\"Portada\",\"item\":\"https:\/\/dev.explora.cl\/aricayparinacota\/\"},{\"@type\":\"ListItem\",\"position\":2,\"name\":\"Explora regi\u00f3n de Arica y Parinacota entrega revista &quot;Chile Tiene su Ciencia&quot;\"}]},{\"@type\":\"WebSite\",\"@id\":\"https:\/\/dev.explora.cl\/aricayparinacota\/#website\",\"url\":\"https:\/\/dev.explora.cl\/aricayparinacota\/\",\"name\":\"Arica y Parinacota\",\"description\":\"Otro sitio m\u00e1s de dev.explora.cl\",\"publisher\":{\"@id\":\"https:\/\/dev.explora.cl\/aricayparinacota\/#organization\"},\"potentialAction\":[{\"@type\":\"SearchAction\",\"target\":{\"@type\":\"EntryPoint\",\"urlTemplate\":\"https:\/\/dev.explora.cl\/aricayparinacota\/?s={search_term_string}\"},\"query-input\":{\"@type\":\"PropertyValueSpecification\",\"valueRequired\":true,\"valueName\":\"search_term_string\"}}],\"inLanguage\":\"es-CL\"},{\"@type\":\"Organization\",\"@id\":\"https:\/\/dev.explora.cl\/aricayparinacota\/#organization\",\"name\":\"Arica y Parinacota\",\"url\":\"https:\/\/dev.explora.cl\/aricayparinacota\/\",\"logo\":{\"@type\":\"ImageObject\",\"inLanguage\":\"es-CL\",\"@id\":\"https:\/\/dev.explora.cl\/aricayparinacota\/#\/schema\/logo\/image\/\",\"url\":\"https:\/\/dev.explora.cl\/aricayparinacota\/wp-content\/uploads\/sites\/2\/2020\/08\/cropped-nuevosa-logos-11.png\",\"contentUrl\":\"https:\/\/dev.explora.cl\/aricayparinacota\/wp-content\/uploads\/sites\/2\/2020\/08\/cropped-nuevosa-logos-11.png\",\"width\":812,\"height\":937,\"caption\":\"Arica y Parinacota\"},\"image\":{\"@id\":\"https:\/\/dev.explora.cl\/aricayparinacota\/#\/schema\/logo\/image\/\"}},{\"@type\":\"Person\",\"@id\":\"https:\/\/dev.explora.cl\/aricayparinacota\/#\/schema\/person\/cb8349c13ea2d324080adf8480d7ba5d\",\"name\":\"webman\",\"image\":{\"@type\":\"ImageObject\",\"inLanguage\":\"es-CL\",\"@id\":\"https:\/\/dev.explora.cl\/aricayparinacota\/#\/schema\/person\/image\/\",\"url\":\"https:\/\/secure.gravatar.com\/avatar\/eeff3c82f2c02f7177d13663b7e6f890e9a6a0647ce9bb29cae02dcb094c7312?s=96&d=mm&r=g\",\"contentUrl\":\"https:\/\/secure.gravatar.com\/avatar\/eeff3c82f2c02f7177d13663b7e6f890e9a6a0647ce9bb29cae02dcb094c7312?s=96&d=mm&r=g\",\"caption\":\"webman\"},\"url\":\"https:\/\/dev.explora.cl\/aricayparinacota\/author\/webman\/\"}]}<\/script>\n<!-- \/ Yoast SEO plugin. -->","yoast_head_json":{"title":"Explora regi\u00f3n de Arica y Parinacota entrega revista &quot;Chile Tiene su Ciencia&quot; - Arica y Parinacota","robots":{"index":"index","follow":"follow","max-snippet":"max-snippet:-1","max-image-preview":"max-image-preview:large","max-video-preview":"max-video-preview:-1"},"canonical":"https:\/\/dev.explora.cl\/aricayparinacota\/entrega-de-revista-chile-tiene-su-ciencia-region-de-arica-y-parinacota\/","og_locale":"es_ES","og_type":"article","og_title":"Explora regi\u00f3n de Arica y Parinacota entrega revista &quot;Chile Tiene su Ciencia&quot; - Arica y Parinacota","og_description":"&nbsp;En diversos eventos regionales el programa Explora Arica y Parinacota ha entregado la primera edici\u00f3n 2015 de la revista Chile Tiene su Ciencia, \u201cTecnolog\u00eda a Rayos: Los Nuevos Caminos de la Luz\u201d, relacionada con el lema nacional \u201cConocer Ilumina, a\u00f1o Internacional de la Luz\u201d. Maestros, autoridades, acad\u00e9micos y estudiantes universitarios han obtenido el n\u00ba 4 [&hellip;]","og_url":"https:\/\/dev.explora.cl\/aricayparinacota\/entrega-de-revista-chile-tiene-su-ciencia-region-de-arica-y-parinacota\/","og_site_name":"Arica y Parinacota","article_published_time":"2015-07-01T00:00:00+00:00","article_modified_time":"2019-05-09T21:27:29+00:00","og_image":[{"width":1024,"height":683,"url":"https:\/\/dev.explora.cl\/aricayparinacota\/wp-content\/uploads\/sites\/2\/2018\/06\/f8105376cf5755840c470ee55123426d-1024x683.jpg","type":"image\/jpeg"}],"author":"webman","twitter_card":"summary_large_image","twitter_misc":{"Escrito por":"webman","Tiempo estimado de lectura":"1 minuto"},"schema":{"@context":"https:\/\/schema.org","@graph":[{"@type":"Article","@id":"https:\/\/dev.explora.cl\/aricayparinacota\/entrega-de-revista-chile-tiene-su-ciencia-region-de-arica-y-parinacota\/#article","isPartOf":{"@id":"https:\/\/dev.explora.cl\/aricayparinacota\/entrega-de-revista-chile-tiene-su-ciencia-region-de-arica-y-parinacota\/"},"author":{"name":"webman","@id":"https:\/\/dev.explora.cl\/aricayparinacota\/#\/schema\/person\/cb8349c13ea2d324080adf8480d7ba5d"},"headline":"Explora regi\u00f3n de Arica y Parinacota entrega revista &quot;Chile Tiene su Ciencia&quot;","datePublished":"2015-07-01T00:00:00+00:00","dateModified":"2019-05-09T21:27:29+00:00","mainEntityOfPage":{"@id":"https:\/\/dev.explora.cl\/aricayparinacota\/entrega-de-revista-chile-tiene-su-ciencia-region-de-arica-y-parinacota\/"},"wordCount":170,"commentCount":0,"publisher":{"@id":"https:\/\/dev.explora.cl\/aricayparinacota\/#organization"},"image":{"@id":"https:\/\/dev.explora.cl\/aricayparinacota\/entrega-de-revista-chile-tiene-su-ciencia-region-de-arica-y-parinacota\/#primaryimage"},"thumbnailUrl":"https:\/\/dev.explora.cl\/aricayparinacota\/wp-content\/uploads\/sites\/2\/2018\/06\/f8105376cf5755840c470ee55123426d.jpg","keywords":["ciencia","Ciencias Sociales","Norte","programa EXPLORA"],"articleSection":["Noticias"],"inLanguage":"es-CL","potentialAction":[{"@type":"CommentAction","name":"Comment","target":["https:\/\/dev.explora.cl\/aricayparinacota\/entrega-de-revista-chile-tiene-su-ciencia-region-de-arica-y-parinacota\/#respond"]}]},{"@type":"WebPage","@id":"https:\/\/dev.explora.cl\/aricayparinacota\/entrega-de-revista-chile-tiene-su-ciencia-region-de-arica-y-parinacota\/","url":"https:\/\/dev.explora.cl\/aricayparinacota\/entrega-de-revista-chile-tiene-su-ciencia-region-de-arica-y-parinacota\/","name":"Explora regi\u00f3n de Arica y Parinacota entrega revista &quot;Chile Tiene su Ciencia&quot; - Arica y Parinacota","isPartOf":{"@id":"https:\/\/dev.explora.cl\/aricayparinacota\/#website"},"primaryImageOfPage":{"@id":"https:\/\/dev.explora.cl\/aricayparinacota\/entrega-de-revista-chile-tiene-su-ciencia-region-de-arica-y-parinacota\/#primaryimage"},"image":{"@id":"https:\/\/dev.explora.cl\/aricayparinacota\/entrega-de-revista-chile-tiene-su-ciencia-region-de-arica-y-parinacota\/#primaryimage"},"thumbnailUrl":"https:\/\/dev.explora.cl\/aricayparinacota\/wp-content\/uploads\/sites\/2\/2018\/06\/f8105376cf5755840c470ee55123426d.jpg","datePublished":"2015-07-01T00:00:00+00:00","dateModified":"2019-05-09T21:27:29+00:00","breadcrumb":{"@id":"https:\/\/dev.explora.cl\/aricayparinacota\/entrega-de-revista-chile-tiene-su-ciencia-region-de-arica-y-parinacota\/#breadcrumb"},"inLanguage":"es-CL","potentialAction":[{"@type":"ReadAction","target":["https:\/\/dev.explora.cl\/aricayparinacota\/entrega-de-revista-chile-tiene-su-ciencia-region-de-arica-y-parinacota\/"]}]},{"@type":"ImageObject","inLanguage":"es-CL","@id":"https:\/\/dev.explora.cl\/aricayparinacota\/entrega-de-revista-chile-tiene-su-ciencia-region-de-arica-y-parinacota\/#primaryimage","url":"https:\/\/dev.explora.cl\/aricayparinacota\/wp-content\/uploads\/sites\/2\/2018\/06\/f8105376cf5755840c470ee55123426d.jpg","contentUrl":"https:\/\/dev.explora.cl\/aricayparinacota\/wp-content\/uploads\/sites\/2\/2018\/06\/f8105376cf5755840c470ee55123426d.jpg","width":4272,"height":2848},{"@type":"BreadcrumbList","@id":"https:\/\/dev.explora.cl\/aricayparinacota\/entrega-de-revista-chile-tiene-su-ciencia-region-de-arica-y-parinacota\/#breadcrumb","itemListElement":[{"@type":"ListItem","position":1,"name":"Portada","item":"https:\/\/dev.explora.cl\/aricayparinacota\/"},{"@type":"ListItem","position":2,"name":"Explora regi\u00f3n de Arica y Parinacota entrega revista &quot;Chile Tiene su Ciencia&quot;"}]},{"@type":"WebSite","@id":"https:\/\/dev.explora.cl\/aricayparinacota\/#website","url":"https:\/\/dev.explora.cl\/aricayparinacota\/","name":"Arica y Parinacota","description":"Otro sitio m\u00e1s de dev.explora.cl","publisher":{"@id":"https:\/\/dev.explora.cl\/aricayparinacota\/#organization"},"potentialAction":[{"@type":"SearchAction","target":{"@type":"EntryPoint","urlTemplate":"https:\/\/dev.explora.cl\/aricayparinacota\/?s={search_term_string}"},"query-input":{"@type":"PropertyValueSpecification","valueRequired":true,"valueName":"search_term_string"}}],"inLanguage":"es-CL"},{"@type":"Organization","@id":"https:\/\/dev.explora.cl\/aricayparinacota\/#organization","name":"Arica y Parinacota","url":"https:\/\/dev.explora.cl\/aricayparinacota\/","logo":{"@type":"ImageObject","inLanguage":"es-CL","@id":"https:\/\/dev.explora.cl\/aricayparinacota\/#\/schema\/logo\/image\/","url":"https:\/\/dev.explora.cl\/aricayparinacota\/wp-content\/uploads\/sites\/2\/2020\/08\/cropped-nuevosa-logos-11.png","contentUrl":"https:\/\/dev.explora.cl\/aricayparinacota\/wp-content\/uploads\/sites\/2\/2020\/08\/cropped-nuevosa-logos-11.png","width":812,"height":937,"caption":"Arica y Parinacota"},"image":{"@id":"https:\/\/dev.explora.cl\/aricayparinacota\/#\/schema\/logo\/image\/"}},{"@type":"Person","@id":"https:\/\/dev.explora.cl\/aricayparinacota\/#\/schema\/person\/cb8349c13ea2d324080adf8480d7ba5d","name":"webman","image":{"@type":"ImageObject","inLanguage":"es-CL","@id":"https:\/\/dev.explora.cl\/aricayparinacota\/#\/schema\/person\/image\/","url":"https:\/\/secure.gravatar.com\/avatar\/eeff3c82f2c02f7177d13663b7e6f890e9a6a0647ce9bb29cae02dcb094c7312?s=96&d=mm&r=g","contentUrl":"https:\/\/secure.gravatar.com\/avatar\/eeff3c82f2c02f7177d13663b7e6f890e9a6a0647ce9bb29cae02dcb094c7312?s=96&d=mm&r=g","caption":"webman"},"url":"https:\/\/dev.explora.cl\/aricayparinacota\/author\/webman\/"}]}},"_links":{"self":[{"href":"https:\/\/dev.explora.cl\/aricayparinacota\/wp-json\/wp\/v2\/posts\/32061","targetHints":{"allow":["GET"]}}],"collection":[{"href":"https:\/\/dev.explora.cl\/aricayparinacota\/wp-json\/wp\/v2\/posts"}],"about":[{"href":"https:\/\/dev.explora.cl\/aricayparinacota\/wp-json\/wp\/v2\/types\/post"}],"author":[{"embeddable":true,"href":"https:\/\/dev.explora.cl\/aricayparinacota\/wp-json\/wp\/v2\/users\/2"}],"replies":[{"embeddable":true,"href":"https:\/\/dev.explora.cl\/aricayparinacota\/wp-json\/wp\/v2\/comments?post=32061"}],"version-history":[{"count":1,"href":"https:\/\/dev.explora.cl\/aricayparinacota\/wp-json\/wp\/v2\/posts\/32061\/revisions"}],"predecessor-version":[{"id":32949,"href":"https:\/\/dev.explora.cl\/aricayparinacota\/wp-json\/wp\/v2\/posts\/32061\/revisions\/32949"}],"wp:featuredmedia":[{"embeddable":true,"href":"https:\/\/dev.explora.cl\/aricayparinacota\/wp-json\/wp\/v2\/media\/32062"}],"wp:attachment":[{"href":"https:\/\/dev.explora.cl\/aricayparinacota\/wp-json\/wp\/v2\/media?parent=32061"}],"wp:term":[{"taxonomy":"category","embeddable":true,"href":"https:\/\/dev.explora.cl\/aricayparinacota\/wp-json\/wp\/v2\/categories?post=32061"},{"taxonomy":"post_tag","embeddable":true,"href":"https:\/\/dev.explora.cl\/aricayparinacota\/wp-json\/wp\/v2\/tags?post=32061"}],"curies":[{"name":"wp","href":"https:\/\/api.w.org\/{rel}","templated":true}]}}