{"id":32059,"date":"2015-06-30T00:00:00","date_gmt":"2015-06-30T00:00:00","guid":{"rendered":"https:\/\/dev.explora.cl\/aricayparinacota\/blog\/2015\/06\/30\/nuevos-monitores-explora-region-de-arica-y-parinacota\/"},"modified":"2019-05-09T21:27:38","modified_gmt":"2019-05-09T21:27:38","slug":"nuevos-monitores-explora-region-de-arica-y-parinacota","status":"publish","type":"post","link":"https:\/\/dev.explora.cl\/aricayparinacota\/nuevos-monitores-explora-region-de-arica-y-parinacota\/","title":{"rendered":"Nuevos Monitores Explora Regi\u00f3n de Arica y Parinacota"},"content":{"rendered":"<p><img loading=\"lazy\" decoding=\"async\" class=\" size-full wp-image-12661\" src=\"http:\/\/ec2-34-218-253-251.us-west-2.compute.amazonaws.com\/wp-content\/uploads\/2015\/06\/30b400d79bcb112e8d921388f6bfda94.jpg\" alt=\"Grupo de Postulantes a Monitor Explora Arica y Parinacota\" width=\"4272\" height=\"2848\" \/><\/p>\n<p><span style=\"font-size: 8pt\"><strong><span style=\"font-family: 'Arial Unicode MS'\">Una Treintena de estudiantes universitarios asistieron a una nueva jornada de capacitaci\u00f3n donde pudieron conocer m\u00e1s sobre la responsabilidad que tendr\u00e1n en Explora Arica y Parinacota 2015.<\/span><\/strong><\/span><\/p>\n<p style=\"text-align: justify\"><span style=\"font-size: 8pt;font-family: 'Arial Unicode MS'\">El pasado viernes 26 de julio se llevo a cabo la segunda capacitaci\u00f3n para formar monitores Universitarios de Explora. Durante 2 horas 37 estudiantes universitarios llegaron hasta la Sala de Eventos de la Facultad de Ciencias de la Universidad de Tarapac\u00e1 para informarse sobre el rol que cumplir\u00e1n en el programa Explora, espec\u00edficamente apoyando durante la etapa previa al X Congreso Regional Escolar de Ciencia y Tecnolog\u00eda.<\/span><\/p>\n<p style=\"text-align: justify\"><span style=\"font-size: 8pt;font-family: 'Arial Unicode MS'\">La jornada fue conducida por Eliana Belmonte, Directora del proyecto Explora Arica y Parinacota 2015 y reconocida acad\u00e9mica de la Facultad de Ciencias de la Universidad de Tarapac\u00e1, quien le explic\u00f3 a los participantes la relevancia del proceso de postulaci\u00f3n al Congreso Regional; ense\u00f1\u00e1ndoles, mediante una actividad pr\u00e1ctica, el formulario de inscripci\u00f3n que deben completar los equipos de profesores y estudiantes de los colegios de la regi\u00f3n.<\/span><\/p>\n<p style=\"text-align: justify\"><span style=\"font-size: 8pt;font-family: 'Arial Unicode MS'\">Uno de los asistentes, Pablo Albial, egresado de la carrera de Agronom\u00eda de la UTA, habl\u00f3 de la jornada y de su inter\u00e9s por ser uno de los Monitores Explora: \u201cEs interesante el trabajo que debemos completar, sobre todo pensando en las investigaciones que est\u00e1n desarrollando algunos colegios que son muy avanzadas y originales; adem\u00e1s, espero lograr ser Monitor Explora, ya que es una base importante para nuestra formaci\u00f3n profesional\u201d. <\/span><\/p>\n<p style=\"text-align: justify\"><span style=\"font-size: 8pt;font-family: 'Arial Unicode MS'\">Las capacitaciones de Explora llegar\u00e1n a su fin el mi\u00e9rcoles 08 de julio a las 18:00 horas, donde se les entregar\u00e1 una constancia a los estudiantes que aprobaron el proceso y se transformar\u00e1n oficialmente en los nuevos Monitores Universitarios 2015. <\/span><\/p>\n<p><span style=\"font-size: 8pt\"><span style=\"font-family: 'Arial Unicode MS'\">Para conocer m\u00e1s sobre el programa Explora 2015 y las actividades que se desarrollar\u00e1n en la regi\u00f3n pueden ingresar a <\/span><span style=\"font-family: Cambria\"><a href=\"aricayparinacota\"><span style=\"font-family: 'Arial Unicode MS'\">dev.explora.cl\/aricayparinacota<\/span><\/a><\/span><span style=\"font-family: 'Arial Unicode MS'\"> y conocer todos los detalles.<\/span><\/span><\/p>\n<p><span style=\"font-size: 8pt;font-family: 'Arial Unicode MS'\">Por Marcela Per\u00e9z Sep\u00falveda<\/span><\/p>\n","protected":false},"excerpt":{"rendered":"<p>Una Treintena de estudiantes universitarios asistieron a una nueva jornada de capacitaci\u00f3n donde pudieron conocer m\u00e1s sobre la responsabilidad que tendr\u00e1n en Explora Arica y Parinacota 2015. El pasado viernes 26 de julio se llevo a cabo la segunda capacitaci\u00f3n para formar monitores Universitarios de Explora. Durante 2 horas 37 estudiantes universitarios llegaron hasta la [&hellip;]<\/p>\n","protected":false},"author":2,"featured_media":32060,"comment_status":"open","ping_status":"open","sticky":false,"template":"","format":"standard","meta":{"_acf_changed":false,"_exactmetrics_skip_tracking":false,"_exactmetrics_sitenote_active":false,"_exactmetrics_sitenote_note":"","_exactmetrics_sitenote_category":0,"footnotes":"","_links_to":"","_links_to_target":""},"categories":[4],"tags":[101,106],"class_list":["post-32059","post","type-post","status-publish","format-standard","has-post-thumbnail","hentry","category-noticias","tag-congreso-regional","tag-semana-de-la-ciencia"],"acf":[],"yoast_head":"<!-- This site is optimized with the Yoast SEO plugin v26.7 - https:\/\/yoast.com\/wordpress\/plugins\/seo\/ -->\n<title>Nuevos Monitores Explora Regi\u00f3n de Arica y Parinacota - Arica y Parinacota<\/title>\n<meta name=\"robots\" content=\"index, follow, max-snippet:-1, max-image-preview:large, max-video-preview:-1\" \/>\n<link rel=\"canonical\" href=\"https:\/\/dev.explora.cl\/aricayparinacota\/nuevos-monitores-explora-region-de-arica-y-parinacota\/\" class=\"yoast-seo-meta-tag\" \/>\n<meta property=\"og:locale\" content=\"es_ES\" class=\"yoast-seo-meta-tag\" \/>\n<meta property=\"og:type\" content=\"article\" class=\"yoast-seo-meta-tag\" \/>\n<meta property=\"og:title\" content=\"Nuevos Monitores Explora Regi\u00f3n de Arica y Parinacota - Arica y Parinacota\" class=\"yoast-seo-meta-tag\" \/>\n<meta property=\"og:description\" content=\"Una Treintena de estudiantes universitarios asistieron a una nueva jornada de capacitaci\u00f3n donde pudieron conocer m\u00e1s sobre la responsabilidad que tendr\u00e1n en Explora Arica y Parinacota 2015. El pasado viernes 26 de julio se llevo a cabo la segunda capacitaci\u00f3n para formar monitores Universitarios de Explora. Durante 2 horas 37 estudiantes universitarios llegaron hasta la [&hellip;]\" class=\"yoast-seo-meta-tag\" \/>\n<meta property=\"og:url\" content=\"https:\/\/dev.explora.cl\/aricayparinacota\/nuevos-monitores-explora-region-de-arica-y-parinacota\/\" class=\"yoast-seo-meta-tag\" \/>\n<meta property=\"og:site_name\" content=\"Arica y Parinacota\" class=\"yoast-seo-meta-tag\" \/>\n<meta property=\"article:published_time\" content=\"2015-06-30T00:00:00+00:00\" class=\"yoast-seo-meta-tag\" \/>\n<meta property=\"article:modified_time\" content=\"2019-05-09T21:27:38+00:00\" class=\"yoast-seo-meta-tag\" \/>\n<meta property=\"og:image\" content=\"https:\/\/dev.explora.cl\/aricayparinacota\/wp-content\/uploads\/sites\/2\/2018\/06\/30b400d79bcb112e8d921388f6bfda94-1024x683.jpg\" class=\"yoast-seo-meta-tag\" \/>\n\t<meta property=\"og:image:width\" content=\"1024\" class=\"yoast-seo-meta-tag\" \/>\n\t<meta property=\"og:image:height\" content=\"683\" class=\"yoast-seo-meta-tag\" \/>\n\t<meta property=\"og:image:type\" content=\"image\/jpeg\" class=\"yoast-seo-meta-tag\" \/>\n<meta name=\"author\" content=\"webman\" class=\"yoast-seo-meta-tag\" \/>\n<meta name=\"twitter:card\" content=\"summary_large_image\" class=\"yoast-seo-meta-tag\" \/>\n<meta name=\"twitter:label1\" content=\"Escrito por\" class=\"yoast-seo-meta-tag\" \/>\n\t<meta name=\"twitter:data1\" content=\"webman\" class=\"yoast-seo-meta-tag\" \/>\n\t<meta name=\"twitter:label2\" content=\"Tiempo estimado de lectura\" class=\"yoast-seo-meta-tag\" \/>\n\t<meta name=\"twitter:data2\" content=\"2 minutos\" class=\"yoast-seo-meta-tag\" \/>\n<script type=\"application\/ld+json\" class=\"yoast-schema-graph\">{\"@context\":\"https:\/\/schema.org\",\"@graph\":[{\"@type\":\"Article\",\"@id\":\"https:\/\/dev.explora.cl\/aricayparinacota\/nuevos-monitores-explora-region-de-arica-y-parinacota\/#article\",\"isPartOf\":{\"@id\":\"https:\/\/dev.explora.cl\/aricayparinacota\/nuevos-monitores-explora-region-de-arica-y-parinacota\/\"},\"author\":{\"name\":\"webman\",\"@id\":\"https:\/\/dev.explora.cl\/aricayparinacota\/#\/schema\/person\/cb8349c13ea2d324080adf8480d7ba5d\"},\"headline\":\"Nuevos Monitores Explora Regi\u00f3n de Arica y Parinacota\",\"datePublished\":\"2015-06-30T00:00:00+00:00\",\"dateModified\":\"2019-05-09T21:27:38+00:00\",\"mainEntityOfPage\":{\"@id\":\"https:\/\/dev.explora.cl\/aricayparinacota\/nuevos-monitores-explora-region-de-arica-y-parinacota\/\"},\"wordCount\":330,\"commentCount\":0,\"publisher\":{\"@id\":\"https:\/\/dev.explora.cl\/aricayparinacota\/#organization\"},\"image\":{\"@id\":\"https:\/\/dev.explora.cl\/aricayparinacota\/nuevos-monitores-explora-region-de-arica-y-parinacota\/#primaryimage\"},\"thumbnailUrl\":\"https:\/\/dev.explora.cl\/aricayparinacota\/wp-content\/uploads\/sites\/2\/2018\/06\/30b400d79bcb112e8d921388f6bfda94.jpg\",\"keywords\":[\"Congreso Regional\",\"semana de la ciencia\"],\"articleSection\":[\"Noticias\"],\"inLanguage\":\"es-CL\",\"potentialAction\":[{\"@type\":\"CommentAction\",\"name\":\"Comment\",\"target\":[\"https:\/\/dev.explora.cl\/aricayparinacota\/nuevos-monitores-explora-region-de-arica-y-parinacota\/#respond\"]}]},{\"@type\":\"WebPage\",\"@id\":\"https:\/\/dev.explora.cl\/aricayparinacota\/nuevos-monitores-explora-region-de-arica-y-parinacota\/\",\"url\":\"https:\/\/dev.explora.cl\/aricayparinacota\/nuevos-monitores-explora-region-de-arica-y-parinacota\/\",\"name\":\"Nuevos Monitores Explora Regi\u00f3n de Arica y Parinacota - Arica y Parinacota\",\"isPartOf\":{\"@id\":\"https:\/\/dev.explora.cl\/aricayparinacota\/#website\"},\"primaryImageOfPage\":{\"@id\":\"https:\/\/dev.explora.cl\/aricayparinacota\/nuevos-monitores-explora-region-de-arica-y-parinacota\/#primaryimage\"},\"image\":{\"@id\":\"https:\/\/dev.explora.cl\/aricayparinacota\/nuevos-monitores-explora-region-de-arica-y-parinacota\/#primaryimage\"},\"thumbnailUrl\":\"https:\/\/dev.explora.cl\/aricayparinacota\/wp-content\/uploads\/sites\/2\/2018\/06\/30b400d79bcb112e8d921388f6bfda94.jpg\",\"datePublished\":\"2015-06-30T00:00:00+00:00\",\"dateModified\":\"2019-05-09T21:27:38+00:00\",\"breadcrumb\":{\"@id\":\"https:\/\/dev.explora.cl\/aricayparinacota\/nuevos-monitores-explora-region-de-arica-y-parinacota\/#breadcrumb\"},\"inLanguage\":\"es-CL\",\"potentialAction\":[{\"@type\":\"ReadAction\",\"target\":[\"https:\/\/dev.explora.cl\/aricayparinacota\/nuevos-monitores-explora-region-de-arica-y-parinacota\/\"]}]},{\"@type\":\"ImageObject\",\"inLanguage\":\"es-CL\",\"@id\":\"https:\/\/dev.explora.cl\/aricayparinacota\/nuevos-monitores-explora-region-de-arica-y-parinacota\/#primaryimage\",\"url\":\"https:\/\/dev.explora.cl\/aricayparinacota\/wp-content\/uploads\/sites\/2\/2018\/06\/30b400d79bcb112e8d921388f6bfda94.jpg\",\"contentUrl\":\"https:\/\/dev.explora.cl\/aricayparinacota\/wp-content\/uploads\/sites\/2\/2018\/06\/30b400d79bcb112e8d921388f6bfda94.jpg\",\"width\":4272,\"height\":2848,\"caption\":\"Grupo de Postulantes a Monitor Explora Arica y Parinacota\"},{\"@type\":\"BreadcrumbList\",\"@id\":\"https:\/\/dev.explora.cl\/aricayparinacota\/nuevos-monitores-explora-region-de-arica-y-parinacota\/#breadcrumb\",\"itemListElement\":[{\"@type\":\"ListItem\",\"position\":1,\"name\":\"Portada\",\"item\":\"https:\/\/dev.explora.cl\/aricayparinacota\/\"},{\"@type\":\"ListItem\",\"position\":2,\"name\":\"Nuevos Monitores Explora Regi\u00f3n de Arica y Parinacota\"}]},{\"@type\":\"WebSite\",\"@id\":\"https:\/\/dev.explora.cl\/aricayparinacota\/#website\",\"url\":\"https:\/\/dev.explora.cl\/aricayparinacota\/\",\"name\":\"Arica y Parinacota\",\"description\":\"Otro sitio m\u00e1s de dev.explora.cl\",\"publisher\":{\"@id\":\"https:\/\/dev.explora.cl\/aricayparinacota\/#organization\"},\"potentialAction\":[{\"@type\":\"SearchAction\",\"target\":{\"@type\":\"EntryPoint\",\"urlTemplate\":\"https:\/\/dev.explora.cl\/aricayparinacota\/?s={search_term_string}\"},\"query-input\":{\"@type\":\"PropertyValueSpecification\",\"valueRequired\":true,\"valueName\":\"search_term_string\"}}],\"inLanguage\":\"es-CL\"},{\"@type\":\"Organization\",\"@id\":\"https:\/\/dev.explora.cl\/aricayparinacota\/#organization\",\"name\":\"Arica y Parinacota\",\"url\":\"https:\/\/dev.explora.cl\/aricayparinacota\/\",\"logo\":{\"@type\":\"ImageObject\",\"inLanguage\":\"es-CL\",\"@id\":\"https:\/\/dev.explora.cl\/aricayparinacota\/#\/schema\/logo\/image\/\",\"url\":\"https:\/\/dev.explora.cl\/aricayparinacota\/wp-content\/uploads\/sites\/2\/2020\/08\/cropped-nuevosa-logos-11.png\",\"contentUrl\":\"https:\/\/dev.explora.cl\/aricayparinacota\/wp-content\/uploads\/sites\/2\/2020\/08\/cropped-nuevosa-logos-11.png\",\"width\":812,\"height\":937,\"caption\":\"Arica y Parinacota\"},\"image\":{\"@id\":\"https:\/\/dev.explora.cl\/aricayparinacota\/#\/schema\/logo\/image\/\"}},{\"@type\":\"Person\",\"@id\":\"https:\/\/dev.explora.cl\/aricayparinacota\/#\/schema\/person\/cb8349c13ea2d324080adf8480d7ba5d\",\"name\":\"webman\",\"image\":{\"@type\":\"ImageObject\",\"inLanguage\":\"es-CL\",\"@id\":\"https:\/\/dev.explora.cl\/aricayparinacota\/#\/schema\/person\/image\/\",\"url\":\"https:\/\/secure.gravatar.com\/avatar\/eeff3c82f2c02f7177d13663b7e6f890e9a6a0647ce9bb29cae02dcb094c7312?s=96&d=mm&r=g\",\"contentUrl\":\"https:\/\/secure.gravatar.com\/avatar\/eeff3c82f2c02f7177d13663b7e6f890e9a6a0647ce9bb29cae02dcb094c7312?s=96&d=mm&r=g\",\"caption\":\"webman\"},\"url\":\"https:\/\/dev.explora.cl\/aricayparinacota\/author\/webman\/\"}]}<\/script>\n<!-- \/ Yoast SEO plugin. -->","yoast_head_json":{"title":"Nuevos Monitores Explora Regi\u00f3n de Arica y Parinacota - Arica y Parinacota","robots":{"index":"index","follow":"follow","max-snippet":"max-snippet:-1","max-image-preview":"max-image-preview:large","max-video-preview":"max-video-preview:-1"},"canonical":"https:\/\/dev.explora.cl\/aricayparinacota\/nuevos-monitores-explora-region-de-arica-y-parinacota\/","og_locale":"es_ES","og_type":"article","og_title":"Nuevos Monitores Explora Regi\u00f3n de Arica y Parinacota - Arica y Parinacota","og_description":"Una Treintena de estudiantes universitarios asistieron a una nueva jornada de capacitaci\u00f3n donde pudieron conocer m\u00e1s sobre la responsabilidad que tendr\u00e1n en Explora Arica y Parinacota 2015. El pasado viernes 26 de julio se llevo a cabo la segunda capacitaci\u00f3n para formar monitores Universitarios de Explora. Durante 2 horas 37 estudiantes universitarios llegaron hasta la [&hellip;]","og_url":"https:\/\/dev.explora.cl\/aricayparinacota\/nuevos-monitores-explora-region-de-arica-y-parinacota\/","og_site_name":"Arica y Parinacota","article_published_time":"2015-06-30T00:00:00+00:00","article_modified_time":"2019-05-09T21:27:38+00:00","og_image":[{"width":1024,"height":683,"url":"https:\/\/dev.explora.cl\/aricayparinacota\/wp-content\/uploads\/sites\/2\/2018\/06\/30b400d79bcb112e8d921388f6bfda94-1024x683.jpg","type":"image\/jpeg"}],"author":"webman","twitter_card":"summary_large_image","twitter_misc":{"Escrito por":"webman","Tiempo estimado de lectura":"2 minutos"},"schema":{"@context":"https:\/\/schema.org","@graph":[{"@type":"Article","@id":"https:\/\/dev.explora.cl\/aricayparinacota\/nuevos-monitores-explora-region-de-arica-y-parinacota\/#article","isPartOf":{"@id":"https:\/\/dev.explora.cl\/aricayparinacota\/nuevos-monitores-explora-region-de-arica-y-parinacota\/"},"author":{"name":"webman","@id":"https:\/\/dev.explora.cl\/aricayparinacota\/#\/schema\/person\/cb8349c13ea2d324080adf8480d7ba5d"},"headline":"Nuevos Monitores Explora Regi\u00f3n de Arica y Parinacota","datePublished":"2015-06-30T00:00:00+00:00","dateModified":"2019-05-09T21:27:38+00:00","mainEntityOfPage":{"@id":"https:\/\/dev.explora.cl\/aricayparinacota\/nuevos-monitores-explora-region-de-arica-y-parinacota\/"},"wordCount":330,"commentCount":0,"publisher":{"@id":"https:\/\/dev.explora.cl\/aricayparinacota\/#organization"},"image":{"@id":"https:\/\/dev.explora.cl\/aricayparinacota\/nuevos-monitores-explora-region-de-arica-y-parinacota\/#primaryimage"},"thumbnailUrl":"https:\/\/dev.explora.cl\/aricayparinacota\/wp-content\/uploads\/sites\/2\/2018\/06\/30b400d79bcb112e8d921388f6bfda94.jpg","keywords":["Congreso Regional","semana de la ciencia"],"articleSection":["Noticias"],"inLanguage":"es-CL","potentialAction":[{"@type":"CommentAction","name":"Comment","target":["https:\/\/dev.explora.cl\/aricayparinacota\/nuevos-monitores-explora-region-de-arica-y-parinacota\/#respond"]}]},{"@type":"WebPage","@id":"https:\/\/dev.explora.cl\/aricayparinacota\/nuevos-monitores-explora-region-de-arica-y-parinacota\/","url":"https:\/\/dev.explora.cl\/aricayparinacota\/nuevos-monitores-explora-region-de-arica-y-parinacota\/","name":"Nuevos Monitores Explora Regi\u00f3n de Arica y Parinacota - Arica y Parinacota","isPartOf":{"@id":"https:\/\/dev.explora.cl\/aricayparinacota\/#website"},"primaryImageOfPage":{"@id":"https:\/\/dev.explora.cl\/aricayparinacota\/nuevos-monitores-explora-region-de-arica-y-parinacota\/#primaryimage"},"image":{"@id":"https:\/\/dev.explora.cl\/aricayparinacota\/nuevos-monitores-explora-region-de-arica-y-parinacota\/#primaryimage"},"thumbnailUrl":"https:\/\/dev.explora.cl\/aricayparinacota\/wp-content\/uploads\/sites\/2\/2018\/06\/30b400d79bcb112e8d921388f6bfda94.jpg","datePublished":"2015-06-30T00:00:00+00:00","dateModified":"2019-05-09T21:27:38+00:00","breadcrumb":{"@id":"https:\/\/dev.explora.cl\/aricayparinacota\/nuevos-monitores-explora-region-de-arica-y-parinacota\/#breadcrumb"},"inLanguage":"es-CL","potentialAction":[{"@type":"ReadAction","target":["https:\/\/dev.explora.cl\/aricayparinacota\/nuevos-monitores-explora-region-de-arica-y-parinacota\/"]}]},{"@type":"ImageObject","inLanguage":"es-CL","@id":"https:\/\/dev.explora.cl\/aricayparinacota\/nuevos-monitores-explora-region-de-arica-y-parinacota\/#primaryimage","url":"https:\/\/dev.explora.cl\/aricayparinacota\/wp-content\/uploads\/sites\/2\/2018\/06\/30b400d79bcb112e8d921388f6bfda94.jpg","contentUrl":"https:\/\/dev.explora.cl\/aricayparinacota\/wp-content\/uploads\/sites\/2\/2018\/06\/30b400d79bcb112e8d921388f6bfda94.jpg","width":4272,"height":2848,"caption":"Grupo de Postulantes a Monitor Explora Arica y Parinacota"},{"@type":"BreadcrumbList","@id":"https:\/\/dev.explora.cl\/aricayparinacota\/nuevos-monitores-explora-region-de-arica-y-parinacota\/#breadcrumb","itemListElement":[{"@type":"ListItem","position":1,"name":"Portada","item":"https:\/\/dev.explora.cl\/aricayparinacota\/"},{"@type":"ListItem","position":2,"name":"Nuevos Monitores Explora Regi\u00f3n de Arica y Parinacota"}]},{"@type":"WebSite","@id":"https:\/\/dev.explora.cl\/aricayparinacota\/#website","url":"https:\/\/dev.explora.cl\/aricayparinacota\/","name":"Arica y Parinacota","description":"Otro sitio m\u00e1s de dev.explora.cl","publisher":{"@id":"https:\/\/dev.explora.cl\/aricayparinacota\/#organization"},"potentialAction":[{"@type":"SearchAction","target":{"@type":"EntryPoint","urlTemplate":"https:\/\/dev.explora.cl\/aricayparinacota\/?s={search_term_string}"},"query-input":{"@type":"PropertyValueSpecification","valueRequired":true,"valueName":"search_term_string"}}],"inLanguage":"es-CL"},{"@type":"Organization","@id":"https:\/\/dev.explora.cl\/aricayparinacota\/#organization","name":"Arica y Parinacota","url":"https:\/\/dev.explora.cl\/aricayparinacota\/","logo":{"@type":"ImageObject","inLanguage":"es-CL","@id":"https:\/\/dev.explora.cl\/aricayparinacota\/#\/schema\/logo\/image\/","url":"https:\/\/dev.explora.cl\/aricayparinacota\/wp-content\/uploads\/sites\/2\/2020\/08\/cropped-nuevosa-logos-11.png","contentUrl":"https:\/\/dev.explora.cl\/aricayparinacota\/wp-content\/uploads\/sites\/2\/2020\/08\/cropped-nuevosa-logos-11.png","width":812,"height":937,"caption":"Arica y Parinacota"},"image":{"@id":"https:\/\/dev.explora.cl\/aricayparinacota\/#\/schema\/logo\/image\/"}},{"@type":"Person","@id":"https:\/\/dev.explora.cl\/aricayparinacota\/#\/schema\/person\/cb8349c13ea2d324080adf8480d7ba5d","name":"webman","image":{"@type":"ImageObject","inLanguage":"es-CL","@id":"https:\/\/dev.explora.cl\/aricayparinacota\/#\/schema\/person\/image\/","url":"https:\/\/secure.gravatar.com\/avatar\/eeff3c82f2c02f7177d13663b7e6f890e9a6a0647ce9bb29cae02dcb094c7312?s=96&d=mm&r=g","contentUrl":"https:\/\/secure.gravatar.com\/avatar\/eeff3c82f2c02f7177d13663b7e6f890e9a6a0647ce9bb29cae02dcb094c7312?s=96&d=mm&r=g","caption":"webman"},"url":"https:\/\/dev.explora.cl\/aricayparinacota\/author\/webman\/"}]}},"_links":{"self":[{"href":"https:\/\/dev.explora.cl\/aricayparinacota\/wp-json\/wp\/v2\/posts\/32059","targetHints":{"allow":["GET"]}}],"collection":[{"href":"https:\/\/dev.explora.cl\/aricayparinacota\/wp-json\/wp\/v2\/posts"}],"about":[{"href":"https:\/\/dev.explora.cl\/aricayparinacota\/wp-json\/wp\/v2\/types\/post"}],"author":[{"embeddable":true,"href":"https:\/\/dev.explora.cl\/aricayparinacota\/wp-json\/wp\/v2\/users\/2"}],"replies":[{"embeddable":true,"href":"https:\/\/dev.explora.cl\/aricayparinacota\/wp-json\/wp\/v2\/comments?post=32059"}],"version-history":[{"count":1,"href":"https:\/\/dev.explora.cl\/aricayparinacota\/wp-json\/wp\/v2\/posts\/32059\/revisions"}],"predecessor-version":[{"id":32950,"href":"https:\/\/dev.explora.cl\/aricayparinacota\/wp-json\/wp\/v2\/posts\/32059\/revisions\/32950"}],"wp:featuredmedia":[{"embeddable":true,"href":"https:\/\/dev.explora.cl\/aricayparinacota\/wp-json\/wp\/v2\/media\/32060"}],"wp:attachment":[{"href":"https:\/\/dev.explora.cl\/aricayparinacota\/wp-json\/wp\/v2\/media?parent=32059"}],"wp:term":[{"taxonomy":"category","embeddable":true,"href":"https:\/\/dev.explora.cl\/aricayparinacota\/wp-json\/wp\/v2\/categories?post=32059"},{"taxonomy":"post_tag","embeddable":true,"href":"https:\/\/dev.explora.cl\/aricayparinacota\/wp-json\/wp\/v2\/tags?post=32059"}],"curies":[{"name":"wp","href":"https:\/\/api.w.org\/{rel}","templated":true}]}}