{"id":32057,"date":"2015-06-25T00:00:00","date_gmt":"2015-06-25T00:00:00","guid":{"rendered":"https:\/\/dev.explora.cl\/aricayparinacota\/blog\/2015\/06\/25\/inauguracion-explora-region-de-arica-y-parinacota\/"},"modified":"2019-05-09T21:11:27","modified_gmt":"2019-05-09T21:11:27","slug":"inauguracion-explora-region-de-arica-y-parinacota","status":"publish","type":"post","link":"https:\/\/dev.explora.cl\/aricayparinacota\/inauguracion-explora-region-de-arica-y-parinacota\/","title":{"rendered":"Autoridades y Maestros dieron la Bienvenida Oficial al Regreso de Explora en la regi\u00f3n"},"content":{"rendered":"<p><img loading=\"lazy\" decoding=\"async\" class=\" size-full wp-image-12613\" src=\"http:\/\/ec2-34-218-253-251.us-west-2.compute.amazonaws.com\/wp-content\/uploads\/2015\/06\/4cc1b9d399bd098ab69a760d72b877f9.jpg\" alt=\"\" width=\"4272\" height=\"2848\" \/><\/p>\n<p>&nbsp;<strong>La actividad, que tambi\u00e9n cont\u00f3 con una jornada de trabajo entre profesores, se llev\u00f3 a cabo este jueves en la Sala de Eventos de la Facultad de Ciencias de la Universidad de Tarapac\u00e1<\/strong><\/p>\n<p style=\"text-align: justify\">Con entusiasmo y muchas expectativas se vivi\u00f3 la ceremonia inaugural del proyecto Explora CONICYT, donde se pudo conocer m\u00e1s sobre este programa nacional, sus objetivos y metas para este a\u00f1o en Arica y Parinacota y su compromiso de celebrar la Semana Nacional de la Ciencia y el X Congreso Regional Escolar.<\/p>\n<p style=\"text-align: justify\">Luego de dos a\u00f1os fuera de la regi\u00f3n, autoridades y maestros se dieron cita en la Sala de Eventos de la Facultad de Ciencias del campus Vel\u00e1squez, para conocer a fondo la relevancia de este programa nacional a cargo de la Direcci\u00f3n General de Investigaci\u00f3n de la Universidad de Tarapac\u00e1 y la acad\u00e9mica del Departamento de Biolog\u00eda, Directora del proyecto Explora, Eliana Belmonte Schwarzbaum.<\/p>\n<p style=\"text-align: justify\">En la actividad estuvieron presentes el Seremi de Econom\u00eda, Franz Castro en representaci\u00f3n del Intendente; la Seremi de Educaci\u00f3n, Giullia Olivera; el vice c\u00f3nsul de Bolivia, H\u00e9ctor Patty; los Directores de Educaci\u00f3n Municipal de la comuna de Camarones, Eward Trigo y de la comuna de Putre, An\u00edbal Cofr\u00e9; el Rector Subrogante de la Universidad de Tarapac\u00e1, Carlos Leiva; el Vicerrector Acad\u00e9mico y el Director General de Investigaci\u00f3n de la Universidad de Tarapac\u00e1 Hernando Bustos y Horacio D\u00edaz respectivamente; integrantes del Comit\u00e9 Cient\u00edfico Asesor Explora; adem\u00e1s de acad\u00e9micos universitarios, directores de establecimientos educacionales y maestros de la regi\u00f3n.<\/p>\n<p style=\"text-align: justify\">Tras la ceremonia, Giullia Olivera Le\u00f3n, Seremi de Educaci\u00f3n se mostr\u00f3 muy feliz por el regreso del programa: \u201cEs una de las mejores noticias que hay para el desarrollo de la ciencia, como profesora s\u00e9 que es una experiencia vital que pone al alumno expectante, en una situaci\u00f3n de explorar, de investigar, de aprender del error creando as\u00ed j\u00f3venes resilientes; lo que permite una formaci\u00f3n integral del sur humano.<\/p>\n<p style=\"text-align: justify\">Por su parte Horacio D\u00edaz, Director General de Investigaci\u00f3n de la Universidad de Tarapac\u00e1 enfatiz\u00f3 en el significado de la ejecuci\u00f3n de Explora en la regi\u00f3n: \u201cEl programa Explora es uno de los m\u00e1s importantes que hay en Chile porque apunta a llevar la ciencia a nuestros ni\u00f1os que son el futuro y en la sociedad que estamos viviendo tambi\u00e9n la ciencia y el conocimiento lo es; con Explora hacemos que todos estos temas calcen: estudiantes, ciencia y desarrollo de nuestro pa\u00eds; por lo tanto para la Universidad de Tarapac\u00e1 y nuestra Direcci\u00f3n General de Investigaci\u00f3n es un honor estar presentes junto a Explora en la regi\u00f3n de Arica y Parinacota\u201d.<\/p>\n<p style=\"text-align: justify\">La inauguraci\u00f3n estuvo marcada, adem\u00e1s, por una jornada de trabajo y vinculaci\u00f3n entre profesores de diferentes colegios y liceos, quienes a trav\u00e9s de una actividad pudieron expresar cuales son sus mayores fortalezas y debilidades a la hora de trabajar por el desarrollo de la ciencia; destacando que Explora es una gran oportunidad para crear instancias que beneficien a los estudiantes.<\/p>\n<p style=\"text-align: justify\">De este modo lo manifiesta V\u00edctor Pincheira, profesor del Junior College quien gracias a Explora viaj\u00f3 junto a dos estudiantes a la Feria Internacional de Ciencia y Tecnolog\u00eda INTEL ISEF 2013: \u201cEste programa es importante porque abre un mundo nuevo para todos los chicos, ya que permite una experiencia nueva, es grandioso que regrese a la ciudad porque durante dos a\u00f1os muchos no pudieron participar y esto apoyar\u00e1 a los estudiantes de alumnos inferiores para que puedan abrir sus mentes a nuevos desaf\u00edos\u201d.<\/p>\n<p style=\"text-align: justify\">Al finalizar, Eliana Belmonte, Directora de Explora Arica y Parinacota se vio muy feliz y esperanzada: \u201cEsta es una oportunidad tremendamente grande, porque es un espacio creativo donde los estudiantes tienen que presentar resultados de investigaci\u00f3n escolar, es un espacio reglamentado ya que hay un concurso con un jurado detr\u00e1s y adem\u00e1s <span style=\"font-family: arial, helvetica, sans-serif\">es<\/span> democr\u00e1tico porque es para todos, para todos los ni\u00f1os de b\u00e1sica y media, rurales y urbanos y los temas pueden ser de Ingenier\u00eda y Tecnolog\u00eda, Ciencias Sociales o Ciencias Naturales\u201d se\u00f1al\u00f3 Eliana Belmonte.<\/p>\n<p style=\"text-align: justify\">Este viernes el proyecto continuar\u00e1 la capacitaci\u00f3n a los futuros Monitores EXPLORA-UTA que muy pronto estar\u00e1n en diferentes colegios de la regi\u00f3n, incentivando a los equipos de profesores y estudiantes para que participen en el X Congreso Regional de Ciencia y Tecnolog\u00eda 2015 que se realizar\u00e1 el 14 y 15 de octubre en Arica.<\/p>\n<p>Por Marcela Per\u00e9z Sepulveda<\/p>\n<p>&nbsp;<\/p>\n","protected":false},"excerpt":{"rendered":"<p>&nbsp;La actividad, que tambi\u00e9n cont\u00f3 con una jornada de trabajo entre profesores, se llev\u00f3 a cabo este jueves en la Sala de Eventos de la Facultad de Ciencias de la Universidad de Tarapac\u00e1 Con entusiasmo y muchas expectativas se vivi\u00f3 la ceremonia inaugural del proyecto Explora CONICYT, donde se pudo conocer m\u00e1s sobre este programa [&hellip;]<\/p>\n","protected":false},"author":2,"featured_media":32058,"comment_status":"open","ping_status":"open","sticky":false,"template":"","format":"standard","meta":{"_acf_changed":false,"_exactmetrics_skip_tracking":false,"_exactmetrics_sitenote_active":false,"_exactmetrics_sitenote_note":"","_exactmetrics_sitenote_category":0,"footnotes":"","_links_to":"","_links_to_target":""},"categories":[4],"tags":[],"class_list":["post-32057","post","type-post","status-publish","format-standard","has-post-thumbnail","hentry","category-noticias"],"acf":[],"yoast_head":"<!-- This site is optimized with the Yoast SEO plugin v26.7 - https:\/\/yoast.com\/wordpress\/plugins\/seo\/ -->\n<title>Autoridades y Maestros dieron la Bienvenida Oficial al Regreso de Explora en la regi\u00f3n - Arica y Parinacota<\/title>\n<meta name=\"robots\" content=\"index, follow, max-snippet:-1, max-image-preview:large, max-video-preview:-1\" \/>\n<link rel=\"canonical\" href=\"https:\/\/dev.explora.cl\/aricayparinacota\/inauguracion-explora-region-de-arica-y-parinacota\/\" class=\"yoast-seo-meta-tag\" \/>\n<meta property=\"og:locale\" content=\"es_ES\" class=\"yoast-seo-meta-tag\" \/>\n<meta property=\"og:type\" content=\"article\" class=\"yoast-seo-meta-tag\" \/>\n<meta property=\"og:title\" content=\"Autoridades y Maestros dieron la Bienvenida Oficial al Regreso de Explora en la regi\u00f3n - Arica y Parinacota\" class=\"yoast-seo-meta-tag\" \/>\n<meta property=\"og:description\" content=\"&nbsp;La actividad, que tambi\u00e9n cont\u00f3 con una jornada de trabajo entre profesores, se llev\u00f3 a cabo este jueves en la Sala de Eventos de la Facultad de Ciencias de la Universidad de Tarapac\u00e1 Con entusiasmo y muchas expectativas se vivi\u00f3 la ceremonia inaugural del proyecto Explora CONICYT, donde se pudo conocer m\u00e1s sobre este programa [&hellip;]\" class=\"yoast-seo-meta-tag\" \/>\n<meta property=\"og:url\" content=\"https:\/\/dev.explora.cl\/aricayparinacota\/inauguracion-explora-region-de-arica-y-parinacota\/\" class=\"yoast-seo-meta-tag\" \/>\n<meta property=\"og:site_name\" content=\"Arica y Parinacota\" class=\"yoast-seo-meta-tag\" \/>\n<meta property=\"article:published_time\" content=\"2015-06-25T00:00:00+00:00\" class=\"yoast-seo-meta-tag\" \/>\n<meta property=\"article:modified_time\" content=\"2019-05-09T21:11:27+00:00\" class=\"yoast-seo-meta-tag\" \/>\n<meta property=\"og:image\" content=\"https:\/\/dev.explora.cl\/aricayparinacota\/wp-content\/uploads\/sites\/2\/2018\/06\/4cc1b9d399bd098ab69a760d72b877f9-1024x683.jpg\" class=\"yoast-seo-meta-tag\" \/>\n\t<meta property=\"og:image:width\" content=\"1024\" class=\"yoast-seo-meta-tag\" \/>\n\t<meta property=\"og:image:height\" content=\"683\" class=\"yoast-seo-meta-tag\" \/>\n\t<meta property=\"og:image:type\" content=\"image\/jpeg\" class=\"yoast-seo-meta-tag\" \/>\n<meta name=\"author\" content=\"webman\" class=\"yoast-seo-meta-tag\" \/>\n<meta name=\"twitter:card\" content=\"summary_large_image\" class=\"yoast-seo-meta-tag\" \/>\n<meta name=\"twitter:label1\" content=\"Escrito por\" class=\"yoast-seo-meta-tag\" \/>\n\t<meta name=\"twitter:data1\" content=\"webman\" class=\"yoast-seo-meta-tag\" \/>\n\t<meta name=\"twitter:label2\" content=\"Tiempo estimado de lectura\" class=\"yoast-seo-meta-tag\" \/>\n\t<meta name=\"twitter:data2\" content=\"4 minutos\" class=\"yoast-seo-meta-tag\" \/>\n<script type=\"application\/ld+json\" class=\"yoast-schema-graph\">{\"@context\":\"https:\/\/schema.org\",\"@graph\":[{\"@type\":\"Article\",\"@id\":\"https:\/\/dev.explora.cl\/aricayparinacota\/inauguracion-explora-region-de-arica-y-parinacota\/#article\",\"isPartOf\":{\"@id\":\"https:\/\/dev.explora.cl\/aricayparinacota\/inauguracion-explora-region-de-arica-y-parinacota\/\"},\"author\":{\"name\":\"webman\",\"@id\":\"https:\/\/dev.explora.cl\/aricayparinacota\/#\/schema\/person\/cb8349c13ea2d324080adf8480d7ba5d\"},\"headline\":\"Autoridades y Maestros dieron la Bienvenida Oficial al Regreso de Explora en la regi\u00f3n\",\"datePublished\":\"2015-06-25T00:00:00+00:00\",\"dateModified\":\"2019-05-09T21:11:27+00:00\",\"mainEntityOfPage\":{\"@id\":\"https:\/\/dev.explora.cl\/aricayparinacota\/inauguracion-explora-region-de-arica-y-parinacota\/\"},\"wordCount\":787,\"commentCount\":0,\"publisher\":{\"@id\":\"https:\/\/dev.explora.cl\/aricayparinacota\/#organization\"},\"image\":{\"@id\":\"https:\/\/dev.explora.cl\/aricayparinacota\/inauguracion-explora-region-de-arica-y-parinacota\/#primaryimage\"},\"thumbnailUrl\":\"https:\/\/dev.explora.cl\/aricayparinacota\/wp-content\/uploads\/sites\/2\/2018\/06\/4cc1b9d399bd098ab69a760d72b877f9.jpg\",\"articleSection\":[\"Noticias\"],\"inLanguage\":\"es-CL\",\"potentialAction\":[{\"@type\":\"CommentAction\",\"name\":\"Comment\",\"target\":[\"https:\/\/dev.explora.cl\/aricayparinacota\/inauguracion-explora-region-de-arica-y-parinacota\/#respond\"]}]},{\"@type\":\"WebPage\",\"@id\":\"https:\/\/dev.explora.cl\/aricayparinacota\/inauguracion-explora-region-de-arica-y-parinacota\/\",\"url\":\"https:\/\/dev.explora.cl\/aricayparinacota\/inauguracion-explora-region-de-arica-y-parinacota\/\",\"name\":\"Autoridades y Maestros dieron la Bienvenida Oficial al Regreso de Explora en la regi\u00f3n - Arica y Parinacota\",\"isPartOf\":{\"@id\":\"https:\/\/dev.explora.cl\/aricayparinacota\/#website\"},\"primaryImageOfPage\":{\"@id\":\"https:\/\/dev.explora.cl\/aricayparinacota\/inauguracion-explora-region-de-arica-y-parinacota\/#primaryimage\"},\"image\":{\"@id\":\"https:\/\/dev.explora.cl\/aricayparinacota\/inauguracion-explora-region-de-arica-y-parinacota\/#primaryimage\"},\"thumbnailUrl\":\"https:\/\/dev.explora.cl\/aricayparinacota\/wp-content\/uploads\/sites\/2\/2018\/06\/4cc1b9d399bd098ab69a760d72b877f9.jpg\",\"datePublished\":\"2015-06-25T00:00:00+00:00\",\"dateModified\":\"2019-05-09T21:11:27+00:00\",\"breadcrumb\":{\"@id\":\"https:\/\/dev.explora.cl\/aricayparinacota\/inauguracion-explora-region-de-arica-y-parinacota\/#breadcrumb\"},\"inLanguage\":\"es-CL\",\"potentialAction\":[{\"@type\":\"ReadAction\",\"target\":[\"https:\/\/dev.explora.cl\/aricayparinacota\/inauguracion-explora-region-de-arica-y-parinacota\/\"]}]},{\"@type\":\"ImageObject\",\"inLanguage\":\"es-CL\",\"@id\":\"https:\/\/dev.explora.cl\/aricayparinacota\/inauguracion-explora-region-de-arica-y-parinacota\/#primaryimage\",\"url\":\"https:\/\/dev.explora.cl\/aricayparinacota\/wp-content\/uploads\/sites\/2\/2018\/06\/4cc1b9d399bd098ab69a760d72b877f9.jpg\",\"contentUrl\":\"https:\/\/dev.explora.cl\/aricayparinacota\/wp-content\/uploads\/sites\/2\/2018\/06\/4cc1b9d399bd098ab69a760d72b877f9.jpg\",\"width\":4272,\"height\":2848},{\"@type\":\"BreadcrumbList\",\"@id\":\"https:\/\/dev.explora.cl\/aricayparinacota\/inauguracion-explora-region-de-arica-y-parinacota\/#breadcrumb\",\"itemListElement\":[{\"@type\":\"ListItem\",\"position\":1,\"name\":\"Portada\",\"item\":\"https:\/\/dev.explora.cl\/aricayparinacota\/\"},{\"@type\":\"ListItem\",\"position\":2,\"name\":\"Autoridades y Maestros dieron la Bienvenida Oficial al Regreso de Explora en la regi\u00f3n\"}]},{\"@type\":\"WebSite\",\"@id\":\"https:\/\/dev.explora.cl\/aricayparinacota\/#website\",\"url\":\"https:\/\/dev.explora.cl\/aricayparinacota\/\",\"name\":\"Arica y Parinacota\",\"description\":\"Otro sitio m\u00e1s de dev.explora.cl\",\"publisher\":{\"@id\":\"https:\/\/dev.explora.cl\/aricayparinacota\/#organization\"},\"potentialAction\":[{\"@type\":\"SearchAction\",\"target\":{\"@type\":\"EntryPoint\",\"urlTemplate\":\"https:\/\/dev.explora.cl\/aricayparinacota\/?s={search_term_string}\"},\"query-input\":{\"@type\":\"PropertyValueSpecification\",\"valueRequired\":true,\"valueName\":\"search_term_string\"}}],\"inLanguage\":\"es-CL\"},{\"@type\":\"Organization\",\"@id\":\"https:\/\/dev.explora.cl\/aricayparinacota\/#organization\",\"name\":\"Arica y Parinacota\",\"url\":\"https:\/\/dev.explora.cl\/aricayparinacota\/\",\"logo\":{\"@type\":\"ImageObject\",\"inLanguage\":\"es-CL\",\"@id\":\"https:\/\/dev.explora.cl\/aricayparinacota\/#\/schema\/logo\/image\/\",\"url\":\"https:\/\/dev.explora.cl\/aricayparinacota\/wp-content\/uploads\/sites\/2\/2020\/08\/cropped-nuevosa-logos-11.png\",\"contentUrl\":\"https:\/\/dev.explora.cl\/aricayparinacota\/wp-content\/uploads\/sites\/2\/2020\/08\/cropped-nuevosa-logos-11.png\",\"width\":812,\"height\":937,\"caption\":\"Arica y Parinacota\"},\"image\":{\"@id\":\"https:\/\/dev.explora.cl\/aricayparinacota\/#\/schema\/logo\/image\/\"}},{\"@type\":\"Person\",\"@id\":\"https:\/\/dev.explora.cl\/aricayparinacota\/#\/schema\/person\/cb8349c13ea2d324080adf8480d7ba5d\",\"name\":\"webman\",\"image\":{\"@type\":\"ImageObject\",\"inLanguage\":\"es-CL\",\"@id\":\"https:\/\/dev.explora.cl\/aricayparinacota\/#\/schema\/person\/image\/\",\"url\":\"https:\/\/secure.gravatar.com\/avatar\/eeff3c82f2c02f7177d13663b7e6f890e9a6a0647ce9bb29cae02dcb094c7312?s=96&d=mm&r=g\",\"contentUrl\":\"https:\/\/secure.gravatar.com\/avatar\/eeff3c82f2c02f7177d13663b7e6f890e9a6a0647ce9bb29cae02dcb094c7312?s=96&d=mm&r=g\",\"caption\":\"webman\"},\"url\":\"https:\/\/dev.explora.cl\/aricayparinacota\/author\/webman\/\"}]}<\/script>\n<!-- \/ Yoast SEO plugin. -->","yoast_head_json":{"title":"Autoridades y Maestros dieron la Bienvenida Oficial al Regreso de Explora en la regi\u00f3n - Arica y Parinacota","robots":{"index":"index","follow":"follow","max-snippet":"max-snippet:-1","max-image-preview":"max-image-preview:large","max-video-preview":"max-video-preview:-1"},"canonical":"https:\/\/dev.explora.cl\/aricayparinacota\/inauguracion-explora-region-de-arica-y-parinacota\/","og_locale":"es_ES","og_type":"article","og_title":"Autoridades y Maestros dieron la Bienvenida Oficial al Regreso de Explora en la regi\u00f3n - Arica y Parinacota","og_description":"&nbsp;La actividad, que tambi\u00e9n cont\u00f3 con una jornada de trabajo entre profesores, se llev\u00f3 a cabo este jueves en la Sala de Eventos de la Facultad de Ciencias de la Universidad de Tarapac\u00e1 Con entusiasmo y muchas expectativas se vivi\u00f3 la ceremonia inaugural del proyecto Explora CONICYT, donde se pudo conocer m\u00e1s sobre este programa [&hellip;]","og_url":"https:\/\/dev.explora.cl\/aricayparinacota\/inauguracion-explora-region-de-arica-y-parinacota\/","og_site_name":"Arica y Parinacota","article_published_time":"2015-06-25T00:00:00+00:00","article_modified_time":"2019-05-09T21:11:27+00:00","og_image":[{"width":1024,"height":683,"url":"https:\/\/dev.explora.cl\/aricayparinacota\/wp-content\/uploads\/sites\/2\/2018\/06\/4cc1b9d399bd098ab69a760d72b877f9-1024x683.jpg","type":"image\/jpeg"}],"author":"webman","twitter_card":"summary_large_image","twitter_misc":{"Escrito por":"webman","Tiempo estimado de lectura":"4 minutos"},"schema":{"@context":"https:\/\/schema.org","@graph":[{"@type":"Article","@id":"https:\/\/dev.explora.cl\/aricayparinacota\/inauguracion-explora-region-de-arica-y-parinacota\/#article","isPartOf":{"@id":"https:\/\/dev.explora.cl\/aricayparinacota\/inauguracion-explora-region-de-arica-y-parinacota\/"},"author":{"name":"webman","@id":"https:\/\/dev.explora.cl\/aricayparinacota\/#\/schema\/person\/cb8349c13ea2d324080adf8480d7ba5d"},"headline":"Autoridades y Maestros dieron la Bienvenida Oficial al Regreso de Explora en la regi\u00f3n","datePublished":"2015-06-25T00:00:00+00:00","dateModified":"2019-05-09T21:11:27+00:00","mainEntityOfPage":{"@id":"https:\/\/dev.explora.cl\/aricayparinacota\/inauguracion-explora-region-de-arica-y-parinacota\/"},"wordCount":787,"commentCount":0,"publisher":{"@id":"https:\/\/dev.explora.cl\/aricayparinacota\/#organization"},"image":{"@id":"https:\/\/dev.explora.cl\/aricayparinacota\/inauguracion-explora-region-de-arica-y-parinacota\/#primaryimage"},"thumbnailUrl":"https:\/\/dev.explora.cl\/aricayparinacota\/wp-content\/uploads\/sites\/2\/2018\/06\/4cc1b9d399bd098ab69a760d72b877f9.jpg","articleSection":["Noticias"],"inLanguage":"es-CL","potentialAction":[{"@type":"CommentAction","name":"Comment","target":["https:\/\/dev.explora.cl\/aricayparinacota\/inauguracion-explora-region-de-arica-y-parinacota\/#respond"]}]},{"@type":"WebPage","@id":"https:\/\/dev.explora.cl\/aricayparinacota\/inauguracion-explora-region-de-arica-y-parinacota\/","url":"https:\/\/dev.explora.cl\/aricayparinacota\/inauguracion-explora-region-de-arica-y-parinacota\/","name":"Autoridades y Maestros dieron la Bienvenida Oficial al Regreso de Explora en la regi\u00f3n - Arica y Parinacota","isPartOf":{"@id":"https:\/\/dev.explora.cl\/aricayparinacota\/#website"},"primaryImageOfPage":{"@id":"https:\/\/dev.explora.cl\/aricayparinacota\/inauguracion-explora-region-de-arica-y-parinacota\/#primaryimage"},"image":{"@id":"https:\/\/dev.explora.cl\/aricayparinacota\/inauguracion-explora-region-de-arica-y-parinacota\/#primaryimage"},"thumbnailUrl":"https:\/\/dev.explora.cl\/aricayparinacota\/wp-content\/uploads\/sites\/2\/2018\/06\/4cc1b9d399bd098ab69a760d72b877f9.jpg","datePublished":"2015-06-25T00:00:00+00:00","dateModified":"2019-05-09T21:11:27+00:00","breadcrumb":{"@id":"https:\/\/dev.explora.cl\/aricayparinacota\/inauguracion-explora-region-de-arica-y-parinacota\/#breadcrumb"},"inLanguage":"es-CL","potentialAction":[{"@type":"ReadAction","target":["https:\/\/dev.explora.cl\/aricayparinacota\/inauguracion-explora-region-de-arica-y-parinacota\/"]}]},{"@type":"ImageObject","inLanguage":"es-CL","@id":"https:\/\/dev.explora.cl\/aricayparinacota\/inauguracion-explora-region-de-arica-y-parinacota\/#primaryimage","url":"https:\/\/dev.explora.cl\/aricayparinacota\/wp-content\/uploads\/sites\/2\/2018\/06\/4cc1b9d399bd098ab69a760d72b877f9.jpg","contentUrl":"https:\/\/dev.explora.cl\/aricayparinacota\/wp-content\/uploads\/sites\/2\/2018\/06\/4cc1b9d399bd098ab69a760d72b877f9.jpg","width":4272,"height":2848},{"@type":"BreadcrumbList","@id":"https:\/\/dev.explora.cl\/aricayparinacota\/inauguracion-explora-region-de-arica-y-parinacota\/#breadcrumb","itemListElement":[{"@type":"ListItem","position":1,"name":"Portada","item":"https:\/\/dev.explora.cl\/aricayparinacota\/"},{"@type":"ListItem","position":2,"name":"Autoridades y Maestros dieron la Bienvenida Oficial al Regreso de Explora en la regi\u00f3n"}]},{"@type":"WebSite","@id":"https:\/\/dev.explora.cl\/aricayparinacota\/#website","url":"https:\/\/dev.explora.cl\/aricayparinacota\/","name":"Arica y Parinacota","description":"Otro sitio m\u00e1s de dev.explora.cl","publisher":{"@id":"https:\/\/dev.explora.cl\/aricayparinacota\/#organization"},"potentialAction":[{"@type":"SearchAction","target":{"@type":"EntryPoint","urlTemplate":"https:\/\/dev.explora.cl\/aricayparinacota\/?s={search_term_string}"},"query-input":{"@type":"PropertyValueSpecification","valueRequired":true,"valueName":"search_term_string"}}],"inLanguage":"es-CL"},{"@type":"Organization","@id":"https:\/\/dev.explora.cl\/aricayparinacota\/#organization","name":"Arica y Parinacota","url":"https:\/\/dev.explora.cl\/aricayparinacota\/","logo":{"@type":"ImageObject","inLanguage":"es-CL","@id":"https:\/\/dev.explora.cl\/aricayparinacota\/#\/schema\/logo\/image\/","url":"https:\/\/dev.explora.cl\/aricayparinacota\/wp-content\/uploads\/sites\/2\/2020\/08\/cropped-nuevosa-logos-11.png","contentUrl":"https:\/\/dev.explora.cl\/aricayparinacota\/wp-content\/uploads\/sites\/2\/2020\/08\/cropped-nuevosa-logos-11.png","width":812,"height":937,"caption":"Arica y Parinacota"},"image":{"@id":"https:\/\/dev.explora.cl\/aricayparinacota\/#\/schema\/logo\/image\/"}},{"@type":"Person","@id":"https:\/\/dev.explora.cl\/aricayparinacota\/#\/schema\/person\/cb8349c13ea2d324080adf8480d7ba5d","name":"webman","image":{"@type":"ImageObject","inLanguage":"es-CL","@id":"https:\/\/dev.explora.cl\/aricayparinacota\/#\/schema\/person\/image\/","url":"https:\/\/secure.gravatar.com\/avatar\/eeff3c82f2c02f7177d13663b7e6f890e9a6a0647ce9bb29cae02dcb094c7312?s=96&d=mm&r=g","contentUrl":"https:\/\/secure.gravatar.com\/avatar\/eeff3c82f2c02f7177d13663b7e6f890e9a6a0647ce9bb29cae02dcb094c7312?s=96&d=mm&r=g","caption":"webman"},"url":"https:\/\/dev.explora.cl\/aricayparinacota\/author\/webman\/"}]}},"_links":{"self":[{"href":"https:\/\/dev.explora.cl\/aricayparinacota\/wp-json\/wp\/v2\/posts\/32057","targetHints":{"allow":["GET"]}}],"collection":[{"href":"https:\/\/dev.explora.cl\/aricayparinacota\/wp-json\/wp\/v2\/posts"}],"about":[{"href":"https:\/\/dev.explora.cl\/aricayparinacota\/wp-json\/wp\/v2\/types\/post"}],"author":[{"embeddable":true,"href":"https:\/\/dev.explora.cl\/aricayparinacota\/wp-json\/wp\/v2\/users\/2"}],"replies":[{"embeddable":true,"href":"https:\/\/dev.explora.cl\/aricayparinacota\/wp-json\/wp\/v2\/comments?post=32057"}],"version-history":[{"count":1,"href":"https:\/\/dev.explora.cl\/aricayparinacota\/wp-json\/wp\/v2\/posts\/32057\/revisions"}],"predecessor-version":[{"id":32951,"href":"https:\/\/dev.explora.cl\/aricayparinacota\/wp-json\/wp\/v2\/posts\/32057\/revisions\/32951"}],"wp:featuredmedia":[{"embeddable":true,"href":"https:\/\/dev.explora.cl\/aricayparinacota\/wp-json\/wp\/v2\/media\/32058"}],"wp:attachment":[{"href":"https:\/\/dev.explora.cl\/aricayparinacota\/wp-json\/wp\/v2\/media?parent=32057"}],"wp:term":[{"taxonomy":"category","embeddable":true,"href":"https:\/\/dev.explora.cl\/aricayparinacota\/wp-json\/wp\/v2\/categories?post=32057"},{"taxonomy":"post_tag","embeddable":true,"href":"https:\/\/dev.explora.cl\/aricayparinacota\/wp-json\/wp\/v2\/tags?post=32057"}],"curies":[{"name":"wp","href":"https:\/\/api.w.org\/{rel}","templated":true}]}}