{"id":32055,"date":"2015-06-24T00:00:00","date_gmt":"2015-06-24T00:00:00","guid":{"rendered":"https:\/\/dev.explora.cl\/aricayparinacota\/blog\/2015\/06\/24\/bienvenidos-postulantes-monitores-explora-2015-primera-capacitacion\/"},"modified":"2019-05-09T21:11:35","modified_gmt":"2019-05-09T21:11:35","slug":"bienvenidos-postulantes-monitores-explora-2015-primera-capacitacion","status":"publish","type":"post","link":"https:\/\/dev.explora.cl\/aricayparinacota\/bienvenidos-postulantes-monitores-explora-2015-primera-capacitacion\/","title":{"rendered":"Iniciativa Explora realiz\u00f3 primeras capacitaciones para Monitores Universitarios 2015"},"content":{"rendered":"<p><img loading=\"lazy\" decoding=\"async\" class=\" size-full wp-image-12546\" src=\"http:\/\/ec2-34-218-253-251.us-west-2.compute.amazonaws.com\/wp-content\/uploads\/2015\/06\/1708c39d721a2e75782a515dd756c9d5.jpg\" alt=\"Primera Capacitaci\u00f3n Postulantes Monitores Explora\" width=\"4272\" height=\"2848\" \/><\/p>\n<p>&nbsp;<span style=\"font-family: arial, helvetica, sans-serif;font-size: 8pt\"><strong>M\u00e1s de 50 j\u00f3venes universitarios de Arica quieren ser parte del programa Explora que busca fomentar la divulgaci\u00f3n y valoraci\u00f3n de la ciencia en etapa escolar.<\/strong><\/span><\/p>\n<p style=\"text-align: justify\"><span style=\"font-size: 8pt;font-family: arial, helvetica, sans-serif\">El regreso del programa Explora Conicyt a la regi\u00f3n no s\u00f3lo abre nuevas posibilidades para promover la ciencia entre los escolares de Arica y Parinacota; sino que adem\u00e1s, le permite a diferentes j\u00f3venes universitarios ser parte de este proyecto incorporando sus conocimientos al servicio de los estudiantes b\u00e1sicos y secundarios interesados en la ciencia y tecnolog\u00eda. <\/span><\/p>\n<p style=\"text-align: justify\"><span style=\"font-size: 8pt;font-family: arial, helvetica, sans-serif\">A ra\u00edz de ello, el pasado mi\u00e9rcoles 17 y martes 23 de junio se llevaron a cabo las primeras capacitaciones para formar monitores Explora 2015, donde 58 universitarios interesados llegaron hasta la Sala de Eventos de la Facultad de Ciencias de la Universidad de Tarapac\u00e1 para conocer m\u00e1s del sobre el programa nacional y las funciones que desempe\u00f1ar\u00e1n durante este a\u00f1o quienes queden capacitados.<\/span><\/p>\n<p style=\"text-align: justify\"><span style=\"font-size: 8pt;font-family: arial, helvetica, sans-serif\">Las jornadas estuvieron dirigidas por M\u00f3nica Codriansky, Encargada de Eventos y Talleres de Explora Arica y Parinacota. En ellas se explicaron los lineamientos generales del programa y adem\u00e1s, se pudo conocer las opiniones de los futuros monitores, algunos de los cuales participaron del programa Explora a\u00f1os atr\u00e1s mientras cursaban su etapa escolar.&nbsp; <\/span><\/p>\n<p style=\"text-align: justify\"><span style=\"font-size: 8pt;font-family: arial, helvetica, sans-serif\">\u201cLa jornada fue bastante intensa, hubo una mayor participaci\u00f3n de la esperada donde los asistentes se vieron sumamente motivados en las diferentes \u00e1reas de trabajo para el congreso regional (Ingenier\u00eda y Tecnolog\u00eda, Ciencias Sociales y Ciencias Naturales). Dentro del proceso se gener\u00f3 una instancia para trabajar en equipo y se pudo apreciar el compromiso que sienten estos j\u00f3venes por llevar a cabo las diversas funciones del programa Explora en la regi\u00f3n\u201d, manifest\u00f3 Daniela Bahamondes Coordinadora Subrogante de Explora Arica y Parinacota.<\/span><\/p>\n<p style=\"text-align: justify\"><span style=\"font-size: 8pt;font-family: arial, helvetica, sans-serif\">Por su parte, una de las asistentes, Daniela Donoso, egresada de Antropolog\u00eda, se refiri\u00f3 a la capacitaci\u00f3n y a su inter\u00e9s en ser parte de Explora: \u201cMe pareci\u00f3 una jornada muy explicativa de lo que se pretende hacer, me convenc\u00ed m\u00e1s de querer ser monitora para dar mi granito de arena a los ni\u00f1os y j\u00f3venes que les interese participar en las actividades, impulsando la creatividad de \u00e9stos en la generaci\u00f3n de proyectos cient\u00edficos\u201d. <\/span><\/p>\n<p style=\"text-align: justify\"><span style=\"font-size: 8pt;font-family: arial, helvetica, sans-serif\">La labor de los monitores universitarios Explora es esencial para el programa nacional, ya que ellos estar\u00e1n presentes en las m\u00faltiples iniciativas que se ejecutar\u00e1n, efectuando labores de facilitadores entre acad\u00e9micos y estudiantes interesados en ser parte del X Congreso Regional Escolar de Ciencia y Tecnolog\u00eda y, durante la Semana de la Ciencia 2015. <\/span><\/p>\n<p><span style=\"font-size: 8pt;font-family: arial, helvetica, sans-serif\">Las actividades de capacitaci\u00f3n de monitores universitarios continuar\u00e1n esta semana con una segunda sesi\u00f3n y muy pronto estar\u00e1n visitando diferentes establecimientos de la regi\u00f3n.<\/span><\/p>\n<p><span style=\"font-family: arial, helvetica, sans-serif;font-size: 8pt\">&nbsp;<\/span><\/p>\n<p><span style=\"font-size: 8pt;font-family: arial, helvetica, sans-serif\">Por Marcela Per\u00e9z Sep\u00falveda<\/span><\/p>\n","protected":false},"excerpt":{"rendered":"<p>&nbsp;M\u00e1s de 50 j\u00f3venes universitarios de Arica quieren ser parte del programa Explora que busca fomentar la divulgaci\u00f3n y valoraci\u00f3n de la ciencia en etapa escolar. El regreso del programa Explora Conicyt a la regi\u00f3n no s\u00f3lo abre nuevas posibilidades para promover la ciencia entre los escolares de Arica y Parinacota; sino que adem\u00e1s, le [&hellip;]<\/p>\n","protected":false},"author":2,"featured_media":32056,"comment_status":"open","ping_status":"open","sticky":false,"template":"","format":"standard","meta":{"_acf_changed":false,"_exactmetrics_skip_tracking":false,"_exactmetrics_sitenote_active":false,"_exactmetrics_sitenote_note":"","_exactmetrics_sitenote_category":0,"footnotes":"","_links_to":"","_links_to_target":""},"categories":[4],"tags":[104,105,106],"class_list":["post-32055","post","type-post","status-publish","format-standard","has-post-thumbnail","hentry","category-noticias","tag-concurso","tag-educacion","tag-semana-de-la-ciencia"],"acf":[],"yoast_head":"<!-- This site is optimized with the Yoast SEO plugin v26.7 - https:\/\/yoast.com\/wordpress\/plugins\/seo\/ -->\n<title>Iniciativa Explora realiz\u00f3 primeras capacitaciones para Monitores Universitarios 2015 - Arica y Parinacota<\/title>\n<meta name=\"robots\" content=\"index, follow, max-snippet:-1, max-image-preview:large, max-video-preview:-1\" \/>\n<link rel=\"canonical\" href=\"https:\/\/dev.explora.cl\/aricayparinacota\/bienvenidos-postulantes-monitores-explora-2015-primera-capacitacion\/\" class=\"yoast-seo-meta-tag\" \/>\n<meta property=\"og:locale\" content=\"es_ES\" class=\"yoast-seo-meta-tag\" \/>\n<meta property=\"og:type\" content=\"article\" class=\"yoast-seo-meta-tag\" \/>\n<meta property=\"og:title\" content=\"Iniciativa Explora realiz\u00f3 primeras capacitaciones para Monitores Universitarios 2015 - Arica y Parinacota\" class=\"yoast-seo-meta-tag\" \/>\n<meta property=\"og:description\" content=\"&nbsp;M\u00e1s de 50 j\u00f3venes universitarios de Arica quieren ser parte del programa Explora que busca fomentar la divulgaci\u00f3n y valoraci\u00f3n de la ciencia en etapa escolar. El regreso del programa Explora Conicyt a la regi\u00f3n no s\u00f3lo abre nuevas posibilidades para promover la ciencia entre los escolares de Arica y Parinacota; sino que adem\u00e1s, le [&hellip;]\" class=\"yoast-seo-meta-tag\" \/>\n<meta property=\"og:url\" content=\"https:\/\/dev.explora.cl\/aricayparinacota\/bienvenidos-postulantes-monitores-explora-2015-primera-capacitacion\/\" class=\"yoast-seo-meta-tag\" \/>\n<meta property=\"og:site_name\" content=\"Arica y Parinacota\" class=\"yoast-seo-meta-tag\" \/>\n<meta property=\"article:published_time\" content=\"2015-06-24T00:00:00+00:00\" class=\"yoast-seo-meta-tag\" \/>\n<meta property=\"article:modified_time\" content=\"2019-05-09T21:11:35+00:00\" class=\"yoast-seo-meta-tag\" \/>\n<meta property=\"og:image\" content=\"https:\/\/dev.explora.cl\/aricayparinacota\/wp-content\/uploads\/sites\/2\/2018\/06\/1708c39d721a2e75782a515dd756c9d5-1024x683.jpg\" class=\"yoast-seo-meta-tag\" \/>\n\t<meta property=\"og:image:width\" content=\"1024\" class=\"yoast-seo-meta-tag\" \/>\n\t<meta property=\"og:image:height\" content=\"683\" class=\"yoast-seo-meta-tag\" \/>\n\t<meta property=\"og:image:type\" content=\"image\/jpeg\" class=\"yoast-seo-meta-tag\" \/>\n<meta name=\"author\" content=\"webman\" class=\"yoast-seo-meta-tag\" \/>\n<meta name=\"twitter:card\" content=\"summary_large_image\" class=\"yoast-seo-meta-tag\" \/>\n<meta name=\"twitter:label1\" content=\"Escrito por\" class=\"yoast-seo-meta-tag\" \/>\n\t<meta name=\"twitter:data1\" content=\"webman\" class=\"yoast-seo-meta-tag\" \/>\n\t<meta name=\"twitter:label2\" content=\"Tiempo estimado de lectura\" class=\"yoast-seo-meta-tag\" \/>\n\t<meta name=\"twitter:data2\" content=\"2 minutos\" class=\"yoast-seo-meta-tag\" \/>\n<script type=\"application\/ld+json\" class=\"yoast-schema-graph\">{\"@context\":\"https:\/\/schema.org\",\"@graph\":[{\"@type\":\"Article\",\"@id\":\"https:\/\/dev.explora.cl\/aricayparinacota\/bienvenidos-postulantes-monitores-explora-2015-primera-capacitacion\/#article\",\"isPartOf\":{\"@id\":\"https:\/\/dev.explora.cl\/aricayparinacota\/bienvenidos-postulantes-monitores-explora-2015-primera-capacitacion\/\"},\"author\":{\"name\":\"webman\",\"@id\":\"https:\/\/dev.explora.cl\/aricayparinacota\/#\/schema\/person\/cb8349c13ea2d324080adf8480d7ba5d\"},\"headline\":\"Iniciativa Explora realiz\u00f3 primeras capacitaciones para Monitores Universitarios 2015\",\"datePublished\":\"2015-06-24T00:00:00+00:00\",\"dateModified\":\"2019-05-09T21:11:35+00:00\",\"mainEntityOfPage\":{\"@id\":\"https:\/\/dev.explora.cl\/aricayparinacota\/bienvenidos-postulantes-monitores-explora-2015-primera-capacitacion\/\"},\"wordCount\":485,\"commentCount\":0,\"publisher\":{\"@id\":\"https:\/\/dev.explora.cl\/aricayparinacota\/#organization\"},\"image\":{\"@id\":\"https:\/\/dev.explora.cl\/aricayparinacota\/bienvenidos-postulantes-monitores-explora-2015-primera-capacitacion\/#primaryimage\"},\"thumbnailUrl\":\"https:\/\/dev.explora.cl\/aricayparinacota\/wp-content\/uploads\/sites\/2\/2018\/06\/1708c39d721a2e75782a515dd756c9d5.jpg\",\"keywords\":[\"concurso\",\"educaci\u00f3n\",\"semana de la ciencia\"],\"articleSection\":[\"Noticias\"],\"inLanguage\":\"es-CL\",\"potentialAction\":[{\"@type\":\"CommentAction\",\"name\":\"Comment\",\"target\":[\"https:\/\/dev.explora.cl\/aricayparinacota\/bienvenidos-postulantes-monitores-explora-2015-primera-capacitacion\/#respond\"]}]},{\"@type\":\"WebPage\",\"@id\":\"https:\/\/dev.explora.cl\/aricayparinacota\/bienvenidos-postulantes-monitores-explora-2015-primera-capacitacion\/\",\"url\":\"https:\/\/dev.explora.cl\/aricayparinacota\/bienvenidos-postulantes-monitores-explora-2015-primera-capacitacion\/\",\"name\":\"Iniciativa Explora realiz\u00f3 primeras capacitaciones para Monitores Universitarios 2015 - Arica y Parinacota\",\"isPartOf\":{\"@id\":\"https:\/\/dev.explora.cl\/aricayparinacota\/#website\"},\"primaryImageOfPage\":{\"@id\":\"https:\/\/dev.explora.cl\/aricayparinacota\/bienvenidos-postulantes-monitores-explora-2015-primera-capacitacion\/#primaryimage\"},\"image\":{\"@id\":\"https:\/\/dev.explora.cl\/aricayparinacota\/bienvenidos-postulantes-monitores-explora-2015-primera-capacitacion\/#primaryimage\"},\"thumbnailUrl\":\"https:\/\/dev.explora.cl\/aricayparinacota\/wp-content\/uploads\/sites\/2\/2018\/06\/1708c39d721a2e75782a515dd756c9d5.jpg\",\"datePublished\":\"2015-06-24T00:00:00+00:00\",\"dateModified\":\"2019-05-09T21:11:35+00:00\",\"breadcrumb\":{\"@id\":\"https:\/\/dev.explora.cl\/aricayparinacota\/bienvenidos-postulantes-monitores-explora-2015-primera-capacitacion\/#breadcrumb\"},\"inLanguage\":\"es-CL\",\"potentialAction\":[{\"@type\":\"ReadAction\",\"target\":[\"https:\/\/dev.explora.cl\/aricayparinacota\/bienvenidos-postulantes-monitores-explora-2015-primera-capacitacion\/\"]}]},{\"@type\":\"ImageObject\",\"inLanguage\":\"es-CL\",\"@id\":\"https:\/\/dev.explora.cl\/aricayparinacota\/bienvenidos-postulantes-monitores-explora-2015-primera-capacitacion\/#primaryimage\",\"url\":\"https:\/\/dev.explora.cl\/aricayparinacota\/wp-content\/uploads\/sites\/2\/2018\/06\/1708c39d721a2e75782a515dd756c9d5.jpg\",\"contentUrl\":\"https:\/\/dev.explora.cl\/aricayparinacota\/wp-content\/uploads\/sites\/2\/2018\/06\/1708c39d721a2e75782a515dd756c9d5.jpg\",\"width\":4272,\"height\":2848,\"caption\":\"Primera Capacitaci\u00f3n Postulantes Monitores Explora\"},{\"@type\":\"BreadcrumbList\",\"@id\":\"https:\/\/dev.explora.cl\/aricayparinacota\/bienvenidos-postulantes-monitores-explora-2015-primera-capacitacion\/#breadcrumb\",\"itemListElement\":[{\"@type\":\"ListItem\",\"position\":1,\"name\":\"Portada\",\"item\":\"https:\/\/dev.explora.cl\/aricayparinacota\/\"},{\"@type\":\"ListItem\",\"position\":2,\"name\":\"Iniciativa Explora realiz\u00f3 primeras capacitaciones para Monitores Universitarios 2015\"}]},{\"@type\":\"WebSite\",\"@id\":\"https:\/\/dev.explora.cl\/aricayparinacota\/#website\",\"url\":\"https:\/\/dev.explora.cl\/aricayparinacota\/\",\"name\":\"Arica y Parinacota\",\"description\":\"Otro sitio m\u00e1s de dev.explora.cl\",\"publisher\":{\"@id\":\"https:\/\/dev.explora.cl\/aricayparinacota\/#organization\"},\"potentialAction\":[{\"@type\":\"SearchAction\",\"target\":{\"@type\":\"EntryPoint\",\"urlTemplate\":\"https:\/\/dev.explora.cl\/aricayparinacota\/?s={search_term_string}\"},\"query-input\":{\"@type\":\"PropertyValueSpecification\",\"valueRequired\":true,\"valueName\":\"search_term_string\"}}],\"inLanguage\":\"es-CL\"},{\"@type\":\"Organization\",\"@id\":\"https:\/\/dev.explora.cl\/aricayparinacota\/#organization\",\"name\":\"Arica y Parinacota\",\"url\":\"https:\/\/dev.explora.cl\/aricayparinacota\/\",\"logo\":{\"@type\":\"ImageObject\",\"inLanguage\":\"es-CL\",\"@id\":\"https:\/\/dev.explora.cl\/aricayparinacota\/#\/schema\/logo\/image\/\",\"url\":\"https:\/\/dev.explora.cl\/aricayparinacota\/wp-content\/uploads\/sites\/2\/2020\/08\/cropped-nuevosa-logos-11.png\",\"contentUrl\":\"https:\/\/dev.explora.cl\/aricayparinacota\/wp-content\/uploads\/sites\/2\/2020\/08\/cropped-nuevosa-logos-11.png\",\"width\":812,\"height\":937,\"caption\":\"Arica y Parinacota\"},\"image\":{\"@id\":\"https:\/\/dev.explora.cl\/aricayparinacota\/#\/schema\/logo\/image\/\"}},{\"@type\":\"Person\",\"@id\":\"https:\/\/dev.explora.cl\/aricayparinacota\/#\/schema\/person\/cb8349c13ea2d324080adf8480d7ba5d\",\"name\":\"webman\",\"image\":{\"@type\":\"ImageObject\",\"inLanguage\":\"es-CL\",\"@id\":\"https:\/\/dev.explora.cl\/aricayparinacota\/#\/schema\/person\/image\/\",\"url\":\"https:\/\/secure.gravatar.com\/avatar\/eeff3c82f2c02f7177d13663b7e6f890e9a6a0647ce9bb29cae02dcb094c7312?s=96&d=mm&r=g\",\"contentUrl\":\"https:\/\/secure.gravatar.com\/avatar\/eeff3c82f2c02f7177d13663b7e6f890e9a6a0647ce9bb29cae02dcb094c7312?s=96&d=mm&r=g\",\"caption\":\"webman\"},\"url\":\"https:\/\/dev.explora.cl\/aricayparinacota\/author\/webman\/\"}]}<\/script>\n<!-- \/ Yoast SEO plugin. -->","yoast_head_json":{"title":"Iniciativa Explora realiz\u00f3 primeras capacitaciones para Monitores Universitarios 2015 - Arica y Parinacota","robots":{"index":"index","follow":"follow","max-snippet":"max-snippet:-1","max-image-preview":"max-image-preview:large","max-video-preview":"max-video-preview:-1"},"canonical":"https:\/\/dev.explora.cl\/aricayparinacota\/bienvenidos-postulantes-monitores-explora-2015-primera-capacitacion\/","og_locale":"es_ES","og_type":"article","og_title":"Iniciativa Explora realiz\u00f3 primeras capacitaciones para Monitores Universitarios 2015 - Arica y Parinacota","og_description":"&nbsp;M\u00e1s de 50 j\u00f3venes universitarios de Arica quieren ser parte del programa Explora que busca fomentar la divulgaci\u00f3n y valoraci\u00f3n de la ciencia en etapa escolar. El regreso del programa Explora Conicyt a la regi\u00f3n no s\u00f3lo abre nuevas posibilidades para promover la ciencia entre los escolares de Arica y Parinacota; sino que adem\u00e1s, le [&hellip;]","og_url":"https:\/\/dev.explora.cl\/aricayparinacota\/bienvenidos-postulantes-monitores-explora-2015-primera-capacitacion\/","og_site_name":"Arica y Parinacota","article_published_time":"2015-06-24T00:00:00+00:00","article_modified_time":"2019-05-09T21:11:35+00:00","og_image":[{"width":1024,"height":683,"url":"https:\/\/dev.explora.cl\/aricayparinacota\/wp-content\/uploads\/sites\/2\/2018\/06\/1708c39d721a2e75782a515dd756c9d5-1024x683.jpg","type":"image\/jpeg"}],"author":"webman","twitter_card":"summary_large_image","twitter_misc":{"Escrito por":"webman","Tiempo estimado de lectura":"2 minutos"},"schema":{"@context":"https:\/\/schema.org","@graph":[{"@type":"Article","@id":"https:\/\/dev.explora.cl\/aricayparinacota\/bienvenidos-postulantes-monitores-explora-2015-primera-capacitacion\/#article","isPartOf":{"@id":"https:\/\/dev.explora.cl\/aricayparinacota\/bienvenidos-postulantes-monitores-explora-2015-primera-capacitacion\/"},"author":{"name":"webman","@id":"https:\/\/dev.explora.cl\/aricayparinacota\/#\/schema\/person\/cb8349c13ea2d324080adf8480d7ba5d"},"headline":"Iniciativa Explora realiz\u00f3 primeras capacitaciones para Monitores Universitarios 2015","datePublished":"2015-06-24T00:00:00+00:00","dateModified":"2019-05-09T21:11:35+00:00","mainEntityOfPage":{"@id":"https:\/\/dev.explora.cl\/aricayparinacota\/bienvenidos-postulantes-monitores-explora-2015-primera-capacitacion\/"},"wordCount":485,"commentCount":0,"publisher":{"@id":"https:\/\/dev.explora.cl\/aricayparinacota\/#organization"},"image":{"@id":"https:\/\/dev.explora.cl\/aricayparinacota\/bienvenidos-postulantes-monitores-explora-2015-primera-capacitacion\/#primaryimage"},"thumbnailUrl":"https:\/\/dev.explora.cl\/aricayparinacota\/wp-content\/uploads\/sites\/2\/2018\/06\/1708c39d721a2e75782a515dd756c9d5.jpg","keywords":["concurso","educaci\u00f3n","semana de la ciencia"],"articleSection":["Noticias"],"inLanguage":"es-CL","potentialAction":[{"@type":"CommentAction","name":"Comment","target":["https:\/\/dev.explora.cl\/aricayparinacota\/bienvenidos-postulantes-monitores-explora-2015-primera-capacitacion\/#respond"]}]},{"@type":"WebPage","@id":"https:\/\/dev.explora.cl\/aricayparinacota\/bienvenidos-postulantes-monitores-explora-2015-primera-capacitacion\/","url":"https:\/\/dev.explora.cl\/aricayparinacota\/bienvenidos-postulantes-monitores-explora-2015-primera-capacitacion\/","name":"Iniciativa Explora realiz\u00f3 primeras capacitaciones para Monitores Universitarios 2015 - Arica y Parinacota","isPartOf":{"@id":"https:\/\/dev.explora.cl\/aricayparinacota\/#website"},"primaryImageOfPage":{"@id":"https:\/\/dev.explora.cl\/aricayparinacota\/bienvenidos-postulantes-monitores-explora-2015-primera-capacitacion\/#primaryimage"},"image":{"@id":"https:\/\/dev.explora.cl\/aricayparinacota\/bienvenidos-postulantes-monitores-explora-2015-primera-capacitacion\/#primaryimage"},"thumbnailUrl":"https:\/\/dev.explora.cl\/aricayparinacota\/wp-content\/uploads\/sites\/2\/2018\/06\/1708c39d721a2e75782a515dd756c9d5.jpg","datePublished":"2015-06-24T00:00:00+00:00","dateModified":"2019-05-09T21:11:35+00:00","breadcrumb":{"@id":"https:\/\/dev.explora.cl\/aricayparinacota\/bienvenidos-postulantes-monitores-explora-2015-primera-capacitacion\/#breadcrumb"},"inLanguage":"es-CL","potentialAction":[{"@type":"ReadAction","target":["https:\/\/dev.explora.cl\/aricayparinacota\/bienvenidos-postulantes-monitores-explora-2015-primera-capacitacion\/"]}]},{"@type":"ImageObject","inLanguage":"es-CL","@id":"https:\/\/dev.explora.cl\/aricayparinacota\/bienvenidos-postulantes-monitores-explora-2015-primera-capacitacion\/#primaryimage","url":"https:\/\/dev.explora.cl\/aricayparinacota\/wp-content\/uploads\/sites\/2\/2018\/06\/1708c39d721a2e75782a515dd756c9d5.jpg","contentUrl":"https:\/\/dev.explora.cl\/aricayparinacota\/wp-content\/uploads\/sites\/2\/2018\/06\/1708c39d721a2e75782a515dd756c9d5.jpg","width":4272,"height":2848,"caption":"Primera Capacitaci\u00f3n Postulantes Monitores Explora"},{"@type":"BreadcrumbList","@id":"https:\/\/dev.explora.cl\/aricayparinacota\/bienvenidos-postulantes-monitores-explora-2015-primera-capacitacion\/#breadcrumb","itemListElement":[{"@type":"ListItem","position":1,"name":"Portada","item":"https:\/\/dev.explora.cl\/aricayparinacota\/"},{"@type":"ListItem","position":2,"name":"Iniciativa Explora realiz\u00f3 primeras capacitaciones para Monitores Universitarios 2015"}]},{"@type":"WebSite","@id":"https:\/\/dev.explora.cl\/aricayparinacota\/#website","url":"https:\/\/dev.explora.cl\/aricayparinacota\/","name":"Arica y Parinacota","description":"Otro sitio m\u00e1s de dev.explora.cl","publisher":{"@id":"https:\/\/dev.explora.cl\/aricayparinacota\/#organization"},"potentialAction":[{"@type":"SearchAction","target":{"@type":"EntryPoint","urlTemplate":"https:\/\/dev.explora.cl\/aricayparinacota\/?s={search_term_string}"},"query-input":{"@type":"PropertyValueSpecification","valueRequired":true,"valueName":"search_term_string"}}],"inLanguage":"es-CL"},{"@type":"Organization","@id":"https:\/\/dev.explora.cl\/aricayparinacota\/#organization","name":"Arica y Parinacota","url":"https:\/\/dev.explora.cl\/aricayparinacota\/","logo":{"@type":"ImageObject","inLanguage":"es-CL","@id":"https:\/\/dev.explora.cl\/aricayparinacota\/#\/schema\/logo\/image\/","url":"https:\/\/dev.explora.cl\/aricayparinacota\/wp-content\/uploads\/sites\/2\/2020\/08\/cropped-nuevosa-logos-11.png","contentUrl":"https:\/\/dev.explora.cl\/aricayparinacota\/wp-content\/uploads\/sites\/2\/2020\/08\/cropped-nuevosa-logos-11.png","width":812,"height":937,"caption":"Arica y Parinacota"},"image":{"@id":"https:\/\/dev.explora.cl\/aricayparinacota\/#\/schema\/logo\/image\/"}},{"@type":"Person","@id":"https:\/\/dev.explora.cl\/aricayparinacota\/#\/schema\/person\/cb8349c13ea2d324080adf8480d7ba5d","name":"webman","image":{"@type":"ImageObject","inLanguage":"es-CL","@id":"https:\/\/dev.explora.cl\/aricayparinacota\/#\/schema\/person\/image\/","url":"https:\/\/secure.gravatar.com\/avatar\/eeff3c82f2c02f7177d13663b7e6f890e9a6a0647ce9bb29cae02dcb094c7312?s=96&d=mm&r=g","contentUrl":"https:\/\/secure.gravatar.com\/avatar\/eeff3c82f2c02f7177d13663b7e6f890e9a6a0647ce9bb29cae02dcb094c7312?s=96&d=mm&r=g","caption":"webman"},"url":"https:\/\/dev.explora.cl\/aricayparinacota\/author\/webman\/"}]}},"_links":{"self":[{"href":"https:\/\/dev.explora.cl\/aricayparinacota\/wp-json\/wp\/v2\/posts\/32055","targetHints":{"allow":["GET"]}}],"collection":[{"href":"https:\/\/dev.explora.cl\/aricayparinacota\/wp-json\/wp\/v2\/posts"}],"about":[{"href":"https:\/\/dev.explora.cl\/aricayparinacota\/wp-json\/wp\/v2\/types\/post"}],"author":[{"embeddable":true,"href":"https:\/\/dev.explora.cl\/aricayparinacota\/wp-json\/wp\/v2\/users\/2"}],"replies":[{"embeddable":true,"href":"https:\/\/dev.explora.cl\/aricayparinacota\/wp-json\/wp\/v2\/comments?post=32055"}],"version-history":[{"count":1,"href":"https:\/\/dev.explora.cl\/aricayparinacota\/wp-json\/wp\/v2\/posts\/32055\/revisions"}],"predecessor-version":[{"id":32952,"href":"https:\/\/dev.explora.cl\/aricayparinacota\/wp-json\/wp\/v2\/posts\/32055\/revisions\/32952"}],"wp:featuredmedia":[{"embeddable":true,"href":"https:\/\/dev.explora.cl\/aricayparinacota\/wp-json\/wp\/v2\/media\/32056"}],"wp:attachment":[{"href":"https:\/\/dev.explora.cl\/aricayparinacota\/wp-json\/wp\/v2\/media?parent=32055"}],"wp:term":[{"taxonomy":"category","embeddable":true,"href":"https:\/\/dev.explora.cl\/aricayparinacota\/wp-json\/wp\/v2\/categories?post=32055"},{"taxonomy":"post_tag","embeddable":true,"href":"https:\/\/dev.explora.cl\/aricayparinacota\/wp-json\/wp\/v2\/tags?post=32055"}],"curies":[{"name":"wp","href":"https:\/\/api.w.org\/{rel}","templated":true}]}}