{"id":32053,"date":"2015-06-19T00:00:00","date_gmt":"2015-06-19T00:00:00","guid":{"rendered":"https:\/\/dev.explora.cl\/aricayparinacota\/blog\/2015\/06\/19\/explora-abre-su-convocatoria-a-1000-cientificos-1000-aulas-1\/"},"modified":"2019-05-09T21:12:00","modified_gmt":"2019-05-09T21:12:00","slug":"explora-abre-su-convocatoria-a-1000-cientificos-1000-aulas-1","status":"publish","type":"post","link":"https:\/\/dev.explora.cl\/aricayparinacota\/explora-abre-su-convocatoria-a-1000-cientificos-1000-aulas-1\/","title":{"rendered":"EXPLORA  abre su convocatoria a 1000 Cient\u00edficos 1000 Aulas"},"content":{"rendered":"<p><img loading=\"lazy\" decoding=\"async\" class=\" size-full wp-image-12430\" src=\"http:\/\/ec2-34-218-253-251.us-west-2.compute.amazonaws.com\/wp-content\/uploads\/2015\/06\/e0ebb7f01c0eb9be9232cc8ab2735bfa.jpg\" alt=\"\" width=\"773\" height=\"465\" \/><\/p>\n<p>Este lunes 22 comienza la convocatoria 1000 Cient\u00edficos 1000 Aulas en todo el pa\u00eds. Una primera etapa que contempla la inscripci\u00f3n de cient\u00edficos que ofrecen sus charlas a establecimientos.<\/p>\n<p>1000 Cient\u00edficos 1000 Aulas es una iniciativa impulsada por el Programa EXPLORA CONICYT desde el a\u00f1o 2000, que invita a hombres y mujeres de ciencia, tecnolog\u00eda y academia, y a estudiantes de postgrado, a dejar sus laboratorios y c\u00e1tedras para ir a la escuela a compartir sus experiencias profesionales y laborales con estudiantes de educaci\u00f3n Preb\u00e1sica, B\u00e1sica y Media.<\/p>\n<p>La principal motivaci\u00f3n es tender un puente entre el mundo escolar y la comunidad cient\u00edfica para que ni\u00f1as, ni\u00f1os, j\u00f3venes y docentes puedan conocer de primera fuente el trabajo cient\u00edfico que se realiza en Chile, su relevancia para la sociedad y vislumbrar la ciencia como una actividad posible en su horizonte.<\/p>\n<p>Esta visita de representantes de la comunidad cient\u00edfica a escuelas y liceos es concebida desde EXPLORA como un espacio para compartir tanto sus experiencias personales y las razones que los llevaron a ser cient\u00edficos, como contenidos cient\u00edficos de la manera m\u00e1s clara y simple posible para generar una comunicaci\u00f3n fluida con la audiencia.<\/p>\n<p><strong>\u00bfQUI\u00c9NES?<\/strong> En esta oportunidad convocamos a estudiantes de magister o doctorados, acad\u00e9micos, tecn\u00f3logos, profesionales e investigadores de universidades, servicios p\u00fablicos, instituciones privadas y centros de estudios a ingresar a <span style=\"text-decoration: underline\"><span style=\"color: #0000ff\"><a href=\"http:\/\/1000cientificos.dev.explora.cl\/\" target=\"_blank\" rel=\"noopener noreferrer\"><span style=\"color: #0000ff;text-decoration: underline\">http:\/\/1000cientificos.dev.explora.cl\/<\/span><\/a><\/span><\/span> e inscribir una charla para que, en una pr\u00f3xima etapa, las y los docentes puedan revisar y elegir entre las charlas que est\u00e1n disponibles para la comuna donde se encuentra el establecimiento.<\/p>\n<p><strong>\u00bfCU\u00c1NDO?<\/strong> 1000 Cient\u00edficos 1000 Aulas se realiza en octubre, cuando se concretan las visitas.<\/p>\n<p><strong>\u00bfC\u00d3MO?<\/strong> \u00a1P\u00e1sate al aula! Inscribe tu charla en <span style=\"text-decoration: underline\"><span style=\"color: #0000ff\"><a href=\"http:\/\/1000cientificos.dev.explora.cl\/\" target=\"_blank\" rel=\"noopener noreferrer\"><span style=\"color: #0000ff;text-decoration: underline\">http:\/\/1000cientificos.dev.explora.cl\/<\/span><\/a><\/span><\/span> .<\/p>\n","protected":false},"excerpt":{"rendered":"<p>Este lunes 22 comienza la convocatoria 1000 Cient\u00edficos 1000 Aulas en todo el pa\u00eds. Una primera etapa que contempla la inscripci\u00f3n de cient\u00edficos que ofrecen sus charlas a establecimientos. 1000 Cient\u00edficos 1000 Aulas es una iniciativa impulsada por el Programa EXPLORA CONICYT desde el a\u00f1o 2000, que invita a hombres y mujeres de ciencia, tecnolog\u00eda [&hellip;]<\/p>\n","protected":false},"author":2,"featured_media":32054,"comment_status":"open","ping_status":"open","sticky":false,"template":"","format":"standard","meta":{"_acf_changed":false,"_exactmetrics_skip_tracking":false,"_exactmetrics_sitenote_active":false,"_exactmetrics_sitenote_note":"","_exactmetrics_sitenote_category":0,"footnotes":"","_links_to":"","_links_to_target":""},"categories":[4],"tags":[],"class_list":["post-32053","post","type-post","status-publish","format-standard","has-post-thumbnail","hentry","category-noticias"],"acf":[],"yoast_head":"<!-- This site is optimized with the Yoast SEO plugin v26.7 - https:\/\/yoast.com\/wordpress\/plugins\/seo\/ -->\n<title>EXPLORA abre su convocatoria a 1000 Cient\u00edficos 1000 Aulas - Arica y Parinacota<\/title>\n<meta name=\"robots\" content=\"index, follow, max-snippet:-1, max-image-preview:large, max-video-preview:-1\" \/>\n<link rel=\"canonical\" href=\"https:\/\/dev.explora.cl\/aricayparinacota\/explora-abre-su-convocatoria-a-1000-cientificos-1000-aulas-1\/\" class=\"yoast-seo-meta-tag\" \/>\n<meta property=\"og:locale\" content=\"es_ES\" class=\"yoast-seo-meta-tag\" \/>\n<meta property=\"og:type\" content=\"article\" class=\"yoast-seo-meta-tag\" \/>\n<meta property=\"og:title\" content=\"EXPLORA abre su convocatoria a 1000 Cient\u00edficos 1000 Aulas - Arica y Parinacota\" class=\"yoast-seo-meta-tag\" \/>\n<meta property=\"og:description\" content=\"Este lunes 22 comienza la convocatoria 1000 Cient\u00edficos 1000 Aulas en todo el pa\u00eds. Una primera etapa que contempla la inscripci\u00f3n de cient\u00edficos que ofrecen sus charlas a establecimientos. 1000 Cient\u00edficos 1000 Aulas es una iniciativa impulsada por el Programa EXPLORA CONICYT desde el a\u00f1o 2000, que invita a hombres y mujeres de ciencia, tecnolog\u00eda [&hellip;]\" class=\"yoast-seo-meta-tag\" \/>\n<meta property=\"og:url\" content=\"https:\/\/dev.explora.cl\/aricayparinacota\/explora-abre-su-convocatoria-a-1000-cientificos-1000-aulas-1\/\" class=\"yoast-seo-meta-tag\" \/>\n<meta property=\"og:site_name\" content=\"Arica y Parinacota\" class=\"yoast-seo-meta-tag\" \/>\n<meta property=\"article:published_time\" content=\"2015-06-19T00:00:00+00:00\" class=\"yoast-seo-meta-tag\" \/>\n<meta property=\"article:modified_time\" content=\"2019-05-09T21:12:00+00:00\" class=\"yoast-seo-meta-tag\" \/>\n<meta property=\"og:image\" content=\"https:\/\/dev.explora.cl\/aricayparinacota\/wp-content\/uploads\/sites\/2\/2018\/06\/e0ebb7f01c0eb9be9232cc8ab2735bfa.jpg\" class=\"yoast-seo-meta-tag\" \/>\n\t<meta property=\"og:image:width\" content=\"773\" class=\"yoast-seo-meta-tag\" \/>\n\t<meta property=\"og:image:height\" content=\"465\" class=\"yoast-seo-meta-tag\" \/>\n\t<meta property=\"og:image:type\" content=\"image\/jpeg\" class=\"yoast-seo-meta-tag\" \/>\n<meta name=\"author\" content=\"webman\" class=\"yoast-seo-meta-tag\" \/>\n<meta name=\"twitter:card\" content=\"summary_large_image\" class=\"yoast-seo-meta-tag\" \/>\n<meta name=\"twitter:label1\" content=\"Escrito por\" class=\"yoast-seo-meta-tag\" \/>\n\t<meta name=\"twitter:data1\" content=\"webman\" class=\"yoast-seo-meta-tag\" \/>\n\t<meta name=\"twitter:label2\" content=\"Tiempo estimado de lectura\" class=\"yoast-seo-meta-tag\" \/>\n\t<meta name=\"twitter:data2\" content=\"2 minutos\" class=\"yoast-seo-meta-tag\" \/>\n<script type=\"application\/ld+json\" class=\"yoast-schema-graph\">{\"@context\":\"https:\/\/schema.org\",\"@graph\":[{\"@type\":\"Article\",\"@id\":\"https:\/\/dev.explora.cl\/aricayparinacota\/explora-abre-su-convocatoria-a-1000-cientificos-1000-aulas-1\/#article\",\"isPartOf\":{\"@id\":\"https:\/\/dev.explora.cl\/aricayparinacota\/explora-abre-su-convocatoria-a-1000-cientificos-1000-aulas-1\/\"},\"author\":{\"name\":\"webman\",\"@id\":\"https:\/\/dev.explora.cl\/aricayparinacota\/#\/schema\/person\/cb8349c13ea2d324080adf8480d7ba5d\"},\"headline\":\"EXPLORA abre su convocatoria a 1000 Cient\u00edficos 1000 Aulas\",\"datePublished\":\"2015-06-19T00:00:00+00:00\",\"dateModified\":\"2019-05-09T21:12:00+00:00\",\"mainEntityOfPage\":{\"@id\":\"https:\/\/dev.explora.cl\/aricayparinacota\/explora-abre-su-convocatoria-a-1000-cientificos-1000-aulas-1\/\"},\"wordCount\":317,\"commentCount\":0,\"publisher\":{\"@id\":\"https:\/\/dev.explora.cl\/aricayparinacota\/#organization\"},\"image\":{\"@id\":\"https:\/\/dev.explora.cl\/aricayparinacota\/explora-abre-su-convocatoria-a-1000-cientificos-1000-aulas-1\/#primaryimage\"},\"thumbnailUrl\":\"https:\/\/dev.explora.cl\/aricayparinacota\/wp-content\/uploads\/sites\/2\/2018\/06\/e0ebb7f01c0eb9be9232cc8ab2735bfa.jpg\",\"articleSection\":[\"Noticias\"],\"inLanguage\":\"es-CL\",\"potentialAction\":[{\"@type\":\"CommentAction\",\"name\":\"Comment\",\"target\":[\"https:\/\/dev.explora.cl\/aricayparinacota\/explora-abre-su-convocatoria-a-1000-cientificos-1000-aulas-1\/#respond\"]}]},{\"@type\":\"WebPage\",\"@id\":\"https:\/\/dev.explora.cl\/aricayparinacota\/explora-abre-su-convocatoria-a-1000-cientificos-1000-aulas-1\/\",\"url\":\"https:\/\/dev.explora.cl\/aricayparinacota\/explora-abre-su-convocatoria-a-1000-cientificos-1000-aulas-1\/\",\"name\":\"EXPLORA abre su convocatoria a 1000 Cient\u00edficos 1000 Aulas - Arica y Parinacota\",\"isPartOf\":{\"@id\":\"https:\/\/dev.explora.cl\/aricayparinacota\/#website\"},\"primaryImageOfPage\":{\"@id\":\"https:\/\/dev.explora.cl\/aricayparinacota\/explora-abre-su-convocatoria-a-1000-cientificos-1000-aulas-1\/#primaryimage\"},\"image\":{\"@id\":\"https:\/\/dev.explora.cl\/aricayparinacota\/explora-abre-su-convocatoria-a-1000-cientificos-1000-aulas-1\/#primaryimage\"},\"thumbnailUrl\":\"https:\/\/dev.explora.cl\/aricayparinacota\/wp-content\/uploads\/sites\/2\/2018\/06\/e0ebb7f01c0eb9be9232cc8ab2735bfa.jpg\",\"datePublished\":\"2015-06-19T00:00:00+00:00\",\"dateModified\":\"2019-05-09T21:12:00+00:00\",\"breadcrumb\":{\"@id\":\"https:\/\/dev.explora.cl\/aricayparinacota\/explora-abre-su-convocatoria-a-1000-cientificos-1000-aulas-1\/#breadcrumb\"},\"inLanguage\":\"es-CL\",\"potentialAction\":[{\"@type\":\"ReadAction\",\"target\":[\"https:\/\/dev.explora.cl\/aricayparinacota\/explora-abre-su-convocatoria-a-1000-cientificos-1000-aulas-1\/\"]}]},{\"@type\":\"ImageObject\",\"inLanguage\":\"es-CL\",\"@id\":\"https:\/\/dev.explora.cl\/aricayparinacota\/explora-abre-su-convocatoria-a-1000-cientificos-1000-aulas-1\/#primaryimage\",\"url\":\"https:\/\/dev.explora.cl\/aricayparinacota\/wp-content\/uploads\/sites\/2\/2018\/06\/e0ebb7f01c0eb9be9232cc8ab2735bfa.jpg\",\"contentUrl\":\"https:\/\/dev.explora.cl\/aricayparinacota\/wp-content\/uploads\/sites\/2\/2018\/06\/e0ebb7f01c0eb9be9232cc8ab2735bfa.jpg\",\"width\":773,\"height\":465},{\"@type\":\"BreadcrumbList\",\"@id\":\"https:\/\/dev.explora.cl\/aricayparinacota\/explora-abre-su-convocatoria-a-1000-cientificos-1000-aulas-1\/#breadcrumb\",\"itemListElement\":[{\"@type\":\"ListItem\",\"position\":1,\"name\":\"Portada\",\"item\":\"https:\/\/dev.explora.cl\/aricayparinacota\/\"},{\"@type\":\"ListItem\",\"position\":2,\"name\":\"EXPLORA abre su convocatoria a 1000 Cient\u00edficos 1000 Aulas\"}]},{\"@type\":\"WebSite\",\"@id\":\"https:\/\/dev.explora.cl\/aricayparinacota\/#website\",\"url\":\"https:\/\/dev.explora.cl\/aricayparinacota\/\",\"name\":\"Arica y Parinacota\",\"description\":\"Otro sitio m\u00e1s de dev.explora.cl\",\"publisher\":{\"@id\":\"https:\/\/dev.explora.cl\/aricayparinacota\/#organization\"},\"potentialAction\":[{\"@type\":\"SearchAction\",\"target\":{\"@type\":\"EntryPoint\",\"urlTemplate\":\"https:\/\/dev.explora.cl\/aricayparinacota\/?s={search_term_string}\"},\"query-input\":{\"@type\":\"PropertyValueSpecification\",\"valueRequired\":true,\"valueName\":\"search_term_string\"}}],\"inLanguage\":\"es-CL\"},{\"@type\":\"Organization\",\"@id\":\"https:\/\/dev.explora.cl\/aricayparinacota\/#organization\",\"name\":\"Arica y Parinacota\",\"url\":\"https:\/\/dev.explora.cl\/aricayparinacota\/\",\"logo\":{\"@type\":\"ImageObject\",\"inLanguage\":\"es-CL\",\"@id\":\"https:\/\/dev.explora.cl\/aricayparinacota\/#\/schema\/logo\/image\/\",\"url\":\"https:\/\/dev.explora.cl\/aricayparinacota\/wp-content\/uploads\/sites\/2\/2020\/08\/cropped-nuevosa-logos-11.png\",\"contentUrl\":\"https:\/\/dev.explora.cl\/aricayparinacota\/wp-content\/uploads\/sites\/2\/2020\/08\/cropped-nuevosa-logos-11.png\",\"width\":812,\"height\":937,\"caption\":\"Arica y Parinacota\"},\"image\":{\"@id\":\"https:\/\/dev.explora.cl\/aricayparinacota\/#\/schema\/logo\/image\/\"}},{\"@type\":\"Person\",\"@id\":\"https:\/\/dev.explora.cl\/aricayparinacota\/#\/schema\/person\/cb8349c13ea2d324080adf8480d7ba5d\",\"name\":\"webman\",\"image\":{\"@type\":\"ImageObject\",\"inLanguage\":\"es-CL\",\"@id\":\"https:\/\/dev.explora.cl\/aricayparinacota\/#\/schema\/person\/image\/\",\"url\":\"https:\/\/secure.gravatar.com\/avatar\/eeff3c82f2c02f7177d13663b7e6f890e9a6a0647ce9bb29cae02dcb094c7312?s=96&d=mm&r=g\",\"contentUrl\":\"https:\/\/secure.gravatar.com\/avatar\/eeff3c82f2c02f7177d13663b7e6f890e9a6a0647ce9bb29cae02dcb094c7312?s=96&d=mm&r=g\",\"caption\":\"webman\"},\"url\":\"https:\/\/dev.explora.cl\/aricayparinacota\/author\/webman\/\"}]}<\/script>\n<!-- \/ Yoast SEO plugin. -->","yoast_head_json":{"title":"EXPLORA abre su convocatoria a 1000 Cient\u00edficos 1000 Aulas - Arica y Parinacota","robots":{"index":"index","follow":"follow","max-snippet":"max-snippet:-1","max-image-preview":"max-image-preview:large","max-video-preview":"max-video-preview:-1"},"canonical":"https:\/\/dev.explora.cl\/aricayparinacota\/explora-abre-su-convocatoria-a-1000-cientificos-1000-aulas-1\/","og_locale":"es_ES","og_type":"article","og_title":"EXPLORA abre su convocatoria a 1000 Cient\u00edficos 1000 Aulas - Arica y Parinacota","og_description":"Este lunes 22 comienza la convocatoria 1000 Cient\u00edficos 1000 Aulas en todo el pa\u00eds. Una primera etapa que contempla la inscripci\u00f3n de cient\u00edficos que ofrecen sus charlas a establecimientos. 1000 Cient\u00edficos 1000 Aulas es una iniciativa impulsada por el Programa EXPLORA CONICYT desde el a\u00f1o 2000, que invita a hombres y mujeres de ciencia, tecnolog\u00eda [&hellip;]","og_url":"https:\/\/dev.explora.cl\/aricayparinacota\/explora-abre-su-convocatoria-a-1000-cientificos-1000-aulas-1\/","og_site_name":"Arica y Parinacota","article_published_time":"2015-06-19T00:00:00+00:00","article_modified_time":"2019-05-09T21:12:00+00:00","og_image":[{"width":773,"height":465,"url":"https:\/\/dev.explora.cl\/aricayparinacota\/wp-content\/uploads\/sites\/2\/2018\/06\/e0ebb7f01c0eb9be9232cc8ab2735bfa.jpg","type":"image\/jpeg"}],"author":"webman","twitter_card":"summary_large_image","twitter_misc":{"Escrito por":"webman","Tiempo estimado de lectura":"2 minutos"},"schema":{"@context":"https:\/\/schema.org","@graph":[{"@type":"Article","@id":"https:\/\/dev.explora.cl\/aricayparinacota\/explora-abre-su-convocatoria-a-1000-cientificos-1000-aulas-1\/#article","isPartOf":{"@id":"https:\/\/dev.explora.cl\/aricayparinacota\/explora-abre-su-convocatoria-a-1000-cientificos-1000-aulas-1\/"},"author":{"name":"webman","@id":"https:\/\/dev.explora.cl\/aricayparinacota\/#\/schema\/person\/cb8349c13ea2d324080adf8480d7ba5d"},"headline":"EXPLORA abre su convocatoria a 1000 Cient\u00edficos 1000 Aulas","datePublished":"2015-06-19T00:00:00+00:00","dateModified":"2019-05-09T21:12:00+00:00","mainEntityOfPage":{"@id":"https:\/\/dev.explora.cl\/aricayparinacota\/explora-abre-su-convocatoria-a-1000-cientificos-1000-aulas-1\/"},"wordCount":317,"commentCount":0,"publisher":{"@id":"https:\/\/dev.explora.cl\/aricayparinacota\/#organization"},"image":{"@id":"https:\/\/dev.explora.cl\/aricayparinacota\/explora-abre-su-convocatoria-a-1000-cientificos-1000-aulas-1\/#primaryimage"},"thumbnailUrl":"https:\/\/dev.explora.cl\/aricayparinacota\/wp-content\/uploads\/sites\/2\/2018\/06\/e0ebb7f01c0eb9be9232cc8ab2735bfa.jpg","articleSection":["Noticias"],"inLanguage":"es-CL","potentialAction":[{"@type":"CommentAction","name":"Comment","target":["https:\/\/dev.explora.cl\/aricayparinacota\/explora-abre-su-convocatoria-a-1000-cientificos-1000-aulas-1\/#respond"]}]},{"@type":"WebPage","@id":"https:\/\/dev.explora.cl\/aricayparinacota\/explora-abre-su-convocatoria-a-1000-cientificos-1000-aulas-1\/","url":"https:\/\/dev.explora.cl\/aricayparinacota\/explora-abre-su-convocatoria-a-1000-cientificos-1000-aulas-1\/","name":"EXPLORA abre su convocatoria a 1000 Cient\u00edficos 1000 Aulas - Arica y Parinacota","isPartOf":{"@id":"https:\/\/dev.explora.cl\/aricayparinacota\/#website"},"primaryImageOfPage":{"@id":"https:\/\/dev.explora.cl\/aricayparinacota\/explora-abre-su-convocatoria-a-1000-cientificos-1000-aulas-1\/#primaryimage"},"image":{"@id":"https:\/\/dev.explora.cl\/aricayparinacota\/explora-abre-su-convocatoria-a-1000-cientificos-1000-aulas-1\/#primaryimage"},"thumbnailUrl":"https:\/\/dev.explora.cl\/aricayparinacota\/wp-content\/uploads\/sites\/2\/2018\/06\/e0ebb7f01c0eb9be9232cc8ab2735bfa.jpg","datePublished":"2015-06-19T00:00:00+00:00","dateModified":"2019-05-09T21:12:00+00:00","breadcrumb":{"@id":"https:\/\/dev.explora.cl\/aricayparinacota\/explora-abre-su-convocatoria-a-1000-cientificos-1000-aulas-1\/#breadcrumb"},"inLanguage":"es-CL","potentialAction":[{"@type":"ReadAction","target":["https:\/\/dev.explora.cl\/aricayparinacota\/explora-abre-su-convocatoria-a-1000-cientificos-1000-aulas-1\/"]}]},{"@type":"ImageObject","inLanguage":"es-CL","@id":"https:\/\/dev.explora.cl\/aricayparinacota\/explora-abre-su-convocatoria-a-1000-cientificos-1000-aulas-1\/#primaryimage","url":"https:\/\/dev.explora.cl\/aricayparinacota\/wp-content\/uploads\/sites\/2\/2018\/06\/e0ebb7f01c0eb9be9232cc8ab2735bfa.jpg","contentUrl":"https:\/\/dev.explora.cl\/aricayparinacota\/wp-content\/uploads\/sites\/2\/2018\/06\/e0ebb7f01c0eb9be9232cc8ab2735bfa.jpg","width":773,"height":465},{"@type":"BreadcrumbList","@id":"https:\/\/dev.explora.cl\/aricayparinacota\/explora-abre-su-convocatoria-a-1000-cientificos-1000-aulas-1\/#breadcrumb","itemListElement":[{"@type":"ListItem","position":1,"name":"Portada","item":"https:\/\/dev.explora.cl\/aricayparinacota\/"},{"@type":"ListItem","position":2,"name":"EXPLORA abre su convocatoria a 1000 Cient\u00edficos 1000 Aulas"}]},{"@type":"WebSite","@id":"https:\/\/dev.explora.cl\/aricayparinacota\/#website","url":"https:\/\/dev.explora.cl\/aricayparinacota\/","name":"Arica y Parinacota","description":"Otro sitio m\u00e1s de dev.explora.cl","publisher":{"@id":"https:\/\/dev.explora.cl\/aricayparinacota\/#organization"},"potentialAction":[{"@type":"SearchAction","target":{"@type":"EntryPoint","urlTemplate":"https:\/\/dev.explora.cl\/aricayparinacota\/?s={search_term_string}"},"query-input":{"@type":"PropertyValueSpecification","valueRequired":true,"valueName":"search_term_string"}}],"inLanguage":"es-CL"},{"@type":"Organization","@id":"https:\/\/dev.explora.cl\/aricayparinacota\/#organization","name":"Arica y Parinacota","url":"https:\/\/dev.explora.cl\/aricayparinacota\/","logo":{"@type":"ImageObject","inLanguage":"es-CL","@id":"https:\/\/dev.explora.cl\/aricayparinacota\/#\/schema\/logo\/image\/","url":"https:\/\/dev.explora.cl\/aricayparinacota\/wp-content\/uploads\/sites\/2\/2020\/08\/cropped-nuevosa-logos-11.png","contentUrl":"https:\/\/dev.explora.cl\/aricayparinacota\/wp-content\/uploads\/sites\/2\/2020\/08\/cropped-nuevosa-logos-11.png","width":812,"height":937,"caption":"Arica y Parinacota"},"image":{"@id":"https:\/\/dev.explora.cl\/aricayparinacota\/#\/schema\/logo\/image\/"}},{"@type":"Person","@id":"https:\/\/dev.explora.cl\/aricayparinacota\/#\/schema\/person\/cb8349c13ea2d324080adf8480d7ba5d","name":"webman","image":{"@type":"ImageObject","inLanguage":"es-CL","@id":"https:\/\/dev.explora.cl\/aricayparinacota\/#\/schema\/person\/image\/","url":"https:\/\/secure.gravatar.com\/avatar\/eeff3c82f2c02f7177d13663b7e6f890e9a6a0647ce9bb29cae02dcb094c7312?s=96&d=mm&r=g","contentUrl":"https:\/\/secure.gravatar.com\/avatar\/eeff3c82f2c02f7177d13663b7e6f890e9a6a0647ce9bb29cae02dcb094c7312?s=96&d=mm&r=g","caption":"webman"},"url":"https:\/\/dev.explora.cl\/aricayparinacota\/author\/webman\/"}]}},"_links":{"self":[{"href":"https:\/\/dev.explora.cl\/aricayparinacota\/wp-json\/wp\/v2\/posts\/32053","targetHints":{"allow":["GET"]}}],"collection":[{"href":"https:\/\/dev.explora.cl\/aricayparinacota\/wp-json\/wp\/v2\/posts"}],"about":[{"href":"https:\/\/dev.explora.cl\/aricayparinacota\/wp-json\/wp\/v2\/types\/post"}],"author":[{"embeddable":true,"href":"https:\/\/dev.explora.cl\/aricayparinacota\/wp-json\/wp\/v2\/users\/2"}],"replies":[{"embeddable":true,"href":"https:\/\/dev.explora.cl\/aricayparinacota\/wp-json\/wp\/v2\/comments?post=32053"}],"version-history":[{"count":1,"href":"https:\/\/dev.explora.cl\/aricayparinacota\/wp-json\/wp\/v2\/posts\/32053\/revisions"}],"predecessor-version":[{"id":32955,"href":"https:\/\/dev.explora.cl\/aricayparinacota\/wp-json\/wp\/v2\/posts\/32053\/revisions\/32955"}],"wp:featuredmedia":[{"embeddable":true,"href":"https:\/\/dev.explora.cl\/aricayparinacota\/wp-json\/wp\/v2\/media\/32054"}],"wp:attachment":[{"href":"https:\/\/dev.explora.cl\/aricayparinacota\/wp-json\/wp\/v2\/media?parent=32053"}],"wp:term":[{"taxonomy":"category","embeddable":true,"href":"https:\/\/dev.explora.cl\/aricayparinacota\/wp-json\/wp\/v2\/categories?post=32053"},{"taxonomy":"post_tag","embeddable":true,"href":"https:\/\/dev.explora.cl\/aricayparinacota\/wp-json\/wp\/v2\/tags?post=32053"}],"curies":[{"name":"wp","href":"https:\/\/api.w.org\/{rel}","templated":true}]}}