{"id":32047,"date":"2015-06-18T00:00:00","date_gmt":"2015-06-18T00:00:00","guid":{"rendered":"https:\/\/dev.explora.cl\/aricayparinacota\/blog\/2015\/06\/18\/x-congreso-de-arica-y-parincacota\/"},"modified":"2019-05-09T21:12:08","modified_gmt":"2019-05-09T21:12:08","slug":"x-congreso-de-arica-y-parincacota","status":"publish","type":"post","link":"https:\/\/dev.explora.cl\/aricayparinacota\/x-congreso-de-arica-y-parincacota\/","title":{"rendered":"Se abre Convocatoria X Congreso Regional de Ciencia y Tecnolog\u00eda regi\u00f3n de Arica y Parinacota 2015"},"content":{"rendered":"<p><img loading=\"lazy\" decoding=\"async\" class=\" size-full wp-image-12376\" src=\"http:\/\/ec2-34-218-253-251.us-west-2.compute.amazonaws.com\/wp-content\/uploads\/2015\/06\/736f22f3bcd3e1f9ec124dd7144d4f22.jpg\" alt=\"\" width=\"2273\" height=\"822\" \/><\/p>\n<p align=\"center\" style=\"text-align: justify\"><strong>Ya se encuentra disponible la informaci\u00f3n completa para que profesores y j\u00f3venes cient\u00edficos de Arica y Parinacota sepan c\u00f3mo participar en el esperado regreso del Congreso Regional del programa Explora CONICYT.<\/strong><\/p>\n<p style=\"text-align: justify\">&nbsp;<span style=\"line-height: 1.3em\">El X Congreso Regional Escolar que Explora CONICYT realizar\u00e1 en Arica y Parinacota, es una instancia de desarrollo cient\u00edfico que invita a los estudiantes, que est\u00e9n cursando entre 5\u00b0 a\u00f1o de Educaci\u00f3n B\u00e1sica y 3\u00b0 a\u00f1o Educaci\u00f3n Media, a formular iniciativas cient\u00edficas en el \u00e1mbito de la Ingenier\u00eda y la Tecnolog\u00eda, Ciencias Sociales y Ciencias Naturales.<\/span><\/p>\n<p style=\"text-align: justify\">El encuentro se realizar\u00e1 los d\u00edas 14 y 15 de octubre en la Universidad de Tarapac\u00e1, podr\u00e1n participar todos los j\u00f3venes de establecimientos educacionales municipalizados, particulares subvencionados y particulares que, organizados en duplas, trabajen un proyecto junto a su profesor.<\/p>\n<p style=\"text-align: justify\">Los dos mejores trabajos presentados en el Congreso Regional viajar\u00e1n con todos los gastos pagados al XVI Congreso Nacional Explora 2015 que este a\u00f1o se realizar\u00e1 en la ciudad de Valpara\u00edso los d\u00edas 26, 27 y 28 de noviembre de 2015.<\/p>\n<p style=\"text-align: justify\"><span style=\"line-height: 1.3em\">El plazo para postular cierra el d\u00eda martes 01 de septiembre a las 18:00 horas; los formularios deben ser enviadas al correo electr\u00f3nico&nbsp;<\/span><a href=\"mailto:exploraricaparinacota@gmail.com\" style=\"line-height: 1.3em\">exploraricaparinacota@gmail.com<\/a><span style=\"line-height: 1.3em\">. Para conocer en detalle las bases, formularios y \u00e1reas de trabajo ingresa a los link que aparecen al inferior de la nota.&nbsp;<\/span><\/p>\n<p style=\"text-align: justify\"><span style=\"line-height: 1.3em\">Por Marcela Per\u00e9z Sep\u00falveda&nbsp;<\/span><\/p>\n","protected":false},"excerpt":{"rendered":"<p>Ya se encuentra disponible la informaci\u00f3n completa para que profesores y j\u00f3venes cient\u00edficos de Arica y Parinacota sepan c\u00f3mo participar en el esperado regreso del Congreso Regional del programa Explora CONICYT. &nbsp;El X Congreso Regional Escolar que Explora CONICYT realizar\u00e1 en Arica y Parinacota, es una instancia de desarrollo cient\u00edfico que invita a los estudiantes, [&hellip;]<\/p>\n","protected":false},"author":2,"featured_media":32048,"comment_status":"open","ping_status":"open","sticky":false,"template":"","format":"standard","meta":{"_acf_changed":false,"_exactmetrics_skip_tracking":false,"_exactmetrics_sitenote_active":false,"_exactmetrics_sitenote_note":"","_exactmetrics_sitenote_category":0,"footnotes":"","_links_to":"","_links_to_target":""},"categories":[4],"tags":[101,102,14,103],"class_list":["post-32047","post","type-post","status-publish","format-standard","has-post-thumbnail","hentry","category-noticias","tag-congreso-regional","tag-feria-cientifica","tag-investigacion-cientifica-escolar","tag-norte"],"acf":[],"yoast_head":"<!-- This site is optimized with the Yoast SEO plugin v26.7 - https:\/\/yoast.com\/wordpress\/plugins\/seo\/ -->\n<title>Se abre Convocatoria X Congreso Regional de Ciencia y Tecnolog\u00eda regi\u00f3n de Arica y Parinacota 2015 - Arica y Parinacota<\/title>\n<meta name=\"robots\" content=\"index, follow, max-snippet:-1, max-image-preview:large, max-video-preview:-1\" \/>\n<link rel=\"canonical\" href=\"https:\/\/dev.explora.cl\/aricayparinacota\/x-congreso-de-arica-y-parincacota\/\" class=\"yoast-seo-meta-tag\" \/>\n<meta property=\"og:locale\" content=\"es_ES\" class=\"yoast-seo-meta-tag\" \/>\n<meta property=\"og:type\" content=\"article\" class=\"yoast-seo-meta-tag\" \/>\n<meta property=\"og:title\" content=\"Se abre Convocatoria X Congreso Regional de Ciencia y Tecnolog\u00eda regi\u00f3n de Arica y Parinacota 2015 - Arica y Parinacota\" class=\"yoast-seo-meta-tag\" \/>\n<meta property=\"og:description\" content=\"Ya se encuentra disponible la informaci\u00f3n completa para que profesores y j\u00f3venes cient\u00edficos de Arica y Parinacota sepan c\u00f3mo participar en el esperado regreso del Congreso Regional del programa Explora CONICYT. &nbsp;El X Congreso Regional Escolar que Explora CONICYT realizar\u00e1 en Arica y Parinacota, es una instancia de desarrollo cient\u00edfico que invita a los estudiantes, [&hellip;]\" class=\"yoast-seo-meta-tag\" \/>\n<meta property=\"og:url\" content=\"https:\/\/dev.explora.cl\/aricayparinacota\/x-congreso-de-arica-y-parincacota\/\" class=\"yoast-seo-meta-tag\" \/>\n<meta property=\"og:site_name\" content=\"Arica y Parinacota\" class=\"yoast-seo-meta-tag\" \/>\n<meta property=\"article:published_time\" content=\"2015-06-18T00:00:00+00:00\" class=\"yoast-seo-meta-tag\" \/>\n<meta property=\"article:modified_time\" content=\"2019-05-09T21:12:08+00:00\" class=\"yoast-seo-meta-tag\" \/>\n<meta property=\"og:image\" content=\"https:\/\/dev.explora.cl\/aricayparinacota\/wp-content\/uploads\/sites\/2\/2018\/06\/736f22f3bcd3e1f9ec124dd7144d4f22.jpg\" class=\"yoast-seo-meta-tag\" \/>\n\t<meta property=\"og:image:width\" content=\"2273\" class=\"yoast-seo-meta-tag\" \/>\n\t<meta property=\"og:image:height\" content=\"822\" class=\"yoast-seo-meta-tag\" \/>\n\t<meta property=\"og:image:type\" content=\"image\/jpeg\" class=\"yoast-seo-meta-tag\" \/>\n<meta name=\"author\" content=\"webman\" class=\"yoast-seo-meta-tag\" \/>\n<meta name=\"twitter:card\" content=\"summary_large_image\" class=\"yoast-seo-meta-tag\" \/>\n<meta name=\"twitter:label1\" content=\"Escrito por\" class=\"yoast-seo-meta-tag\" \/>\n\t<meta name=\"twitter:data1\" content=\"webman\" class=\"yoast-seo-meta-tag\" \/>\n\t<meta name=\"twitter:label2\" content=\"Tiempo estimado de lectura\" class=\"yoast-seo-meta-tag\" \/>\n\t<meta name=\"twitter:data2\" content=\"1 minuto\" class=\"yoast-seo-meta-tag\" \/>\n<script type=\"application\/ld+json\" class=\"yoast-schema-graph\">{\"@context\":\"https:\/\/schema.org\",\"@graph\":[{\"@type\":\"Article\",\"@id\":\"https:\/\/dev.explora.cl\/aricayparinacota\/x-congreso-de-arica-y-parincacota\/#article\",\"isPartOf\":{\"@id\":\"https:\/\/dev.explora.cl\/aricayparinacota\/x-congreso-de-arica-y-parincacota\/\"},\"author\":{\"name\":\"webman\",\"@id\":\"https:\/\/dev.explora.cl\/aricayparinacota\/#\/schema\/person\/cb8349c13ea2d324080adf8480d7ba5d\"},\"headline\":\"Se abre Convocatoria X Congreso Regional de Ciencia y Tecnolog\u00eda regi\u00f3n de Arica y Parinacota 2015\",\"datePublished\":\"2015-06-18T00:00:00+00:00\",\"dateModified\":\"2019-05-09T21:12:08+00:00\",\"mainEntityOfPage\":{\"@id\":\"https:\/\/dev.explora.cl\/aricayparinacota\/x-congreso-de-arica-y-parincacota\/\"},\"wordCount\":255,\"commentCount\":0,\"publisher\":{\"@id\":\"https:\/\/dev.explora.cl\/aricayparinacota\/#organization\"},\"image\":{\"@id\":\"https:\/\/dev.explora.cl\/aricayparinacota\/x-congreso-de-arica-y-parincacota\/#primaryimage\"},\"thumbnailUrl\":\"https:\/\/dev.explora.cl\/aricayparinacota\/wp-content\/uploads\/sites\/2\/2018\/06\/736f22f3bcd3e1f9ec124dd7144d4f22.jpg\",\"keywords\":[\"Congreso Regional\",\"Feria Cient\u00edfica\",\"investigaci\u00f3n cient\u00edfica escolar\",\"Norte\"],\"articleSection\":[\"Noticias\"],\"inLanguage\":\"es-CL\",\"potentialAction\":[{\"@type\":\"CommentAction\",\"name\":\"Comment\",\"target\":[\"https:\/\/dev.explora.cl\/aricayparinacota\/x-congreso-de-arica-y-parincacota\/#respond\"]}]},{\"@type\":\"WebPage\",\"@id\":\"https:\/\/dev.explora.cl\/aricayparinacota\/x-congreso-de-arica-y-parincacota\/\",\"url\":\"https:\/\/dev.explora.cl\/aricayparinacota\/x-congreso-de-arica-y-parincacota\/\",\"name\":\"Se abre Convocatoria X Congreso Regional de Ciencia y Tecnolog\u00eda regi\u00f3n de Arica y Parinacota 2015 - Arica y Parinacota\",\"isPartOf\":{\"@id\":\"https:\/\/dev.explora.cl\/aricayparinacota\/#website\"},\"primaryImageOfPage\":{\"@id\":\"https:\/\/dev.explora.cl\/aricayparinacota\/x-congreso-de-arica-y-parincacota\/#primaryimage\"},\"image\":{\"@id\":\"https:\/\/dev.explora.cl\/aricayparinacota\/x-congreso-de-arica-y-parincacota\/#primaryimage\"},\"thumbnailUrl\":\"https:\/\/dev.explora.cl\/aricayparinacota\/wp-content\/uploads\/sites\/2\/2018\/06\/736f22f3bcd3e1f9ec124dd7144d4f22.jpg\",\"datePublished\":\"2015-06-18T00:00:00+00:00\",\"dateModified\":\"2019-05-09T21:12:08+00:00\",\"breadcrumb\":{\"@id\":\"https:\/\/dev.explora.cl\/aricayparinacota\/x-congreso-de-arica-y-parincacota\/#breadcrumb\"},\"inLanguage\":\"es-CL\",\"potentialAction\":[{\"@type\":\"ReadAction\",\"target\":[\"https:\/\/dev.explora.cl\/aricayparinacota\/x-congreso-de-arica-y-parincacota\/\"]}]},{\"@type\":\"ImageObject\",\"inLanguage\":\"es-CL\",\"@id\":\"https:\/\/dev.explora.cl\/aricayparinacota\/x-congreso-de-arica-y-parincacota\/#primaryimage\",\"url\":\"https:\/\/dev.explora.cl\/aricayparinacota\/wp-content\/uploads\/sites\/2\/2018\/06\/736f22f3bcd3e1f9ec124dd7144d4f22.jpg\",\"contentUrl\":\"https:\/\/dev.explora.cl\/aricayparinacota\/wp-content\/uploads\/sites\/2\/2018\/06\/736f22f3bcd3e1f9ec124dd7144d4f22.jpg\",\"width\":2273,\"height\":822},{\"@type\":\"BreadcrumbList\",\"@id\":\"https:\/\/dev.explora.cl\/aricayparinacota\/x-congreso-de-arica-y-parincacota\/#breadcrumb\",\"itemListElement\":[{\"@type\":\"ListItem\",\"position\":1,\"name\":\"Portada\",\"item\":\"https:\/\/dev.explora.cl\/aricayparinacota\/\"},{\"@type\":\"ListItem\",\"position\":2,\"name\":\"Se abre Convocatoria X Congreso Regional de Ciencia y Tecnolog\u00eda regi\u00f3n de Arica y Parinacota 2015\"}]},{\"@type\":\"WebSite\",\"@id\":\"https:\/\/dev.explora.cl\/aricayparinacota\/#website\",\"url\":\"https:\/\/dev.explora.cl\/aricayparinacota\/\",\"name\":\"Arica y Parinacota\",\"description\":\"Otro sitio m\u00e1s de dev.explora.cl\",\"publisher\":{\"@id\":\"https:\/\/dev.explora.cl\/aricayparinacota\/#organization\"},\"potentialAction\":[{\"@type\":\"SearchAction\",\"target\":{\"@type\":\"EntryPoint\",\"urlTemplate\":\"https:\/\/dev.explora.cl\/aricayparinacota\/?s={search_term_string}\"},\"query-input\":{\"@type\":\"PropertyValueSpecification\",\"valueRequired\":true,\"valueName\":\"search_term_string\"}}],\"inLanguage\":\"es-CL\"},{\"@type\":\"Organization\",\"@id\":\"https:\/\/dev.explora.cl\/aricayparinacota\/#organization\",\"name\":\"Arica y Parinacota\",\"url\":\"https:\/\/dev.explora.cl\/aricayparinacota\/\",\"logo\":{\"@type\":\"ImageObject\",\"inLanguage\":\"es-CL\",\"@id\":\"https:\/\/dev.explora.cl\/aricayparinacota\/#\/schema\/logo\/image\/\",\"url\":\"https:\/\/dev.explora.cl\/aricayparinacota\/wp-content\/uploads\/sites\/2\/2020\/08\/cropped-nuevosa-logos-11.png\",\"contentUrl\":\"https:\/\/dev.explora.cl\/aricayparinacota\/wp-content\/uploads\/sites\/2\/2020\/08\/cropped-nuevosa-logos-11.png\",\"width\":812,\"height\":937,\"caption\":\"Arica y Parinacota\"},\"image\":{\"@id\":\"https:\/\/dev.explora.cl\/aricayparinacota\/#\/schema\/logo\/image\/\"}},{\"@type\":\"Person\",\"@id\":\"https:\/\/dev.explora.cl\/aricayparinacota\/#\/schema\/person\/cb8349c13ea2d324080adf8480d7ba5d\",\"name\":\"webman\",\"image\":{\"@type\":\"ImageObject\",\"inLanguage\":\"es-CL\",\"@id\":\"https:\/\/dev.explora.cl\/aricayparinacota\/#\/schema\/person\/image\/\",\"url\":\"https:\/\/secure.gravatar.com\/avatar\/eeff3c82f2c02f7177d13663b7e6f890e9a6a0647ce9bb29cae02dcb094c7312?s=96&d=mm&r=g\",\"contentUrl\":\"https:\/\/secure.gravatar.com\/avatar\/eeff3c82f2c02f7177d13663b7e6f890e9a6a0647ce9bb29cae02dcb094c7312?s=96&d=mm&r=g\",\"caption\":\"webman\"},\"url\":\"https:\/\/dev.explora.cl\/aricayparinacota\/author\/webman\/\"}]}<\/script>\n<!-- \/ Yoast SEO plugin. -->","yoast_head_json":{"title":"Se abre Convocatoria X Congreso Regional de Ciencia y Tecnolog\u00eda regi\u00f3n de Arica y Parinacota 2015 - Arica y Parinacota","robots":{"index":"index","follow":"follow","max-snippet":"max-snippet:-1","max-image-preview":"max-image-preview:large","max-video-preview":"max-video-preview:-1"},"canonical":"https:\/\/dev.explora.cl\/aricayparinacota\/x-congreso-de-arica-y-parincacota\/","og_locale":"es_ES","og_type":"article","og_title":"Se abre Convocatoria X Congreso Regional de Ciencia y Tecnolog\u00eda regi\u00f3n de Arica y Parinacota 2015 - Arica y Parinacota","og_description":"Ya se encuentra disponible la informaci\u00f3n completa para que profesores y j\u00f3venes cient\u00edficos de Arica y Parinacota sepan c\u00f3mo participar en el esperado regreso del Congreso Regional del programa Explora CONICYT. &nbsp;El X Congreso Regional Escolar que Explora CONICYT realizar\u00e1 en Arica y Parinacota, es una instancia de desarrollo cient\u00edfico que invita a los estudiantes, [&hellip;]","og_url":"https:\/\/dev.explora.cl\/aricayparinacota\/x-congreso-de-arica-y-parincacota\/","og_site_name":"Arica y Parinacota","article_published_time":"2015-06-18T00:00:00+00:00","article_modified_time":"2019-05-09T21:12:08+00:00","og_image":[{"width":2273,"height":822,"url":"https:\/\/dev.explora.cl\/aricayparinacota\/wp-content\/uploads\/sites\/2\/2018\/06\/736f22f3bcd3e1f9ec124dd7144d4f22.jpg","type":"image\/jpeg"}],"author":"webman","twitter_card":"summary_large_image","twitter_misc":{"Escrito por":"webman","Tiempo estimado de lectura":"1 minuto"},"schema":{"@context":"https:\/\/schema.org","@graph":[{"@type":"Article","@id":"https:\/\/dev.explora.cl\/aricayparinacota\/x-congreso-de-arica-y-parincacota\/#article","isPartOf":{"@id":"https:\/\/dev.explora.cl\/aricayparinacota\/x-congreso-de-arica-y-parincacota\/"},"author":{"name":"webman","@id":"https:\/\/dev.explora.cl\/aricayparinacota\/#\/schema\/person\/cb8349c13ea2d324080adf8480d7ba5d"},"headline":"Se abre Convocatoria X Congreso Regional de Ciencia y Tecnolog\u00eda regi\u00f3n de Arica y Parinacota 2015","datePublished":"2015-06-18T00:00:00+00:00","dateModified":"2019-05-09T21:12:08+00:00","mainEntityOfPage":{"@id":"https:\/\/dev.explora.cl\/aricayparinacota\/x-congreso-de-arica-y-parincacota\/"},"wordCount":255,"commentCount":0,"publisher":{"@id":"https:\/\/dev.explora.cl\/aricayparinacota\/#organization"},"image":{"@id":"https:\/\/dev.explora.cl\/aricayparinacota\/x-congreso-de-arica-y-parincacota\/#primaryimage"},"thumbnailUrl":"https:\/\/dev.explora.cl\/aricayparinacota\/wp-content\/uploads\/sites\/2\/2018\/06\/736f22f3bcd3e1f9ec124dd7144d4f22.jpg","keywords":["Congreso Regional","Feria Cient\u00edfica","investigaci\u00f3n cient\u00edfica escolar","Norte"],"articleSection":["Noticias"],"inLanguage":"es-CL","potentialAction":[{"@type":"CommentAction","name":"Comment","target":["https:\/\/dev.explora.cl\/aricayparinacota\/x-congreso-de-arica-y-parincacota\/#respond"]}]},{"@type":"WebPage","@id":"https:\/\/dev.explora.cl\/aricayparinacota\/x-congreso-de-arica-y-parincacota\/","url":"https:\/\/dev.explora.cl\/aricayparinacota\/x-congreso-de-arica-y-parincacota\/","name":"Se abre Convocatoria X Congreso Regional de Ciencia y Tecnolog\u00eda regi\u00f3n de Arica y Parinacota 2015 - Arica y Parinacota","isPartOf":{"@id":"https:\/\/dev.explora.cl\/aricayparinacota\/#website"},"primaryImageOfPage":{"@id":"https:\/\/dev.explora.cl\/aricayparinacota\/x-congreso-de-arica-y-parincacota\/#primaryimage"},"image":{"@id":"https:\/\/dev.explora.cl\/aricayparinacota\/x-congreso-de-arica-y-parincacota\/#primaryimage"},"thumbnailUrl":"https:\/\/dev.explora.cl\/aricayparinacota\/wp-content\/uploads\/sites\/2\/2018\/06\/736f22f3bcd3e1f9ec124dd7144d4f22.jpg","datePublished":"2015-06-18T00:00:00+00:00","dateModified":"2019-05-09T21:12:08+00:00","breadcrumb":{"@id":"https:\/\/dev.explora.cl\/aricayparinacota\/x-congreso-de-arica-y-parincacota\/#breadcrumb"},"inLanguage":"es-CL","potentialAction":[{"@type":"ReadAction","target":["https:\/\/dev.explora.cl\/aricayparinacota\/x-congreso-de-arica-y-parincacota\/"]}]},{"@type":"ImageObject","inLanguage":"es-CL","@id":"https:\/\/dev.explora.cl\/aricayparinacota\/x-congreso-de-arica-y-parincacota\/#primaryimage","url":"https:\/\/dev.explora.cl\/aricayparinacota\/wp-content\/uploads\/sites\/2\/2018\/06\/736f22f3bcd3e1f9ec124dd7144d4f22.jpg","contentUrl":"https:\/\/dev.explora.cl\/aricayparinacota\/wp-content\/uploads\/sites\/2\/2018\/06\/736f22f3bcd3e1f9ec124dd7144d4f22.jpg","width":2273,"height":822},{"@type":"BreadcrumbList","@id":"https:\/\/dev.explora.cl\/aricayparinacota\/x-congreso-de-arica-y-parincacota\/#breadcrumb","itemListElement":[{"@type":"ListItem","position":1,"name":"Portada","item":"https:\/\/dev.explora.cl\/aricayparinacota\/"},{"@type":"ListItem","position":2,"name":"Se abre Convocatoria X Congreso Regional de Ciencia y Tecnolog\u00eda regi\u00f3n de Arica y Parinacota 2015"}]},{"@type":"WebSite","@id":"https:\/\/dev.explora.cl\/aricayparinacota\/#website","url":"https:\/\/dev.explora.cl\/aricayparinacota\/","name":"Arica y Parinacota","description":"Otro sitio m\u00e1s de dev.explora.cl","publisher":{"@id":"https:\/\/dev.explora.cl\/aricayparinacota\/#organization"},"potentialAction":[{"@type":"SearchAction","target":{"@type":"EntryPoint","urlTemplate":"https:\/\/dev.explora.cl\/aricayparinacota\/?s={search_term_string}"},"query-input":{"@type":"PropertyValueSpecification","valueRequired":true,"valueName":"search_term_string"}}],"inLanguage":"es-CL"},{"@type":"Organization","@id":"https:\/\/dev.explora.cl\/aricayparinacota\/#organization","name":"Arica y Parinacota","url":"https:\/\/dev.explora.cl\/aricayparinacota\/","logo":{"@type":"ImageObject","inLanguage":"es-CL","@id":"https:\/\/dev.explora.cl\/aricayparinacota\/#\/schema\/logo\/image\/","url":"https:\/\/dev.explora.cl\/aricayparinacota\/wp-content\/uploads\/sites\/2\/2020\/08\/cropped-nuevosa-logos-11.png","contentUrl":"https:\/\/dev.explora.cl\/aricayparinacota\/wp-content\/uploads\/sites\/2\/2020\/08\/cropped-nuevosa-logos-11.png","width":812,"height":937,"caption":"Arica y Parinacota"},"image":{"@id":"https:\/\/dev.explora.cl\/aricayparinacota\/#\/schema\/logo\/image\/"}},{"@type":"Person","@id":"https:\/\/dev.explora.cl\/aricayparinacota\/#\/schema\/person\/cb8349c13ea2d324080adf8480d7ba5d","name":"webman","image":{"@type":"ImageObject","inLanguage":"es-CL","@id":"https:\/\/dev.explora.cl\/aricayparinacota\/#\/schema\/person\/image\/","url":"https:\/\/secure.gravatar.com\/avatar\/eeff3c82f2c02f7177d13663b7e6f890e9a6a0647ce9bb29cae02dcb094c7312?s=96&d=mm&r=g","contentUrl":"https:\/\/secure.gravatar.com\/avatar\/eeff3c82f2c02f7177d13663b7e6f890e9a6a0647ce9bb29cae02dcb094c7312?s=96&d=mm&r=g","caption":"webman"},"url":"https:\/\/dev.explora.cl\/aricayparinacota\/author\/webman\/"}]}},"_links":{"self":[{"href":"https:\/\/dev.explora.cl\/aricayparinacota\/wp-json\/wp\/v2\/posts\/32047","targetHints":{"allow":["GET"]}}],"collection":[{"href":"https:\/\/dev.explora.cl\/aricayparinacota\/wp-json\/wp\/v2\/posts"}],"about":[{"href":"https:\/\/dev.explora.cl\/aricayparinacota\/wp-json\/wp\/v2\/types\/post"}],"author":[{"embeddable":true,"href":"https:\/\/dev.explora.cl\/aricayparinacota\/wp-json\/wp\/v2\/users\/2"}],"replies":[{"embeddable":true,"href":"https:\/\/dev.explora.cl\/aricayparinacota\/wp-json\/wp\/v2\/comments?post=32047"}],"version-history":[{"count":1,"href":"https:\/\/dev.explora.cl\/aricayparinacota\/wp-json\/wp\/v2\/posts\/32047\/revisions"}],"predecessor-version":[{"id":32956,"href":"https:\/\/dev.explora.cl\/aricayparinacota\/wp-json\/wp\/v2\/posts\/32047\/revisions\/32956"}],"wp:featuredmedia":[{"embeddable":true,"href":"https:\/\/dev.explora.cl\/aricayparinacota\/wp-json\/wp\/v2\/media\/32048"}],"wp:attachment":[{"href":"https:\/\/dev.explora.cl\/aricayparinacota\/wp-json\/wp\/v2\/media?parent=32047"}],"wp:term":[{"taxonomy":"category","embeddable":true,"href":"https:\/\/dev.explora.cl\/aricayparinacota\/wp-json\/wp\/v2\/categories?post=32047"},{"taxonomy":"post_tag","embeddable":true,"href":"https:\/\/dev.explora.cl\/aricayparinacota\/wp-json\/wp\/v2\/tags?post=32047"}],"curies":[{"name":"wp","href":"https:\/\/api.w.org\/{rel}","templated":true}]}}