{"id":32045,"date":"2015-06-16T00:00:00","date_gmt":"2015-06-16T00:00:00","guid":{"rendered":"https:\/\/dev.explora.cl\/aricayparinacota\/blog\/2015\/06\/16\/explora-vuelve-a-la-region\/"},"modified":"2019-05-09T21:12:15","modified_gmt":"2019-05-09T21:12:15","slug":"explora-vuelve-a-la-region","status":"publish","type":"post","link":"https:\/\/dev.explora.cl\/aricayparinacota\/explora-vuelve-a-la-region\/","title":{"rendered":"Explora Regresa a la Regi\u00f3n de Arica y Parinacota y se re\u00fane con Profesores de Arica"},"content":{"rendered":"<p><img loading=\"lazy\" decoding=\"async\" class=\" size-full wp-image-12253\" src=\"http:\/\/ec2-34-218-253-251.us-west-2.compute.amazonaws.com\/wp-content\/uploads\/2015\/06\/9aa289e3f30e7744e9a48d80807b1856.jpg\" alt=\"Equipo Explora y Profesores de Ense\u00f1anza Media\" width=\"4608\" height=\"3072\" \/><\/p>\n<p>Tras dos a\u00f1os lejos de nuestra zona, EXPLORA retoma su trabajo en la regi\u00f3n con un equipo a cargo de la acad\u00e9mica del Departamento de Biolog\u00eda de la Universidad de Tarapac\u00e1 y Magister en Ciencias Biol\u00f3gicas, Eliana Belmonte Schwarzbaum, quien cuenta con una unidad de trabajo log\u00edstico y comunicacional que promover\u00e1 las diversas actividades que se contemplan para este a\u00f1o y que, adem\u00e1s, se realizan de forma simult\u00e1nea en todas las regiones del Pa\u00eds.<\/p>\n<p>Para dar inicio al intenso trabajo, el equipo de Explora en la regi\u00f3n se reuni\u00f3 en dos jornadas con diferentes maestros de Arica, a los cuales se les habl\u00f3 de las actividades para este a\u00f1o en la <strong>Semana de la Ciencia <\/strong>y en el <strong>Congreso Regional De Ciencia y Tecnolog\u00eda<\/strong> que abrir\u00e1 un cupo para dos equipos &nbsp;de estudiantes al <strong>XVI Congreso Nacional Explora 2015 <\/strong>que este a\u00f1o se realizar\u00e1 en la ciudad de Valpara\u00edso<strong>.<\/strong><\/p>\n<p>\u201dEncuentro que estas reuniones han sido tremendamente productivas en el sentido que dimos a conocer el regreso del programa Explora en Arica, en particular cuales son las actividades de la Semana de la Ciencia y el Congreso Regional, donde explicamos las categor\u00edas de los proyectos para postular, que son: ciencias naturales, ciencias sociales y por \u00faltimo, ingenier\u00eda y tecnolog\u00eda. Es interesante porque hab\u00edan profesores de distintos colegios cada uno con una realidad diferente y que desde ya pensaban con cuales tem\u00e1ticas podr\u00edan participar\u201d, manifest\u00f3 Eliana Belmonte, Coordinadora del proyecto en la regi\u00f3n.<\/p>\n<p>Por su parte los profesores presentes se mostraron muy felices al enterarse del regreso del programa nacional a la ciudad, tal como lo se\u00f1al\u00f3 Jaime Olivero, docente del Colegio Mosaico: \u201ccomo colegio est\u00e1bamos al tanto del proyecto, sab\u00edamos a lo que ven\u00edamos y encontramos que es una gran iniciativa, por lo mismo estamos muy comprometidos y vamos a motivar a los chiquillos para participar en todas las actividades de este a\u00f1o\u201d.<\/p>\n<p>En una de las reuniones particip\u00f3 Nicol\u00e1s Schneider, Coordinador de Proyectos Asociativos Regionales de Explora CONICYT, quien destac\u00f3 la realizaci\u00f3n de este tipo de instancias: \u201cMe pareci\u00f3 un muy buen primer acercamiento para la postulaci\u00f3n de los profesores, estas instancias de manera sistem\u00e1tica puedes lograr una buena convocatoria para el congreso regional que es el camino a seguir\u201d.<\/p>\n<p>El programa Explora realizar\u00e1 visitas a diferentes establecimientos de la regi\u00f3n durante las pr\u00f3ximas semanas y difundir\u00e1 las bases e informaci\u00f3n para participar en el congreso.&nbsp;<\/p>\n<p>Por Marcela Per\u00e9z Sep\u00falveda<\/p>\n","protected":false},"excerpt":{"rendered":"<p>Tras dos a\u00f1os lejos de nuestra zona, EXPLORA retoma su trabajo en la regi\u00f3n con un equipo a cargo de la acad\u00e9mica del Departamento de Biolog\u00eda de la Universidad de Tarapac\u00e1 y Magister en Ciencias Biol\u00f3gicas, Eliana Belmonte Schwarzbaum, quien cuenta con una unidad de trabajo log\u00edstico y comunicacional que promover\u00e1 las diversas actividades que [&hellip;]<\/p>\n","protected":false},"author":2,"featured_media":32046,"comment_status":"open","ping_status":"open","sticky":false,"template":"","format":"standard","meta":{"_acf_changed":false,"_exactmetrics_skip_tracking":false,"_exactmetrics_sitenote_active":false,"_exactmetrics_sitenote_note":"","_exactmetrics_sitenote_category":0,"footnotes":"","_links_to":"","_links_to_target":""},"categories":[4],"tags":[100],"class_list":["post-32045","post","type-post","status-publish","format-standard","has-post-thumbnail","hentry","category-noticias","tag-investigacion"],"acf":[],"yoast_head":"<!-- This site is optimized with the Yoast SEO plugin v26.7 - https:\/\/yoast.com\/wordpress\/plugins\/seo\/ -->\n<title>Explora Regresa a la Regi\u00f3n de Arica y Parinacota y se re\u00fane con Profesores de Arica - Arica y Parinacota<\/title>\n<meta name=\"robots\" content=\"index, follow, max-snippet:-1, max-image-preview:large, max-video-preview:-1\" \/>\n<link rel=\"canonical\" href=\"https:\/\/dev.explora.cl\/aricayparinacota\/explora-vuelve-a-la-region\/\" class=\"yoast-seo-meta-tag\" \/>\n<meta property=\"og:locale\" content=\"es_ES\" class=\"yoast-seo-meta-tag\" \/>\n<meta property=\"og:type\" content=\"article\" class=\"yoast-seo-meta-tag\" \/>\n<meta property=\"og:title\" content=\"Explora Regresa a la Regi\u00f3n de Arica y Parinacota y se re\u00fane con Profesores de Arica - Arica y Parinacota\" class=\"yoast-seo-meta-tag\" \/>\n<meta property=\"og:description\" content=\"Tras dos a\u00f1os lejos de nuestra zona, EXPLORA retoma su trabajo en la regi\u00f3n con un equipo a cargo de la acad\u00e9mica del Departamento de Biolog\u00eda de la Universidad de Tarapac\u00e1 y Magister en Ciencias Biol\u00f3gicas, Eliana Belmonte Schwarzbaum, quien cuenta con una unidad de trabajo log\u00edstico y comunicacional que promover\u00e1 las diversas actividades que [&hellip;]\" class=\"yoast-seo-meta-tag\" \/>\n<meta property=\"og:url\" content=\"https:\/\/dev.explora.cl\/aricayparinacota\/explora-vuelve-a-la-region\/\" class=\"yoast-seo-meta-tag\" \/>\n<meta property=\"og:site_name\" content=\"Arica y Parinacota\" class=\"yoast-seo-meta-tag\" \/>\n<meta property=\"article:published_time\" content=\"2015-06-16T00:00:00+00:00\" class=\"yoast-seo-meta-tag\" \/>\n<meta property=\"article:modified_time\" content=\"2019-05-09T21:12:15+00:00\" class=\"yoast-seo-meta-tag\" \/>\n<meta property=\"og:image\" content=\"https:\/\/dev.explora.cl\/aricayparinacota\/wp-content\/uploads\/sites\/2\/2018\/06\/9aa289e3f30e7744e9a48d80807b1856-1024x683.jpg\" class=\"yoast-seo-meta-tag\" \/>\n\t<meta property=\"og:image:width\" content=\"1024\" class=\"yoast-seo-meta-tag\" \/>\n\t<meta property=\"og:image:height\" content=\"683\" class=\"yoast-seo-meta-tag\" \/>\n\t<meta property=\"og:image:type\" content=\"image\/jpeg\" class=\"yoast-seo-meta-tag\" \/>\n<meta name=\"author\" content=\"webman\" class=\"yoast-seo-meta-tag\" \/>\n<meta name=\"twitter:card\" content=\"summary_large_image\" class=\"yoast-seo-meta-tag\" \/>\n<meta name=\"twitter:label1\" content=\"Escrito por\" class=\"yoast-seo-meta-tag\" \/>\n\t<meta name=\"twitter:data1\" content=\"webman\" class=\"yoast-seo-meta-tag\" \/>\n\t<meta name=\"twitter:label2\" content=\"Tiempo estimado de lectura\" class=\"yoast-seo-meta-tag\" \/>\n\t<meta name=\"twitter:data2\" content=\"2 minutos\" class=\"yoast-seo-meta-tag\" \/>\n<script type=\"application\/ld+json\" class=\"yoast-schema-graph\">{\"@context\":\"https:\/\/schema.org\",\"@graph\":[{\"@type\":\"Article\",\"@id\":\"https:\/\/dev.explora.cl\/aricayparinacota\/explora-vuelve-a-la-region\/#article\",\"isPartOf\":{\"@id\":\"https:\/\/dev.explora.cl\/aricayparinacota\/explora-vuelve-a-la-region\/\"},\"author\":{\"name\":\"webman\",\"@id\":\"https:\/\/dev.explora.cl\/aricayparinacota\/#\/schema\/person\/cb8349c13ea2d324080adf8480d7ba5d\"},\"headline\":\"Explora Regresa a la Regi\u00f3n de Arica y Parinacota y se re\u00fane con Profesores de Arica\",\"datePublished\":\"2015-06-16T00:00:00+00:00\",\"dateModified\":\"2019-05-09T21:12:15+00:00\",\"mainEntityOfPage\":{\"@id\":\"https:\/\/dev.explora.cl\/aricayparinacota\/explora-vuelve-a-la-region\/\"},\"wordCount\":455,\"commentCount\":0,\"publisher\":{\"@id\":\"https:\/\/dev.explora.cl\/aricayparinacota\/#organization\"},\"image\":{\"@id\":\"https:\/\/dev.explora.cl\/aricayparinacota\/explora-vuelve-a-la-region\/#primaryimage\"},\"thumbnailUrl\":\"https:\/\/dev.explora.cl\/aricayparinacota\/wp-content\/uploads\/sites\/2\/2018\/06\/9aa289e3f30e7744e9a48d80807b1856.jpg\",\"keywords\":[\"investigaci\u00f3n\"],\"articleSection\":[\"Noticias\"],\"inLanguage\":\"es-CL\",\"potentialAction\":[{\"@type\":\"CommentAction\",\"name\":\"Comment\",\"target\":[\"https:\/\/dev.explora.cl\/aricayparinacota\/explora-vuelve-a-la-region\/#respond\"]}]},{\"@type\":\"WebPage\",\"@id\":\"https:\/\/dev.explora.cl\/aricayparinacota\/explora-vuelve-a-la-region\/\",\"url\":\"https:\/\/dev.explora.cl\/aricayparinacota\/explora-vuelve-a-la-region\/\",\"name\":\"Explora Regresa a la Regi\u00f3n de Arica y Parinacota y se re\u00fane con Profesores de Arica - Arica y Parinacota\",\"isPartOf\":{\"@id\":\"https:\/\/dev.explora.cl\/aricayparinacota\/#website\"},\"primaryImageOfPage\":{\"@id\":\"https:\/\/dev.explora.cl\/aricayparinacota\/explora-vuelve-a-la-region\/#primaryimage\"},\"image\":{\"@id\":\"https:\/\/dev.explora.cl\/aricayparinacota\/explora-vuelve-a-la-region\/#primaryimage\"},\"thumbnailUrl\":\"https:\/\/dev.explora.cl\/aricayparinacota\/wp-content\/uploads\/sites\/2\/2018\/06\/9aa289e3f30e7744e9a48d80807b1856.jpg\",\"datePublished\":\"2015-06-16T00:00:00+00:00\",\"dateModified\":\"2019-05-09T21:12:15+00:00\",\"breadcrumb\":{\"@id\":\"https:\/\/dev.explora.cl\/aricayparinacota\/explora-vuelve-a-la-region\/#breadcrumb\"},\"inLanguage\":\"es-CL\",\"potentialAction\":[{\"@type\":\"ReadAction\",\"target\":[\"https:\/\/dev.explora.cl\/aricayparinacota\/explora-vuelve-a-la-region\/\"]}]},{\"@type\":\"ImageObject\",\"inLanguage\":\"es-CL\",\"@id\":\"https:\/\/dev.explora.cl\/aricayparinacota\/explora-vuelve-a-la-region\/#primaryimage\",\"url\":\"https:\/\/dev.explora.cl\/aricayparinacota\/wp-content\/uploads\/sites\/2\/2018\/06\/9aa289e3f30e7744e9a48d80807b1856.jpg\",\"contentUrl\":\"https:\/\/dev.explora.cl\/aricayparinacota\/wp-content\/uploads\/sites\/2\/2018\/06\/9aa289e3f30e7744e9a48d80807b1856.jpg\",\"width\":4608,\"height\":3072,\"caption\":\"Equipo Explora y Profesores de Ense\u00f1anza Media\"},{\"@type\":\"BreadcrumbList\",\"@id\":\"https:\/\/dev.explora.cl\/aricayparinacota\/explora-vuelve-a-la-region\/#breadcrumb\",\"itemListElement\":[{\"@type\":\"ListItem\",\"position\":1,\"name\":\"Portada\",\"item\":\"https:\/\/dev.explora.cl\/aricayparinacota\/\"},{\"@type\":\"ListItem\",\"position\":2,\"name\":\"Explora Regresa a la Regi\u00f3n de Arica y Parinacota y se re\u00fane con Profesores de Arica\"}]},{\"@type\":\"WebSite\",\"@id\":\"https:\/\/dev.explora.cl\/aricayparinacota\/#website\",\"url\":\"https:\/\/dev.explora.cl\/aricayparinacota\/\",\"name\":\"Arica y Parinacota\",\"description\":\"Otro sitio m\u00e1s de dev.explora.cl\",\"publisher\":{\"@id\":\"https:\/\/dev.explora.cl\/aricayparinacota\/#organization\"},\"potentialAction\":[{\"@type\":\"SearchAction\",\"target\":{\"@type\":\"EntryPoint\",\"urlTemplate\":\"https:\/\/dev.explora.cl\/aricayparinacota\/?s={search_term_string}\"},\"query-input\":{\"@type\":\"PropertyValueSpecification\",\"valueRequired\":true,\"valueName\":\"search_term_string\"}}],\"inLanguage\":\"es-CL\"},{\"@type\":\"Organization\",\"@id\":\"https:\/\/dev.explora.cl\/aricayparinacota\/#organization\",\"name\":\"Arica y Parinacota\",\"url\":\"https:\/\/dev.explora.cl\/aricayparinacota\/\",\"logo\":{\"@type\":\"ImageObject\",\"inLanguage\":\"es-CL\",\"@id\":\"https:\/\/dev.explora.cl\/aricayparinacota\/#\/schema\/logo\/image\/\",\"url\":\"https:\/\/dev.explora.cl\/aricayparinacota\/wp-content\/uploads\/sites\/2\/2020\/08\/cropped-nuevosa-logos-11.png\",\"contentUrl\":\"https:\/\/dev.explora.cl\/aricayparinacota\/wp-content\/uploads\/sites\/2\/2020\/08\/cropped-nuevosa-logos-11.png\",\"width\":812,\"height\":937,\"caption\":\"Arica y Parinacota\"},\"image\":{\"@id\":\"https:\/\/dev.explora.cl\/aricayparinacota\/#\/schema\/logo\/image\/\"}},{\"@type\":\"Person\",\"@id\":\"https:\/\/dev.explora.cl\/aricayparinacota\/#\/schema\/person\/cb8349c13ea2d324080adf8480d7ba5d\",\"name\":\"webman\",\"image\":{\"@type\":\"ImageObject\",\"inLanguage\":\"es-CL\",\"@id\":\"https:\/\/dev.explora.cl\/aricayparinacota\/#\/schema\/person\/image\/\",\"url\":\"https:\/\/secure.gravatar.com\/avatar\/eeff3c82f2c02f7177d13663b7e6f890e9a6a0647ce9bb29cae02dcb094c7312?s=96&d=mm&r=g\",\"contentUrl\":\"https:\/\/secure.gravatar.com\/avatar\/eeff3c82f2c02f7177d13663b7e6f890e9a6a0647ce9bb29cae02dcb094c7312?s=96&d=mm&r=g\",\"caption\":\"webman\"},\"url\":\"https:\/\/dev.explora.cl\/aricayparinacota\/author\/webman\/\"}]}<\/script>\n<!-- \/ Yoast SEO plugin. -->","yoast_head_json":{"title":"Explora Regresa a la Regi\u00f3n de Arica y Parinacota y se re\u00fane con Profesores de Arica - Arica y Parinacota","robots":{"index":"index","follow":"follow","max-snippet":"max-snippet:-1","max-image-preview":"max-image-preview:large","max-video-preview":"max-video-preview:-1"},"canonical":"https:\/\/dev.explora.cl\/aricayparinacota\/explora-vuelve-a-la-region\/","og_locale":"es_ES","og_type":"article","og_title":"Explora Regresa a la Regi\u00f3n de Arica y Parinacota y se re\u00fane con Profesores de Arica - Arica y Parinacota","og_description":"Tras dos a\u00f1os lejos de nuestra zona, EXPLORA retoma su trabajo en la regi\u00f3n con un equipo a cargo de la acad\u00e9mica del Departamento de Biolog\u00eda de la Universidad de Tarapac\u00e1 y Magister en Ciencias Biol\u00f3gicas, Eliana Belmonte Schwarzbaum, quien cuenta con una unidad de trabajo log\u00edstico y comunicacional que promover\u00e1 las diversas actividades que [&hellip;]","og_url":"https:\/\/dev.explora.cl\/aricayparinacota\/explora-vuelve-a-la-region\/","og_site_name":"Arica y Parinacota","article_published_time":"2015-06-16T00:00:00+00:00","article_modified_time":"2019-05-09T21:12:15+00:00","og_image":[{"width":1024,"height":683,"url":"https:\/\/dev.explora.cl\/aricayparinacota\/wp-content\/uploads\/sites\/2\/2018\/06\/9aa289e3f30e7744e9a48d80807b1856-1024x683.jpg","type":"image\/jpeg"}],"author":"webman","twitter_card":"summary_large_image","twitter_misc":{"Escrito por":"webman","Tiempo estimado de lectura":"2 minutos"},"schema":{"@context":"https:\/\/schema.org","@graph":[{"@type":"Article","@id":"https:\/\/dev.explora.cl\/aricayparinacota\/explora-vuelve-a-la-region\/#article","isPartOf":{"@id":"https:\/\/dev.explora.cl\/aricayparinacota\/explora-vuelve-a-la-region\/"},"author":{"name":"webman","@id":"https:\/\/dev.explora.cl\/aricayparinacota\/#\/schema\/person\/cb8349c13ea2d324080adf8480d7ba5d"},"headline":"Explora Regresa a la Regi\u00f3n de Arica y Parinacota y se re\u00fane con Profesores de Arica","datePublished":"2015-06-16T00:00:00+00:00","dateModified":"2019-05-09T21:12:15+00:00","mainEntityOfPage":{"@id":"https:\/\/dev.explora.cl\/aricayparinacota\/explora-vuelve-a-la-region\/"},"wordCount":455,"commentCount":0,"publisher":{"@id":"https:\/\/dev.explora.cl\/aricayparinacota\/#organization"},"image":{"@id":"https:\/\/dev.explora.cl\/aricayparinacota\/explora-vuelve-a-la-region\/#primaryimage"},"thumbnailUrl":"https:\/\/dev.explora.cl\/aricayparinacota\/wp-content\/uploads\/sites\/2\/2018\/06\/9aa289e3f30e7744e9a48d80807b1856.jpg","keywords":["investigaci\u00f3n"],"articleSection":["Noticias"],"inLanguage":"es-CL","potentialAction":[{"@type":"CommentAction","name":"Comment","target":["https:\/\/dev.explora.cl\/aricayparinacota\/explora-vuelve-a-la-region\/#respond"]}]},{"@type":"WebPage","@id":"https:\/\/dev.explora.cl\/aricayparinacota\/explora-vuelve-a-la-region\/","url":"https:\/\/dev.explora.cl\/aricayparinacota\/explora-vuelve-a-la-region\/","name":"Explora Regresa a la Regi\u00f3n de Arica y Parinacota y se re\u00fane con Profesores de Arica - Arica y Parinacota","isPartOf":{"@id":"https:\/\/dev.explora.cl\/aricayparinacota\/#website"},"primaryImageOfPage":{"@id":"https:\/\/dev.explora.cl\/aricayparinacota\/explora-vuelve-a-la-region\/#primaryimage"},"image":{"@id":"https:\/\/dev.explora.cl\/aricayparinacota\/explora-vuelve-a-la-region\/#primaryimage"},"thumbnailUrl":"https:\/\/dev.explora.cl\/aricayparinacota\/wp-content\/uploads\/sites\/2\/2018\/06\/9aa289e3f30e7744e9a48d80807b1856.jpg","datePublished":"2015-06-16T00:00:00+00:00","dateModified":"2019-05-09T21:12:15+00:00","breadcrumb":{"@id":"https:\/\/dev.explora.cl\/aricayparinacota\/explora-vuelve-a-la-region\/#breadcrumb"},"inLanguage":"es-CL","potentialAction":[{"@type":"ReadAction","target":["https:\/\/dev.explora.cl\/aricayparinacota\/explora-vuelve-a-la-region\/"]}]},{"@type":"ImageObject","inLanguage":"es-CL","@id":"https:\/\/dev.explora.cl\/aricayparinacota\/explora-vuelve-a-la-region\/#primaryimage","url":"https:\/\/dev.explora.cl\/aricayparinacota\/wp-content\/uploads\/sites\/2\/2018\/06\/9aa289e3f30e7744e9a48d80807b1856.jpg","contentUrl":"https:\/\/dev.explora.cl\/aricayparinacota\/wp-content\/uploads\/sites\/2\/2018\/06\/9aa289e3f30e7744e9a48d80807b1856.jpg","width":4608,"height":3072,"caption":"Equipo Explora y Profesores de Ense\u00f1anza Media"},{"@type":"BreadcrumbList","@id":"https:\/\/dev.explora.cl\/aricayparinacota\/explora-vuelve-a-la-region\/#breadcrumb","itemListElement":[{"@type":"ListItem","position":1,"name":"Portada","item":"https:\/\/dev.explora.cl\/aricayparinacota\/"},{"@type":"ListItem","position":2,"name":"Explora Regresa a la Regi\u00f3n de Arica y Parinacota y se re\u00fane con Profesores de Arica"}]},{"@type":"WebSite","@id":"https:\/\/dev.explora.cl\/aricayparinacota\/#website","url":"https:\/\/dev.explora.cl\/aricayparinacota\/","name":"Arica y Parinacota","description":"Otro sitio m\u00e1s de dev.explora.cl","publisher":{"@id":"https:\/\/dev.explora.cl\/aricayparinacota\/#organization"},"potentialAction":[{"@type":"SearchAction","target":{"@type":"EntryPoint","urlTemplate":"https:\/\/dev.explora.cl\/aricayparinacota\/?s={search_term_string}"},"query-input":{"@type":"PropertyValueSpecification","valueRequired":true,"valueName":"search_term_string"}}],"inLanguage":"es-CL"},{"@type":"Organization","@id":"https:\/\/dev.explora.cl\/aricayparinacota\/#organization","name":"Arica y Parinacota","url":"https:\/\/dev.explora.cl\/aricayparinacota\/","logo":{"@type":"ImageObject","inLanguage":"es-CL","@id":"https:\/\/dev.explora.cl\/aricayparinacota\/#\/schema\/logo\/image\/","url":"https:\/\/dev.explora.cl\/aricayparinacota\/wp-content\/uploads\/sites\/2\/2020\/08\/cropped-nuevosa-logos-11.png","contentUrl":"https:\/\/dev.explora.cl\/aricayparinacota\/wp-content\/uploads\/sites\/2\/2020\/08\/cropped-nuevosa-logos-11.png","width":812,"height":937,"caption":"Arica y Parinacota"},"image":{"@id":"https:\/\/dev.explora.cl\/aricayparinacota\/#\/schema\/logo\/image\/"}},{"@type":"Person","@id":"https:\/\/dev.explora.cl\/aricayparinacota\/#\/schema\/person\/cb8349c13ea2d324080adf8480d7ba5d","name":"webman","image":{"@type":"ImageObject","inLanguage":"es-CL","@id":"https:\/\/dev.explora.cl\/aricayparinacota\/#\/schema\/person\/image\/","url":"https:\/\/secure.gravatar.com\/avatar\/eeff3c82f2c02f7177d13663b7e6f890e9a6a0647ce9bb29cae02dcb094c7312?s=96&d=mm&r=g","contentUrl":"https:\/\/secure.gravatar.com\/avatar\/eeff3c82f2c02f7177d13663b7e6f890e9a6a0647ce9bb29cae02dcb094c7312?s=96&d=mm&r=g","caption":"webman"},"url":"https:\/\/dev.explora.cl\/aricayparinacota\/author\/webman\/"}]}},"_links":{"self":[{"href":"https:\/\/dev.explora.cl\/aricayparinacota\/wp-json\/wp\/v2\/posts\/32045","targetHints":{"allow":["GET"]}}],"collection":[{"href":"https:\/\/dev.explora.cl\/aricayparinacota\/wp-json\/wp\/v2\/posts"}],"about":[{"href":"https:\/\/dev.explora.cl\/aricayparinacota\/wp-json\/wp\/v2\/types\/post"}],"author":[{"embeddable":true,"href":"https:\/\/dev.explora.cl\/aricayparinacota\/wp-json\/wp\/v2\/users\/2"}],"replies":[{"embeddable":true,"href":"https:\/\/dev.explora.cl\/aricayparinacota\/wp-json\/wp\/v2\/comments?post=32045"}],"version-history":[{"count":1,"href":"https:\/\/dev.explora.cl\/aricayparinacota\/wp-json\/wp\/v2\/posts\/32045\/revisions"}],"predecessor-version":[{"id":32957,"href":"https:\/\/dev.explora.cl\/aricayparinacota\/wp-json\/wp\/v2\/posts\/32045\/revisions\/32957"}],"wp:featuredmedia":[{"embeddable":true,"href":"https:\/\/dev.explora.cl\/aricayparinacota\/wp-json\/wp\/v2\/media\/32046"}],"wp:attachment":[{"href":"https:\/\/dev.explora.cl\/aricayparinacota\/wp-json\/wp\/v2\/media?parent=32045"}],"wp:term":[{"taxonomy":"category","embeddable":true,"href":"https:\/\/dev.explora.cl\/aricayparinacota\/wp-json\/wp\/v2\/categories?post=32045"},{"taxonomy":"post_tag","embeddable":true,"href":"https:\/\/dev.explora.cl\/aricayparinacota\/wp-json\/wp\/v2\/tags?post=32045"}],"curies":[{"name":"wp","href":"https:\/\/api.w.org\/{rel}","templated":true}]}}