{"id":32043,"date":"2015-06-12T00:00:00","date_gmt":"2015-06-12T00:00:00","guid":{"rendered":"https:\/\/dev.explora.cl\/aricayparinacota\/blog\/2015\/06\/12\/mujer-da-a-luz-un-bebe-sano-luego-de-pionero-trasplante-de-ovario-1\/"},"modified":"2019-05-09T21:12:40","modified_gmt":"2019-05-09T21:12:40","slug":"mujer-da-a-luz-un-bebe-sano-luego-de-pionero-trasplante-de-ovario-1","status":"publish","type":"post","link":"https:\/\/dev.explora.cl\/aricayparinacota\/mujer-da-a-luz-un-bebe-sano-luego-de-pionero-trasplante-de-ovario-1\/","title":{"rendered":"Mujer da a luz un beb\u00e9 sano luego de pionero trasplante de ovario"},"content":{"rendered":"<p><img loading=\"lazy\" decoding=\"async\" class=\" size-full wp-image-12146\" src=\"http:\/\/ec2-34-218-253-251.us-west-2.compute.amazonaws.com\/wp-content\/uploads\/2015\/06\/f73190291cf2ab1fcdd1f788d45d05d9.jpg\" alt=\"\" width=\"701\" height=\"464\" \/><\/p>\n<p>Diagnosticada a los cinco a\u00f1os con anemia de c\u00e9lulas falciformes, enfermedad que hace que el organismo produzca gl\u00f3bulos rojos de forma anormal (en forma de medialuna), una paciente congolesa emigr\u00f3 a B\u00e9lgica para su tratamiento. Fue sometida a un trasplante de m\u00e9dula \u00f3sea y por lo tanto, a quimioterapia, lo que pod\u00eda causarle infertilidad. Como a\u00fan no pod\u00edan congelar sus \u00f3vulos, pues estaba entrando a la pubertad, a los 14 a\u00f1os decidieron extraerle tejido ov\u00e1rico y congelarlo, para aumentar las posibilidades de que, en la adultez, pudiera quedar embarazada.<\/p>\n<p>Diez a\u00f1os despu\u00e9s del procedimiento, el tejido extra\u00eddo de su ovario le fue trasplantado de vuelta, consiguiendo la regeneraci\u00f3n de este y que la mujer, ahora de 27 a\u00f1os, diera a luz un ni\u00f1o sano.<\/p>\n<p>De acuerdo al estudio, publicado en la revista Human Reproduction, es el primer nacimiento vivo despu\u00e9s de un autoinjerto de tejido ov\u00e1rico, en una paciente a la que el procedimiento de extracci\u00f3n se le realiz\u00f3 antes de la pubertad. &#8220;Este primer informe de restauraci\u00f3n de la fertilidad con \u00e9xito despu\u00e9s del injerto de tejido ov\u00e1rico criopreservado antes de la menarquia, ofrece evidencia tranquilizadora para la viabilidad del procedimiento cuando se realiza durante la infancia&#8221;, dice el art\u00edculo liderado por Isabelle Demeestere, de la U. Libre de Bruselas.<\/p>\n<p><strong>Proceso <\/strong><\/p>\n<p>A los 11 a\u00f1os, cuando comenzaba el tratamiento, se les ofreci\u00f3 a los padres congelar el tejido ov\u00e1rico, lo que finalmente realizaron cuando la ni\u00f1a ten\u00eda 13 a\u00f1os y 11 meses y nunca hab\u00eda experimentado la menstruaci\u00f3n.<\/p>\n<p>Diez a\u00f1os despu\u00e9s de la extracci\u00f3n del tejido, la paciente indica que quiere quedar embarazada, por lo que fue sometida al trasplante, con el fin de restaurar su fertilidad. Cuatro piezas de tejido fueron reinjertadas en su ovario izquierdo residual, seis en la bolsa peritoneal derecha y cinco subcut\u00e1neamente. Cinco meses despu\u00e9s de esto, su ciclo menstrual se hizo regular y tras m\u00e1s de dos a\u00f1os post trasplante, tuvo un embarazo espont\u00e1neo y su beb\u00e9 naci\u00f3 sano en noviembre de 2014.<\/p>\n<p>Si bien, el avance de los tratamientos contra enfermedades hematol\u00f3gicas ha mejorado la cantidad de sobrevivientes, el riesgo de subfertilidad e insuficiencia ov\u00e1rica prematura supera el 80% en los sobrevivientes de c\u00e1ncer infantil, dice el art\u00edculo. Aunque no est\u00e1 claro si la misma t\u00e9cnica podr\u00eda tener \u00e9xito en ni\u00f1os m\u00e1s peque\u00f1os, &#8220;este es un avance importante en el campo, porque los ni\u00f1os son los pacientes que tienen m\u00e1s probabilidades de beneficiarse en el futuro&#8221;, dijo Demeestere en un comunicado.<\/p>\n<p>El tejido ov\u00e1rico en la paciente del estudio parece estar funcionando normalmente y es posible pueda tener otro hijo, agreg\u00f3 la especialista. &#8220;Ella tiene la posibilidad de someterse a un segundo trasplante con el tejido congelado restante si el injerto deja de funcionar, ya que no trasplantamos todo el tejido ov\u00e1rico la primera vez&#8221;.<\/p>\n<p>Fuente: <a href=\"http:\/\/www.latercera.com\/noticia\/tendencias\/2015\/06\/659-633704-9-mujer-da-a-luz-un-bebe-sano-luego-de-pionero-trasplante-de-ovario.shtml\" target=\"_blank\" rel=\"noopener noreferrer\"><span style=\"text-decoration: underline\"><span style=\"color: #0000ff;text-decoration: underline\">Latercera<\/span><\/span><\/a><\/p>\n","protected":false},"excerpt":{"rendered":"<p>Diagnosticada a los cinco a\u00f1os con anemia de c\u00e9lulas falciformes, enfermedad que hace que el organismo produzca gl\u00f3bulos rojos de forma anormal (en forma de medialuna), una paciente congolesa emigr\u00f3 a B\u00e9lgica para su tratamiento. Fue sometida a un trasplante de m\u00e9dula \u00f3sea y por lo tanto, a quimioterapia, lo que pod\u00eda causarle infertilidad. Como [&hellip;]<\/p>\n","protected":false},"author":2,"featured_media":32044,"comment_status":"open","ping_status":"open","sticky":false,"template":"","format":"standard","meta":{"_acf_changed":false,"_exactmetrics_skip_tracking":false,"_exactmetrics_sitenote_active":false,"_exactmetrics_sitenote_note":"","_exactmetrics_sitenote_category":0,"footnotes":"","_links_to":"","_links_to_target":""},"categories":[4],"tags":[],"class_list":["post-32043","post","type-post","status-publish","format-standard","has-post-thumbnail","hentry","category-noticias"],"acf":[],"yoast_head":"<!-- This site is optimized with the Yoast SEO plugin v26.7 - https:\/\/yoast.com\/wordpress\/plugins\/seo\/ -->\n<title>Mujer da a luz un beb\u00e9 sano luego de pionero trasplante de ovario - Arica y Parinacota<\/title>\n<meta name=\"robots\" content=\"index, follow, max-snippet:-1, max-image-preview:large, max-video-preview:-1\" \/>\n<link rel=\"canonical\" href=\"https:\/\/dev.explora.cl\/aricayparinacota\/mujer-da-a-luz-un-bebe-sano-luego-de-pionero-trasplante-de-ovario-1\/\" class=\"yoast-seo-meta-tag\" \/>\n<meta property=\"og:locale\" content=\"es_ES\" class=\"yoast-seo-meta-tag\" \/>\n<meta property=\"og:type\" content=\"article\" class=\"yoast-seo-meta-tag\" \/>\n<meta property=\"og:title\" content=\"Mujer da a luz un beb\u00e9 sano luego de pionero trasplante de ovario - Arica y Parinacota\" class=\"yoast-seo-meta-tag\" \/>\n<meta property=\"og:description\" content=\"Diagnosticada a los cinco a\u00f1os con anemia de c\u00e9lulas falciformes, enfermedad que hace que el organismo produzca gl\u00f3bulos rojos de forma anormal (en forma de medialuna), una paciente congolesa emigr\u00f3 a B\u00e9lgica para su tratamiento. Fue sometida a un trasplante de m\u00e9dula \u00f3sea y por lo tanto, a quimioterapia, lo que pod\u00eda causarle infertilidad. Como [&hellip;]\" class=\"yoast-seo-meta-tag\" \/>\n<meta property=\"og:url\" content=\"https:\/\/dev.explora.cl\/aricayparinacota\/mujer-da-a-luz-un-bebe-sano-luego-de-pionero-trasplante-de-ovario-1\/\" class=\"yoast-seo-meta-tag\" \/>\n<meta property=\"og:site_name\" content=\"Arica y Parinacota\" class=\"yoast-seo-meta-tag\" \/>\n<meta property=\"article:published_time\" content=\"2015-06-12T00:00:00+00:00\" class=\"yoast-seo-meta-tag\" \/>\n<meta property=\"article:modified_time\" content=\"2019-05-09T21:12:40+00:00\" class=\"yoast-seo-meta-tag\" \/>\n<meta property=\"og:image\" content=\"https:\/\/dev.explora.cl\/aricayparinacota\/wp-content\/uploads\/sites\/2\/2018\/06\/f73190291cf2ab1fcdd1f788d45d05d9.jpg\" class=\"yoast-seo-meta-tag\" \/>\n\t<meta property=\"og:image:width\" content=\"701\" class=\"yoast-seo-meta-tag\" \/>\n\t<meta property=\"og:image:height\" content=\"464\" class=\"yoast-seo-meta-tag\" \/>\n\t<meta property=\"og:image:type\" content=\"image\/jpeg\" class=\"yoast-seo-meta-tag\" \/>\n<meta name=\"author\" content=\"webman\" class=\"yoast-seo-meta-tag\" \/>\n<meta name=\"twitter:card\" content=\"summary_large_image\" class=\"yoast-seo-meta-tag\" \/>\n<meta name=\"twitter:label1\" content=\"Escrito por\" class=\"yoast-seo-meta-tag\" \/>\n\t<meta name=\"twitter:data1\" content=\"webman\" class=\"yoast-seo-meta-tag\" \/>\n\t<meta name=\"twitter:label2\" content=\"Tiempo estimado de lectura\" class=\"yoast-seo-meta-tag\" \/>\n\t<meta name=\"twitter:data2\" content=\"3 minutos\" class=\"yoast-seo-meta-tag\" \/>\n<script type=\"application\/ld+json\" class=\"yoast-schema-graph\">{\"@context\":\"https:\/\/schema.org\",\"@graph\":[{\"@type\":\"Article\",\"@id\":\"https:\/\/dev.explora.cl\/aricayparinacota\/mujer-da-a-luz-un-bebe-sano-luego-de-pionero-trasplante-de-ovario-1\/#article\",\"isPartOf\":{\"@id\":\"https:\/\/dev.explora.cl\/aricayparinacota\/mujer-da-a-luz-un-bebe-sano-luego-de-pionero-trasplante-de-ovario-1\/\"},\"author\":{\"name\":\"webman\",\"@id\":\"https:\/\/dev.explora.cl\/aricayparinacota\/#\/schema\/person\/cb8349c13ea2d324080adf8480d7ba5d\"},\"headline\":\"Mujer da a luz un beb\u00e9 sano luego de pionero trasplante de ovario\",\"datePublished\":\"2015-06-12T00:00:00+00:00\",\"dateModified\":\"2019-05-09T21:12:40+00:00\",\"mainEntityOfPage\":{\"@id\":\"https:\/\/dev.explora.cl\/aricayparinacota\/mujer-da-a-luz-un-bebe-sano-luego-de-pionero-trasplante-de-ovario-1\/\"},\"wordCount\":522,\"commentCount\":0,\"publisher\":{\"@id\":\"https:\/\/dev.explora.cl\/aricayparinacota\/#organization\"},\"image\":{\"@id\":\"https:\/\/dev.explora.cl\/aricayparinacota\/mujer-da-a-luz-un-bebe-sano-luego-de-pionero-trasplante-de-ovario-1\/#primaryimage\"},\"thumbnailUrl\":\"https:\/\/dev.explora.cl\/aricayparinacota\/wp-content\/uploads\/sites\/2\/2018\/06\/f73190291cf2ab1fcdd1f788d45d05d9.jpg\",\"articleSection\":[\"Noticias\"],\"inLanguage\":\"es-CL\",\"potentialAction\":[{\"@type\":\"CommentAction\",\"name\":\"Comment\",\"target\":[\"https:\/\/dev.explora.cl\/aricayparinacota\/mujer-da-a-luz-un-bebe-sano-luego-de-pionero-trasplante-de-ovario-1\/#respond\"]}]},{\"@type\":\"WebPage\",\"@id\":\"https:\/\/dev.explora.cl\/aricayparinacota\/mujer-da-a-luz-un-bebe-sano-luego-de-pionero-trasplante-de-ovario-1\/\",\"url\":\"https:\/\/dev.explora.cl\/aricayparinacota\/mujer-da-a-luz-un-bebe-sano-luego-de-pionero-trasplante-de-ovario-1\/\",\"name\":\"Mujer da a luz un beb\u00e9 sano luego de pionero trasplante de ovario - Arica y Parinacota\",\"isPartOf\":{\"@id\":\"https:\/\/dev.explora.cl\/aricayparinacota\/#website\"},\"primaryImageOfPage\":{\"@id\":\"https:\/\/dev.explora.cl\/aricayparinacota\/mujer-da-a-luz-un-bebe-sano-luego-de-pionero-trasplante-de-ovario-1\/#primaryimage\"},\"image\":{\"@id\":\"https:\/\/dev.explora.cl\/aricayparinacota\/mujer-da-a-luz-un-bebe-sano-luego-de-pionero-trasplante-de-ovario-1\/#primaryimage\"},\"thumbnailUrl\":\"https:\/\/dev.explora.cl\/aricayparinacota\/wp-content\/uploads\/sites\/2\/2018\/06\/f73190291cf2ab1fcdd1f788d45d05d9.jpg\",\"datePublished\":\"2015-06-12T00:00:00+00:00\",\"dateModified\":\"2019-05-09T21:12:40+00:00\",\"breadcrumb\":{\"@id\":\"https:\/\/dev.explora.cl\/aricayparinacota\/mujer-da-a-luz-un-bebe-sano-luego-de-pionero-trasplante-de-ovario-1\/#breadcrumb\"},\"inLanguage\":\"es-CL\",\"potentialAction\":[{\"@type\":\"ReadAction\",\"target\":[\"https:\/\/dev.explora.cl\/aricayparinacota\/mujer-da-a-luz-un-bebe-sano-luego-de-pionero-trasplante-de-ovario-1\/\"]}]},{\"@type\":\"ImageObject\",\"inLanguage\":\"es-CL\",\"@id\":\"https:\/\/dev.explora.cl\/aricayparinacota\/mujer-da-a-luz-un-bebe-sano-luego-de-pionero-trasplante-de-ovario-1\/#primaryimage\",\"url\":\"https:\/\/dev.explora.cl\/aricayparinacota\/wp-content\/uploads\/sites\/2\/2018\/06\/f73190291cf2ab1fcdd1f788d45d05d9.jpg\",\"contentUrl\":\"https:\/\/dev.explora.cl\/aricayparinacota\/wp-content\/uploads\/sites\/2\/2018\/06\/f73190291cf2ab1fcdd1f788d45d05d9.jpg\",\"width\":701,\"height\":464},{\"@type\":\"BreadcrumbList\",\"@id\":\"https:\/\/dev.explora.cl\/aricayparinacota\/mujer-da-a-luz-un-bebe-sano-luego-de-pionero-trasplante-de-ovario-1\/#breadcrumb\",\"itemListElement\":[{\"@type\":\"ListItem\",\"position\":1,\"name\":\"Portada\",\"item\":\"https:\/\/dev.explora.cl\/aricayparinacota\/\"},{\"@type\":\"ListItem\",\"position\":2,\"name\":\"Mujer da a luz un beb\u00e9 sano luego de pionero trasplante de ovario\"}]},{\"@type\":\"WebSite\",\"@id\":\"https:\/\/dev.explora.cl\/aricayparinacota\/#website\",\"url\":\"https:\/\/dev.explora.cl\/aricayparinacota\/\",\"name\":\"Arica y Parinacota\",\"description\":\"Otro sitio m\u00e1s de dev.explora.cl\",\"publisher\":{\"@id\":\"https:\/\/dev.explora.cl\/aricayparinacota\/#organization\"},\"potentialAction\":[{\"@type\":\"SearchAction\",\"target\":{\"@type\":\"EntryPoint\",\"urlTemplate\":\"https:\/\/dev.explora.cl\/aricayparinacota\/?s={search_term_string}\"},\"query-input\":{\"@type\":\"PropertyValueSpecification\",\"valueRequired\":true,\"valueName\":\"search_term_string\"}}],\"inLanguage\":\"es-CL\"},{\"@type\":\"Organization\",\"@id\":\"https:\/\/dev.explora.cl\/aricayparinacota\/#organization\",\"name\":\"Arica y Parinacota\",\"url\":\"https:\/\/dev.explora.cl\/aricayparinacota\/\",\"logo\":{\"@type\":\"ImageObject\",\"inLanguage\":\"es-CL\",\"@id\":\"https:\/\/dev.explora.cl\/aricayparinacota\/#\/schema\/logo\/image\/\",\"url\":\"https:\/\/dev.explora.cl\/aricayparinacota\/wp-content\/uploads\/sites\/2\/2020\/08\/cropped-nuevosa-logos-11.png\",\"contentUrl\":\"https:\/\/dev.explora.cl\/aricayparinacota\/wp-content\/uploads\/sites\/2\/2020\/08\/cropped-nuevosa-logos-11.png\",\"width\":812,\"height\":937,\"caption\":\"Arica y Parinacota\"},\"image\":{\"@id\":\"https:\/\/dev.explora.cl\/aricayparinacota\/#\/schema\/logo\/image\/\"}},{\"@type\":\"Person\",\"@id\":\"https:\/\/dev.explora.cl\/aricayparinacota\/#\/schema\/person\/cb8349c13ea2d324080adf8480d7ba5d\",\"name\":\"webman\",\"image\":{\"@type\":\"ImageObject\",\"inLanguage\":\"es-CL\",\"@id\":\"https:\/\/dev.explora.cl\/aricayparinacota\/#\/schema\/person\/image\/\",\"url\":\"https:\/\/secure.gravatar.com\/avatar\/eeff3c82f2c02f7177d13663b7e6f890e9a6a0647ce9bb29cae02dcb094c7312?s=96&d=mm&r=g\",\"contentUrl\":\"https:\/\/secure.gravatar.com\/avatar\/eeff3c82f2c02f7177d13663b7e6f890e9a6a0647ce9bb29cae02dcb094c7312?s=96&d=mm&r=g\",\"caption\":\"webman\"},\"url\":\"https:\/\/dev.explora.cl\/aricayparinacota\/author\/webman\/\"}]}<\/script>\n<!-- \/ Yoast SEO plugin. -->","yoast_head_json":{"title":"Mujer da a luz un beb\u00e9 sano luego de pionero trasplante de ovario - Arica y Parinacota","robots":{"index":"index","follow":"follow","max-snippet":"max-snippet:-1","max-image-preview":"max-image-preview:large","max-video-preview":"max-video-preview:-1"},"canonical":"https:\/\/dev.explora.cl\/aricayparinacota\/mujer-da-a-luz-un-bebe-sano-luego-de-pionero-trasplante-de-ovario-1\/","og_locale":"es_ES","og_type":"article","og_title":"Mujer da a luz un beb\u00e9 sano luego de pionero trasplante de ovario - Arica y Parinacota","og_description":"Diagnosticada a los cinco a\u00f1os con anemia de c\u00e9lulas falciformes, enfermedad que hace que el organismo produzca gl\u00f3bulos rojos de forma anormal (en forma de medialuna), una paciente congolesa emigr\u00f3 a B\u00e9lgica para su tratamiento. Fue sometida a un trasplante de m\u00e9dula \u00f3sea y por lo tanto, a quimioterapia, lo que pod\u00eda causarle infertilidad. Como [&hellip;]","og_url":"https:\/\/dev.explora.cl\/aricayparinacota\/mujer-da-a-luz-un-bebe-sano-luego-de-pionero-trasplante-de-ovario-1\/","og_site_name":"Arica y Parinacota","article_published_time":"2015-06-12T00:00:00+00:00","article_modified_time":"2019-05-09T21:12:40+00:00","og_image":[{"width":701,"height":464,"url":"https:\/\/dev.explora.cl\/aricayparinacota\/wp-content\/uploads\/sites\/2\/2018\/06\/f73190291cf2ab1fcdd1f788d45d05d9.jpg","type":"image\/jpeg"}],"author":"webman","twitter_card":"summary_large_image","twitter_misc":{"Escrito por":"webman","Tiempo estimado de lectura":"3 minutos"},"schema":{"@context":"https:\/\/schema.org","@graph":[{"@type":"Article","@id":"https:\/\/dev.explora.cl\/aricayparinacota\/mujer-da-a-luz-un-bebe-sano-luego-de-pionero-trasplante-de-ovario-1\/#article","isPartOf":{"@id":"https:\/\/dev.explora.cl\/aricayparinacota\/mujer-da-a-luz-un-bebe-sano-luego-de-pionero-trasplante-de-ovario-1\/"},"author":{"name":"webman","@id":"https:\/\/dev.explora.cl\/aricayparinacota\/#\/schema\/person\/cb8349c13ea2d324080adf8480d7ba5d"},"headline":"Mujer da a luz un beb\u00e9 sano luego de pionero trasplante de ovario","datePublished":"2015-06-12T00:00:00+00:00","dateModified":"2019-05-09T21:12:40+00:00","mainEntityOfPage":{"@id":"https:\/\/dev.explora.cl\/aricayparinacota\/mujer-da-a-luz-un-bebe-sano-luego-de-pionero-trasplante-de-ovario-1\/"},"wordCount":522,"commentCount":0,"publisher":{"@id":"https:\/\/dev.explora.cl\/aricayparinacota\/#organization"},"image":{"@id":"https:\/\/dev.explora.cl\/aricayparinacota\/mujer-da-a-luz-un-bebe-sano-luego-de-pionero-trasplante-de-ovario-1\/#primaryimage"},"thumbnailUrl":"https:\/\/dev.explora.cl\/aricayparinacota\/wp-content\/uploads\/sites\/2\/2018\/06\/f73190291cf2ab1fcdd1f788d45d05d9.jpg","articleSection":["Noticias"],"inLanguage":"es-CL","potentialAction":[{"@type":"CommentAction","name":"Comment","target":["https:\/\/dev.explora.cl\/aricayparinacota\/mujer-da-a-luz-un-bebe-sano-luego-de-pionero-trasplante-de-ovario-1\/#respond"]}]},{"@type":"WebPage","@id":"https:\/\/dev.explora.cl\/aricayparinacota\/mujer-da-a-luz-un-bebe-sano-luego-de-pionero-trasplante-de-ovario-1\/","url":"https:\/\/dev.explora.cl\/aricayparinacota\/mujer-da-a-luz-un-bebe-sano-luego-de-pionero-trasplante-de-ovario-1\/","name":"Mujer da a luz un beb\u00e9 sano luego de pionero trasplante de ovario - Arica y Parinacota","isPartOf":{"@id":"https:\/\/dev.explora.cl\/aricayparinacota\/#website"},"primaryImageOfPage":{"@id":"https:\/\/dev.explora.cl\/aricayparinacota\/mujer-da-a-luz-un-bebe-sano-luego-de-pionero-trasplante-de-ovario-1\/#primaryimage"},"image":{"@id":"https:\/\/dev.explora.cl\/aricayparinacota\/mujer-da-a-luz-un-bebe-sano-luego-de-pionero-trasplante-de-ovario-1\/#primaryimage"},"thumbnailUrl":"https:\/\/dev.explora.cl\/aricayparinacota\/wp-content\/uploads\/sites\/2\/2018\/06\/f73190291cf2ab1fcdd1f788d45d05d9.jpg","datePublished":"2015-06-12T00:00:00+00:00","dateModified":"2019-05-09T21:12:40+00:00","breadcrumb":{"@id":"https:\/\/dev.explora.cl\/aricayparinacota\/mujer-da-a-luz-un-bebe-sano-luego-de-pionero-trasplante-de-ovario-1\/#breadcrumb"},"inLanguage":"es-CL","potentialAction":[{"@type":"ReadAction","target":["https:\/\/dev.explora.cl\/aricayparinacota\/mujer-da-a-luz-un-bebe-sano-luego-de-pionero-trasplante-de-ovario-1\/"]}]},{"@type":"ImageObject","inLanguage":"es-CL","@id":"https:\/\/dev.explora.cl\/aricayparinacota\/mujer-da-a-luz-un-bebe-sano-luego-de-pionero-trasplante-de-ovario-1\/#primaryimage","url":"https:\/\/dev.explora.cl\/aricayparinacota\/wp-content\/uploads\/sites\/2\/2018\/06\/f73190291cf2ab1fcdd1f788d45d05d9.jpg","contentUrl":"https:\/\/dev.explora.cl\/aricayparinacota\/wp-content\/uploads\/sites\/2\/2018\/06\/f73190291cf2ab1fcdd1f788d45d05d9.jpg","width":701,"height":464},{"@type":"BreadcrumbList","@id":"https:\/\/dev.explora.cl\/aricayparinacota\/mujer-da-a-luz-un-bebe-sano-luego-de-pionero-trasplante-de-ovario-1\/#breadcrumb","itemListElement":[{"@type":"ListItem","position":1,"name":"Portada","item":"https:\/\/dev.explora.cl\/aricayparinacota\/"},{"@type":"ListItem","position":2,"name":"Mujer da a luz un beb\u00e9 sano luego de pionero trasplante de ovario"}]},{"@type":"WebSite","@id":"https:\/\/dev.explora.cl\/aricayparinacota\/#website","url":"https:\/\/dev.explora.cl\/aricayparinacota\/","name":"Arica y Parinacota","description":"Otro sitio m\u00e1s de dev.explora.cl","publisher":{"@id":"https:\/\/dev.explora.cl\/aricayparinacota\/#organization"},"potentialAction":[{"@type":"SearchAction","target":{"@type":"EntryPoint","urlTemplate":"https:\/\/dev.explora.cl\/aricayparinacota\/?s={search_term_string}"},"query-input":{"@type":"PropertyValueSpecification","valueRequired":true,"valueName":"search_term_string"}}],"inLanguage":"es-CL"},{"@type":"Organization","@id":"https:\/\/dev.explora.cl\/aricayparinacota\/#organization","name":"Arica y Parinacota","url":"https:\/\/dev.explora.cl\/aricayparinacota\/","logo":{"@type":"ImageObject","inLanguage":"es-CL","@id":"https:\/\/dev.explora.cl\/aricayparinacota\/#\/schema\/logo\/image\/","url":"https:\/\/dev.explora.cl\/aricayparinacota\/wp-content\/uploads\/sites\/2\/2020\/08\/cropped-nuevosa-logos-11.png","contentUrl":"https:\/\/dev.explora.cl\/aricayparinacota\/wp-content\/uploads\/sites\/2\/2020\/08\/cropped-nuevosa-logos-11.png","width":812,"height":937,"caption":"Arica y Parinacota"},"image":{"@id":"https:\/\/dev.explora.cl\/aricayparinacota\/#\/schema\/logo\/image\/"}},{"@type":"Person","@id":"https:\/\/dev.explora.cl\/aricayparinacota\/#\/schema\/person\/cb8349c13ea2d324080adf8480d7ba5d","name":"webman","image":{"@type":"ImageObject","inLanguage":"es-CL","@id":"https:\/\/dev.explora.cl\/aricayparinacota\/#\/schema\/person\/image\/","url":"https:\/\/secure.gravatar.com\/avatar\/eeff3c82f2c02f7177d13663b7e6f890e9a6a0647ce9bb29cae02dcb094c7312?s=96&d=mm&r=g","contentUrl":"https:\/\/secure.gravatar.com\/avatar\/eeff3c82f2c02f7177d13663b7e6f890e9a6a0647ce9bb29cae02dcb094c7312?s=96&d=mm&r=g","caption":"webman"},"url":"https:\/\/dev.explora.cl\/aricayparinacota\/author\/webman\/"}]}},"_links":{"self":[{"href":"https:\/\/dev.explora.cl\/aricayparinacota\/wp-json\/wp\/v2\/posts\/32043","targetHints":{"allow":["GET"]}}],"collection":[{"href":"https:\/\/dev.explora.cl\/aricayparinacota\/wp-json\/wp\/v2\/posts"}],"about":[{"href":"https:\/\/dev.explora.cl\/aricayparinacota\/wp-json\/wp\/v2\/types\/post"}],"author":[{"embeddable":true,"href":"https:\/\/dev.explora.cl\/aricayparinacota\/wp-json\/wp\/v2\/users\/2"}],"replies":[{"embeddable":true,"href":"https:\/\/dev.explora.cl\/aricayparinacota\/wp-json\/wp\/v2\/comments?post=32043"}],"version-history":[{"count":1,"href":"https:\/\/dev.explora.cl\/aricayparinacota\/wp-json\/wp\/v2\/posts\/32043\/revisions"}],"predecessor-version":[{"id":32960,"href":"https:\/\/dev.explora.cl\/aricayparinacota\/wp-json\/wp\/v2\/posts\/32043\/revisions\/32960"}],"wp:featuredmedia":[{"embeddable":true,"href":"https:\/\/dev.explora.cl\/aricayparinacota\/wp-json\/wp\/v2\/media\/32044"}],"wp:attachment":[{"href":"https:\/\/dev.explora.cl\/aricayparinacota\/wp-json\/wp\/v2\/media?parent=32043"}],"wp:term":[{"taxonomy":"category","embeddable":true,"href":"https:\/\/dev.explora.cl\/aricayparinacota\/wp-json\/wp\/v2\/categories?post=32043"},{"taxonomy":"post_tag","embeddable":true,"href":"https:\/\/dev.explora.cl\/aricayparinacota\/wp-json\/wp\/v2\/tags?post=32043"}],"curies":[{"name":"wp","href":"https:\/\/api.w.org\/{rel}","templated":true}]}}