{"id":32041,"date":"2015-06-12T00:00:00","date_gmt":"2015-06-12T00:00:00","guid":{"rendered":"https:\/\/dev.explora.cl\/aricayparinacota\/blog\/2015\/06\/12\/samantha-cristoforetti-la-astronauta-italiana-que-le-enseno-al-mundo-como-se-vive-en-el-espacio-1\/"},"modified":"2019-05-09T21:12:32","modified_gmt":"2019-05-09T21:12:32","slug":"samantha-cristoforetti-la-astronauta-italiana-que-le-enseno-al-mundo-como-se-vive-en-el-espacio-1","status":"publish","type":"post","link":"https:\/\/dev.explora.cl\/aricayparinacota\/samantha-cristoforetti-la-astronauta-italiana-que-le-enseno-al-mundo-como-se-vive-en-el-espacio-1\/","title":{"rendered":"Samantha Cristoforetti, la astronauta italiana que le ense\u00f1\u00f3 al mundo c\u00f3mo se vive en el espacio"},"content":{"rendered":"<p><img loading=\"lazy\" decoding=\"async\" class=\" size-full wp-image-12140\" src=\"http:\/\/ec2-34-218-253-251.us-west-2.compute.amazonaws.com\/wp-content\/uploads\/2015\/06\/8d68cb12760dc7aef1c4cd5054a689ea.jpg\" alt=\"\" width=\"660\" height=\"371\" \/><\/p>\n<p>Como buena italiana, ense\u00f1\u00f3 al mundo c\u00f3mo se hace un caf\u00e9 espresso en el espacio. Y tambi\u00e9n c\u00f3mo se puede duchar en un lugar con una gravedad menor a la Tierra o el truco para cortarse las u\u00f1as sin que queden flotando.<\/p>\n<p>Para ello utiliz\u00f3 la astronauta Samantha Cristoforetti las redes sociales durante el tiempo que observ\u00f3 la Tierra desde la Estaci\u00f3n Espacial Internacional (EEI), un centro de investigaci\u00f3n a 400 kil\u00f3metros en la \u00f3rbita terrestre que recorre el planeta a 28.000 kil\u00f3metros por hora.<\/p>\n<p>Pero tambi\u00e9n para ganarse el coraz\u00f3n de miles de ciudadanos, al compartir en su cuenta de Twitter (@AstroSamantha) im\u00e1genes de las zonas m\u00e1s destacadas de sus pa\u00edses y al hacer comentarios sobre ellas.<\/p>\n<p>&#8220;Si Pap\u00e1 Noel se transfiriese al hemisferio sur, probablemente ser\u00eda aqu\u00ed&#8230; a la Patagonia&#8221;, escribi\u00f3 por ejemplo en diciembre de 2014, cuando pas\u00f3 sobre la Patagonia.<\/p>\n<p>Tambi\u00e9n cumpli\u00f3 con Per\u00fa y Bolivia: &#8220;Admirando la belleza de nuestro planeta, mientras pasamos sobre Los Andes y el lago Titicaca&#8221;.<\/p>\n<p>Y Argentina y Uruguay tambi\u00e9n tuvieron su parte, as\u00ed como Nicaragua, El Salvador y Honduras, cuando la astronauta comparti\u00f3 fotos del Golfo de Fonseca, o las Islas Canarias, de Espa\u00f1a, cuando las salud\u00f3 con un &#8220;Hello #CanaryIslands and Galileo Telescope&#8221; (Hola Islas Canarias y el telescopio Galileo, un aparato italiano colocado en La Palma).<\/p>\n<p>&#8220;Galileo observa el espacio y ahora el espacio observa a Galileo&#8221;, a\u00f1adi\u00f3 el 31 de marzo de este a\u00f1o la astronauta de la Agencia Espacial Europea (ESA), la primera italiana en vivir en la EEI.<\/p>\n<p><strong>R\u00e9cord femenino <\/strong><\/p>\n<p>Pero a menos que otro astronauta tome el relevo, esta ventana desde el espacio en las redes sociales se cerr\u00f3 este jueves, cuando Cristoforetti regres\u00f3 a Tierra junto al ruso Anton Chkaplerov y el norteamericano Terry Virts.<\/p>\n<p>Aterriz\u00f3 en Kazajist\u00e1n, despu\u00e9s de haber volado durante 200 minutos.<\/p>\n<p>La italiana pis\u00f3 tierra habiendo permanecido 200 d\u00edas en el espacio, el r\u00e9cord femenino.<\/p>\n<p>La marca anterior le correspondi\u00f3 a Sunita Williams, una astronauta de la Administraci\u00f3n Nacional de la Aeron\u00e1utica y del Espacio (NASA), quien lleg\u00f3 a pasar 195 d\u00edas dentro de la Expedici\u00f3n 33 de la EEI. Aunque Sunita sigue manteniendo el r\u00e9cord de paseos espaciales realizados por una mujer (siete) y el del mayor tiempo acumulado por una mujer en caminatas espaciales: 50 horas y 40 minutos.<\/p>\n<p>Cristoforetti lleg\u00f3 a la EEI, un proyecto compartido por la NASA, la ESA, la estaci\u00f3n rusa RKA, la canadiense CSA y la japonesa JAXA, el 23 de noviembre de 2014, como parte de la misi\u00f3n 42.<\/p>\n<p>Y con ello cumpli\u00f3 un sue\u00f1o de adolescencia.<\/p>\n<p><strong>Explorar el espacio exterior <\/strong><\/p>\n<p>Y es que Cristoforetti, nacida en Mil\u00e1n (Italia) el 26 de abril de 1977, mostr\u00f3 inter\u00e9s por la exploraci\u00f3n del espacio exterior desde joven.<\/p>\n<p>Pas\u00f3 su infancia en Male, en el Valle del Sol, en Trentino, pero cuando cumpli\u00f3 18 a\u00f1os particip\u00f3 en un programa de intercambio y estuvo en el Campo Espacial de Estados Unidos, un campamento en Alabama para promover la ciencia, la ingenier\u00eda, la aviaci\u00f3n y la exploraci\u00f3n del espacio.<\/p>\n<p>Despu\u00e9s, en 2001 se gradu\u00f3 por la Universidad T\u00e9cnica de M\u00fanich, Alemania, como ingeniera mec\u00e1nica especializada en propulsi\u00f3n aeroespacial y estructuras ligeras.<\/p>\n<p>Tambi\u00e9n pas\u00f3 cuatro meses en la Escuela Nacional Superior de la Aeron\u00e1utica y el Espacio de Toulouse, Francia, trabajando en un proyecto experimental sobre aerodin\u00e1mica.<\/p>\n<p>Y escribi\u00f3 su tesis de maestr\u00eda sobre propulsores de cohetes s\u00f3lidos durante una estancia de 10 meses en la Universidad Mendeleev de Tecnolog\u00edas Qu\u00edmicas, en Mosc\u00fa, Rusia.<\/p>\n<p>Como parte de su formaci\u00f3n en la Academia de las Fuerzas A\u00e9reas Italianas (Cristoforetti tiene rango de capit\u00e1n), se licenci\u00f3 en ciencias aeron\u00e1uticas por la Universidad Federico II de N\u00e1poles, Italia, en 2005.<\/p>\n<p>Durante los siguientes cuatro a\u00f1os sigui\u00f3 form\u00e1ndose como piloto de las fuerzas a\u00e9reas, tanto en Italia como en EE.UU.<\/p>\n<p>Y en mayo de 2009 la ESA la eligi\u00f3 para que fuera astronauta.<\/p>\n<p>Se uni\u00f3 a la agencia en septiembre de ese a\u00f1o y termin\u00f3 la formaci\u00f3n b\u00e1sica en noviembre de 2010.<\/p>\n<p>Fue en julio de 2012 cuando se le asign\u00f3 una misi\u00f3n de la Agencia Espacial Italiana en la EEI, precisamente la que termin\u00f3 este jueves cuando aterriz\u00f3 en el cosm\u00f3dromo de Baikonur, en Kazajist\u00e1n.<\/p>\n<p>Fuente: <a href=\"http:\/\/www.bbc.com\/mundo\/noticias\/2015\/06\/150611_ciencia_astronauta_enseno_mundo_vida_espacio_lv\" target=\"_blank\" rel=\"noopener noreferrer\"><span style=\"text-decoration: underline\"><span style=\"color: #0000ff;text-decoration: underline\">BBC<\/span><\/span><\/a><\/p>\n","protected":false},"excerpt":{"rendered":"<p>Como buena italiana, ense\u00f1\u00f3 al mundo c\u00f3mo se hace un caf\u00e9 espresso en el espacio. Y tambi\u00e9n c\u00f3mo se puede duchar en un lugar con una gravedad menor a la Tierra o el truco para cortarse las u\u00f1as sin que queden flotando. Para ello utiliz\u00f3 la astronauta Samantha Cristoforetti las redes sociales durante el tiempo [&hellip;]<\/p>\n","protected":false},"author":2,"featured_media":32042,"comment_status":"open","ping_status":"open","sticky":false,"template":"","format":"standard","meta":{"_acf_changed":false,"_exactmetrics_skip_tracking":false,"_exactmetrics_sitenote_active":false,"_exactmetrics_sitenote_note":"","_exactmetrics_sitenote_category":0,"footnotes":"","_links_to":"","_links_to_target":""},"categories":[4],"tags":[],"class_list":["post-32041","post","type-post","status-publish","format-standard","has-post-thumbnail","hentry","category-noticias"],"acf":[],"yoast_head":"<!-- This site is optimized with the Yoast SEO plugin v26.7 - https:\/\/yoast.com\/wordpress\/plugins\/seo\/ -->\n<title>Samantha Cristoforetti, la astronauta italiana que le ense\u00f1\u00f3 al mundo c\u00f3mo se vive en el espacio - Arica y Parinacota<\/title>\n<meta name=\"robots\" content=\"index, follow, max-snippet:-1, max-image-preview:large, max-video-preview:-1\" \/>\n<link rel=\"canonical\" href=\"https:\/\/dev.explora.cl\/aricayparinacota\/samantha-cristoforetti-la-astronauta-italiana-que-le-enseno-al-mundo-como-se-vive-en-el-espacio-1\/\" class=\"yoast-seo-meta-tag\" \/>\n<meta property=\"og:locale\" content=\"es_ES\" class=\"yoast-seo-meta-tag\" \/>\n<meta property=\"og:type\" content=\"article\" class=\"yoast-seo-meta-tag\" \/>\n<meta property=\"og:title\" content=\"Samantha Cristoforetti, la astronauta italiana que le ense\u00f1\u00f3 al mundo c\u00f3mo se vive en el espacio - Arica y Parinacota\" class=\"yoast-seo-meta-tag\" \/>\n<meta property=\"og:description\" content=\"Como buena italiana, ense\u00f1\u00f3 al mundo c\u00f3mo se hace un caf\u00e9 espresso en el espacio. Y tambi\u00e9n c\u00f3mo se puede duchar en un lugar con una gravedad menor a la Tierra o el truco para cortarse las u\u00f1as sin que queden flotando. Para ello utiliz\u00f3 la astronauta Samantha Cristoforetti las redes sociales durante el tiempo [&hellip;]\" class=\"yoast-seo-meta-tag\" \/>\n<meta property=\"og:url\" content=\"https:\/\/dev.explora.cl\/aricayparinacota\/samantha-cristoforetti-la-astronauta-italiana-que-le-enseno-al-mundo-como-se-vive-en-el-espacio-1\/\" class=\"yoast-seo-meta-tag\" \/>\n<meta property=\"og:site_name\" content=\"Arica y Parinacota\" class=\"yoast-seo-meta-tag\" \/>\n<meta property=\"article:published_time\" content=\"2015-06-12T00:00:00+00:00\" class=\"yoast-seo-meta-tag\" \/>\n<meta property=\"article:modified_time\" content=\"2019-05-09T21:12:32+00:00\" class=\"yoast-seo-meta-tag\" \/>\n<meta property=\"og:image\" content=\"https:\/\/dev.explora.cl\/aricayparinacota\/wp-content\/uploads\/sites\/2\/2018\/06\/8d68cb12760dc7aef1c4cd5054a689ea.jpg\" class=\"yoast-seo-meta-tag\" \/>\n\t<meta property=\"og:image:width\" content=\"660\" class=\"yoast-seo-meta-tag\" \/>\n\t<meta property=\"og:image:height\" content=\"371\" class=\"yoast-seo-meta-tag\" \/>\n\t<meta property=\"og:image:type\" content=\"image\/jpeg\" class=\"yoast-seo-meta-tag\" \/>\n<meta name=\"author\" content=\"webman\" class=\"yoast-seo-meta-tag\" \/>\n<meta name=\"twitter:card\" content=\"summary_large_image\" class=\"yoast-seo-meta-tag\" \/>\n<meta name=\"twitter:label1\" content=\"Escrito por\" class=\"yoast-seo-meta-tag\" \/>\n\t<meta name=\"twitter:data1\" content=\"webman\" class=\"yoast-seo-meta-tag\" \/>\n\t<meta name=\"twitter:label2\" content=\"Tiempo estimado de lectura\" class=\"yoast-seo-meta-tag\" \/>\n\t<meta name=\"twitter:data2\" content=\"4 minutos\" class=\"yoast-seo-meta-tag\" \/>\n<script type=\"application\/ld+json\" class=\"yoast-schema-graph\">{\"@context\":\"https:\/\/schema.org\",\"@graph\":[{\"@type\":\"Article\",\"@id\":\"https:\/\/dev.explora.cl\/aricayparinacota\/samantha-cristoforetti-la-astronauta-italiana-que-le-enseno-al-mundo-como-se-vive-en-el-espacio-1\/#article\",\"isPartOf\":{\"@id\":\"https:\/\/dev.explora.cl\/aricayparinacota\/samantha-cristoforetti-la-astronauta-italiana-que-le-enseno-al-mundo-como-se-vive-en-el-espacio-1\/\"},\"author\":{\"name\":\"webman\",\"@id\":\"https:\/\/dev.explora.cl\/aricayparinacota\/#\/schema\/person\/cb8349c13ea2d324080adf8480d7ba5d\"},\"headline\":\"Samantha Cristoforetti, la astronauta italiana que le ense\u00f1\u00f3 al mundo c\u00f3mo se vive en el espacio\",\"datePublished\":\"2015-06-12T00:00:00+00:00\",\"dateModified\":\"2019-05-09T21:12:32+00:00\",\"mainEntityOfPage\":{\"@id\":\"https:\/\/dev.explora.cl\/aricayparinacota\/samantha-cristoforetti-la-astronauta-italiana-que-le-enseno-al-mundo-como-se-vive-en-el-espacio-1\/\"},\"wordCount\":759,\"commentCount\":0,\"publisher\":{\"@id\":\"https:\/\/dev.explora.cl\/aricayparinacota\/#organization\"},\"image\":{\"@id\":\"https:\/\/dev.explora.cl\/aricayparinacota\/samantha-cristoforetti-la-astronauta-italiana-que-le-enseno-al-mundo-como-se-vive-en-el-espacio-1\/#primaryimage\"},\"thumbnailUrl\":\"https:\/\/dev.explora.cl\/aricayparinacota\/wp-content\/uploads\/sites\/2\/2018\/06\/8d68cb12760dc7aef1c4cd5054a689ea.jpg\",\"articleSection\":[\"Noticias\"],\"inLanguage\":\"es-CL\",\"potentialAction\":[{\"@type\":\"CommentAction\",\"name\":\"Comment\",\"target\":[\"https:\/\/dev.explora.cl\/aricayparinacota\/samantha-cristoforetti-la-astronauta-italiana-que-le-enseno-al-mundo-como-se-vive-en-el-espacio-1\/#respond\"]}]},{\"@type\":\"WebPage\",\"@id\":\"https:\/\/dev.explora.cl\/aricayparinacota\/samantha-cristoforetti-la-astronauta-italiana-que-le-enseno-al-mundo-como-se-vive-en-el-espacio-1\/\",\"url\":\"https:\/\/dev.explora.cl\/aricayparinacota\/samantha-cristoforetti-la-astronauta-italiana-que-le-enseno-al-mundo-como-se-vive-en-el-espacio-1\/\",\"name\":\"Samantha Cristoforetti, la astronauta italiana que le ense\u00f1\u00f3 al mundo c\u00f3mo se vive en el espacio - Arica y Parinacota\",\"isPartOf\":{\"@id\":\"https:\/\/dev.explora.cl\/aricayparinacota\/#website\"},\"primaryImageOfPage\":{\"@id\":\"https:\/\/dev.explora.cl\/aricayparinacota\/samantha-cristoforetti-la-astronauta-italiana-que-le-enseno-al-mundo-como-se-vive-en-el-espacio-1\/#primaryimage\"},\"image\":{\"@id\":\"https:\/\/dev.explora.cl\/aricayparinacota\/samantha-cristoforetti-la-astronauta-italiana-que-le-enseno-al-mundo-como-se-vive-en-el-espacio-1\/#primaryimage\"},\"thumbnailUrl\":\"https:\/\/dev.explora.cl\/aricayparinacota\/wp-content\/uploads\/sites\/2\/2018\/06\/8d68cb12760dc7aef1c4cd5054a689ea.jpg\",\"datePublished\":\"2015-06-12T00:00:00+00:00\",\"dateModified\":\"2019-05-09T21:12:32+00:00\",\"breadcrumb\":{\"@id\":\"https:\/\/dev.explora.cl\/aricayparinacota\/samantha-cristoforetti-la-astronauta-italiana-que-le-enseno-al-mundo-como-se-vive-en-el-espacio-1\/#breadcrumb\"},\"inLanguage\":\"es-CL\",\"potentialAction\":[{\"@type\":\"ReadAction\",\"target\":[\"https:\/\/dev.explora.cl\/aricayparinacota\/samantha-cristoforetti-la-astronauta-italiana-que-le-enseno-al-mundo-como-se-vive-en-el-espacio-1\/\"]}]},{\"@type\":\"ImageObject\",\"inLanguage\":\"es-CL\",\"@id\":\"https:\/\/dev.explora.cl\/aricayparinacota\/samantha-cristoforetti-la-astronauta-italiana-que-le-enseno-al-mundo-como-se-vive-en-el-espacio-1\/#primaryimage\",\"url\":\"https:\/\/dev.explora.cl\/aricayparinacota\/wp-content\/uploads\/sites\/2\/2018\/06\/8d68cb12760dc7aef1c4cd5054a689ea.jpg\",\"contentUrl\":\"https:\/\/dev.explora.cl\/aricayparinacota\/wp-content\/uploads\/sites\/2\/2018\/06\/8d68cb12760dc7aef1c4cd5054a689ea.jpg\",\"width\":660,\"height\":371},{\"@type\":\"BreadcrumbList\",\"@id\":\"https:\/\/dev.explora.cl\/aricayparinacota\/samantha-cristoforetti-la-astronauta-italiana-que-le-enseno-al-mundo-como-se-vive-en-el-espacio-1\/#breadcrumb\",\"itemListElement\":[{\"@type\":\"ListItem\",\"position\":1,\"name\":\"Portada\",\"item\":\"https:\/\/dev.explora.cl\/aricayparinacota\/\"},{\"@type\":\"ListItem\",\"position\":2,\"name\":\"Samantha Cristoforetti, la astronauta italiana que le ense\u00f1\u00f3 al mundo c\u00f3mo se vive en el espacio\"}]},{\"@type\":\"WebSite\",\"@id\":\"https:\/\/dev.explora.cl\/aricayparinacota\/#website\",\"url\":\"https:\/\/dev.explora.cl\/aricayparinacota\/\",\"name\":\"Arica y Parinacota\",\"description\":\"Otro sitio m\u00e1s de dev.explora.cl\",\"publisher\":{\"@id\":\"https:\/\/dev.explora.cl\/aricayparinacota\/#organization\"},\"potentialAction\":[{\"@type\":\"SearchAction\",\"target\":{\"@type\":\"EntryPoint\",\"urlTemplate\":\"https:\/\/dev.explora.cl\/aricayparinacota\/?s={search_term_string}\"},\"query-input\":{\"@type\":\"PropertyValueSpecification\",\"valueRequired\":true,\"valueName\":\"search_term_string\"}}],\"inLanguage\":\"es-CL\"},{\"@type\":\"Organization\",\"@id\":\"https:\/\/dev.explora.cl\/aricayparinacota\/#organization\",\"name\":\"Arica y Parinacota\",\"url\":\"https:\/\/dev.explora.cl\/aricayparinacota\/\",\"logo\":{\"@type\":\"ImageObject\",\"inLanguage\":\"es-CL\",\"@id\":\"https:\/\/dev.explora.cl\/aricayparinacota\/#\/schema\/logo\/image\/\",\"url\":\"https:\/\/dev.explora.cl\/aricayparinacota\/wp-content\/uploads\/sites\/2\/2020\/08\/cropped-nuevosa-logos-11.png\",\"contentUrl\":\"https:\/\/dev.explora.cl\/aricayparinacota\/wp-content\/uploads\/sites\/2\/2020\/08\/cropped-nuevosa-logos-11.png\",\"width\":812,\"height\":937,\"caption\":\"Arica y Parinacota\"},\"image\":{\"@id\":\"https:\/\/dev.explora.cl\/aricayparinacota\/#\/schema\/logo\/image\/\"}},{\"@type\":\"Person\",\"@id\":\"https:\/\/dev.explora.cl\/aricayparinacota\/#\/schema\/person\/cb8349c13ea2d324080adf8480d7ba5d\",\"name\":\"webman\",\"image\":{\"@type\":\"ImageObject\",\"inLanguage\":\"es-CL\",\"@id\":\"https:\/\/dev.explora.cl\/aricayparinacota\/#\/schema\/person\/image\/\",\"url\":\"https:\/\/secure.gravatar.com\/avatar\/eeff3c82f2c02f7177d13663b7e6f890e9a6a0647ce9bb29cae02dcb094c7312?s=96&d=mm&r=g\",\"contentUrl\":\"https:\/\/secure.gravatar.com\/avatar\/eeff3c82f2c02f7177d13663b7e6f890e9a6a0647ce9bb29cae02dcb094c7312?s=96&d=mm&r=g\",\"caption\":\"webman\"},\"url\":\"https:\/\/dev.explora.cl\/aricayparinacota\/author\/webman\/\"}]}<\/script>\n<!-- \/ Yoast SEO plugin. -->","yoast_head_json":{"title":"Samantha Cristoforetti, la astronauta italiana que le ense\u00f1\u00f3 al mundo c\u00f3mo se vive en el espacio - Arica y Parinacota","robots":{"index":"index","follow":"follow","max-snippet":"max-snippet:-1","max-image-preview":"max-image-preview:large","max-video-preview":"max-video-preview:-1"},"canonical":"https:\/\/dev.explora.cl\/aricayparinacota\/samantha-cristoforetti-la-astronauta-italiana-que-le-enseno-al-mundo-como-se-vive-en-el-espacio-1\/","og_locale":"es_ES","og_type":"article","og_title":"Samantha Cristoforetti, la astronauta italiana que le ense\u00f1\u00f3 al mundo c\u00f3mo se vive en el espacio - Arica y Parinacota","og_description":"Como buena italiana, ense\u00f1\u00f3 al mundo c\u00f3mo se hace un caf\u00e9 espresso en el espacio. Y tambi\u00e9n c\u00f3mo se puede duchar en un lugar con una gravedad menor a la Tierra o el truco para cortarse las u\u00f1as sin que queden flotando. Para ello utiliz\u00f3 la astronauta Samantha Cristoforetti las redes sociales durante el tiempo [&hellip;]","og_url":"https:\/\/dev.explora.cl\/aricayparinacota\/samantha-cristoforetti-la-astronauta-italiana-que-le-enseno-al-mundo-como-se-vive-en-el-espacio-1\/","og_site_name":"Arica y Parinacota","article_published_time":"2015-06-12T00:00:00+00:00","article_modified_time":"2019-05-09T21:12:32+00:00","og_image":[{"width":660,"height":371,"url":"https:\/\/dev.explora.cl\/aricayparinacota\/wp-content\/uploads\/sites\/2\/2018\/06\/8d68cb12760dc7aef1c4cd5054a689ea.jpg","type":"image\/jpeg"}],"author":"webman","twitter_card":"summary_large_image","twitter_misc":{"Escrito por":"webman","Tiempo estimado de lectura":"4 minutos"},"schema":{"@context":"https:\/\/schema.org","@graph":[{"@type":"Article","@id":"https:\/\/dev.explora.cl\/aricayparinacota\/samantha-cristoforetti-la-astronauta-italiana-que-le-enseno-al-mundo-como-se-vive-en-el-espacio-1\/#article","isPartOf":{"@id":"https:\/\/dev.explora.cl\/aricayparinacota\/samantha-cristoforetti-la-astronauta-italiana-que-le-enseno-al-mundo-como-se-vive-en-el-espacio-1\/"},"author":{"name":"webman","@id":"https:\/\/dev.explora.cl\/aricayparinacota\/#\/schema\/person\/cb8349c13ea2d324080adf8480d7ba5d"},"headline":"Samantha Cristoforetti, la astronauta italiana que le ense\u00f1\u00f3 al mundo c\u00f3mo se vive en el espacio","datePublished":"2015-06-12T00:00:00+00:00","dateModified":"2019-05-09T21:12:32+00:00","mainEntityOfPage":{"@id":"https:\/\/dev.explora.cl\/aricayparinacota\/samantha-cristoforetti-la-astronauta-italiana-que-le-enseno-al-mundo-como-se-vive-en-el-espacio-1\/"},"wordCount":759,"commentCount":0,"publisher":{"@id":"https:\/\/dev.explora.cl\/aricayparinacota\/#organization"},"image":{"@id":"https:\/\/dev.explora.cl\/aricayparinacota\/samantha-cristoforetti-la-astronauta-italiana-que-le-enseno-al-mundo-como-se-vive-en-el-espacio-1\/#primaryimage"},"thumbnailUrl":"https:\/\/dev.explora.cl\/aricayparinacota\/wp-content\/uploads\/sites\/2\/2018\/06\/8d68cb12760dc7aef1c4cd5054a689ea.jpg","articleSection":["Noticias"],"inLanguage":"es-CL","potentialAction":[{"@type":"CommentAction","name":"Comment","target":["https:\/\/dev.explora.cl\/aricayparinacota\/samantha-cristoforetti-la-astronauta-italiana-que-le-enseno-al-mundo-como-se-vive-en-el-espacio-1\/#respond"]}]},{"@type":"WebPage","@id":"https:\/\/dev.explora.cl\/aricayparinacota\/samantha-cristoforetti-la-astronauta-italiana-que-le-enseno-al-mundo-como-se-vive-en-el-espacio-1\/","url":"https:\/\/dev.explora.cl\/aricayparinacota\/samantha-cristoforetti-la-astronauta-italiana-que-le-enseno-al-mundo-como-se-vive-en-el-espacio-1\/","name":"Samantha Cristoforetti, la astronauta italiana que le ense\u00f1\u00f3 al mundo c\u00f3mo se vive en el espacio - Arica y Parinacota","isPartOf":{"@id":"https:\/\/dev.explora.cl\/aricayparinacota\/#website"},"primaryImageOfPage":{"@id":"https:\/\/dev.explora.cl\/aricayparinacota\/samantha-cristoforetti-la-astronauta-italiana-que-le-enseno-al-mundo-como-se-vive-en-el-espacio-1\/#primaryimage"},"image":{"@id":"https:\/\/dev.explora.cl\/aricayparinacota\/samantha-cristoforetti-la-astronauta-italiana-que-le-enseno-al-mundo-como-se-vive-en-el-espacio-1\/#primaryimage"},"thumbnailUrl":"https:\/\/dev.explora.cl\/aricayparinacota\/wp-content\/uploads\/sites\/2\/2018\/06\/8d68cb12760dc7aef1c4cd5054a689ea.jpg","datePublished":"2015-06-12T00:00:00+00:00","dateModified":"2019-05-09T21:12:32+00:00","breadcrumb":{"@id":"https:\/\/dev.explora.cl\/aricayparinacota\/samantha-cristoforetti-la-astronauta-italiana-que-le-enseno-al-mundo-como-se-vive-en-el-espacio-1\/#breadcrumb"},"inLanguage":"es-CL","potentialAction":[{"@type":"ReadAction","target":["https:\/\/dev.explora.cl\/aricayparinacota\/samantha-cristoforetti-la-astronauta-italiana-que-le-enseno-al-mundo-como-se-vive-en-el-espacio-1\/"]}]},{"@type":"ImageObject","inLanguage":"es-CL","@id":"https:\/\/dev.explora.cl\/aricayparinacota\/samantha-cristoforetti-la-astronauta-italiana-que-le-enseno-al-mundo-como-se-vive-en-el-espacio-1\/#primaryimage","url":"https:\/\/dev.explora.cl\/aricayparinacota\/wp-content\/uploads\/sites\/2\/2018\/06\/8d68cb12760dc7aef1c4cd5054a689ea.jpg","contentUrl":"https:\/\/dev.explora.cl\/aricayparinacota\/wp-content\/uploads\/sites\/2\/2018\/06\/8d68cb12760dc7aef1c4cd5054a689ea.jpg","width":660,"height":371},{"@type":"BreadcrumbList","@id":"https:\/\/dev.explora.cl\/aricayparinacota\/samantha-cristoforetti-la-astronauta-italiana-que-le-enseno-al-mundo-como-se-vive-en-el-espacio-1\/#breadcrumb","itemListElement":[{"@type":"ListItem","position":1,"name":"Portada","item":"https:\/\/dev.explora.cl\/aricayparinacota\/"},{"@type":"ListItem","position":2,"name":"Samantha Cristoforetti, la astronauta italiana que le ense\u00f1\u00f3 al mundo c\u00f3mo se vive en el espacio"}]},{"@type":"WebSite","@id":"https:\/\/dev.explora.cl\/aricayparinacota\/#website","url":"https:\/\/dev.explora.cl\/aricayparinacota\/","name":"Arica y Parinacota","description":"Otro sitio m\u00e1s de dev.explora.cl","publisher":{"@id":"https:\/\/dev.explora.cl\/aricayparinacota\/#organization"},"potentialAction":[{"@type":"SearchAction","target":{"@type":"EntryPoint","urlTemplate":"https:\/\/dev.explora.cl\/aricayparinacota\/?s={search_term_string}"},"query-input":{"@type":"PropertyValueSpecification","valueRequired":true,"valueName":"search_term_string"}}],"inLanguage":"es-CL"},{"@type":"Organization","@id":"https:\/\/dev.explora.cl\/aricayparinacota\/#organization","name":"Arica y Parinacota","url":"https:\/\/dev.explora.cl\/aricayparinacota\/","logo":{"@type":"ImageObject","inLanguage":"es-CL","@id":"https:\/\/dev.explora.cl\/aricayparinacota\/#\/schema\/logo\/image\/","url":"https:\/\/dev.explora.cl\/aricayparinacota\/wp-content\/uploads\/sites\/2\/2020\/08\/cropped-nuevosa-logos-11.png","contentUrl":"https:\/\/dev.explora.cl\/aricayparinacota\/wp-content\/uploads\/sites\/2\/2020\/08\/cropped-nuevosa-logos-11.png","width":812,"height":937,"caption":"Arica y Parinacota"},"image":{"@id":"https:\/\/dev.explora.cl\/aricayparinacota\/#\/schema\/logo\/image\/"}},{"@type":"Person","@id":"https:\/\/dev.explora.cl\/aricayparinacota\/#\/schema\/person\/cb8349c13ea2d324080adf8480d7ba5d","name":"webman","image":{"@type":"ImageObject","inLanguage":"es-CL","@id":"https:\/\/dev.explora.cl\/aricayparinacota\/#\/schema\/person\/image\/","url":"https:\/\/secure.gravatar.com\/avatar\/eeff3c82f2c02f7177d13663b7e6f890e9a6a0647ce9bb29cae02dcb094c7312?s=96&d=mm&r=g","contentUrl":"https:\/\/secure.gravatar.com\/avatar\/eeff3c82f2c02f7177d13663b7e6f890e9a6a0647ce9bb29cae02dcb094c7312?s=96&d=mm&r=g","caption":"webman"},"url":"https:\/\/dev.explora.cl\/aricayparinacota\/author\/webman\/"}]}},"_links":{"self":[{"href":"https:\/\/dev.explora.cl\/aricayparinacota\/wp-json\/wp\/v2\/posts\/32041","targetHints":{"allow":["GET"]}}],"collection":[{"href":"https:\/\/dev.explora.cl\/aricayparinacota\/wp-json\/wp\/v2\/posts"}],"about":[{"href":"https:\/\/dev.explora.cl\/aricayparinacota\/wp-json\/wp\/v2\/types\/post"}],"author":[{"embeddable":true,"href":"https:\/\/dev.explora.cl\/aricayparinacota\/wp-json\/wp\/v2\/users\/2"}],"replies":[{"embeddable":true,"href":"https:\/\/dev.explora.cl\/aricayparinacota\/wp-json\/wp\/v2\/comments?post=32041"}],"version-history":[{"count":1,"href":"https:\/\/dev.explora.cl\/aricayparinacota\/wp-json\/wp\/v2\/posts\/32041\/revisions"}],"predecessor-version":[{"id":32959,"href":"https:\/\/dev.explora.cl\/aricayparinacota\/wp-json\/wp\/v2\/posts\/32041\/revisions\/32959"}],"wp:featuredmedia":[{"embeddable":true,"href":"https:\/\/dev.explora.cl\/aricayparinacota\/wp-json\/wp\/v2\/media\/32042"}],"wp:attachment":[{"href":"https:\/\/dev.explora.cl\/aricayparinacota\/wp-json\/wp\/v2\/media?parent=32041"}],"wp:term":[{"taxonomy":"category","embeddable":true,"href":"https:\/\/dev.explora.cl\/aricayparinacota\/wp-json\/wp\/v2\/categories?post=32041"},{"taxonomy":"post_tag","embeddable":true,"href":"https:\/\/dev.explora.cl\/aricayparinacota\/wp-json\/wp\/v2\/tags?post=32041"}],"curies":[{"name":"wp","href":"https:\/\/api.w.org\/{rel}","templated":true}]}}