{"id":32031,"date":"2015-05-20T00:00:00","date_gmt":"2015-05-20T00:00:00","guid":{"rendered":"https:\/\/dev.explora.cl\/aricayparinacota\/blog\/2015\/05\/20\/piloto-intentara-cruzar-el-oceano-pacifico-en-cinco-dias-con-un-avion-solar-1\/"},"modified":"2019-05-09T21:13:19","modified_gmt":"2019-05-09T21:13:19","slug":"piloto-intentara-cruzar-el-oceano-pacifico-en-cinco-dias-con-un-avion-solar-1","status":"publish","type":"post","link":"https:\/\/dev.explora.cl\/aricayparinacota\/piloto-intentara-cruzar-el-oceano-pacifico-en-cinco-dias-con-un-avion-solar-1\/","title":{"rendered":"Piloto intentar\u00e1 cruzar el oc\u00e9ano Pac\u00edfico en cinco d\u00edas con un avi\u00f3n solar"},"content":{"rendered":"<p><img loading=\"lazy\" decoding=\"async\" class=\" size-full wp-image-11177\" src=\"http:\/\/ec2-34-218-253-251.us-west-2.compute.amazonaws.com\/wp-content\/uploads\/2015\/05\/1aafc452159c18f6b12c8dc495ffb823.jpg\" alt=\"\" width=\"600\" height=\"400\" \/><\/p>\n<p>Encajado en un asiento dentro de la min\u00fascula cabina monoplaza del avi\u00f3n Solar Impulse, el piloto suizo Andr\u00e9 Borschberg deber\u00e1 soportar condiciones extremas mientras cruza el oc\u00e9ano Pac\u00edfico en una misi\u00f3n de cinco d\u00edas y cinco noches avanzando con la luz del Sol como \u00fanico combustible.<\/p>\n<p>Cada d\u00eda, Borschberg volar\u00e1 a 8.500 metros, una altura similar a la cima m\u00e1s alta del planeta, con temperaturas que oscilar\u00e1n alrededor de los 55 grados en la cabina de este avi\u00f3n solar, despresurizado y sin calefacci\u00f3n.<\/p>\n<p>En el vuelo desde Nank\u00edn, en China, hasta Hawai, a lo largo de 8.500 kil\u00f3metros, el experimentado aviador solo podr\u00e1 descansar haciendo breves siestas (su asiento se reclina como una cama), ya que el piloto autom\u00e1tico debe ser comprobado con bastante frecuencia.<\/p>\n<p>Poco antes de partir, Borschberg se preguntaba c\u00f3mo ser\u00eda capaz de &#8220;vivir cinco d\u00edas en ese diminuto espacio, &#8216;escalando&#8217; el Everest cada d\u00eda, teniendo invierno y verano cada d\u00eda por el cambio de temperatura&#8221;, y no pudiendo descansar m\u00e1s que &#8220;20 minutos seguidos&#8221;. &#8220;Es una gran oportunidad para descubrirme a m\u00ed mismo&#8221;, asegur\u00f3.<\/p>\n<p>Borschberg, que acept\u00f3 este inmenso desaf\u00edo a los 62 a\u00f1os, asegur\u00f3 que no usar\u00e1 cafe\u00edna como combustible personal: &#8220;Estoy convencido de que el caf\u00e9 ayuda durante unas pocas horas, pero es negativo a largo plazo&#8221;, explicaba a la AFP a principios de mes.<\/p>\n<p>Este viaje, que espera para arrancar a que las condiciones atmosf\u00e9ricas sean propicias, es el tramo m\u00e1s largo y complejo de una expedici\u00f3n de 12 etapas para completar una vuelta al mundo en un avi\u00f3n, por primera vez impulsado exclusivamente con energ\u00eda solar.<\/p>\n<p>Si fracasa, implicar\u00eda una ca\u00edda en pleno oc\u00e9ano a centenares de kil\u00f3metros de cualquier equipo de ayuda, ya que ning\u00fan barco puede seguir al avi\u00f3n lo suficientemente r\u00e1pido, incluso si la velocidad m\u00e1xima del Solar Impulse (140 kil\u00f3metros por hora) es mucho m\u00e1s lenta que la de cualquier aparato convencional.<\/p>\n<p>Pese a ello, Borschberg se niega a pensar en la posibilidad de morir en el intento. &#8220;No lo veo tan arriesgado, en el sentido de que hemos trabajado durante mucho tiempo en todas esas cuestiones&#8221;, afirm\u00f3. &#8220;En el peor de los casos, tenemos un paraca\u00eddas, tenemos una balsa salvavidas y sabemos c\u00f3mo usarla. Por supuesto, esperamos no necesitar hacerlo&#8221;.<\/p>\n<p><strong>Condiciones meteorol\u00f3gicas, el mayor desaf\u00edo <\/strong><\/p>\n<p>Las alas del Solar Impulse, m\u00e1s largas que las de un Boeing 747, est\u00e1n cubiertas con c\u00e9lulas solares que generan electricidad para impulsar al avi\u00f3n y tienen bater\u00edas de litio para que sus cuatro motores puedan funcionar durante la noche.<\/p>\n<p>Antes de la etapa en el Pac\u00edfico, el personal de mantenimiento quit\u00f3 las dos ruedas laterales y los frenos de las h\u00e9lices para hacer todav\u00eda m\u00e1s ligero este avi\u00f3n, que s\u00f3lo pesa 2,3 toneladas (el peso de un veh\u00edculo utilitario grande).<\/p>\n<p>Bertrand Piccard, que pilot\u00f3 el Solar Impulse en otras etapas del viaje, dijo que las condiciones meteorol\u00f3gicas son el mayor desaf\u00edo para el viaje sobre el Pac\u00edfico. &#8220;Si empieza el mal tiempo, quiz\u00e1 no tenga suficiente energ\u00eda para la noche&#8221;, explic\u00f3 a la AFP por videoconferencia.<\/p>\n<p>&#8220;Por supuesto, el otro gran desaf\u00edo para el piloto es el tiempo restante. Si el piloto autom\u00e1tico falla o hay muchas turbulencias, ser\u00e1 extremadamente dif\u00edcil&#8221;, advirti\u00f3 Piccard.<\/p>\n<p>Borschberg, un empresario con 23 a\u00f1os de experiencia como piloto en la reserva de la aviaci\u00f3n suiza y con formaci\u00f3n en ingenier\u00eda, respirar\u00e1 con una m\u00e1scara de ox\u00edgeno, se alimentar\u00e1 con comida precocinada y podr\u00e1 utilizar el retrete, incorporado a su asiento, sin tener que levantarse.<\/p>\n<p>Para combatir el estr\u00e9s f\u00edsico, el piloto se ha estado preparando con un instructor de yoga. &#8220;Le estoy ense\u00f1ando a respirar, meditaci\u00f3n y ejercicios de yoga. Estamos trabajando en todo el cuerpo, en la mente y en el esp\u00edritu&#8221;, afirm\u00f3 Sanjeev Bhanot.<\/p>\n<p>Tan solo hay un elemento que no est\u00e1 contemplado en toda la preparaci\u00f3n previa, la suerte. &#8220;Tambi\u00e9n la necesitamos&#8221;, record\u00f3 Piccard.<\/p>\n<p>Fuente: <a href=\"http:\/\/www.emol.com\/noticias\/tecnologia\/2015\/05\/19\/717584\/piloto-intentara-cruzar-el-oceano-pacifico-en-cinco-dias-con-un-avion-solar.html\" target=\"_blank\" rel=\"noopener noreferrer\"><span style=\"text-decoration: underline\"><span style=\"color: #0000ff;text-decoration: underline\">EMOL<\/span><\/span><\/a><\/p>\n","protected":false},"excerpt":{"rendered":"<p>Encajado en un asiento dentro de la min\u00fascula cabina monoplaza del avi\u00f3n Solar Impulse, el piloto suizo Andr\u00e9 Borschberg deber\u00e1 soportar condiciones extremas mientras cruza el oc\u00e9ano Pac\u00edfico en una misi\u00f3n de cinco d\u00edas y cinco noches avanzando con la luz del Sol como \u00fanico combustible. Cada d\u00eda, Borschberg volar\u00e1 a 8.500 metros, una altura [&hellip;]<\/p>\n","protected":false},"author":2,"featured_media":32032,"comment_status":"open","ping_status":"open","sticky":false,"template":"","format":"standard","meta":{"_acf_changed":false,"_exactmetrics_skip_tracking":false,"_exactmetrics_sitenote_active":false,"_exactmetrics_sitenote_note":"","_exactmetrics_sitenote_category":0,"footnotes":"","_links_to":"","_links_to_target":""},"categories":[4],"tags":[],"class_list":["post-32031","post","type-post","status-publish","format-standard","has-post-thumbnail","hentry","category-noticias"],"acf":[],"yoast_head":"<!-- This site is optimized with the Yoast SEO plugin v26.7 - https:\/\/yoast.com\/wordpress\/plugins\/seo\/ -->\n<title>Piloto intentar\u00e1 cruzar el oc\u00e9ano Pac\u00edfico en cinco d\u00edas con un avi\u00f3n solar - Arica y Parinacota<\/title>\n<meta name=\"robots\" content=\"index, follow, max-snippet:-1, max-image-preview:large, max-video-preview:-1\" \/>\n<link rel=\"canonical\" href=\"https:\/\/dev.explora.cl\/aricayparinacota\/piloto-intentara-cruzar-el-oceano-pacifico-en-cinco-dias-con-un-avion-solar-1\/\" class=\"yoast-seo-meta-tag\" \/>\n<meta property=\"og:locale\" content=\"es_ES\" class=\"yoast-seo-meta-tag\" \/>\n<meta property=\"og:type\" content=\"article\" class=\"yoast-seo-meta-tag\" \/>\n<meta property=\"og:title\" content=\"Piloto intentar\u00e1 cruzar el oc\u00e9ano Pac\u00edfico en cinco d\u00edas con un avi\u00f3n solar - Arica y Parinacota\" class=\"yoast-seo-meta-tag\" \/>\n<meta property=\"og:description\" content=\"Encajado en un asiento dentro de la min\u00fascula cabina monoplaza del avi\u00f3n Solar Impulse, el piloto suizo Andr\u00e9 Borschberg deber\u00e1 soportar condiciones extremas mientras cruza el oc\u00e9ano Pac\u00edfico en una misi\u00f3n de cinco d\u00edas y cinco noches avanzando con la luz del Sol como \u00fanico combustible. Cada d\u00eda, Borschberg volar\u00e1 a 8.500 metros, una altura [&hellip;]\" class=\"yoast-seo-meta-tag\" \/>\n<meta property=\"og:url\" content=\"https:\/\/dev.explora.cl\/aricayparinacota\/piloto-intentara-cruzar-el-oceano-pacifico-en-cinco-dias-con-un-avion-solar-1\/\" class=\"yoast-seo-meta-tag\" \/>\n<meta property=\"og:site_name\" content=\"Arica y Parinacota\" class=\"yoast-seo-meta-tag\" \/>\n<meta property=\"article:published_time\" content=\"2015-05-20T00:00:00+00:00\" class=\"yoast-seo-meta-tag\" \/>\n<meta property=\"article:modified_time\" content=\"2019-05-09T21:13:19+00:00\" class=\"yoast-seo-meta-tag\" \/>\n<meta property=\"og:image\" content=\"https:\/\/dev.explora.cl\/aricayparinacota\/wp-content\/uploads\/sites\/2\/2018\/06\/1aafc452159c18f6b12c8dc495ffb823.jpg\" class=\"yoast-seo-meta-tag\" \/>\n\t<meta property=\"og:image:width\" content=\"600\" class=\"yoast-seo-meta-tag\" \/>\n\t<meta property=\"og:image:height\" content=\"400\" class=\"yoast-seo-meta-tag\" \/>\n\t<meta property=\"og:image:type\" content=\"image\/jpeg\" class=\"yoast-seo-meta-tag\" \/>\n<meta name=\"author\" content=\"webman\" class=\"yoast-seo-meta-tag\" \/>\n<meta name=\"twitter:card\" content=\"summary_large_image\" class=\"yoast-seo-meta-tag\" \/>\n<meta name=\"twitter:label1\" content=\"Escrito por\" class=\"yoast-seo-meta-tag\" \/>\n\t<meta name=\"twitter:data1\" content=\"webman\" class=\"yoast-seo-meta-tag\" \/>\n\t<meta name=\"twitter:label2\" content=\"Tiempo estimado de lectura\" class=\"yoast-seo-meta-tag\" \/>\n\t<meta name=\"twitter:data2\" content=\"4 minutos\" class=\"yoast-seo-meta-tag\" \/>\n<script type=\"application\/ld+json\" class=\"yoast-schema-graph\">{\"@context\":\"https:\/\/schema.org\",\"@graph\":[{\"@type\":\"Article\",\"@id\":\"https:\/\/dev.explora.cl\/aricayparinacota\/piloto-intentara-cruzar-el-oceano-pacifico-en-cinco-dias-con-un-avion-solar-1\/#article\",\"isPartOf\":{\"@id\":\"https:\/\/dev.explora.cl\/aricayparinacota\/piloto-intentara-cruzar-el-oceano-pacifico-en-cinco-dias-con-un-avion-solar-1\/\"},\"author\":{\"name\":\"webman\",\"@id\":\"https:\/\/dev.explora.cl\/aricayparinacota\/#\/schema\/person\/cb8349c13ea2d324080adf8480d7ba5d\"},\"headline\":\"Piloto intentar\u00e1 cruzar el oc\u00e9ano Pac\u00edfico en cinco d\u00edas con un avi\u00f3n solar\",\"datePublished\":\"2015-05-20T00:00:00+00:00\",\"dateModified\":\"2019-05-09T21:13:19+00:00\",\"mainEntityOfPage\":{\"@id\":\"https:\/\/dev.explora.cl\/aricayparinacota\/piloto-intentara-cruzar-el-oceano-pacifico-en-cinco-dias-con-un-avion-solar-1\/\"},\"wordCount\":724,\"commentCount\":0,\"publisher\":{\"@id\":\"https:\/\/dev.explora.cl\/aricayparinacota\/#organization\"},\"image\":{\"@id\":\"https:\/\/dev.explora.cl\/aricayparinacota\/piloto-intentara-cruzar-el-oceano-pacifico-en-cinco-dias-con-un-avion-solar-1\/#primaryimage\"},\"thumbnailUrl\":\"https:\/\/dev.explora.cl\/aricayparinacota\/wp-content\/uploads\/sites\/2\/2018\/06\/1aafc452159c18f6b12c8dc495ffb823.jpg\",\"articleSection\":[\"Noticias\"],\"inLanguage\":\"es-CL\",\"potentialAction\":[{\"@type\":\"CommentAction\",\"name\":\"Comment\",\"target\":[\"https:\/\/dev.explora.cl\/aricayparinacota\/piloto-intentara-cruzar-el-oceano-pacifico-en-cinco-dias-con-un-avion-solar-1\/#respond\"]}]},{\"@type\":\"WebPage\",\"@id\":\"https:\/\/dev.explora.cl\/aricayparinacota\/piloto-intentara-cruzar-el-oceano-pacifico-en-cinco-dias-con-un-avion-solar-1\/\",\"url\":\"https:\/\/dev.explora.cl\/aricayparinacota\/piloto-intentara-cruzar-el-oceano-pacifico-en-cinco-dias-con-un-avion-solar-1\/\",\"name\":\"Piloto intentar\u00e1 cruzar el oc\u00e9ano Pac\u00edfico en cinco d\u00edas con un avi\u00f3n solar - Arica y Parinacota\",\"isPartOf\":{\"@id\":\"https:\/\/dev.explora.cl\/aricayparinacota\/#website\"},\"primaryImageOfPage\":{\"@id\":\"https:\/\/dev.explora.cl\/aricayparinacota\/piloto-intentara-cruzar-el-oceano-pacifico-en-cinco-dias-con-un-avion-solar-1\/#primaryimage\"},\"image\":{\"@id\":\"https:\/\/dev.explora.cl\/aricayparinacota\/piloto-intentara-cruzar-el-oceano-pacifico-en-cinco-dias-con-un-avion-solar-1\/#primaryimage\"},\"thumbnailUrl\":\"https:\/\/dev.explora.cl\/aricayparinacota\/wp-content\/uploads\/sites\/2\/2018\/06\/1aafc452159c18f6b12c8dc495ffb823.jpg\",\"datePublished\":\"2015-05-20T00:00:00+00:00\",\"dateModified\":\"2019-05-09T21:13:19+00:00\",\"breadcrumb\":{\"@id\":\"https:\/\/dev.explora.cl\/aricayparinacota\/piloto-intentara-cruzar-el-oceano-pacifico-en-cinco-dias-con-un-avion-solar-1\/#breadcrumb\"},\"inLanguage\":\"es-CL\",\"potentialAction\":[{\"@type\":\"ReadAction\",\"target\":[\"https:\/\/dev.explora.cl\/aricayparinacota\/piloto-intentara-cruzar-el-oceano-pacifico-en-cinco-dias-con-un-avion-solar-1\/\"]}]},{\"@type\":\"ImageObject\",\"inLanguage\":\"es-CL\",\"@id\":\"https:\/\/dev.explora.cl\/aricayparinacota\/piloto-intentara-cruzar-el-oceano-pacifico-en-cinco-dias-con-un-avion-solar-1\/#primaryimage\",\"url\":\"https:\/\/dev.explora.cl\/aricayparinacota\/wp-content\/uploads\/sites\/2\/2018\/06\/1aafc452159c18f6b12c8dc495ffb823.jpg\",\"contentUrl\":\"https:\/\/dev.explora.cl\/aricayparinacota\/wp-content\/uploads\/sites\/2\/2018\/06\/1aafc452159c18f6b12c8dc495ffb823.jpg\",\"width\":600,\"height\":400},{\"@type\":\"BreadcrumbList\",\"@id\":\"https:\/\/dev.explora.cl\/aricayparinacota\/piloto-intentara-cruzar-el-oceano-pacifico-en-cinco-dias-con-un-avion-solar-1\/#breadcrumb\",\"itemListElement\":[{\"@type\":\"ListItem\",\"position\":1,\"name\":\"Portada\",\"item\":\"https:\/\/dev.explora.cl\/aricayparinacota\/\"},{\"@type\":\"ListItem\",\"position\":2,\"name\":\"Piloto intentar\u00e1 cruzar el oc\u00e9ano Pac\u00edfico en cinco d\u00edas con un avi\u00f3n solar\"}]},{\"@type\":\"WebSite\",\"@id\":\"https:\/\/dev.explora.cl\/aricayparinacota\/#website\",\"url\":\"https:\/\/dev.explora.cl\/aricayparinacota\/\",\"name\":\"Arica y Parinacota\",\"description\":\"Otro sitio m\u00e1s de dev.explora.cl\",\"publisher\":{\"@id\":\"https:\/\/dev.explora.cl\/aricayparinacota\/#organization\"},\"potentialAction\":[{\"@type\":\"SearchAction\",\"target\":{\"@type\":\"EntryPoint\",\"urlTemplate\":\"https:\/\/dev.explora.cl\/aricayparinacota\/?s={search_term_string}\"},\"query-input\":{\"@type\":\"PropertyValueSpecification\",\"valueRequired\":true,\"valueName\":\"search_term_string\"}}],\"inLanguage\":\"es-CL\"},{\"@type\":\"Organization\",\"@id\":\"https:\/\/dev.explora.cl\/aricayparinacota\/#organization\",\"name\":\"Arica y Parinacota\",\"url\":\"https:\/\/dev.explora.cl\/aricayparinacota\/\",\"logo\":{\"@type\":\"ImageObject\",\"inLanguage\":\"es-CL\",\"@id\":\"https:\/\/dev.explora.cl\/aricayparinacota\/#\/schema\/logo\/image\/\",\"url\":\"https:\/\/dev.explora.cl\/aricayparinacota\/wp-content\/uploads\/sites\/2\/2020\/08\/cropped-nuevosa-logos-11.png\",\"contentUrl\":\"https:\/\/dev.explora.cl\/aricayparinacota\/wp-content\/uploads\/sites\/2\/2020\/08\/cropped-nuevosa-logos-11.png\",\"width\":812,\"height\":937,\"caption\":\"Arica y Parinacota\"},\"image\":{\"@id\":\"https:\/\/dev.explora.cl\/aricayparinacota\/#\/schema\/logo\/image\/\"}},{\"@type\":\"Person\",\"@id\":\"https:\/\/dev.explora.cl\/aricayparinacota\/#\/schema\/person\/cb8349c13ea2d324080adf8480d7ba5d\",\"name\":\"webman\",\"image\":{\"@type\":\"ImageObject\",\"inLanguage\":\"es-CL\",\"@id\":\"https:\/\/dev.explora.cl\/aricayparinacota\/#\/schema\/person\/image\/\",\"url\":\"https:\/\/secure.gravatar.com\/avatar\/eeff3c82f2c02f7177d13663b7e6f890e9a6a0647ce9bb29cae02dcb094c7312?s=96&d=mm&r=g\",\"contentUrl\":\"https:\/\/secure.gravatar.com\/avatar\/eeff3c82f2c02f7177d13663b7e6f890e9a6a0647ce9bb29cae02dcb094c7312?s=96&d=mm&r=g\",\"caption\":\"webman\"},\"url\":\"https:\/\/dev.explora.cl\/aricayparinacota\/author\/webman\/\"}]}<\/script>\n<!-- \/ Yoast SEO plugin. -->","yoast_head_json":{"title":"Piloto intentar\u00e1 cruzar el oc\u00e9ano Pac\u00edfico en cinco d\u00edas con un avi\u00f3n solar - Arica y Parinacota","robots":{"index":"index","follow":"follow","max-snippet":"max-snippet:-1","max-image-preview":"max-image-preview:large","max-video-preview":"max-video-preview:-1"},"canonical":"https:\/\/dev.explora.cl\/aricayparinacota\/piloto-intentara-cruzar-el-oceano-pacifico-en-cinco-dias-con-un-avion-solar-1\/","og_locale":"es_ES","og_type":"article","og_title":"Piloto intentar\u00e1 cruzar el oc\u00e9ano Pac\u00edfico en cinco d\u00edas con un avi\u00f3n solar - Arica y Parinacota","og_description":"Encajado en un asiento dentro de la min\u00fascula cabina monoplaza del avi\u00f3n Solar Impulse, el piloto suizo Andr\u00e9 Borschberg deber\u00e1 soportar condiciones extremas mientras cruza el oc\u00e9ano Pac\u00edfico en una misi\u00f3n de cinco d\u00edas y cinco noches avanzando con la luz del Sol como \u00fanico combustible. Cada d\u00eda, Borschberg volar\u00e1 a 8.500 metros, una altura [&hellip;]","og_url":"https:\/\/dev.explora.cl\/aricayparinacota\/piloto-intentara-cruzar-el-oceano-pacifico-en-cinco-dias-con-un-avion-solar-1\/","og_site_name":"Arica y Parinacota","article_published_time":"2015-05-20T00:00:00+00:00","article_modified_time":"2019-05-09T21:13:19+00:00","og_image":[{"width":600,"height":400,"url":"https:\/\/dev.explora.cl\/aricayparinacota\/wp-content\/uploads\/sites\/2\/2018\/06\/1aafc452159c18f6b12c8dc495ffb823.jpg","type":"image\/jpeg"}],"author":"webman","twitter_card":"summary_large_image","twitter_misc":{"Escrito por":"webman","Tiempo estimado de lectura":"4 minutos"},"schema":{"@context":"https:\/\/schema.org","@graph":[{"@type":"Article","@id":"https:\/\/dev.explora.cl\/aricayparinacota\/piloto-intentara-cruzar-el-oceano-pacifico-en-cinco-dias-con-un-avion-solar-1\/#article","isPartOf":{"@id":"https:\/\/dev.explora.cl\/aricayparinacota\/piloto-intentara-cruzar-el-oceano-pacifico-en-cinco-dias-con-un-avion-solar-1\/"},"author":{"name":"webman","@id":"https:\/\/dev.explora.cl\/aricayparinacota\/#\/schema\/person\/cb8349c13ea2d324080adf8480d7ba5d"},"headline":"Piloto intentar\u00e1 cruzar el oc\u00e9ano Pac\u00edfico en cinco d\u00edas con un avi\u00f3n solar","datePublished":"2015-05-20T00:00:00+00:00","dateModified":"2019-05-09T21:13:19+00:00","mainEntityOfPage":{"@id":"https:\/\/dev.explora.cl\/aricayparinacota\/piloto-intentara-cruzar-el-oceano-pacifico-en-cinco-dias-con-un-avion-solar-1\/"},"wordCount":724,"commentCount":0,"publisher":{"@id":"https:\/\/dev.explora.cl\/aricayparinacota\/#organization"},"image":{"@id":"https:\/\/dev.explora.cl\/aricayparinacota\/piloto-intentara-cruzar-el-oceano-pacifico-en-cinco-dias-con-un-avion-solar-1\/#primaryimage"},"thumbnailUrl":"https:\/\/dev.explora.cl\/aricayparinacota\/wp-content\/uploads\/sites\/2\/2018\/06\/1aafc452159c18f6b12c8dc495ffb823.jpg","articleSection":["Noticias"],"inLanguage":"es-CL","potentialAction":[{"@type":"CommentAction","name":"Comment","target":["https:\/\/dev.explora.cl\/aricayparinacota\/piloto-intentara-cruzar-el-oceano-pacifico-en-cinco-dias-con-un-avion-solar-1\/#respond"]}]},{"@type":"WebPage","@id":"https:\/\/dev.explora.cl\/aricayparinacota\/piloto-intentara-cruzar-el-oceano-pacifico-en-cinco-dias-con-un-avion-solar-1\/","url":"https:\/\/dev.explora.cl\/aricayparinacota\/piloto-intentara-cruzar-el-oceano-pacifico-en-cinco-dias-con-un-avion-solar-1\/","name":"Piloto intentar\u00e1 cruzar el oc\u00e9ano Pac\u00edfico en cinco d\u00edas con un avi\u00f3n solar - Arica y Parinacota","isPartOf":{"@id":"https:\/\/dev.explora.cl\/aricayparinacota\/#website"},"primaryImageOfPage":{"@id":"https:\/\/dev.explora.cl\/aricayparinacota\/piloto-intentara-cruzar-el-oceano-pacifico-en-cinco-dias-con-un-avion-solar-1\/#primaryimage"},"image":{"@id":"https:\/\/dev.explora.cl\/aricayparinacota\/piloto-intentara-cruzar-el-oceano-pacifico-en-cinco-dias-con-un-avion-solar-1\/#primaryimage"},"thumbnailUrl":"https:\/\/dev.explora.cl\/aricayparinacota\/wp-content\/uploads\/sites\/2\/2018\/06\/1aafc452159c18f6b12c8dc495ffb823.jpg","datePublished":"2015-05-20T00:00:00+00:00","dateModified":"2019-05-09T21:13:19+00:00","breadcrumb":{"@id":"https:\/\/dev.explora.cl\/aricayparinacota\/piloto-intentara-cruzar-el-oceano-pacifico-en-cinco-dias-con-un-avion-solar-1\/#breadcrumb"},"inLanguage":"es-CL","potentialAction":[{"@type":"ReadAction","target":["https:\/\/dev.explora.cl\/aricayparinacota\/piloto-intentara-cruzar-el-oceano-pacifico-en-cinco-dias-con-un-avion-solar-1\/"]}]},{"@type":"ImageObject","inLanguage":"es-CL","@id":"https:\/\/dev.explora.cl\/aricayparinacota\/piloto-intentara-cruzar-el-oceano-pacifico-en-cinco-dias-con-un-avion-solar-1\/#primaryimage","url":"https:\/\/dev.explora.cl\/aricayparinacota\/wp-content\/uploads\/sites\/2\/2018\/06\/1aafc452159c18f6b12c8dc495ffb823.jpg","contentUrl":"https:\/\/dev.explora.cl\/aricayparinacota\/wp-content\/uploads\/sites\/2\/2018\/06\/1aafc452159c18f6b12c8dc495ffb823.jpg","width":600,"height":400},{"@type":"BreadcrumbList","@id":"https:\/\/dev.explora.cl\/aricayparinacota\/piloto-intentara-cruzar-el-oceano-pacifico-en-cinco-dias-con-un-avion-solar-1\/#breadcrumb","itemListElement":[{"@type":"ListItem","position":1,"name":"Portada","item":"https:\/\/dev.explora.cl\/aricayparinacota\/"},{"@type":"ListItem","position":2,"name":"Piloto intentar\u00e1 cruzar el oc\u00e9ano Pac\u00edfico en cinco d\u00edas con un avi\u00f3n solar"}]},{"@type":"WebSite","@id":"https:\/\/dev.explora.cl\/aricayparinacota\/#website","url":"https:\/\/dev.explora.cl\/aricayparinacota\/","name":"Arica y Parinacota","description":"Otro sitio m\u00e1s de dev.explora.cl","publisher":{"@id":"https:\/\/dev.explora.cl\/aricayparinacota\/#organization"},"potentialAction":[{"@type":"SearchAction","target":{"@type":"EntryPoint","urlTemplate":"https:\/\/dev.explora.cl\/aricayparinacota\/?s={search_term_string}"},"query-input":{"@type":"PropertyValueSpecification","valueRequired":true,"valueName":"search_term_string"}}],"inLanguage":"es-CL"},{"@type":"Organization","@id":"https:\/\/dev.explora.cl\/aricayparinacota\/#organization","name":"Arica y Parinacota","url":"https:\/\/dev.explora.cl\/aricayparinacota\/","logo":{"@type":"ImageObject","inLanguage":"es-CL","@id":"https:\/\/dev.explora.cl\/aricayparinacota\/#\/schema\/logo\/image\/","url":"https:\/\/dev.explora.cl\/aricayparinacota\/wp-content\/uploads\/sites\/2\/2020\/08\/cropped-nuevosa-logos-11.png","contentUrl":"https:\/\/dev.explora.cl\/aricayparinacota\/wp-content\/uploads\/sites\/2\/2020\/08\/cropped-nuevosa-logos-11.png","width":812,"height":937,"caption":"Arica y Parinacota"},"image":{"@id":"https:\/\/dev.explora.cl\/aricayparinacota\/#\/schema\/logo\/image\/"}},{"@type":"Person","@id":"https:\/\/dev.explora.cl\/aricayparinacota\/#\/schema\/person\/cb8349c13ea2d324080adf8480d7ba5d","name":"webman","image":{"@type":"ImageObject","inLanguage":"es-CL","@id":"https:\/\/dev.explora.cl\/aricayparinacota\/#\/schema\/person\/image\/","url":"https:\/\/secure.gravatar.com\/avatar\/eeff3c82f2c02f7177d13663b7e6f890e9a6a0647ce9bb29cae02dcb094c7312?s=96&d=mm&r=g","contentUrl":"https:\/\/secure.gravatar.com\/avatar\/eeff3c82f2c02f7177d13663b7e6f890e9a6a0647ce9bb29cae02dcb094c7312?s=96&d=mm&r=g","caption":"webman"},"url":"https:\/\/dev.explora.cl\/aricayparinacota\/author\/webman\/"}]}},"_links":{"self":[{"href":"https:\/\/dev.explora.cl\/aricayparinacota\/wp-json\/wp\/v2\/posts\/32031","targetHints":{"allow":["GET"]}}],"collection":[{"href":"https:\/\/dev.explora.cl\/aricayparinacota\/wp-json\/wp\/v2\/posts"}],"about":[{"href":"https:\/\/dev.explora.cl\/aricayparinacota\/wp-json\/wp\/v2\/types\/post"}],"author":[{"embeddable":true,"href":"https:\/\/dev.explora.cl\/aricayparinacota\/wp-json\/wp\/v2\/users\/2"}],"replies":[{"embeddable":true,"href":"https:\/\/dev.explora.cl\/aricayparinacota\/wp-json\/wp\/v2\/comments?post=32031"}],"version-history":[{"count":1,"href":"https:\/\/dev.explora.cl\/aricayparinacota\/wp-json\/wp\/v2\/posts\/32031\/revisions"}],"predecessor-version":[{"id":32965,"href":"https:\/\/dev.explora.cl\/aricayparinacota\/wp-json\/wp\/v2\/posts\/32031\/revisions\/32965"}],"wp:featuredmedia":[{"embeddable":true,"href":"https:\/\/dev.explora.cl\/aricayparinacota\/wp-json\/wp\/v2\/media\/32032"}],"wp:attachment":[{"href":"https:\/\/dev.explora.cl\/aricayparinacota\/wp-json\/wp\/v2\/media?parent=32031"}],"wp:term":[{"taxonomy":"category","embeddable":true,"href":"https:\/\/dev.explora.cl\/aricayparinacota\/wp-json\/wp\/v2\/categories?post=32031"},{"taxonomy":"post_tag","embeddable":true,"href":"https:\/\/dev.explora.cl\/aricayparinacota\/wp-json\/wp\/v2\/tags?post=32031"}],"curies":[{"name":"wp","href":"https:\/\/api.w.org\/{rel}","templated":true}]}}