{"id":32021,"date":"2015-04-28T00:00:00","date_gmt":"2015-04-28T00:00:00","guid":{"rendered":"https:\/\/dev.explora.cl\/aricayparinacota\/blog\/2015\/04\/28\/espectacular-foto-de-mercurio-tomada-por-el-messenger-antes-de-estrellarse-2\/"},"modified":"2019-05-09T21:13:39","modified_gmt":"2019-05-09T21:13:39","slug":"espectacular-foto-de-mercurio-tomada-por-el-messenger-antes-de-estrellarse-2","status":"publish","type":"post","link":"https:\/\/dev.explora.cl\/aricayparinacota\/espectacular-foto-de-mercurio-tomada-por-el-messenger-antes-de-estrellarse-2\/","title":{"rendered":"Espectacular foto de Mercurio tomada por el Messenger antes de estrellarse"},"content":{"rendered":"<p><img loading=\"lazy\" decoding=\"async\" class=\" size-full wp-image-10501\" src=\"http:\/\/ec2-34-218-253-251.us-west-2.compute.amazonaws.com\/wp-content\/uploads\/2015\/04\/06389201808374b1a139e1923531139c.jpg\" alt=\"\" width=\"300\" height=\"169\" \/><\/p>\n<p>Si hoy se sabe que hay hielo en Mercurio o que el planeta cuenta con cr\u00e1teres de los que no se ten\u00eda conocimiento hasta hace un par de a\u00f1os es gracias a ella.<\/p>\n<p>La nave espacial Messenger fue la primera en orbitar el planeta Mercurio, el m\u00e1s cercano al Sol. Este jueves, luego de cuatro a\u00f1os de una exitosa misi\u00f3n, se estrellar\u00e1 contra la superficie que por tanto tiempo retrat\u00f3.<\/p>\n<p>Y como forma de despedirla, la NASA revel\u00f3 ayer una espectacular imagen cu\u00e1druple tomada por el Messenger, que muestra el planeta en todo su esplendor.<\/p>\n<p>Todo sobre Mercurio<\/p>\n<p>La nave cuenta con siete instrumentos cient\u00edficos que desentra\u00f1aron la historia y evoluci\u00f3n de Mercurio.<\/p>\n<p>Lanzada en 2011, la misi\u00f3n, que super\u00f3 los cuatro a\u00f1os de operaciones orbitales, arroj\u00f3 m\u00e1s de 250.000 im\u00e1genes y 10 terabytes de informaci\u00f3n.<\/p>\n<p>Se espera que la nave se estrelle con la superficie del planeta a 3,9 kil\u00f3metros por segundo el jueves 30 de abril a las 7.30 pm GMT.<\/p>\n<p>Esto ocurrir\u00e1 en lado de Mercurio que no se puede observar de la Tierra.<\/p>\n<p>&#8220;Las \u00faltimas horas ser\u00e1n bastante tranquilas&#8221;, asegur\u00f3 Sean Solomon, l\u00edder de la misi\u00f3n del Messenger a la revista Nature.<\/p>\n<p>&#8220;Har\u00e1 una \u00faltima \u00f3rbita y cuando se esconda detr\u00e1s del planeta no lo veremos m\u00e1s&#8221;, adelanta el cient\u00edfico, quien ha trabajado en la misi\u00f3n por casi 20 a\u00f1os y asegura que el Messenger ya es &#8220;parte de la familia&#8221;.<\/p>\n<p>&#8220;No s\u00e9 si estoy realmente preparado para esta p\u00e9rdida&#8221;, agrega<\/p>\n<p>Fuente: <a href=\"http:\/\/www.bbc.co.uk\/mundo\/noticias\/2015\/04\/150428_ciencia_nasa_despedida_messenger_mercurio_ch\" target=\"_blank\" rel=\"noopener noreferrer\"><span style=\"text-decoration: underline\"><span style=\"color: #0000ff;text-decoration: underline\">BBC<\/span><\/span><\/a><\/p>\n","protected":false},"excerpt":{"rendered":"<p>Si hoy se sabe que hay hielo en Mercurio o que el planeta cuenta con cr\u00e1teres de los que no se ten\u00eda conocimiento hasta hace un par de a\u00f1os es gracias a ella. La nave espacial Messenger fue la primera en orbitar el planeta Mercurio, el m\u00e1s cercano al Sol. Este jueves, luego de cuatro [&hellip;]<\/p>\n","protected":false},"author":2,"featured_media":32022,"comment_status":"open","ping_status":"open","sticky":false,"template":"","format":"standard","meta":{"_acf_changed":false,"_exactmetrics_skip_tracking":false,"_exactmetrics_sitenote_active":false,"_exactmetrics_sitenote_note":"","_exactmetrics_sitenote_category":0,"footnotes":"","_links_to":"","_links_to_target":""},"categories":[4],"tags":[98],"class_list":["post-32021","post","type-post","status-publish","format-standard","has-post-thumbnail","hentry","category-noticias","tag-astronomos"],"acf":[],"yoast_head":"<!-- This site is optimized with the Yoast SEO plugin v26.7 - https:\/\/yoast.com\/wordpress\/plugins\/seo\/ -->\n<title>Espectacular foto de Mercurio tomada por el Messenger antes de estrellarse - Arica y Parinacota<\/title>\n<meta name=\"robots\" content=\"index, follow, max-snippet:-1, max-image-preview:large, max-video-preview:-1\" \/>\n<link rel=\"canonical\" href=\"https:\/\/dev.explora.cl\/aricayparinacota\/espectacular-foto-de-mercurio-tomada-por-el-messenger-antes-de-estrellarse-2\/\" class=\"yoast-seo-meta-tag\" \/>\n<meta property=\"og:locale\" content=\"es_ES\" class=\"yoast-seo-meta-tag\" \/>\n<meta property=\"og:type\" content=\"article\" class=\"yoast-seo-meta-tag\" \/>\n<meta property=\"og:title\" content=\"Espectacular foto de Mercurio tomada por el Messenger antes de estrellarse - Arica y Parinacota\" class=\"yoast-seo-meta-tag\" \/>\n<meta property=\"og:description\" content=\"Si hoy se sabe que hay hielo en Mercurio o que el planeta cuenta con cr\u00e1teres de los que no se ten\u00eda conocimiento hasta hace un par de a\u00f1os es gracias a ella. La nave espacial Messenger fue la primera en orbitar el planeta Mercurio, el m\u00e1s cercano al Sol. Este jueves, luego de cuatro [&hellip;]\" class=\"yoast-seo-meta-tag\" \/>\n<meta property=\"og:url\" content=\"https:\/\/dev.explora.cl\/aricayparinacota\/espectacular-foto-de-mercurio-tomada-por-el-messenger-antes-de-estrellarse-2\/\" class=\"yoast-seo-meta-tag\" \/>\n<meta property=\"og:site_name\" content=\"Arica y Parinacota\" class=\"yoast-seo-meta-tag\" \/>\n<meta property=\"article:published_time\" content=\"2015-04-28T00:00:00+00:00\" class=\"yoast-seo-meta-tag\" \/>\n<meta property=\"article:modified_time\" content=\"2019-05-09T21:13:39+00:00\" class=\"yoast-seo-meta-tag\" \/>\n<meta property=\"og:image\" content=\"https:\/\/dev.explora.cl\/aricayparinacota\/wp-content\/uploads\/sites\/2\/2018\/06\/06389201808374b1a139e1923531139c.jpg\" class=\"yoast-seo-meta-tag\" \/>\n\t<meta property=\"og:image:width\" content=\"300\" class=\"yoast-seo-meta-tag\" \/>\n\t<meta property=\"og:image:height\" content=\"169\" class=\"yoast-seo-meta-tag\" \/>\n\t<meta property=\"og:image:type\" content=\"image\/jpeg\" class=\"yoast-seo-meta-tag\" \/>\n<meta name=\"author\" content=\"webman\" class=\"yoast-seo-meta-tag\" \/>\n<meta name=\"twitter:card\" content=\"summary_large_image\" class=\"yoast-seo-meta-tag\" \/>\n<meta name=\"twitter:label1\" content=\"Escrito por\" class=\"yoast-seo-meta-tag\" \/>\n\t<meta name=\"twitter:data1\" content=\"webman\" class=\"yoast-seo-meta-tag\" \/>\n\t<meta name=\"twitter:label2\" content=\"Tiempo estimado de lectura\" class=\"yoast-seo-meta-tag\" \/>\n\t<meta name=\"twitter:data2\" content=\"1 minuto\" class=\"yoast-seo-meta-tag\" \/>\n<script type=\"application\/ld+json\" class=\"yoast-schema-graph\">{\"@context\":\"https:\/\/schema.org\",\"@graph\":[{\"@type\":\"Article\",\"@id\":\"https:\/\/dev.explora.cl\/aricayparinacota\/espectacular-foto-de-mercurio-tomada-por-el-messenger-antes-de-estrellarse-2\/#article\",\"isPartOf\":{\"@id\":\"https:\/\/dev.explora.cl\/aricayparinacota\/espectacular-foto-de-mercurio-tomada-por-el-messenger-antes-de-estrellarse-2\/\"},\"author\":{\"name\":\"webman\",\"@id\":\"https:\/\/dev.explora.cl\/aricayparinacota\/#\/schema\/person\/cb8349c13ea2d324080adf8480d7ba5d\"},\"headline\":\"Espectacular foto de Mercurio tomada por el Messenger antes de estrellarse\",\"datePublished\":\"2015-04-28T00:00:00+00:00\",\"dateModified\":\"2019-05-09T21:13:39+00:00\",\"mainEntityOfPage\":{\"@id\":\"https:\/\/dev.explora.cl\/aricayparinacota\/espectacular-foto-de-mercurio-tomada-por-el-messenger-antes-de-estrellarse-2\/\"},\"wordCount\":276,\"commentCount\":0,\"publisher\":{\"@id\":\"https:\/\/dev.explora.cl\/aricayparinacota\/#organization\"},\"image\":{\"@id\":\"https:\/\/dev.explora.cl\/aricayparinacota\/espectacular-foto-de-mercurio-tomada-por-el-messenger-antes-de-estrellarse-2\/#primaryimage\"},\"thumbnailUrl\":\"https:\/\/dev.explora.cl\/aricayparinacota\/wp-content\/uploads\/sites\/2\/2018\/06\/06389201808374b1a139e1923531139c.jpg\",\"keywords\":[\"astr\u00f3nomos\"],\"articleSection\":[\"Noticias\"],\"inLanguage\":\"es-CL\",\"potentialAction\":[{\"@type\":\"CommentAction\",\"name\":\"Comment\",\"target\":[\"https:\/\/dev.explora.cl\/aricayparinacota\/espectacular-foto-de-mercurio-tomada-por-el-messenger-antes-de-estrellarse-2\/#respond\"]}]},{\"@type\":\"WebPage\",\"@id\":\"https:\/\/dev.explora.cl\/aricayparinacota\/espectacular-foto-de-mercurio-tomada-por-el-messenger-antes-de-estrellarse-2\/\",\"url\":\"https:\/\/dev.explora.cl\/aricayparinacota\/espectacular-foto-de-mercurio-tomada-por-el-messenger-antes-de-estrellarse-2\/\",\"name\":\"Espectacular foto de Mercurio tomada por el Messenger antes de estrellarse - Arica y Parinacota\",\"isPartOf\":{\"@id\":\"https:\/\/dev.explora.cl\/aricayparinacota\/#website\"},\"primaryImageOfPage\":{\"@id\":\"https:\/\/dev.explora.cl\/aricayparinacota\/espectacular-foto-de-mercurio-tomada-por-el-messenger-antes-de-estrellarse-2\/#primaryimage\"},\"image\":{\"@id\":\"https:\/\/dev.explora.cl\/aricayparinacota\/espectacular-foto-de-mercurio-tomada-por-el-messenger-antes-de-estrellarse-2\/#primaryimage\"},\"thumbnailUrl\":\"https:\/\/dev.explora.cl\/aricayparinacota\/wp-content\/uploads\/sites\/2\/2018\/06\/06389201808374b1a139e1923531139c.jpg\",\"datePublished\":\"2015-04-28T00:00:00+00:00\",\"dateModified\":\"2019-05-09T21:13:39+00:00\",\"breadcrumb\":{\"@id\":\"https:\/\/dev.explora.cl\/aricayparinacota\/espectacular-foto-de-mercurio-tomada-por-el-messenger-antes-de-estrellarse-2\/#breadcrumb\"},\"inLanguage\":\"es-CL\",\"potentialAction\":[{\"@type\":\"ReadAction\",\"target\":[\"https:\/\/dev.explora.cl\/aricayparinacota\/espectacular-foto-de-mercurio-tomada-por-el-messenger-antes-de-estrellarse-2\/\"]}]},{\"@type\":\"ImageObject\",\"inLanguage\":\"es-CL\",\"@id\":\"https:\/\/dev.explora.cl\/aricayparinacota\/espectacular-foto-de-mercurio-tomada-por-el-messenger-antes-de-estrellarse-2\/#primaryimage\",\"url\":\"https:\/\/dev.explora.cl\/aricayparinacota\/wp-content\/uploads\/sites\/2\/2018\/06\/06389201808374b1a139e1923531139c.jpg\",\"contentUrl\":\"https:\/\/dev.explora.cl\/aricayparinacota\/wp-content\/uploads\/sites\/2\/2018\/06\/06389201808374b1a139e1923531139c.jpg\",\"width\":300,\"height\":169},{\"@type\":\"BreadcrumbList\",\"@id\":\"https:\/\/dev.explora.cl\/aricayparinacota\/espectacular-foto-de-mercurio-tomada-por-el-messenger-antes-de-estrellarse-2\/#breadcrumb\",\"itemListElement\":[{\"@type\":\"ListItem\",\"position\":1,\"name\":\"Portada\",\"item\":\"https:\/\/dev.explora.cl\/aricayparinacota\/\"},{\"@type\":\"ListItem\",\"position\":2,\"name\":\"Espectacular foto de Mercurio tomada por el Messenger antes de estrellarse\"}]},{\"@type\":\"WebSite\",\"@id\":\"https:\/\/dev.explora.cl\/aricayparinacota\/#website\",\"url\":\"https:\/\/dev.explora.cl\/aricayparinacota\/\",\"name\":\"Arica y Parinacota\",\"description\":\"Otro sitio m\u00e1s de dev.explora.cl\",\"publisher\":{\"@id\":\"https:\/\/dev.explora.cl\/aricayparinacota\/#organization\"},\"potentialAction\":[{\"@type\":\"SearchAction\",\"target\":{\"@type\":\"EntryPoint\",\"urlTemplate\":\"https:\/\/dev.explora.cl\/aricayparinacota\/?s={search_term_string}\"},\"query-input\":{\"@type\":\"PropertyValueSpecification\",\"valueRequired\":true,\"valueName\":\"search_term_string\"}}],\"inLanguage\":\"es-CL\"},{\"@type\":\"Organization\",\"@id\":\"https:\/\/dev.explora.cl\/aricayparinacota\/#organization\",\"name\":\"Arica y Parinacota\",\"url\":\"https:\/\/dev.explora.cl\/aricayparinacota\/\",\"logo\":{\"@type\":\"ImageObject\",\"inLanguage\":\"es-CL\",\"@id\":\"https:\/\/dev.explora.cl\/aricayparinacota\/#\/schema\/logo\/image\/\",\"url\":\"https:\/\/dev.explora.cl\/aricayparinacota\/wp-content\/uploads\/sites\/2\/2020\/08\/cropped-nuevosa-logos-11.png\",\"contentUrl\":\"https:\/\/dev.explora.cl\/aricayparinacota\/wp-content\/uploads\/sites\/2\/2020\/08\/cropped-nuevosa-logos-11.png\",\"width\":812,\"height\":937,\"caption\":\"Arica y Parinacota\"},\"image\":{\"@id\":\"https:\/\/dev.explora.cl\/aricayparinacota\/#\/schema\/logo\/image\/\"}},{\"@type\":\"Person\",\"@id\":\"https:\/\/dev.explora.cl\/aricayparinacota\/#\/schema\/person\/cb8349c13ea2d324080adf8480d7ba5d\",\"name\":\"webman\",\"image\":{\"@type\":\"ImageObject\",\"inLanguage\":\"es-CL\",\"@id\":\"https:\/\/dev.explora.cl\/aricayparinacota\/#\/schema\/person\/image\/\",\"url\":\"https:\/\/secure.gravatar.com\/avatar\/eeff3c82f2c02f7177d13663b7e6f890e9a6a0647ce9bb29cae02dcb094c7312?s=96&d=mm&r=g\",\"contentUrl\":\"https:\/\/secure.gravatar.com\/avatar\/eeff3c82f2c02f7177d13663b7e6f890e9a6a0647ce9bb29cae02dcb094c7312?s=96&d=mm&r=g\",\"caption\":\"webman\"},\"url\":\"https:\/\/dev.explora.cl\/aricayparinacota\/author\/webman\/\"}]}<\/script>\n<!-- \/ Yoast SEO plugin. -->","yoast_head_json":{"title":"Espectacular foto de Mercurio tomada por el Messenger antes de estrellarse - Arica y Parinacota","robots":{"index":"index","follow":"follow","max-snippet":"max-snippet:-1","max-image-preview":"max-image-preview:large","max-video-preview":"max-video-preview:-1"},"canonical":"https:\/\/dev.explora.cl\/aricayparinacota\/espectacular-foto-de-mercurio-tomada-por-el-messenger-antes-de-estrellarse-2\/","og_locale":"es_ES","og_type":"article","og_title":"Espectacular foto de Mercurio tomada por el Messenger antes de estrellarse - Arica y Parinacota","og_description":"Si hoy se sabe que hay hielo en Mercurio o que el planeta cuenta con cr\u00e1teres de los que no se ten\u00eda conocimiento hasta hace un par de a\u00f1os es gracias a ella. La nave espacial Messenger fue la primera en orbitar el planeta Mercurio, el m\u00e1s cercano al Sol. Este jueves, luego de cuatro [&hellip;]","og_url":"https:\/\/dev.explora.cl\/aricayparinacota\/espectacular-foto-de-mercurio-tomada-por-el-messenger-antes-de-estrellarse-2\/","og_site_name":"Arica y Parinacota","article_published_time":"2015-04-28T00:00:00+00:00","article_modified_time":"2019-05-09T21:13:39+00:00","og_image":[{"width":300,"height":169,"url":"https:\/\/dev.explora.cl\/aricayparinacota\/wp-content\/uploads\/sites\/2\/2018\/06\/06389201808374b1a139e1923531139c.jpg","type":"image\/jpeg"}],"author":"webman","twitter_card":"summary_large_image","twitter_misc":{"Escrito por":"webman","Tiempo estimado de lectura":"1 minuto"},"schema":{"@context":"https:\/\/schema.org","@graph":[{"@type":"Article","@id":"https:\/\/dev.explora.cl\/aricayparinacota\/espectacular-foto-de-mercurio-tomada-por-el-messenger-antes-de-estrellarse-2\/#article","isPartOf":{"@id":"https:\/\/dev.explora.cl\/aricayparinacota\/espectacular-foto-de-mercurio-tomada-por-el-messenger-antes-de-estrellarse-2\/"},"author":{"name":"webman","@id":"https:\/\/dev.explora.cl\/aricayparinacota\/#\/schema\/person\/cb8349c13ea2d324080adf8480d7ba5d"},"headline":"Espectacular foto de Mercurio tomada por el Messenger antes de estrellarse","datePublished":"2015-04-28T00:00:00+00:00","dateModified":"2019-05-09T21:13:39+00:00","mainEntityOfPage":{"@id":"https:\/\/dev.explora.cl\/aricayparinacota\/espectacular-foto-de-mercurio-tomada-por-el-messenger-antes-de-estrellarse-2\/"},"wordCount":276,"commentCount":0,"publisher":{"@id":"https:\/\/dev.explora.cl\/aricayparinacota\/#organization"},"image":{"@id":"https:\/\/dev.explora.cl\/aricayparinacota\/espectacular-foto-de-mercurio-tomada-por-el-messenger-antes-de-estrellarse-2\/#primaryimage"},"thumbnailUrl":"https:\/\/dev.explora.cl\/aricayparinacota\/wp-content\/uploads\/sites\/2\/2018\/06\/06389201808374b1a139e1923531139c.jpg","keywords":["astr\u00f3nomos"],"articleSection":["Noticias"],"inLanguage":"es-CL","potentialAction":[{"@type":"CommentAction","name":"Comment","target":["https:\/\/dev.explora.cl\/aricayparinacota\/espectacular-foto-de-mercurio-tomada-por-el-messenger-antes-de-estrellarse-2\/#respond"]}]},{"@type":"WebPage","@id":"https:\/\/dev.explora.cl\/aricayparinacota\/espectacular-foto-de-mercurio-tomada-por-el-messenger-antes-de-estrellarse-2\/","url":"https:\/\/dev.explora.cl\/aricayparinacota\/espectacular-foto-de-mercurio-tomada-por-el-messenger-antes-de-estrellarse-2\/","name":"Espectacular foto de Mercurio tomada por el Messenger antes de estrellarse - Arica y Parinacota","isPartOf":{"@id":"https:\/\/dev.explora.cl\/aricayparinacota\/#website"},"primaryImageOfPage":{"@id":"https:\/\/dev.explora.cl\/aricayparinacota\/espectacular-foto-de-mercurio-tomada-por-el-messenger-antes-de-estrellarse-2\/#primaryimage"},"image":{"@id":"https:\/\/dev.explora.cl\/aricayparinacota\/espectacular-foto-de-mercurio-tomada-por-el-messenger-antes-de-estrellarse-2\/#primaryimage"},"thumbnailUrl":"https:\/\/dev.explora.cl\/aricayparinacota\/wp-content\/uploads\/sites\/2\/2018\/06\/06389201808374b1a139e1923531139c.jpg","datePublished":"2015-04-28T00:00:00+00:00","dateModified":"2019-05-09T21:13:39+00:00","breadcrumb":{"@id":"https:\/\/dev.explora.cl\/aricayparinacota\/espectacular-foto-de-mercurio-tomada-por-el-messenger-antes-de-estrellarse-2\/#breadcrumb"},"inLanguage":"es-CL","potentialAction":[{"@type":"ReadAction","target":["https:\/\/dev.explora.cl\/aricayparinacota\/espectacular-foto-de-mercurio-tomada-por-el-messenger-antes-de-estrellarse-2\/"]}]},{"@type":"ImageObject","inLanguage":"es-CL","@id":"https:\/\/dev.explora.cl\/aricayparinacota\/espectacular-foto-de-mercurio-tomada-por-el-messenger-antes-de-estrellarse-2\/#primaryimage","url":"https:\/\/dev.explora.cl\/aricayparinacota\/wp-content\/uploads\/sites\/2\/2018\/06\/06389201808374b1a139e1923531139c.jpg","contentUrl":"https:\/\/dev.explora.cl\/aricayparinacota\/wp-content\/uploads\/sites\/2\/2018\/06\/06389201808374b1a139e1923531139c.jpg","width":300,"height":169},{"@type":"BreadcrumbList","@id":"https:\/\/dev.explora.cl\/aricayparinacota\/espectacular-foto-de-mercurio-tomada-por-el-messenger-antes-de-estrellarse-2\/#breadcrumb","itemListElement":[{"@type":"ListItem","position":1,"name":"Portada","item":"https:\/\/dev.explora.cl\/aricayparinacota\/"},{"@type":"ListItem","position":2,"name":"Espectacular foto de Mercurio tomada por el Messenger antes de estrellarse"}]},{"@type":"WebSite","@id":"https:\/\/dev.explora.cl\/aricayparinacota\/#website","url":"https:\/\/dev.explora.cl\/aricayparinacota\/","name":"Arica y Parinacota","description":"Otro sitio m\u00e1s de dev.explora.cl","publisher":{"@id":"https:\/\/dev.explora.cl\/aricayparinacota\/#organization"},"potentialAction":[{"@type":"SearchAction","target":{"@type":"EntryPoint","urlTemplate":"https:\/\/dev.explora.cl\/aricayparinacota\/?s={search_term_string}"},"query-input":{"@type":"PropertyValueSpecification","valueRequired":true,"valueName":"search_term_string"}}],"inLanguage":"es-CL"},{"@type":"Organization","@id":"https:\/\/dev.explora.cl\/aricayparinacota\/#organization","name":"Arica y Parinacota","url":"https:\/\/dev.explora.cl\/aricayparinacota\/","logo":{"@type":"ImageObject","inLanguage":"es-CL","@id":"https:\/\/dev.explora.cl\/aricayparinacota\/#\/schema\/logo\/image\/","url":"https:\/\/dev.explora.cl\/aricayparinacota\/wp-content\/uploads\/sites\/2\/2020\/08\/cropped-nuevosa-logos-11.png","contentUrl":"https:\/\/dev.explora.cl\/aricayparinacota\/wp-content\/uploads\/sites\/2\/2020\/08\/cropped-nuevosa-logos-11.png","width":812,"height":937,"caption":"Arica y Parinacota"},"image":{"@id":"https:\/\/dev.explora.cl\/aricayparinacota\/#\/schema\/logo\/image\/"}},{"@type":"Person","@id":"https:\/\/dev.explora.cl\/aricayparinacota\/#\/schema\/person\/cb8349c13ea2d324080adf8480d7ba5d","name":"webman","image":{"@type":"ImageObject","inLanguage":"es-CL","@id":"https:\/\/dev.explora.cl\/aricayparinacota\/#\/schema\/person\/image\/","url":"https:\/\/secure.gravatar.com\/avatar\/eeff3c82f2c02f7177d13663b7e6f890e9a6a0647ce9bb29cae02dcb094c7312?s=96&d=mm&r=g","contentUrl":"https:\/\/secure.gravatar.com\/avatar\/eeff3c82f2c02f7177d13663b7e6f890e9a6a0647ce9bb29cae02dcb094c7312?s=96&d=mm&r=g","caption":"webman"},"url":"https:\/\/dev.explora.cl\/aricayparinacota\/author\/webman\/"}]}},"_links":{"self":[{"href":"https:\/\/dev.explora.cl\/aricayparinacota\/wp-json\/wp\/v2\/posts\/32021","targetHints":{"allow":["GET"]}}],"collection":[{"href":"https:\/\/dev.explora.cl\/aricayparinacota\/wp-json\/wp\/v2\/posts"}],"about":[{"href":"https:\/\/dev.explora.cl\/aricayparinacota\/wp-json\/wp\/v2\/types\/post"}],"author":[{"embeddable":true,"href":"https:\/\/dev.explora.cl\/aricayparinacota\/wp-json\/wp\/v2\/users\/2"}],"replies":[{"embeddable":true,"href":"https:\/\/dev.explora.cl\/aricayparinacota\/wp-json\/wp\/v2\/comments?post=32021"}],"version-history":[{"count":1,"href":"https:\/\/dev.explora.cl\/aricayparinacota\/wp-json\/wp\/v2\/posts\/32021\/revisions"}],"predecessor-version":[{"id":32968,"href":"https:\/\/dev.explora.cl\/aricayparinacota\/wp-json\/wp\/v2\/posts\/32021\/revisions\/32968"}],"wp:featuredmedia":[{"embeddable":true,"href":"https:\/\/dev.explora.cl\/aricayparinacota\/wp-json\/wp\/v2\/media\/32022"}],"wp:attachment":[{"href":"https:\/\/dev.explora.cl\/aricayparinacota\/wp-json\/wp\/v2\/media?parent=32021"}],"wp:term":[{"taxonomy":"category","embeddable":true,"href":"https:\/\/dev.explora.cl\/aricayparinacota\/wp-json\/wp\/v2\/categories?post=32021"},{"taxonomy":"post_tag","embeddable":true,"href":"https:\/\/dev.explora.cl\/aricayparinacota\/wp-json\/wp\/v2\/tags?post=32021"}],"curies":[{"name":"wp","href":"https:\/\/api.w.org\/{rel}","templated":true}]}}