{"id":32017,"date":"2015-04-22T00:00:00","date_gmt":"2015-04-22T00:00:00","guid":{"rendered":"https:\/\/dev.explora.cl\/aricayparinacota\/blog\/2015\/04\/22\/avifauna-costera-de-arica-fue-afectada-por-mortandad-de-el-nino-2\/"},"modified":"2019-05-09T21:14:02","modified_gmt":"2019-05-09T21:14:02","slug":"avifauna-costera-de-arica-fue-afectada-por-mortandad-de-el-nino-2","status":"publish","type":"post","link":"https:\/\/dev.explora.cl\/aricayparinacota\/avifauna-costera-de-arica-fue-afectada-por-mortandad-de-el-nino-2\/","title":{"rendered":"Avifauna costera de Arica fue afectada por mortandad de El Ni\u00f1o"},"content":{"rendered":"<p><img loading=\"lazy\" decoding=\"async\" class=\" size-full wp-image-10367\" src=\"http:\/\/ec2-34-218-253-251.us-west-2.compute.amazonaws.com\/wp-content\/uploads\/2015\/04\/0b6eb7b879847c2cc550d7af3034aa1c.jpg\" alt=\"\" width=\"300\" height=\"144\" \/><\/p>\n<p>Para inspeccionar y evaluar la avifauna y desarrollar un catastro visual de las especies, la seremi de Medio Ambiente recorri\u00f3 el borde costero hasta la caleta de Camarones, a bordo de una embarcaci\u00f3n de la Armada de Chile, en el marco de la conservaci\u00f3n de la biodiversidad y de la protecci\u00f3n de los valores naturales de la regi\u00f3n de Arica y Parinacota.<\/p>\n<p>La actividad fue encabezada por el seremi de Medio Ambiente Renato Brice\u00f1o, el que se traslad\u00f3 a los puntos donde se observa la avifauna, para verificar cualquier anormalidad en el h\u00e1bitat de las diversas especies como piqueros, guanay, lile, gaviota garuma, gaviot\u00edn monja y patos yecos.<\/p>\n<p>Junto a \u00e9l, funcionarios de la Unidad de Recursos Naturales Renovables del Servicio Agr\u00edcola y Ganadero (SAG), y de la Direcci\u00f3n General del Territorio Mar\u00edtimo y Marina Mercante de Chile (Directemar), inspeccionaron visualmente cada una de las especies y determinaron a priori una disminuci\u00f3n de aves o p\u00e1jaros en el sector, debido a la mortandad que ocurri\u00f3 en junio del 2014.<\/p>\n<p>En esa fecha un brazo de la corriente de El Ni\u00f1o afect\u00f3 una parte del sur del Per\u00fa y del norte de Chile.<\/p>\n<p>El viaje de inspecci\u00f3n se desarroll\u00f3 en las Cuevas de Anzota, Liserilla, loberas, caleta V\u00edtor, Punta Madrid y caleta de Camarones, donde la embarcaci\u00f3n Arc\u00e1ngel de la Gobernaci\u00f3n Mar\u00edtima, se acerc\u00f3 a las zonas de nidificaci\u00f3n, como las covaderas o las conocidas guaneras.<\/p>\n<p>Uno de los puntos donde se inspeccion\u00f3 con rigurosidad fue en el sector de Punta Madrid, donde la empresa minera Pampa Camarones est\u00e1 instalando la tuber\u00eda que llegar\u00e1 al oc\u00e9ano y que inyectar\u00e1 agua salada a los proceso qu\u00edmicos mineros.<\/p>\n<p>Pese a la intervenci\u00f3n humana en el lugar, el seremi Renato Brice\u00f1o dijo que no hay indicios que se est\u00e9 alterando el h\u00e1bitat de la avifauna del lugar, ubicado a unos kil\u00f3metros al norte de la caleta Camarones, por efecto de los trabajos de la citada empresa minera.<\/p>\n<p>El recorrido servir\u00e1 para abrir nuevos espacios que se pueden convertir a futuro en \u00e1reas protegidas, como por ejemplo Las Cuevas de Anzota.<\/p>\n<h3>Seremi<\/h3>\n<p>El seremi Renato Brice\u00f1o, dijo que, \u201c\u00e9sta es una inspecci\u00f3n que nosotros coordinamos con la Armada una vez al a\u00f1o. El objetivo es tener una aproximaci\u00f3n de la situaci\u00f3n actual de la avifauna. Esto est\u00e1 enmarcado en la conservaci\u00f3n de la biodiversidad , donde nosotros como Ministerio del Medio Ambiente, debemos generar programas y \u00e9ste es uno de esos\u201d.<\/p>\n<p>Brice\u00f1o aclar\u00f3 que esta inspecci\u00f3n, \u201cva de la mano con el trabajo que estamos haciendo en el Consejo Regional para el uso del Borde Costero, el que re\u00fane a todas las autoridades pol\u00edticas y que es liderado por el intendente Emilio Rodr\u00edguez\u201d.<\/p>\n<p>La autoridad se refiri\u00f3 tambi\u00e9n a la disminuci\u00f3n de avifauna en los sectores inspeccionados, a ra\u00edz de la corriente de El Ni\u00f1o que afect\u00f3 la zona en el 2014. \u201cM\u00e1s que profundizar, aqu\u00ed sabemos que todos los fen\u00f3menos vienen del cambio clim\u00e1tico, por lo que hago un llamado a las personas para reflexionar sobre el cuidado del medio ambiente\u201d, agreg\u00f3 Brice\u00f1o.<\/p>\n<p>Fuente:\u00a0<a href=\"http:\/\/portal.mma.gob.cl\/avifauna-costera-de-arica-fue-afectada-por-mortandad-de-el-nino\/\" target=\"_blank\" rel=\"noopener noreferrer\">portal.mma.gob.cl<\/a><\/p>\n","protected":false},"excerpt":{"rendered":"<p>Para inspeccionar y evaluar la avifauna y desarrollar un catastro visual de las especies, la seremi de Medio Ambiente recorri\u00f3 el borde costero hasta la caleta de Camarones, a bordo de una embarcaci\u00f3n de la Armada de Chile, en el marco de la conservaci\u00f3n de la biodiversidad y de la protecci\u00f3n de los valores naturales [&hellip;]<\/p>\n","protected":false},"author":2,"featured_media":32018,"comment_status":"open","ping_status":"open","sticky":false,"template":"","format":"standard","meta":{"_acf_changed":false,"_exactmetrics_skip_tracking":false,"_exactmetrics_sitenote_active":false,"_exactmetrics_sitenote_note":"","_exactmetrics_sitenote_category":0,"footnotes":"","_links_to":"","_links_to_target":""},"categories":[4],"tags":[],"class_list":["post-32017","post","type-post","status-publish","format-standard","has-post-thumbnail","hentry","category-noticias"],"acf":[],"yoast_head":"<!-- This site is optimized with the Yoast SEO plugin v26.7 - https:\/\/yoast.com\/wordpress\/plugins\/seo\/ -->\n<title>Avifauna costera de Arica fue afectada por mortandad de El Ni\u00f1o - Arica y Parinacota<\/title>\n<meta name=\"robots\" content=\"index, follow, max-snippet:-1, max-image-preview:large, max-video-preview:-1\" \/>\n<link rel=\"canonical\" href=\"https:\/\/dev.explora.cl\/aricayparinacota\/avifauna-costera-de-arica-fue-afectada-por-mortandad-de-el-nino-2\/\" class=\"yoast-seo-meta-tag\" \/>\n<meta property=\"og:locale\" content=\"es_ES\" class=\"yoast-seo-meta-tag\" \/>\n<meta property=\"og:type\" content=\"article\" class=\"yoast-seo-meta-tag\" \/>\n<meta property=\"og:title\" content=\"Avifauna costera de Arica fue afectada por mortandad de El Ni\u00f1o - Arica y Parinacota\" class=\"yoast-seo-meta-tag\" \/>\n<meta property=\"og:description\" content=\"Para inspeccionar y evaluar la avifauna y desarrollar un catastro visual de las especies, la seremi de Medio Ambiente recorri\u00f3 el borde costero hasta la caleta de Camarones, a bordo de una embarcaci\u00f3n de la Armada de Chile, en el marco de la conservaci\u00f3n de la biodiversidad y de la protecci\u00f3n de los valores naturales [&hellip;]\" class=\"yoast-seo-meta-tag\" \/>\n<meta property=\"og:url\" content=\"https:\/\/dev.explora.cl\/aricayparinacota\/avifauna-costera-de-arica-fue-afectada-por-mortandad-de-el-nino-2\/\" class=\"yoast-seo-meta-tag\" \/>\n<meta property=\"og:site_name\" content=\"Arica y Parinacota\" class=\"yoast-seo-meta-tag\" \/>\n<meta property=\"article:published_time\" content=\"2015-04-22T00:00:00+00:00\" class=\"yoast-seo-meta-tag\" \/>\n<meta property=\"article:modified_time\" content=\"2019-05-09T21:14:02+00:00\" class=\"yoast-seo-meta-tag\" \/>\n<meta property=\"og:image\" content=\"https:\/\/dev.explora.cl\/aricayparinacota\/wp-content\/uploads\/sites\/2\/2018\/06\/0b6eb7b879847c2cc550d7af3034aa1c.jpg\" class=\"yoast-seo-meta-tag\" \/>\n\t<meta property=\"og:image:width\" content=\"300\" class=\"yoast-seo-meta-tag\" \/>\n\t<meta property=\"og:image:height\" content=\"144\" class=\"yoast-seo-meta-tag\" \/>\n\t<meta property=\"og:image:type\" content=\"image\/jpeg\" class=\"yoast-seo-meta-tag\" \/>\n<meta name=\"author\" content=\"webman\" class=\"yoast-seo-meta-tag\" \/>\n<meta name=\"twitter:card\" content=\"summary_large_image\" class=\"yoast-seo-meta-tag\" \/>\n<meta name=\"twitter:label1\" content=\"Escrito por\" class=\"yoast-seo-meta-tag\" \/>\n\t<meta name=\"twitter:data1\" content=\"webman\" class=\"yoast-seo-meta-tag\" \/>\n\t<meta name=\"twitter:label2\" content=\"Tiempo estimado de lectura\" class=\"yoast-seo-meta-tag\" \/>\n\t<meta name=\"twitter:data2\" content=\"3 minutos\" class=\"yoast-seo-meta-tag\" \/>\n<script type=\"application\/ld+json\" class=\"yoast-schema-graph\">{\"@context\":\"https:\/\/schema.org\",\"@graph\":[{\"@type\":\"Article\",\"@id\":\"https:\/\/dev.explora.cl\/aricayparinacota\/avifauna-costera-de-arica-fue-afectada-por-mortandad-de-el-nino-2\/#article\",\"isPartOf\":{\"@id\":\"https:\/\/dev.explora.cl\/aricayparinacota\/avifauna-costera-de-arica-fue-afectada-por-mortandad-de-el-nino-2\/\"},\"author\":{\"name\":\"webman\",\"@id\":\"https:\/\/dev.explora.cl\/aricayparinacota\/#\/schema\/person\/cb8349c13ea2d324080adf8480d7ba5d\"},\"headline\":\"Avifauna costera de Arica fue afectada por mortandad de El Ni\u00f1o\",\"datePublished\":\"2015-04-22T00:00:00+00:00\",\"dateModified\":\"2019-05-09T21:14:02+00:00\",\"mainEntityOfPage\":{\"@id\":\"https:\/\/dev.explora.cl\/aricayparinacota\/avifauna-costera-de-arica-fue-afectada-por-mortandad-de-el-nino-2\/\"},\"wordCount\":569,\"commentCount\":0,\"publisher\":{\"@id\":\"https:\/\/dev.explora.cl\/aricayparinacota\/#organization\"},\"image\":{\"@id\":\"https:\/\/dev.explora.cl\/aricayparinacota\/avifauna-costera-de-arica-fue-afectada-por-mortandad-de-el-nino-2\/#primaryimage\"},\"thumbnailUrl\":\"https:\/\/dev.explora.cl\/aricayparinacota\/wp-content\/uploads\/sites\/2\/2018\/06\/0b6eb7b879847c2cc550d7af3034aa1c.jpg\",\"articleSection\":[\"Noticias\"],\"inLanguage\":\"es-CL\",\"potentialAction\":[{\"@type\":\"CommentAction\",\"name\":\"Comment\",\"target\":[\"https:\/\/dev.explora.cl\/aricayparinacota\/avifauna-costera-de-arica-fue-afectada-por-mortandad-de-el-nino-2\/#respond\"]}]},{\"@type\":\"WebPage\",\"@id\":\"https:\/\/dev.explora.cl\/aricayparinacota\/avifauna-costera-de-arica-fue-afectada-por-mortandad-de-el-nino-2\/\",\"url\":\"https:\/\/dev.explora.cl\/aricayparinacota\/avifauna-costera-de-arica-fue-afectada-por-mortandad-de-el-nino-2\/\",\"name\":\"Avifauna costera de Arica fue afectada por mortandad de El Ni\u00f1o - Arica y Parinacota\",\"isPartOf\":{\"@id\":\"https:\/\/dev.explora.cl\/aricayparinacota\/#website\"},\"primaryImageOfPage\":{\"@id\":\"https:\/\/dev.explora.cl\/aricayparinacota\/avifauna-costera-de-arica-fue-afectada-por-mortandad-de-el-nino-2\/#primaryimage\"},\"image\":{\"@id\":\"https:\/\/dev.explora.cl\/aricayparinacota\/avifauna-costera-de-arica-fue-afectada-por-mortandad-de-el-nino-2\/#primaryimage\"},\"thumbnailUrl\":\"https:\/\/dev.explora.cl\/aricayparinacota\/wp-content\/uploads\/sites\/2\/2018\/06\/0b6eb7b879847c2cc550d7af3034aa1c.jpg\",\"datePublished\":\"2015-04-22T00:00:00+00:00\",\"dateModified\":\"2019-05-09T21:14:02+00:00\",\"breadcrumb\":{\"@id\":\"https:\/\/dev.explora.cl\/aricayparinacota\/avifauna-costera-de-arica-fue-afectada-por-mortandad-de-el-nino-2\/#breadcrumb\"},\"inLanguage\":\"es-CL\",\"potentialAction\":[{\"@type\":\"ReadAction\",\"target\":[\"https:\/\/dev.explora.cl\/aricayparinacota\/avifauna-costera-de-arica-fue-afectada-por-mortandad-de-el-nino-2\/\"]}]},{\"@type\":\"ImageObject\",\"inLanguage\":\"es-CL\",\"@id\":\"https:\/\/dev.explora.cl\/aricayparinacota\/avifauna-costera-de-arica-fue-afectada-por-mortandad-de-el-nino-2\/#primaryimage\",\"url\":\"https:\/\/dev.explora.cl\/aricayparinacota\/wp-content\/uploads\/sites\/2\/2018\/06\/0b6eb7b879847c2cc550d7af3034aa1c.jpg\",\"contentUrl\":\"https:\/\/dev.explora.cl\/aricayparinacota\/wp-content\/uploads\/sites\/2\/2018\/06\/0b6eb7b879847c2cc550d7af3034aa1c.jpg\",\"width\":300,\"height\":144},{\"@type\":\"BreadcrumbList\",\"@id\":\"https:\/\/dev.explora.cl\/aricayparinacota\/avifauna-costera-de-arica-fue-afectada-por-mortandad-de-el-nino-2\/#breadcrumb\",\"itemListElement\":[{\"@type\":\"ListItem\",\"position\":1,\"name\":\"Portada\",\"item\":\"https:\/\/dev.explora.cl\/aricayparinacota\/\"},{\"@type\":\"ListItem\",\"position\":2,\"name\":\"Avifauna costera de Arica fue afectada por mortandad de El Ni\u00f1o\"}]},{\"@type\":\"WebSite\",\"@id\":\"https:\/\/dev.explora.cl\/aricayparinacota\/#website\",\"url\":\"https:\/\/dev.explora.cl\/aricayparinacota\/\",\"name\":\"Arica y Parinacota\",\"description\":\"Otro sitio m\u00e1s de dev.explora.cl\",\"publisher\":{\"@id\":\"https:\/\/dev.explora.cl\/aricayparinacota\/#organization\"},\"potentialAction\":[{\"@type\":\"SearchAction\",\"target\":{\"@type\":\"EntryPoint\",\"urlTemplate\":\"https:\/\/dev.explora.cl\/aricayparinacota\/?s={search_term_string}\"},\"query-input\":{\"@type\":\"PropertyValueSpecification\",\"valueRequired\":true,\"valueName\":\"search_term_string\"}}],\"inLanguage\":\"es-CL\"},{\"@type\":\"Organization\",\"@id\":\"https:\/\/dev.explora.cl\/aricayparinacota\/#organization\",\"name\":\"Arica y Parinacota\",\"url\":\"https:\/\/dev.explora.cl\/aricayparinacota\/\",\"logo\":{\"@type\":\"ImageObject\",\"inLanguage\":\"es-CL\",\"@id\":\"https:\/\/dev.explora.cl\/aricayparinacota\/#\/schema\/logo\/image\/\",\"url\":\"https:\/\/dev.explora.cl\/aricayparinacota\/wp-content\/uploads\/sites\/2\/2020\/08\/cropped-nuevosa-logos-11.png\",\"contentUrl\":\"https:\/\/dev.explora.cl\/aricayparinacota\/wp-content\/uploads\/sites\/2\/2020\/08\/cropped-nuevosa-logos-11.png\",\"width\":812,\"height\":937,\"caption\":\"Arica y Parinacota\"},\"image\":{\"@id\":\"https:\/\/dev.explora.cl\/aricayparinacota\/#\/schema\/logo\/image\/\"}},{\"@type\":\"Person\",\"@id\":\"https:\/\/dev.explora.cl\/aricayparinacota\/#\/schema\/person\/cb8349c13ea2d324080adf8480d7ba5d\",\"name\":\"webman\",\"image\":{\"@type\":\"ImageObject\",\"inLanguage\":\"es-CL\",\"@id\":\"https:\/\/dev.explora.cl\/aricayparinacota\/#\/schema\/person\/image\/\",\"url\":\"https:\/\/secure.gravatar.com\/avatar\/eeff3c82f2c02f7177d13663b7e6f890e9a6a0647ce9bb29cae02dcb094c7312?s=96&d=mm&r=g\",\"contentUrl\":\"https:\/\/secure.gravatar.com\/avatar\/eeff3c82f2c02f7177d13663b7e6f890e9a6a0647ce9bb29cae02dcb094c7312?s=96&d=mm&r=g\",\"caption\":\"webman\"},\"url\":\"https:\/\/dev.explora.cl\/aricayparinacota\/author\/webman\/\"}]}<\/script>\n<!-- \/ Yoast SEO plugin. -->","yoast_head_json":{"title":"Avifauna costera de Arica fue afectada por mortandad de El Ni\u00f1o - Arica y Parinacota","robots":{"index":"index","follow":"follow","max-snippet":"max-snippet:-1","max-image-preview":"max-image-preview:large","max-video-preview":"max-video-preview:-1"},"canonical":"https:\/\/dev.explora.cl\/aricayparinacota\/avifauna-costera-de-arica-fue-afectada-por-mortandad-de-el-nino-2\/","og_locale":"es_ES","og_type":"article","og_title":"Avifauna costera de Arica fue afectada por mortandad de El Ni\u00f1o - Arica y Parinacota","og_description":"Para inspeccionar y evaluar la avifauna y desarrollar un catastro visual de las especies, la seremi de Medio Ambiente recorri\u00f3 el borde costero hasta la caleta de Camarones, a bordo de una embarcaci\u00f3n de la Armada de Chile, en el marco de la conservaci\u00f3n de la biodiversidad y de la protecci\u00f3n de los valores naturales [&hellip;]","og_url":"https:\/\/dev.explora.cl\/aricayparinacota\/avifauna-costera-de-arica-fue-afectada-por-mortandad-de-el-nino-2\/","og_site_name":"Arica y Parinacota","article_published_time":"2015-04-22T00:00:00+00:00","article_modified_time":"2019-05-09T21:14:02+00:00","og_image":[{"width":300,"height":144,"url":"https:\/\/dev.explora.cl\/aricayparinacota\/wp-content\/uploads\/sites\/2\/2018\/06\/0b6eb7b879847c2cc550d7af3034aa1c.jpg","type":"image\/jpeg"}],"author":"webman","twitter_card":"summary_large_image","twitter_misc":{"Escrito por":"webman","Tiempo estimado de lectura":"3 minutos"},"schema":{"@context":"https:\/\/schema.org","@graph":[{"@type":"Article","@id":"https:\/\/dev.explora.cl\/aricayparinacota\/avifauna-costera-de-arica-fue-afectada-por-mortandad-de-el-nino-2\/#article","isPartOf":{"@id":"https:\/\/dev.explora.cl\/aricayparinacota\/avifauna-costera-de-arica-fue-afectada-por-mortandad-de-el-nino-2\/"},"author":{"name":"webman","@id":"https:\/\/dev.explora.cl\/aricayparinacota\/#\/schema\/person\/cb8349c13ea2d324080adf8480d7ba5d"},"headline":"Avifauna costera de Arica fue afectada por mortandad de El Ni\u00f1o","datePublished":"2015-04-22T00:00:00+00:00","dateModified":"2019-05-09T21:14:02+00:00","mainEntityOfPage":{"@id":"https:\/\/dev.explora.cl\/aricayparinacota\/avifauna-costera-de-arica-fue-afectada-por-mortandad-de-el-nino-2\/"},"wordCount":569,"commentCount":0,"publisher":{"@id":"https:\/\/dev.explora.cl\/aricayparinacota\/#organization"},"image":{"@id":"https:\/\/dev.explora.cl\/aricayparinacota\/avifauna-costera-de-arica-fue-afectada-por-mortandad-de-el-nino-2\/#primaryimage"},"thumbnailUrl":"https:\/\/dev.explora.cl\/aricayparinacota\/wp-content\/uploads\/sites\/2\/2018\/06\/0b6eb7b879847c2cc550d7af3034aa1c.jpg","articleSection":["Noticias"],"inLanguage":"es-CL","potentialAction":[{"@type":"CommentAction","name":"Comment","target":["https:\/\/dev.explora.cl\/aricayparinacota\/avifauna-costera-de-arica-fue-afectada-por-mortandad-de-el-nino-2\/#respond"]}]},{"@type":"WebPage","@id":"https:\/\/dev.explora.cl\/aricayparinacota\/avifauna-costera-de-arica-fue-afectada-por-mortandad-de-el-nino-2\/","url":"https:\/\/dev.explora.cl\/aricayparinacota\/avifauna-costera-de-arica-fue-afectada-por-mortandad-de-el-nino-2\/","name":"Avifauna costera de Arica fue afectada por mortandad de El Ni\u00f1o - Arica y Parinacota","isPartOf":{"@id":"https:\/\/dev.explora.cl\/aricayparinacota\/#website"},"primaryImageOfPage":{"@id":"https:\/\/dev.explora.cl\/aricayparinacota\/avifauna-costera-de-arica-fue-afectada-por-mortandad-de-el-nino-2\/#primaryimage"},"image":{"@id":"https:\/\/dev.explora.cl\/aricayparinacota\/avifauna-costera-de-arica-fue-afectada-por-mortandad-de-el-nino-2\/#primaryimage"},"thumbnailUrl":"https:\/\/dev.explora.cl\/aricayparinacota\/wp-content\/uploads\/sites\/2\/2018\/06\/0b6eb7b879847c2cc550d7af3034aa1c.jpg","datePublished":"2015-04-22T00:00:00+00:00","dateModified":"2019-05-09T21:14:02+00:00","breadcrumb":{"@id":"https:\/\/dev.explora.cl\/aricayparinacota\/avifauna-costera-de-arica-fue-afectada-por-mortandad-de-el-nino-2\/#breadcrumb"},"inLanguage":"es-CL","potentialAction":[{"@type":"ReadAction","target":["https:\/\/dev.explora.cl\/aricayparinacota\/avifauna-costera-de-arica-fue-afectada-por-mortandad-de-el-nino-2\/"]}]},{"@type":"ImageObject","inLanguage":"es-CL","@id":"https:\/\/dev.explora.cl\/aricayparinacota\/avifauna-costera-de-arica-fue-afectada-por-mortandad-de-el-nino-2\/#primaryimage","url":"https:\/\/dev.explora.cl\/aricayparinacota\/wp-content\/uploads\/sites\/2\/2018\/06\/0b6eb7b879847c2cc550d7af3034aa1c.jpg","contentUrl":"https:\/\/dev.explora.cl\/aricayparinacota\/wp-content\/uploads\/sites\/2\/2018\/06\/0b6eb7b879847c2cc550d7af3034aa1c.jpg","width":300,"height":144},{"@type":"BreadcrumbList","@id":"https:\/\/dev.explora.cl\/aricayparinacota\/avifauna-costera-de-arica-fue-afectada-por-mortandad-de-el-nino-2\/#breadcrumb","itemListElement":[{"@type":"ListItem","position":1,"name":"Portada","item":"https:\/\/dev.explora.cl\/aricayparinacota\/"},{"@type":"ListItem","position":2,"name":"Avifauna costera de Arica fue afectada por mortandad de El Ni\u00f1o"}]},{"@type":"WebSite","@id":"https:\/\/dev.explora.cl\/aricayparinacota\/#website","url":"https:\/\/dev.explora.cl\/aricayparinacota\/","name":"Arica y Parinacota","description":"Otro sitio m\u00e1s de dev.explora.cl","publisher":{"@id":"https:\/\/dev.explora.cl\/aricayparinacota\/#organization"},"potentialAction":[{"@type":"SearchAction","target":{"@type":"EntryPoint","urlTemplate":"https:\/\/dev.explora.cl\/aricayparinacota\/?s={search_term_string}"},"query-input":{"@type":"PropertyValueSpecification","valueRequired":true,"valueName":"search_term_string"}}],"inLanguage":"es-CL"},{"@type":"Organization","@id":"https:\/\/dev.explora.cl\/aricayparinacota\/#organization","name":"Arica y Parinacota","url":"https:\/\/dev.explora.cl\/aricayparinacota\/","logo":{"@type":"ImageObject","inLanguage":"es-CL","@id":"https:\/\/dev.explora.cl\/aricayparinacota\/#\/schema\/logo\/image\/","url":"https:\/\/dev.explora.cl\/aricayparinacota\/wp-content\/uploads\/sites\/2\/2020\/08\/cropped-nuevosa-logos-11.png","contentUrl":"https:\/\/dev.explora.cl\/aricayparinacota\/wp-content\/uploads\/sites\/2\/2020\/08\/cropped-nuevosa-logos-11.png","width":812,"height":937,"caption":"Arica y Parinacota"},"image":{"@id":"https:\/\/dev.explora.cl\/aricayparinacota\/#\/schema\/logo\/image\/"}},{"@type":"Person","@id":"https:\/\/dev.explora.cl\/aricayparinacota\/#\/schema\/person\/cb8349c13ea2d324080adf8480d7ba5d","name":"webman","image":{"@type":"ImageObject","inLanguage":"es-CL","@id":"https:\/\/dev.explora.cl\/aricayparinacota\/#\/schema\/person\/image\/","url":"https:\/\/secure.gravatar.com\/avatar\/eeff3c82f2c02f7177d13663b7e6f890e9a6a0647ce9bb29cae02dcb094c7312?s=96&d=mm&r=g","contentUrl":"https:\/\/secure.gravatar.com\/avatar\/eeff3c82f2c02f7177d13663b7e6f890e9a6a0647ce9bb29cae02dcb094c7312?s=96&d=mm&r=g","caption":"webman"},"url":"https:\/\/dev.explora.cl\/aricayparinacota\/author\/webman\/"}]}},"_links":{"self":[{"href":"https:\/\/dev.explora.cl\/aricayparinacota\/wp-json\/wp\/v2\/posts\/32017","targetHints":{"allow":["GET"]}}],"collection":[{"href":"https:\/\/dev.explora.cl\/aricayparinacota\/wp-json\/wp\/v2\/posts"}],"about":[{"href":"https:\/\/dev.explora.cl\/aricayparinacota\/wp-json\/wp\/v2\/types\/post"}],"author":[{"embeddable":true,"href":"https:\/\/dev.explora.cl\/aricayparinacota\/wp-json\/wp\/v2\/users\/2"}],"replies":[{"embeddable":true,"href":"https:\/\/dev.explora.cl\/aricayparinacota\/wp-json\/wp\/v2\/comments?post=32017"}],"version-history":[{"count":1,"href":"https:\/\/dev.explora.cl\/aricayparinacota\/wp-json\/wp\/v2\/posts\/32017\/revisions"}],"predecessor-version":[{"id":32970,"href":"https:\/\/dev.explora.cl\/aricayparinacota\/wp-json\/wp\/v2\/posts\/32017\/revisions\/32970"}],"wp:featuredmedia":[{"embeddable":true,"href":"https:\/\/dev.explora.cl\/aricayparinacota\/wp-json\/wp\/v2\/media\/32018"}],"wp:attachment":[{"href":"https:\/\/dev.explora.cl\/aricayparinacota\/wp-json\/wp\/v2\/media?parent=32017"}],"wp:term":[{"taxonomy":"category","embeddable":true,"href":"https:\/\/dev.explora.cl\/aricayparinacota\/wp-json\/wp\/v2\/categories?post=32017"},{"taxonomy":"post_tag","embeddable":true,"href":"https:\/\/dev.explora.cl\/aricayparinacota\/wp-json\/wp\/v2\/tags?post=32017"}],"curies":[{"name":"wp","href":"https:\/\/api.w.org\/{rel}","templated":true}]}}