{"id":32015,"date":"2015-04-22T00:00:00","date_gmt":"2015-04-22T00:00:00","guid":{"rendered":"https:\/\/dev.explora.cl\/aricayparinacota\/blog\/2015\/04\/22\/la-apuesta-para-aliviar-la-escasez-de-electricidad-con-energia-renovable-2\/"},"modified":"2019-05-09T21:13:55","modified_gmt":"2019-05-09T21:13:55","slug":"la-apuesta-para-aliviar-la-escasez-de-electricidad-con-energia-renovable-2","status":"publish","type":"post","link":"https:\/\/dev.explora.cl\/aricayparinacota\/la-apuesta-para-aliviar-la-escasez-de-electricidad-con-energia-renovable-2\/","title":{"rendered":"La apuesta para aliviar la escasez de electricidad con Energ\u00eda Renovable"},"content":{"rendered":"<p><img loading=\"lazy\" decoding=\"async\" class=\" size-full wp-image-10361\" src=\"http:\/\/ec2-34-218-253-251.us-west-2.compute.amazonaws.com\/wp-content\/uploads\/2015\/04\/c9a664ed7e4a036aaf2b8563a5e3165c.jpg\" alt=\"\" width=\"300\" height=\"185\" \/><\/p>\n<p>El gobierno afina detalles para la construcci\u00f3n de una l\u00ednea de transmisi\u00f3n de 3.000 kil\u00f3metros, para conectar la red con plantas\u00a0renovables en el norte grande para 2017.<\/p>\n<p>El ministro de Energ\u00eda M\u00e1ximo Pacheco asegur\u00f3 que firmar\u00e1 un decreto este jueves para aprobar las interconexiones, que incluyen la l\u00ednea de transmisi\u00f3n, y que costar\u00e1 unos mil millones de d\u00f3lares.<\/p>\n<p>Eso ayudar\u00e1 a dar rienda suelta a la producci\u00f3n de 44 plantas de energ\u00eda que se han abierto recientemente o que siguen en desarrollo, que incluye parques solares y e\u00f3licos, y que representan casi el doble del n\u00famero que se construy\u00f3 hace m\u00e1s de un a\u00f1o en la zona.<\/p>\n<p>La falta de desarrollo de proyectos y nuevas alternativas hizo que los precios de la energ\u00eda subieran hasta un 30 por ciento en los \u00faltimos cinco a\u00f1os en el pa\u00eds.<\/p>\n<p>&#8220;Nosotros siempre queremos m\u00e1s, pero esto es un buen comienzo&#8221;, dijo el ministro Pacheco en una entrevista el martes en la conferencia de Bloomberg New Energy Finance en Nueva York.\u00a0<\/p>\n<p>&#8220;A finales de 2025, vamos a tener un 20 por ciento (de la matriz) en energ\u00edas renovables, de la que me siento muy confiado&#8221;, agreg\u00f3.<\/p>\n<p>Este paso har\u00eda que Chile se transforme en el mayor productor de energ\u00eda renovable no convencional en Am\u00e9rica Latina, definici\u00f3n que excluye a las grandes represas hidroel\u00e9ctricas.<\/p>\n<p>El pa\u00eds se conectar\u00e1 741 megavatios de energ\u00eda solar a la red este a\u00f1o y continuar\u00e1 impulsando las instalaciones en 2016, antes de estabilizarse en 2017, dijo Lilian Alves, un analista con sede en Sao Paulo por Bloomberg New Energy Finance.<\/p>\n<p>Fuente: <span style=\"color: #0000ff\"><a href=\"http:\/\/www.elmostradormercados.cl\/destacados\/la-apuesta-del-ministro-pacheco-para-aliviar-la-escasez-de-electricidad-con-energia-renovables\/\" target=\"_blank\" rel=\"noopener noreferrer\"><span style=\"color: #0000ff\">El Mostrador\u00a0<\/span><\/a><\/span><\/p>\n","protected":false},"excerpt":{"rendered":"<p>El gobierno afina detalles para la construcci\u00f3n de una l\u00ednea de transmisi\u00f3n de 3.000 kil\u00f3metros, para conectar la red con plantas\u00a0renovables en el norte grande para 2017. El ministro de Energ\u00eda M\u00e1ximo Pacheco asegur\u00f3 que firmar\u00e1 un decreto este jueves para aprobar las interconexiones, que incluyen la l\u00ednea de transmisi\u00f3n, y que costar\u00e1 unos mil [&hellip;]<\/p>\n","protected":false},"author":2,"featured_media":32016,"comment_status":"open","ping_status":"open","sticky":false,"template":"","format":"standard","meta":{"_acf_changed":false,"_exactmetrics_skip_tracking":false,"_exactmetrics_sitenote_active":false,"_exactmetrics_sitenote_note":"","_exactmetrics_sitenote_category":0,"footnotes":"","_links_to":"","_links_to_target":""},"categories":[4],"tags":[],"class_list":["post-32015","post","type-post","status-publish","format-standard","has-post-thumbnail","hentry","category-noticias"],"acf":[],"yoast_head":"<!-- This site is optimized with the Yoast SEO plugin v26.7 - https:\/\/yoast.com\/wordpress\/plugins\/seo\/ -->\n<title>La apuesta para aliviar la escasez de electricidad con Energ\u00eda Renovable - Arica y Parinacota<\/title>\n<meta name=\"robots\" content=\"index, follow, max-snippet:-1, max-image-preview:large, max-video-preview:-1\" \/>\n<link rel=\"canonical\" href=\"https:\/\/dev.explora.cl\/aricayparinacota\/la-apuesta-para-aliviar-la-escasez-de-electricidad-con-energia-renovable-2\/\" class=\"yoast-seo-meta-tag\" \/>\n<meta property=\"og:locale\" content=\"es_ES\" class=\"yoast-seo-meta-tag\" \/>\n<meta property=\"og:type\" content=\"article\" class=\"yoast-seo-meta-tag\" \/>\n<meta property=\"og:title\" content=\"La apuesta para aliviar la escasez de electricidad con Energ\u00eda Renovable - Arica y Parinacota\" class=\"yoast-seo-meta-tag\" \/>\n<meta property=\"og:description\" content=\"El gobierno afina detalles para la construcci\u00f3n de una l\u00ednea de transmisi\u00f3n de 3.000 kil\u00f3metros, para conectar la red con plantas\u00a0renovables en el norte grande para 2017. El ministro de Energ\u00eda M\u00e1ximo Pacheco asegur\u00f3 que firmar\u00e1 un decreto este jueves para aprobar las interconexiones, que incluyen la l\u00ednea de transmisi\u00f3n, y que costar\u00e1 unos mil [&hellip;]\" class=\"yoast-seo-meta-tag\" \/>\n<meta property=\"og:url\" content=\"https:\/\/dev.explora.cl\/aricayparinacota\/la-apuesta-para-aliviar-la-escasez-de-electricidad-con-energia-renovable-2\/\" class=\"yoast-seo-meta-tag\" \/>\n<meta property=\"og:site_name\" content=\"Arica y Parinacota\" class=\"yoast-seo-meta-tag\" \/>\n<meta property=\"article:published_time\" content=\"2015-04-22T00:00:00+00:00\" class=\"yoast-seo-meta-tag\" \/>\n<meta property=\"article:modified_time\" content=\"2019-05-09T21:13:55+00:00\" class=\"yoast-seo-meta-tag\" \/>\n<meta property=\"og:image\" content=\"https:\/\/dev.explora.cl\/aricayparinacota\/wp-content\/uploads\/sites\/2\/2018\/06\/c9a664ed7e4a036aaf2b8563a5e3165c.jpg\" class=\"yoast-seo-meta-tag\" \/>\n\t<meta property=\"og:image:width\" content=\"300\" class=\"yoast-seo-meta-tag\" \/>\n\t<meta property=\"og:image:height\" content=\"185\" class=\"yoast-seo-meta-tag\" \/>\n\t<meta property=\"og:image:type\" content=\"image\/jpeg\" class=\"yoast-seo-meta-tag\" \/>\n<meta name=\"author\" content=\"webman\" class=\"yoast-seo-meta-tag\" \/>\n<meta name=\"twitter:card\" content=\"summary_large_image\" class=\"yoast-seo-meta-tag\" \/>\n<meta name=\"twitter:label1\" content=\"Escrito por\" class=\"yoast-seo-meta-tag\" \/>\n\t<meta name=\"twitter:data1\" content=\"webman\" class=\"yoast-seo-meta-tag\" \/>\n\t<meta name=\"twitter:label2\" content=\"Tiempo estimado de lectura\" class=\"yoast-seo-meta-tag\" \/>\n\t<meta name=\"twitter:data2\" content=\"1 minuto\" class=\"yoast-seo-meta-tag\" \/>\n<script type=\"application\/ld+json\" class=\"yoast-schema-graph\">{\"@context\":\"https:\/\/schema.org\",\"@graph\":[{\"@type\":\"Article\",\"@id\":\"https:\/\/dev.explora.cl\/aricayparinacota\/la-apuesta-para-aliviar-la-escasez-de-electricidad-con-energia-renovable-2\/#article\",\"isPartOf\":{\"@id\":\"https:\/\/dev.explora.cl\/aricayparinacota\/la-apuesta-para-aliviar-la-escasez-de-electricidad-con-energia-renovable-2\/\"},\"author\":{\"name\":\"webman\",\"@id\":\"https:\/\/dev.explora.cl\/aricayparinacota\/#\/schema\/person\/cb8349c13ea2d324080adf8480d7ba5d\"},\"headline\":\"La apuesta para aliviar la escasez de electricidad con Energ\u00eda Renovable\",\"datePublished\":\"2015-04-22T00:00:00+00:00\",\"dateModified\":\"2019-05-09T21:13:55+00:00\",\"mainEntityOfPage\":{\"@id\":\"https:\/\/dev.explora.cl\/aricayparinacota\/la-apuesta-para-aliviar-la-escasez-de-electricidad-con-energia-renovable-2\/\"},\"wordCount\":295,\"commentCount\":0,\"publisher\":{\"@id\":\"https:\/\/dev.explora.cl\/aricayparinacota\/#organization\"},\"image\":{\"@id\":\"https:\/\/dev.explora.cl\/aricayparinacota\/la-apuesta-para-aliviar-la-escasez-de-electricidad-con-energia-renovable-2\/#primaryimage\"},\"thumbnailUrl\":\"https:\/\/dev.explora.cl\/aricayparinacota\/wp-content\/uploads\/sites\/2\/2018\/06\/c9a664ed7e4a036aaf2b8563a5e3165c.jpg\",\"articleSection\":[\"Noticias\"],\"inLanguage\":\"es-CL\",\"potentialAction\":[{\"@type\":\"CommentAction\",\"name\":\"Comment\",\"target\":[\"https:\/\/dev.explora.cl\/aricayparinacota\/la-apuesta-para-aliviar-la-escasez-de-electricidad-con-energia-renovable-2\/#respond\"]}]},{\"@type\":\"WebPage\",\"@id\":\"https:\/\/dev.explora.cl\/aricayparinacota\/la-apuesta-para-aliviar-la-escasez-de-electricidad-con-energia-renovable-2\/\",\"url\":\"https:\/\/dev.explora.cl\/aricayparinacota\/la-apuesta-para-aliviar-la-escasez-de-electricidad-con-energia-renovable-2\/\",\"name\":\"La apuesta para aliviar la escasez de electricidad con Energ\u00eda Renovable - Arica y Parinacota\",\"isPartOf\":{\"@id\":\"https:\/\/dev.explora.cl\/aricayparinacota\/#website\"},\"primaryImageOfPage\":{\"@id\":\"https:\/\/dev.explora.cl\/aricayparinacota\/la-apuesta-para-aliviar-la-escasez-de-electricidad-con-energia-renovable-2\/#primaryimage\"},\"image\":{\"@id\":\"https:\/\/dev.explora.cl\/aricayparinacota\/la-apuesta-para-aliviar-la-escasez-de-electricidad-con-energia-renovable-2\/#primaryimage\"},\"thumbnailUrl\":\"https:\/\/dev.explora.cl\/aricayparinacota\/wp-content\/uploads\/sites\/2\/2018\/06\/c9a664ed7e4a036aaf2b8563a5e3165c.jpg\",\"datePublished\":\"2015-04-22T00:00:00+00:00\",\"dateModified\":\"2019-05-09T21:13:55+00:00\",\"breadcrumb\":{\"@id\":\"https:\/\/dev.explora.cl\/aricayparinacota\/la-apuesta-para-aliviar-la-escasez-de-electricidad-con-energia-renovable-2\/#breadcrumb\"},\"inLanguage\":\"es-CL\",\"potentialAction\":[{\"@type\":\"ReadAction\",\"target\":[\"https:\/\/dev.explora.cl\/aricayparinacota\/la-apuesta-para-aliviar-la-escasez-de-electricidad-con-energia-renovable-2\/\"]}]},{\"@type\":\"ImageObject\",\"inLanguage\":\"es-CL\",\"@id\":\"https:\/\/dev.explora.cl\/aricayparinacota\/la-apuesta-para-aliviar-la-escasez-de-electricidad-con-energia-renovable-2\/#primaryimage\",\"url\":\"https:\/\/dev.explora.cl\/aricayparinacota\/wp-content\/uploads\/sites\/2\/2018\/06\/c9a664ed7e4a036aaf2b8563a5e3165c.jpg\",\"contentUrl\":\"https:\/\/dev.explora.cl\/aricayparinacota\/wp-content\/uploads\/sites\/2\/2018\/06\/c9a664ed7e4a036aaf2b8563a5e3165c.jpg\",\"width\":300,\"height\":185},{\"@type\":\"BreadcrumbList\",\"@id\":\"https:\/\/dev.explora.cl\/aricayparinacota\/la-apuesta-para-aliviar-la-escasez-de-electricidad-con-energia-renovable-2\/#breadcrumb\",\"itemListElement\":[{\"@type\":\"ListItem\",\"position\":1,\"name\":\"Portada\",\"item\":\"https:\/\/dev.explora.cl\/aricayparinacota\/\"},{\"@type\":\"ListItem\",\"position\":2,\"name\":\"La apuesta para aliviar la escasez de electricidad con Energ\u00eda Renovable\"}]},{\"@type\":\"WebSite\",\"@id\":\"https:\/\/dev.explora.cl\/aricayparinacota\/#website\",\"url\":\"https:\/\/dev.explora.cl\/aricayparinacota\/\",\"name\":\"Arica y Parinacota\",\"description\":\"Otro sitio m\u00e1s de dev.explora.cl\",\"publisher\":{\"@id\":\"https:\/\/dev.explora.cl\/aricayparinacota\/#organization\"},\"potentialAction\":[{\"@type\":\"SearchAction\",\"target\":{\"@type\":\"EntryPoint\",\"urlTemplate\":\"https:\/\/dev.explora.cl\/aricayparinacota\/?s={search_term_string}\"},\"query-input\":{\"@type\":\"PropertyValueSpecification\",\"valueRequired\":true,\"valueName\":\"search_term_string\"}}],\"inLanguage\":\"es-CL\"},{\"@type\":\"Organization\",\"@id\":\"https:\/\/dev.explora.cl\/aricayparinacota\/#organization\",\"name\":\"Arica y Parinacota\",\"url\":\"https:\/\/dev.explora.cl\/aricayparinacota\/\",\"logo\":{\"@type\":\"ImageObject\",\"inLanguage\":\"es-CL\",\"@id\":\"https:\/\/dev.explora.cl\/aricayparinacota\/#\/schema\/logo\/image\/\",\"url\":\"https:\/\/dev.explora.cl\/aricayparinacota\/wp-content\/uploads\/sites\/2\/2020\/08\/cropped-nuevosa-logos-11.png\",\"contentUrl\":\"https:\/\/dev.explora.cl\/aricayparinacota\/wp-content\/uploads\/sites\/2\/2020\/08\/cropped-nuevosa-logos-11.png\",\"width\":812,\"height\":937,\"caption\":\"Arica y Parinacota\"},\"image\":{\"@id\":\"https:\/\/dev.explora.cl\/aricayparinacota\/#\/schema\/logo\/image\/\"}},{\"@type\":\"Person\",\"@id\":\"https:\/\/dev.explora.cl\/aricayparinacota\/#\/schema\/person\/cb8349c13ea2d324080adf8480d7ba5d\",\"name\":\"webman\",\"image\":{\"@type\":\"ImageObject\",\"inLanguage\":\"es-CL\",\"@id\":\"https:\/\/dev.explora.cl\/aricayparinacota\/#\/schema\/person\/image\/\",\"url\":\"https:\/\/secure.gravatar.com\/avatar\/eeff3c82f2c02f7177d13663b7e6f890e9a6a0647ce9bb29cae02dcb094c7312?s=96&d=mm&r=g\",\"contentUrl\":\"https:\/\/secure.gravatar.com\/avatar\/eeff3c82f2c02f7177d13663b7e6f890e9a6a0647ce9bb29cae02dcb094c7312?s=96&d=mm&r=g\",\"caption\":\"webman\"},\"url\":\"https:\/\/dev.explora.cl\/aricayparinacota\/author\/webman\/\"}]}<\/script>\n<!-- \/ Yoast SEO plugin. -->","yoast_head_json":{"title":"La apuesta para aliviar la escasez de electricidad con Energ\u00eda Renovable - Arica y Parinacota","robots":{"index":"index","follow":"follow","max-snippet":"max-snippet:-1","max-image-preview":"max-image-preview:large","max-video-preview":"max-video-preview:-1"},"canonical":"https:\/\/dev.explora.cl\/aricayparinacota\/la-apuesta-para-aliviar-la-escasez-de-electricidad-con-energia-renovable-2\/","og_locale":"es_ES","og_type":"article","og_title":"La apuesta para aliviar la escasez de electricidad con Energ\u00eda Renovable - Arica y Parinacota","og_description":"El gobierno afina detalles para la construcci\u00f3n de una l\u00ednea de transmisi\u00f3n de 3.000 kil\u00f3metros, para conectar la red con plantas\u00a0renovables en el norte grande para 2017. El ministro de Energ\u00eda M\u00e1ximo Pacheco asegur\u00f3 que firmar\u00e1 un decreto este jueves para aprobar las interconexiones, que incluyen la l\u00ednea de transmisi\u00f3n, y que costar\u00e1 unos mil [&hellip;]","og_url":"https:\/\/dev.explora.cl\/aricayparinacota\/la-apuesta-para-aliviar-la-escasez-de-electricidad-con-energia-renovable-2\/","og_site_name":"Arica y Parinacota","article_published_time":"2015-04-22T00:00:00+00:00","article_modified_time":"2019-05-09T21:13:55+00:00","og_image":[{"width":300,"height":185,"url":"https:\/\/dev.explora.cl\/aricayparinacota\/wp-content\/uploads\/sites\/2\/2018\/06\/c9a664ed7e4a036aaf2b8563a5e3165c.jpg","type":"image\/jpeg"}],"author":"webman","twitter_card":"summary_large_image","twitter_misc":{"Escrito por":"webman","Tiempo estimado de lectura":"1 minuto"},"schema":{"@context":"https:\/\/schema.org","@graph":[{"@type":"Article","@id":"https:\/\/dev.explora.cl\/aricayparinacota\/la-apuesta-para-aliviar-la-escasez-de-electricidad-con-energia-renovable-2\/#article","isPartOf":{"@id":"https:\/\/dev.explora.cl\/aricayparinacota\/la-apuesta-para-aliviar-la-escasez-de-electricidad-con-energia-renovable-2\/"},"author":{"name":"webman","@id":"https:\/\/dev.explora.cl\/aricayparinacota\/#\/schema\/person\/cb8349c13ea2d324080adf8480d7ba5d"},"headline":"La apuesta para aliviar la escasez de electricidad con Energ\u00eda Renovable","datePublished":"2015-04-22T00:00:00+00:00","dateModified":"2019-05-09T21:13:55+00:00","mainEntityOfPage":{"@id":"https:\/\/dev.explora.cl\/aricayparinacota\/la-apuesta-para-aliviar-la-escasez-de-electricidad-con-energia-renovable-2\/"},"wordCount":295,"commentCount":0,"publisher":{"@id":"https:\/\/dev.explora.cl\/aricayparinacota\/#organization"},"image":{"@id":"https:\/\/dev.explora.cl\/aricayparinacota\/la-apuesta-para-aliviar-la-escasez-de-electricidad-con-energia-renovable-2\/#primaryimage"},"thumbnailUrl":"https:\/\/dev.explora.cl\/aricayparinacota\/wp-content\/uploads\/sites\/2\/2018\/06\/c9a664ed7e4a036aaf2b8563a5e3165c.jpg","articleSection":["Noticias"],"inLanguage":"es-CL","potentialAction":[{"@type":"CommentAction","name":"Comment","target":["https:\/\/dev.explora.cl\/aricayparinacota\/la-apuesta-para-aliviar-la-escasez-de-electricidad-con-energia-renovable-2\/#respond"]}]},{"@type":"WebPage","@id":"https:\/\/dev.explora.cl\/aricayparinacota\/la-apuesta-para-aliviar-la-escasez-de-electricidad-con-energia-renovable-2\/","url":"https:\/\/dev.explora.cl\/aricayparinacota\/la-apuesta-para-aliviar-la-escasez-de-electricidad-con-energia-renovable-2\/","name":"La apuesta para aliviar la escasez de electricidad con Energ\u00eda Renovable - Arica y Parinacota","isPartOf":{"@id":"https:\/\/dev.explora.cl\/aricayparinacota\/#website"},"primaryImageOfPage":{"@id":"https:\/\/dev.explora.cl\/aricayparinacota\/la-apuesta-para-aliviar-la-escasez-de-electricidad-con-energia-renovable-2\/#primaryimage"},"image":{"@id":"https:\/\/dev.explora.cl\/aricayparinacota\/la-apuesta-para-aliviar-la-escasez-de-electricidad-con-energia-renovable-2\/#primaryimage"},"thumbnailUrl":"https:\/\/dev.explora.cl\/aricayparinacota\/wp-content\/uploads\/sites\/2\/2018\/06\/c9a664ed7e4a036aaf2b8563a5e3165c.jpg","datePublished":"2015-04-22T00:00:00+00:00","dateModified":"2019-05-09T21:13:55+00:00","breadcrumb":{"@id":"https:\/\/dev.explora.cl\/aricayparinacota\/la-apuesta-para-aliviar-la-escasez-de-electricidad-con-energia-renovable-2\/#breadcrumb"},"inLanguage":"es-CL","potentialAction":[{"@type":"ReadAction","target":["https:\/\/dev.explora.cl\/aricayparinacota\/la-apuesta-para-aliviar-la-escasez-de-electricidad-con-energia-renovable-2\/"]}]},{"@type":"ImageObject","inLanguage":"es-CL","@id":"https:\/\/dev.explora.cl\/aricayparinacota\/la-apuesta-para-aliviar-la-escasez-de-electricidad-con-energia-renovable-2\/#primaryimage","url":"https:\/\/dev.explora.cl\/aricayparinacota\/wp-content\/uploads\/sites\/2\/2018\/06\/c9a664ed7e4a036aaf2b8563a5e3165c.jpg","contentUrl":"https:\/\/dev.explora.cl\/aricayparinacota\/wp-content\/uploads\/sites\/2\/2018\/06\/c9a664ed7e4a036aaf2b8563a5e3165c.jpg","width":300,"height":185},{"@type":"BreadcrumbList","@id":"https:\/\/dev.explora.cl\/aricayparinacota\/la-apuesta-para-aliviar-la-escasez-de-electricidad-con-energia-renovable-2\/#breadcrumb","itemListElement":[{"@type":"ListItem","position":1,"name":"Portada","item":"https:\/\/dev.explora.cl\/aricayparinacota\/"},{"@type":"ListItem","position":2,"name":"La apuesta para aliviar la escasez de electricidad con Energ\u00eda Renovable"}]},{"@type":"WebSite","@id":"https:\/\/dev.explora.cl\/aricayparinacota\/#website","url":"https:\/\/dev.explora.cl\/aricayparinacota\/","name":"Arica y Parinacota","description":"Otro sitio m\u00e1s de dev.explora.cl","publisher":{"@id":"https:\/\/dev.explora.cl\/aricayparinacota\/#organization"},"potentialAction":[{"@type":"SearchAction","target":{"@type":"EntryPoint","urlTemplate":"https:\/\/dev.explora.cl\/aricayparinacota\/?s={search_term_string}"},"query-input":{"@type":"PropertyValueSpecification","valueRequired":true,"valueName":"search_term_string"}}],"inLanguage":"es-CL"},{"@type":"Organization","@id":"https:\/\/dev.explora.cl\/aricayparinacota\/#organization","name":"Arica y Parinacota","url":"https:\/\/dev.explora.cl\/aricayparinacota\/","logo":{"@type":"ImageObject","inLanguage":"es-CL","@id":"https:\/\/dev.explora.cl\/aricayparinacota\/#\/schema\/logo\/image\/","url":"https:\/\/dev.explora.cl\/aricayparinacota\/wp-content\/uploads\/sites\/2\/2020\/08\/cropped-nuevosa-logos-11.png","contentUrl":"https:\/\/dev.explora.cl\/aricayparinacota\/wp-content\/uploads\/sites\/2\/2020\/08\/cropped-nuevosa-logos-11.png","width":812,"height":937,"caption":"Arica y Parinacota"},"image":{"@id":"https:\/\/dev.explora.cl\/aricayparinacota\/#\/schema\/logo\/image\/"}},{"@type":"Person","@id":"https:\/\/dev.explora.cl\/aricayparinacota\/#\/schema\/person\/cb8349c13ea2d324080adf8480d7ba5d","name":"webman","image":{"@type":"ImageObject","inLanguage":"es-CL","@id":"https:\/\/dev.explora.cl\/aricayparinacota\/#\/schema\/person\/image\/","url":"https:\/\/secure.gravatar.com\/avatar\/eeff3c82f2c02f7177d13663b7e6f890e9a6a0647ce9bb29cae02dcb094c7312?s=96&d=mm&r=g","contentUrl":"https:\/\/secure.gravatar.com\/avatar\/eeff3c82f2c02f7177d13663b7e6f890e9a6a0647ce9bb29cae02dcb094c7312?s=96&d=mm&r=g","caption":"webman"},"url":"https:\/\/dev.explora.cl\/aricayparinacota\/author\/webman\/"}]}},"_links":{"self":[{"href":"https:\/\/dev.explora.cl\/aricayparinacota\/wp-json\/wp\/v2\/posts\/32015","targetHints":{"allow":["GET"]}}],"collection":[{"href":"https:\/\/dev.explora.cl\/aricayparinacota\/wp-json\/wp\/v2\/posts"}],"about":[{"href":"https:\/\/dev.explora.cl\/aricayparinacota\/wp-json\/wp\/v2\/types\/post"}],"author":[{"embeddable":true,"href":"https:\/\/dev.explora.cl\/aricayparinacota\/wp-json\/wp\/v2\/users\/2"}],"replies":[{"embeddable":true,"href":"https:\/\/dev.explora.cl\/aricayparinacota\/wp-json\/wp\/v2\/comments?post=32015"}],"version-history":[{"count":1,"href":"https:\/\/dev.explora.cl\/aricayparinacota\/wp-json\/wp\/v2\/posts\/32015\/revisions"}],"predecessor-version":[{"id":32972,"href":"https:\/\/dev.explora.cl\/aricayparinacota\/wp-json\/wp\/v2\/posts\/32015\/revisions\/32972"}],"wp:featuredmedia":[{"embeddable":true,"href":"https:\/\/dev.explora.cl\/aricayparinacota\/wp-json\/wp\/v2\/media\/32016"}],"wp:attachment":[{"href":"https:\/\/dev.explora.cl\/aricayparinacota\/wp-json\/wp\/v2\/media?parent=32015"}],"wp:term":[{"taxonomy":"category","embeddable":true,"href":"https:\/\/dev.explora.cl\/aricayparinacota\/wp-json\/wp\/v2\/categories?post=32015"},{"taxonomy":"post_tag","embeddable":true,"href":"https:\/\/dev.explora.cl\/aricayparinacota\/wp-json\/wp\/v2\/tags?post=32015"}],"curies":[{"name":"wp","href":"https:\/\/api.w.org\/{rel}","templated":true}]}}