{"id":32013,"date":"2015-04-07T00:00:00","date_gmt":"2015-04-07T00:00:00","guid":{"rendered":"https:\/\/dev.explora.cl\/aricayparinacota\/blog\/2015\/04\/07\/chile-tendra-su-propia-fiesta-de-los-robots-1\/"},"modified":"2019-05-09T21:14:26","modified_gmt":"2019-05-09T21:14:26","slug":"chile-tendra-su-propia-fiesta-de-los-robots-1","status":"publish","type":"post","link":"https:\/\/dev.explora.cl\/aricayparinacota\/chile-tendra-su-propia-fiesta-de-los-robots-1\/","title":{"rendered":"Chile tendr\u00e1 su propia fiesta de los robots"},"content":{"rendered":"<p><img loading=\"lazy\" decoding=\"async\" class=\" size-full wp-image-10028\" src=\"http:\/\/ec2-34-218-253-251.us-west-2.compute.amazonaws.com\/wp-content\/uploads\/2015\/04\/b065124cef5ae6971e0fd77ff3665214.jpg\" alt=\"\" width=\"300\" height=\"169\" \/><\/p>\n<div>Los robots est\u00e1n presentes en muchos aspectos de la sociedad, en pel\u00edculas, comics y dibujos animados; siempre como algo incre\u00edble. Pero, gracias a la ciencia, hoy tener un robot que ayude en casa ya no es algo descabellado. Esto es lo que el programa Start-Up Chile de Corfo junto a un grupo multinacional de emprendedores \u2013miembros del programa\u2013 quieren mostrar a los chilenos a trav\u00e9s del \u201cRobotics Day&#8221;.<br \/> \u00a0\u00a0<\/div>\n<div>Con el desaf\u00edo de democratizar el acceso a la alta tecnolog\u00eda, desmitificar los usos cotidianos de los robots, acercar la rob\u00f3tica a las personas como una oportunidad de mejorar nuestras vidas; este colectivo de emprendedores generar\u00e1 un espacio para ir a escuchar, conversar y experimentar -con los expertos- los beneficios de esta tecnolog\u00eda avanzada.<\/div>\n<div>\u00a0<\/div>\n<div>\u201cRobotics Day\u201d tendr\u00e1 una duraci\u00f3n de tres d\u00edas, entre el 17 y 19 de abril y ofrecer\u00e1 una serie de panoramas a ni\u00f1os y adultos, con charlas gratuitas de los principales investigadores y desarrolladores de rob\u00f3tica del mundo; talleres para aprender a escribir c\u00f3digo; workshops para construir tu propio robot en un d\u00eda y la oportunidad de interactuar con decenas de los androides m\u00e1s avanzados del planeta.<\/div>\n<div>\u00a0<\/div>\n<div>Robotics Day se desarrollar\u00e1 en el nuevo campus de la Facultad de F\u00edsica, Ciencias y Matem\u00e1ticas (FCFM, Beauchef 851) de la Universidad de Chile, con actividades que se desarrollar\u00e1n entre las 09:30 y 18.00 horas. En particular, los expositores y los partners presentes mostrar\u00e1n los principales desarrollos de la rob\u00f3tica aplicada al mundo \u201creal\u201d, a todo quien asista al evento.<\/div>\n<div>\u00a0<\/div>\n<div>Est\u00e1n confirmados panelistas provenientes de Estados Unidos y diferentes puntos de Latinoam\u00e9rica, como Miguel San Mart\u00edn, cient\u00edfico de la NASA a cargo de la misi\u00f3n del Pathfinder a Marte; el doctor Pablo Garc\u00eda, de SRI Internacional, uno de los principales centros de desarrollo rob\u00f3tico del mundo; y Bart Remes, el cient\u00edfico y desarrollador detr\u00e1s del TuDelft (veh\u00edculo a\u00e9reo espacial), entre otros; quienes dar\u00e1n vida a las charlas magnas, siempre en un lenguaje simple y claro, para que todas las personas se integren al mundo de la rob\u00f3tica y las ventajas que puede traer a la vida diaria.\u00a0<\/div>\n<div>\u00a0<\/div>\n<div>M\u00e1s informaci\u00f3n:\u00a0<span style=\"color: #0000ff\"><a href=\"http:\/\/www.roboticsday.org\" target=\"_blank\" rel=\"noopener noreferrer\"><span style=\"color: #0000ff\">www.roboticsday.org<\/span><\/a><\/span><\/div>\n<div><span style=\"color: #0000ff\"><span style=\"color: #0000ff\"><span style=\"color: #333333\">Fuente:<\/span> <\/span><\/span><a href=\"http:\/\/www.corfo.cl\/sala-de-prensa\/noticias\/2015\/marzo-2015\/chile-tendra-su-propia-fiesta-de-los-robots\" target=\"_blank\" rel=\"noopener noreferrer\">Corfo.cl<\/a><\/div>\n","protected":false},"excerpt":{"rendered":"<p>Los robots est\u00e1n presentes en muchos aspectos de la sociedad, en pel\u00edculas, comics y dibujos animados; siempre como algo incre\u00edble. Pero, gracias a la ciencia, hoy tener un robot que ayude en casa ya no es algo descabellado. Esto es lo que el programa Start-Up Chile de Corfo junto a un grupo multinacional de emprendedores [&hellip;]<\/p>\n","protected":false},"author":2,"featured_media":32014,"comment_status":"open","ping_status":"open","sticky":false,"template":"","format":"standard","meta":{"_acf_changed":false,"_exactmetrics_skip_tracking":false,"_exactmetrics_sitenote_active":false,"_exactmetrics_sitenote_note":"","_exactmetrics_sitenote_category":0,"footnotes":"","_links_to":"","_links_to_target":""},"categories":[4],"tags":[],"class_list":["post-32013","post","type-post","status-publish","format-standard","has-post-thumbnail","hentry","category-noticias"],"acf":[],"yoast_head":"<!-- This site is optimized with the Yoast SEO plugin v26.7 - https:\/\/yoast.com\/wordpress\/plugins\/seo\/ -->\n<title>Chile tendr\u00e1 su propia fiesta de los robots - Arica y Parinacota<\/title>\n<meta name=\"robots\" content=\"index, follow, max-snippet:-1, max-image-preview:large, max-video-preview:-1\" \/>\n<link rel=\"canonical\" href=\"https:\/\/dev.explora.cl\/aricayparinacota\/chile-tendra-su-propia-fiesta-de-los-robots-1\/\" class=\"yoast-seo-meta-tag\" \/>\n<meta property=\"og:locale\" content=\"es_ES\" class=\"yoast-seo-meta-tag\" \/>\n<meta property=\"og:type\" content=\"article\" class=\"yoast-seo-meta-tag\" \/>\n<meta property=\"og:title\" content=\"Chile tendr\u00e1 su propia fiesta de los robots - Arica y Parinacota\" class=\"yoast-seo-meta-tag\" \/>\n<meta property=\"og:description\" content=\"Los robots est\u00e1n presentes en muchos aspectos de la sociedad, en pel\u00edculas, comics y dibujos animados; siempre como algo incre\u00edble. Pero, gracias a la ciencia, hoy tener un robot que ayude en casa ya no es algo descabellado. Esto es lo que el programa Start-Up Chile de Corfo junto a un grupo multinacional de emprendedores [&hellip;]\" class=\"yoast-seo-meta-tag\" \/>\n<meta property=\"og:url\" content=\"https:\/\/dev.explora.cl\/aricayparinacota\/chile-tendra-su-propia-fiesta-de-los-robots-1\/\" class=\"yoast-seo-meta-tag\" \/>\n<meta property=\"og:site_name\" content=\"Arica y Parinacota\" class=\"yoast-seo-meta-tag\" \/>\n<meta property=\"article:published_time\" content=\"2015-04-07T00:00:00+00:00\" class=\"yoast-seo-meta-tag\" \/>\n<meta property=\"article:modified_time\" content=\"2019-05-09T21:14:26+00:00\" class=\"yoast-seo-meta-tag\" \/>\n<meta property=\"og:image\" content=\"https:\/\/dev.explora.cl\/aricayparinacota\/wp-content\/uploads\/sites\/2\/2018\/06\/b065124cef5ae6971e0fd77ff3665214.jpg\" class=\"yoast-seo-meta-tag\" \/>\n\t<meta property=\"og:image:width\" content=\"300\" class=\"yoast-seo-meta-tag\" \/>\n\t<meta property=\"og:image:height\" content=\"169\" class=\"yoast-seo-meta-tag\" \/>\n\t<meta property=\"og:image:type\" content=\"image\/jpeg\" class=\"yoast-seo-meta-tag\" \/>\n<meta name=\"author\" content=\"webman\" class=\"yoast-seo-meta-tag\" \/>\n<meta name=\"twitter:card\" content=\"summary_large_image\" class=\"yoast-seo-meta-tag\" \/>\n<meta name=\"twitter:label1\" content=\"Escrito por\" class=\"yoast-seo-meta-tag\" \/>\n\t<meta name=\"twitter:data1\" content=\"webman\" class=\"yoast-seo-meta-tag\" \/>\n\t<meta name=\"twitter:label2\" content=\"Tiempo estimado de lectura\" class=\"yoast-seo-meta-tag\" \/>\n\t<meta name=\"twitter:data2\" content=\"2 minutos\" class=\"yoast-seo-meta-tag\" \/>\n<script type=\"application\/ld+json\" class=\"yoast-schema-graph\">{\"@context\":\"https:\/\/schema.org\",\"@graph\":[{\"@type\":\"Article\",\"@id\":\"https:\/\/dev.explora.cl\/aricayparinacota\/chile-tendra-su-propia-fiesta-de-los-robots-1\/#article\",\"isPartOf\":{\"@id\":\"https:\/\/dev.explora.cl\/aricayparinacota\/chile-tendra-su-propia-fiesta-de-los-robots-1\/\"},\"author\":{\"name\":\"webman\",\"@id\":\"https:\/\/dev.explora.cl\/aricayparinacota\/#\/schema\/person\/cb8349c13ea2d324080adf8480d7ba5d\"},\"headline\":\"Chile tendr\u00e1 su propia fiesta de los robots\",\"datePublished\":\"2015-04-07T00:00:00+00:00\",\"dateModified\":\"2019-05-09T21:14:26+00:00\",\"mainEntityOfPage\":{\"@id\":\"https:\/\/dev.explora.cl\/aricayparinacota\/chile-tendra-su-propia-fiesta-de-los-robots-1\/\"},\"wordCount\":392,\"commentCount\":0,\"publisher\":{\"@id\":\"https:\/\/dev.explora.cl\/aricayparinacota\/#organization\"},\"image\":{\"@id\":\"https:\/\/dev.explora.cl\/aricayparinacota\/chile-tendra-su-propia-fiesta-de-los-robots-1\/#primaryimage\"},\"thumbnailUrl\":\"https:\/\/dev.explora.cl\/aricayparinacota\/wp-content\/uploads\/sites\/2\/2018\/06\/b065124cef5ae6971e0fd77ff3665214.jpg\",\"articleSection\":[\"Noticias\"],\"inLanguage\":\"es-CL\",\"potentialAction\":[{\"@type\":\"CommentAction\",\"name\":\"Comment\",\"target\":[\"https:\/\/dev.explora.cl\/aricayparinacota\/chile-tendra-su-propia-fiesta-de-los-robots-1\/#respond\"]}]},{\"@type\":\"WebPage\",\"@id\":\"https:\/\/dev.explora.cl\/aricayparinacota\/chile-tendra-su-propia-fiesta-de-los-robots-1\/\",\"url\":\"https:\/\/dev.explora.cl\/aricayparinacota\/chile-tendra-su-propia-fiesta-de-los-robots-1\/\",\"name\":\"Chile tendr\u00e1 su propia fiesta de los robots - Arica y Parinacota\",\"isPartOf\":{\"@id\":\"https:\/\/dev.explora.cl\/aricayparinacota\/#website\"},\"primaryImageOfPage\":{\"@id\":\"https:\/\/dev.explora.cl\/aricayparinacota\/chile-tendra-su-propia-fiesta-de-los-robots-1\/#primaryimage\"},\"image\":{\"@id\":\"https:\/\/dev.explora.cl\/aricayparinacota\/chile-tendra-su-propia-fiesta-de-los-robots-1\/#primaryimage\"},\"thumbnailUrl\":\"https:\/\/dev.explora.cl\/aricayparinacota\/wp-content\/uploads\/sites\/2\/2018\/06\/b065124cef5ae6971e0fd77ff3665214.jpg\",\"datePublished\":\"2015-04-07T00:00:00+00:00\",\"dateModified\":\"2019-05-09T21:14:26+00:00\",\"breadcrumb\":{\"@id\":\"https:\/\/dev.explora.cl\/aricayparinacota\/chile-tendra-su-propia-fiesta-de-los-robots-1\/#breadcrumb\"},\"inLanguage\":\"es-CL\",\"potentialAction\":[{\"@type\":\"ReadAction\",\"target\":[\"https:\/\/dev.explora.cl\/aricayparinacota\/chile-tendra-su-propia-fiesta-de-los-robots-1\/\"]}]},{\"@type\":\"ImageObject\",\"inLanguage\":\"es-CL\",\"@id\":\"https:\/\/dev.explora.cl\/aricayparinacota\/chile-tendra-su-propia-fiesta-de-los-robots-1\/#primaryimage\",\"url\":\"https:\/\/dev.explora.cl\/aricayparinacota\/wp-content\/uploads\/sites\/2\/2018\/06\/b065124cef5ae6971e0fd77ff3665214.jpg\",\"contentUrl\":\"https:\/\/dev.explora.cl\/aricayparinacota\/wp-content\/uploads\/sites\/2\/2018\/06\/b065124cef5ae6971e0fd77ff3665214.jpg\",\"width\":300,\"height\":169},{\"@type\":\"BreadcrumbList\",\"@id\":\"https:\/\/dev.explora.cl\/aricayparinacota\/chile-tendra-su-propia-fiesta-de-los-robots-1\/#breadcrumb\",\"itemListElement\":[{\"@type\":\"ListItem\",\"position\":1,\"name\":\"Portada\",\"item\":\"https:\/\/dev.explora.cl\/aricayparinacota\/\"},{\"@type\":\"ListItem\",\"position\":2,\"name\":\"Chile tendr\u00e1 su propia fiesta de los robots\"}]},{\"@type\":\"WebSite\",\"@id\":\"https:\/\/dev.explora.cl\/aricayparinacota\/#website\",\"url\":\"https:\/\/dev.explora.cl\/aricayparinacota\/\",\"name\":\"Arica y Parinacota\",\"description\":\"Otro sitio m\u00e1s de dev.explora.cl\",\"publisher\":{\"@id\":\"https:\/\/dev.explora.cl\/aricayparinacota\/#organization\"},\"potentialAction\":[{\"@type\":\"SearchAction\",\"target\":{\"@type\":\"EntryPoint\",\"urlTemplate\":\"https:\/\/dev.explora.cl\/aricayparinacota\/?s={search_term_string}\"},\"query-input\":{\"@type\":\"PropertyValueSpecification\",\"valueRequired\":true,\"valueName\":\"search_term_string\"}}],\"inLanguage\":\"es-CL\"},{\"@type\":\"Organization\",\"@id\":\"https:\/\/dev.explora.cl\/aricayparinacota\/#organization\",\"name\":\"Arica y Parinacota\",\"url\":\"https:\/\/dev.explora.cl\/aricayparinacota\/\",\"logo\":{\"@type\":\"ImageObject\",\"inLanguage\":\"es-CL\",\"@id\":\"https:\/\/dev.explora.cl\/aricayparinacota\/#\/schema\/logo\/image\/\",\"url\":\"https:\/\/dev.explora.cl\/aricayparinacota\/wp-content\/uploads\/sites\/2\/2020\/08\/cropped-nuevosa-logos-11.png\",\"contentUrl\":\"https:\/\/dev.explora.cl\/aricayparinacota\/wp-content\/uploads\/sites\/2\/2020\/08\/cropped-nuevosa-logos-11.png\",\"width\":812,\"height\":937,\"caption\":\"Arica y Parinacota\"},\"image\":{\"@id\":\"https:\/\/dev.explora.cl\/aricayparinacota\/#\/schema\/logo\/image\/\"}},{\"@type\":\"Person\",\"@id\":\"https:\/\/dev.explora.cl\/aricayparinacota\/#\/schema\/person\/cb8349c13ea2d324080adf8480d7ba5d\",\"name\":\"webman\",\"image\":{\"@type\":\"ImageObject\",\"inLanguage\":\"es-CL\",\"@id\":\"https:\/\/dev.explora.cl\/aricayparinacota\/#\/schema\/person\/image\/\",\"url\":\"https:\/\/secure.gravatar.com\/avatar\/eeff3c82f2c02f7177d13663b7e6f890e9a6a0647ce9bb29cae02dcb094c7312?s=96&d=mm&r=g\",\"contentUrl\":\"https:\/\/secure.gravatar.com\/avatar\/eeff3c82f2c02f7177d13663b7e6f890e9a6a0647ce9bb29cae02dcb094c7312?s=96&d=mm&r=g\",\"caption\":\"webman\"},\"url\":\"https:\/\/dev.explora.cl\/aricayparinacota\/author\/webman\/\"}]}<\/script>\n<!-- \/ Yoast SEO plugin. -->","yoast_head_json":{"title":"Chile tendr\u00e1 su propia fiesta de los robots - Arica y Parinacota","robots":{"index":"index","follow":"follow","max-snippet":"max-snippet:-1","max-image-preview":"max-image-preview:large","max-video-preview":"max-video-preview:-1"},"canonical":"https:\/\/dev.explora.cl\/aricayparinacota\/chile-tendra-su-propia-fiesta-de-los-robots-1\/","og_locale":"es_ES","og_type":"article","og_title":"Chile tendr\u00e1 su propia fiesta de los robots - Arica y Parinacota","og_description":"Los robots est\u00e1n presentes en muchos aspectos de la sociedad, en pel\u00edculas, comics y dibujos animados; siempre como algo incre\u00edble. Pero, gracias a la ciencia, hoy tener un robot que ayude en casa ya no es algo descabellado. Esto es lo que el programa Start-Up Chile de Corfo junto a un grupo multinacional de emprendedores [&hellip;]","og_url":"https:\/\/dev.explora.cl\/aricayparinacota\/chile-tendra-su-propia-fiesta-de-los-robots-1\/","og_site_name":"Arica y Parinacota","article_published_time":"2015-04-07T00:00:00+00:00","article_modified_time":"2019-05-09T21:14:26+00:00","og_image":[{"width":300,"height":169,"url":"https:\/\/dev.explora.cl\/aricayparinacota\/wp-content\/uploads\/sites\/2\/2018\/06\/b065124cef5ae6971e0fd77ff3665214.jpg","type":"image\/jpeg"}],"author":"webman","twitter_card":"summary_large_image","twitter_misc":{"Escrito por":"webman","Tiempo estimado de lectura":"2 minutos"},"schema":{"@context":"https:\/\/schema.org","@graph":[{"@type":"Article","@id":"https:\/\/dev.explora.cl\/aricayparinacota\/chile-tendra-su-propia-fiesta-de-los-robots-1\/#article","isPartOf":{"@id":"https:\/\/dev.explora.cl\/aricayparinacota\/chile-tendra-su-propia-fiesta-de-los-robots-1\/"},"author":{"name":"webman","@id":"https:\/\/dev.explora.cl\/aricayparinacota\/#\/schema\/person\/cb8349c13ea2d324080adf8480d7ba5d"},"headline":"Chile tendr\u00e1 su propia fiesta de los robots","datePublished":"2015-04-07T00:00:00+00:00","dateModified":"2019-05-09T21:14:26+00:00","mainEntityOfPage":{"@id":"https:\/\/dev.explora.cl\/aricayparinacota\/chile-tendra-su-propia-fiesta-de-los-robots-1\/"},"wordCount":392,"commentCount":0,"publisher":{"@id":"https:\/\/dev.explora.cl\/aricayparinacota\/#organization"},"image":{"@id":"https:\/\/dev.explora.cl\/aricayparinacota\/chile-tendra-su-propia-fiesta-de-los-robots-1\/#primaryimage"},"thumbnailUrl":"https:\/\/dev.explora.cl\/aricayparinacota\/wp-content\/uploads\/sites\/2\/2018\/06\/b065124cef5ae6971e0fd77ff3665214.jpg","articleSection":["Noticias"],"inLanguage":"es-CL","potentialAction":[{"@type":"CommentAction","name":"Comment","target":["https:\/\/dev.explora.cl\/aricayparinacota\/chile-tendra-su-propia-fiesta-de-los-robots-1\/#respond"]}]},{"@type":"WebPage","@id":"https:\/\/dev.explora.cl\/aricayparinacota\/chile-tendra-su-propia-fiesta-de-los-robots-1\/","url":"https:\/\/dev.explora.cl\/aricayparinacota\/chile-tendra-su-propia-fiesta-de-los-robots-1\/","name":"Chile tendr\u00e1 su propia fiesta de los robots - Arica y Parinacota","isPartOf":{"@id":"https:\/\/dev.explora.cl\/aricayparinacota\/#website"},"primaryImageOfPage":{"@id":"https:\/\/dev.explora.cl\/aricayparinacota\/chile-tendra-su-propia-fiesta-de-los-robots-1\/#primaryimage"},"image":{"@id":"https:\/\/dev.explora.cl\/aricayparinacota\/chile-tendra-su-propia-fiesta-de-los-robots-1\/#primaryimage"},"thumbnailUrl":"https:\/\/dev.explora.cl\/aricayparinacota\/wp-content\/uploads\/sites\/2\/2018\/06\/b065124cef5ae6971e0fd77ff3665214.jpg","datePublished":"2015-04-07T00:00:00+00:00","dateModified":"2019-05-09T21:14:26+00:00","breadcrumb":{"@id":"https:\/\/dev.explora.cl\/aricayparinacota\/chile-tendra-su-propia-fiesta-de-los-robots-1\/#breadcrumb"},"inLanguage":"es-CL","potentialAction":[{"@type":"ReadAction","target":["https:\/\/dev.explora.cl\/aricayparinacota\/chile-tendra-su-propia-fiesta-de-los-robots-1\/"]}]},{"@type":"ImageObject","inLanguage":"es-CL","@id":"https:\/\/dev.explora.cl\/aricayparinacota\/chile-tendra-su-propia-fiesta-de-los-robots-1\/#primaryimage","url":"https:\/\/dev.explora.cl\/aricayparinacota\/wp-content\/uploads\/sites\/2\/2018\/06\/b065124cef5ae6971e0fd77ff3665214.jpg","contentUrl":"https:\/\/dev.explora.cl\/aricayparinacota\/wp-content\/uploads\/sites\/2\/2018\/06\/b065124cef5ae6971e0fd77ff3665214.jpg","width":300,"height":169},{"@type":"BreadcrumbList","@id":"https:\/\/dev.explora.cl\/aricayparinacota\/chile-tendra-su-propia-fiesta-de-los-robots-1\/#breadcrumb","itemListElement":[{"@type":"ListItem","position":1,"name":"Portada","item":"https:\/\/dev.explora.cl\/aricayparinacota\/"},{"@type":"ListItem","position":2,"name":"Chile tendr\u00e1 su propia fiesta de los robots"}]},{"@type":"WebSite","@id":"https:\/\/dev.explora.cl\/aricayparinacota\/#website","url":"https:\/\/dev.explora.cl\/aricayparinacota\/","name":"Arica y Parinacota","description":"Otro sitio m\u00e1s de dev.explora.cl","publisher":{"@id":"https:\/\/dev.explora.cl\/aricayparinacota\/#organization"},"potentialAction":[{"@type":"SearchAction","target":{"@type":"EntryPoint","urlTemplate":"https:\/\/dev.explora.cl\/aricayparinacota\/?s={search_term_string}"},"query-input":{"@type":"PropertyValueSpecification","valueRequired":true,"valueName":"search_term_string"}}],"inLanguage":"es-CL"},{"@type":"Organization","@id":"https:\/\/dev.explora.cl\/aricayparinacota\/#organization","name":"Arica y Parinacota","url":"https:\/\/dev.explora.cl\/aricayparinacota\/","logo":{"@type":"ImageObject","inLanguage":"es-CL","@id":"https:\/\/dev.explora.cl\/aricayparinacota\/#\/schema\/logo\/image\/","url":"https:\/\/dev.explora.cl\/aricayparinacota\/wp-content\/uploads\/sites\/2\/2020\/08\/cropped-nuevosa-logos-11.png","contentUrl":"https:\/\/dev.explora.cl\/aricayparinacota\/wp-content\/uploads\/sites\/2\/2020\/08\/cropped-nuevosa-logos-11.png","width":812,"height":937,"caption":"Arica y Parinacota"},"image":{"@id":"https:\/\/dev.explora.cl\/aricayparinacota\/#\/schema\/logo\/image\/"}},{"@type":"Person","@id":"https:\/\/dev.explora.cl\/aricayparinacota\/#\/schema\/person\/cb8349c13ea2d324080adf8480d7ba5d","name":"webman","image":{"@type":"ImageObject","inLanguage":"es-CL","@id":"https:\/\/dev.explora.cl\/aricayparinacota\/#\/schema\/person\/image\/","url":"https:\/\/secure.gravatar.com\/avatar\/eeff3c82f2c02f7177d13663b7e6f890e9a6a0647ce9bb29cae02dcb094c7312?s=96&d=mm&r=g","contentUrl":"https:\/\/secure.gravatar.com\/avatar\/eeff3c82f2c02f7177d13663b7e6f890e9a6a0647ce9bb29cae02dcb094c7312?s=96&d=mm&r=g","caption":"webman"},"url":"https:\/\/dev.explora.cl\/aricayparinacota\/author\/webman\/"}]}},"_links":{"self":[{"href":"https:\/\/dev.explora.cl\/aricayparinacota\/wp-json\/wp\/v2\/posts\/32013","targetHints":{"allow":["GET"]}}],"collection":[{"href":"https:\/\/dev.explora.cl\/aricayparinacota\/wp-json\/wp\/v2\/posts"}],"about":[{"href":"https:\/\/dev.explora.cl\/aricayparinacota\/wp-json\/wp\/v2\/types\/post"}],"author":[{"embeddable":true,"href":"https:\/\/dev.explora.cl\/aricayparinacota\/wp-json\/wp\/v2\/users\/2"}],"replies":[{"embeddable":true,"href":"https:\/\/dev.explora.cl\/aricayparinacota\/wp-json\/wp\/v2\/comments?post=32013"}],"version-history":[{"count":1,"href":"https:\/\/dev.explora.cl\/aricayparinacota\/wp-json\/wp\/v2\/posts\/32013\/revisions"}],"predecessor-version":[{"id":32975,"href":"https:\/\/dev.explora.cl\/aricayparinacota\/wp-json\/wp\/v2\/posts\/32013\/revisions\/32975"}],"wp:featuredmedia":[{"embeddable":true,"href":"https:\/\/dev.explora.cl\/aricayparinacota\/wp-json\/wp\/v2\/media\/32014"}],"wp:attachment":[{"href":"https:\/\/dev.explora.cl\/aricayparinacota\/wp-json\/wp\/v2\/media?parent=32013"}],"wp:term":[{"taxonomy":"category","embeddable":true,"href":"https:\/\/dev.explora.cl\/aricayparinacota\/wp-json\/wp\/v2\/categories?post=32013"},{"taxonomy":"post_tag","embeddable":true,"href":"https:\/\/dev.explora.cl\/aricayparinacota\/wp-json\/wp\/v2\/tags?post=32013"}],"curies":[{"name":"wp","href":"https:\/\/api.w.org\/{rel}","templated":true}]}}