{"id":32011,"date":"2015-04-07T00:00:00","date_gmt":"2015-04-07T00:00:00","guid":{"rendered":"https:\/\/dev.explora.cl\/aricayparinacota\/blog\/2015\/04\/07\/academia-chilena-de-medicina-premio-a-dos-cientificos-por-sus-investigaciones-sobre-cancer-1\/"},"modified":"2019-05-09T21:14:18","modified_gmt":"2019-05-09T21:14:18","slug":"academia-chilena-de-medicina-premio-a-dos-cientificos-por-sus-investigaciones-sobre-cancer-1","status":"publish","type":"post","link":"https:\/\/dev.explora.cl\/aricayparinacota\/academia-chilena-de-medicina-premio-a-dos-cientificos-por-sus-investigaciones-sobre-cancer-1\/","title":{"rendered":"Academia Chilena de Medicina premi\u00f3 a dos cient\u00edficos por sus investigaciones sobre c\u00e1ncer"},"content":{"rendered":"<p><img loading=\"lazy\" decoding=\"async\" class=\" size-full wp-image-10024\" src=\"http:\/\/ec2-34-218-253-251.us-west-2.compute.amazonaws.com\/wp-content\/uploads\/2015\/04\/40d865036392221b60c41017e21a43b2.jpg\" alt=\"\" width=\"300\" height=\"250\" \/><\/p>\n<p>Los doctores Alejandro Corval\u00e1n y Catterina Ferreccio, investigadores del Centro Avanzado de Enfermedades Cr\u00f3nicas, ACCDiS, fueron galardonados con el Premio Academia de Medicina 2014, por su trayectoria m\u00e9dica y sostenida l\u00ednea de investigaci\u00f3n en el \u00e1rea de c\u00e1ncer. La distinci\u00f3n por los \u201caportes a la epidemiolog\u00eda, etiolog\u00eda y reconocimiento precoz de las enfermedades neopl\u00e1sicas en Chile\u201d fue entregada a los acad\u00e9micos de la Universidad Cat\u00f3lica, por el Dr. Rodolfo Armas, presidente de la Academia Chilena de Medicina.<\/p>\n<p>Para ambos cient\u00edficos, el premio recibido en conjunto, no s\u00f3lo constituye un reconocimiento a la trayectoria personal, sino tambi\u00e9n a la labor multidisciplinaria que actualmente realizan en Chile y en el centro ACCDiS, dedicado a al estudio de las enfermedades cr\u00f3nicas que afectan a la poblaci\u00f3n nacional, entre ellas, los males oncol\u00f3gicos.<\/p>\n<h3>C\u00e1ncer g\u00e1strico y de ves\u00edcula<\/h3>\n<p>Uno de estos aportes, se ve reflejado en el hallazgo del Dr. Alejandro Corval\u00e1n, quien descubri\u00f3 un marcador precoz de c\u00e1ncer g\u00e1strico, llamado Reprimo, el cual ha permitido pesquisar lesiones malignas en etapas muy tempranas de la enfermedad, cuando no hay s\u00edntomas. Los estudios sobre este elemento, que puede detectarse mediante una muestra de sangre, constituyen un aporte en materia de salud, pudiendo ayudar a la prevenci\u00f3n de este tipo de c\u00e1ncer, que es responsable de ocasionar la mayor tasa de fallecimiento por tumores en nuestro pa\u00eds.<\/p>\n<p>Otro hito, protagonizado por la Dra. Ferreccio, es el reciente estudio poblacional \u2013cohorte- que ACCDiS est\u00e1 desarrollando en la ciudad de Molina, mediante el cual, se espera estudiar a 10 mil habitantes de la zona, para analizar los factores de riesgo que promueven el desarrollo de patolog\u00edas cr\u00f3nicas, entre ellas, el c\u00e1ncer de ves\u00edcula. En este \u00faltimo caso, se estima que componentes ambientales, podr\u00edan contribuir a la enfermedad, que es primera causa de muerte oncol\u00f3gica en chilenas.<\/p>\n<h3>Epidemiolog\u00eda y Salud P\u00fablica<\/h3>\n<p>Respecto del galard\u00f3n, la Dra. Catterina Ferreccio, investigadora del Departamento de Salud P\u00fablica de la UC, se mostr\u00f3 contenta con su obtenci\u00f3n. \u201cMe parece muy significativo que mi especialidad, la epidemiolog\u00eda, est\u00e9 siendo reconocida por primera vez en el pa\u00eds. Y por otro lado, el hecho de que este premio de la Academia de Medicina sea compartido con el Dr. Corval\u00e1n, es una se\u00f1al importante de que los problemas de salud no pueden ser abordados por una sola disciplina\u201d, explica.<\/p>\n<p>De profesi\u00f3n m\u00e9dico, a lo largo de su carrera, la Dra. Ferreccio ha realizado diversas investigaciones con impacto en la salud p\u00fablica. Una de estas \u00e1reas es el virus papiloma, cuyos estudios financiados con fondos del Estado, permitieron entregar \u201cinformaci\u00f3n nacional que sirvi\u00f3 de base para la elaboraci\u00f3n de normas y vacunas, permitiendo con ello, por ejemplo, la modernizaci\u00f3n del programa de prevenci\u00f3n del c\u00e1ncer cervicouterino\u201d.<\/p>\n<p>Otro hito, son las investigaciones sobre los efectos cr\u00f3nicos de la exposici\u00f3n a ars\u00e9nico contenida en el agua potable, estudios que desarrolla desde los a\u00f1os 90\u2019. En ese contexto, la Dra. Ferreccio demostr\u00f3 que este material t\u00f3xico -que en Antofagasta lleg\u00f3 a tener un nivel 80 veces superior al recomendado-, pod\u00eda producir c\u00e1ncer de pulm\u00f3n en la poblaci\u00f3n.<\/p>\n<p>En c\u00e1ncer g\u00e1strico, tambi\u00e9n ha realizado aportes, con sus estudios sobre la bacteria Helicob\u00e1cter pylori, uno de los agentes causantes de este mal. Asimismo, ha indagado en enfermedades infecciosas como el c\u00f3lera, ayudando con esto, al establecimiento de medidas sanitarias. \u201cCreo que en Chile hemos ido avanzando en una epidemiolog\u00eda de alto impacto, aunque a veces no es todo lo r\u00e1pido que uno quisiera. Lo importante es que podamos llevar un beneficio a la sociedad\u201d, explica.<\/p>\n<h3>Diagn\u00f3stico precoz<\/h3>\n<p>El Dr. Alejandro Corval\u00e1n, m\u00e9dico e investigador del Departamento de Hematolog\u00eda \u2013 Oncolog\u00eda de la UC, ha dedicado gran parte de su carrera a la investigaci\u00f3n. Y desde muy temprano, ha encontrado un nicho para avanzar: el c\u00e1ncer g\u00e1strico, enfermedad que en Chile genera 3 mil fallecimientos anuales. Su mayor aporte a la ciencia y la medicina, lo constituye el hallazgo del marcador Reprimo, como herramienta de diagn\u00f3stico precoz, y cuyos estudios ya han sido aplicados en m\u00e1s de 1.000 habitantes de La Florida, con un 70% de efectividad en el rastreo de estas lesiones malignas.<\/p>\n<p>Durante su trayectoria, el Dr. Corval\u00e1n tambi\u00e9n ha contribuido a la formaci\u00f3n de estudiantes de postgrado y becados que, en algunos casos, \u201cya forman parte del espectro acad\u00e9mico y adem\u00e1s, son autores de numerosos art\u00edculos sobre c\u00e1ncer, publicados en revistas de alto impacto\u201d. Ante este escenario, el Dr. Corval\u00e1n se muestra orgulloso del reconocimiento entregado por la Academia de Medicina, que a su juicio, tambi\u00e9n refleja la importancia \u201cque se est\u00e1 otorgando a la investigaci\u00f3n asociativa, como la realizada en ACCDiS\u201d.<\/p>\n<p>Ganador de proyectos como Go to Market de Innova Chile de CORFO, el investigador tambi\u00e9n ha explorado el campo de la innovaci\u00f3n y b\u00fasqueda de inversionistas para la futura validaci\u00f3n del marcador de c\u00e1ncer g\u00e1strico, por parte de la FDA, Food &amp; Drug Administration de EE.UU. Su plan ahora, es poder llevar este estudio otros pa\u00edses de Am\u00e9rica Latina, entre los que figura, Costa Rica y Colombia. Al mismo tiempo, espera seguir analizando nuevos biomarcadores de este mal oncol\u00f3gico, a fin de elaborar un test m\u00e1s completo.<\/p>\n<p>\u201cMi aspiraci\u00f3n es que esta herramienta se utilice a nivel de salud p\u00fablica. Sin embargo, puede ser que Reprimo por s\u00ed solo no baste, y por eso, estoy investigando nuevos marcadores, as\u00ed como tambi\u00e9n, trabajando en la elaboraci\u00f3n de m\u00e9todos para hacer m\u00e1s sensible su detecci\u00f3n. Todo apunta a la detecci\u00f3n precoz, que sin duda, puede traer importantes resultados en la poblaci\u00f3n\u201d, se\u00f1ala el investigador. (Por: Carolina Todorovic. Agencia In\u00e9s Llamb\u00edas Comunicaciones).<\/p>\n<p>\u00a0<\/p>\n<p>Fuente: <span style=\"color: #0000ff\"><a href=\"http:\/\/www.elmostrador.cl\/vida-en-linea\/2015\/04\/01\/academia-chilena-de-medicina-premio-a-dos-cientificos-por-sus-investigaciones-sobre-cancer\/\" target=\"_blank\" rel=\"noopener noreferrer\"><span style=\"color: #0000ff\">El Mostrador<\/span><\/a><\/span><\/p>\n","protected":false},"excerpt":{"rendered":"<p>Los doctores Alejandro Corval\u00e1n y Catterina Ferreccio, investigadores del Centro Avanzado de Enfermedades Cr\u00f3nicas, ACCDiS, fueron galardonados con el Premio Academia de Medicina 2014, por su trayectoria m\u00e9dica y sostenida l\u00ednea de investigaci\u00f3n en el \u00e1rea de c\u00e1ncer. La distinci\u00f3n por los \u201caportes a la epidemiolog\u00eda, etiolog\u00eda y reconocimiento precoz de las enfermedades neopl\u00e1sicas en [&hellip;]<\/p>\n","protected":false},"author":2,"featured_media":32012,"comment_status":"open","ping_status":"open","sticky":false,"template":"","format":"standard","meta":{"_acf_changed":false,"_exactmetrics_skip_tracking":false,"_exactmetrics_sitenote_active":false,"_exactmetrics_sitenote_note":"","_exactmetrics_sitenote_category":0,"footnotes":"","_links_to":"","_links_to_target":""},"categories":[4],"tags":[],"class_list":["post-32011","post","type-post","status-publish","format-standard","has-post-thumbnail","hentry","category-noticias"],"acf":[],"yoast_head":"<!-- This site is optimized with the Yoast SEO plugin v26.7 - https:\/\/yoast.com\/wordpress\/plugins\/seo\/ -->\n<title>Academia Chilena de Medicina premi\u00f3 a dos cient\u00edficos por sus investigaciones sobre c\u00e1ncer - Arica y Parinacota<\/title>\n<meta name=\"robots\" content=\"index, follow, max-snippet:-1, max-image-preview:large, max-video-preview:-1\" \/>\n<link rel=\"canonical\" href=\"https:\/\/dev.explora.cl\/aricayparinacota\/academia-chilena-de-medicina-premio-a-dos-cientificos-por-sus-investigaciones-sobre-cancer-1\/\" class=\"yoast-seo-meta-tag\" \/>\n<meta property=\"og:locale\" content=\"es_ES\" class=\"yoast-seo-meta-tag\" \/>\n<meta property=\"og:type\" content=\"article\" class=\"yoast-seo-meta-tag\" \/>\n<meta property=\"og:title\" content=\"Academia Chilena de Medicina premi\u00f3 a dos cient\u00edficos por sus investigaciones sobre c\u00e1ncer - Arica y Parinacota\" class=\"yoast-seo-meta-tag\" \/>\n<meta property=\"og:description\" content=\"Los doctores Alejandro Corval\u00e1n y Catterina Ferreccio, investigadores del Centro Avanzado de Enfermedades Cr\u00f3nicas, ACCDiS, fueron galardonados con el Premio Academia de Medicina 2014, por su trayectoria m\u00e9dica y sostenida l\u00ednea de investigaci\u00f3n en el \u00e1rea de c\u00e1ncer. La distinci\u00f3n por los \u201caportes a la epidemiolog\u00eda, etiolog\u00eda y reconocimiento precoz de las enfermedades neopl\u00e1sicas en [&hellip;]\" class=\"yoast-seo-meta-tag\" \/>\n<meta property=\"og:url\" content=\"https:\/\/dev.explora.cl\/aricayparinacota\/academia-chilena-de-medicina-premio-a-dos-cientificos-por-sus-investigaciones-sobre-cancer-1\/\" class=\"yoast-seo-meta-tag\" \/>\n<meta property=\"og:site_name\" content=\"Arica y Parinacota\" class=\"yoast-seo-meta-tag\" \/>\n<meta property=\"article:published_time\" content=\"2015-04-07T00:00:00+00:00\" class=\"yoast-seo-meta-tag\" \/>\n<meta property=\"article:modified_time\" content=\"2019-05-09T21:14:18+00:00\" class=\"yoast-seo-meta-tag\" \/>\n<meta property=\"og:image\" content=\"https:\/\/dev.explora.cl\/aricayparinacota\/wp-content\/uploads\/sites\/2\/2018\/06\/40d865036392221b60c41017e21a43b2.jpg\" class=\"yoast-seo-meta-tag\" \/>\n\t<meta property=\"og:image:width\" content=\"300\" class=\"yoast-seo-meta-tag\" \/>\n\t<meta property=\"og:image:height\" content=\"250\" class=\"yoast-seo-meta-tag\" \/>\n\t<meta property=\"og:image:type\" content=\"image\/jpeg\" class=\"yoast-seo-meta-tag\" \/>\n<meta name=\"author\" content=\"webman\" class=\"yoast-seo-meta-tag\" \/>\n<meta name=\"twitter:card\" content=\"summary_large_image\" class=\"yoast-seo-meta-tag\" \/>\n<meta name=\"twitter:label1\" content=\"Escrito por\" class=\"yoast-seo-meta-tag\" \/>\n\t<meta name=\"twitter:data1\" content=\"webman\" class=\"yoast-seo-meta-tag\" \/>\n\t<meta name=\"twitter:label2\" content=\"Tiempo estimado de lectura\" class=\"yoast-seo-meta-tag\" \/>\n\t<meta name=\"twitter:data2\" content=\"5 minutos\" class=\"yoast-seo-meta-tag\" \/>\n<script type=\"application\/ld+json\" class=\"yoast-schema-graph\">{\"@context\":\"https:\/\/schema.org\",\"@graph\":[{\"@type\":\"Article\",\"@id\":\"https:\/\/dev.explora.cl\/aricayparinacota\/academia-chilena-de-medicina-premio-a-dos-cientificos-por-sus-investigaciones-sobre-cancer-1\/#article\",\"isPartOf\":{\"@id\":\"https:\/\/dev.explora.cl\/aricayparinacota\/academia-chilena-de-medicina-premio-a-dos-cientificos-por-sus-investigaciones-sobre-cancer-1\/\"},\"author\":{\"name\":\"webman\",\"@id\":\"https:\/\/dev.explora.cl\/aricayparinacota\/#\/schema\/person\/cb8349c13ea2d324080adf8480d7ba5d\"},\"headline\":\"Academia Chilena de Medicina premi\u00f3 a dos cient\u00edficos por sus investigaciones sobre c\u00e1ncer\",\"datePublished\":\"2015-04-07T00:00:00+00:00\",\"dateModified\":\"2019-05-09T21:14:18+00:00\",\"mainEntityOfPage\":{\"@id\":\"https:\/\/dev.explora.cl\/aricayparinacota\/academia-chilena-de-medicina-premio-a-dos-cientificos-por-sus-investigaciones-sobre-cancer-1\/\"},\"wordCount\":1040,\"commentCount\":0,\"publisher\":{\"@id\":\"https:\/\/dev.explora.cl\/aricayparinacota\/#organization\"},\"image\":{\"@id\":\"https:\/\/dev.explora.cl\/aricayparinacota\/academia-chilena-de-medicina-premio-a-dos-cientificos-por-sus-investigaciones-sobre-cancer-1\/#primaryimage\"},\"thumbnailUrl\":\"https:\/\/dev.explora.cl\/aricayparinacota\/wp-content\/uploads\/sites\/2\/2018\/06\/40d865036392221b60c41017e21a43b2.jpg\",\"articleSection\":[\"Noticias\"],\"inLanguage\":\"es-CL\",\"potentialAction\":[{\"@type\":\"CommentAction\",\"name\":\"Comment\",\"target\":[\"https:\/\/dev.explora.cl\/aricayparinacota\/academia-chilena-de-medicina-premio-a-dos-cientificos-por-sus-investigaciones-sobre-cancer-1\/#respond\"]}]},{\"@type\":\"WebPage\",\"@id\":\"https:\/\/dev.explora.cl\/aricayparinacota\/academia-chilena-de-medicina-premio-a-dos-cientificos-por-sus-investigaciones-sobre-cancer-1\/\",\"url\":\"https:\/\/dev.explora.cl\/aricayparinacota\/academia-chilena-de-medicina-premio-a-dos-cientificos-por-sus-investigaciones-sobre-cancer-1\/\",\"name\":\"Academia Chilena de Medicina premi\u00f3 a dos cient\u00edficos por sus investigaciones sobre c\u00e1ncer - Arica y Parinacota\",\"isPartOf\":{\"@id\":\"https:\/\/dev.explora.cl\/aricayparinacota\/#website\"},\"primaryImageOfPage\":{\"@id\":\"https:\/\/dev.explora.cl\/aricayparinacota\/academia-chilena-de-medicina-premio-a-dos-cientificos-por-sus-investigaciones-sobre-cancer-1\/#primaryimage\"},\"image\":{\"@id\":\"https:\/\/dev.explora.cl\/aricayparinacota\/academia-chilena-de-medicina-premio-a-dos-cientificos-por-sus-investigaciones-sobre-cancer-1\/#primaryimage\"},\"thumbnailUrl\":\"https:\/\/dev.explora.cl\/aricayparinacota\/wp-content\/uploads\/sites\/2\/2018\/06\/40d865036392221b60c41017e21a43b2.jpg\",\"datePublished\":\"2015-04-07T00:00:00+00:00\",\"dateModified\":\"2019-05-09T21:14:18+00:00\",\"breadcrumb\":{\"@id\":\"https:\/\/dev.explora.cl\/aricayparinacota\/academia-chilena-de-medicina-premio-a-dos-cientificos-por-sus-investigaciones-sobre-cancer-1\/#breadcrumb\"},\"inLanguage\":\"es-CL\",\"potentialAction\":[{\"@type\":\"ReadAction\",\"target\":[\"https:\/\/dev.explora.cl\/aricayparinacota\/academia-chilena-de-medicina-premio-a-dos-cientificos-por-sus-investigaciones-sobre-cancer-1\/\"]}]},{\"@type\":\"ImageObject\",\"inLanguage\":\"es-CL\",\"@id\":\"https:\/\/dev.explora.cl\/aricayparinacota\/academia-chilena-de-medicina-premio-a-dos-cientificos-por-sus-investigaciones-sobre-cancer-1\/#primaryimage\",\"url\":\"https:\/\/dev.explora.cl\/aricayparinacota\/wp-content\/uploads\/sites\/2\/2018\/06\/40d865036392221b60c41017e21a43b2.jpg\",\"contentUrl\":\"https:\/\/dev.explora.cl\/aricayparinacota\/wp-content\/uploads\/sites\/2\/2018\/06\/40d865036392221b60c41017e21a43b2.jpg\",\"width\":300,\"height\":250},{\"@type\":\"BreadcrumbList\",\"@id\":\"https:\/\/dev.explora.cl\/aricayparinacota\/academia-chilena-de-medicina-premio-a-dos-cientificos-por-sus-investigaciones-sobre-cancer-1\/#breadcrumb\",\"itemListElement\":[{\"@type\":\"ListItem\",\"position\":1,\"name\":\"Portada\",\"item\":\"https:\/\/dev.explora.cl\/aricayparinacota\/\"},{\"@type\":\"ListItem\",\"position\":2,\"name\":\"Academia Chilena de Medicina premi\u00f3 a dos cient\u00edficos por sus investigaciones sobre c\u00e1ncer\"}]},{\"@type\":\"WebSite\",\"@id\":\"https:\/\/dev.explora.cl\/aricayparinacota\/#website\",\"url\":\"https:\/\/dev.explora.cl\/aricayparinacota\/\",\"name\":\"Arica y Parinacota\",\"description\":\"Otro sitio m\u00e1s de dev.explora.cl\",\"publisher\":{\"@id\":\"https:\/\/dev.explora.cl\/aricayparinacota\/#organization\"},\"potentialAction\":[{\"@type\":\"SearchAction\",\"target\":{\"@type\":\"EntryPoint\",\"urlTemplate\":\"https:\/\/dev.explora.cl\/aricayparinacota\/?s={search_term_string}\"},\"query-input\":{\"@type\":\"PropertyValueSpecification\",\"valueRequired\":true,\"valueName\":\"search_term_string\"}}],\"inLanguage\":\"es-CL\"},{\"@type\":\"Organization\",\"@id\":\"https:\/\/dev.explora.cl\/aricayparinacota\/#organization\",\"name\":\"Arica y Parinacota\",\"url\":\"https:\/\/dev.explora.cl\/aricayparinacota\/\",\"logo\":{\"@type\":\"ImageObject\",\"inLanguage\":\"es-CL\",\"@id\":\"https:\/\/dev.explora.cl\/aricayparinacota\/#\/schema\/logo\/image\/\",\"url\":\"https:\/\/dev.explora.cl\/aricayparinacota\/wp-content\/uploads\/sites\/2\/2020\/08\/cropped-nuevosa-logos-11.png\",\"contentUrl\":\"https:\/\/dev.explora.cl\/aricayparinacota\/wp-content\/uploads\/sites\/2\/2020\/08\/cropped-nuevosa-logos-11.png\",\"width\":812,\"height\":937,\"caption\":\"Arica y Parinacota\"},\"image\":{\"@id\":\"https:\/\/dev.explora.cl\/aricayparinacota\/#\/schema\/logo\/image\/\"}},{\"@type\":\"Person\",\"@id\":\"https:\/\/dev.explora.cl\/aricayparinacota\/#\/schema\/person\/cb8349c13ea2d324080adf8480d7ba5d\",\"name\":\"webman\",\"image\":{\"@type\":\"ImageObject\",\"inLanguage\":\"es-CL\",\"@id\":\"https:\/\/dev.explora.cl\/aricayparinacota\/#\/schema\/person\/image\/\",\"url\":\"https:\/\/secure.gravatar.com\/avatar\/eeff3c82f2c02f7177d13663b7e6f890e9a6a0647ce9bb29cae02dcb094c7312?s=96&d=mm&r=g\",\"contentUrl\":\"https:\/\/secure.gravatar.com\/avatar\/eeff3c82f2c02f7177d13663b7e6f890e9a6a0647ce9bb29cae02dcb094c7312?s=96&d=mm&r=g\",\"caption\":\"webman\"},\"url\":\"https:\/\/dev.explora.cl\/aricayparinacota\/author\/webman\/\"}]}<\/script>\n<!-- \/ Yoast SEO plugin. -->","yoast_head_json":{"title":"Academia Chilena de Medicina premi\u00f3 a dos cient\u00edficos por sus investigaciones sobre c\u00e1ncer - Arica y Parinacota","robots":{"index":"index","follow":"follow","max-snippet":"max-snippet:-1","max-image-preview":"max-image-preview:large","max-video-preview":"max-video-preview:-1"},"canonical":"https:\/\/dev.explora.cl\/aricayparinacota\/academia-chilena-de-medicina-premio-a-dos-cientificos-por-sus-investigaciones-sobre-cancer-1\/","og_locale":"es_ES","og_type":"article","og_title":"Academia Chilena de Medicina premi\u00f3 a dos cient\u00edficos por sus investigaciones sobre c\u00e1ncer - Arica y Parinacota","og_description":"Los doctores Alejandro Corval\u00e1n y Catterina Ferreccio, investigadores del Centro Avanzado de Enfermedades Cr\u00f3nicas, ACCDiS, fueron galardonados con el Premio Academia de Medicina 2014, por su trayectoria m\u00e9dica y sostenida l\u00ednea de investigaci\u00f3n en el \u00e1rea de c\u00e1ncer. La distinci\u00f3n por los \u201caportes a la epidemiolog\u00eda, etiolog\u00eda y reconocimiento precoz de las enfermedades neopl\u00e1sicas en [&hellip;]","og_url":"https:\/\/dev.explora.cl\/aricayparinacota\/academia-chilena-de-medicina-premio-a-dos-cientificos-por-sus-investigaciones-sobre-cancer-1\/","og_site_name":"Arica y Parinacota","article_published_time":"2015-04-07T00:00:00+00:00","article_modified_time":"2019-05-09T21:14:18+00:00","og_image":[{"width":300,"height":250,"url":"https:\/\/dev.explora.cl\/aricayparinacota\/wp-content\/uploads\/sites\/2\/2018\/06\/40d865036392221b60c41017e21a43b2.jpg","type":"image\/jpeg"}],"author":"webman","twitter_card":"summary_large_image","twitter_misc":{"Escrito por":"webman","Tiempo estimado de lectura":"5 minutos"},"schema":{"@context":"https:\/\/schema.org","@graph":[{"@type":"Article","@id":"https:\/\/dev.explora.cl\/aricayparinacota\/academia-chilena-de-medicina-premio-a-dos-cientificos-por-sus-investigaciones-sobre-cancer-1\/#article","isPartOf":{"@id":"https:\/\/dev.explora.cl\/aricayparinacota\/academia-chilena-de-medicina-premio-a-dos-cientificos-por-sus-investigaciones-sobre-cancer-1\/"},"author":{"name":"webman","@id":"https:\/\/dev.explora.cl\/aricayparinacota\/#\/schema\/person\/cb8349c13ea2d324080adf8480d7ba5d"},"headline":"Academia Chilena de Medicina premi\u00f3 a dos cient\u00edficos por sus investigaciones sobre c\u00e1ncer","datePublished":"2015-04-07T00:00:00+00:00","dateModified":"2019-05-09T21:14:18+00:00","mainEntityOfPage":{"@id":"https:\/\/dev.explora.cl\/aricayparinacota\/academia-chilena-de-medicina-premio-a-dos-cientificos-por-sus-investigaciones-sobre-cancer-1\/"},"wordCount":1040,"commentCount":0,"publisher":{"@id":"https:\/\/dev.explora.cl\/aricayparinacota\/#organization"},"image":{"@id":"https:\/\/dev.explora.cl\/aricayparinacota\/academia-chilena-de-medicina-premio-a-dos-cientificos-por-sus-investigaciones-sobre-cancer-1\/#primaryimage"},"thumbnailUrl":"https:\/\/dev.explora.cl\/aricayparinacota\/wp-content\/uploads\/sites\/2\/2018\/06\/40d865036392221b60c41017e21a43b2.jpg","articleSection":["Noticias"],"inLanguage":"es-CL","potentialAction":[{"@type":"CommentAction","name":"Comment","target":["https:\/\/dev.explora.cl\/aricayparinacota\/academia-chilena-de-medicina-premio-a-dos-cientificos-por-sus-investigaciones-sobre-cancer-1\/#respond"]}]},{"@type":"WebPage","@id":"https:\/\/dev.explora.cl\/aricayparinacota\/academia-chilena-de-medicina-premio-a-dos-cientificos-por-sus-investigaciones-sobre-cancer-1\/","url":"https:\/\/dev.explora.cl\/aricayparinacota\/academia-chilena-de-medicina-premio-a-dos-cientificos-por-sus-investigaciones-sobre-cancer-1\/","name":"Academia Chilena de Medicina premi\u00f3 a dos cient\u00edficos por sus investigaciones sobre c\u00e1ncer - Arica y Parinacota","isPartOf":{"@id":"https:\/\/dev.explora.cl\/aricayparinacota\/#website"},"primaryImageOfPage":{"@id":"https:\/\/dev.explora.cl\/aricayparinacota\/academia-chilena-de-medicina-premio-a-dos-cientificos-por-sus-investigaciones-sobre-cancer-1\/#primaryimage"},"image":{"@id":"https:\/\/dev.explora.cl\/aricayparinacota\/academia-chilena-de-medicina-premio-a-dos-cientificos-por-sus-investigaciones-sobre-cancer-1\/#primaryimage"},"thumbnailUrl":"https:\/\/dev.explora.cl\/aricayparinacota\/wp-content\/uploads\/sites\/2\/2018\/06\/40d865036392221b60c41017e21a43b2.jpg","datePublished":"2015-04-07T00:00:00+00:00","dateModified":"2019-05-09T21:14:18+00:00","breadcrumb":{"@id":"https:\/\/dev.explora.cl\/aricayparinacota\/academia-chilena-de-medicina-premio-a-dos-cientificos-por-sus-investigaciones-sobre-cancer-1\/#breadcrumb"},"inLanguage":"es-CL","potentialAction":[{"@type":"ReadAction","target":["https:\/\/dev.explora.cl\/aricayparinacota\/academia-chilena-de-medicina-premio-a-dos-cientificos-por-sus-investigaciones-sobre-cancer-1\/"]}]},{"@type":"ImageObject","inLanguage":"es-CL","@id":"https:\/\/dev.explora.cl\/aricayparinacota\/academia-chilena-de-medicina-premio-a-dos-cientificos-por-sus-investigaciones-sobre-cancer-1\/#primaryimage","url":"https:\/\/dev.explora.cl\/aricayparinacota\/wp-content\/uploads\/sites\/2\/2018\/06\/40d865036392221b60c41017e21a43b2.jpg","contentUrl":"https:\/\/dev.explora.cl\/aricayparinacota\/wp-content\/uploads\/sites\/2\/2018\/06\/40d865036392221b60c41017e21a43b2.jpg","width":300,"height":250},{"@type":"BreadcrumbList","@id":"https:\/\/dev.explora.cl\/aricayparinacota\/academia-chilena-de-medicina-premio-a-dos-cientificos-por-sus-investigaciones-sobre-cancer-1\/#breadcrumb","itemListElement":[{"@type":"ListItem","position":1,"name":"Portada","item":"https:\/\/dev.explora.cl\/aricayparinacota\/"},{"@type":"ListItem","position":2,"name":"Academia Chilena de Medicina premi\u00f3 a dos cient\u00edficos por sus investigaciones sobre c\u00e1ncer"}]},{"@type":"WebSite","@id":"https:\/\/dev.explora.cl\/aricayparinacota\/#website","url":"https:\/\/dev.explora.cl\/aricayparinacota\/","name":"Arica y Parinacota","description":"Otro sitio m\u00e1s de dev.explora.cl","publisher":{"@id":"https:\/\/dev.explora.cl\/aricayparinacota\/#organization"},"potentialAction":[{"@type":"SearchAction","target":{"@type":"EntryPoint","urlTemplate":"https:\/\/dev.explora.cl\/aricayparinacota\/?s={search_term_string}"},"query-input":{"@type":"PropertyValueSpecification","valueRequired":true,"valueName":"search_term_string"}}],"inLanguage":"es-CL"},{"@type":"Organization","@id":"https:\/\/dev.explora.cl\/aricayparinacota\/#organization","name":"Arica y Parinacota","url":"https:\/\/dev.explora.cl\/aricayparinacota\/","logo":{"@type":"ImageObject","inLanguage":"es-CL","@id":"https:\/\/dev.explora.cl\/aricayparinacota\/#\/schema\/logo\/image\/","url":"https:\/\/dev.explora.cl\/aricayparinacota\/wp-content\/uploads\/sites\/2\/2020\/08\/cropped-nuevosa-logos-11.png","contentUrl":"https:\/\/dev.explora.cl\/aricayparinacota\/wp-content\/uploads\/sites\/2\/2020\/08\/cropped-nuevosa-logos-11.png","width":812,"height":937,"caption":"Arica y Parinacota"},"image":{"@id":"https:\/\/dev.explora.cl\/aricayparinacota\/#\/schema\/logo\/image\/"}},{"@type":"Person","@id":"https:\/\/dev.explora.cl\/aricayparinacota\/#\/schema\/person\/cb8349c13ea2d324080adf8480d7ba5d","name":"webman","image":{"@type":"ImageObject","inLanguage":"es-CL","@id":"https:\/\/dev.explora.cl\/aricayparinacota\/#\/schema\/person\/image\/","url":"https:\/\/secure.gravatar.com\/avatar\/eeff3c82f2c02f7177d13663b7e6f890e9a6a0647ce9bb29cae02dcb094c7312?s=96&d=mm&r=g","contentUrl":"https:\/\/secure.gravatar.com\/avatar\/eeff3c82f2c02f7177d13663b7e6f890e9a6a0647ce9bb29cae02dcb094c7312?s=96&d=mm&r=g","caption":"webman"},"url":"https:\/\/dev.explora.cl\/aricayparinacota\/author\/webman\/"}]}},"_links":{"self":[{"href":"https:\/\/dev.explora.cl\/aricayparinacota\/wp-json\/wp\/v2\/posts\/32011","targetHints":{"allow":["GET"]}}],"collection":[{"href":"https:\/\/dev.explora.cl\/aricayparinacota\/wp-json\/wp\/v2\/posts"}],"about":[{"href":"https:\/\/dev.explora.cl\/aricayparinacota\/wp-json\/wp\/v2\/types\/post"}],"author":[{"embeddable":true,"href":"https:\/\/dev.explora.cl\/aricayparinacota\/wp-json\/wp\/v2\/users\/2"}],"replies":[{"embeddable":true,"href":"https:\/\/dev.explora.cl\/aricayparinacota\/wp-json\/wp\/v2\/comments?post=32011"}],"version-history":[{"count":1,"href":"https:\/\/dev.explora.cl\/aricayparinacota\/wp-json\/wp\/v2\/posts\/32011\/revisions"}],"predecessor-version":[{"id":32974,"href":"https:\/\/dev.explora.cl\/aricayparinacota\/wp-json\/wp\/v2\/posts\/32011\/revisions\/32974"}],"wp:featuredmedia":[{"embeddable":true,"href":"https:\/\/dev.explora.cl\/aricayparinacota\/wp-json\/wp\/v2\/media\/32012"}],"wp:attachment":[{"href":"https:\/\/dev.explora.cl\/aricayparinacota\/wp-json\/wp\/v2\/media?parent=32011"}],"wp:term":[{"taxonomy":"category","embeddable":true,"href":"https:\/\/dev.explora.cl\/aricayparinacota\/wp-json\/wp\/v2\/categories?post=32011"},{"taxonomy":"post_tag","embeddable":true,"href":"https:\/\/dev.explora.cl\/aricayparinacota\/wp-json\/wp\/v2\/tags?post=32011"}],"curies":[{"name":"wp","href":"https:\/\/api.w.org\/{rel}","templated":true}]}}