{"id":32007,"date":"2015-03-30T00:00:00","date_gmt":"2015-03-30T00:00:00","guid":{"rendered":"https:\/\/dev.explora.cl\/aricayparinacota\/blog\/2015\/03\/30\/transformando-la-docencia-a-traves-del-aprendizaje-activo-2\/"},"modified":"2019-05-09T21:14:50","modified_gmt":"2019-05-09T21:14:50","slug":"transformando-la-docencia-a-traves-del-aprendizaje-activo-2","status":"publish","type":"post","link":"https:\/\/dev.explora.cl\/aricayparinacota\/transformando-la-docencia-a-traves-del-aprendizaje-activo-2\/","title":{"rendered":"Transformando la docencia a trav\u00e9s del aprendizaje activo"},"content":{"rendered":"<p><img loading=\"lazy\" decoding=\"async\" class=\" size-full wp-image-9826\" src=\"http:\/\/ec2-34-218-253-251.us-west-2.compute.amazonaws.com\/wp-content\/uploads\/2015\/03\/74b70e117240790040e9a0b48f4f91c3.jpg\" alt=\"\" width=\"300\" height=\"207\" \/><\/p>\n<p>\u201cLo importante es generar un aprendizaje activo, en donde los estudiantes de los distintos niveles logren entender lo que se les ense\u00f1a y aplicarlo, seg\u00fan sus necesidades\u201d se\u00f1al\u00f3 la destacada acad\u00e9mica Lueny Morell, Premio Gordon 2006 de la National Academy of Engineering de Estados Unidos por Innovaci\u00f3n en la Educaci\u00f3n en Ingenier\u00eda, en el taller desarrollado en la Facultad de Ciencias F\u00edsicas y Matem\u00e1ticas de la Universidad de Chile.<\/p>\n<p>\u00a0<\/p>\n<p>La actividad, desarrollada los d\u00edas 18 y 19 de marzo por objetivo proporcionar a los asistentes herramientas para convertirse en l\u00edderes del cambio y catalizadores del aprendizaje de los estudiantes, mediante experiencias activas en la sala de clases.<\/p>\n<p>\u00a0<\/p>\n<p>Morell coment\u00f3 que todav\u00eda hay una gran parte de los acad\u00e9micos que creen que con un pizarr\u00f3n, con mucha teor\u00eda y repitiendo lo mismo de siempre lograr\u00e1n motivar a sus estudiantes: \u201cEso es una gran aberraci\u00f3n. Se dice que el denominado D\u00e9ficit Atencional es la nueva epidemia, y no se trata de medicar a los ni\u00f1os y j\u00f3venes, sino de volverse atractivo para que ellos te tomen en cuenta\u201d.<\/p>\n<p>\u00a0<\/p>\n<p>Con un profundo an\u00e1lisis al sistema educacional tradicional insisti\u00f3 en que el r\u00e9gimen de aprendizaje es un m\u00e9todo que a\u00fan conserva muchos paradigmas de la Ilustraci\u00f3n, lo que no permite a los estudiantes recibir una ense\u00f1anza que se adapte a las necesidades actuales, en donde los estudiantes son \u201cbombardeados\u201d de est\u00edmulos mediante la tecnolog\u00eda, la publicidad, etc. Abordando la ense\u00f1anza de la ingenier\u00eda, Morell indic\u00f3 que: &#8220;Los alumnos no se tienen que adaptar a uno como acad\u00e9mico, es nuestro trabajo hacer que ellos aprendan. Es obligaci\u00f3n de los acad\u00e9micos contribuir al desarrollo de un ingeniero competitivo globalmente, pero relevante socialmente\u201d.<\/p>\n<p>\u00a0<\/p>\n<p>Entre las recomendaciones entregadas se destaca que no hay que evaluarlo todo. \u201cLo que necesitamos es tener alumnos que se muevan, que disfruten de las clases, que apliquen sus conocimientos. Hay que entender que todos los estudiantes no son iguales, tienen aprendizajes distintos y es un desaf\u00edo del profesor lograr que sus alumnos, quienes tienen motivaciones distintas e historias diferentes, comprendan lo que se les quiere ense\u00f1ar. Para eso, no es necesario hacer millones de evaluaciones\u201d destac\u00f3.<\/p>\n","protected":false},"excerpt":{"rendered":"<p>\u201cLo importante es generar un aprendizaje activo, en donde los estudiantes de los distintos niveles logren entender lo que se les ense\u00f1a y aplicarlo, seg\u00fan sus necesidades\u201d se\u00f1al\u00f3 la destacada acad\u00e9mica Lueny Morell, Premio Gordon 2006 de la National Academy of Engineering de Estados Unidos por Innovaci\u00f3n en la Educaci\u00f3n en Ingenier\u00eda, en el taller [&hellip;]<\/p>\n","protected":false},"author":2,"featured_media":32008,"comment_status":"open","ping_status":"open","sticky":false,"template":"","format":"standard","meta":{"_acf_changed":false,"_exactmetrics_skip_tracking":false,"_exactmetrics_sitenote_active":false,"_exactmetrics_sitenote_note":"","_exactmetrics_sitenote_category":0,"footnotes":"","_links_to":"","_links_to_target":""},"categories":[4],"tags":[],"class_list":["post-32007","post","type-post","status-publish","format-standard","has-post-thumbnail","hentry","category-noticias"],"acf":[],"yoast_head":"<!-- This site is optimized with the Yoast SEO plugin v26.7 - https:\/\/yoast.com\/wordpress\/plugins\/seo\/ -->\n<title>Transformando la docencia a trav\u00e9s del aprendizaje activo - Arica y Parinacota<\/title>\n<meta name=\"robots\" content=\"index, follow, max-snippet:-1, max-image-preview:large, max-video-preview:-1\" \/>\n<link rel=\"canonical\" href=\"https:\/\/dev.explora.cl\/aricayparinacota\/transformando-la-docencia-a-traves-del-aprendizaje-activo-2\/\" class=\"yoast-seo-meta-tag\" \/>\n<meta property=\"og:locale\" content=\"es_ES\" class=\"yoast-seo-meta-tag\" \/>\n<meta property=\"og:type\" content=\"article\" class=\"yoast-seo-meta-tag\" \/>\n<meta property=\"og:title\" content=\"Transformando la docencia a trav\u00e9s del aprendizaje activo - Arica y Parinacota\" class=\"yoast-seo-meta-tag\" \/>\n<meta property=\"og:description\" content=\"\u201cLo importante es generar un aprendizaje activo, en donde los estudiantes de los distintos niveles logren entender lo que se les ense\u00f1a y aplicarlo, seg\u00fan sus necesidades\u201d se\u00f1al\u00f3 la destacada acad\u00e9mica Lueny Morell, Premio Gordon 2006 de la National Academy of Engineering de Estados Unidos por Innovaci\u00f3n en la Educaci\u00f3n en Ingenier\u00eda, en el taller [&hellip;]\" class=\"yoast-seo-meta-tag\" \/>\n<meta property=\"og:url\" content=\"https:\/\/dev.explora.cl\/aricayparinacota\/transformando-la-docencia-a-traves-del-aprendizaje-activo-2\/\" class=\"yoast-seo-meta-tag\" \/>\n<meta property=\"og:site_name\" content=\"Arica y Parinacota\" class=\"yoast-seo-meta-tag\" \/>\n<meta property=\"article:published_time\" content=\"2015-03-30T00:00:00+00:00\" class=\"yoast-seo-meta-tag\" \/>\n<meta property=\"article:modified_time\" content=\"2019-05-09T21:14:50+00:00\" class=\"yoast-seo-meta-tag\" \/>\n<meta property=\"og:image\" content=\"https:\/\/dev.explora.cl\/aricayparinacota\/wp-content\/uploads\/sites\/2\/2018\/06\/74b70e117240790040e9a0b48f4f91c3.jpg\" class=\"yoast-seo-meta-tag\" \/>\n\t<meta property=\"og:image:width\" content=\"300\" class=\"yoast-seo-meta-tag\" \/>\n\t<meta property=\"og:image:height\" content=\"207\" class=\"yoast-seo-meta-tag\" \/>\n\t<meta property=\"og:image:type\" content=\"image\/jpeg\" class=\"yoast-seo-meta-tag\" \/>\n<meta name=\"author\" content=\"webman\" class=\"yoast-seo-meta-tag\" \/>\n<meta name=\"twitter:card\" content=\"summary_large_image\" class=\"yoast-seo-meta-tag\" \/>\n<meta name=\"twitter:label1\" content=\"Escrito por\" class=\"yoast-seo-meta-tag\" \/>\n\t<meta name=\"twitter:data1\" content=\"webman\" class=\"yoast-seo-meta-tag\" \/>\n\t<meta name=\"twitter:label2\" content=\"Tiempo estimado de lectura\" class=\"yoast-seo-meta-tag\" \/>\n\t<meta name=\"twitter:data2\" content=\"2 minutos\" class=\"yoast-seo-meta-tag\" \/>\n<script type=\"application\/ld+json\" class=\"yoast-schema-graph\">{\"@context\":\"https:\/\/schema.org\",\"@graph\":[{\"@type\":\"Article\",\"@id\":\"https:\/\/dev.explora.cl\/aricayparinacota\/transformando-la-docencia-a-traves-del-aprendizaje-activo-2\/#article\",\"isPartOf\":{\"@id\":\"https:\/\/dev.explora.cl\/aricayparinacota\/transformando-la-docencia-a-traves-del-aprendizaje-activo-2\/\"},\"author\":{\"name\":\"webman\",\"@id\":\"https:\/\/dev.explora.cl\/aricayparinacota\/#\/schema\/person\/cb8349c13ea2d324080adf8480d7ba5d\"},\"headline\":\"Transformando la docencia a trav\u00e9s del aprendizaje activo\",\"datePublished\":\"2015-03-30T00:00:00+00:00\",\"dateModified\":\"2019-05-09T21:14:50+00:00\",\"mainEntityOfPage\":{\"@id\":\"https:\/\/dev.explora.cl\/aricayparinacota\/transformando-la-docencia-a-traves-del-aprendizaje-activo-2\/\"},\"wordCount\":394,\"commentCount\":0,\"publisher\":{\"@id\":\"https:\/\/dev.explora.cl\/aricayparinacota\/#organization\"},\"image\":{\"@id\":\"https:\/\/dev.explora.cl\/aricayparinacota\/transformando-la-docencia-a-traves-del-aprendizaje-activo-2\/#primaryimage\"},\"thumbnailUrl\":\"https:\/\/dev.explora.cl\/aricayparinacota\/wp-content\/uploads\/sites\/2\/2018\/06\/74b70e117240790040e9a0b48f4f91c3.jpg\",\"articleSection\":[\"Noticias\"],\"inLanguage\":\"es-CL\",\"potentialAction\":[{\"@type\":\"CommentAction\",\"name\":\"Comment\",\"target\":[\"https:\/\/dev.explora.cl\/aricayparinacota\/transformando-la-docencia-a-traves-del-aprendizaje-activo-2\/#respond\"]}]},{\"@type\":\"WebPage\",\"@id\":\"https:\/\/dev.explora.cl\/aricayparinacota\/transformando-la-docencia-a-traves-del-aprendizaje-activo-2\/\",\"url\":\"https:\/\/dev.explora.cl\/aricayparinacota\/transformando-la-docencia-a-traves-del-aprendizaje-activo-2\/\",\"name\":\"Transformando la docencia a trav\u00e9s del aprendizaje activo - Arica y Parinacota\",\"isPartOf\":{\"@id\":\"https:\/\/dev.explora.cl\/aricayparinacota\/#website\"},\"primaryImageOfPage\":{\"@id\":\"https:\/\/dev.explora.cl\/aricayparinacota\/transformando-la-docencia-a-traves-del-aprendizaje-activo-2\/#primaryimage\"},\"image\":{\"@id\":\"https:\/\/dev.explora.cl\/aricayparinacota\/transformando-la-docencia-a-traves-del-aprendizaje-activo-2\/#primaryimage\"},\"thumbnailUrl\":\"https:\/\/dev.explora.cl\/aricayparinacota\/wp-content\/uploads\/sites\/2\/2018\/06\/74b70e117240790040e9a0b48f4f91c3.jpg\",\"datePublished\":\"2015-03-30T00:00:00+00:00\",\"dateModified\":\"2019-05-09T21:14:50+00:00\",\"breadcrumb\":{\"@id\":\"https:\/\/dev.explora.cl\/aricayparinacota\/transformando-la-docencia-a-traves-del-aprendizaje-activo-2\/#breadcrumb\"},\"inLanguage\":\"es-CL\",\"potentialAction\":[{\"@type\":\"ReadAction\",\"target\":[\"https:\/\/dev.explora.cl\/aricayparinacota\/transformando-la-docencia-a-traves-del-aprendizaje-activo-2\/\"]}]},{\"@type\":\"ImageObject\",\"inLanguage\":\"es-CL\",\"@id\":\"https:\/\/dev.explora.cl\/aricayparinacota\/transformando-la-docencia-a-traves-del-aprendizaje-activo-2\/#primaryimage\",\"url\":\"https:\/\/dev.explora.cl\/aricayparinacota\/wp-content\/uploads\/sites\/2\/2018\/06\/74b70e117240790040e9a0b48f4f91c3.jpg\",\"contentUrl\":\"https:\/\/dev.explora.cl\/aricayparinacota\/wp-content\/uploads\/sites\/2\/2018\/06\/74b70e117240790040e9a0b48f4f91c3.jpg\",\"width\":300,\"height\":207},{\"@type\":\"BreadcrumbList\",\"@id\":\"https:\/\/dev.explora.cl\/aricayparinacota\/transformando-la-docencia-a-traves-del-aprendizaje-activo-2\/#breadcrumb\",\"itemListElement\":[{\"@type\":\"ListItem\",\"position\":1,\"name\":\"Portada\",\"item\":\"https:\/\/dev.explora.cl\/aricayparinacota\/\"},{\"@type\":\"ListItem\",\"position\":2,\"name\":\"Transformando la docencia a trav\u00e9s del aprendizaje activo\"}]},{\"@type\":\"WebSite\",\"@id\":\"https:\/\/dev.explora.cl\/aricayparinacota\/#website\",\"url\":\"https:\/\/dev.explora.cl\/aricayparinacota\/\",\"name\":\"Arica y Parinacota\",\"description\":\"Otro sitio m\u00e1s de dev.explora.cl\",\"publisher\":{\"@id\":\"https:\/\/dev.explora.cl\/aricayparinacota\/#organization\"},\"potentialAction\":[{\"@type\":\"SearchAction\",\"target\":{\"@type\":\"EntryPoint\",\"urlTemplate\":\"https:\/\/dev.explora.cl\/aricayparinacota\/?s={search_term_string}\"},\"query-input\":{\"@type\":\"PropertyValueSpecification\",\"valueRequired\":true,\"valueName\":\"search_term_string\"}}],\"inLanguage\":\"es-CL\"},{\"@type\":\"Organization\",\"@id\":\"https:\/\/dev.explora.cl\/aricayparinacota\/#organization\",\"name\":\"Arica y Parinacota\",\"url\":\"https:\/\/dev.explora.cl\/aricayparinacota\/\",\"logo\":{\"@type\":\"ImageObject\",\"inLanguage\":\"es-CL\",\"@id\":\"https:\/\/dev.explora.cl\/aricayparinacota\/#\/schema\/logo\/image\/\",\"url\":\"https:\/\/dev.explora.cl\/aricayparinacota\/wp-content\/uploads\/sites\/2\/2020\/08\/cropped-nuevosa-logos-11.png\",\"contentUrl\":\"https:\/\/dev.explora.cl\/aricayparinacota\/wp-content\/uploads\/sites\/2\/2020\/08\/cropped-nuevosa-logos-11.png\",\"width\":812,\"height\":937,\"caption\":\"Arica y Parinacota\"},\"image\":{\"@id\":\"https:\/\/dev.explora.cl\/aricayparinacota\/#\/schema\/logo\/image\/\"}},{\"@type\":\"Person\",\"@id\":\"https:\/\/dev.explora.cl\/aricayparinacota\/#\/schema\/person\/cb8349c13ea2d324080adf8480d7ba5d\",\"name\":\"webman\",\"image\":{\"@type\":\"ImageObject\",\"inLanguage\":\"es-CL\",\"@id\":\"https:\/\/dev.explora.cl\/aricayparinacota\/#\/schema\/person\/image\/\",\"url\":\"https:\/\/secure.gravatar.com\/avatar\/eeff3c82f2c02f7177d13663b7e6f890e9a6a0647ce9bb29cae02dcb094c7312?s=96&d=mm&r=g\",\"contentUrl\":\"https:\/\/secure.gravatar.com\/avatar\/eeff3c82f2c02f7177d13663b7e6f890e9a6a0647ce9bb29cae02dcb094c7312?s=96&d=mm&r=g\",\"caption\":\"webman\"},\"url\":\"https:\/\/dev.explora.cl\/aricayparinacota\/author\/webman\/\"}]}<\/script>\n<!-- \/ Yoast SEO plugin. -->","yoast_head_json":{"title":"Transformando la docencia a trav\u00e9s del aprendizaje activo - Arica y Parinacota","robots":{"index":"index","follow":"follow","max-snippet":"max-snippet:-1","max-image-preview":"max-image-preview:large","max-video-preview":"max-video-preview:-1"},"canonical":"https:\/\/dev.explora.cl\/aricayparinacota\/transformando-la-docencia-a-traves-del-aprendizaje-activo-2\/","og_locale":"es_ES","og_type":"article","og_title":"Transformando la docencia a trav\u00e9s del aprendizaje activo - Arica y Parinacota","og_description":"\u201cLo importante es generar un aprendizaje activo, en donde los estudiantes de los distintos niveles logren entender lo que se les ense\u00f1a y aplicarlo, seg\u00fan sus necesidades\u201d se\u00f1al\u00f3 la destacada acad\u00e9mica Lueny Morell, Premio Gordon 2006 de la National Academy of Engineering de Estados Unidos por Innovaci\u00f3n en la Educaci\u00f3n en Ingenier\u00eda, en el taller [&hellip;]","og_url":"https:\/\/dev.explora.cl\/aricayparinacota\/transformando-la-docencia-a-traves-del-aprendizaje-activo-2\/","og_site_name":"Arica y Parinacota","article_published_time":"2015-03-30T00:00:00+00:00","article_modified_time":"2019-05-09T21:14:50+00:00","og_image":[{"width":300,"height":207,"url":"https:\/\/dev.explora.cl\/aricayparinacota\/wp-content\/uploads\/sites\/2\/2018\/06\/74b70e117240790040e9a0b48f4f91c3.jpg","type":"image\/jpeg"}],"author":"webman","twitter_card":"summary_large_image","twitter_misc":{"Escrito por":"webman","Tiempo estimado de lectura":"2 minutos"},"schema":{"@context":"https:\/\/schema.org","@graph":[{"@type":"Article","@id":"https:\/\/dev.explora.cl\/aricayparinacota\/transformando-la-docencia-a-traves-del-aprendizaje-activo-2\/#article","isPartOf":{"@id":"https:\/\/dev.explora.cl\/aricayparinacota\/transformando-la-docencia-a-traves-del-aprendizaje-activo-2\/"},"author":{"name":"webman","@id":"https:\/\/dev.explora.cl\/aricayparinacota\/#\/schema\/person\/cb8349c13ea2d324080adf8480d7ba5d"},"headline":"Transformando la docencia a trav\u00e9s del aprendizaje activo","datePublished":"2015-03-30T00:00:00+00:00","dateModified":"2019-05-09T21:14:50+00:00","mainEntityOfPage":{"@id":"https:\/\/dev.explora.cl\/aricayparinacota\/transformando-la-docencia-a-traves-del-aprendizaje-activo-2\/"},"wordCount":394,"commentCount":0,"publisher":{"@id":"https:\/\/dev.explora.cl\/aricayparinacota\/#organization"},"image":{"@id":"https:\/\/dev.explora.cl\/aricayparinacota\/transformando-la-docencia-a-traves-del-aprendizaje-activo-2\/#primaryimage"},"thumbnailUrl":"https:\/\/dev.explora.cl\/aricayparinacota\/wp-content\/uploads\/sites\/2\/2018\/06\/74b70e117240790040e9a0b48f4f91c3.jpg","articleSection":["Noticias"],"inLanguage":"es-CL","potentialAction":[{"@type":"CommentAction","name":"Comment","target":["https:\/\/dev.explora.cl\/aricayparinacota\/transformando-la-docencia-a-traves-del-aprendizaje-activo-2\/#respond"]}]},{"@type":"WebPage","@id":"https:\/\/dev.explora.cl\/aricayparinacota\/transformando-la-docencia-a-traves-del-aprendizaje-activo-2\/","url":"https:\/\/dev.explora.cl\/aricayparinacota\/transformando-la-docencia-a-traves-del-aprendizaje-activo-2\/","name":"Transformando la docencia a trav\u00e9s del aprendizaje activo - Arica y Parinacota","isPartOf":{"@id":"https:\/\/dev.explora.cl\/aricayparinacota\/#website"},"primaryImageOfPage":{"@id":"https:\/\/dev.explora.cl\/aricayparinacota\/transformando-la-docencia-a-traves-del-aprendizaje-activo-2\/#primaryimage"},"image":{"@id":"https:\/\/dev.explora.cl\/aricayparinacota\/transformando-la-docencia-a-traves-del-aprendizaje-activo-2\/#primaryimage"},"thumbnailUrl":"https:\/\/dev.explora.cl\/aricayparinacota\/wp-content\/uploads\/sites\/2\/2018\/06\/74b70e117240790040e9a0b48f4f91c3.jpg","datePublished":"2015-03-30T00:00:00+00:00","dateModified":"2019-05-09T21:14:50+00:00","breadcrumb":{"@id":"https:\/\/dev.explora.cl\/aricayparinacota\/transformando-la-docencia-a-traves-del-aprendizaje-activo-2\/#breadcrumb"},"inLanguage":"es-CL","potentialAction":[{"@type":"ReadAction","target":["https:\/\/dev.explora.cl\/aricayparinacota\/transformando-la-docencia-a-traves-del-aprendizaje-activo-2\/"]}]},{"@type":"ImageObject","inLanguage":"es-CL","@id":"https:\/\/dev.explora.cl\/aricayparinacota\/transformando-la-docencia-a-traves-del-aprendizaje-activo-2\/#primaryimage","url":"https:\/\/dev.explora.cl\/aricayparinacota\/wp-content\/uploads\/sites\/2\/2018\/06\/74b70e117240790040e9a0b48f4f91c3.jpg","contentUrl":"https:\/\/dev.explora.cl\/aricayparinacota\/wp-content\/uploads\/sites\/2\/2018\/06\/74b70e117240790040e9a0b48f4f91c3.jpg","width":300,"height":207},{"@type":"BreadcrumbList","@id":"https:\/\/dev.explora.cl\/aricayparinacota\/transformando-la-docencia-a-traves-del-aprendizaje-activo-2\/#breadcrumb","itemListElement":[{"@type":"ListItem","position":1,"name":"Portada","item":"https:\/\/dev.explora.cl\/aricayparinacota\/"},{"@type":"ListItem","position":2,"name":"Transformando la docencia a trav\u00e9s del aprendizaje activo"}]},{"@type":"WebSite","@id":"https:\/\/dev.explora.cl\/aricayparinacota\/#website","url":"https:\/\/dev.explora.cl\/aricayparinacota\/","name":"Arica y Parinacota","description":"Otro sitio m\u00e1s de dev.explora.cl","publisher":{"@id":"https:\/\/dev.explora.cl\/aricayparinacota\/#organization"},"potentialAction":[{"@type":"SearchAction","target":{"@type":"EntryPoint","urlTemplate":"https:\/\/dev.explora.cl\/aricayparinacota\/?s={search_term_string}"},"query-input":{"@type":"PropertyValueSpecification","valueRequired":true,"valueName":"search_term_string"}}],"inLanguage":"es-CL"},{"@type":"Organization","@id":"https:\/\/dev.explora.cl\/aricayparinacota\/#organization","name":"Arica y Parinacota","url":"https:\/\/dev.explora.cl\/aricayparinacota\/","logo":{"@type":"ImageObject","inLanguage":"es-CL","@id":"https:\/\/dev.explora.cl\/aricayparinacota\/#\/schema\/logo\/image\/","url":"https:\/\/dev.explora.cl\/aricayparinacota\/wp-content\/uploads\/sites\/2\/2020\/08\/cropped-nuevosa-logos-11.png","contentUrl":"https:\/\/dev.explora.cl\/aricayparinacota\/wp-content\/uploads\/sites\/2\/2020\/08\/cropped-nuevosa-logos-11.png","width":812,"height":937,"caption":"Arica y Parinacota"},"image":{"@id":"https:\/\/dev.explora.cl\/aricayparinacota\/#\/schema\/logo\/image\/"}},{"@type":"Person","@id":"https:\/\/dev.explora.cl\/aricayparinacota\/#\/schema\/person\/cb8349c13ea2d324080adf8480d7ba5d","name":"webman","image":{"@type":"ImageObject","inLanguage":"es-CL","@id":"https:\/\/dev.explora.cl\/aricayparinacota\/#\/schema\/person\/image\/","url":"https:\/\/secure.gravatar.com\/avatar\/eeff3c82f2c02f7177d13663b7e6f890e9a6a0647ce9bb29cae02dcb094c7312?s=96&d=mm&r=g","contentUrl":"https:\/\/secure.gravatar.com\/avatar\/eeff3c82f2c02f7177d13663b7e6f890e9a6a0647ce9bb29cae02dcb094c7312?s=96&d=mm&r=g","caption":"webman"},"url":"https:\/\/dev.explora.cl\/aricayparinacota\/author\/webman\/"}]}},"_links":{"self":[{"href":"https:\/\/dev.explora.cl\/aricayparinacota\/wp-json\/wp\/v2\/posts\/32007","targetHints":{"allow":["GET"]}}],"collection":[{"href":"https:\/\/dev.explora.cl\/aricayparinacota\/wp-json\/wp\/v2\/posts"}],"about":[{"href":"https:\/\/dev.explora.cl\/aricayparinacota\/wp-json\/wp\/v2\/types\/post"}],"author":[{"embeddable":true,"href":"https:\/\/dev.explora.cl\/aricayparinacota\/wp-json\/wp\/v2\/users\/2"}],"replies":[{"embeddable":true,"href":"https:\/\/dev.explora.cl\/aricayparinacota\/wp-json\/wp\/v2\/comments?post=32007"}],"version-history":[{"count":1,"href":"https:\/\/dev.explora.cl\/aricayparinacota\/wp-json\/wp\/v2\/posts\/32007\/revisions"}],"predecessor-version":[{"id":32977,"href":"https:\/\/dev.explora.cl\/aricayparinacota\/wp-json\/wp\/v2\/posts\/32007\/revisions\/32977"}],"wp:featuredmedia":[{"embeddable":true,"href":"https:\/\/dev.explora.cl\/aricayparinacota\/wp-json\/wp\/v2\/media\/32008"}],"wp:attachment":[{"href":"https:\/\/dev.explora.cl\/aricayparinacota\/wp-json\/wp\/v2\/media?parent=32007"}],"wp:term":[{"taxonomy":"category","embeddable":true,"href":"https:\/\/dev.explora.cl\/aricayparinacota\/wp-json\/wp\/v2\/categories?post=32007"},{"taxonomy":"post_tag","embeddable":true,"href":"https:\/\/dev.explora.cl\/aricayparinacota\/wp-json\/wp\/v2\/tags?post=32007"}],"curies":[{"name":"wp","href":"https:\/\/api.w.org\/{rel}","templated":true}]}}