{"id":32005,"date":"2015-03-30T00:00:00","date_gmt":"2015-03-30T00:00:00","guid":{"rendered":"https:\/\/dev.explora.cl\/aricayparinacota\/blog\/2015\/03\/30\/por-que-se-inundo-el-desertico-norte-de-chile-1\/"},"modified":"2019-05-09T21:14:43","modified_gmt":"2019-05-09T21:14:43","slug":"por-que-se-inundo-el-desertico-norte-de-chile-1","status":"publish","type":"post","link":"https:\/\/dev.explora.cl\/aricayparinacota\/por-que-se-inundo-el-desertico-norte-de-chile-1\/","title":{"rendered":"\u00bfPor qu\u00e9 se inund\u00f3 el des\u00e9rtico norte de Chile?"},"content":{"rendered":"<p><img loading=\"lazy\" decoding=\"async\" class=\" size-full wp-image-9820\" src=\"http:\/\/ec2-34-218-253-251.us-west-2.compute.amazonaws.com\/wp-content\/uploads\/2015\/03\/57189dd170d51bbd678c40b294c1d11b.jpg\" alt=\"\" width=\"300\" height=\"169\" \/><\/p>\n<p>Las primeras gotas comenzaron a caer el martes.<\/p>\n<p>Y en poco tiempo, se transformaron en un temporal que convirti\u00f3 a las regiones \u00e1ridas de Antofagasta, Atacama y Coquimbo, en el norte de Chile, en un lugar irreconocible.<\/p>\n<p>Las precipitaciones provocaron aluviones de agua y lodo que dejaron hasta el momento siete muertos, cerca de 20 heridos y cuantiosos da\u00f1os materiales.<\/p>\n<p>\u00bfPero c\u00f3mo es posible que esta zona tradicionalmente des\u00e9rtica se haya convertido en un lodazal? \u00bfA qu\u00e9 se deben estas lluvias repentinas y devastadoras?<\/p>\n<p><span style=\"color: #000000\"><strong>Combinaci\u00f3n fatal<\/strong><\/span><\/p>\n<p>&#8220;En principio hay que entender que, aunque el norte de Chile sea uno de los desiertos m\u00e1s \u00e1ridos del mundo&#8221;, le dice a BBC Mundo Francisco Ferrando, director acad\u00e9mico de la Facultad de Arquitectura y Urbanismo de la Universidad de Chile, &#8220;debido a la presencia de la cordillera de los Andes y a la meseta altipl\u00e1nica sobre los 4000 metros de altitud, en verano se registran los efectos monz\u00f3n amaz\u00f3nico que trascienden los Andes&#8221;.<\/p>\n<p>&#8220;Esto genera lluvias importantes sobre ese sector de la alta cordillera que se traducen en flujos aluvionales que bajan sobre el desierto&#8221;.<\/p>\n<p>&#8220;Esto&#8221;, recalca, &#8220;ocurre todos los veranos&#8221;.<\/p>\n<p>&#8220;Lo que sucedi\u00f3 en este caso fue un tipo de tormenta que no es tan frecuente y que se denomina baja segregada&#8221;, le explica a BBC Mundo Ren\u00e9 Garreaud, subdirector del Centro de Ciencia del Clima y la Resiliencia (CR2).<\/p>\n<p>Esto es esencialmente un n\u00facleo de aire fr\u00edo en altura que se desprende del flujo principal de los vientos del oeste y que se enfrenta con masas de aire c\u00e1lido y cargadas de mucha humedad que vienen desde la cuenca amaz\u00f3nica.<\/p>\n<p>Esta combinaci\u00f3n provoc\u00f3 una intensificaci\u00f3n de las lluvias y desencaden\u00f3 los aluviones en norte del pa\u00eds.<\/p>\n<p>Seg\u00fan se\u00f1ala Garreaud, las bajas segregadas tienen lugar una o dos veces al a\u00f1o y &#8220;siempre que ocurren tienen un efecto significativo, como una tormenta de viento o una nevaz\u00f3n inesperada en la parte alta de la cordillera&#8221;.<\/p>\n<p>&#8220;Esta vez se manifest\u00f3 con precipitaciones muy intensas porque un hubo un aporte de humedad de la zona m\u00e1s tropical&#8221;.<\/p>\n<p>Por otra parte, el hecho de que las precipitaciones se produjeran en un tiempo muy concentrado empeor\u00f3 la situaci\u00f3n. &#8220;Si se hubieran dado a lo largo de 24 o 48 horas su efecto hubiese sido m\u00e1s ben\u00e9fico&#8221;, dice el experto.<\/p>\n<p><span style=\"color: #000000\"><strong>\u00bfHasta cu\u00e1nto absorbe la tierra seca?<\/strong><\/span><\/p>\n<p>Uno podr\u00eda imaginarse que, siendo el suelo una extensi\u00f3n seca sedienta de agua, tendr\u00eda la capacidad de absorber la lluvia sin que se produzcan aluviones.<\/p>\n<p>En opini\u00f3n de Ferrando, el problema es la intensidad.<\/p>\n<p>&#8220;Los terrenos tienen buena capacidad de infiltraci\u00f3n ya que son muy secos, pero la intensidad fue tal, que super\u00f3 con creces la capacidad de absorci\u00f3n y por lo tanto se gener\u00f3 un enorme excedente de agua que se transform\u00f3 en escurrimientos superficiales&#8221;.<\/p>\n<p>En Chile, en general, &#8220;si llueven m\u00e1s de 60 mil\u00edmetros en 24 horas se produce un aluvi\u00f3n. En el norte, el umbral es mucho m\u00e1s bajo. Con 4 o 5 mil\u00edmetros que caigan en un d\u00eda es factible que se produzcan estos movimientos de masa&#8221;.<\/p>\n<p>Pero tambi\u00e9n, apunta Garreaud, &#8220;aunque el suelo absorbe una buena cantidad, no todo se filtra porque \u00e9ste forma una pel\u00edcula, una suerte de costra que tiende a impermeabilizar la superficie&#8221;.<\/p>\n<p><span style=\"color: #000000\"><strong>Pron\u00f3stico certero<\/strong><\/span><\/p>\n<p>Como explican los expertos, \u00e9sta no es la primera vez que ocurre ni la \u00faltima que llover\u00e1 de esta manera en Atacama.<\/p>\n<p>Ferrando recuerda que otras lluvias intensas tuvieron lugar en 1991 y 1997.<\/p>\n<p>No obstante, lo que s\u00ed resulta una novedad es que &#8220;con el cambio clim\u00e1tico, que no hay duda est\u00e1 afectando al pa\u00eds, estos fen\u00f3menos se producen con m\u00e1s frecuencia&#8221;.<\/p>\n<p>Pero si ya sabemos de antemano que pueden a ocurrir, sobre todo en verano, \u00bfes posible evitar sus consecuencias?<\/p>\n<p>Sin entrar en el terreno de c\u00f3mo manejar la emergencia, que se escapa al \u00e1mbito estrictamente cient\u00edfico, hay cosas que se pueden mejorar. Seg\u00fan le dice a BBC Mundo Garreaud, en t\u00e9rminos meteorol\u00f3gicos, el pron\u00f3stico en esta ocasi\u00f3n fue muy acertado.<\/p>\n<p>&#8220;Sab\u00edamos lo que iba a ocurrir. El s\u00e1bado y domingo ya mostraban signos de precipitaciones que fueron las que luego se manifestaron a los 4 o 5 d\u00edas&#8221;.<\/p>\n<p>&#8220;El servicio meteorol\u00f3gico advirti\u00f3 sobre este fen\u00f3meno&#8221;. &#8220;Pero lo que a\u00fan falta&#8221;, dice, &#8220;son los sistemas que permitan traducir los mil\u00edmetros de lluvia que se van a precipitar -con el tiempo en el que lo hacen- en la probabilidad de aluviones&#8221;.<\/p>\n<p>&#8220;Porque la lluvia no es el problema, sino los aluviones&#8221;. &#8220;Eso es lo m\u00e1s dif\u00edcil: entender -ya que depende de una serie de factores como la forma de los r\u00edos y otras variables- cu\u00e1ndo la lluvia se trasforma en una corriente de lodo&#8221;, explica.<\/p>\n<p>Hay conocimiento a nivel internacional, &#8220;pero en Chile, no lo hemos adoptado. Estamos un poco en d\u00e9ficit en ese sentido. Ah\u00ed, tenemos mucho que mejorar&#8221;, concluye el investigador.<\/p>\n<p><span style=\"color: #0000ff\"><a href=\"http:\/\/www.bbc.co.uk\/mundo\/noticias\/2015\/03\/150327_lluvias_chile_porque_lp?utm_content=bufferc0d61&amp;utm_medium=social&amp;utm_source=facebook.com&amp;utm_campaign=buffer\" target=\"_blank\" rel=\"noopener noreferrer\"><span style=\"color: #0000ff\">Fuente:\u00a0bbc.co<\/span><\/a><\/span><\/p>\n","protected":false},"excerpt":{"rendered":"<p>Las primeras gotas comenzaron a caer el martes. Y en poco tiempo, se transformaron en un temporal que convirti\u00f3 a las regiones \u00e1ridas de Antofagasta, Atacama y Coquimbo, en el norte de Chile, en un lugar irreconocible. Las precipitaciones provocaron aluviones de agua y lodo que dejaron hasta el momento siete muertos, cerca de 20 [&hellip;]<\/p>\n","protected":false},"author":2,"featured_media":32006,"comment_status":"open","ping_status":"open","sticky":false,"template":"","format":"standard","meta":{"_acf_changed":false,"_exactmetrics_skip_tracking":false,"_exactmetrics_sitenote_active":false,"_exactmetrics_sitenote_note":"","_exactmetrics_sitenote_category":0,"footnotes":"","_links_to":"","_links_to_target":""},"categories":[4],"tags":[],"class_list":["post-32005","post","type-post","status-publish","format-standard","has-post-thumbnail","hentry","category-noticias"],"acf":[],"yoast_head":"<!-- This site is optimized with the Yoast SEO plugin v26.7 - https:\/\/yoast.com\/wordpress\/plugins\/seo\/ -->\n<title>\u00bfPor qu\u00e9 se inund\u00f3 el des\u00e9rtico norte de Chile? - Arica y Parinacota<\/title>\n<meta name=\"robots\" content=\"index, follow, max-snippet:-1, max-image-preview:large, max-video-preview:-1\" \/>\n<link rel=\"canonical\" href=\"https:\/\/dev.explora.cl\/aricayparinacota\/por-que-se-inundo-el-desertico-norte-de-chile-1\/\" class=\"yoast-seo-meta-tag\" \/>\n<meta property=\"og:locale\" content=\"es_ES\" class=\"yoast-seo-meta-tag\" \/>\n<meta property=\"og:type\" content=\"article\" class=\"yoast-seo-meta-tag\" \/>\n<meta property=\"og:title\" content=\"\u00bfPor qu\u00e9 se inund\u00f3 el des\u00e9rtico norte de Chile? - Arica y Parinacota\" class=\"yoast-seo-meta-tag\" \/>\n<meta property=\"og:description\" content=\"Las primeras gotas comenzaron a caer el martes. Y en poco tiempo, se transformaron en un temporal que convirti\u00f3 a las regiones \u00e1ridas de Antofagasta, Atacama y Coquimbo, en el norte de Chile, en un lugar irreconocible. Las precipitaciones provocaron aluviones de agua y lodo que dejaron hasta el momento siete muertos, cerca de 20 [&hellip;]\" class=\"yoast-seo-meta-tag\" \/>\n<meta property=\"og:url\" content=\"https:\/\/dev.explora.cl\/aricayparinacota\/por-que-se-inundo-el-desertico-norte-de-chile-1\/\" class=\"yoast-seo-meta-tag\" \/>\n<meta property=\"og:site_name\" content=\"Arica y Parinacota\" class=\"yoast-seo-meta-tag\" \/>\n<meta property=\"article:published_time\" content=\"2015-03-30T00:00:00+00:00\" class=\"yoast-seo-meta-tag\" \/>\n<meta property=\"article:modified_time\" content=\"2019-05-09T21:14:43+00:00\" class=\"yoast-seo-meta-tag\" \/>\n<meta property=\"og:image\" content=\"https:\/\/dev.explora.cl\/aricayparinacota\/wp-content\/uploads\/sites\/2\/2018\/06\/57189dd170d51bbd678c40b294c1d11b.jpg\" class=\"yoast-seo-meta-tag\" \/>\n\t<meta property=\"og:image:width\" content=\"300\" class=\"yoast-seo-meta-tag\" \/>\n\t<meta property=\"og:image:height\" content=\"169\" class=\"yoast-seo-meta-tag\" \/>\n\t<meta property=\"og:image:type\" content=\"image\/jpeg\" class=\"yoast-seo-meta-tag\" \/>\n<meta name=\"author\" content=\"webman\" class=\"yoast-seo-meta-tag\" \/>\n<meta name=\"twitter:card\" content=\"summary_large_image\" class=\"yoast-seo-meta-tag\" \/>\n<meta name=\"twitter:label1\" content=\"Escrito por\" class=\"yoast-seo-meta-tag\" \/>\n\t<meta name=\"twitter:data1\" content=\"webman\" class=\"yoast-seo-meta-tag\" \/>\n\t<meta name=\"twitter:label2\" content=\"Tiempo estimado de lectura\" class=\"yoast-seo-meta-tag\" \/>\n\t<meta name=\"twitter:data2\" content=\"4 minutos\" class=\"yoast-seo-meta-tag\" \/>\n<script type=\"application\/ld+json\" class=\"yoast-schema-graph\">{\"@context\":\"https:\/\/schema.org\",\"@graph\":[{\"@type\":\"Article\",\"@id\":\"https:\/\/dev.explora.cl\/aricayparinacota\/por-que-se-inundo-el-desertico-norte-de-chile-1\/#article\",\"isPartOf\":{\"@id\":\"https:\/\/dev.explora.cl\/aricayparinacota\/por-que-se-inundo-el-desertico-norte-de-chile-1\/\"},\"author\":{\"name\":\"webman\",\"@id\":\"https:\/\/dev.explora.cl\/aricayparinacota\/#\/schema\/person\/cb8349c13ea2d324080adf8480d7ba5d\"},\"headline\":\"\u00bfPor qu\u00e9 se inund\u00f3 el des\u00e9rtico norte de Chile?\",\"datePublished\":\"2015-03-30T00:00:00+00:00\",\"dateModified\":\"2019-05-09T21:14:43+00:00\",\"mainEntityOfPage\":{\"@id\":\"https:\/\/dev.explora.cl\/aricayparinacota\/por-que-se-inundo-el-desertico-norte-de-chile-1\/\"},\"wordCount\":870,\"commentCount\":0,\"publisher\":{\"@id\":\"https:\/\/dev.explora.cl\/aricayparinacota\/#organization\"},\"image\":{\"@id\":\"https:\/\/dev.explora.cl\/aricayparinacota\/por-que-se-inundo-el-desertico-norte-de-chile-1\/#primaryimage\"},\"thumbnailUrl\":\"https:\/\/dev.explora.cl\/aricayparinacota\/wp-content\/uploads\/sites\/2\/2018\/06\/57189dd170d51bbd678c40b294c1d11b.jpg\",\"articleSection\":[\"Noticias\"],\"inLanguage\":\"es-CL\",\"potentialAction\":[{\"@type\":\"CommentAction\",\"name\":\"Comment\",\"target\":[\"https:\/\/dev.explora.cl\/aricayparinacota\/por-que-se-inundo-el-desertico-norte-de-chile-1\/#respond\"]}]},{\"@type\":\"WebPage\",\"@id\":\"https:\/\/dev.explora.cl\/aricayparinacota\/por-que-se-inundo-el-desertico-norte-de-chile-1\/\",\"url\":\"https:\/\/dev.explora.cl\/aricayparinacota\/por-que-se-inundo-el-desertico-norte-de-chile-1\/\",\"name\":\"\u00bfPor qu\u00e9 se inund\u00f3 el des\u00e9rtico norte de Chile? - Arica y Parinacota\",\"isPartOf\":{\"@id\":\"https:\/\/dev.explora.cl\/aricayparinacota\/#website\"},\"primaryImageOfPage\":{\"@id\":\"https:\/\/dev.explora.cl\/aricayparinacota\/por-que-se-inundo-el-desertico-norte-de-chile-1\/#primaryimage\"},\"image\":{\"@id\":\"https:\/\/dev.explora.cl\/aricayparinacota\/por-que-se-inundo-el-desertico-norte-de-chile-1\/#primaryimage\"},\"thumbnailUrl\":\"https:\/\/dev.explora.cl\/aricayparinacota\/wp-content\/uploads\/sites\/2\/2018\/06\/57189dd170d51bbd678c40b294c1d11b.jpg\",\"datePublished\":\"2015-03-30T00:00:00+00:00\",\"dateModified\":\"2019-05-09T21:14:43+00:00\",\"breadcrumb\":{\"@id\":\"https:\/\/dev.explora.cl\/aricayparinacota\/por-que-se-inundo-el-desertico-norte-de-chile-1\/#breadcrumb\"},\"inLanguage\":\"es-CL\",\"potentialAction\":[{\"@type\":\"ReadAction\",\"target\":[\"https:\/\/dev.explora.cl\/aricayparinacota\/por-que-se-inundo-el-desertico-norte-de-chile-1\/\"]}]},{\"@type\":\"ImageObject\",\"inLanguage\":\"es-CL\",\"@id\":\"https:\/\/dev.explora.cl\/aricayparinacota\/por-que-se-inundo-el-desertico-norte-de-chile-1\/#primaryimage\",\"url\":\"https:\/\/dev.explora.cl\/aricayparinacota\/wp-content\/uploads\/sites\/2\/2018\/06\/57189dd170d51bbd678c40b294c1d11b.jpg\",\"contentUrl\":\"https:\/\/dev.explora.cl\/aricayparinacota\/wp-content\/uploads\/sites\/2\/2018\/06\/57189dd170d51bbd678c40b294c1d11b.jpg\",\"width\":300,\"height\":169},{\"@type\":\"BreadcrumbList\",\"@id\":\"https:\/\/dev.explora.cl\/aricayparinacota\/por-que-se-inundo-el-desertico-norte-de-chile-1\/#breadcrumb\",\"itemListElement\":[{\"@type\":\"ListItem\",\"position\":1,\"name\":\"Portada\",\"item\":\"https:\/\/dev.explora.cl\/aricayparinacota\/\"},{\"@type\":\"ListItem\",\"position\":2,\"name\":\"\u00bfPor qu\u00e9 se inund\u00f3 el des\u00e9rtico norte de Chile?\"}]},{\"@type\":\"WebSite\",\"@id\":\"https:\/\/dev.explora.cl\/aricayparinacota\/#website\",\"url\":\"https:\/\/dev.explora.cl\/aricayparinacota\/\",\"name\":\"Arica y Parinacota\",\"description\":\"Otro sitio m\u00e1s de dev.explora.cl\",\"publisher\":{\"@id\":\"https:\/\/dev.explora.cl\/aricayparinacota\/#organization\"},\"potentialAction\":[{\"@type\":\"SearchAction\",\"target\":{\"@type\":\"EntryPoint\",\"urlTemplate\":\"https:\/\/dev.explora.cl\/aricayparinacota\/?s={search_term_string}\"},\"query-input\":{\"@type\":\"PropertyValueSpecification\",\"valueRequired\":true,\"valueName\":\"search_term_string\"}}],\"inLanguage\":\"es-CL\"},{\"@type\":\"Organization\",\"@id\":\"https:\/\/dev.explora.cl\/aricayparinacota\/#organization\",\"name\":\"Arica y Parinacota\",\"url\":\"https:\/\/dev.explora.cl\/aricayparinacota\/\",\"logo\":{\"@type\":\"ImageObject\",\"inLanguage\":\"es-CL\",\"@id\":\"https:\/\/dev.explora.cl\/aricayparinacota\/#\/schema\/logo\/image\/\",\"url\":\"https:\/\/dev.explora.cl\/aricayparinacota\/wp-content\/uploads\/sites\/2\/2020\/08\/cropped-nuevosa-logos-11.png\",\"contentUrl\":\"https:\/\/dev.explora.cl\/aricayparinacota\/wp-content\/uploads\/sites\/2\/2020\/08\/cropped-nuevosa-logos-11.png\",\"width\":812,\"height\":937,\"caption\":\"Arica y Parinacota\"},\"image\":{\"@id\":\"https:\/\/dev.explora.cl\/aricayparinacota\/#\/schema\/logo\/image\/\"}},{\"@type\":\"Person\",\"@id\":\"https:\/\/dev.explora.cl\/aricayparinacota\/#\/schema\/person\/cb8349c13ea2d324080adf8480d7ba5d\",\"name\":\"webman\",\"image\":{\"@type\":\"ImageObject\",\"inLanguage\":\"es-CL\",\"@id\":\"https:\/\/dev.explora.cl\/aricayparinacota\/#\/schema\/person\/image\/\",\"url\":\"https:\/\/secure.gravatar.com\/avatar\/eeff3c82f2c02f7177d13663b7e6f890e9a6a0647ce9bb29cae02dcb094c7312?s=96&d=mm&r=g\",\"contentUrl\":\"https:\/\/secure.gravatar.com\/avatar\/eeff3c82f2c02f7177d13663b7e6f890e9a6a0647ce9bb29cae02dcb094c7312?s=96&d=mm&r=g\",\"caption\":\"webman\"},\"url\":\"https:\/\/dev.explora.cl\/aricayparinacota\/author\/webman\/\"}]}<\/script>\n<!-- \/ Yoast SEO plugin. -->","yoast_head_json":{"title":"\u00bfPor qu\u00e9 se inund\u00f3 el des\u00e9rtico norte de Chile? - Arica y Parinacota","robots":{"index":"index","follow":"follow","max-snippet":"max-snippet:-1","max-image-preview":"max-image-preview:large","max-video-preview":"max-video-preview:-1"},"canonical":"https:\/\/dev.explora.cl\/aricayparinacota\/por-que-se-inundo-el-desertico-norte-de-chile-1\/","og_locale":"es_ES","og_type":"article","og_title":"\u00bfPor qu\u00e9 se inund\u00f3 el des\u00e9rtico norte de Chile? - Arica y Parinacota","og_description":"Las primeras gotas comenzaron a caer el martes. Y en poco tiempo, se transformaron en un temporal que convirti\u00f3 a las regiones \u00e1ridas de Antofagasta, Atacama y Coquimbo, en el norte de Chile, en un lugar irreconocible. Las precipitaciones provocaron aluviones de agua y lodo que dejaron hasta el momento siete muertos, cerca de 20 [&hellip;]","og_url":"https:\/\/dev.explora.cl\/aricayparinacota\/por-que-se-inundo-el-desertico-norte-de-chile-1\/","og_site_name":"Arica y Parinacota","article_published_time":"2015-03-30T00:00:00+00:00","article_modified_time":"2019-05-09T21:14:43+00:00","og_image":[{"width":300,"height":169,"url":"https:\/\/dev.explora.cl\/aricayparinacota\/wp-content\/uploads\/sites\/2\/2018\/06\/57189dd170d51bbd678c40b294c1d11b.jpg","type":"image\/jpeg"}],"author":"webman","twitter_card":"summary_large_image","twitter_misc":{"Escrito por":"webman","Tiempo estimado de lectura":"4 minutos"},"schema":{"@context":"https:\/\/schema.org","@graph":[{"@type":"Article","@id":"https:\/\/dev.explora.cl\/aricayparinacota\/por-que-se-inundo-el-desertico-norte-de-chile-1\/#article","isPartOf":{"@id":"https:\/\/dev.explora.cl\/aricayparinacota\/por-que-se-inundo-el-desertico-norte-de-chile-1\/"},"author":{"name":"webman","@id":"https:\/\/dev.explora.cl\/aricayparinacota\/#\/schema\/person\/cb8349c13ea2d324080adf8480d7ba5d"},"headline":"\u00bfPor qu\u00e9 se inund\u00f3 el des\u00e9rtico norte de Chile?","datePublished":"2015-03-30T00:00:00+00:00","dateModified":"2019-05-09T21:14:43+00:00","mainEntityOfPage":{"@id":"https:\/\/dev.explora.cl\/aricayparinacota\/por-que-se-inundo-el-desertico-norte-de-chile-1\/"},"wordCount":870,"commentCount":0,"publisher":{"@id":"https:\/\/dev.explora.cl\/aricayparinacota\/#organization"},"image":{"@id":"https:\/\/dev.explora.cl\/aricayparinacota\/por-que-se-inundo-el-desertico-norte-de-chile-1\/#primaryimage"},"thumbnailUrl":"https:\/\/dev.explora.cl\/aricayparinacota\/wp-content\/uploads\/sites\/2\/2018\/06\/57189dd170d51bbd678c40b294c1d11b.jpg","articleSection":["Noticias"],"inLanguage":"es-CL","potentialAction":[{"@type":"CommentAction","name":"Comment","target":["https:\/\/dev.explora.cl\/aricayparinacota\/por-que-se-inundo-el-desertico-norte-de-chile-1\/#respond"]}]},{"@type":"WebPage","@id":"https:\/\/dev.explora.cl\/aricayparinacota\/por-que-se-inundo-el-desertico-norte-de-chile-1\/","url":"https:\/\/dev.explora.cl\/aricayparinacota\/por-que-se-inundo-el-desertico-norte-de-chile-1\/","name":"\u00bfPor qu\u00e9 se inund\u00f3 el des\u00e9rtico norte de Chile? - Arica y Parinacota","isPartOf":{"@id":"https:\/\/dev.explora.cl\/aricayparinacota\/#website"},"primaryImageOfPage":{"@id":"https:\/\/dev.explora.cl\/aricayparinacota\/por-que-se-inundo-el-desertico-norte-de-chile-1\/#primaryimage"},"image":{"@id":"https:\/\/dev.explora.cl\/aricayparinacota\/por-que-se-inundo-el-desertico-norte-de-chile-1\/#primaryimage"},"thumbnailUrl":"https:\/\/dev.explora.cl\/aricayparinacota\/wp-content\/uploads\/sites\/2\/2018\/06\/57189dd170d51bbd678c40b294c1d11b.jpg","datePublished":"2015-03-30T00:00:00+00:00","dateModified":"2019-05-09T21:14:43+00:00","breadcrumb":{"@id":"https:\/\/dev.explora.cl\/aricayparinacota\/por-que-se-inundo-el-desertico-norte-de-chile-1\/#breadcrumb"},"inLanguage":"es-CL","potentialAction":[{"@type":"ReadAction","target":["https:\/\/dev.explora.cl\/aricayparinacota\/por-que-se-inundo-el-desertico-norte-de-chile-1\/"]}]},{"@type":"ImageObject","inLanguage":"es-CL","@id":"https:\/\/dev.explora.cl\/aricayparinacota\/por-que-se-inundo-el-desertico-norte-de-chile-1\/#primaryimage","url":"https:\/\/dev.explora.cl\/aricayparinacota\/wp-content\/uploads\/sites\/2\/2018\/06\/57189dd170d51bbd678c40b294c1d11b.jpg","contentUrl":"https:\/\/dev.explora.cl\/aricayparinacota\/wp-content\/uploads\/sites\/2\/2018\/06\/57189dd170d51bbd678c40b294c1d11b.jpg","width":300,"height":169},{"@type":"BreadcrumbList","@id":"https:\/\/dev.explora.cl\/aricayparinacota\/por-que-se-inundo-el-desertico-norte-de-chile-1\/#breadcrumb","itemListElement":[{"@type":"ListItem","position":1,"name":"Portada","item":"https:\/\/dev.explora.cl\/aricayparinacota\/"},{"@type":"ListItem","position":2,"name":"\u00bfPor qu\u00e9 se inund\u00f3 el des\u00e9rtico norte de Chile?"}]},{"@type":"WebSite","@id":"https:\/\/dev.explora.cl\/aricayparinacota\/#website","url":"https:\/\/dev.explora.cl\/aricayparinacota\/","name":"Arica y Parinacota","description":"Otro sitio m\u00e1s de dev.explora.cl","publisher":{"@id":"https:\/\/dev.explora.cl\/aricayparinacota\/#organization"},"potentialAction":[{"@type":"SearchAction","target":{"@type":"EntryPoint","urlTemplate":"https:\/\/dev.explora.cl\/aricayparinacota\/?s={search_term_string}"},"query-input":{"@type":"PropertyValueSpecification","valueRequired":true,"valueName":"search_term_string"}}],"inLanguage":"es-CL"},{"@type":"Organization","@id":"https:\/\/dev.explora.cl\/aricayparinacota\/#organization","name":"Arica y Parinacota","url":"https:\/\/dev.explora.cl\/aricayparinacota\/","logo":{"@type":"ImageObject","inLanguage":"es-CL","@id":"https:\/\/dev.explora.cl\/aricayparinacota\/#\/schema\/logo\/image\/","url":"https:\/\/dev.explora.cl\/aricayparinacota\/wp-content\/uploads\/sites\/2\/2020\/08\/cropped-nuevosa-logos-11.png","contentUrl":"https:\/\/dev.explora.cl\/aricayparinacota\/wp-content\/uploads\/sites\/2\/2020\/08\/cropped-nuevosa-logos-11.png","width":812,"height":937,"caption":"Arica y Parinacota"},"image":{"@id":"https:\/\/dev.explora.cl\/aricayparinacota\/#\/schema\/logo\/image\/"}},{"@type":"Person","@id":"https:\/\/dev.explora.cl\/aricayparinacota\/#\/schema\/person\/cb8349c13ea2d324080adf8480d7ba5d","name":"webman","image":{"@type":"ImageObject","inLanguage":"es-CL","@id":"https:\/\/dev.explora.cl\/aricayparinacota\/#\/schema\/person\/image\/","url":"https:\/\/secure.gravatar.com\/avatar\/eeff3c82f2c02f7177d13663b7e6f890e9a6a0647ce9bb29cae02dcb094c7312?s=96&d=mm&r=g","contentUrl":"https:\/\/secure.gravatar.com\/avatar\/eeff3c82f2c02f7177d13663b7e6f890e9a6a0647ce9bb29cae02dcb094c7312?s=96&d=mm&r=g","caption":"webman"},"url":"https:\/\/dev.explora.cl\/aricayparinacota\/author\/webman\/"}]}},"_links":{"self":[{"href":"https:\/\/dev.explora.cl\/aricayparinacota\/wp-json\/wp\/v2\/posts\/32005","targetHints":{"allow":["GET"]}}],"collection":[{"href":"https:\/\/dev.explora.cl\/aricayparinacota\/wp-json\/wp\/v2\/posts"}],"about":[{"href":"https:\/\/dev.explora.cl\/aricayparinacota\/wp-json\/wp\/v2\/types\/post"}],"author":[{"embeddable":true,"href":"https:\/\/dev.explora.cl\/aricayparinacota\/wp-json\/wp\/v2\/users\/2"}],"replies":[{"embeddable":true,"href":"https:\/\/dev.explora.cl\/aricayparinacota\/wp-json\/wp\/v2\/comments?post=32005"}],"version-history":[{"count":1,"href":"https:\/\/dev.explora.cl\/aricayparinacota\/wp-json\/wp\/v2\/posts\/32005\/revisions"}],"predecessor-version":[{"id":32976,"href":"https:\/\/dev.explora.cl\/aricayparinacota\/wp-json\/wp\/v2\/posts\/32005\/revisions\/32976"}],"wp:featuredmedia":[{"embeddable":true,"href":"https:\/\/dev.explora.cl\/aricayparinacota\/wp-json\/wp\/v2\/media\/32006"}],"wp:attachment":[{"href":"https:\/\/dev.explora.cl\/aricayparinacota\/wp-json\/wp\/v2\/media?parent=32005"}],"wp:term":[{"taxonomy":"category","embeddable":true,"href":"https:\/\/dev.explora.cl\/aricayparinacota\/wp-json\/wp\/v2\/categories?post=32005"},{"taxonomy":"post_tag","embeddable":true,"href":"https:\/\/dev.explora.cl\/aricayparinacota\/wp-json\/wp\/v2\/tags?post=32005"}],"curies":[{"name":"wp","href":"https:\/\/api.w.org\/{rel}","templated":true}]}}