{"id":32003,"date":"2015-03-20T00:00:00","date_gmt":"2015-03-20T00:00:00","guid":{"rendered":"https:\/\/dev.explora.cl\/aricayparinacota\/blog\/2015\/03\/20\/la-nasa-detecta-misteriosas-nubes-de-polvo-en-la-alta-atmosfera-de-marte-1\/"},"modified":"2019-05-09T21:15:12","modified_gmt":"2019-05-09T21:15:12","slug":"la-nasa-detecta-misteriosas-nubes-de-polvo-en-la-alta-atmosfera-de-marte-1","status":"publish","type":"post","link":"https:\/\/dev.explora.cl\/aricayparinacota\/la-nasa-detecta-misteriosas-nubes-de-polvo-en-la-alta-atmosfera-de-marte-1\/","title":{"rendered":"La NASA detecta misteriosas nubes de polvo en la alta atm\u00f3sfera de Marte"},"content":{"rendered":"<p><img loading=\"lazy\" decoding=\"async\" class=\" size-full wp-image-9614\" src=\"http:\/\/ec2-34-218-253-251.us-west-2.compute.amazonaws.com\/wp-content\/uploads\/2015\/03\/f84800a57d3e3a5f2516c71fdc657da9.jpg\" alt=\"\" width=\"300\" height=\"200\" \/><\/p>\n<p>El fen\u00f3meno, que se encontraba a una altitud de 150 a 300 kil\u00f3metros sobre la superficie marciana, fue descubierto por la sonda Maven de la agencia espacial estadounidense.<\/p>\n<p>La sonda Maven de la Nasa detect\u00f3 misteriosas nubes de polvo en la alta atm\u00f3sfera de Marte y auroras boreales similares a las que se producen en la Tierra, indic\u00f3 hoy la agencia espacial estadounidense.<\/p>\n<p>El polvo, cuyo origen se desconoce, se hallaba a una altitud de 150 a 300 kil\u00f3metros sobre la superficie, un fen\u00f3meno completamente inesperado, destacaron los cient\u00edficos.<\/p>\n<p>&#8220;Si el polvo se forma en la atm\u00f3sfera de Marte, esto sugiere que no hab\u00edamos visto hasta ahora un importante fen\u00f3meno atmosf\u00e9rico del planeta rojo&#8221;, se\u00f1al\u00f3 Laila Andersson, del Laboratorio atmosf\u00e9rico y de f\u00edsica espacial de la Universidad de Colorado, as\u00ed como parte de la misi\u00f3n Maven.<\/p>\n<p>La nube de polvo detectada por dos de los instrumentos de la sonda estuvo presente durante todas las observaciones. Los investigadores no saben si se trata de un fen\u00f3meno temporal o permanente.<\/p>\n<p>Entre las posibles fuentes de esta nube, los expertos citan las dos lunas de Marte -Fobos y Deimos-, el polvo transportado por el viento solar o restos de cometas. Pero no se tiene conocimiento de procesos planetarios en Marte que puedan explicar el origen de este polvo, dicen los cient\u00edficos.<\/p>\n<p>Durante cinco horas de observaci\u00f3n con la ayuda de un espect\u00f3grafo ultravioleta, Maven tambi\u00e9n detect\u00f3 auroras boreales, antes del 25 de diciembre pasado, bautizadas &#8220;Las luces de Navidad&#8221; sobre la superficie del hemisferio norte de Marte.<\/p>\n<p>Las auroras boreales y australes sobre la Tierra son provocadas por part\u00edculas de energ\u00eda como electrones del viento solar que golpean en la atm\u00f3sfera.<\/p>\n<p>&#8220;Lo que fue sorprendente en las auroras boreales marcianas observadas en diciembre, es la gran profundidad en la atm\u00f3sfera&#8221; comparado con las que son producidas en la Tierra &#8220;o en otros lugares de Marte en observaciones precedentes&#8221;, indic\u00f3 Arnaud Stiepen, investigador de la universidad de Colorado y miembro del equipo cient\u00edfico de Maven.<\/p>\n<p>Estas observaciones son parte de una presentaci\u00f3n durante la conferencia de ciencias lunares y planetarias esta semana en The Woodlands en Texas (centro-sur). Maven fue lanzada hacia Marte en noviembre de 2013 para intentar desvelar el misterio de la desaparici\u00f3n de su atm\u00f3sfera y de gran parte de su agua. La sonda entr\u00f3 en la \u00f3rbita del planeta rojo el 21 de septiembre de 2014 y lleva cuatro meses de misi\u00f3n cient\u00edfica, que durar\u00e1 un a\u00f1o.<\/p>\n<p>Fuente: <a href=\"http:\/\/www.emol.com\/noticias\/tecnologia\/2015\/03\/18\/708616\/la-nasa-detecta-misteriosas-nubes-de-polvo-en-la-alta-atmosfera-de-marte.html\" target=\"_blank\" rel=\"noopener noreferrer\"><span style=\"text-decoration: underline\"><span style=\"color: #0000ff;text-decoration: underline\">emol<\/span><\/span><\/a><\/p>\n","protected":false},"excerpt":{"rendered":"<p>El fen\u00f3meno, que se encontraba a una altitud de 150 a 300 kil\u00f3metros sobre la superficie marciana, fue descubierto por la sonda Maven de la agencia espacial estadounidense. La sonda Maven de la Nasa detect\u00f3 misteriosas nubes de polvo en la alta atm\u00f3sfera de Marte y auroras boreales similares a las que se producen en [&hellip;]<\/p>\n","protected":false},"author":2,"featured_media":32004,"comment_status":"open","ping_status":"open","sticky":false,"template":"","format":"standard","meta":{"_acf_changed":false,"_exactmetrics_skip_tracking":false,"_exactmetrics_sitenote_active":false,"_exactmetrics_sitenote_note":"","_exactmetrics_sitenote_category":0,"footnotes":"","_links_to":"","_links_to_target":""},"categories":[4],"tags":[],"class_list":["post-32003","post","type-post","status-publish","format-standard","has-post-thumbnail","hentry","category-noticias"],"acf":[],"yoast_head":"<!-- This site is optimized with the Yoast SEO plugin v26.7 - https:\/\/yoast.com\/wordpress\/plugins\/seo\/ -->\n<title>La NASA detecta misteriosas nubes de polvo en la alta atm\u00f3sfera de Marte - Arica y Parinacota<\/title>\n<meta name=\"robots\" content=\"index, follow, max-snippet:-1, max-image-preview:large, max-video-preview:-1\" \/>\n<link rel=\"canonical\" href=\"https:\/\/dev.explora.cl\/aricayparinacota\/la-nasa-detecta-misteriosas-nubes-de-polvo-en-la-alta-atmosfera-de-marte-1\/\" class=\"yoast-seo-meta-tag\" \/>\n<meta property=\"og:locale\" content=\"es_ES\" class=\"yoast-seo-meta-tag\" \/>\n<meta property=\"og:type\" content=\"article\" class=\"yoast-seo-meta-tag\" \/>\n<meta property=\"og:title\" content=\"La NASA detecta misteriosas nubes de polvo en la alta atm\u00f3sfera de Marte - Arica y Parinacota\" class=\"yoast-seo-meta-tag\" \/>\n<meta property=\"og:description\" content=\"El fen\u00f3meno, que se encontraba a una altitud de 150 a 300 kil\u00f3metros sobre la superficie marciana, fue descubierto por la sonda Maven de la agencia espacial estadounidense. La sonda Maven de la Nasa detect\u00f3 misteriosas nubes de polvo en la alta atm\u00f3sfera de Marte y auroras boreales similares a las que se producen en [&hellip;]\" class=\"yoast-seo-meta-tag\" \/>\n<meta property=\"og:url\" content=\"https:\/\/dev.explora.cl\/aricayparinacota\/la-nasa-detecta-misteriosas-nubes-de-polvo-en-la-alta-atmosfera-de-marte-1\/\" class=\"yoast-seo-meta-tag\" \/>\n<meta property=\"og:site_name\" content=\"Arica y Parinacota\" class=\"yoast-seo-meta-tag\" \/>\n<meta property=\"article:published_time\" content=\"2015-03-20T00:00:00+00:00\" class=\"yoast-seo-meta-tag\" \/>\n<meta property=\"article:modified_time\" content=\"2019-05-09T21:15:12+00:00\" class=\"yoast-seo-meta-tag\" \/>\n<meta property=\"og:image\" content=\"https:\/\/dev.explora.cl\/aricayparinacota\/wp-content\/uploads\/sites\/2\/2018\/06\/f84800a57d3e3a5f2516c71fdc657da9.jpg\" class=\"yoast-seo-meta-tag\" \/>\n\t<meta property=\"og:image:width\" content=\"300\" class=\"yoast-seo-meta-tag\" \/>\n\t<meta property=\"og:image:height\" content=\"200\" class=\"yoast-seo-meta-tag\" \/>\n\t<meta property=\"og:image:type\" content=\"image\/jpeg\" class=\"yoast-seo-meta-tag\" \/>\n<meta name=\"author\" content=\"webman\" class=\"yoast-seo-meta-tag\" \/>\n<meta name=\"twitter:card\" content=\"summary_large_image\" class=\"yoast-seo-meta-tag\" \/>\n<meta name=\"twitter:label1\" content=\"Escrito por\" class=\"yoast-seo-meta-tag\" \/>\n\t<meta name=\"twitter:data1\" content=\"webman\" class=\"yoast-seo-meta-tag\" \/>\n\t<meta name=\"twitter:label2\" content=\"Tiempo estimado de lectura\" class=\"yoast-seo-meta-tag\" \/>\n\t<meta name=\"twitter:data2\" content=\"2 minutos\" class=\"yoast-seo-meta-tag\" \/>\n<script type=\"application\/ld+json\" class=\"yoast-schema-graph\">{\"@context\":\"https:\/\/schema.org\",\"@graph\":[{\"@type\":\"Article\",\"@id\":\"https:\/\/dev.explora.cl\/aricayparinacota\/la-nasa-detecta-misteriosas-nubes-de-polvo-en-la-alta-atmosfera-de-marte-1\/#article\",\"isPartOf\":{\"@id\":\"https:\/\/dev.explora.cl\/aricayparinacota\/la-nasa-detecta-misteriosas-nubes-de-polvo-en-la-alta-atmosfera-de-marte-1\/\"},\"author\":{\"name\":\"webman\",\"@id\":\"https:\/\/dev.explora.cl\/aricayparinacota\/#\/schema\/person\/cb8349c13ea2d324080adf8480d7ba5d\"},\"headline\":\"La NASA detecta misteriosas nubes de polvo en la alta atm\u00f3sfera de Marte\",\"datePublished\":\"2015-03-20T00:00:00+00:00\",\"dateModified\":\"2019-05-09T21:15:12+00:00\",\"mainEntityOfPage\":{\"@id\":\"https:\/\/dev.explora.cl\/aricayparinacota\/la-nasa-detecta-misteriosas-nubes-de-polvo-en-la-alta-atmosfera-de-marte-1\/\"},\"wordCount\":445,\"commentCount\":0,\"publisher\":{\"@id\":\"https:\/\/dev.explora.cl\/aricayparinacota\/#organization\"},\"image\":{\"@id\":\"https:\/\/dev.explora.cl\/aricayparinacota\/la-nasa-detecta-misteriosas-nubes-de-polvo-en-la-alta-atmosfera-de-marte-1\/#primaryimage\"},\"thumbnailUrl\":\"https:\/\/dev.explora.cl\/aricayparinacota\/wp-content\/uploads\/sites\/2\/2018\/06\/f84800a57d3e3a5f2516c71fdc657da9.jpg\",\"articleSection\":[\"Noticias\"],\"inLanguage\":\"es-CL\",\"potentialAction\":[{\"@type\":\"CommentAction\",\"name\":\"Comment\",\"target\":[\"https:\/\/dev.explora.cl\/aricayparinacota\/la-nasa-detecta-misteriosas-nubes-de-polvo-en-la-alta-atmosfera-de-marte-1\/#respond\"]}]},{\"@type\":\"WebPage\",\"@id\":\"https:\/\/dev.explora.cl\/aricayparinacota\/la-nasa-detecta-misteriosas-nubes-de-polvo-en-la-alta-atmosfera-de-marte-1\/\",\"url\":\"https:\/\/dev.explora.cl\/aricayparinacota\/la-nasa-detecta-misteriosas-nubes-de-polvo-en-la-alta-atmosfera-de-marte-1\/\",\"name\":\"La NASA detecta misteriosas nubes de polvo en la alta atm\u00f3sfera de Marte - Arica y Parinacota\",\"isPartOf\":{\"@id\":\"https:\/\/dev.explora.cl\/aricayparinacota\/#website\"},\"primaryImageOfPage\":{\"@id\":\"https:\/\/dev.explora.cl\/aricayparinacota\/la-nasa-detecta-misteriosas-nubes-de-polvo-en-la-alta-atmosfera-de-marte-1\/#primaryimage\"},\"image\":{\"@id\":\"https:\/\/dev.explora.cl\/aricayparinacota\/la-nasa-detecta-misteriosas-nubes-de-polvo-en-la-alta-atmosfera-de-marte-1\/#primaryimage\"},\"thumbnailUrl\":\"https:\/\/dev.explora.cl\/aricayparinacota\/wp-content\/uploads\/sites\/2\/2018\/06\/f84800a57d3e3a5f2516c71fdc657da9.jpg\",\"datePublished\":\"2015-03-20T00:00:00+00:00\",\"dateModified\":\"2019-05-09T21:15:12+00:00\",\"breadcrumb\":{\"@id\":\"https:\/\/dev.explora.cl\/aricayparinacota\/la-nasa-detecta-misteriosas-nubes-de-polvo-en-la-alta-atmosfera-de-marte-1\/#breadcrumb\"},\"inLanguage\":\"es-CL\",\"potentialAction\":[{\"@type\":\"ReadAction\",\"target\":[\"https:\/\/dev.explora.cl\/aricayparinacota\/la-nasa-detecta-misteriosas-nubes-de-polvo-en-la-alta-atmosfera-de-marte-1\/\"]}]},{\"@type\":\"ImageObject\",\"inLanguage\":\"es-CL\",\"@id\":\"https:\/\/dev.explora.cl\/aricayparinacota\/la-nasa-detecta-misteriosas-nubes-de-polvo-en-la-alta-atmosfera-de-marte-1\/#primaryimage\",\"url\":\"https:\/\/dev.explora.cl\/aricayparinacota\/wp-content\/uploads\/sites\/2\/2018\/06\/f84800a57d3e3a5f2516c71fdc657da9.jpg\",\"contentUrl\":\"https:\/\/dev.explora.cl\/aricayparinacota\/wp-content\/uploads\/sites\/2\/2018\/06\/f84800a57d3e3a5f2516c71fdc657da9.jpg\",\"width\":300,\"height\":200},{\"@type\":\"BreadcrumbList\",\"@id\":\"https:\/\/dev.explora.cl\/aricayparinacota\/la-nasa-detecta-misteriosas-nubes-de-polvo-en-la-alta-atmosfera-de-marte-1\/#breadcrumb\",\"itemListElement\":[{\"@type\":\"ListItem\",\"position\":1,\"name\":\"Portada\",\"item\":\"https:\/\/dev.explora.cl\/aricayparinacota\/\"},{\"@type\":\"ListItem\",\"position\":2,\"name\":\"La NASA detecta misteriosas nubes de polvo en la alta atm\u00f3sfera de Marte\"}]},{\"@type\":\"WebSite\",\"@id\":\"https:\/\/dev.explora.cl\/aricayparinacota\/#website\",\"url\":\"https:\/\/dev.explora.cl\/aricayparinacota\/\",\"name\":\"Arica y Parinacota\",\"description\":\"Otro sitio m\u00e1s de dev.explora.cl\",\"publisher\":{\"@id\":\"https:\/\/dev.explora.cl\/aricayparinacota\/#organization\"},\"potentialAction\":[{\"@type\":\"SearchAction\",\"target\":{\"@type\":\"EntryPoint\",\"urlTemplate\":\"https:\/\/dev.explora.cl\/aricayparinacota\/?s={search_term_string}\"},\"query-input\":{\"@type\":\"PropertyValueSpecification\",\"valueRequired\":true,\"valueName\":\"search_term_string\"}}],\"inLanguage\":\"es-CL\"},{\"@type\":\"Organization\",\"@id\":\"https:\/\/dev.explora.cl\/aricayparinacota\/#organization\",\"name\":\"Arica y Parinacota\",\"url\":\"https:\/\/dev.explora.cl\/aricayparinacota\/\",\"logo\":{\"@type\":\"ImageObject\",\"inLanguage\":\"es-CL\",\"@id\":\"https:\/\/dev.explora.cl\/aricayparinacota\/#\/schema\/logo\/image\/\",\"url\":\"https:\/\/dev.explora.cl\/aricayparinacota\/wp-content\/uploads\/sites\/2\/2020\/08\/cropped-nuevosa-logos-11.png\",\"contentUrl\":\"https:\/\/dev.explora.cl\/aricayparinacota\/wp-content\/uploads\/sites\/2\/2020\/08\/cropped-nuevosa-logos-11.png\",\"width\":812,\"height\":937,\"caption\":\"Arica y Parinacota\"},\"image\":{\"@id\":\"https:\/\/dev.explora.cl\/aricayparinacota\/#\/schema\/logo\/image\/\"}},{\"@type\":\"Person\",\"@id\":\"https:\/\/dev.explora.cl\/aricayparinacota\/#\/schema\/person\/cb8349c13ea2d324080adf8480d7ba5d\",\"name\":\"webman\",\"image\":{\"@type\":\"ImageObject\",\"inLanguage\":\"es-CL\",\"@id\":\"https:\/\/dev.explora.cl\/aricayparinacota\/#\/schema\/person\/image\/\",\"url\":\"https:\/\/secure.gravatar.com\/avatar\/eeff3c82f2c02f7177d13663b7e6f890e9a6a0647ce9bb29cae02dcb094c7312?s=96&d=mm&r=g\",\"contentUrl\":\"https:\/\/secure.gravatar.com\/avatar\/eeff3c82f2c02f7177d13663b7e6f890e9a6a0647ce9bb29cae02dcb094c7312?s=96&d=mm&r=g\",\"caption\":\"webman\"},\"url\":\"https:\/\/dev.explora.cl\/aricayparinacota\/author\/webman\/\"}]}<\/script>\n<!-- \/ Yoast SEO plugin. -->","yoast_head_json":{"title":"La NASA detecta misteriosas nubes de polvo en la alta atm\u00f3sfera de Marte - Arica y Parinacota","robots":{"index":"index","follow":"follow","max-snippet":"max-snippet:-1","max-image-preview":"max-image-preview:large","max-video-preview":"max-video-preview:-1"},"canonical":"https:\/\/dev.explora.cl\/aricayparinacota\/la-nasa-detecta-misteriosas-nubes-de-polvo-en-la-alta-atmosfera-de-marte-1\/","og_locale":"es_ES","og_type":"article","og_title":"La NASA detecta misteriosas nubes de polvo en la alta atm\u00f3sfera de Marte - Arica y Parinacota","og_description":"El fen\u00f3meno, que se encontraba a una altitud de 150 a 300 kil\u00f3metros sobre la superficie marciana, fue descubierto por la sonda Maven de la agencia espacial estadounidense. La sonda Maven de la Nasa detect\u00f3 misteriosas nubes de polvo en la alta atm\u00f3sfera de Marte y auroras boreales similares a las que se producen en [&hellip;]","og_url":"https:\/\/dev.explora.cl\/aricayparinacota\/la-nasa-detecta-misteriosas-nubes-de-polvo-en-la-alta-atmosfera-de-marte-1\/","og_site_name":"Arica y Parinacota","article_published_time":"2015-03-20T00:00:00+00:00","article_modified_time":"2019-05-09T21:15:12+00:00","og_image":[{"width":300,"height":200,"url":"https:\/\/dev.explora.cl\/aricayparinacota\/wp-content\/uploads\/sites\/2\/2018\/06\/f84800a57d3e3a5f2516c71fdc657da9.jpg","type":"image\/jpeg"}],"author":"webman","twitter_card":"summary_large_image","twitter_misc":{"Escrito por":"webman","Tiempo estimado de lectura":"2 minutos"},"schema":{"@context":"https:\/\/schema.org","@graph":[{"@type":"Article","@id":"https:\/\/dev.explora.cl\/aricayparinacota\/la-nasa-detecta-misteriosas-nubes-de-polvo-en-la-alta-atmosfera-de-marte-1\/#article","isPartOf":{"@id":"https:\/\/dev.explora.cl\/aricayparinacota\/la-nasa-detecta-misteriosas-nubes-de-polvo-en-la-alta-atmosfera-de-marte-1\/"},"author":{"name":"webman","@id":"https:\/\/dev.explora.cl\/aricayparinacota\/#\/schema\/person\/cb8349c13ea2d324080adf8480d7ba5d"},"headline":"La NASA detecta misteriosas nubes de polvo en la alta atm\u00f3sfera de Marte","datePublished":"2015-03-20T00:00:00+00:00","dateModified":"2019-05-09T21:15:12+00:00","mainEntityOfPage":{"@id":"https:\/\/dev.explora.cl\/aricayparinacota\/la-nasa-detecta-misteriosas-nubes-de-polvo-en-la-alta-atmosfera-de-marte-1\/"},"wordCount":445,"commentCount":0,"publisher":{"@id":"https:\/\/dev.explora.cl\/aricayparinacota\/#organization"},"image":{"@id":"https:\/\/dev.explora.cl\/aricayparinacota\/la-nasa-detecta-misteriosas-nubes-de-polvo-en-la-alta-atmosfera-de-marte-1\/#primaryimage"},"thumbnailUrl":"https:\/\/dev.explora.cl\/aricayparinacota\/wp-content\/uploads\/sites\/2\/2018\/06\/f84800a57d3e3a5f2516c71fdc657da9.jpg","articleSection":["Noticias"],"inLanguage":"es-CL","potentialAction":[{"@type":"CommentAction","name":"Comment","target":["https:\/\/dev.explora.cl\/aricayparinacota\/la-nasa-detecta-misteriosas-nubes-de-polvo-en-la-alta-atmosfera-de-marte-1\/#respond"]}]},{"@type":"WebPage","@id":"https:\/\/dev.explora.cl\/aricayparinacota\/la-nasa-detecta-misteriosas-nubes-de-polvo-en-la-alta-atmosfera-de-marte-1\/","url":"https:\/\/dev.explora.cl\/aricayparinacota\/la-nasa-detecta-misteriosas-nubes-de-polvo-en-la-alta-atmosfera-de-marte-1\/","name":"La NASA detecta misteriosas nubes de polvo en la alta atm\u00f3sfera de Marte - Arica y Parinacota","isPartOf":{"@id":"https:\/\/dev.explora.cl\/aricayparinacota\/#website"},"primaryImageOfPage":{"@id":"https:\/\/dev.explora.cl\/aricayparinacota\/la-nasa-detecta-misteriosas-nubes-de-polvo-en-la-alta-atmosfera-de-marte-1\/#primaryimage"},"image":{"@id":"https:\/\/dev.explora.cl\/aricayparinacota\/la-nasa-detecta-misteriosas-nubes-de-polvo-en-la-alta-atmosfera-de-marte-1\/#primaryimage"},"thumbnailUrl":"https:\/\/dev.explora.cl\/aricayparinacota\/wp-content\/uploads\/sites\/2\/2018\/06\/f84800a57d3e3a5f2516c71fdc657da9.jpg","datePublished":"2015-03-20T00:00:00+00:00","dateModified":"2019-05-09T21:15:12+00:00","breadcrumb":{"@id":"https:\/\/dev.explora.cl\/aricayparinacota\/la-nasa-detecta-misteriosas-nubes-de-polvo-en-la-alta-atmosfera-de-marte-1\/#breadcrumb"},"inLanguage":"es-CL","potentialAction":[{"@type":"ReadAction","target":["https:\/\/dev.explora.cl\/aricayparinacota\/la-nasa-detecta-misteriosas-nubes-de-polvo-en-la-alta-atmosfera-de-marte-1\/"]}]},{"@type":"ImageObject","inLanguage":"es-CL","@id":"https:\/\/dev.explora.cl\/aricayparinacota\/la-nasa-detecta-misteriosas-nubes-de-polvo-en-la-alta-atmosfera-de-marte-1\/#primaryimage","url":"https:\/\/dev.explora.cl\/aricayparinacota\/wp-content\/uploads\/sites\/2\/2018\/06\/f84800a57d3e3a5f2516c71fdc657da9.jpg","contentUrl":"https:\/\/dev.explora.cl\/aricayparinacota\/wp-content\/uploads\/sites\/2\/2018\/06\/f84800a57d3e3a5f2516c71fdc657da9.jpg","width":300,"height":200},{"@type":"BreadcrumbList","@id":"https:\/\/dev.explora.cl\/aricayparinacota\/la-nasa-detecta-misteriosas-nubes-de-polvo-en-la-alta-atmosfera-de-marte-1\/#breadcrumb","itemListElement":[{"@type":"ListItem","position":1,"name":"Portada","item":"https:\/\/dev.explora.cl\/aricayparinacota\/"},{"@type":"ListItem","position":2,"name":"La NASA detecta misteriosas nubes de polvo en la alta atm\u00f3sfera de Marte"}]},{"@type":"WebSite","@id":"https:\/\/dev.explora.cl\/aricayparinacota\/#website","url":"https:\/\/dev.explora.cl\/aricayparinacota\/","name":"Arica y Parinacota","description":"Otro sitio m\u00e1s de dev.explora.cl","publisher":{"@id":"https:\/\/dev.explora.cl\/aricayparinacota\/#organization"},"potentialAction":[{"@type":"SearchAction","target":{"@type":"EntryPoint","urlTemplate":"https:\/\/dev.explora.cl\/aricayparinacota\/?s={search_term_string}"},"query-input":{"@type":"PropertyValueSpecification","valueRequired":true,"valueName":"search_term_string"}}],"inLanguage":"es-CL"},{"@type":"Organization","@id":"https:\/\/dev.explora.cl\/aricayparinacota\/#organization","name":"Arica y Parinacota","url":"https:\/\/dev.explora.cl\/aricayparinacota\/","logo":{"@type":"ImageObject","inLanguage":"es-CL","@id":"https:\/\/dev.explora.cl\/aricayparinacota\/#\/schema\/logo\/image\/","url":"https:\/\/dev.explora.cl\/aricayparinacota\/wp-content\/uploads\/sites\/2\/2020\/08\/cropped-nuevosa-logos-11.png","contentUrl":"https:\/\/dev.explora.cl\/aricayparinacota\/wp-content\/uploads\/sites\/2\/2020\/08\/cropped-nuevosa-logos-11.png","width":812,"height":937,"caption":"Arica y Parinacota"},"image":{"@id":"https:\/\/dev.explora.cl\/aricayparinacota\/#\/schema\/logo\/image\/"}},{"@type":"Person","@id":"https:\/\/dev.explora.cl\/aricayparinacota\/#\/schema\/person\/cb8349c13ea2d324080adf8480d7ba5d","name":"webman","image":{"@type":"ImageObject","inLanguage":"es-CL","@id":"https:\/\/dev.explora.cl\/aricayparinacota\/#\/schema\/person\/image\/","url":"https:\/\/secure.gravatar.com\/avatar\/eeff3c82f2c02f7177d13663b7e6f890e9a6a0647ce9bb29cae02dcb094c7312?s=96&d=mm&r=g","contentUrl":"https:\/\/secure.gravatar.com\/avatar\/eeff3c82f2c02f7177d13663b7e6f890e9a6a0647ce9bb29cae02dcb094c7312?s=96&d=mm&r=g","caption":"webman"},"url":"https:\/\/dev.explora.cl\/aricayparinacota\/author\/webman\/"}]}},"_links":{"self":[{"href":"https:\/\/dev.explora.cl\/aricayparinacota\/wp-json\/wp\/v2\/posts\/32003","targetHints":{"allow":["GET"]}}],"collection":[{"href":"https:\/\/dev.explora.cl\/aricayparinacota\/wp-json\/wp\/v2\/posts"}],"about":[{"href":"https:\/\/dev.explora.cl\/aricayparinacota\/wp-json\/wp\/v2\/types\/post"}],"author":[{"embeddable":true,"href":"https:\/\/dev.explora.cl\/aricayparinacota\/wp-json\/wp\/v2\/users\/2"}],"replies":[{"embeddable":true,"href":"https:\/\/dev.explora.cl\/aricayparinacota\/wp-json\/wp\/v2\/comments?post=32003"}],"version-history":[{"count":1,"href":"https:\/\/dev.explora.cl\/aricayparinacota\/wp-json\/wp\/v2\/posts\/32003\/revisions"}],"predecessor-version":[{"id":32979,"href":"https:\/\/dev.explora.cl\/aricayparinacota\/wp-json\/wp\/v2\/posts\/32003\/revisions\/32979"}],"wp:featuredmedia":[{"embeddable":true,"href":"https:\/\/dev.explora.cl\/aricayparinacota\/wp-json\/wp\/v2\/media\/32004"}],"wp:attachment":[{"href":"https:\/\/dev.explora.cl\/aricayparinacota\/wp-json\/wp\/v2\/media?parent=32003"}],"wp:term":[{"taxonomy":"category","embeddable":true,"href":"https:\/\/dev.explora.cl\/aricayparinacota\/wp-json\/wp\/v2\/categories?post=32003"},{"taxonomy":"post_tag","embeddable":true,"href":"https:\/\/dev.explora.cl\/aricayparinacota\/wp-json\/wp\/v2\/tags?post=32003"}],"curies":[{"name":"wp","href":"https:\/\/api.w.org\/{rel}","templated":true}]}}