{"id":32001,"date":"2015-03-20T00:00:00","date_gmt":"2015-03-20T00:00:00","guid":{"rendered":"https:\/\/dev.explora.cl\/aricayparinacota\/blog\/2015\/03\/20\/un-eclipse-una-super-luna-y-el-equinoccio-se-esperan-para-este-fin-de-semana-1\/"},"modified":"2019-05-09T21:14:56","modified_gmt":"2019-05-09T21:14:56","slug":"un-eclipse-una-super-luna-y-el-equinoccio-se-esperan-para-este-fin-de-semana-1","status":"publish","type":"post","link":"https:\/\/dev.explora.cl\/aricayparinacota\/un-eclipse-una-super-luna-y-el-equinoccio-se-esperan-para-este-fin-de-semana-1\/","title":{"rendered":"Un eclipse, una &quot;S\u00faper Luna&quot; y el equinoccio se esperan para este fin de semana"},"content":{"rendered":"<p><img loading=\"lazy\" decoding=\"async\" class=\" size-full wp-image-9610\" src=\"http:\/\/ec2-34-218-253-251.us-west-2.compute.amazonaws.com\/wp-content\/uploads\/2015\/03\/7b0ff34101502efab09aa5f69054f806.jpg\" alt=\"\" width=\"300\" height=\"220\" \/><\/p>\n<p>Este fin de semana, comenzando desde este viernes, estar\u00e1 lleno de fen\u00f3menos astron\u00f3micos.<\/p>\n<p>Un Eclipse total de Sol visitar\u00e1 al &#8220;Viejo Continente&#8221;, mientras que la &#8220;S\u00faper Luna&#8221;, har\u00e1 brillar al sat\u00e9lite natural este s\u00e1bado.<\/p>\n<p>Como consecuencia de esto el mar se podr\u00eda ver afectado tambi\u00e9n justo cuando, en nuestro hemisferio Sur, recibamos el Oto\u00f1o y comencemos a abrigarnos un poco m\u00e1s.<\/p>\n<p>A continuaci\u00f3n te explicamos estos fen\u00f3menos y cu\u00e1ndo ocurrir\u00e1n:<\/p>\n<p><strong><span style=\"text-decoration: underline\">Eclipse <\/span><\/strong><\/p>\n<p>El mejor lugar para ver el Eclipse ser\u00e1 en Rusia y en el norte de Europa, sin embargo en nuestro lado del planeta Tierra no ser\u00e1 visible a simple vista.<\/p>\n<p>Se trata del primer y \u00fanico eclipse total de Sol del a\u00f1o, el que se podr\u00e1 apreciar en Europa, parte de Asia y \u00c1frica.<\/p>\n<p>Para poder verlo en nuestro pa\u00eds habr\u00e1 que conectarse a 24Horas.cl donde tendremos una transmisi\u00f3n en vivo de este fen\u00f3meno.<\/p>\n<p>Para entender qu\u00e9 es un Eclipse Total de Sol, te contamos que este fen\u00f3meno ocurre cuando el Sol se alinea con la Luna y la Tierra, esto causa que nuestro sat\u00e9lite natural (en medio) bloquee los rayos de luz y haga sombra en gran parte de la Tierra.<\/p>\n<p>Este eclipse ser\u00e1 &#8220;un 100 por ciento sobre el Polo Norte y coincidir\u00e1 con el d\u00eda cuando el Sol es visible despu\u00e9s de 6 meses de noche polar, un fen\u00f3meno que se cree que ocurre una vez cada 400 mil a\u00f1os&#8221;, afirman en la Universidad de Aberystwyth, en el Reino Unido.<\/p>\n<p><strong><span style=\"text-decoration: underline\">&#8220;S\u00faper Luna&#8221; <\/span><\/strong><\/p>\n<p>Si un eclipse es poco, tambi\u00e9n tendremos este fin de semana una &#8220;S\u00faper Luna&#8221;.<\/p>\n<p>El fen\u00f3meno, que ocurre un par de veces cada mes, se percibe de mejor manera cuando el sat\u00e9lite est\u00e1 en fase de Luna Llena, sin embargo este s\u00e1bado en la madrugada no ser\u00e1 el caso y podremos mirar s\u00f3lo parte de la Luna.<\/p>\n<p>Para entender el fen\u00f3meno lo primero que hay que saber es que nuestro sat\u00e9lite natural no crecer\u00e1 de tama\u00f1o. Lo que suceder\u00e1 es que alcanzar\u00e1 el Perigeo, el punto de su \u00f3rbita en que est\u00e1 m\u00e1s cercano a la Tierra llegando a unos 300 mil kil\u00f3metros aproximados de distancia.<\/p>\n<p>Por esa raz\u00f3n quien mire la Luna esa noche y madrugada la percibir\u00e1n m\u00e1s grande (un 14% m\u00e1s de lo habitual) y tambi\u00e9n m\u00e1s brillante (un 30% m\u00e1s de luminosidad).<\/p>\n<p><strong><span style=\"text-decoration: underline\">Mareas altas <\/span><\/strong><\/p>\n<p>Como consecuencia de la &#8220;S\u00faper Luna&#8221; de este s\u00e1bado, el mar tambi\u00e9n tendr\u00e1 un fen\u00f3meno especial.<\/p>\n<p>Es de esperarse que suba la marea durante este fin de semana debido a la cercan\u00eda de la Luna con nuestro planeta.<\/p>\n<p><span style=\"text-decoration: underline\"><strong> Cambio de Estaci\u00f3n <\/strong><\/span><\/p>\n<p>Este s\u00e1bado 21 de marzo tambi\u00e9n habr\u00e1 otro fen\u00f3meno, pero uno m\u00e1s recurrente.<\/p>\n<p>A pesar de que el cambio se establece siempre para el d\u00eda 21, ser\u00e1 este 20 de marzo el cambio de estaci\u00f3n en todo el mundo, pasando al Oto\u00f1o en nuestro hemisferio sur y a la primavera en el hemisferio norte.<\/p>\n<p>Este fen\u00f3meno conocido como equinoccio, llegar\u00e1 a nuestro hemisferio a las 19.45 horas de Chile, y har\u00e1 que el Sol deje de iluminar con toda su fuerza nuestro hemisferio pasando a estaciones m\u00e1s fr\u00edas.<\/p>\n<p>\u00a0<\/p>\n<p>Fuente: <a href=\"http:\/\/www.24horas.cl\/tendencias\/ciencia\/un-eclipse-una-super-luna-y-el-equinoccio-se-esperan-para-este-fin-de-semana-1612350\" target=\"_blank\" rel=\"noopener noreferrer\"><span style=\"text-decoration: underline\"><span style=\"color: #0000ff;text-decoration: underline\">24Horas<\/span><\/span><\/a><\/p>\n","protected":false},"excerpt":{"rendered":"<p>Este fin de semana, comenzando desde este viernes, estar\u00e1 lleno de fen\u00f3menos astron\u00f3micos. Un Eclipse total de Sol visitar\u00e1 al &#8220;Viejo Continente&#8221;, mientras que la &#8220;S\u00faper Luna&#8221;, har\u00e1 brillar al sat\u00e9lite natural este s\u00e1bado. Como consecuencia de esto el mar se podr\u00eda ver afectado tambi\u00e9n justo cuando, en nuestro hemisferio Sur, recibamos el Oto\u00f1o y [&hellip;]<\/p>\n","protected":false},"author":2,"featured_media":32002,"comment_status":"open","ping_status":"open","sticky":false,"template":"","format":"standard","meta":{"_acf_changed":false,"_exactmetrics_skip_tracking":false,"_exactmetrics_sitenote_active":false,"_exactmetrics_sitenote_note":"","_exactmetrics_sitenote_category":0,"footnotes":"","_links_to":"","_links_to_target":""},"categories":[4],"tags":[],"class_list":["post-32001","post","type-post","status-publish","format-standard","has-post-thumbnail","hentry","category-noticias"],"acf":[],"yoast_head":"<!-- This site is optimized with the Yoast SEO plugin v26.7 - https:\/\/yoast.com\/wordpress\/plugins\/seo\/ -->\n<title>Un eclipse, una &quot;S\u00faper Luna&quot; y el equinoccio se esperan para este fin de semana - Arica y Parinacota<\/title>\n<meta name=\"robots\" content=\"index, follow, max-snippet:-1, max-image-preview:large, max-video-preview:-1\" \/>\n<link rel=\"canonical\" href=\"https:\/\/dev.explora.cl\/aricayparinacota\/un-eclipse-una-super-luna-y-el-equinoccio-se-esperan-para-este-fin-de-semana-1\/\" class=\"yoast-seo-meta-tag\" \/>\n<meta property=\"og:locale\" content=\"es_ES\" class=\"yoast-seo-meta-tag\" \/>\n<meta property=\"og:type\" content=\"article\" class=\"yoast-seo-meta-tag\" \/>\n<meta property=\"og:title\" content=\"Un eclipse, una &quot;S\u00faper Luna&quot; y el equinoccio se esperan para este fin de semana - Arica y Parinacota\" class=\"yoast-seo-meta-tag\" \/>\n<meta property=\"og:description\" content=\"Este fin de semana, comenzando desde este viernes, estar\u00e1 lleno de fen\u00f3menos astron\u00f3micos. Un Eclipse total de Sol visitar\u00e1 al &#8220;Viejo Continente&#8221;, mientras que la &#8220;S\u00faper Luna&#8221;, har\u00e1 brillar al sat\u00e9lite natural este s\u00e1bado. Como consecuencia de esto el mar se podr\u00eda ver afectado tambi\u00e9n justo cuando, en nuestro hemisferio Sur, recibamos el Oto\u00f1o y [&hellip;]\" class=\"yoast-seo-meta-tag\" \/>\n<meta property=\"og:url\" content=\"https:\/\/dev.explora.cl\/aricayparinacota\/un-eclipse-una-super-luna-y-el-equinoccio-se-esperan-para-este-fin-de-semana-1\/\" class=\"yoast-seo-meta-tag\" \/>\n<meta property=\"og:site_name\" content=\"Arica y Parinacota\" class=\"yoast-seo-meta-tag\" \/>\n<meta property=\"article:published_time\" content=\"2015-03-20T00:00:00+00:00\" class=\"yoast-seo-meta-tag\" \/>\n<meta property=\"article:modified_time\" content=\"2019-05-09T21:14:56+00:00\" class=\"yoast-seo-meta-tag\" \/>\n<meta property=\"og:image\" content=\"https:\/\/dev.explora.cl\/aricayparinacota\/wp-content\/uploads\/sites\/2\/2018\/06\/7b0ff34101502efab09aa5f69054f806.jpg\" class=\"yoast-seo-meta-tag\" \/>\n\t<meta property=\"og:image:width\" content=\"300\" class=\"yoast-seo-meta-tag\" \/>\n\t<meta property=\"og:image:height\" content=\"220\" class=\"yoast-seo-meta-tag\" \/>\n\t<meta property=\"og:image:type\" content=\"image\/jpeg\" class=\"yoast-seo-meta-tag\" \/>\n<meta name=\"author\" content=\"webman\" class=\"yoast-seo-meta-tag\" \/>\n<meta name=\"twitter:card\" content=\"summary_large_image\" class=\"yoast-seo-meta-tag\" \/>\n<meta name=\"twitter:label1\" content=\"Escrito por\" class=\"yoast-seo-meta-tag\" \/>\n\t<meta name=\"twitter:data1\" content=\"webman\" class=\"yoast-seo-meta-tag\" \/>\n\t<meta name=\"twitter:label2\" content=\"Tiempo estimado de lectura\" class=\"yoast-seo-meta-tag\" \/>\n\t<meta name=\"twitter:data2\" content=\"3 minutos\" class=\"yoast-seo-meta-tag\" \/>\n<script type=\"application\/ld+json\" class=\"yoast-schema-graph\">{\"@context\":\"https:\/\/schema.org\",\"@graph\":[{\"@type\":\"Article\",\"@id\":\"https:\/\/dev.explora.cl\/aricayparinacota\/un-eclipse-una-super-luna-y-el-equinoccio-se-esperan-para-este-fin-de-semana-1\/#article\",\"isPartOf\":{\"@id\":\"https:\/\/dev.explora.cl\/aricayparinacota\/un-eclipse-una-super-luna-y-el-equinoccio-se-esperan-para-este-fin-de-semana-1\/\"},\"author\":{\"name\":\"webman\",\"@id\":\"https:\/\/dev.explora.cl\/aricayparinacota\/#\/schema\/person\/cb8349c13ea2d324080adf8480d7ba5d\"},\"headline\":\"Un eclipse, una &quot;S\u00faper Luna&quot; y el equinoccio se esperan para este fin de semana\",\"datePublished\":\"2015-03-20T00:00:00+00:00\",\"dateModified\":\"2019-05-09T21:14:56+00:00\",\"mainEntityOfPage\":{\"@id\":\"https:\/\/dev.explora.cl\/aricayparinacota\/un-eclipse-una-super-luna-y-el-equinoccio-se-esperan-para-este-fin-de-semana-1\/\"},\"wordCount\":582,\"commentCount\":0,\"publisher\":{\"@id\":\"https:\/\/dev.explora.cl\/aricayparinacota\/#organization\"},\"image\":{\"@id\":\"https:\/\/dev.explora.cl\/aricayparinacota\/un-eclipse-una-super-luna-y-el-equinoccio-se-esperan-para-este-fin-de-semana-1\/#primaryimage\"},\"thumbnailUrl\":\"https:\/\/dev.explora.cl\/aricayparinacota\/wp-content\/uploads\/sites\/2\/2018\/06\/7b0ff34101502efab09aa5f69054f806.jpg\",\"articleSection\":[\"Noticias\"],\"inLanguage\":\"es-CL\",\"potentialAction\":[{\"@type\":\"CommentAction\",\"name\":\"Comment\",\"target\":[\"https:\/\/dev.explora.cl\/aricayparinacota\/un-eclipse-una-super-luna-y-el-equinoccio-se-esperan-para-este-fin-de-semana-1\/#respond\"]}]},{\"@type\":\"WebPage\",\"@id\":\"https:\/\/dev.explora.cl\/aricayparinacota\/un-eclipse-una-super-luna-y-el-equinoccio-se-esperan-para-este-fin-de-semana-1\/\",\"url\":\"https:\/\/dev.explora.cl\/aricayparinacota\/un-eclipse-una-super-luna-y-el-equinoccio-se-esperan-para-este-fin-de-semana-1\/\",\"name\":\"Un eclipse, una &quot;S\u00faper Luna&quot; y el equinoccio se esperan para este fin de semana - Arica y Parinacota\",\"isPartOf\":{\"@id\":\"https:\/\/dev.explora.cl\/aricayparinacota\/#website\"},\"primaryImageOfPage\":{\"@id\":\"https:\/\/dev.explora.cl\/aricayparinacota\/un-eclipse-una-super-luna-y-el-equinoccio-se-esperan-para-este-fin-de-semana-1\/#primaryimage\"},\"image\":{\"@id\":\"https:\/\/dev.explora.cl\/aricayparinacota\/un-eclipse-una-super-luna-y-el-equinoccio-se-esperan-para-este-fin-de-semana-1\/#primaryimage\"},\"thumbnailUrl\":\"https:\/\/dev.explora.cl\/aricayparinacota\/wp-content\/uploads\/sites\/2\/2018\/06\/7b0ff34101502efab09aa5f69054f806.jpg\",\"datePublished\":\"2015-03-20T00:00:00+00:00\",\"dateModified\":\"2019-05-09T21:14:56+00:00\",\"breadcrumb\":{\"@id\":\"https:\/\/dev.explora.cl\/aricayparinacota\/un-eclipse-una-super-luna-y-el-equinoccio-se-esperan-para-este-fin-de-semana-1\/#breadcrumb\"},\"inLanguage\":\"es-CL\",\"potentialAction\":[{\"@type\":\"ReadAction\",\"target\":[\"https:\/\/dev.explora.cl\/aricayparinacota\/un-eclipse-una-super-luna-y-el-equinoccio-se-esperan-para-este-fin-de-semana-1\/\"]}]},{\"@type\":\"ImageObject\",\"inLanguage\":\"es-CL\",\"@id\":\"https:\/\/dev.explora.cl\/aricayparinacota\/un-eclipse-una-super-luna-y-el-equinoccio-se-esperan-para-este-fin-de-semana-1\/#primaryimage\",\"url\":\"https:\/\/dev.explora.cl\/aricayparinacota\/wp-content\/uploads\/sites\/2\/2018\/06\/7b0ff34101502efab09aa5f69054f806.jpg\",\"contentUrl\":\"https:\/\/dev.explora.cl\/aricayparinacota\/wp-content\/uploads\/sites\/2\/2018\/06\/7b0ff34101502efab09aa5f69054f806.jpg\",\"width\":300,\"height\":220},{\"@type\":\"BreadcrumbList\",\"@id\":\"https:\/\/dev.explora.cl\/aricayparinacota\/un-eclipse-una-super-luna-y-el-equinoccio-se-esperan-para-este-fin-de-semana-1\/#breadcrumb\",\"itemListElement\":[{\"@type\":\"ListItem\",\"position\":1,\"name\":\"Portada\",\"item\":\"https:\/\/dev.explora.cl\/aricayparinacota\/\"},{\"@type\":\"ListItem\",\"position\":2,\"name\":\"Un eclipse, una &quot;S\u00faper Luna&quot; y el equinoccio se esperan para este fin de semana\"}]},{\"@type\":\"WebSite\",\"@id\":\"https:\/\/dev.explora.cl\/aricayparinacota\/#website\",\"url\":\"https:\/\/dev.explora.cl\/aricayparinacota\/\",\"name\":\"Arica y Parinacota\",\"description\":\"Otro sitio m\u00e1s de dev.explora.cl\",\"publisher\":{\"@id\":\"https:\/\/dev.explora.cl\/aricayparinacota\/#organization\"},\"potentialAction\":[{\"@type\":\"SearchAction\",\"target\":{\"@type\":\"EntryPoint\",\"urlTemplate\":\"https:\/\/dev.explora.cl\/aricayparinacota\/?s={search_term_string}\"},\"query-input\":{\"@type\":\"PropertyValueSpecification\",\"valueRequired\":true,\"valueName\":\"search_term_string\"}}],\"inLanguage\":\"es-CL\"},{\"@type\":\"Organization\",\"@id\":\"https:\/\/dev.explora.cl\/aricayparinacota\/#organization\",\"name\":\"Arica y Parinacota\",\"url\":\"https:\/\/dev.explora.cl\/aricayparinacota\/\",\"logo\":{\"@type\":\"ImageObject\",\"inLanguage\":\"es-CL\",\"@id\":\"https:\/\/dev.explora.cl\/aricayparinacota\/#\/schema\/logo\/image\/\",\"url\":\"https:\/\/dev.explora.cl\/aricayparinacota\/wp-content\/uploads\/sites\/2\/2020\/08\/cropped-nuevosa-logos-11.png\",\"contentUrl\":\"https:\/\/dev.explora.cl\/aricayparinacota\/wp-content\/uploads\/sites\/2\/2020\/08\/cropped-nuevosa-logos-11.png\",\"width\":812,\"height\":937,\"caption\":\"Arica y Parinacota\"},\"image\":{\"@id\":\"https:\/\/dev.explora.cl\/aricayparinacota\/#\/schema\/logo\/image\/\"}},{\"@type\":\"Person\",\"@id\":\"https:\/\/dev.explora.cl\/aricayparinacota\/#\/schema\/person\/cb8349c13ea2d324080adf8480d7ba5d\",\"name\":\"webman\",\"image\":{\"@type\":\"ImageObject\",\"inLanguage\":\"es-CL\",\"@id\":\"https:\/\/dev.explora.cl\/aricayparinacota\/#\/schema\/person\/image\/\",\"url\":\"https:\/\/secure.gravatar.com\/avatar\/eeff3c82f2c02f7177d13663b7e6f890e9a6a0647ce9bb29cae02dcb094c7312?s=96&d=mm&r=g\",\"contentUrl\":\"https:\/\/secure.gravatar.com\/avatar\/eeff3c82f2c02f7177d13663b7e6f890e9a6a0647ce9bb29cae02dcb094c7312?s=96&d=mm&r=g\",\"caption\":\"webman\"},\"url\":\"https:\/\/dev.explora.cl\/aricayparinacota\/author\/webman\/\"}]}<\/script>\n<!-- \/ Yoast SEO plugin. -->","yoast_head_json":{"title":"Un eclipse, una &quot;S\u00faper Luna&quot; y el equinoccio se esperan para este fin de semana - Arica y Parinacota","robots":{"index":"index","follow":"follow","max-snippet":"max-snippet:-1","max-image-preview":"max-image-preview:large","max-video-preview":"max-video-preview:-1"},"canonical":"https:\/\/dev.explora.cl\/aricayparinacota\/un-eclipse-una-super-luna-y-el-equinoccio-se-esperan-para-este-fin-de-semana-1\/","og_locale":"es_ES","og_type":"article","og_title":"Un eclipse, una &quot;S\u00faper Luna&quot; y el equinoccio se esperan para este fin de semana - Arica y Parinacota","og_description":"Este fin de semana, comenzando desde este viernes, estar\u00e1 lleno de fen\u00f3menos astron\u00f3micos. Un Eclipse total de Sol visitar\u00e1 al &#8220;Viejo Continente&#8221;, mientras que la &#8220;S\u00faper Luna&#8221;, har\u00e1 brillar al sat\u00e9lite natural este s\u00e1bado. Como consecuencia de esto el mar se podr\u00eda ver afectado tambi\u00e9n justo cuando, en nuestro hemisferio Sur, recibamos el Oto\u00f1o y [&hellip;]","og_url":"https:\/\/dev.explora.cl\/aricayparinacota\/un-eclipse-una-super-luna-y-el-equinoccio-se-esperan-para-este-fin-de-semana-1\/","og_site_name":"Arica y Parinacota","article_published_time":"2015-03-20T00:00:00+00:00","article_modified_time":"2019-05-09T21:14:56+00:00","og_image":[{"width":300,"height":220,"url":"https:\/\/dev.explora.cl\/aricayparinacota\/wp-content\/uploads\/sites\/2\/2018\/06\/7b0ff34101502efab09aa5f69054f806.jpg","type":"image\/jpeg"}],"author":"webman","twitter_card":"summary_large_image","twitter_misc":{"Escrito por":"webman","Tiempo estimado de lectura":"3 minutos"},"schema":{"@context":"https:\/\/schema.org","@graph":[{"@type":"Article","@id":"https:\/\/dev.explora.cl\/aricayparinacota\/un-eclipse-una-super-luna-y-el-equinoccio-se-esperan-para-este-fin-de-semana-1\/#article","isPartOf":{"@id":"https:\/\/dev.explora.cl\/aricayparinacota\/un-eclipse-una-super-luna-y-el-equinoccio-se-esperan-para-este-fin-de-semana-1\/"},"author":{"name":"webman","@id":"https:\/\/dev.explora.cl\/aricayparinacota\/#\/schema\/person\/cb8349c13ea2d324080adf8480d7ba5d"},"headline":"Un eclipse, una &quot;S\u00faper Luna&quot; y el equinoccio se esperan para este fin de semana","datePublished":"2015-03-20T00:00:00+00:00","dateModified":"2019-05-09T21:14:56+00:00","mainEntityOfPage":{"@id":"https:\/\/dev.explora.cl\/aricayparinacota\/un-eclipse-una-super-luna-y-el-equinoccio-se-esperan-para-este-fin-de-semana-1\/"},"wordCount":582,"commentCount":0,"publisher":{"@id":"https:\/\/dev.explora.cl\/aricayparinacota\/#organization"},"image":{"@id":"https:\/\/dev.explora.cl\/aricayparinacota\/un-eclipse-una-super-luna-y-el-equinoccio-se-esperan-para-este-fin-de-semana-1\/#primaryimage"},"thumbnailUrl":"https:\/\/dev.explora.cl\/aricayparinacota\/wp-content\/uploads\/sites\/2\/2018\/06\/7b0ff34101502efab09aa5f69054f806.jpg","articleSection":["Noticias"],"inLanguage":"es-CL","potentialAction":[{"@type":"CommentAction","name":"Comment","target":["https:\/\/dev.explora.cl\/aricayparinacota\/un-eclipse-una-super-luna-y-el-equinoccio-se-esperan-para-este-fin-de-semana-1\/#respond"]}]},{"@type":"WebPage","@id":"https:\/\/dev.explora.cl\/aricayparinacota\/un-eclipse-una-super-luna-y-el-equinoccio-se-esperan-para-este-fin-de-semana-1\/","url":"https:\/\/dev.explora.cl\/aricayparinacota\/un-eclipse-una-super-luna-y-el-equinoccio-se-esperan-para-este-fin-de-semana-1\/","name":"Un eclipse, una &quot;S\u00faper Luna&quot; y el equinoccio se esperan para este fin de semana - Arica y Parinacota","isPartOf":{"@id":"https:\/\/dev.explora.cl\/aricayparinacota\/#website"},"primaryImageOfPage":{"@id":"https:\/\/dev.explora.cl\/aricayparinacota\/un-eclipse-una-super-luna-y-el-equinoccio-se-esperan-para-este-fin-de-semana-1\/#primaryimage"},"image":{"@id":"https:\/\/dev.explora.cl\/aricayparinacota\/un-eclipse-una-super-luna-y-el-equinoccio-se-esperan-para-este-fin-de-semana-1\/#primaryimage"},"thumbnailUrl":"https:\/\/dev.explora.cl\/aricayparinacota\/wp-content\/uploads\/sites\/2\/2018\/06\/7b0ff34101502efab09aa5f69054f806.jpg","datePublished":"2015-03-20T00:00:00+00:00","dateModified":"2019-05-09T21:14:56+00:00","breadcrumb":{"@id":"https:\/\/dev.explora.cl\/aricayparinacota\/un-eclipse-una-super-luna-y-el-equinoccio-se-esperan-para-este-fin-de-semana-1\/#breadcrumb"},"inLanguage":"es-CL","potentialAction":[{"@type":"ReadAction","target":["https:\/\/dev.explora.cl\/aricayparinacota\/un-eclipse-una-super-luna-y-el-equinoccio-se-esperan-para-este-fin-de-semana-1\/"]}]},{"@type":"ImageObject","inLanguage":"es-CL","@id":"https:\/\/dev.explora.cl\/aricayparinacota\/un-eclipse-una-super-luna-y-el-equinoccio-se-esperan-para-este-fin-de-semana-1\/#primaryimage","url":"https:\/\/dev.explora.cl\/aricayparinacota\/wp-content\/uploads\/sites\/2\/2018\/06\/7b0ff34101502efab09aa5f69054f806.jpg","contentUrl":"https:\/\/dev.explora.cl\/aricayparinacota\/wp-content\/uploads\/sites\/2\/2018\/06\/7b0ff34101502efab09aa5f69054f806.jpg","width":300,"height":220},{"@type":"BreadcrumbList","@id":"https:\/\/dev.explora.cl\/aricayparinacota\/un-eclipse-una-super-luna-y-el-equinoccio-se-esperan-para-este-fin-de-semana-1\/#breadcrumb","itemListElement":[{"@type":"ListItem","position":1,"name":"Portada","item":"https:\/\/dev.explora.cl\/aricayparinacota\/"},{"@type":"ListItem","position":2,"name":"Un eclipse, una &quot;S\u00faper Luna&quot; y el equinoccio se esperan para este fin de semana"}]},{"@type":"WebSite","@id":"https:\/\/dev.explora.cl\/aricayparinacota\/#website","url":"https:\/\/dev.explora.cl\/aricayparinacota\/","name":"Arica y Parinacota","description":"Otro sitio m\u00e1s de dev.explora.cl","publisher":{"@id":"https:\/\/dev.explora.cl\/aricayparinacota\/#organization"},"potentialAction":[{"@type":"SearchAction","target":{"@type":"EntryPoint","urlTemplate":"https:\/\/dev.explora.cl\/aricayparinacota\/?s={search_term_string}"},"query-input":{"@type":"PropertyValueSpecification","valueRequired":true,"valueName":"search_term_string"}}],"inLanguage":"es-CL"},{"@type":"Organization","@id":"https:\/\/dev.explora.cl\/aricayparinacota\/#organization","name":"Arica y Parinacota","url":"https:\/\/dev.explora.cl\/aricayparinacota\/","logo":{"@type":"ImageObject","inLanguage":"es-CL","@id":"https:\/\/dev.explora.cl\/aricayparinacota\/#\/schema\/logo\/image\/","url":"https:\/\/dev.explora.cl\/aricayparinacota\/wp-content\/uploads\/sites\/2\/2020\/08\/cropped-nuevosa-logos-11.png","contentUrl":"https:\/\/dev.explora.cl\/aricayparinacota\/wp-content\/uploads\/sites\/2\/2020\/08\/cropped-nuevosa-logos-11.png","width":812,"height":937,"caption":"Arica y Parinacota"},"image":{"@id":"https:\/\/dev.explora.cl\/aricayparinacota\/#\/schema\/logo\/image\/"}},{"@type":"Person","@id":"https:\/\/dev.explora.cl\/aricayparinacota\/#\/schema\/person\/cb8349c13ea2d324080adf8480d7ba5d","name":"webman","image":{"@type":"ImageObject","inLanguage":"es-CL","@id":"https:\/\/dev.explora.cl\/aricayparinacota\/#\/schema\/person\/image\/","url":"https:\/\/secure.gravatar.com\/avatar\/eeff3c82f2c02f7177d13663b7e6f890e9a6a0647ce9bb29cae02dcb094c7312?s=96&d=mm&r=g","contentUrl":"https:\/\/secure.gravatar.com\/avatar\/eeff3c82f2c02f7177d13663b7e6f890e9a6a0647ce9bb29cae02dcb094c7312?s=96&d=mm&r=g","caption":"webman"},"url":"https:\/\/dev.explora.cl\/aricayparinacota\/author\/webman\/"}]}},"_links":{"self":[{"href":"https:\/\/dev.explora.cl\/aricayparinacota\/wp-json\/wp\/v2\/posts\/32001","targetHints":{"allow":["GET"]}}],"collection":[{"href":"https:\/\/dev.explora.cl\/aricayparinacota\/wp-json\/wp\/v2\/posts"}],"about":[{"href":"https:\/\/dev.explora.cl\/aricayparinacota\/wp-json\/wp\/v2\/types\/post"}],"author":[{"embeddable":true,"href":"https:\/\/dev.explora.cl\/aricayparinacota\/wp-json\/wp\/v2\/users\/2"}],"replies":[{"embeddable":true,"href":"https:\/\/dev.explora.cl\/aricayparinacota\/wp-json\/wp\/v2\/comments?post=32001"}],"version-history":[{"count":1,"href":"https:\/\/dev.explora.cl\/aricayparinacota\/wp-json\/wp\/v2\/posts\/32001\/revisions"}],"predecessor-version":[{"id":32978,"href":"https:\/\/dev.explora.cl\/aricayparinacota\/wp-json\/wp\/v2\/posts\/32001\/revisions\/32978"}],"wp:featuredmedia":[{"embeddable":true,"href":"https:\/\/dev.explora.cl\/aricayparinacota\/wp-json\/wp\/v2\/media\/32002"}],"wp:attachment":[{"href":"https:\/\/dev.explora.cl\/aricayparinacota\/wp-json\/wp\/v2\/media?parent=32001"}],"wp:term":[{"taxonomy":"category","embeddable":true,"href":"https:\/\/dev.explora.cl\/aricayparinacota\/wp-json\/wp\/v2\/categories?post=32001"},{"taxonomy":"post_tag","embeddable":true,"href":"https:\/\/dev.explora.cl\/aricayparinacota\/wp-json\/wp\/v2\/tags?post=32001"}],"curies":[{"name":"wp","href":"https:\/\/api.w.org\/{rel}","templated":true}]}}