{"id":31997,"date":"2015-03-12T00:00:00","date_gmt":"2015-03-12T00:00:00","guid":{"rendered":"https:\/\/dev.explora.cl\/aricayparinacota\/blog\/2015\/03\/12\/chile-tendra-un-dia-que-durara-48-horas-1\/"},"modified":"2019-05-09T21:15:27","modified_gmt":"2019-05-09T21:15:27","slug":"chile-tendra-un-dia-que-durara-48-horas-1","status":"publish","type":"post","link":"https:\/\/dev.explora.cl\/aricayparinacota\/chile-tendra-un-dia-que-durara-48-horas-1\/","title":{"rendered":"Chile tendr\u00e1 un d\u00eda que durar\u00e1 48 horas"},"content":{"rendered":"<p><img loading=\"lazy\" decoding=\"async\" class=\" size-full wp-image-9374\" src=\"http:\/\/ec2-34-218-253-251.us-west-2.compute.amazonaws.com\/wp-content\/uploads\/2015\/03\/d6aff89a658ad883181587a620c01a29.jpg\" alt=\"\" width=\"350\" height=\"238\" \/><\/p>\n<p class=\"p1\">M\u00e1s de 20 instituciones nacionales e internacionales encabezadas por la Fundaci\u00f3n PLANETARI de la USACH, el Programa EXPLORA CONICYT y la Sociedad Chilena de Astronom\u00eda, SOCHIAS celebrar\u00e1n por segundo a\u00f1o consecutivo el \u201cD\u00eda de la Astronom\u00eda en Chile\u201d, con m\u00faltiples actividades a nivel nacional, los d\u00edas 20 y 21 de marzo.<\/p>\n<p class=\"p1\">En esta segunda versi\u00f3n, bajo el hashtag #CHILEmiratucielo el consorcio de instituciones, con un nutrido programa de actividades, buscar\u00e1 motivar e incorporar activamente a la ciudadan\u00eda en la valoraci\u00f3n de nuestra naci\u00f3n como la capital de la astronom\u00eda en el mundo.<\/p>\n<p class=\"p1\">Este a\u00f1o las celebraciones comenzar\u00e1n el viernes 20 de marzo en el Planetario de la Universidad de Santiago con una videoconferencia, a trav\u00e9s de Reuna.cl para todo el pa\u00eds en la cual participar\u00e1n el Premio Nacional de Ciencias Exactas y Directora del Centro de Astrof\u00edsica CATA, Mar\u00eda Teresa Ruiz, y el Director de Radio Observatorio ALMA, Pierre Cox. A la vez, en cada regi\u00f3n habr\u00e1n \u201castr\u00f3nomos embajadores\u201d que realizar\u00e1n m\u00faltiples actividades con estudiantes y p\u00fablico interesado\u00a0<a href=\"http:\/\/www.reuna.cl\/51:transmisiones\/4176:dia-de-la-astronomia-en-chile\" target=\"_blank\" rel=\"noopener noreferrer\"><span style=\"color: #0000ff\"><span style=\"color: #0000ff\">(Para ver la transmisi\u00f3n en vivo clic aqu\u00ed)<\/span><span class=\"s1\">.<\/span><\/span><\/a><\/p>\n<p class=\"p1\">El s\u00e1bado 21 de marzo, utilizando el hashtag #CHILEmiratucielo se buscar\u00e1 motivar a la ciudadan\u00eda a mirar el cielo nocturno y compartir sus impresiones en las Redes Sociales sobre la festividad.<\/p>\n<p class=\"p1\">Para ello, el sitio Web planetariochile.cl alojar\u00e1 un planisferio celeste descargable para imprimir, libremente, con el prop\u00f3sito de orientarse en la identificaci\u00f3n de algunos objetos celestes visibles durante esa noche.<\/p>\n<p class=\"p1\">Pero a\u00fan hay m\u00e1s, porque el domingo 15 de marzo, previo a la celebraci\u00f3n, diferentes instituciones astron\u00f3micas del pa\u00eds participar\u00e1n de un entretenido panorama familiar con stands did\u00e1cticos y m\u00faltiples sorpresas con premios para quienes asistan a la \u201cCicloRecreoV\u00eda\u201d, ubicada en Avenida Andr\u00e9s Bello entre las calles Seminario y Manuel Montt, a partir de las 9 de la ma\u00f1ana hasta las 14:00 horas con el objetivo de incentivar el \u201cD\u00eda de la Astronom\u00eda en Chile\u201d.<\/p>\n<p class=\"p1\">Para conocer mayor informaci\u00f3n acerca de la programaci\u00f3n de la celebraci\u00f3n 2015 y de las actividades que incluir\u00e1n charlas p\u00fablicas magistrales en Santiago y capitales regionales, jornadas de observaci\u00f3n con telescopios y visitas a observatorios astron\u00f3micos pueden visitar<a href=\"participacion-nacional\/download\/593_40ab391eb5824e894b78f356e61d9de0\">\u00a0<span style=\"color: #0000ff\"><span style=\"color: #0000ff\">la agenda (clic aqu\u00ed).<\/span><\/span><\/a><\/p>\n","protected":false},"excerpt":{"rendered":"<p>M\u00e1s de 20 instituciones nacionales e internacionales encabezadas por la Fundaci\u00f3n PLANETARI de la USACH, el Programa EXPLORA CONICYT y la Sociedad Chilena de Astronom\u00eda, SOCHIAS celebrar\u00e1n por segundo a\u00f1o consecutivo el \u201cD\u00eda de la Astronom\u00eda en Chile\u201d, con m\u00faltiples actividades a nivel nacional, los d\u00edas 20 y 21 de marzo. En esta segunda versi\u00f3n, [&hellip;]<\/p>\n","protected":false},"author":2,"featured_media":31998,"comment_status":"open","ping_status":"open","sticky":false,"template":"","format":"standard","meta":{"_acf_changed":false,"_exactmetrics_skip_tracking":false,"_exactmetrics_sitenote_active":false,"_exactmetrics_sitenote_note":"","_exactmetrics_sitenote_category":0,"footnotes":"","_links_to":"","_links_to_target":""},"categories":[4],"tags":[],"class_list":["post-31997","post","type-post","status-publish","format-standard","has-post-thumbnail","hentry","category-noticias"],"acf":[],"yoast_head":"<!-- This site is optimized with the Yoast SEO plugin v26.7 - https:\/\/yoast.com\/wordpress\/plugins\/seo\/ -->\n<title>Chile tendr\u00e1 un d\u00eda que durar\u00e1 48 horas - Arica y Parinacota<\/title>\n<meta name=\"robots\" content=\"index, follow, max-snippet:-1, max-image-preview:large, max-video-preview:-1\" \/>\n<link rel=\"canonical\" href=\"https:\/\/dev.explora.cl\/aricayparinacota\/chile-tendra-un-dia-que-durara-48-horas-1\/\" class=\"yoast-seo-meta-tag\" \/>\n<meta property=\"og:locale\" content=\"es_ES\" class=\"yoast-seo-meta-tag\" \/>\n<meta property=\"og:type\" content=\"article\" class=\"yoast-seo-meta-tag\" \/>\n<meta property=\"og:title\" content=\"Chile tendr\u00e1 un d\u00eda que durar\u00e1 48 horas - Arica y Parinacota\" class=\"yoast-seo-meta-tag\" \/>\n<meta property=\"og:description\" content=\"M\u00e1s de 20 instituciones nacionales e internacionales encabezadas por la Fundaci\u00f3n PLANETARI de la USACH, el Programa EXPLORA CONICYT y la Sociedad Chilena de Astronom\u00eda, SOCHIAS celebrar\u00e1n por segundo a\u00f1o consecutivo el \u201cD\u00eda de la Astronom\u00eda en Chile\u201d, con m\u00faltiples actividades a nivel nacional, los d\u00edas 20 y 21 de marzo. En esta segunda versi\u00f3n, [&hellip;]\" class=\"yoast-seo-meta-tag\" \/>\n<meta property=\"og:url\" content=\"https:\/\/dev.explora.cl\/aricayparinacota\/chile-tendra-un-dia-que-durara-48-horas-1\/\" class=\"yoast-seo-meta-tag\" \/>\n<meta property=\"og:site_name\" content=\"Arica y Parinacota\" class=\"yoast-seo-meta-tag\" \/>\n<meta property=\"article:published_time\" content=\"2015-03-12T00:00:00+00:00\" class=\"yoast-seo-meta-tag\" \/>\n<meta property=\"article:modified_time\" content=\"2019-05-09T21:15:27+00:00\" class=\"yoast-seo-meta-tag\" \/>\n<meta property=\"og:image\" content=\"https:\/\/dev.explora.cl\/aricayparinacota\/wp-content\/uploads\/sites\/2\/2018\/06\/d6aff89a658ad883181587a620c01a29.jpg\" class=\"yoast-seo-meta-tag\" \/>\n\t<meta property=\"og:image:width\" content=\"350\" class=\"yoast-seo-meta-tag\" \/>\n\t<meta property=\"og:image:height\" content=\"238\" class=\"yoast-seo-meta-tag\" \/>\n\t<meta property=\"og:image:type\" content=\"image\/jpeg\" class=\"yoast-seo-meta-tag\" \/>\n<meta name=\"author\" content=\"webman\" class=\"yoast-seo-meta-tag\" \/>\n<meta name=\"twitter:card\" content=\"summary_large_image\" class=\"yoast-seo-meta-tag\" \/>\n<meta name=\"twitter:label1\" content=\"Escrito por\" class=\"yoast-seo-meta-tag\" \/>\n\t<meta name=\"twitter:data1\" content=\"webman\" class=\"yoast-seo-meta-tag\" \/>\n\t<meta name=\"twitter:label2\" content=\"Tiempo estimado de lectura\" class=\"yoast-seo-meta-tag\" \/>\n\t<meta name=\"twitter:data2\" content=\"2 minutos\" class=\"yoast-seo-meta-tag\" \/>\n<script type=\"application\/ld+json\" class=\"yoast-schema-graph\">{\"@context\":\"https:\/\/schema.org\",\"@graph\":[{\"@type\":\"Article\",\"@id\":\"https:\/\/dev.explora.cl\/aricayparinacota\/chile-tendra-un-dia-que-durara-48-horas-1\/#article\",\"isPartOf\":{\"@id\":\"https:\/\/dev.explora.cl\/aricayparinacota\/chile-tendra-un-dia-que-durara-48-horas-1\/\"},\"author\":{\"name\":\"webman\",\"@id\":\"https:\/\/dev.explora.cl\/aricayparinacota\/#\/schema\/person\/cb8349c13ea2d324080adf8480d7ba5d\"},\"headline\":\"Chile tendr\u00e1 un d\u00eda que durar\u00e1 48 horas\",\"datePublished\":\"2015-03-12T00:00:00+00:00\",\"dateModified\":\"2019-05-09T21:15:27+00:00\",\"mainEntityOfPage\":{\"@id\":\"https:\/\/dev.explora.cl\/aricayparinacota\/chile-tendra-un-dia-que-durara-48-horas-1\/\"},\"wordCount\":407,\"commentCount\":0,\"publisher\":{\"@id\":\"https:\/\/dev.explora.cl\/aricayparinacota\/#organization\"},\"image\":{\"@id\":\"https:\/\/dev.explora.cl\/aricayparinacota\/chile-tendra-un-dia-que-durara-48-horas-1\/#primaryimage\"},\"thumbnailUrl\":\"https:\/\/dev.explora.cl\/aricayparinacota\/wp-content\/uploads\/sites\/2\/2018\/06\/d6aff89a658ad883181587a620c01a29.jpg\",\"articleSection\":[\"Noticias\"],\"inLanguage\":\"es-CL\",\"potentialAction\":[{\"@type\":\"CommentAction\",\"name\":\"Comment\",\"target\":[\"https:\/\/dev.explora.cl\/aricayparinacota\/chile-tendra-un-dia-que-durara-48-horas-1\/#respond\"]}]},{\"@type\":\"WebPage\",\"@id\":\"https:\/\/dev.explora.cl\/aricayparinacota\/chile-tendra-un-dia-que-durara-48-horas-1\/\",\"url\":\"https:\/\/dev.explora.cl\/aricayparinacota\/chile-tendra-un-dia-que-durara-48-horas-1\/\",\"name\":\"Chile tendr\u00e1 un d\u00eda que durar\u00e1 48 horas - Arica y Parinacota\",\"isPartOf\":{\"@id\":\"https:\/\/dev.explora.cl\/aricayparinacota\/#website\"},\"primaryImageOfPage\":{\"@id\":\"https:\/\/dev.explora.cl\/aricayparinacota\/chile-tendra-un-dia-que-durara-48-horas-1\/#primaryimage\"},\"image\":{\"@id\":\"https:\/\/dev.explora.cl\/aricayparinacota\/chile-tendra-un-dia-que-durara-48-horas-1\/#primaryimage\"},\"thumbnailUrl\":\"https:\/\/dev.explora.cl\/aricayparinacota\/wp-content\/uploads\/sites\/2\/2018\/06\/d6aff89a658ad883181587a620c01a29.jpg\",\"datePublished\":\"2015-03-12T00:00:00+00:00\",\"dateModified\":\"2019-05-09T21:15:27+00:00\",\"breadcrumb\":{\"@id\":\"https:\/\/dev.explora.cl\/aricayparinacota\/chile-tendra-un-dia-que-durara-48-horas-1\/#breadcrumb\"},\"inLanguage\":\"es-CL\",\"potentialAction\":[{\"@type\":\"ReadAction\",\"target\":[\"https:\/\/dev.explora.cl\/aricayparinacota\/chile-tendra-un-dia-que-durara-48-horas-1\/\"]}]},{\"@type\":\"ImageObject\",\"inLanguage\":\"es-CL\",\"@id\":\"https:\/\/dev.explora.cl\/aricayparinacota\/chile-tendra-un-dia-que-durara-48-horas-1\/#primaryimage\",\"url\":\"https:\/\/dev.explora.cl\/aricayparinacota\/wp-content\/uploads\/sites\/2\/2018\/06\/d6aff89a658ad883181587a620c01a29.jpg\",\"contentUrl\":\"https:\/\/dev.explora.cl\/aricayparinacota\/wp-content\/uploads\/sites\/2\/2018\/06\/d6aff89a658ad883181587a620c01a29.jpg\",\"width\":350,\"height\":238},{\"@type\":\"BreadcrumbList\",\"@id\":\"https:\/\/dev.explora.cl\/aricayparinacota\/chile-tendra-un-dia-que-durara-48-horas-1\/#breadcrumb\",\"itemListElement\":[{\"@type\":\"ListItem\",\"position\":1,\"name\":\"Portada\",\"item\":\"https:\/\/dev.explora.cl\/aricayparinacota\/\"},{\"@type\":\"ListItem\",\"position\":2,\"name\":\"Chile tendr\u00e1 un d\u00eda que durar\u00e1 48 horas\"}]},{\"@type\":\"WebSite\",\"@id\":\"https:\/\/dev.explora.cl\/aricayparinacota\/#website\",\"url\":\"https:\/\/dev.explora.cl\/aricayparinacota\/\",\"name\":\"Arica y Parinacota\",\"description\":\"Otro sitio m\u00e1s de dev.explora.cl\",\"publisher\":{\"@id\":\"https:\/\/dev.explora.cl\/aricayparinacota\/#organization\"},\"potentialAction\":[{\"@type\":\"SearchAction\",\"target\":{\"@type\":\"EntryPoint\",\"urlTemplate\":\"https:\/\/dev.explora.cl\/aricayparinacota\/?s={search_term_string}\"},\"query-input\":{\"@type\":\"PropertyValueSpecification\",\"valueRequired\":true,\"valueName\":\"search_term_string\"}}],\"inLanguage\":\"es-CL\"},{\"@type\":\"Organization\",\"@id\":\"https:\/\/dev.explora.cl\/aricayparinacota\/#organization\",\"name\":\"Arica y Parinacota\",\"url\":\"https:\/\/dev.explora.cl\/aricayparinacota\/\",\"logo\":{\"@type\":\"ImageObject\",\"inLanguage\":\"es-CL\",\"@id\":\"https:\/\/dev.explora.cl\/aricayparinacota\/#\/schema\/logo\/image\/\",\"url\":\"https:\/\/dev.explora.cl\/aricayparinacota\/wp-content\/uploads\/sites\/2\/2020\/08\/cropped-nuevosa-logos-11.png\",\"contentUrl\":\"https:\/\/dev.explora.cl\/aricayparinacota\/wp-content\/uploads\/sites\/2\/2020\/08\/cropped-nuevosa-logos-11.png\",\"width\":812,\"height\":937,\"caption\":\"Arica y Parinacota\"},\"image\":{\"@id\":\"https:\/\/dev.explora.cl\/aricayparinacota\/#\/schema\/logo\/image\/\"}},{\"@type\":\"Person\",\"@id\":\"https:\/\/dev.explora.cl\/aricayparinacota\/#\/schema\/person\/cb8349c13ea2d324080adf8480d7ba5d\",\"name\":\"webman\",\"image\":{\"@type\":\"ImageObject\",\"inLanguage\":\"es-CL\",\"@id\":\"https:\/\/dev.explora.cl\/aricayparinacota\/#\/schema\/person\/image\/\",\"url\":\"https:\/\/secure.gravatar.com\/avatar\/eeff3c82f2c02f7177d13663b7e6f890e9a6a0647ce9bb29cae02dcb094c7312?s=96&d=mm&r=g\",\"contentUrl\":\"https:\/\/secure.gravatar.com\/avatar\/eeff3c82f2c02f7177d13663b7e6f890e9a6a0647ce9bb29cae02dcb094c7312?s=96&d=mm&r=g\",\"caption\":\"webman\"},\"url\":\"https:\/\/dev.explora.cl\/aricayparinacota\/author\/webman\/\"}]}<\/script>\n<!-- \/ Yoast SEO plugin. -->","yoast_head_json":{"title":"Chile tendr\u00e1 un d\u00eda que durar\u00e1 48 horas - Arica y Parinacota","robots":{"index":"index","follow":"follow","max-snippet":"max-snippet:-1","max-image-preview":"max-image-preview:large","max-video-preview":"max-video-preview:-1"},"canonical":"https:\/\/dev.explora.cl\/aricayparinacota\/chile-tendra-un-dia-que-durara-48-horas-1\/","og_locale":"es_ES","og_type":"article","og_title":"Chile tendr\u00e1 un d\u00eda que durar\u00e1 48 horas - Arica y Parinacota","og_description":"M\u00e1s de 20 instituciones nacionales e internacionales encabezadas por la Fundaci\u00f3n PLANETARI de la USACH, el Programa EXPLORA CONICYT y la Sociedad Chilena de Astronom\u00eda, SOCHIAS celebrar\u00e1n por segundo a\u00f1o consecutivo el \u201cD\u00eda de la Astronom\u00eda en Chile\u201d, con m\u00faltiples actividades a nivel nacional, los d\u00edas 20 y 21 de marzo. En esta segunda versi\u00f3n, [&hellip;]","og_url":"https:\/\/dev.explora.cl\/aricayparinacota\/chile-tendra-un-dia-que-durara-48-horas-1\/","og_site_name":"Arica y Parinacota","article_published_time":"2015-03-12T00:00:00+00:00","article_modified_time":"2019-05-09T21:15:27+00:00","og_image":[{"width":350,"height":238,"url":"https:\/\/dev.explora.cl\/aricayparinacota\/wp-content\/uploads\/sites\/2\/2018\/06\/d6aff89a658ad883181587a620c01a29.jpg","type":"image\/jpeg"}],"author":"webman","twitter_card":"summary_large_image","twitter_misc":{"Escrito por":"webman","Tiempo estimado de lectura":"2 minutos"},"schema":{"@context":"https:\/\/schema.org","@graph":[{"@type":"Article","@id":"https:\/\/dev.explora.cl\/aricayparinacota\/chile-tendra-un-dia-que-durara-48-horas-1\/#article","isPartOf":{"@id":"https:\/\/dev.explora.cl\/aricayparinacota\/chile-tendra-un-dia-que-durara-48-horas-1\/"},"author":{"name":"webman","@id":"https:\/\/dev.explora.cl\/aricayparinacota\/#\/schema\/person\/cb8349c13ea2d324080adf8480d7ba5d"},"headline":"Chile tendr\u00e1 un d\u00eda que durar\u00e1 48 horas","datePublished":"2015-03-12T00:00:00+00:00","dateModified":"2019-05-09T21:15:27+00:00","mainEntityOfPage":{"@id":"https:\/\/dev.explora.cl\/aricayparinacota\/chile-tendra-un-dia-que-durara-48-horas-1\/"},"wordCount":407,"commentCount":0,"publisher":{"@id":"https:\/\/dev.explora.cl\/aricayparinacota\/#organization"},"image":{"@id":"https:\/\/dev.explora.cl\/aricayparinacota\/chile-tendra-un-dia-que-durara-48-horas-1\/#primaryimage"},"thumbnailUrl":"https:\/\/dev.explora.cl\/aricayparinacota\/wp-content\/uploads\/sites\/2\/2018\/06\/d6aff89a658ad883181587a620c01a29.jpg","articleSection":["Noticias"],"inLanguage":"es-CL","potentialAction":[{"@type":"CommentAction","name":"Comment","target":["https:\/\/dev.explora.cl\/aricayparinacota\/chile-tendra-un-dia-que-durara-48-horas-1\/#respond"]}]},{"@type":"WebPage","@id":"https:\/\/dev.explora.cl\/aricayparinacota\/chile-tendra-un-dia-que-durara-48-horas-1\/","url":"https:\/\/dev.explora.cl\/aricayparinacota\/chile-tendra-un-dia-que-durara-48-horas-1\/","name":"Chile tendr\u00e1 un d\u00eda que durar\u00e1 48 horas - Arica y Parinacota","isPartOf":{"@id":"https:\/\/dev.explora.cl\/aricayparinacota\/#website"},"primaryImageOfPage":{"@id":"https:\/\/dev.explora.cl\/aricayparinacota\/chile-tendra-un-dia-que-durara-48-horas-1\/#primaryimage"},"image":{"@id":"https:\/\/dev.explora.cl\/aricayparinacota\/chile-tendra-un-dia-que-durara-48-horas-1\/#primaryimage"},"thumbnailUrl":"https:\/\/dev.explora.cl\/aricayparinacota\/wp-content\/uploads\/sites\/2\/2018\/06\/d6aff89a658ad883181587a620c01a29.jpg","datePublished":"2015-03-12T00:00:00+00:00","dateModified":"2019-05-09T21:15:27+00:00","breadcrumb":{"@id":"https:\/\/dev.explora.cl\/aricayparinacota\/chile-tendra-un-dia-que-durara-48-horas-1\/#breadcrumb"},"inLanguage":"es-CL","potentialAction":[{"@type":"ReadAction","target":["https:\/\/dev.explora.cl\/aricayparinacota\/chile-tendra-un-dia-que-durara-48-horas-1\/"]}]},{"@type":"ImageObject","inLanguage":"es-CL","@id":"https:\/\/dev.explora.cl\/aricayparinacota\/chile-tendra-un-dia-que-durara-48-horas-1\/#primaryimage","url":"https:\/\/dev.explora.cl\/aricayparinacota\/wp-content\/uploads\/sites\/2\/2018\/06\/d6aff89a658ad883181587a620c01a29.jpg","contentUrl":"https:\/\/dev.explora.cl\/aricayparinacota\/wp-content\/uploads\/sites\/2\/2018\/06\/d6aff89a658ad883181587a620c01a29.jpg","width":350,"height":238},{"@type":"BreadcrumbList","@id":"https:\/\/dev.explora.cl\/aricayparinacota\/chile-tendra-un-dia-que-durara-48-horas-1\/#breadcrumb","itemListElement":[{"@type":"ListItem","position":1,"name":"Portada","item":"https:\/\/dev.explora.cl\/aricayparinacota\/"},{"@type":"ListItem","position":2,"name":"Chile tendr\u00e1 un d\u00eda que durar\u00e1 48 horas"}]},{"@type":"WebSite","@id":"https:\/\/dev.explora.cl\/aricayparinacota\/#website","url":"https:\/\/dev.explora.cl\/aricayparinacota\/","name":"Arica y Parinacota","description":"Otro sitio m\u00e1s de dev.explora.cl","publisher":{"@id":"https:\/\/dev.explora.cl\/aricayparinacota\/#organization"},"potentialAction":[{"@type":"SearchAction","target":{"@type":"EntryPoint","urlTemplate":"https:\/\/dev.explora.cl\/aricayparinacota\/?s={search_term_string}"},"query-input":{"@type":"PropertyValueSpecification","valueRequired":true,"valueName":"search_term_string"}}],"inLanguage":"es-CL"},{"@type":"Organization","@id":"https:\/\/dev.explora.cl\/aricayparinacota\/#organization","name":"Arica y Parinacota","url":"https:\/\/dev.explora.cl\/aricayparinacota\/","logo":{"@type":"ImageObject","inLanguage":"es-CL","@id":"https:\/\/dev.explora.cl\/aricayparinacota\/#\/schema\/logo\/image\/","url":"https:\/\/dev.explora.cl\/aricayparinacota\/wp-content\/uploads\/sites\/2\/2020\/08\/cropped-nuevosa-logos-11.png","contentUrl":"https:\/\/dev.explora.cl\/aricayparinacota\/wp-content\/uploads\/sites\/2\/2020\/08\/cropped-nuevosa-logos-11.png","width":812,"height":937,"caption":"Arica y Parinacota"},"image":{"@id":"https:\/\/dev.explora.cl\/aricayparinacota\/#\/schema\/logo\/image\/"}},{"@type":"Person","@id":"https:\/\/dev.explora.cl\/aricayparinacota\/#\/schema\/person\/cb8349c13ea2d324080adf8480d7ba5d","name":"webman","image":{"@type":"ImageObject","inLanguage":"es-CL","@id":"https:\/\/dev.explora.cl\/aricayparinacota\/#\/schema\/person\/image\/","url":"https:\/\/secure.gravatar.com\/avatar\/eeff3c82f2c02f7177d13663b7e6f890e9a6a0647ce9bb29cae02dcb094c7312?s=96&d=mm&r=g","contentUrl":"https:\/\/secure.gravatar.com\/avatar\/eeff3c82f2c02f7177d13663b7e6f890e9a6a0647ce9bb29cae02dcb094c7312?s=96&d=mm&r=g","caption":"webman"},"url":"https:\/\/dev.explora.cl\/aricayparinacota\/author\/webman\/"}]}},"_links":{"self":[{"href":"https:\/\/dev.explora.cl\/aricayparinacota\/wp-json\/wp\/v2\/posts\/31997","targetHints":{"allow":["GET"]}}],"collection":[{"href":"https:\/\/dev.explora.cl\/aricayparinacota\/wp-json\/wp\/v2\/posts"}],"about":[{"href":"https:\/\/dev.explora.cl\/aricayparinacota\/wp-json\/wp\/v2\/types\/post"}],"author":[{"embeddable":true,"href":"https:\/\/dev.explora.cl\/aricayparinacota\/wp-json\/wp\/v2\/users\/2"}],"replies":[{"embeddable":true,"href":"https:\/\/dev.explora.cl\/aricayparinacota\/wp-json\/wp\/v2\/comments?post=31997"}],"version-history":[{"count":1,"href":"https:\/\/dev.explora.cl\/aricayparinacota\/wp-json\/wp\/v2\/posts\/31997\/revisions"}],"predecessor-version":[{"id":32981,"href":"https:\/\/dev.explora.cl\/aricayparinacota\/wp-json\/wp\/v2\/posts\/31997\/revisions\/32981"}],"wp:featuredmedia":[{"embeddable":true,"href":"https:\/\/dev.explora.cl\/aricayparinacota\/wp-json\/wp\/v2\/media\/31998"}],"wp:attachment":[{"href":"https:\/\/dev.explora.cl\/aricayparinacota\/wp-json\/wp\/v2\/media?parent=31997"}],"wp:term":[{"taxonomy":"category","embeddable":true,"href":"https:\/\/dev.explora.cl\/aricayparinacota\/wp-json\/wp\/v2\/categories?post=31997"},{"taxonomy":"post_tag","embeddable":true,"href":"https:\/\/dev.explora.cl\/aricayparinacota\/wp-json\/wp\/v2\/tags?post=31997"}],"curies":[{"name":"wp","href":"https:\/\/api.w.org\/{rel}","templated":true}]}}