{"id":31993,"date":"2015-03-10T00:00:00","date_gmt":"2015-03-10T00:00:00","guid":{"rendered":"https:\/\/dev.explora.cl\/aricayparinacota\/blog\/2015\/03\/10\/como-esta-chile-en-materia-de-eficiencia-energetica-2\/"},"modified":"2019-05-09T21:15:40","modified_gmt":"2019-05-09T21:15:40","slug":"como-esta-chile-en-materia-de-eficiencia-energetica-2","status":"publish","type":"post","link":"https:\/\/dev.explora.cl\/aricayparinacota\/como-esta-chile-en-materia-de-eficiencia-energetica-2\/","title":{"rendered":"\u00bfC\u00f3mo est\u00e1 Chile en materia de eficiencia energ\u00e9tica?"},"content":{"rendered":"<p><img loading=\"lazy\" decoding=\"async\" class=\" size-full wp-image-9301\" src=\"http:\/\/ec2-34-218-253-251.us-west-2.compute.amazonaws.com\/wp-content\/uploads\/2015\/03\/a57c70015d2955d086d93bb809131cc5.jpg\" alt=\"\" width=\"380\" height=\"253\" \/><\/p>\n<p>Este 5 de marzo es el D\u00eda Internacional de la Eficiencia Energ\u00e9tica, celebraci\u00f3n que tiene sus or\u00edgenes en 1998, cuando se realiz\u00f3 la primera conferencia internacional sobre este tema, donde m\u00e1s de 350 expertos y l\u00edderes de 50 pa\u00edses discutieron en Austria c\u00f3mo conseguir disminuir el consumo energ\u00e9tico sin afectar la calidad de vida de las personas. Tambi\u00e9n se analizaron estrategias para hacer frente a la crisis de energ\u00eda, situaci\u00f3n donde Chile tiene mucho qu\u00e9 decir.<\/p>\n<p>Disponer de energ\u00eda es una condici\u00f3n necesaria para el crecimiento y desarrollo econ\u00f3mico de nuestro pa\u00eds. Sin embargo, de acuerdo al Balance Nacional de Energ\u00eda (BNE) 2012, Chile importa el 60% de su energ\u00eda primaria, convirti\u00e9ndonos en una naci\u00f3n dependiente de los mercados externos y, por consecuencia, de las restricciones de abastecimiento que se produzcan. Mientras se habla de que los costos de electricidad podr\u00eda subir en torno al 34% durante la pr\u00f3xima d\u00e9cada, es clave la optimizaci\u00f3n en el uso de recursos. \u201cActualmente existen muchos espacios de mejora relacionados con el buen uso de la energ\u00eda, pero se requiere un cambio de paradigma, de modo de ver a la energ\u00eda como un recurso valioso que podemos gestionar y no un costo fijo\u201d, cuenta Michel de Laire, consultor de Task Energy. Se\u00f1ala que en el caso de la industria, la eficiencia energ\u00e9tica permite mejorar la competitividad, pero muchas veces los proyectos de mejoras tecnol\u00f3gicas no se materializan debido a que la inversi\u00f3n se recupera en tres o cuatro a\u00f1os, mientras que las empresas buscan resultados de muy corto plazo. \u00a0<\/p>\n<p><strong>\u00bfC\u00f3mo est\u00e1 Chile?<\/strong><\/p>\n<p>Seg\u00fan estad\u00edsticas de la Agencia Internacional de Energ\u00eda, el consumo per c\u00e1pita de Chile, es casi el doble del promedio de los pa\u00edses de Latinoam\u00e9rica, y a su vez es la mitad del promedio de pa\u00edses OCDE. \u201cEsto significa que dadas las perspectivas de crecimiento de nuestra econom\u00eda, los consumos van a seguir aumentando y es por eso que debemos preocuparnos hoy en c\u00f3mo dise\u00f1amos las nuevas viviendas, industrias y ciudades para que consuman menos energ\u00eda en los pr\u00f3ximos cincuenta a\u00f1os, entre otros factores relacionados\u201d, dice De Laire.<\/p>\n<p>Alex Godoy, director del Mag\u00edster en Gesti\u00f3n de la Sustentabilidad de la Universidad del Desarrollo, establece que una de las principales barreras en eficiencia est\u00e1 relacionada con los bajos niveles de personal adecuado al interior de las organizaciones. \u201cLa idea es que estos temas se puedan insertar como una herramienta de ingenier\u00eda y no como se ha hecho hasta ahora, mediante control de gastos recort\u00e1ndolos bajo una perspectiva comercial. A Chile le hace falta ingenier\u00eda. A nivel regional estamos un poco m\u00e1s avanzados por el tipo de tecnolog\u00edas que ha sido capaz de incorporar la industria; es decir, nuestro \u00e9xito econ\u00f3mico nos permite comprar el \u201cequipo A\u201d y no el que m\u00e1s consume. A\u00fan as\u00ed, y a pesar los costos de la energ\u00eda, se sigue apostando al recortar costos en vez de invertir en ingenier\u00eda\u201d.<\/p>\n<p><strong>Desaf\u00edos\u00a0<\/strong><\/p>\n<p>De acuerdo a los compromisos planteados por la Presidenta Michelle Bachelet, una de las grandes metas pa\u00eds es reducir un 20% del consumo de energ\u00eda al 2025 a trav\u00e9s de iniciativas de eficiencia energ\u00e9tica. \u201cEl desaf\u00edo es importante, sobre todo en un momento en que el precio del petr\u00f3leo empieza a recuperarse de una ca\u00edda muy importante en los mercados internacionales\u201d, se\u00f1ala Ana Mar\u00eda Ruz, subgerente de Desarrollo Tecnol\u00f3gico de Fundaci\u00f3n Chile.<\/p>\n<p>Adem\u00e1s, este a\u00f1o el Gobierno presentar\u00e1 la esperada nueva Ley de Eficiencia Energ\u00e9tica. \u201cPermitir\u00eda iniciar el proceso de desacople de las curvas de crecimiento (PIB) y consumo de energ\u00eda y en donde las distribuidoras de electricidad y las empresas de servicios energ\u00e9ticos (ESCOs) jugar\u00edan un rol importante en iniciativas de eficiencia energ\u00e9tica para los sectores residenciales, comerciales y p\u00fablico. Para el sector industrial aparecer\u00eda el rol del Gestor energ\u00e9tico, entre otras\u201d, manifiesta Ruz. De esta forma, Chile seguir\u00eda el ejemplo de la mayor\u00eda de los pa\u00edses OCDE que cuentan con legislaci\u00f3n en esta materia.<\/p>\n<p>Fuente: <span style=\"color: #0000ff\"><a href=\"http:\/\/www.pulso.cl\/noticia\/tech\/sustentabilidad\/2015\/03\/75-59384-9-como-esta-chile-en-materia-de-eficiencia-energetica.shtml\" target=\"_blank\" rel=\"noopener noreferrer\"><span style=\"color: #0000ff\">Pulso.cl<\/span><\/a><\/span><\/p>\n","protected":false},"excerpt":{"rendered":"<p>Este 5 de marzo es el D\u00eda Internacional de la Eficiencia Energ\u00e9tica, celebraci\u00f3n que tiene sus or\u00edgenes en 1998, cuando se realiz\u00f3 la primera conferencia internacional sobre este tema, donde m\u00e1s de 350 expertos y l\u00edderes de 50 pa\u00edses discutieron en Austria c\u00f3mo conseguir disminuir el consumo energ\u00e9tico sin afectar la calidad de vida de [&hellip;]<\/p>\n","protected":false},"author":2,"featured_media":31994,"comment_status":"open","ping_status":"open","sticky":false,"template":"","format":"standard","meta":{"_acf_changed":false,"_exactmetrics_skip_tracking":false,"_exactmetrics_sitenote_active":false,"_exactmetrics_sitenote_note":"","_exactmetrics_sitenote_category":0,"footnotes":"","_links_to":"","_links_to_target":""},"categories":[4],"tags":[],"class_list":["post-31993","post","type-post","status-publish","format-standard","has-post-thumbnail","hentry","category-noticias"],"acf":[],"yoast_head":"<!-- This site is optimized with the Yoast SEO plugin v26.7 - https:\/\/yoast.com\/wordpress\/plugins\/seo\/ -->\n<title>\u00bfC\u00f3mo est\u00e1 Chile en materia de eficiencia energ\u00e9tica? - Arica y Parinacota<\/title>\n<meta name=\"robots\" content=\"index, follow, max-snippet:-1, max-image-preview:large, max-video-preview:-1\" \/>\n<link rel=\"canonical\" href=\"https:\/\/dev.explora.cl\/aricayparinacota\/como-esta-chile-en-materia-de-eficiencia-energetica-2\/\" class=\"yoast-seo-meta-tag\" \/>\n<meta property=\"og:locale\" content=\"es_ES\" class=\"yoast-seo-meta-tag\" \/>\n<meta property=\"og:type\" content=\"article\" class=\"yoast-seo-meta-tag\" \/>\n<meta property=\"og:title\" content=\"\u00bfC\u00f3mo est\u00e1 Chile en materia de eficiencia energ\u00e9tica? - Arica y Parinacota\" class=\"yoast-seo-meta-tag\" \/>\n<meta property=\"og:description\" content=\"Este 5 de marzo es el D\u00eda Internacional de la Eficiencia Energ\u00e9tica, celebraci\u00f3n que tiene sus or\u00edgenes en 1998, cuando se realiz\u00f3 la primera conferencia internacional sobre este tema, donde m\u00e1s de 350 expertos y l\u00edderes de 50 pa\u00edses discutieron en Austria c\u00f3mo conseguir disminuir el consumo energ\u00e9tico sin afectar la calidad de vida de [&hellip;]\" class=\"yoast-seo-meta-tag\" \/>\n<meta property=\"og:url\" content=\"https:\/\/dev.explora.cl\/aricayparinacota\/como-esta-chile-en-materia-de-eficiencia-energetica-2\/\" class=\"yoast-seo-meta-tag\" \/>\n<meta property=\"og:site_name\" content=\"Arica y Parinacota\" class=\"yoast-seo-meta-tag\" \/>\n<meta property=\"article:published_time\" content=\"2015-03-10T00:00:00+00:00\" class=\"yoast-seo-meta-tag\" \/>\n<meta property=\"article:modified_time\" content=\"2019-05-09T21:15:40+00:00\" class=\"yoast-seo-meta-tag\" \/>\n<meta property=\"og:image\" content=\"https:\/\/dev.explora.cl\/aricayparinacota\/wp-content\/uploads\/sites\/2\/2018\/06\/a57c70015d2955d086d93bb809131cc5.jpg\" class=\"yoast-seo-meta-tag\" \/>\n\t<meta property=\"og:image:width\" content=\"380\" class=\"yoast-seo-meta-tag\" \/>\n\t<meta property=\"og:image:height\" content=\"253\" class=\"yoast-seo-meta-tag\" \/>\n\t<meta property=\"og:image:type\" content=\"image\/jpeg\" class=\"yoast-seo-meta-tag\" \/>\n<meta name=\"author\" content=\"webman\" class=\"yoast-seo-meta-tag\" \/>\n<meta name=\"twitter:card\" content=\"summary_large_image\" class=\"yoast-seo-meta-tag\" \/>\n<meta name=\"twitter:label1\" content=\"Escrito por\" class=\"yoast-seo-meta-tag\" \/>\n\t<meta name=\"twitter:data1\" content=\"webman\" class=\"yoast-seo-meta-tag\" \/>\n\t<meta name=\"twitter:label2\" content=\"Tiempo estimado de lectura\" class=\"yoast-seo-meta-tag\" \/>\n\t<meta name=\"twitter:data2\" content=\"4 minutos\" class=\"yoast-seo-meta-tag\" \/>\n<script type=\"application\/ld+json\" class=\"yoast-schema-graph\">{\"@context\":\"https:\/\/schema.org\",\"@graph\":[{\"@type\":\"Article\",\"@id\":\"https:\/\/dev.explora.cl\/aricayparinacota\/como-esta-chile-en-materia-de-eficiencia-energetica-2\/#article\",\"isPartOf\":{\"@id\":\"https:\/\/dev.explora.cl\/aricayparinacota\/como-esta-chile-en-materia-de-eficiencia-energetica-2\/\"},\"author\":{\"name\":\"webman\",\"@id\":\"https:\/\/dev.explora.cl\/aricayparinacota\/#\/schema\/person\/cb8349c13ea2d324080adf8480d7ba5d\"},\"headline\":\"\u00bfC\u00f3mo est\u00e1 Chile en materia de eficiencia energ\u00e9tica?\",\"datePublished\":\"2015-03-10T00:00:00+00:00\",\"dateModified\":\"2019-05-09T21:15:40+00:00\",\"mainEntityOfPage\":{\"@id\":\"https:\/\/dev.explora.cl\/aricayparinacota\/como-esta-chile-en-materia-de-eficiencia-energetica-2\/\"},\"wordCount\":736,\"commentCount\":0,\"publisher\":{\"@id\":\"https:\/\/dev.explora.cl\/aricayparinacota\/#organization\"},\"image\":{\"@id\":\"https:\/\/dev.explora.cl\/aricayparinacota\/como-esta-chile-en-materia-de-eficiencia-energetica-2\/#primaryimage\"},\"thumbnailUrl\":\"https:\/\/dev.explora.cl\/aricayparinacota\/wp-content\/uploads\/sites\/2\/2018\/06\/a57c70015d2955d086d93bb809131cc5.jpg\",\"articleSection\":[\"Noticias\"],\"inLanguage\":\"es-CL\",\"potentialAction\":[{\"@type\":\"CommentAction\",\"name\":\"Comment\",\"target\":[\"https:\/\/dev.explora.cl\/aricayparinacota\/como-esta-chile-en-materia-de-eficiencia-energetica-2\/#respond\"]}]},{\"@type\":\"WebPage\",\"@id\":\"https:\/\/dev.explora.cl\/aricayparinacota\/como-esta-chile-en-materia-de-eficiencia-energetica-2\/\",\"url\":\"https:\/\/dev.explora.cl\/aricayparinacota\/como-esta-chile-en-materia-de-eficiencia-energetica-2\/\",\"name\":\"\u00bfC\u00f3mo est\u00e1 Chile en materia de eficiencia energ\u00e9tica? - Arica y Parinacota\",\"isPartOf\":{\"@id\":\"https:\/\/dev.explora.cl\/aricayparinacota\/#website\"},\"primaryImageOfPage\":{\"@id\":\"https:\/\/dev.explora.cl\/aricayparinacota\/como-esta-chile-en-materia-de-eficiencia-energetica-2\/#primaryimage\"},\"image\":{\"@id\":\"https:\/\/dev.explora.cl\/aricayparinacota\/como-esta-chile-en-materia-de-eficiencia-energetica-2\/#primaryimage\"},\"thumbnailUrl\":\"https:\/\/dev.explora.cl\/aricayparinacota\/wp-content\/uploads\/sites\/2\/2018\/06\/a57c70015d2955d086d93bb809131cc5.jpg\",\"datePublished\":\"2015-03-10T00:00:00+00:00\",\"dateModified\":\"2019-05-09T21:15:40+00:00\",\"breadcrumb\":{\"@id\":\"https:\/\/dev.explora.cl\/aricayparinacota\/como-esta-chile-en-materia-de-eficiencia-energetica-2\/#breadcrumb\"},\"inLanguage\":\"es-CL\",\"potentialAction\":[{\"@type\":\"ReadAction\",\"target\":[\"https:\/\/dev.explora.cl\/aricayparinacota\/como-esta-chile-en-materia-de-eficiencia-energetica-2\/\"]}]},{\"@type\":\"ImageObject\",\"inLanguage\":\"es-CL\",\"@id\":\"https:\/\/dev.explora.cl\/aricayparinacota\/como-esta-chile-en-materia-de-eficiencia-energetica-2\/#primaryimage\",\"url\":\"https:\/\/dev.explora.cl\/aricayparinacota\/wp-content\/uploads\/sites\/2\/2018\/06\/a57c70015d2955d086d93bb809131cc5.jpg\",\"contentUrl\":\"https:\/\/dev.explora.cl\/aricayparinacota\/wp-content\/uploads\/sites\/2\/2018\/06\/a57c70015d2955d086d93bb809131cc5.jpg\",\"width\":380,\"height\":253},{\"@type\":\"BreadcrumbList\",\"@id\":\"https:\/\/dev.explora.cl\/aricayparinacota\/como-esta-chile-en-materia-de-eficiencia-energetica-2\/#breadcrumb\",\"itemListElement\":[{\"@type\":\"ListItem\",\"position\":1,\"name\":\"Portada\",\"item\":\"https:\/\/dev.explora.cl\/aricayparinacota\/\"},{\"@type\":\"ListItem\",\"position\":2,\"name\":\"\u00bfC\u00f3mo est\u00e1 Chile en materia de eficiencia energ\u00e9tica?\"}]},{\"@type\":\"WebSite\",\"@id\":\"https:\/\/dev.explora.cl\/aricayparinacota\/#website\",\"url\":\"https:\/\/dev.explora.cl\/aricayparinacota\/\",\"name\":\"Arica y Parinacota\",\"description\":\"Otro sitio m\u00e1s de dev.explora.cl\",\"publisher\":{\"@id\":\"https:\/\/dev.explora.cl\/aricayparinacota\/#organization\"},\"potentialAction\":[{\"@type\":\"SearchAction\",\"target\":{\"@type\":\"EntryPoint\",\"urlTemplate\":\"https:\/\/dev.explora.cl\/aricayparinacota\/?s={search_term_string}\"},\"query-input\":{\"@type\":\"PropertyValueSpecification\",\"valueRequired\":true,\"valueName\":\"search_term_string\"}}],\"inLanguage\":\"es-CL\"},{\"@type\":\"Organization\",\"@id\":\"https:\/\/dev.explora.cl\/aricayparinacota\/#organization\",\"name\":\"Arica y Parinacota\",\"url\":\"https:\/\/dev.explora.cl\/aricayparinacota\/\",\"logo\":{\"@type\":\"ImageObject\",\"inLanguage\":\"es-CL\",\"@id\":\"https:\/\/dev.explora.cl\/aricayparinacota\/#\/schema\/logo\/image\/\",\"url\":\"https:\/\/dev.explora.cl\/aricayparinacota\/wp-content\/uploads\/sites\/2\/2020\/08\/cropped-nuevosa-logos-11.png\",\"contentUrl\":\"https:\/\/dev.explora.cl\/aricayparinacota\/wp-content\/uploads\/sites\/2\/2020\/08\/cropped-nuevosa-logos-11.png\",\"width\":812,\"height\":937,\"caption\":\"Arica y Parinacota\"},\"image\":{\"@id\":\"https:\/\/dev.explora.cl\/aricayparinacota\/#\/schema\/logo\/image\/\"}},{\"@type\":\"Person\",\"@id\":\"https:\/\/dev.explora.cl\/aricayparinacota\/#\/schema\/person\/cb8349c13ea2d324080adf8480d7ba5d\",\"name\":\"webman\",\"image\":{\"@type\":\"ImageObject\",\"inLanguage\":\"es-CL\",\"@id\":\"https:\/\/dev.explora.cl\/aricayparinacota\/#\/schema\/person\/image\/\",\"url\":\"https:\/\/secure.gravatar.com\/avatar\/eeff3c82f2c02f7177d13663b7e6f890e9a6a0647ce9bb29cae02dcb094c7312?s=96&d=mm&r=g\",\"contentUrl\":\"https:\/\/secure.gravatar.com\/avatar\/eeff3c82f2c02f7177d13663b7e6f890e9a6a0647ce9bb29cae02dcb094c7312?s=96&d=mm&r=g\",\"caption\":\"webman\"},\"url\":\"https:\/\/dev.explora.cl\/aricayparinacota\/author\/webman\/\"}]}<\/script>\n<!-- \/ Yoast SEO plugin. -->","yoast_head_json":{"title":"\u00bfC\u00f3mo est\u00e1 Chile en materia de eficiencia energ\u00e9tica? - Arica y Parinacota","robots":{"index":"index","follow":"follow","max-snippet":"max-snippet:-1","max-image-preview":"max-image-preview:large","max-video-preview":"max-video-preview:-1"},"canonical":"https:\/\/dev.explora.cl\/aricayparinacota\/como-esta-chile-en-materia-de-eficiencia-energetica-2\/","og_locale":"es_ES","og_type":"article","og_title":"\u00bfC\u00f3mo est\u00e1 Chile en materia de eficiencia energ\u00e9tica? - Arica y Parinacota","og_description":"Este 5 de marzo es el D\u00eda Internacional de la Eficiencia Energ\u00e9tica, celebraci\u00f3n que tiene sus or\u00edgenes en 1998, cuando se realiz\u00f3 la primera conferencia internacional sobre este tema, donde m\u00e1s de 350 expertos y l\u00edderes de 50 pa\u00edses discutieron en Austria c\u00f3mo conseguir disminuir el consumo energ\u00e9tico sin afectar la calidad de vida de [&hellip;]","og_url":"https:\/\/dev.explora.cl\/aricayparinacota\/como-esta-chile-en-materia-de-eficiencia-energetica-2\/","og_site_name":"Arica y Parinacota","article_published_time":"2015-03-10T00:00:00+00:00","article_modified_time":"2019-05-09T21:15:40+00:00","og_image":[{"width":380,"height":253,"url":"https:\/\/dev.explora.cl\/aricayparinacota\/wp-content\/uploads\/sites\/2\/2018\/06\/a57c70015d2955d086d93bb809131cc5.jpg","type":"image\/jpeg"}],"author":"webman","twitter_card":"summary_large_image","twitter_misc":{"Escrito por":"webman","Tiempo estimado de lectura":"4 minutos"},"schema":{"@context":"https:\/\/schema.org","@graph":[{"@type":"Article","@id":"https:\/\/dev.explora.cl\/aricayparinacota\/como-esta-chile-en-materia-de-eficiencia-energetica-2\/#article","isPartOf":{"@id":"https:\/\/dev.explora.cl\/aricayparinacota\/como-esta-chile-en-materia-de-eficiencia-energetica-2\/"},"author":{"name":"webman","@id":"https:\/\/dev.explora.cl\/aricayparinacota\/#\/schema\/person\/cb8349c13ea2d324080adf8480d7ba5d"},"headline":"\u00bfC\u00f3mo est\u00e1 Chile en materia de eficiencia energ\u00e9tica?","datePublished":"2015-03-10T00:00:00+00:00","dateModified":"2019-05-09T21:15:40+00:00","mainEntityOfPage":{"@id":"https:\/\/dev.explora.cl\/aricayparinacota\/como-esta-chile-en-materia-de-eficiencia-energetica-2\/"},"wordCount":736,"commentCount":0,"publisher":{"@id":"https:\/\/dev.explora.cl\/aricayparinacota\/#organization"},"image":{"@id":"https:\/\/dev.explora.cl\/aricayparinacota\/como-esta-chile-en-materia-de-eficiencia-energetica-2\/#primaryimage"},"thumbnailUrl":"https:\/\/dev.explora.cl\/aricayparinacota\/wp-content\/uploads\/sites\/2\/2018\/06\/a57c70015d2955d086d93bb809131cc5.jpg","articleSection":["Noticias"],"inLanguage":"es-CL","potentialAction":[{"@type":"CommentAction","name":"Comment","target":["https:\/\/dev.explora.cl\/aricayparinacota\/como-esta-chile-en-materia-de-eficiencia-energetica-2\/#respond"]}]},{"@type":"WebPage","@id":"https:\/\/dev.explora.cl\/aricayparinacota\/como-esta-chile-en-materia-de-eficiencia-energetica-2\/","url":"https:\/\/dev.explora.cl\/aricayparinacota\/como-esta-chile-en-materia-de-eficiencia-energetica-2\/","name":"\u00bfC\u00f3mo est\u00e1 Chile en materia de eficiencia energ\u00e9tica? - Arica y Parinacota","isPartOf":{"@id":"https:\/\/dev.explora.cl\/aricayparinacota\/#website"},"primaryImageOfPage":{"@id":"https:\/\/dev.explora.cl\/aricayparinacota\/como-esta-chile-en-materia-de-eficiencia-energetica-2\/#primaryimage"},"image":{"@id":"https:\/\/dev.explora.cl\/aricayparinacota\/como-esta-chile-en-materia-de-eficiencia-energetica-2\/#primaryimage"},"thumbnailUrl":"https:\/\/dev.explora.cl\/aricayparinacota\/wp-content\/uploads\/sites\/2\/2018\/06\/a57c70015d2955d086d93bb809131cc5.jpg","datePublished":"2015-03-10T00:00:00+00:00","dateModified":"2019-05-09T21:15:40+00:00","breadcrumb":{"@id":"https:\/\/dev.explora.cl\/aricayparinacota\/como-esta-chile-en-materia-de-eficiencia-energetica-2\/#breadcrumb"},"inLanguage":"es-CL","potentialAction":[{"@type":"ReadAction","target":["https:\/\/dev.explora.cl\/aricayparinacota\/como-esta-chile-en-materia-de-eficiencia-energetica-2\/"]}]},{"@type":"ImageObject","inLanguage":"es-CL","@id":"https:\/\/dev.explora.cl\/aricayparinacota\/como-esta-chile-en-materia-de-eficiencia-energetica-2\/#primaryimage","url":"https:\/\/dev.explora.cl\/aricayparinacota\/wp-content\/uploads\/sites\/2\/2018\/06\/a57c70015d2955d086d93bb809131cc5.jpg","contentUrl":"https:\/\/dev.explora.cl\/aricayparinacota\/wp-content\/uploads\/sites\/2\/2018\/06\/a57c70015d2955d086d93bb809131cc5.jpg","width":380,"height":253},{"@type":"BreadcrumbList","@id":"https:\/\/dev.explora.cl\/aricayparinacota\/como-esta-chile-en-materia-de-eficiencia-energetica-2\/#breadcrumb","itemListElement":[{"@type":"ListItem","position":1,"name":"Portada","item":"https:\/\/dev.explora.cl\/aricayparinacota\/"},{"@type":"ListItem","position":2,"name":"\u00bfC\u00f3mo est\u00e1 Chile en materia de eficiencia energ\u00e9tica?"}]},{"@type":"WebSite","@id":"https:\/\/dev.explora.cl\/aricayparinacota\/#website","url":"https:\/\/dev.explora.cl\/aricayparinacota\/","name":"Arica y Parinacota","description":"Otro sitio m\u00e1s de dev.explora.cl","publisher":{"@id":"https:\/\/dev.explora.cl\/aricayparinacota\/#organization"},"potentialAction":[{"@type":"SearchAction","target":{"@type":"EntryPoint","urlTemplate":"https:\/\/dev.explora.cl\/aricayparinacota\/?s={search_term_string}"},"query-input":{"@type":"PropertyValueSpecification","valueRequired":true,"valueName":"search_term_string"}}],"inLanguage":"es-CL"},{"@type":"Organization","@id":"https:\/\/dev.explora.cl\/aricayparinacota\/#organization","name":"Arica y Parinacota","url":"https:\/\/dev.explora.cl\/aricayparinacota\/","logo":{"@type":"ImageObject","inLanguage":"es-CL","@id":"https:\/\/dev.explora.cl\/aricayparinacota\/#\/schema\/logo\/image\/","url":"https:\/\/dev.explora.cl\/aricayparinacota\/wp-content\/uploads\/sites\/2\/2020\/08\/cropped-nuevosa-logos-11.png","contentUrl":"https:\/\/dev.explora.cl\/aricayparinacota\/wp-content\/uploads\/sites\/2\/2020\/08\/cropped-nuevosa-logos-11.png","width":812,"height":937,"caption":"Arica y Parinacota"},"image":{"@id":"https:\/\/dev.explora.cl\/aricayparinacota\/#\/schema\/logo\/image\/"}},{"@type":"Person","@id":"https:\/\/dev.explora.cl\/aricayparinacota\/#\/schema\/person\/cb8349c13ea2d324080adf8480d7ba5d","name":"webman","image":{"@type":"ImageObject","inLanguage":"es-CL","@id":"https:\/\/dev.explora.cl\/aricayparinacota\/#\/schema\/person\/image\/","url":"https:\/\/secure.gravatar.com\/avatar\/eeff3c82f2c02f7177d13663b7e6f890e9a6a0647ce9bb29cae02dcb094c7312?s=96&d=mm&r=g","contentUrl":"https:\/\/secure.gravatar.com\/avatar\/eeff3c82f2c02f7177d13663b7e6f890e9a6a0647ce9bb29cae02dcb094c7312?s=96&d=mm&r=g","caption":"webman"},"url":"https:\/\/dev.explora.cl\/aricayparinacota\/author\/webman\/"}]}},"_links":{"self":[{"href":"https:\/\/dev.explora.cl\/aricayparinacota\/wp-json\/wp\/v2\/posts\/31993","targetHints":{"allow":["GET"]}}],"collection":[{"href":"https:\/\/dev.explora.cl\/aricayparinacota\/wp-json\/wp\/v2\/posts"}],"about":[{"href":"https:\/\/dev.explora.cl\/aricayparinacota\/wp-json\/wp\/v2\/types\/post"}],"author":[{"embeddable":true,"href":"https:\/\/dev.explora.cl\/aricayparinacota\/wp-json\/wp\/v2\/users\/2"}],"replies":[{"embeddable":true,"href":"https:\/\/dev.explora.cl\/aricayparinacota\/wp-json\/wp\/v2\/comments?post=31993"}],"version-history":[{"count":1,"href":"https:\/\/dev.explora.cl\/aricayparinacota\/wp-json\/wp\/v2\/posts\/31993\/revisions"}],"predecessor-version":[{"id":32984,"href":"https:\/\/dev.explora.cl\/aricayparinacota\/wp-json\/wp\/v2\/posts\/31993\/revisions\/32984"}],"wp:featuredmedia":[{"embeddable":true,"href":"https:\/\/dev.explora.cl\/aricayparinacota\/wp-json\/wp\/v2\/media\/31994"}],"wp:attachment":[{"href":"https:\/\/dev.explora.cl\/aricayparinacota\/wp-json\/wp\/v2\/media?parent=31993"}],"wp:term":[{"taxonomy":"category","embeddable":true,"href":"https:\/\/dev.explora.cl\/aricayparinacota\/wp-json\/wp\/v2\/categories?post=31993"},{"taxonomy":"post_tag","embeddable":true,"href":"https:\/\/dev.explora.cl\/aricayparinacota\/wp-json\/wp\/v2\/tags?post=31993"}],"curies":[{"name":"wp","href":"https:\/\/api.w.org\/{rel}","templated":true}]}}