{"id":31991,"date":"2015-03-10T00:00:00","date_gmt":"2015-03-10T00:00:00","guid":{"rendered":"https:\/\/dev.explora.cl\/aricayparinacota\/blog\/2015\/03\/10\/decretan-zona-de-emergencia-agricola-por-erupcion-de-volcan-villarrica-1\/"},"modified":"2019-05-09T21:15:33","modified_gmt":"2019-05-09T21:15:33","slug":"decretan-zona-de-emergencia-agricola-por-erupcion-de-volcan-villarrica-1","status":"publish","type":"post","link":"https:\/\/dev.explora.cl\/aricayparinacota\/decretan-zona-de-emergencia-agricola-por-erupcion-de-volcan-villarrica-1\/","title":{"rendered":"Decretan zona de emergencia agr\u00edcola por erupci\u00f3n de volc\u00e1n Villarrica"},"content":{"rendered":"<p><img loading=\"lazy\" decoding=\"async\" class=\" size-full wp-image-9295\" src=\"http:\/\/ec2-34-218-253-251.us-west-2.compute.amazonaws.com\/wp-content\/uploads\/2015\/03\/925cc4765b1647fe121f7710b4d1814b.jpg\" alt=\"\" width=\"300\" height=\"159\" \/><\/p>\n<p>Alrededor de las 3 de la madrugada el volc\u00e1n Villarrica, que hab\u00eda mantenido una intensa actividad durante las \u00faltimas semanas, finalmente entr\u00f3 en erupci\u00f3n lo que oblig\u00f3 a decretar la evacuaci\u00f3n de m\u00e1s de 3.000 personas de acuerdo a las cifras entregadas por las autoridades.<\/p>\n<p>La actividad del macizo, que se encuentra en el l\u00edmite de las regiones de la Araucan\u00eda y Los R\u00edos, ha llevado al Ejecutivo adem\u00e1s a suspender las clases en las comunas aleda\u00f1as al volc\u00e1n y de acuerdo al \u00faltimo reporte del ministro del Interior Rodrigo Pe\u00f1ailillo. Adem\u00e1s, se decidi\u00f3 mantener la alerta roja en un radio de 10 kil\u00f3metros en torno al cr\u00e1ter del volc\u00e1n.<\/p>\n<p>Luego del \u00a0Comit\u00e9 de Emergencia encabezado por la Presidenta, las autoridades decidieron declarar emergencia agr\u00edcola en La Araucan\u00eda. A la salida de la reuni\u00f3n en Puc\u00f3n, la Mandataria inform\u00f3 que se tom\u00f3 la decisi\u00f3n con prontitud por el efecto que la erupci\u00f3n pueda tener sobre los campos y los animales. La medida \u201cva a permitir que la regi\u00f3n cuente con m\u00e1s recursos y con m\u00e1s apoyo para los agricultores\u201d, indic\u00f3 la Michelle Bachelet.<\/p>\n<p>Recordemos que el Seremi de Educaci\u00f3n de la regi\u00f3n de la Araucan\u00eda, Marcelo Segura, inform\u00f3 que las clases en Curarrehue, Puc\u00f3n y Villarrica, debido a la actividad eruptiva del volc\u00e1n Villarrica. Mientras que el intendente de Los R\u00edos, confirm\u00f3 que las clases tambi\u00e9n fueron suspendidas en Co\u00f1aripe. Informaci\u00f3n que fue confirmada durante horas de la ma\u00f1ana por las autoridades centrales.<\/p>\n<p>Seg\u00fan el \u00faltimo informe, las autoridades decidieron mantener la alerta roja en un radio de 10 kms. al rededor del macizo. Adem\u00e1s,\u00a0Rodrigo Pe\u00f1ailillo confirm\u00f3 que por las pr\u00f3ximas 24 horas se mantendr\u00e1 un monitoreo constante cada tres horas respecto al volc\u00e1n Villarrica. Adem\u00e1s, de todo el personal disponible trabajando para contener la emergencia.<\/p>\n<p>Respecto de la ciudadan\u00eda aleda\u00f1a, el Ministro del Interior confirm\u00f3 que en localidades de Puc\u00f3n, Villarica y Panguipulli se mantiene la evacuaci\u00f3n. En tanto, por fuera del radio de los 10 kms, se baja a alerta amarilla, donde se mantendr\u00e1 el monitoreo de las autoridades.<\/p>\n<h3><strong>Albergues\u00a0<\/strong><\/h3>\n<p>Seg\u00fan se inform\u00f3 desde el Mineduc,\u00a0a trav\u00e9s de la Junta Nacional de Auxilio Escolar y Becas (Junaeb), se ha dispuesto la entrega de raciones alimenticias para las personas que deban hacer uso de los albergues de emergencia habilitados luego de\u00a0la erupci\u00f3n del volc\u00e1n Villarrica.<\/p>\n<p>Los albergues habilitados hasta el minuto son:<\/p>\n<h6><strong>La Araucan\u00eda<\/strong><\/h6>\n<ul>\n<li>Villarrica: Colegio Polit\u00e9cnico (Avenida Presidente Juan Antonio R\u00edos N\u00b01113) y Colegio Mariano Latorre (Calle Colo Colo S\/N). A ellas se suman las escuelas rurales Estadio y Aliwen.<\/li>\n<li>Curarrehue: Complejo Educacional Monse\u00f1or Francisco Vald\u00e9s (Avenida Bernardo O`Higgins N\u00b0 490).<\/li>\n<li>Puc\u00f3n: Complejo Educacional Hoteler\u00eda y Turismo (Avenida Bernardo O\u2019Higgins N\u00b0 1085); y escuelas rurales Carileufu, Quelhue, Paillaco y Villa San Pedro (todas cercanas a postas de esos sectores).<\/li>\n<\/ul>\n<h6>\u00a0<strong>Los R\u00edos<\/strong><\/h6>\n<ul>\n<li>Panguipulli: Escuela Mar\u00eda Alvarado Garay (Bernardo O\u2019Higgins N\u00b0 665) y Liceo Fernando Santivan (Ram\u00f3n Freire 336).<\/li>\n<li>Se suman las escuelas rurales Pullinque y Huellahue.<\/li>\n<\/ul>\n<p>Fuente: <span style=\"color: #0000ff\"><a href=\"http:\/\/radio.uchile.cl\/2015\/03\/03\/erupcion-del-volcan-villarrica-obliga-a-evacuar-a-mas-de-3-mil-personas\" target=\"_blank\" rel=\"noopener noreferrer\"><span style=\"color: #0000ff\">Radio.uchile.cl<\/span><\/a><\/span><\/p>\n","protected":false},"excerpt":{"rendered":"<p>Alrededor de las 3 de la madrugada el volc\u00e1n Villarrica, que hab\u00eda mantenido una intensa actividad durante las \u00faltimas semanas, finalmente entr\u00f3 en erupci\u00f3n lo que oblig\u00f3 a decretar la evacuaci\u00f3n de m\u00e1s de 3.000 personas de acuerdo a las cifras entregadas por las autoridades. La actividad del macizo, que se encuentra en el l\u00edmite [&hellip;]<\/p>\n","protected":false},"author":2,"featured_media":31992,"comment_status":"open","ping_status":"open","sticky":false,"template":"","format":"standard","meta":{"_acf_changed":false,"_exactmetrics_skip_tracking":false,"_exactmetrics_sitenote_active":false,"_exactmetrics_sitenote_note":"","_exactmetrics_sitenote_category":0,"footnotes":"","_links_to":"","_links_to_target":""},"categories":[4],"tags":[],"class_list":["post-31991","post","type-post","status-publish","format-standard","has-post-thumbnail","hentry","category-noticias"],"acf":[],"yoast_head":"<!-- This site is optimized with the Yoast SEO plugin v26.7 - https:\/\/yoast.com\/wordpress\/plugins\/seo\/ -->\n<title>Decretan zona de emergencia agr\u00edcola por erupci\u00f3n de volc\u00e1n Villarrica - Arica y Parinacota<\/title>\n<meta name=\"robots\" content=\"index, follow, max-snippet:-1, max-image-preview:large, max-video-preview:-1\" \/>\n<link rel=\"canonical\" href=\"https:\/\/dev.explora.cl\/aricayparinacota\/decretan-zona-de-emergencia-agricola-por-erupcion-de-volcan-villarrica-1\/\" class=\"yoast-seo-meta-tag\" \/>\n<meta property=\"og:locale\" content=\"es_ES\" class=\"yoast-seo-meta-tag\" \/>\n<meta property=\"og:type\" content=\"article\" class=\"yoast-seo-meta-tag\" \/>\n<meta property=\"og:title\" content=\"Decretan zona de emergencia agr\u00edcola por erupci\u00f3n de volc\u00e1n Villarrica - Arica y Parinacota\" class=\"yoast-seo-meta-tag\" \/>\n<meta property=\"og:description\" content=\"Alrededor de las 3 de la madrugada el volc\u00e1n Villarrica, que hab\u00eda mantenido una intensa actividad durante las \u00faltimas semanas, finalmente entr\u00f3 en erupci\u00f3n lo que oblig\u00f3 a decretar la evacuaci\u00f3n de m\u00e1s de 3.000 personas de acuerdo a las cifras entregadas por las autoridades. La actividad del macizo, que se encuentra en el l\u00edmite [&hellip;]\" class=\"yoast-seo-meta-tag\" \/>\n<meta property=\"og:url\" content=\"https:\/\/dev.explora.cl\/aricayparinacota\/decretan-zona-de-emergencia-agricola-por-erupcion-de-volcan-villarrica-1\/\" class=\"yoast-seo-meta-tag\" \/>\n<meta property=\"og:site_name\" content=\"Arica y Parinacota\" class=\"yoast-seo-meta-tag\" \/>\n<meta property=\"article:published_time\" content=\"2015-03-10T00:00:00+00:00\" class=\"yoast-seo-meta-tag\" \/>\n<meta property=\"article:modified_time\" content=\"2019-05-09T21:15:33+00:00\" class=\"yoast-seo-meta-tag\" \/>\n<meta property=\"og:image\" content=\"https:\/\/dev.explora.cl\/aricayparinacota\/wp-content\/uploads\/sites\/2\/2018\/06\/925cc4765b1647fe121f7710b4d1814b.jpg\" class=\"yoast-seo-meta-tag\" \/>\n\t<meta property=\"og:image:width\" content=\"300\" class=\"yoast-seo-meta-tag\" \/>\n\t<meta property=\"og:image:height\" content=\"159\" class=\"yoast-seo-meta-tag\" \/>\n\t<meta property=\"og:image:type\" content=\"image\/jpeg\" class=\"yoast-seo-meta-tag\" \/>\n<meta name=\"author\" content=\"webman\" class=\"yoast-seo-meta-tag\" \/>\n<meta name=\"twitter:card\" content=\"summary_large_image\" class=\"yoast-seo-meta-tag\" \/>\n<meta name=\"twitter:label1\" content=\"Escrito por\" class=\"yoast-seo-meta-tag\" \/>\n\t<meta name=\"twitter:data1\" content=\"webman\" class=\"yoast-seo-meta-tag\" \/>\n\t<meta name=\"twitter:label2\" content=\"Tiempo estimado de lectura\" class=\"yoast-seo-meta-tag\" \/>\n\t<meta name=\"twitter:data2\" content=\"3 minutos\" class=\"yoast-seo-meta-tag\" \/>\n<script type=\"application\/ld+json\" class=\"yoast-schema-graph\">{\"@context\":\"https:\/\/schema.org\",\"@graph\":[{\"@type\":\"Article\",\"@id\":\"https:\/\/dev.explora.cl\/aricayparinacota\/decretan-zona-de-emergencia-agricola-por-erupcion-de-volcan-villarrica-1\/#article\",\"isPartOf\":{\"@id\":\"https:\/\/dev.explora.cl\/aricayparinacota\/decretan-zona-de-emergencia-agricola-por-erupcion-de-volcan-villarrica-1\/\"},\"author\":{\"name\":\"webman\",\"@id\":\"https:\/\/dev.explora.cl\/aricayparinacota\/#\/schema\/person\/cb8349c13ea2d324080adf8480d7ba5d\"},\"headline\":\"Decretan zona de emergencia agr\u00edcola por erupci\u00f3n de volc\u00e1n Villarrica\",\"datePublished\":\"2015-03-10T00:00:00+00:00\",\"dateModified\":\"2019-05-09T21:15:33+00:00\",\"mainEntityOfPage\":{\"@id\":\"https:\/\/dev.explora.cl\/aricayparinacota\/decretan-zona-de-emergencia-agricola-por-erupcion-de-volcan-villarrica-1\/\"},\"wordCount\":560,\"commentCount\":0,\"publisher\":{\"@id\":\"https:\/\/dev.explora.cl\/aricayparinacota\/#organization\"},\"image\":{\"@id\":\"https:\/\/dev.explora.cl\/aricayparinacota\/decretan-zona-de-emergencia-agricola-por-erupcion-de-volcan-villarrica-1\/#primaryimage\"},\"thumbnailUrl\":\"https:\/\/dev.explora.cl\/aricayparinacota\/wp-content\/uploads\/sites\/2\/2018\/06\/925cc4765b1647fe121f7710b4d1814b.jpg\",\"articleSection\":[\"Noticias\"],\"inLanguage\":\"es-CL\",\"potentialAction\":[{\"@type\":\"CommentAction\",\"name\":\"Comment\",\"target\":[\"https:\/\/dev.explora.cl\/aricayparinacota\/decretan-zona-de-emergencia-agricola-por-erupcion-de-volcan-villarrica-1\/#respond\"]}]},{\"@type\":\"WebPage\",\"@id\":\"https:\/\/dev.explora.cl\/aricayparinacota\/decretan-zona-de-emergencia-agricola-por-erupcion-de-volcan-villarrica-1\/\",\"url\":\"https:\/\/dev.explora.cl\/aricayparinacota\/decretan-zona-de-emergencia-agricola-por-erupcion-de-volcan-villarrica-1\/\",\"name\":\"Decretan zona de emergencia agr\u00edcola por erupci\u00f3n de volc\u00e1n Villarrica - Arica y Parinacota\",\"isPartOf\":{\"@id\":\"https:\/\/dev.explora.cl\/aricayparinacota\/#website\"},\"primaryImageOfPage\":{\"@id\":\"https:\/\/dev.explora.cl\/aricayparinacota\/decretan-zona-de-emergencia-agricola-por-erupcion-de-volcan-villarrica-1\/#primaryimage\"},\"image\":{\"@id\":\"https:\/\/dev.explora.cl\/aricayparinacota\/decretan-zona-de-emergencia-agricola-por-erupcion-de-volcan-villarrica-1\/#primaryimage\"},\"thumbnailUrl\":\"https:\/\/dev.explora.cl\/aricayparinacota\/wp-content\/uploads\/sites\/2\/2018\/06\/925cc4765b1647fe121f7710b4d1814b.jpg\",\"datePublished\":\"2015-03-10T00:00:00+00:00\",\"dateModified\":\"2019-05-09T21:15:33+00:00\",\"breadcrumb\":{\"@id\":\"https:\/\/dev.explora.cl\/aricayparinacota\/decretan-zona-de-emergencia-agricola-por-erupcion-de-volcan-villarrica-1\/#breadcrumb\"},\"inLanguage\":\"es-CL\",\"potentialAction\":[{\"@type\":\"ReadAction\",\"target\":[\"https:\/\/dev.explora.cl\/aricayparinacota\/decretan-zona-de-emergencia-agricola-por-erupcion-de-volcan-villarrica-1\/\"]}]},{\"@type\":\"ImageObject\",\"inLanguage\":\"es-CL\",\"@id\":\"https:\/\/dev.explora.cl\/aricayparinacota\/decretan-zona-de-emergencia-agricola-por-erupcion-de-volcan-villarrica-1\/#primaryimage\",\"url\":\"https:\/\/dev.explora.cl\/aricayparinacota\/wp-content\/uploads\/sites\/2\/2018\/06\/925cc4765b1647fe121f7710b4d1814b.jpg\",\"contentUrl\":\"https:\/\/dev.explora.cl\/aricayparinacota\/wp-content\/uploads\/sites\/2\/2018\/06\/925cc4765b1647fe121f7710b4d1814b.jpg\",\"width\":300,\"height\":159},{\"@type\":\"BreadcrumbList\",\"@id\":\"https:\/\/dev.explora.cl\/aricayparinacota\/decretan-zona-de-emergencia-agricola-por-erupcion-de-volcan-villarrica-1\/#breadcrumb\",\"itemListElement\":[{\"@type\":\"ListItem\",\"position\":1,\"name\":\"Portada\",\"item\":\"https:\/\/dev.explora.cl\/aricayparinacota\/\"},{\"@type\":\"ListItem\",\"position\":2,\"name\":\"Decretan zona de emergencia agr\u00edcola por erupci\u00f3n de volc\u00e1n Villarrica\"}]},{\"@type\":\"WebSite\",\"@id\":\"https:\/\/dev.explora.cl\/aricayparinacota\/#website\",\"url\":\"https:\/\/dev.explora.cl\/aricayparinacota\/\",\"name\":\"Arica y Parinacota\",\"description\":\"Otro sitio m\u00e1s de dev.explora.cl\",\"publisher\":{\"@id\":\"https:\/\/dev.explora.cl\/aricayparinacota\/#organization\"},\"potentialAction\":[{\"@type\":\"SearchAction\",\"target\":{\"@type\":\"EntryPoint\",\"urlTemplate\":\"https:\/\/dev.explora.cl\/aricayparinacota\/?s={search_term_string}\"},\"query-input\":{\"@type\":\"PropertyValueSpecification\",\"valueRequired\":true,\"valueName\":\"search_term_string\"}}],\"inLanguage\":\"es-CL\"},{\"@type\":\"Organization\",\"@id\":\"https:\/\/dev.explora.cl\/aricayparinacota\/#organization\",\"name\":\"Arica y Parinacota\",\"url\":\"https:\/\/dev.explora.cl\/aricayparinacota\/\",\"logo\":{\"@type\":\"ImageObject\",\"inLanguage\":\"es-CL\",\"@id\":\"https:\/\/dev.explora.cl\/aricayparinacota\/#\/schema\/logo\/image\/\",\"url\":\"https:\/\/dev.explora.cl\/aricayparinacota\/wp-content\/uploads\/sites\/2\/2020\/08\/cropped-nuevosa-logos-11.png\",\"contentUrl\":\"https:\/\/dev.explora.cl\/aricayparinacota\/wp-content\/uploads\/sites\/2\/2020\/08\/cropped-nuevosa-logos-11.png\",\"width\":812,\"height\":937,\"caption\":\"Arica y Parinacota\"},\"image\":{\"@id\":\"https:\/\/dev.explora.cl\/aricayparinacota\/#\/schema\/logo\/image\/\"}},{\"@type\":\"Person\",\"@id\":\"https:\/\/dev.explora.cl\/aricayparinacota\/#\/schema\/person\/cb8349c13ea2d324080adf8480d7ba5d\",\"name\":\"webman\",\"image\":{\"@type\":\"ImageObject\",\"inLanguage\":\"es-CL\",\"@id\":\"https:\/\/dev.explora.cl\/aricayparinacota\/#\/schema\/person\/image\/\",\"url\":\"https:\/\/secure.gravatar.com\/avatar\/eeff3c82f2c02f7177d13663b7e6f890e9a6a0647ce9bb29cae02dcb094c7312?s=96&d=mm&r=g\",\"contentUrl\":\"https:\/\/secure.gravatar.com\/avatar\/eeff3c82f2c02f7177d13663b7e6f890e9a6a0647ce9bb29cae02dcb094c7312?s=96&d=mm&r=g\",\"caption\":\"webman\"},\"url\":\"https:\/\/dev.explora.cl\/aricayparinacota\/author\/webman\/\"}]}<\/script>\n<!-- \/ Yoast SEO plugin. -->","yoast_head_json":{"title":"Decretan zona de emergencia agr\u00edcola por erupci\u00f3n de volc\u00e1n Villarrica - Arica y Parinacota","robots":{"index":"index","follow":"follow","max-snippet":"max-snippet:-1","max-image-preview":"max-image-preview:large","max-video-preview":"max-video-preview:-1"},"canonical":"https:\/\/dev.explora.cl\/aricayparinacota\/decretan-zona-de-emergencia-agricola-por-erupcion-de-volcan-villarrica-1\/","og_locale":"es_ES","og_type":"article","og_title":"Decretan zona de emergencia agr\u00edcola por erupci\u00f3n de volc\u00e1n Villarrica - Arica y Parinacota","og_description":"Alrededor de las 3 de la madrugada el volc\u00e1n Villarrica, que hab\u00eda mantenido una intensa actividad durante las \u00faltimas semanas, finalmente entr\u00f3 en erupci\u00f3n lo que oblig\u00f3 a decretar la evacuaci\u00f3n de m\u00e1s de 3.000 personas de acuerdo a las cifras entregadas por las autoridades. La actividad del macizo, que se encuentra en el l\u00edmite [&hellip;]","og_url":"https:\/\/dev.explora.cl\/aricayparinacota\/decretan-zona-de-emergencia-agricola-por-erupcion-de-volcan-villarrica-1\/","og_site_name":"Arica y Parinacota","article_published_time":"2015-03-10T00:00:00+00:00","article_modified_time":"2019-05-09T21:15:33+00:00","og_image":[{"width":300,"height":159,"url":"https:\/\/dev.explora.cl\/aricayparinacota\/wp-content\/uploads\/sites\/2\/2018\/06\/925cc4765b1647fe121f7710b4d1814b.jpg","type":"image\/jpeg"}],"author":"webman","twitter_card":"summary_large_image","twitter_misc":{"Escrito por":"webman","Tiempo estimado de lectura":"3 minutos"},"schema":{"@context":"https:\/\/schema.org","@graph":[{"@type":"Article","@id":"https:\/\/dev.explora.cl\/aricayparinacota\/decretan-zona-de-emergencia-agricola-por-erupcion-de-volcan-villarrica-1\/#article","isPartOf":{"@id":"https:\/\/dev.explora.cl\/aricayparinacota\/decretan-zona-de-emergencia-agricola-por-erupcion-de-volcan-villarrica-1\/"},"author":{"name":"webman","@id":"https:\/\/dev.explora.cl\/aricayparinacota\/#\/schema\/person\/cb8349c13ea2d324080adf8480d7ba5d"},"headline":"Decretan zona de emergencia agr\u00edcola por erupci\u00f3n de volc\u00e1n Villarrica","datePublished":"2015-03-10T00:00:00+00:00","dateModified":"2019-05-09T21:15:33+00:00","mainEntityOfPage":{"@id":"https:\/\/dev.explora.cl\/aricayparinacota\/decretan-zona-de-emergencia-agricola-por-erupcion-de-volcan-villarrica-1\/"},"wordCount":560,"commentCount":0,"publisher":{"@id":"https:\/\/dev.explora.cl\/aricayparinacota\/#organization"},"image":{"@id":"https:\/\/dev.explora.cl\/aricayparinacota\/decretan-zona-de-emergencia-agricola-por-erupcion-de-volcan-villarrica-1\/#primaryimage"},"thumbnailUrl":"https:\/\/dev.explora.cl\/aricayparinacota\/wp-content\/uploads\/sites\/2\/2018\/06\/925cc4765b1647fe121f7710b4d1814b.jpg","articleSection":["Noticias"],"inLanguage":"es-CL","potentialAction":[{"@type":"CommentAction","name":"Comment","target":["https:\/\/dev.explora.cl\/aricayparinacota\/decretan-zona-de-emergencia-agricola-por-erupcion-de-volcan-villarrica-1\/#respond"]}]},{"@type":"WebPage","@id":"https:\/\/dev.explora.cl\/aricayparinacota\/decretan-zona-de-emergencia-agricola-por-erupcion-de-volcan-villarrica-1\/","url":"https:\/\/dev.explora.cl\/aricayparinacota\/decretan-zona-de-emergencia-agricola-por-erupcion-de-volcan-villarrica-1\/","name":"Decretan zona de emergencia agr\u00edcola por erupci\u00f3n de volc\u00e1n Villarrica - Arica y Parinacota","isPartOf":{"@id":"https:\/\/dev.explora.cl\/aricayparinacota\/#website"},"primaryImageOfPage":{"@id":"https:\/\/dev.explora.cl\/aricayparinacota\/decretan-zona-de-emergencia-agricola-por-erupcion-de-volcan-villarrica-1\/#primaryimage"},"image":{"@id":"https:\/\/dev.explora.cl\/aricayparinacota\/decretan-zona-de-emergencia-agricola-por-erupcion-de-volcan-villarrica-1\/#primaryimage"},"thumbnailUrl":"https:\/\/dev.explora.cl\/aricayparinacota\/wp-content\/uploads\/sites\/2\/2018\/06\/925cc4765b1647fe121f7710b4d1814b.jpg","datePublished":"2015-03-10T00:00:00+00:00","dateModified":"2019-05-09T21:15:33+00:00","breadcrumb":{"@id":"https:\/\/dev.explora.cl\/aricayparinacota\/decretan-zona-de-emergencia-agricola-por-erupcion-de-volcan-villarrica-1\/#breadcrumb"},"inLanguage":"es-CL","potentialAction":[{"@type":"ReadAction","target":["https:\/\/dev.explora.cl\/aricayparinacota\/decretan-zona-de-emergencia-agricola-por-erupcion-de-volcan-villarrica-1\/"]}]},{"@type":"ImageObject","inLanguage":"es-CL","@id":"https:\/\/dev.explora.cl\/aricayparinacota\/decretan-zona-de-emergencia-agricola-por-erupcion-de-volcan-villarrica-1\/#primaryimage","url":"https:\/\/dev.explora.cl\/aricayparinacota\/wp-content\/uploads\/sites\/2\/2018\/06\/925cc4765b1647fe121f7710b4d1814b.jpg","contentUrl":"https:\/\/dev.explora.cl\/aricayparinacota\/wp-content\/uploads\/sites\/2\/2018\/06\/925cc4765b1647fe121f7710b4d1814b.jpg","width":300,"height":159},{"@type":"BreadcrumbList","@id":"https:\/\/dev.explora.cl\/aricayparinacota\/decretan-zona-de-emergencia-agricola-por-erupcion-de-volcan-villarrica-1\/#breadcrumb","itemListElement":[{"@type":"ListItem","position":1,"name":"Portada","item":"https:\/\/dev.explora.cl\/aricayparinacota\/"},{"@type":"ListItem","position":2,"name":"Decretan zona de emergencia agr\u00edcola por erupci\u00f3n de volc\u00e1n Villarrica"}]},{"@type":"WebSite","@id":"https:\/\/dev.explora.cl\/aricayparinacota\/#website","url":"https:\/\/dev.explora.cl\/aricayparinacota\/","name":"Arica y Parinacota","description":"Otro sitio m\u00e1s de dev.explora.cl","publisher":{"@id":"https:\/\/dev.explora.cl\/aricayparinacota\/#organization"},"potentialAction":[{"@type":"SearchAction","target":{"@type":"EntryPoint","urlTemplate":"https:\/\/dev.explora.cl\/aricayparinacota\/?s={search_term_string}"},"query-input":{"@type":"PropertyValueSpecification","valueRequired":true,"valueName":"search_term_string"}}],"inLanguage":"es-CL"},{"@type":"Organization","@id":"https:\/\/dev.explora.cl\/aricayparinacota\/#organization","name":"Arica y Parinacota","url":"https:\/\/dev.explora.cl\/aricayparinacota\/","logo":{"@type":"ImageObject","inLanguage":"es-CL","@id":"https:\/\/dev.explora.cl\/aricayparinacota\/#\/schema\/logo\/image\/","url":"https:\/\/dev.explora.cl\/aricayparinacota\/wp-content\/uploads\/sites\/2\/2020\/08\/cropped-nuevosa-logos-11.png","contentUrl":"https:\/\/dev.explora.cl\/aricayparinacota\/wp-content\/uploads\/sites\/2\/2020\/08\/cropped-nuevosa-logos-11.png","width":812,"height":937,"caption":"Arica y Parinacota"},"image":{"@id":"https:\/\/dev.explora.cl\/aricayparinacota\/#\/schema\/logo\/image\/"}},{"@type":"Person","@id":"https:\/\/dev.explora.cl\/aricayparinacota\/#\/schema\/person\/cb8349c13ea2d324080adf8480d7ba5d","name":"webman","image":{"@type":"ImageObject","inLanguage":"es-CL","@id":"https:\/\/dev.explora.cl\/aricayparinacota\/#\/schema\/person\/image\/","url":"https:\/\/secure.gravatar.com\/avatar\/eeff3c82f2c02f7177d13663b7e6f890e9a6a0647ce9bb29cae02dcb094c7312?s=96&d=mm&r=g","contentUrl":"https:\/\/secure.gravatar.com\/avatar\/eeff3c82f2c02f7177d13663b7e6f890e9a6a0647ce9bb29cae02dcb094c7312?s=96&d=mm&r=g","caption":"webman"},"url":"https:\/\/dev.explora.cl\/aricayparinacota\/author\/webman\/"}]}},"_links":{"self":[{"href":"https:\/\/dev.explora.cl\/aricayparinacota\/wp-json\/wp\/v2\/posts\/31991","targetHints":{"allow":["GET"]}}],"collection":[{"href":"https:\/\/dev.explora.cl\/aricayparinacota\/wp-json\/wp\/v2\/posts"}],"about":[{"href":"https:\/\/dev.explora.cl\/aricayparinacota\/wp-json\/wp\/v2\/types\/post"}],"author":[{"embeddable":true,"href":"https:\/\/dev.explora.cl\/aricayparinacota\/wp-json\/wp\/v2\/users\/2"}],"replies":[{"embeddable":true,"href":"https:\/\/dev.explora.cl\/aricayparinacota\/wp-json\/wp\/v2\/comments?post=31991"}],"version-history":[{"count":1,"href":"https:\/\/dev.explora.cl\/aricayparinacota\/wp-json\/wp\/v2\/posts\/31991\/revisions"}],"predecessor-version":[{"id":32983,"href":"https:\/\/dev.explora.cl\/aricayparinacota\/wp-json\/wp\/v2\/posts\/31991\/revisions\/32983"}],"wp:featuredmedia":[{"embeddable":true,"href":"https:\/\/dev.explora.cl\/aricayparinacota\/wp-json\/wp\/v2\/media\/31992"}],"wp:attachment":[{"href":"https:\/\/dev.explora.cl\/aricayparinacota\/wp-json\/wp\/v2\/media?parent=31991"}],"wp:term":[{"taxonomy":"category","embeddable":true,"href":"https:\/\/dev.explora.cl\/aricayparinacota\/wp-json\/wp\/v2\/categories?post=31991"},{"taxonomy":"post_tag","embeddable":true,"href":"https:\/\/dev.explora.cl\/aricayparinacota\/wp-json\/wp\/v2\/tags?post=31991"}],"curies":[{"name":"wp","href":"https:\/\/api.w.org\/{rel}","templated":true}]}}