{"id":31987,"date":"2015-02-16T00:00:00","date_gmt":"2015-02-16T00:00:00","guid":{"rendered":"https:\/\/dev.explora.cl\/aricayparinacota\/blog\/2015\/02\/16\/la-otra-huella-del-dakar-el-dano-a-sitios-arqueologicos-es-irreparable-1\/"},"modified":"2019-05-09T21:16:01","modified_gmt":"2019-05-09T21:16:01","slug":"la-otra-huella-del-dakar-el-dano-a-sitios-arqueologicos-es-irreparable-1","status":"publish","type":"post","link":"https:\/\/dev.explora.cl\/aricayparinacota\/la-otra-huella-del-dakar-el-dano-a-sitios-arqueologicos-es-irreparable-1\/","title":{"rendered":"La otra huella del Dakar: \u201cEl da\u00f1o a sitios arqueol\u00f3gicos es irreparable\u201d"},"content":{"rendered":"<p><img loading=\"lazy\" decoding=\"async\" class=\" size-full wp-image-9111\" src=\"http:\/\/ec2-34-218-253-251.us-west-2.compute.amazonaws.com\/wp-content\/uploads\/2015\/02\/8bcad8f505be89b6084318a70084a542.jpg\" alt=\"\" width=\"350\" height=\"233\" \/><\/p>\n<p>Fueron dos semanas de intenso recorrido por territorio chileno, argentino y boliviano. M\u00e1s de seiscientos competidores de 53 nacionalidades. La jornada, calificada como una fiesta por los medios y por los casi cuatro millones de espectadores, repartidos en 190 pa\u00edses, tambi\u00e9n dej\u00f3 en evidencia otra faceta, una menos positiva y glamorosa.<\/p>\n<p>Este encuentro que re\u00fane a la \u00e9lite mundial de los pilotos todo terreno y que representa una importante proyecci\u00f3n para el pa\u00eds a nivel tur\u00edstico y millones de d\u00f3lares en ganancias por concepto de publicidad, hoteler\u00eda y comercio, entre otros, tiene tambi\u00e9n un lado B. Cientos de veh\u00edculos, entre camiones, cuadriciclos, autom\u00f3viles y motos avanzando a gran velocidad por la inmensidad del Desierto de Atacama, dejaron m\u00e1s de una huella sobre terrenos y sitios arqueol\u00f3gicos. Hoy, con los motores apagados, bien vale mirar este rally con otra perspectiva.<\/p>\n<p>Durante su ejecuci\u00f3n distintos sectores hablaron de las amenazas del Dakar y c\u00f3mo el trazado puede afectar en forma permanente numerosos lugares de la Regi\u00f3n de Antofagasta, da\u00f1ando en forma significativa la riqueza arqueol\u00f3gica y patrimonial de esta zona \u00fanica. La evaluaci\u00f3n de los especialistas es enf\u00e1tica al consignar los da\u00f1os. Entrevistamos a dos de ellos: el premio Nacional de Historia 2012, Dr. Lautaro Nu\u00f1ez y la arque\u00f3loga y antrop\u00f3loga, Ver\u00f3nica Baeza.<\/p>\n<p>Lautaro Nu\u00f1ez Atencio, acad\u00e9mico del Instituto de Investigaciones Arqueol\u00f3gicas y Museo de la Universidad Cat\u00f3lica del Norte (UCN), fue uno de los primeros en poner la voz de alerta sobre las consecuencias del Dakar 2015 y sus versiones anteriores.<em>\u201cLa situaci\u00f3n es grave. Todos los sitios arqueol\u00f3gicos de Chile son del Estado, y es el Consejo de Monumentos Nacionales el que debe autorizar los trazados para este tipo de eventos del deporte aventura\u201d<\/em>, indic\u00f3.<\/p>\n<p>Lautaro Nu\u00f1ez se\u00f1ala\u00a0<em>&#8220;la documentaci\u00f3n conservada en el Consejo de Monumentos Nacionales prueba la alteraci\u00f3n de m\u00e1s de 200 sitios. Su rol proteccionista ha sido hasta antes del actual Secretario ejecutivo, el arque\u00f3logo Angel Cabezas, francamente err\u00e1tico, a veces rechazando al Dakar y en otras legitim\u00e1ndolo. Esto demuestra una carencia de pol\u00edtica del Estado. Mientras los consejeros del CMN se han opuesto, la Direcci\u00f3n de Deportes lo acepta: \u00a1el Estado en contra del Estado! En t\u00e9rminos arqueol\u00f3gicos no es posible aceptar que los sitios alterados sean m\u00e1s o menos da\u00f1ados. No es que sean unos m\u00e1s importantes que otros. Todos reflejan desde distintas escalas, acciones humanas del pasado hasta el presente, que explican diversos aspectos de la vida y cultura de seres que s\u00f3lo son reconocidos con nuestra disciplina cient\u00edfica. Caminos y lo que all\u00ed se registra, restos arquitect\u00f3nicos, geoglifos, talleres l\u00edticos (per\u00edodo L\u00edtico: 15000 a.n.e.-7000 a.n.e. aprox, es llamado tambi\u00e9n Pre-Agr\u00edcola), asentamientos salitreros, lugares de ofrendas, entre otros, una vez alterados ya no son completamente \u00fatiles para lograr una reconstituci\u00f3n objetiva de lo que sucedi\u00f3 en el pasado. Es como si un demente ingresara al archivo nacional y quemara ciertas hojas de cada infolio ante el estupor de los historiadores&#8230;.&#8221;<\/p>\n<p>El Premio Nacional responde\u00a0<em>&#8220;La superficie del desierto es como una piel fr\u00e1gil protegida por un barniz de modo que cada vez que se le interviene queda cicatrizado para siempre. Uno podr\u00eda decir que si esto ocurre en proyectos econ\u00f3micos, que traer\u00e1n beneficios cuantiosos a la calidad de vida de quienes est\u00e1n all\u00ed, en esa regi\u00f3n, con excedentes para el erario nacional, tal intervenci\u00f3n podr\u00eda justificarse bajo la regulaci\u00f3n estricta de la legislaci\u00f3n ambiental y patrimonial. Este no es el caso del Dakar. El desierto no es un espacio vac\u00edo donde todo es posible. Hoy se acumulan basurales expuestos, desmontes de extracci\u00f3n de est\u00e9riles, campos de pr\u00e1cticas de artiller\u00eda, pr\u00e1cticas no reguladas del deporte motorizado hasta la depredaci\u00f3n humana capaz de cortar los geoglifos con las huellas de los 4&#215;4 &#8230;sin contar los proyectos ambientales que a veces no han sido capaces de reconocer el patrimonio cultural en espacios donde los arque\u00f3logos a\u00fan no han llegado. <\/p>\n<p>En esta piel hay sectores con vida vegetal y animal destacable por el hecho de reproducirse en lo m\u00e1s inh\u00f3spito del planeta. Pero, adem\u00e1s, es la sociedad del pasado y presente que lo han ocupado en todas sus direcciones desde los Andes al Pac\u00edfico, con miles de testimonios arqueol\u00f3gicos de distintas \u00e9pocas que hasta ahora no se han dispuesto en un mapa sistem\u00e1tico por las carencias del Consejo de Monumentos Nacionales. En cuanto los sitios arqueol\u00f3gicos pertenecen al Estado. Si cada regi\u00f3n tuviera estos mapas pormenorizados, con expertos locales, ser\u00eda posible asignar intervenciones que requieren de espacios abiertos como las pr\u00e1cticas militares. Por lo mismo, no es posible aceptar al Dakar con sus trazados &#8220;secretos&#8221; de rutas al margen de una fina evaluaci\u00f3n patrimonial previa, si hubiera acuerdo que su ejecuci\u00f3n contrae un beneficio de verdad, cosa que los movimientos sociales patrimonialistas y las propias autoridades del Colegio de Arque\u00f3logos chileno lo han desautorizado reiteradamente.&#8221;<\/p>\n<p>El doctor Nu\u00f1ez indica\u00a0<em>&#8220;El desierto fue cruzado por senderos caravaneros y de viajeros cargadores desde varios miles de a\u00f1os asociados a m\u00faltiples campamentos, talleres, marcas, ofrendas, geoglifos etc, que constituyen testimonios \u00fanicos en Chile y porque demuestran que en lo m\u00e1s est\u00e9ril del mundo fue posible que la humanidad ind\u00edgena lograra vivir en armon\u00eda con el desierto cruz\u00e1ndolo a plenitud, en acciones no exentas de epopeyas. \u00bfQu\u00e9 es m\u00e1s importante: construir el Coliseo de Roma -en el dicho de un Dakarista europeo&#8230;- o inventar las artes sofisticadas de una red de caminos transdes\u00e9rticos para intercambiar los logros de las pesquer\u00edas, agricultura y crianza, para sostener la vida plena antes de la invasi\u00f3n europea?.&#8221;<\/em><\/p>\n<p><\/em><\/em><a href=\"descubre\/articulos-de-ciencia\/sociedad-articulos\/otras-humanidades-articulos\/4111-la-otra-huella-del-dakar-el-dano-a-sitios-arqueologicos-es-irreparable\" target=\"_blank\" rel=\"noopener noreferrer\">Leer m\u00e1s sobre este art\u00edculo<\/a><\/p>\n","protected":false},"excerpt":{"rendered":"<p>Fueron dos semanas de intenso recorrido por territorio chileno, argentino y boliviano. M\u00e1s de seiscientos competidores de 53 nacionalidades. La jornada, calificada como una fiesta por los medios y por los casi cuatro millones de espectadores, repartidos en 190 pa\u00edses, tambi\u00e9n dej\u00f3 en evidencia otra faceta, una menos positiva y glamorosa. Este encuentro que re\u00fane [&hellip;]<\/p>\n","protected":false},"author":2,"featured_media":31988,"comment_status":"open","ping_status":"open","sticky":false,"template":"","format":"standard","meta":{"_acf_changed":false,"_exactmetrics_skip_tracking":false,"_exactmetrics_sitenote_active":false,"_exactmetrics_sitenote_note":"","_exactmetrics_sitenote_category":0,"footnotes":"","_links_to":"","_links_to_target":""},"categories":[4],"tags":[91,92,93,94],"class_list":["post-31987","post","type-post","status-publish","format-standard","has-post-thumbnail","hentry","category-noticias","tag-arqueologia","tag-cultura-ancestral","tag-dakar","tag-patrimonio"],"acf":[],"yoast_head":"<!-- This site is optimized with the Yoast SEO plugin v26.7 - https:\/\/yoast.com\/wordpress\/plugins\/seo\/ -->\n<title>La otra huella del Dakar: \u201cEl da\u00f1o a sitios arqueol\u00f3gicos es irreparable\u201d - Arica y Parinacota<\/title>\n<meta name=\"robots\" content=\"index, follow, max-snippet:-1, max-image-preview:large, max-video-preview:-1\" \/>\n<link rel=\"canonical\" href=\"https:\/\/dev.explora.cl\/aricayparinacota\/la-otra-huella-del-dakar-el-dano-a-sitios-arqueologicos-es-irreparable-1\/\" class=\"yoast-seo-meta-tag\" \/>\n<meta property=\"og:locale\" content=\"es_ES\" class=\"yoast-seo-meta-tag\" \/>\n<meta property=\"og:type\" content=\"article\" class=\"yoast-seo-meta-tag\" \/>\n<meta property=\"og:title\" content=\"La otra huella del Dakar: \u201cEl da\u00f1o a sitios arqueol\u00f3gicos es irreparable\u201d - Arica y Parinacota\" class=\"yoast-seo-meta-tag\" \/>\n<meta property=\"og:description\" content=\"Fueron dos semanas de intenso recorrido por territorio chileno, argentino y boliviano. M\u00e1s de seiscientos competidores de 53 nacionalidades. La jornada, calificada como una fiesta por los medios y por los casi cuatro millones de espectadores, repartidos en 190 pa\u00edses, tambi\u00e9n dej\u00f3 en evidencia otra faceta, una menos positiva y glamorosa. Este encuentro que re\u00fane [&hellip;]\" class=\"yoast-seo-meta-tag\" \/>\n<meta property=\"og:url\" content=\"https:\/\/dev.explora.cl\/aricayparinacota\/la-otra-huella-del-dakar-el-dano-a-sitios-arqueologicos-es-irreparable-1\/\" class=\"yoast-seo-meta-tag\" \/>\n<meta property=\"og:site_name\" content=\"Arica y Parinacota\" class=\"yoast-seo-meta-tag\" \/>\n<meta property=\"article:published_time\" content=\"2015-02-16T00:00:00+00:00\" class=\"yoast-seo-meta-tag\" \/>\n<meta property=\"article:modified_time\" content=\"2019-05-09T21:16:01+00:00\" class=\"yoast-seo-meta-tag\" \/>\n<meta property=\"og:image\" content=\"https:\/\/dev.explora.cl\/aricayparinacota\/wp-content\/uploads\/sites\/2\/2018\/06\/8bcad8f505be89b6084318a70084a542.jpg\" class=\"yoast-seo-meta-tag\" \/>\n\t<meta property=\"og:image:width\" content=\"350\" class=\"yoast-seo-meta-tag\" \/>\n\t<meta property=\"og:image:height\" content=\"233\" class=\"yoast-seo-meta-tag\" \/>\n\t<meta property=\"og:image:type\" content=\"image\/jpeg\" class=\"yoast-seo-meta-tag\" \/>\n<meta name=\"author\" content=\"webman\" class=\"yoast-seo-meta-tag\" \/>\n<meta name=\"twitter:card\" content=\"summary_large_image\" class=\"yoast-seo-meta-tag\" \/>\n<meta name=\"twitter:label1\" content=\"Escrito por\" class=\"yoast-seo-meta-tag\" \/>\n\t<meta name=\"twitter:data1\" content=\"webman\" class=\"yoast-seo-meta-tag\" \/>\n\t<meta name=\"twitter:label2\" content=\"Tiempo estimado de lectura\" class=\"yoast-seo-meta-tag\" \/>\n\t<meta name=\"twitter:data2\" content=\"5 minutos\" class=\"yoast-seo-meta-tag\" \/>\n<script type=\"application\/ld+json\" class=\"yoast-schema-graph\">{\"@context\":\"https:\/\/schema.org\",\"@graph\":[{\"@type\":\"Article\",\"@id\":\"https:\/\/dev.explora.cl\/aricayparinacota\/la-otra-huella-del-dakar-el-dano-a-sitios-arqueologicos-es-irreparable-1\/#article\",\"isPartOf\":{\"@id\":\"https:\/\/dev.explora.cl\/aricayparinacota\/la-otra-huella-del-dakar-el-dano-a-sitios-arqueologicos-es-irreparable-1\/\"},\"author\":{\"name\":\"webman\",\"@id\":\"https:\/\/dev.explora.cl\/aricayparinacota\/#\/schema\/person\/cb8349c13ea2d324080adf8480d7ba5d\"},\"headline\":\"La otra huella del Dakar: \u201cEl da\u00f1o a sitios arqueol\u00f3gicos es irreparable\u201d\",\"datePublished\":\"2015-02-16T00:00:00+00:00\",\"dateModified\":\"2019-05-09T21:16:01+00:00\",\"mainEntityOfPage\":{\"@id\":\"https:\/\/dev.explora.cl\/aricayparinacota\/la-otra-huella-del-dakar-el-dano-a-sitios-arqueologicos-es-irreparable-1\/\"},\"wordCount\":1032,\"commentCount\":0,\"publisher\":{\"@id\":\"https:\/\/dev.explora.cl\/aricayparinacota\/#organization\"},\"image\":{\"@id\":\"https:\/\/dev.explora.cl\/aricayparinacota\/la-otra-huella-del-dakar-el-dano-a-sitios-arqueologicos-es-irreparable-1\/#primaryimage\"},\"thumbnailUrl\":\"https:\/\/dev.explora.cl\/aricayparinacota\/wp-content\/uploads\/sites\/2\/2018\/06\/8bcad8f505be89b6084318a70084a542.jpg\",\"keywords\":[\"arqueolog\u00eda\",\"cultura ancestral.\",\"Dakar\",\"patrimonio\"],\"articleSection\":[\"Noticias\"],\"inLanguage\":\"es-CL\",\"potentialAction\":[{\"@type\":\"CommentAction\",\"name\":\"Comment\",\"target\":[\"https:\/\/dev.explora.cl\/aricayparinacota\/la-otra-huella-del-dakar-el-dano-a-sitios-arqueologicos-es-irreparable-1\/#respond\"]}]},{\"@type\":\"WebPage\",\"@id\":\"https:\/\/dev.explora.cl\/aricayparinacota\/la-otra-huella-del-dakar-el-dano-a-sitios-arqueologicos-es-irreparable-1\/\",\"url\":\"https:\/\/dev.explora.cl\/aricayparinacota\/la-otra-huella-del-dakar-el-dano-a-sitios-arqueologicos-es-irreparable-1\/\",\"name\":\"La otra huella del Dakar: \u201cEl da\u00f1o a sitios arqueol\u00f3gicos es irreparable\u201d - Arica y Parinacota\",\"isPartOf\":{\"@id\":\"https:\/\/dev.explora.cl\/aricayparinacota\/#website\"},\"primaryImageOfPage\":{\"@id\":\"https:\/\/dev.explora.cl\/aricayparinacota\/la-otra-huella-del-dakar-el-dano-a-sitios-arqueologicos-es-irreparable-1\/#primaryimage\"},\"image\":{\"@id\":\"https:\/\/dev.explora.cl\/aricayparinacota\/la-otra-huella-del-dakar-el-dano-a-sitios-arqueologicos-es-irreparable-1\/#primaryimage\"},\"thumbnailUrl\":\"https:\/\/dev.explora.cl\/aricayparinacota\/wp-content\/uploads\/sites\/2\/2018\/06\/8bcad8f505be89b6084318a70084a542.jpg\",\"datePublished\":\"2015-02-16T00:00:00+00:00\",\"dateModified\":\"2019-05-09T21:16:01+00:00\",\"breadcrumb\":{\"@id\":\"https:\/\/dev.explora.cl\/aricayparinacota\/la-otra-huella-del-dakar-el-dano-a-sitios-arqueologicos-es-irreparable-1\/#breadcrumb\"},\"inLanguage\":\"es-CL\",\"potentialAction\":[{\"@type\":\"ReadAction\",\"target\":[\"https:\/\/dev.explora.cl\/aricayparinacota\/la-otra-huella-del-dakar-el-dano-a-sitios-arqueologicos-es-irreparable-1\/\"]}]},{\"@type\":\"ImageObject\",\"inLanguage\":\"es-CL\",\"@id\":\"https:\/\/dev.explora.cl\/aricayparinacota\/la-otra-huella-del-dakar-el-dano-a-sitios-arqueologicos-es-irreparable-1\/#primaryimage\",\"url\":\"https:\/\/dev.explora.cl\/aricayparinacota\/wp-content\/uploads\/sites\/2\/2018\/06\/8bcad8f505be89b6084318a70084a542.jpg\",\"contentUrl\":\"https:\/\/dev.explora.cl\/aricayparinacota\/wp-content\/uploads\/sites\/2\/2018\/06\/8bcad8f505be89b6084318a70084a542.jpg\",\"width\":350,\"height\":233},{\"@type\":\"BreadcrumbList\",\"@id\":\"https:\/\/dev.explora.cl\/aricayparinacota\/la-otra-huella-del-dakar-el-dano-a-sitios-arqueologicos-es-irreparable-1\/#breadcrumb\",\"itemListElement\":[{\"@type\":\"ListItem\",\"position\":1,\"name\":\"Portada\",\"item\":\"https:\/\/dev.explora.cl\/aricayparinacota\/\"},{\"@type\":\"ListItem\",\"position\":2,\"name\":\"La otra huella del Dakar: \u201cEl da\u00f1o a sitios arqueol\u00f3gicos es irreparable\u201d\"}]},{\"@type\":\"WebSite\",\"@id\":\"https:\/\/dev.explora.cl\/aricayparinacota\/#website\",\"url\":\"https:\/\/dev.explora.cl\/aricayparinacota\/\",\"name\":\"Arica y Parinacota\",\"description\":\"Otro sitio m\u00e1s de dev.explora.cl\",\"publisher\":{\"@id\":\"https:\/\/dev.explora.cl\/aricayparinacota\/#organization\"},\"potentialAction\":[{\"@type\":\"SearchAction\",\"target\":{\"@type\":\"EntryPoint\",\"urlTemplate\":\"https:\/\/dev.explora.cl\/aricayparinacota\/?s={search_term_string}\"},\"query-input\":{\"@type\":\"PropertyValueSpecification\",\"valueRequired\":true,\"valueName\":\"search_term_string\"}}],\"inLanguage\":\"es-CL\"},{\"@type\":\"Organization\",\"@id\":\"https:\/\/dev.explora.cl\/aricayparinacota\/#organization\",\"name\":\"Arica y Parinacota\",\"url\":\"https:\/\/dev.explora.cl\/aricayparinacota\/\",\"logo\":{\"@type\":\"ImageObject\",\"inLanguage\":\"es-CL\",\"@id\":\"https:\/\/dev.explora.cl\/aricayparinacota\/#\/schema\/logo\/image\/\",\"url\":\"https:\/\/dev.explora.cl\/aricayparinacota\/wp-content\/uploads\/sites\/2\/2020\/08\/cropped-nuevosa-logos-11.png\",\"contentUrl\":\"https:\/\/dev.explora.cl\/aricayparinacota\/wp-content\/uploads\/sites\/2\/2020\/08\/cropped-nuevosa-logos-11.png\",\"width\":812,\"height\":937,\"caption\":\"Arica y Parinacota\"},\"image\":{\"@id\":\"https:\/\/dev.explora.cl\/aricayparinacota\/#\/schema\/logo\/image\/\"}},{\"@type\":\"Person\",\"@id\":\"https:\/\/dev.explora.cl\/aricayparinacota\/#\/schema\/person\/cb8349c13ea2d324080adf8480d7ba5d\",\"name\":\"webman\",\"image\":{\"@type\":\"ImageObject\",\"inLanguage\":\"es-CL\",\"@id\":\"https:\/\/dev.explora.cl\/aricayparinacota\/#\/schema\/person\/image\/\",\"url\":\"https:\/\/secure.gravatar.com\/avatar\/eeff3c82f2c02f7177d13663b7e6f890e9a6a0647ce9bb29cae02dcb094c7312?s=96&d=mm&r=g\",\"contentUrl\":\"https:\/\/secure.gravatar.com\/avatar\/eeff3c82f2c02f7177d13663b7e6f890e9a6a0647ce9bb29cae02dcb094c7312?s=96&d=mm&r=g\",\"caption\":\"webman\"},\"url\":\"https:\/\/dev.explora.cl\/aricayparinacota\/author\/webman\/\"}]}<\/script>\n<!-- \/ Yoast SEO plugin. -->","yoast_head_json":{"title":"La otra huella del Dakar: \u201cEl da\u00f1o a sitios arqueol\u00f3gicos es irreparable\u201d - Arica y Parinacota","robots":{"index":"index","follow":"follow","max-snippet":"max-snippet:-1","max-image-preview":"max-image-preview:large","max-video-preview":"max-video-preview:-1"},"canonical":"https:\/\/dev.explora.cl\/aricayparinacota\/la-otra-huella-del-dakar-el-dano-a-sitios-arqueologicos-es-irreparable-1\/","og_locale":"es_ES","og_type":"article","og_title":"La otra huella del Dakar: \u201cEl da\u00f1o a sitios arqueol\u00f3gicos es irreparable\u201d - Arica y Parinacota","og_description":"Fueron dos semanas de intenso recorrido por territorio chileno, argentino y boliviano. M\u00e1s de seiscientos competidores de 53 nacionalidades. La jornada, calificada como una fiesta por los medios y por los casi cuatro millones de espectadores, repartidos en 190 pa\u00edses, tambi\u00e9n dej\u00f3 en evidencia otra faceta, una menos positiva y glamorosa. Este encuentro que re\u00fane [&hellip;]","og_url":"https:\/\/dev.explora.cl\/aricayparinacota\/la-otra-huella-del-dakar-el-dano-a-sitios-arqueologicos-es-irreparable-1\/","og_site_name":"Arica y Parinacota","article_published_time":"2015-02-16T00:00:00+00:00","article_modified_time":"2019-05-09T21:16:01+00:00","og_image":[{"width":350,"height":233,"url":"https:\/\/dev.explora.cl\/aricayparinacota\/wp-content\/uploads\/sites\/2\/2018\/06\/8bcad8f505be89b6084318a70084a542.jpg","type":"image\/jpeg"}],"author":"webman","twitter_card":"summary_large_image","twitter_misc":{"Escrito por":"webman","Tiempo estimado de lectura":"5 minutos"},"schema":{"@context":"https:\/\/schema.org","@graph":[{"@type":"Article","@id":"https:\/\/dev.explora.cl\/aricayparinacota\/la-otra-huella-del-dakar-el-dano-a-sitios-arqueologicos-es-irreparable-1\/#article","isPartOf":{"@id":"https:\/\/dev.explora.cl\/aricayparinacota\/la-otra-huella-del-dakar-el-dano-a-sitios-arqueologicos-es-irreparable-1\/"},"author":{"name":"webman","@id":"https:\/\/dev.explora.cl\/aricayparinacota\/#\/schema\/person\/cb8349c13ea2d324080adf8480d7ba5d"},"headline":"La otra huella del Dakar: \u201cEl da\u00f1o a sitios arqueol\u00f3gicos es irreparable\u201d","datePublished":"2015-02-16T00:00:00+00:00","dateModified":"2019-05-09T21:16:01+00:00","mainEntityOfPage":{"@id":"https:\/\/dev.explora.cl\/aricayparinacota\/la-otra-huella-del-dakar-el-dano-a-sitios-arqueologicos-es-irreparable-1\/"},"wordCount":1032,"commentCount":0,"publisher":{"@id":"https:\/\/dev.explora.cl\/aricayparinacota\/#organization"},"image":{"@id":"https:\/\/dev.explora.cl\/aricayparinacota\/la-otra-huella-del-dakar-el-dano-a-sitios-arqueologicos-es-irreparable-1\/#primaryimage"},"thumbnailUrl":"https:\/\/dev.explora.cl\/aricayparinacota\/wp-content\/uploads\/sites\/2\/2018\/06\/8bcad8f505be89b6084318a70084a542.jpg","keywords":["arqueolog\u00eda","cultura ancestral.","Dakar","patrimonio"],"articleSection":["Noticias"],"inLanguage":"es-CL","potentialAction":[{"@type":"CommentAction","name":"Comment","target":["https:\/\/dev.explora.cl\/aricayparinacota\/la-otra-huella-del-dakar-el-dano-a-sitios-arqueologicos-es-irreparable-1\/#respond"]}]},{"@type":"WebPage","@id":"https:\/\/dev.explora.cl\/aricayparinacota\/la-otra-huella-del-dakar-el-dano-a-sitios-arqueologicos-es-irreparable-1\/","url":"https:\/\/dev.explora.cl\/aricayparinacota\/la-otra-huella-del-dakar-el-dano-a-sitios-arqueologicos-es-irreparable-1\/","name":"La otra huella del Dakar: \u201cEl da\u00f1o a sitios arqueol\u00f3gicos es irreparable\u201d - Arica y Parinacota","isPartOf":{"@id":"https:\/\/dev.explora.cl\/aricayparinacota\/#website"},"primaryImageOfPage":{"@id":"https:\/\/dev.explora.cl\/aricayparinacota\/la-otra-huella-del-dakar-el-dano-a-sitios-arqueologicos-es-irreparable-1\/#primaryimage"},"image":{"@id":"https:\/\/dev.explora.cl\/aricayparinacota\/la-otra-huella-del-dakar-el-dano-a-sitios-arqueologicos-es-irreparable-1\/#primaryimage"},"thumbnailUrl":"https:\/\/dev.explora.cl\/aricayparinacota\/wp-content\/uploads\/sites\/2\/2018\/06\/8bcad8f505be89b6084318a70084a542.jpg","datePublished":"2015-02-16T00:00:00+00:00","dateModified":"2019-05-09T21:16:01+00:00","breadcrumb":{"@id":"https:\/\/dev.explora.cl\/aricayparinacota\/la-otra-huella-del-dakar-el-dano-a-sitios-arqueologicos-es-irreparable-1\/#breadcrumb"},"inLanguage":"es-CL","potentialAction":[{"@type":"ReadAction","target":["https:\/\/dev.explora.cl\/aricayparinacota\/la-otra-huella-del-dakar-el-dano-a-sitios-arqueologicos-es-irreparable-1\/"]}]},{"@type":"ImageObject","inLanguage":"es-CL","@id":"https:\/\/dev.explora.cl\/aricayparinacota\/la-otra-huella-del-dakar-el-dano-a-sitios-arqueologicos-es-irreparable-1\/#primaryimage","url":"https:\/\/dev.explora.cl\/aricayparinacota\/wp-content\/uploads\/sites\/2\/2018\/06\/8bcad8f505be89b6084318a70084a542.jpg","contentUrl":"https:\/\/dev.explora.cl\/aricayparinacota\/wp-content\/uploads\/sites\/2\/2018\/06\/8bcad8f505be89b6084318a70084a542.jpg","width":350,"height":233},{"@type":"BreadcrumbList","@id":"https:\/\/dev.explora.cl\/aricayparinacota\/la-otra-huella-del-dakar-el-dano-a-sitios-arqueologicos-es-irreparable-1\/#breadcrumb","itemListElement":[{"@type":"ListItem","position":1,"name":"Portada","item":"https:\/\/dev.explora.cl\/aricayparinacota\/"},{"@type":"ListItem","position":2,"name":"La otra huella del Dakar: \u201cEl da\u00f1o a sitios arqueol\u00f3gicos es irreparable\u201d"}]},{"@type":"WebSite","@id":"https:\/\/dev.explora.cl\/aricayparinacota\/#website","url":"https:\/\/dev.explora.cl\/aricayparinacota\/","name":"Arica y Parinacota","description":"Otro sitio m\u00e1s de dev.explora.cl","publisher":{"@id":"https:\/\/dev.explora.cl\/aricayparinacota\/#organization"},"potentialAction":[{"@type":"SearchAction","target":{"@type":"EntryPoint","urlTemplate":"https:\/\/dev.explora.cl\/aricayparinacota\/?s={search_term_string}"},"query-input":{"@type":"PropertyValueSpecification","valueRequired":true,"valueName":"search_term_string"}}],"inLanguage":"es-CL"},{"@type":"Organization","@id":"https:\/\/dev.explora.cl\/aricayparinacota\/#organization","name":"Arica y Parinacota","url":"https:\/\/dev.explora.cl\/aricayparinacota\/","logo":{"@type":"ImageObject","inLanguage":"es-CL","@id":"https:\/\/dev.explora.cl\/aricayparinacota\/#\/schema\/logo\/image\/","url":"https:\/\/dev.explora.cl\/aricayparinacota\/wp-content\/uploads\/sites\/2\/2020\/08\/cropped-nuevosa-logos-11.png","contentUrl":"https:\/\/dev.explora.cl\/aricayparinacota\/wp-content\/uploads\/sites\/2\/2020\/08\/cropped-nuevosa-logos-11.png","width":812,"height":937,"caption":"Arica y Parinacota"},"image":{"@id":"https:\/\/dev.explora.cl\/aricayparinacota\/#\/schema\/logo\/image\/"}},{"@type":"Person","@id":"https:\/\/dev.explora.cl\/aricayparinacota\/#\/schema\/person\/cb8349c13ea2d324080adf8480d7ba5d","name":"webman","image":{"@type":"ImageObject","inLanguage":"es-CL","@id":"https:\/\/dev.explora.cl\/aricayparinacota\/#\/schema\/person\/image\/","url":"https:\/\/secure.gravatar.com\/avatar\/eeff3c82f2c02f7177d13663b7e6f890e9a6a0647ce9bb29cae02dcb094c7312?s=96&d=mm&r=g","contentUrl":"https:\/\/secure.gravatar.com\/avatar\/eeff3c82f2c02f7177d13663b7e6f890e9a6a0647ce9bb29cae02dcb094c7312?s=96&d=mm&r=g","caption":"webman"},"url":"https:\/\/dev.explora.cl\/aricayparinacota\/author\/webman\/"}]}},"_links":{"self":[{"href":"https:\/\/dev.explora.cl\/aricayparinacota\/wp-json\/wp\/v2\/posts\/31987","targetHints":{"allow":["GET"]}}],"collection":[{"href":"https:\/\/dev.explora.cl\/aricayparinacota\/wp-json\/wp\/v2\/posts"}],"about":[{"href":"https:\/\/dev.explora.cl\/aricayparinacota\/wp-json\/wp\/v2\/types\/post"}],"author":[{"embeddable":true,"href":"https:\/\/dev.explora.cl\/aricayparinacota\/wp-json\/wp\/v2\/users\/2"}],"replies":[{"embeddable":true,"href":"https:\/\/dev.explora.cl\/aricayparinacota\/wp-json\/wp\/v2\/comments?post=31987"}],"version-history":[{"count":1,"href":"https:\/\/dev.explora.cl\/aricayparinacota\/wp-json\/wp\/v2\/posts\/31987\/revisions"}],"predecessor-version":[{"id":32986,"href":"https:\/\/dev.explora.cl\/aricayparinacota\/wp-json\/wp\/v2\/posts\/31987\/revisions\/32986"}],"wp:featuredmedia":[{"embeddable":true,"href":"https:\/\/dev.explora.cl\/aricayparinacota\/wp-json\/wp\/v2\/media\/31988"}],"wp:attachment":[{"href":"https:\/\/dev.explora.cl\/aricayparinacota\/wp-json\/wp\/v2\/media?parent=31987"}],"wp:term":[{"taxonomy":"category","embeddable":true,"href":"https:\/\/dev.explora.cl\/aricayparinacota\/wp-json\/wp\/v2\/categories?post=31987"},{"taxonomy":"post_tag","embeddable":true,"href":"https:\/\/dev.explora.cl\/aricayparinacota\/wp-json\/wp\/v2\/tags?post=31987"}],"curies":[{"name":"wp","href":"https:\/\/api.w.org\/{rel}","templated":true}]}}