{"id":31985,"date":"2015-02-12T00:00:00","date_gmt":"2015-02-12T00:00:00","guid":{"rendered":"https:\/\/dev.explora.cl\/aricayparinacota\/blog\/2015\/02\/12\/vegetarianos-y-veganos-una-tendencia-al-alza-1\/"},"modified":"2019-05-09T21:16:47","modified_gmt":"2019-05-09T21:16:47","slug":"vegetarianos-y-veganos-una-tendencia-al-alza-1","status":"publish","type":"post","link":"https:\/\/dev.explora.cl\/aricayparinacota\/vegetarianos-y-veganos-una-tendencia-al-alza-1\/","title":{"rendered":"Vegetarianos y Veganos: una tendencia al alza"},"content":{"rendered":"<p><img loading=\"lazy\" decoding=\"async\" class=\" size-full wp-image-9073\" src=\"http:\/\/ec2-34-218-253-251.us-west-2.compute.amazonaws.com\/wp-content\/uploads\/2015\/02\/0eba82086d309eaeb0c5011201911b1a.jpg\" alt=\"\" width=\"350\" height=\"259\" \/><\/p>\n<p>El veganismo y el vegetarismo viven por estos d\u00edas un proceso de expansi\u00f3n. Se han instalado como dietas libres de carne animal y de productos derivados, como huevos y queso. En Europa, sus adeptos fluct\u00faan entre el 2% y el 5% de la poblaci\u00f3n adulta, es decir entre 25 y 37 millones de personas. En Estados Unidos, en tanto, unos 6 millones de j\u00f3venes, entre los 14 y los 18 a\u00f1os, optan por estos estilos de alimentaci\u00f3n.Entre los chilenos, los j\u00f3venes son quienes se han acercado m\u00e1s a estas tendencias, en promedio, a partir de los 24 a\u00f1os. Las motivaciones son diversas: posturas medioambientales, religiosas, animalistas o una mezcla de ellas.<\/p>\n<p>Considerando que somos animales omn\u00edvoros, requerimos de ciertos elementos y prote\u00ednas que nos entregan los alimentos que proh\u00edben estas dietas alimentarios, por lo que cabe preguntar si efectivamente esta estructura de comidas resulta sana para quienes las ingieren. Aun as\u00ed, aseguran los especialistas que existen formas de llevar a cabo este plan de alimentaci\u00f3n de manera saludable y exitosa.<\/p>\n<p>Tal como sus nombres indican, estas dietas tienen como elemento principal, el consumo de vegetales y tambi\u00e9n frutas. Como explica Carmen Gloria Gonz\u00e1lez, nutricionista del Instituto de Nutrici\u00f3n y Tecnolog\u00eda de los Alimentos (INTA), \u201cla dieta vegetariana habitualmente consiste en alimentos naturales donde no se consume carnes, pero en la que se pueden consumir productos de origen animal\u201d. Por su parte, el nutri\u00f3logo y diabet\u00f3logo de la Universidad Cat\u00f3lica, Manuel Moreno, define la dieta vegana como aquella en que la \u201chay ingesta de alimentos s\u00f3lo de origen vegetal, por lo tanto los veganos no consumen carnes de ning\u00fan tipo ni otros productos (\u2026) como huevos, leche, etc.\u201d<\/p>\n<p>Si definimos el vegetarismo como la exclusi\u00f3n de la dieta de todo producto de origen animal, es posible encontrar distintas variantes:<\/p>\n<p>\u2022 L\u00e1cteos vegetarianos: consumen frutas, verduras, legumbres, cereales, l\u00e1cteos y sus derivados<\/p>\n<p>\u2022 Ovo-l\u00e1cteos vegetarianos: agregan el consumo de huevos<\/p>\n<p>\u2022 Veganos: est\u00e1 excluido cualquier alimento de origen animal. Tampoco utilizan subproductos como cuero, piel, etc\u00e9tera.<\/p>\n<p>\u2022 Macrobi\u00f3ticos, frutarianos: consumen alimentos en estado natural, muchas veces crudos.<\/p>\n<p>Los efectos positivos asociados a estas dietas, est\u00e1n basados en la ingesta de productos m\u00e1s sanos si es que se habla desde el punto de vista nutricional, lo que a su vez se traduce en menor prevalencia de enfermedades cr\u00f3nicas que se presentan en las poblaciones con alta ingesta de carne. As\u00ed lo ejemplifica el doctor Moreno, quien relata que los trastornos del colesterol, la diabetes mellitus tipo 2, el c\u00e1ncer, la enfermedad cardiovascular y la obesidad se presentan de manera menos frecuente en veganos y vegetarianos. Coincide la nutricionista Gonz\u00e1lez, quien considera que si \u201cse da preferencia a los alimentos naturales, se consumen muchas frutas y verduras, legumbres, frutos secos, alimentos que son saludables, no s\u00f3lo por su aporte nutricional sino por compuestos bioactivos, se puede proteger a nuestro organismo del desarrollo de enfermedades como el c\u00e1ncer\u201d.<\/p>\n<p>Espec\u00edficamente, en las dietas vegetariana donde persiste la ingesta de productos derivados de origen animal, la profesional del INTA detalla que \u201ces m\u00e1s f\u00e1cil cumplir con los requerimientos nutricionales, porque al incluir l\u00e1cteos y huevos, se consume mayor cantidad de prote\u00ednas de alto valor biol\u00f3gico, calcio y vitamina B12. Por lo tanto cumpliendo con una adecuada planificaci\u00f3n, se puede lograr una alimentaci\u00f3n sana\u201d.<\/p>\n<p>S\u00ed hablamos de riesgos, la composici\u00f3n de estas dietas no revisten peligro en s\u00ed mismas. Los elementos que se consumen son en su mayor\u00eda de origen vegetal y natural. \u201cEl riesgo se presenta especialmente si no tienen una alimentaci\u00f3n equilibrada que reemplace en forma eficiente y adecuada las prote\u00ednas y el hierro cuyo aporte es importante en el consumo de carnes\u201d, explica el Dr. Moreno. El desequilibrio en la dieta puede provocar en el organismo d\u00e9ficit de prote\u00ednas, hierro, vitamina B12, calcio, vitamina D y \u00e1cidos grasos esenciales. \u201cEstos d\u00e9ficits nutricionales se pueden manifestar cl\u00ednicamente en forma adversa para la salud, provocando diferentes enfermedades, seg\u00fan los nutrientes m\u00e1s afectados, y las condiciones de edad y\/o presencia de otros factores que pudieran favorecer los d\u00e9ficits nutricionales, tales como los trastornos de la conducta alimentaria\u201d a\u00f1ade el docente UC.<\/p>\n<p>Si existe una alimentaci\u00f3n bien planificada, no existir\u00edan riegos. Es por ello que desde el INTA, Carmen Gloria Gonz\u00e1lez recomienda que \u201ccuando las personas deciden cambiar su alimentaci\u00f3n a este tipo de reg\u00edmenes, deben asesorarse por un profesional y no solamente seguir recomendaciones de revistas o internet\u201d.<\/p>\n<p>De todas maneras, al existir una mayor restricci\u00f3n en la ingesta de alimentos en las dietas veganas, quienes optan por consumir alimentos que no sean de origen animal, podr\u00edan tener un compromiso nutricional m\u00e1s intenso que quienes optan por una dieta vegetariana.<\/p>\n<p>S\u00ed una persona se decide seguir una dieta vegana o vegetariana, debe buscar la forma en que vitaminas y minerales lleguen a su organismo. Explica Moreno que los componentes que entregan los productos de origen animal son dif\u00edciles de reemplazar, ya que como se describe antes, cada ser humano tiene necesidades nutricionales distintas. Si bien hay algunos elementos que pueden ser sustituidos por alimentos de origen vegetal, no siempre se logra un equilibrio, especialmente en circunstancias fisiol\u00f3gicas de mayor requerimiento como el embarazo, la lactancia, la etapa crecimiento y la adolescencia. Es por esto que ni\u00f1os menores de 12 a\u00f1os no deber\u00edan tener este tipo de alimentaci\u00f3n, ya que necesitan el Calcio y el Zinc que los alimentos de origen animal pueden entregar para su desarrollo.<\/p>\n<p>Explica Carmen Gloria Gonz\u00e1lez del INTA, que hay elementos presentes en los vegetales que pueden utilizarse en reemplazo de la carne animal: \u201cen el caso de las prote\u00ednas de la carne, estas se consiguen en la leche, huevos, legumbres, frutos secos, principalmente, pudiendo vegetarianos y veganos adquirirlos s\u00f3lo consumiendo los productos de origen vegetal mencionados\u201d.<\/p>\n<p>Tambi\u00e9n existe la posibilidad de generar el balance a trav\u00e9s del consumo de alimentos suplementarios que puedan darnos de manera procesada los nutrientes que necesitamos o reforzar los que ya ingerimos. Seg\u00fan la encuesta UDD, el 20,3% de los vegetarianos en Chile utiliza estos complementos en su dieta, mientras que el 65% de los veganos tambi\u00e9n lo hace.<\/p>\n<p>En lo que ambos especialistas en nutrici\u00f3n coinciden, es que antes de partir estas dietas, es necesaria la asistencia m\u00e9dica, y por sobre todo la realizaci\u00f3n de ex\u00e1menes que puedan demostrar que el estado de salud de la persona le permita s\u00f3lo consumir alimentos de origen vegetal. \u201cEs conveniente tener una evaluaci\u00f3n medico nutricional antes de comenzar este tipo de dietas. Asimismo, debe ser controlada en el tiempo con an\u00e1lisis de laboratorio para poder detectar y tratar adecuadamente los d\u00e9ficits que pudieran presentarse\u201d dice el Dr. Moreno.<\/p>\n<p>La nutricionista Carmen Gloria Gonz\u00e1lez detalla que las personas deben hacerse un chequeo m\u00e9dico \u201cgeneral no s\u00f3lo por la dieta, sino como prevenci\u00f3n de enfermedades y en lo que se refiere a las recomendaciones de alimentaci\u00f3n, el profesional m\u00e1s id\u00f3neo es el nutricionista\u201d, acota.<\/p>\n<p>Fuentes:<\/p>\n<p>Dr. Manuel Moreno, Nutri\u00f3logo, Diabet\u00f3logo y docente de la Pontificia Universidad Cat\u00f3lica de Chile.<\/p>\n<p>Carmen Gloria Gonz\u00e1lez, nutricionista del Instituto de Nutrici\u00f3n y Tecnolog\u00eda de los Alimentos (INTA)<\/p>\n<p>Francisco Mart\u00ednez, doctor en Antropolog\u00eda Biol\u00f3gica de la Universidad de Cambridge y docente<br \/>\nde la Pontificia Universidad Cat\u00f3lica de Chile<\/p>\n<p>Conocimientos alimentarios de vegetarianos y veganos chilenos. Jerusa Brignardello G., Lisu Heredia P., Mar\u00eda Paz Ochar\u00e1n S., Samuel Dur\u00e1n A.<\/p>\n<p><a href=\"http:\/\/www.scielo.cl\/scielo.php?pid=S0717-75182013000200006&amp;script=sci_arttext\" rel=\"nofollow\">http:\/\/www.scielo.cl\/scielo.php?pid=S0717-75182013000200006&amp;script=sci_arttext<\/a><\/p>\n<p>Revista Indualimentos.<\/p>\n","protected":false},"excerpt":{"rendered":"<p>El veganismo y el vegetarismo viven por estos d\u00edas un proceso de expansi\u00f3n. Se han instalado como dietas libres de carne animal y de productos derivados, como huevos y queso. En Europa, sus adeptos fluct\u00faan entre el 2% y el 5% de la poblaci\u00f3n adulta, es decir entre 25 y 37 millones de personas. En [&hellip;]<\/p>\n","protected":false},"author":2,"featured_media":31986,"comment_status":"open","ping_status":"open","sticky":false,"template":"","format":"standard","meta":{"_acf_changed":false,"_exactmetrics_skip_tracking":false,"_exactmetrics_sitenote_active":false,"_exactmetrics_sitenote_note":"","_exactmetrics_sitenote_category":0,"footnotes":"","_links_to":"","_links_to_target":""},"categories":[4],"tags":[88,89,90],"class_list":["post-31985","post","type-post","status-publish","format-standard","has-post-thumbnail","hentry","category-noticias","tag-dietas-balanceadas","tag-veganos","tag-vegetarianos"],"acf":[],"yoast_head":"<!-- This site is optimized with the Yoast SEO plugin v26.7 - https:\/\/yoast.com\/wordpress\/plugins\/seo\/ -->\n<title>Vegetarianos y Veganos: una tendencia al alza - Arica y Parinacota<\/title>\n<meta name=\"robots\" content=\"index, follow, max-snippet:-1, max-image-preview:large, max-video-preview:-1\" \/>\n<link rel=\"canonical\" href=\"https:\/\/dev.explora.cl\/aricayparinacota\/vegetarianos-y-veganos-una-tendencia-al-alza-1\/\" class=\"yoast-seo-meta-tag\" \/>\n<meta property=\"og:locale\" content=\"es_ES\" class=\"yoast-seo-meta-tag\" \/>\n<meta property=\"og:type\" content=\"article\" class=\"yoast-seo-meta-tag\" \/>\n<meta property=\"og:title\" content=\"Vegetarianos y Veganos: una tendencia al alza - Arica y Parinacota\" class=\"yoast-seo-meta-tag\" \/>\n<meta property=\"og:description\" content=\"El veganismo y el vegetarismo viven por estos d\u00edas un proceso de expansi\u00f3n. Se han instalado como dietas libres de carne animal y de productos derivados, como huevos y queso. En Europa, sus adeptos fluct\u00faan entre el 2% y el 5% de la poblaci\u00f3n adulta, es decir entre 25 y 37 millones de personas. En [&hellip;]\" class=\"yoast-seo-meta-tag\" \/>\n<meta property=\"og:url\" content=\"https:\/\/dev.explora.cl\/aricayparinacota\/vegetarianos-y-veganos-una-tendencia-al-alza-1\/\" class=\"yoast-seo-meta-tag\" \/>\n<meta property=\"og:site_name\" content=\"Arica y Parinacota\" class=\"yoast-seo-meta-tag\" \/>\n<meta property=\"article:published_time\" content=\"2015-02-12T00:00:00+00:00\" class=\"yoast-seo-meta-tag\" \/>\n<meta property=\"article:modified_time\" content=\"2019-05-09T21:16:47+00:00\" class=\"yoast-seo-meta-tag\" \/>\n<meta property=\"og:image\" content=\"https:\/\/dev.explora.cl\/aricayparinacota\/wp-content\/uploads\/sites\/2\/2018\/06\/0eba82086d309eaeb0c5011201911b1a.jpg\" class=\"yoast-seo-meta-tag\" \/>\n\t<meta property=\"og:image:width\" content=\"350\" class=\"yoast-seo-meta-tag\" \/>\n\t<meta property=\"og:image:height\" content=\"259\" class=\"yoast-seo-meta-tag\" \/>\n\t<meta property=\"og:image:type\" content=\"image\/jpeg\" class=\"yoast-seo-meta-tag\" \/>\n<meta name=\"author\" content=\"webman\" class=\"yoast-seo-meta-tag\" \/>\n<meta name=\"twitter:card\" content=\"summary_large_image\" class=\"yoast-seo-meta-tag\" \/>\n<meta name=\"twitter:label1\" content=\"Escrito por\" class=\"yoast-seo-meta-tag\" \/>\n\t<meta name=\"twitter:data1\" content=\"webman\" class=\"yoast-seo-meta-tag\" \/>\n\t<meta name=\"twitter:label2\" content=\"Tiempo estimado de lectura\" class=\"yoast-seo-meta-tag\" \/>\n\t<meta name=\"twitter:data2\" content=\"7 minutos\" class=\"yoast-seo-meta-tag\" \/>\n<script type=\"application\/ld+json\" class=\"yoast-schema-graph\">{\"@context\":\"https:\/\/schema.org\",\"@graph\":[{\"@type\":\"Article\",\"@id\":\"https:\/\/dev.explora.cl\/aricayparinacota\/vegetarianos-y-veganos-una-tendencia-al-alza-1\/#article\",\"isPartOf\":{\"@id\":\"https:\/\/dev.explora.cl\/aricayparinacota\/vegetarianos-y-veganos-una-tendencia-al-alza-1\/\"},\"author\":{\"name\":\"webman\",\"@id\":\"https:\/\/dev.explora.cl\/aricayparinacota\/#\/schema\/person\/cb8349c13ea2d324080adf8480d7ba5d\"},\"headline\":\"Vegetarianos y Veganos: una tendencia al alza\",\"datePublished\":\"2015-02-12T00:00:00+00:00\",\"dateModified\":\"2019-05-09T21:16:47+00:00\",\"mainEntityOfPage\":{\"@id\":\"https:\/\/dev.explora.cl\/aricayparinacota\/vegetarianos-y-veganos-una-tendencia-al-alza-1\/\"},\"wordCount\":1323,\"commentCount\":0,\"publisher\":{\"@id\":\"https:\/\/dev.explora.cl\/aricayparinacota\/#organization\"},\"image\":{\"@id\":\"https:\/\/dev.explora.cl\/aricayparinacota\/vegetarianos-y-veganos-una-tendencia-al-alza-1\/#primaryimage\"},\"thumbnailUrl\":\"https:\/\/dev.explora.cl\/aricayparinacota\/wp-content\/uploads\/sites\/2\/2018\/06\/0eba82086d309eaeb0c5011201911b1a.jpg\",\"keywords\":[\"dietas balanceadas.\",\"veganos\",\"vegetarianos\"],\"articleSection\":[\"Noticias\"],\"inLanguage\":\"es-CL\",\"potentialAction\":[{\"@type\":\"CommentAction\",\"name\":\"Comment\",\"target\":[\"https:\/\/dev.explora.cl\/aricayparinacota\/vegetarianos-y-veganos-una-tendencia-al-alza-1\/#respond\"]}]},{\"@type\":\"WebPage\",\"@id\":\"https:\/\/dev.explora.cl\/aricayparinacota\/vegetarianos-y-veganos-una-tendencia-al-alza-1\/\",\"url\":\"https:\/\/dev.explora.cl\/aricayparinacota\/vegetarianos-y-veganos-una-tendencia-al-alza-1\/\",\"name\":\"Vegetarianos y Veganos: una tendencia al alza - Arica y Parinacota\",\"isPartOf\":{\"@id\":\"https:\/\/dev.explora.cl\/aricayparinacota\/#website\"},\"primaryImageOfPage\":{\"@id\":\"https:\/\/dev.explora.cl\/aricayparinacota\/vegetarianos-y-veganos-una-tendencia-al-alza-1\/#primaryimage\"},\"image\":{\"@id\":\"https:\/\/dev.explora.cl\/aricayparinacota\/vegetarianos-y-veganos-una-tendencia-al-alza-1\/#primaryimage\"},\"thumbnailUrl\":\"https:\/\/dev.explora.cl\/aricayparinacota\/wp-content\/uploads\/sites\/2\/2018\/06\/0eba82086d309eaeb0c5011201911b1a.jpg\",\"datePublished\":\"2015-02-12T00:00:00+00:00\",\"dateModified\":\"2019-05-09T21:16:47+00:00\",\"breadcrumb\":{\"@id\":\"https:\/\/dev.explora.cl\/aricayparinacota\/vegetarianos-y-veganos-una-tendencia-al-alza-1\/#breadcrumb\"},\"inLanguage\":\"es-CL\",\"potentialAction\":[{\"@type\":\"ReadAction\",\"target\":[\"https:\/\/dev.explora.cl\/aricayparinacota\/vegetarianos-y-veganos-una-tendencia-al-alza-1\/\"]}]},{\"@type\":\"ImageObject\",\"inLanguage\":\"es-CL\",\"@id\":\"https:\/\/dev.explora.cl\/aricayparinacota\/vegetarianos-y-veganos-una-tendencia-al-alza-1\/#primaryimage\",\"url\":\"https:\/\/dev.explora.cl\/aricayparinacota\/wp-content\/uploads\/sites\/2\/2018\/06\/0eba82086d309eaeb0c5011201911b1a.jpg\",\"contentUrl\":\"https:\/\/dev.explora.cl\/aricayparinacota\/wp-content\/uploads\/sites\/2\/2018\/06\/0eba82086d309eaeb0c5011201911b1a.jpg\",\"width\":350,\"height\":259},{\"@type\":\"BreadcrumbList\",\"@id\":\"https:\/\/dev.explora.cl\/aricayparinacota\/vegetarianos-y-veganos-una-tendencia-al-alza-1\/#breadcrumb\",\"itemListElement\":[{\"@type\":\"ListItem\",\"position\":1,\"name\":\"Portada\",\"item\":\"https:\/\/dev.explora.cl\/aricayparinacota\/\"},{\"@type\":\"ListItem\",\"position\":2,\"name\":\"Vegetarianos y Veganos: una tendencia al alza\"}]},{\"@type\":\"WebSite\",\"@id\":\"https:\/\/dev.explora.cl\/aricayparinacota\/#website\",\"url\":\"https:\/\/dev.explora.cl\/aricayparinacota\/\",\"name\":\"Arica y Parinacota\",\"description\":\"Otro sitio m\u00e1s de dev.explora.cl\",\"publisher\":{\"@id\":\"https:\/\/dev.explora.cl\/aricayparinacota\/#organization\"},\"potentialAction\":[{\"@type\":\"SearchAction\",\"target\":{\"@type\":\"EntryPoint\",\"urlTemplate\":\"https:\/\/dev.explora.cl\/aricayparinacota\/?s={search_term_string}\"},\"query-input\":{\"@type\":\"PropertyValueSpecification\",\"valueRequired\":true,\"valueName\":\"search_term_string\"}}],\"inLanguage\":\"es-CL\"},{\"@type\":\"Organization\",\"@id\":\"https:\/\/dev.explora.cl\/aricayparinacota\/#organization\",\"name\":\"Arica y Parinacota\",\"url\":\"https:\/\/dev.explora.cl\/aricayparinacota\/\",\"logo\":{\"@type\":\"ImageObject\",\"inLanguage\":\"es-CL\",\"@id\":\"https:\/\/dev.explora.cl\/aricayparinacota\/#\/schema\/logo\/image\/\",\"url\":\"https:\/\/dev.explora.cl\/aricayparinacota\/wp-content\/uploads\/sites\/2\/2020\/08\/cropped-nuevosa-logos-11.png\",\"contentUrl\":\"https:\/\/dev.explora.cl\/aricayparinacota\/wp-content\/uploads\/sites\/2\/2020\/08\/cropped-nuevosa-logos-11.png\",\"width\":812,\"height\":937,\"caption\":\"Arica y Parinacota\"},\"image\":{\"@id\":\"https:\/\/dev.explora.cl\/aricayparinacota\/#\/schema\/logo\/image\/\"}},{\"@type\":\"Person\",\"@id\":\"https:\/\/dev.explora.cl\/aricayparinacota\/#\/schema\/person\/cb8349c13ea2d324080adf8480d7ba5d\",\"name\":\"webman\",\"image\":{\"@type\":\"ImageObject\",\"inLanguage\":\"es-CL\",\"@id\":\"https:\/\/dev.explora.cl\/aricayparinacota\/#\/schema\/person\/image\/\",\"url\":\"https:\/\/secure.gravatar.com\/avatar\/eeff3c82f2c02f7177d13663b7e6f890e9a6a0647ce9bb29cae02dcb094c7312?s=96&d=mm&r=g\",\"contentUrl\":\"https:\/\/secure.gravatar.com\/avatar\/eeff3c82f2c02f7177d13663b7e6f890e9a6a0647ce9bb29cae02dcb094c7312?s=96&d=mm&r=g\",\"caption\":\"webman\"},\"url\":\"https:\/\/dev.explora.cl\/aricayparinacota\/author\/webman\/\"}]}<\/script>\n<!-- \/ Yoast SEO plugin. -->","yoast_head_json":{"title":"Vegetarianos y Veganos: una tendencia al alza - Arica y Parinacota","robots":{"index":"index","follow":"follow","max-snippet":"max-snippet:-1","max-image-preview":"max-image-preview:large","max-video-preview":"max-video-preview:-1"},"canonical":"https:\/\/dev.explora.cl\/aricayparinacota\/vegetarianos-y-veganos-una-tendencia-al-alza-1\/","og_locale":"es_ES","og_type":"article","og_title":"Vegetarianos y Veganos: una tendencia al alza - Arica y Parinacota","og_description":"El veganismo y el vegetarismo viven por estos d\u00edas un proceso de expansi\u00f3n. Se han instalado como dietas libres de carne animal y de productos derivados, como huevos y queso. En Europa, sus adeptos fluct\u00faan entre el 2% y el 5% de la poblaci\u00f3n adulta, es decir entre 25 y 37 millones de personas. En [&hellip;]","og_url":"https:\/\/dev.explora.cl\/aricayparinacota\/vegetarianos-y-veganos-una-tendencia-al-alza-1\/","og_site_name":"Arica y Parinacota","article_published_time":"2015-02-12T00:00:00+00:00","article_modified_time":"2019-05-09T21:16:47+00:00","og_image":[{"width":350,"height":259,"url":"https:\/\/dev.explora.cl\/aricayparinacota\/wp-content\/uploads\/sites\/2\/2018\/06\/0eba82086d309eaeb0c5011201911b1a.jpg","type":"image\/jpeg"}],"author":"webman","twitter_card":"summary_large_image","twitter_misc":{"Escrito por":"webman","Tiempo estimado de lectura":"7 minutos"},"schema":{"@context":"https:\/\/schema.org","@graph":[{"@type":"Article","@id":"https:\/\/dev.explora.cl\/aricayparinacota\/vegetarianos-y-veganos-una-tendencia-al-alza-1\/#article","isPartOf":{"@id":"https:\/\/dev.explora.cl\/aricayparinacota\/vegetarianos-y-veganos-una-tendencia-al-alza-1\/"},"author":{"name":"webman","@id":"https:\/\/dev.explora.cl\/aricayparinacota\/#\/schema\/person\/cb8349c13ea2d324080adf8480d7ba5d"},"headline":"Vegetarianos y Veganos: una tendencia al alza","datePublished":"2015-02-12T00:00:00+00:00","dateModified":"2019-05-09T21:16:47+00:00","mainEntityOfPage":{"@id":"https:\/\/dev.explora.cl\/aricayparinacota\/vegetarianos-y-veganos-una-tendencia-al-alza-1\/"},"wordCount":1323,"commentCount":0,"publisher":{"@id":"https:\/\/dev.explora.cl\/aricayparinacota\/#organization"},"image":{"@id":"https:\/\/dev.explora.cl\/aricayparinacota\/vegetarianos-y-veganos-una-tendencia-al-alza-1\/#primaryimage"},"thumbnailUrl":"https:\/\/dev.explora.cl\/aricayparinacota\/wp-content\/uploads\/sites\/2\/2018\/06\/0eba82086d309eaeb0c5011201911b1a.jpg","keywords":["dietas balanceadas.","veganos","vegetarianos"],"articleSection":["Noticias"],"inLanguage":"es-CL","potentialAction":[{"@type":"CommentAction","name":"Comment","target":["https:\/\/dev.explora.cl\/aricayparinacota\/vegetarianos-y-veganos-una-tendencia-al-alza-1\/#respond"]}]},{"@type":"WebPage","@id":"https:\/\/dev.explora.cl\/aricayparinacota\/vegetarianos-y-veganos-una-tendencia-al-alza-1\/","url":"https:\/\/dev.explora.cl\/aricayparinacota\/vegetarianos-y-veganos-una-tendencia-al-alza-1\/","name":"Vegetarianos y Veganos: una tendencia al alza - Arica y Parinacota","isPartOf":{"@id":"https:\/\/dev.explora.cl\/aricayparinacota\/#website"},"primaryImageOfPage":{"@id":"https:\/\/dev.explora.cl\/aricayparinacota\/vegetarianos-y-veganos-una-tendencia-al-alza-1\/#primaryimage"},"image":{"@id":"https:\/\/dev.explora.cl\/aricayparinacota\/vegetarianos-y-veganos-una-tendencia-al-alza-1\/#primaryimage"},"thumbnailUrl":"https:\/\/dev.explora.cl\/aricayparinacota\/wp-content\/uploads\/sites\/2\/2018\/06\/0eba82086d309eaeb0c5011201911b1a.jpg","datePublished":"2015-02-12T00:00:00+00:00","dateModified":"2019-05-09T21:16:47+00:00","breadcrumb":{"@id":"https:\/\/dev.explora.cl\/aricayparinacota\/vegetarianos-y-veganos-una-tendencia-al-alza-1\/#breadcrumb"},"inLanguage":"es-CL","potentialAction":[{"@type":"ReadAction","target":["https:\/\/dev.explora.cl\/aricayparinacota\/vegetarianos-y-veganos-una-tendencia-al-alza-1\/"]}]},{"@type":"ImageObject","inLanguage":"es-CL","@id":"https:\/\/dev.explora.cl\/aricayparinacota\/vegetarianos-y-veganos-una-tendencia-al-alza-1\/#primaryimage","url":"https:\/\/dev.explora.cl\/aricayparinacota\/wp-content\/uploads\/sites\/2\/2018\/06\/0eba82086d309eaeb0c5011201911b1a.jpg","contentUrl":"https:\/\/dev.explora.cl\/aricayparinacota\/wp-content\/uploads\/sites\/2\/2018\/06\/0eba82086d309eaeb0c5011201911b1a.jpg","width":350,"height":259},{"@type":"BreadcrumbList","@id":"https:\/\/dev.explora.cl\/aricayparinacota\/vegetarianos-y-veganos-una-tendencia-al-alza-1\/#breadcrumb","itemListElement":[{"@type":"ListItem","position":1,"name":"Portada","item":"https:\/\/dev.explora.cl\/aricayparinacota\/"},{"@type":"ListItem","position":2,"name":"Vegetarianos y Veganos: una tendencia al alza"}]},{"@type":"WebSite","@id":"https:\/\/dev.explora.cl\/aricayparinacota\/#website","url":"https:\/\/dev.explora.cl\/aricayparinacota\/","name":"Arica y Parinacota","description":"Otro sitio m\u00e1s de dev.explora.cl","publisher":{"@id":"https:\/\/dev.explora.cl\/aricayparinacota\/#organization"},"potentialAction":[{"@type":"SearchAction","target":{"@type":"EntryPoint","urlTemplate":"https:\/\/dev.explora.cl\/aricayparinacota\/?s={search_term_string}"},"query-input":{"@type":"PropertyValueSpecification","valueRequired":true,"valueName":"search_term_string"}}],"inLanguage":"es-CL"},{"@type":"Organization","@id":"https:\/\/dev.explora.cl\/aricayparinacota\/#organization","name":"Arica y Parinacota","url":"https:\/\/dev.explora.cl\/aricayparinacota\/","logo":{"@type":"ImageObject","inLanguage":"es-CL","@id":"https:\/\/dev.explora.cl\/aricayparinacota\/#\/schema\/logo\/image\/","url":"https:\/\/dev.explora.cl\/aricayparinacota\/wp-content\/uploads\/sites\/2\/2020\/08\/cropped-nuevosa-logos-11.png","contentUrl":"https:\/\/dev.explora.cl\/aricayparinacota\/wp-content\/uploads\/sites\/2\/2020\/08\/cropped-nuevosa-logos-11.png","width":812,"height":937,"caption":"Arica y Parinacota"},"image":{"@id":"https:\/\/dev.explora.cl\/aricayparinacota\/#\/schema\/logo\/image\/"}},{"@type":"Person","@id":"https:\/\/dev.explora.cl\/aricayparinacota\/#\/schema\/person\/cb8349c13ea2d324080adf8480d7ba5d","name":"webman","image":{"@type":"ImageObject","inLanguage":"es-CL","@id":"https:\/\/dev.explora.cl\/aricayparinacota\/#\/schema\/person\/image\/","url":"https:\/\/secure.gravatar.com\/avatar\/eeff3c82f2c02f7177d13663b7e6f890e9a6a0647ce9bb29cae02dcb094c7312?s=96&d=mm&r=g","contentUrl":"https:\/\/secure.gravatar.com\/avatar\/eeff3c82f2c02f7177d13663b7e6f890e9a6a0647ce9bb29cae02dcb094c7312?s=96&d=mm&r=g","caption":"webman"},"url":"https:\/\/dev.explora.cl\/aricayparinacota\/author\/webman\/"}]}},"_links":{"self":[{"href":"https:\/\/dev.explora.cl\/aricayparinacota\/wp-json\/wp\/v2\/posts\/31985","targetHints":{"allow":["GET"]}}],"collection":[{"href":"https:\/\/dev.explora.cl\/aricayparinacota\/wp-json\/wp\/v2\/posts"}],"about":[{"href":"https:\/\/dev.explora.cl\/aricayparinacota\/wp-json\/wp\/v2\/types\/post"}],"author":[{"embeddable":true,"href":"https:\/\/dev.explora.cl\/aricayparinacota\/wp-json\/wp\/v2\/users\/2"}],"replies":[{"embeddable":true,"href":"https:\/\/dev.explora.cl\/aricayparinacota\/wp-json\/wp\/v2\/comments?post=31985"}],"version-history":[{"count":1,"href":"https:\/\/dev.explora.cl\/aricayparinacota\/wp-json\/wp\/v2\/posts\/31985\/revisions"}],"predecessor-version":[{"id":32988,"href":"https:\/\/dev.explora.cl\/aricayparinacota\/wp-json\/wp\/v2\/posts\/31985\/revisions\/32988"}],"wp:featuredmedia":[{"embeddable":true,"href":"https:\/\/dev.explora.cl\/aricayparinacota\/wp-json\/wp\/v2\/media\/31986"}],"wp:attachment":[{"href":"https:\/\/dev.explora.cl\/aricayparinacota\/wp-json\/wp\/v2\/media?parent=31985"}],"wp:term":[{"taxonomy":"category","embeddable":true,"href":"https:\/\/dev.explora.cl\/aricayparinacota\/wp-json\/wp\/v2\/categories?post=31985"},{"taxonomy":"post_tag","embeddable":true,"href":"https:\/\/dev.explora.cl\/aricayparinacota\/wp-json\/wp\/v2\/tags?post=31985"}],"curies":[{"name":"wp","href":"https:\/\/api.w.org\/{rel}","templated":true}]}}