{"id":31983,"date":"2015-02-12T00:00:00","date_gmt":"2015-02-12T00:00:00","guid":{"rendered":"https:\/\/dev.explora.cl\/aricayparinacota\/blog\/2015\/02\/12\/que-opina-la-comunidad-cientifica-sobre-la-despenalizacion-del-aborto-terapeutico-1\/"},"modified":"2019-05-09T21:16:39","modified_gmt":"2019-05-09T21:16:39","slug":"que-opina-la-comunidad-cientifica-sobre-la-despenalizacion-del-aborto-terapeutico-1","status":"publish","type":"post","link":"https:\/\/dev.explora.cl\/aricayparinacota\/que-opina-la-comunidad-cientifica-sobre-la-despenalizacion-del-aborto-terapeutico-1\/","title":{"rendered":"\u00bfQu\u00e9 opina la comunidad cient\u00edfica sobre la despenalizaci\u00f3n del aborto terap\u00e9utico?"},"content":{"rendered":"<p><img loading=\"lazy\" decoding=\"async\" class=\" size-full wp-image-9069\" src=\"http:\/\/ec2-34-218-253-251.us-west-2.compute.amazonaws.com\/wp-content\/uploads\/2015\/02\/3e4b3d256a2531e5e21a869496b34598.jpg\" alt=\"\" width=\"350\" height=\"583\" \/><\/p>\n<p>El ingreso a tr\u00e1mite legislativo de un proyecto de ley para despenalizar el aborto terap\u00e9utico sigue causando repercusiones en diversos sectores de la sociedad. Y la comunidad cient\u00edfica tambi\u00e9n ha querido formar parte de la discusi\u00f3n.<\/p>\n<p>Las opiniones de estos especialistas surgieron en la primera de varias instancias de debate convocada por la Comisi\u00f3n de Salud del Senado y la C\u00e1mara de Diputados, bajo el t\u00edtulo \u201cInterrupci\u00f3n del embarazo en Chile\u201d. En la ocasi\u00f3n se discuti\u00f3 principalmente en torno a la despenalizaci\u00f3n del aborto terap\u00e9utico bajo las tres causales que propone el proyecto: riesgo para la vida de la madre, inviabilidad del feto, y agresi\u00f3n sexual.<\/p>\n<p>Sobre el primer punto, el Dr. Enrique Paris, Presidente del Colegio M\u00e9dico de Chile, reconoce que dentro de los colegiados existen distintas visiones sobre este asunto. Pero asegura que frente a un acontecimiento riesgoso para la madre y el ni\u00f1o \u201cel m\u00e9dico debe tratar de preservar ambas vidas. En ese intento puede fallecer uno de ellos, pero es un tratamiento m\u00e9dico que conduce a salvar la vida de la madre y eso no se considera un aborto\u201d.<\/p>\n<p>La actual penalizaci\u00f3n de esta pr\u00e1ctica ha provocado un debilitamiento en la relaci\u00f3n m\u00e9dico-paciente, un factor que para los profesionales de la salud es bastante delicado. Ya que las mujeres prefieren no concurrir hasta los centros asistenciales de salud por temor a ser denunciadas por quienes las atender\u00e1n, y se produce un clima de desconfianza. \u201cPor lo tanto aceptamos que se despenalice esta pr\u00e1ctica, porque estando penalizado este acto, obliga al m\u00e9dico a denunciar a la madre, obliga a que los tribunales act\u00faen y eso va en detrimento del m\u00e9dico y de la paciente\u201d, manifest\u00f3 el Dr. Paris.<\/p>\n<p>Esta consideraci\u00f3n es compartida por Anita Rom\u00e1n, Pdta. Del Colegio de Matronas de Chile: \u201cNo pueden obligarnos a que la poblaci\u00f3n no conf\u00ede en nosotros\u201d, menciona, ya que por evitar la denuncia de un profesional de la salud miles de mujeres optan por interrumpir su embarazo en condiciones inhumanas, arriesg\u00e1ndose a perder la vida, a ser mutiladas. \u201cMe parece de una patudez m\u00e1xima que le digan que tenga cuidado porque si va a los servicios p\u00fablicos puede ir a la c\u00e1rcel\u201d, agrega la matrona del Hospital Luis Tisn\u00e9.<\/p>\n<p>La interrupci\u00f3n del embarazo cuando est\u00e1 en riesgo la vida de la madre, no solo abre la discusi\u00f3n por la defensa sus derechos sexuales y reproductivos, sino tambi\u00e9n sobre sus derechos como ser humano. Cada vez que se decide mejorar la calidad de vida de la madre, o salvar su vida \u201clo que se hace es un juicio val\u00f3rico, y se ponen en valor de los derechos de la persona por sobre el feto\u201d, asegura el Dr. Fernando Zegers, m\u00e9dico ginec\u00f3logo y especialista en medicina reproductiva de la Universidad de Chile.<\/p>\n<p>Para el Dr. Zegers, Director del Programa de \u00c9tica y Pol\u00edticas P\u00fablicas en Reproducci\u00f3n Humana de la UDP, si se despenaliza esta pr\u00e1ctica debe ser mediante un procedimiento seguro, eficiente y garantizado por el Estado \u201ces el Estado el que se debe obligar a proveerles en equidad, en igualdad, servicios que sean seguros, eficientes y que provean a la mujer de acompa\u00f1amiento porque el drama del aborto es igual drama, qui\u00e9ralo uno o no, de acuerdo al nivel socioecon\u00f3mico que tiene\u201d.<\/p>\n<p>La segunda indicaci\u00f3n del proyecto de ley que tiene relaci\u00f3n con la inviabilidad del feto tambi\u00e9n es aceptable para el Dr. Paris, puesto que el feto puede acentuar una patolog\u00eda en la mujer, entonces \u201cel m\u00e9dico debe intervenir para interrumpir el embarazo, ya que producto de la concepci\u00f3n es un ser que no es viable y ah\u00ed no se produce el fin de la reproducci\u00f3n\u201d. Sin embargo, es enf\u00e1tico en se\u00f1alar que ante todo debe respetarse la voluntad de la mujer, incluso si desea continuar con el embarazo.<\/p>\n<p>Mientras que para el m\u00e9dico ginec\u00f3logo Dr. Jorge Becker, experto en medicina fetal de la Universidad de Barcelona, la inviabilidad del feto es una condici\u00f3n poco restrictiva por lo cual es necesario precisar. Asegura que en pa\u00edses donde este principio es efectivo, un 98% de ni\u00f1os con S\u00edndrome de Down son abortados. \u201cLa malformaci\u00f3n ps\u00edquica es cualquier circunstancia que los padres consideren que va a afectar psicol\u00f3gicamente a su hijo, que implique un da\u00f1o neurol\u00f3gico, o un problema cognitivo\u201d, explica el m\u00e9dico del Hospital de Talca.<\/p>\n<p>En relaci\u00f3n a la \u00faltima causal que permite despenalizar la interrupci\u00f3n del embarazo cuando \u00e9ste es producto de una violaci\u00f3n, el Colegio M\u00e9dico de Chile no tiene una postura definida, puesto que no han llegado a un consenso entre los colegiados.<\/p>\n<p>Sin embrago, el Comit\u00e9 de Derechos Humanos de la Organizaci\u00f3n de las Naciones Unidas (ONU) se\u00f1al\u00f3 a mediados del 2014 que &#8220;el Estado debe establecer excepciones a la prohibici\u00f3n general del aborto, contemplando el aborto terap\u00e9utico y en los casos en que el embarazo sea consecuencia de una violaci\u00f3n o incesto\u201d.<\/p>\n<p>Por su condici\u00f3n de clandestinidad no existen cifras oficiales que reflejen la cantidad de abortos realizados en Chile, pero se estima que son unos 60 o 70 mil abortos al a\u00f1o.<\/p>\n<p>El proyecto de ley busca establecer una nueva distinci\u00f3n entre mujeres menores de 18\u00a0 a\u00f1os. Quienes sean menores de 14 a\u00f1os deber\u00e1n expresar su voluntad de interrumpir el embarazo, junto con entregar una autorizaci\u00f3n de su representante legal, y si no cuenta con uno podr\u00e1 solicitar la autorizaci\u00f3n por parte de un Tribunal de Familia competente. En caso de ser mayores de 14 y menores de 18 a\u00f1os, podr\u00e1n manifestar la voluntad de interrumpir su embarazo de manera aut\u00f3noma, aun cuando su representante legal deber\u00e1 ser informado, y en caso de que \u00e9sta revelaci\u00f3n pueda generar riesgo para la mujer, se informar\u00e1 el procedimiento a otro adulto a elecci\u00f3n de la adolescente.<\/p>\n","protected":false},"excerpt":{"rendered":"<p>El ingreso a tr\u00e1mite legislativo de un proyecto de ley para despenalizar el aborto terap\u00e9utico sigue causando repercusiones en diversos sectores de la sociedad. Y la comunidad cient\u00edfica tambi\u00e9n ha querido formar parte de la discusi\u00f3n. Las opiniones de estos especialistas surgieron en la primera de varias instancias de debate convocada por la Comisi\u00f3n de [&hellip;]<\/p>\n","protected":false},"author":2,"featured_media":31984,"comment_status":"open","ping_status":"open","sticky":false,"template":"","format":"standard","meta":{"_acf_changed":false,"_exactmetrics_skip_tracking":false,"_exactmetrics_sitenote_active":false,"_exactmetrics_sitenote_note":"","_exactmetrics_sitenote_category":0,"footnotes":"","_links_to":"","_links_to_target":""},"categories":[4],"tags":[85,86,87],"class_list":["post-31983","post","type-post","status-publish","format-standard","has-post-thumbnail","hentry","category-noticias","tag-aborto-terapeutico","tag-comunidad-cientifica","tag-despenalizacion-del-aborto-terapeutico"],"acf":[],"yoast_head":"<!-- This site is optimized with the Yoast SEO plugin v26.7 - https:\/\/yoast.com\/wordpress\/plugins\/seo\/ -->\n<title>\u00bfQu\u00e9 opina la comunidad cient\u00edfica sobre la despenalizaci\u00f3n del aborto terap\u00e9utico? - Arica y Parinacota<\/title>\n<meta name=\"robots\" content=\"index, follow, max-snippet:-1, max-image-preview:large, max-video-preview:-1\" \/>\n<link rel=\"canonical\" href=\"https:\/\/dev.explora.cl\/aricayparinacota\/que-opina-la-comunidad-cientifica-sobre-la-despenalizacion-del-aborto-terapeutico-1\/\" class=\"yoast-seo-meta-tag\" \/>\n<meta property=\"og:locale\" content=\"es_ES\" class=\"yoast-seo-meta-tag\" \/>\n<meta property=\"og:type\" content=\"article\" class=\"yoast-seo-meta-tag\" \/>\n<meta property=\"og:title\" content=\"\u00bfQu\u00e9 opina la comunidad cient\u00edfica sobre la despenalizaci\u00f3n del aborto terap\u00e9utico? - Arica y Parinacota\" class=\"yoast-seo-meta-tag\" \/>\n<meta property=\"og:description\" content=\"El ingreso a tr\u00e1mite legislativo de un proyecto de ley para despenalizar el aborto terap\u00e9utico sigue causando repercusiones en diversos sectores de la sociedad. Y la comunidad cient\u00edfica tambi\u00e9n ha querido formar parte de la discusi\u00f3n. Las opiniones de estos especialistas surgieron en la primera de varias instancias de debate convocada por la Comisi\u00f3n de [&hellip;]\" class=\"yoast-seo-meta-tag\" \/>\n<meta property=\"og:url\" content=\"https:\/\/dev.explora.cl\/aricayparinacota\/que-opina-la-comunidad-cientifica-sobre-la-despenalizacion-del-aborto-terapeutico-1\/\" class=\"yoast-seo-meta-tag\" \/>\n<meta property=\"og:site_name\" content=\"Arica y Parinacota\" class=\"yoast-seo-meta-tag\" \/>\n<meta property=\"article:published_time\" content=\"2015-02-12T00:00:00+00:00\" class=\"yoast-seo-meta-tag\" \/>\n<meta property=\"article:modified_time\" content=\"2019-05-09T21:16:39+00:00\" class=\"yoast-seo-meta-tag\" \/>\n<meta property=\"og:image\" content=\"https:\/\/dev.explora.cl\/aricayparinacota\/wp-content\/uploads\/sites\/2\/2018\/06\/3e4b3d256a2531e5e21a869496b34598.jpg\" class=\"yoast-seo-meta-tag\" \/>\n\t<meta property=\"og:image:width\" content=\"350\" class=\"yoast-seo-meta-tag\" \/>\n\t<meta property=\"og:image:height\" content=\"583\" class=\"yoast-seo-meta-tag\" \/>\n\t<meta property=\"og:image:type\" content=\"image\/jpeg\" class=\"yoast-seo-meta-tag\" \/>\n<meta name=\"author\" content=\"webman\" class=\"yoast-seo-meta-tag\" \/>\n<meta name=\"twitter:card\" content=\"summary_large_image\" class=\"yoast-seo-meta-tag\" \/>\n<meta name=\"twitter:label1\" content=\"Escrito por\" class=\"yoast-seo-meta-tag\" \/>\n\t<meta name=\"twitter:data1\" content=\"webman\" class=\"yoast-seo-meta-tag\" \/>\n\t<meta name=\"twitter:label2\" content=\"Tiempo estimado de lectura\" class=\"yoast-seo-meta-tag\" \/>\n\t<meta name=\"twitter:data2\" content=\"5 minutos\" class=\"yoast-seo-meta-tag\" \/>\n<script type=\"application\/ld+json\" class=\"yoast-schema-graph\">{\"@context\":\"https:\/\/schema.org\",\"@graph\":[{\"@type\":\"Article\",\"@id\":\"https:\/\/dev.explora.cl\/aricayparinacota\/que-opina-la-comunidad-cientifica-sobre-la-despenalizacion-del-aborto-terapeutico-1\/#article\",\"isPartOf\":{\"@id\":\"https:\/\/dev.explora.cl\/aricayparinacota\/que-opina-la-comunidad-cientifica-sobre-la-despenalizacion-del-aborto-terapeutico-1\/\"},\"author\":{\"name\":\"webman\",\"@id\":\"https:\/\/dev.explora.cl\/aricayparinacota\/#\/schema\/person\/cb8349c13ea2d324080adf8480d7ba5d\"},\"headline\":\"\u00bfQu\u00e9 opina la comunidad cient\u00edfica sobre la despenalizaci\u00f3n del aborto terap\u00e9utico?\",\"datePublished\":\"2015-02-12T00:00:00+00:00\",\"dateModified\":\"2019-05-09T21:16:39+00:00\",\"mainEntityOfPage\":{\"@id\":\"https:\/\/dev.explora.cl\/aricayparinacota\/que-opina-la-comunidad-cientifica-sobre-la-despenalizacion-del-aborto-terapeutico-1\/\"},\"wordCount\":1046,\"commentCount\":0,\"publisher\":{\"@id\":\"https:\/\/dev.explora.cl\/aricayparinacota\/#organization\"},\"image\":{\"@id\":\"https:\/\/dev.explora.cl\/aricayparinacota\/que-opina-la-comunidad-cientifica-sobre-la-despenalizacion-del-aborto-terapeutico-1\/#primaryimage\"},\"thumbnailUrl\":\"https:\/\/dev.explora.cl\/aricayparinacota\/wp-content\/uploads\/sites\/2\/2018\/06\/3e4b3d256a2531e5e21a869496b34598.jpg\",\"keywords\":[\"aborto terap\u00e9utico\",\"comunidad cient\u00edfica\",\"despenalizaci\u00f3n del aborto terap\u00e9utico.\"],\"articleSection\":[\"Noticias\"],\"inLanguage\":\"es-CL\",\"potentialAction\":[{\"@type\":\"CommentAction\",\"name\":\"Comment\",\"target\":[\"https:\/\/dev.explora.cl\/aricayparinacota\/que-opina-la-comunidad-cientifica-sobre-la-despenalizacion-del-aborto-terapeutico-1\/#respond\"]}]},{\"@type\":\"WebPage\",\"@id\":\"https:\/\/dev.explora.cl\/aricayparinacota\/que-opina-la-comunidad-cientifica-sobre-la-despenalizacion-del-aborto-terapeutico-1\/\",\"url\":\"https:\/\/dev.explora.cl\/aricayparinacota\/que-opina-la-comunidad-cientifica-sobre-la-despenalizacion-del-aborto-terapeutico-1\/\",\"name\":\"\u00bfQu\u00e9 opina la comunidad cient\u00edfica sobre la despenalizaci\u00f3n del aborto terap\u00e9utico? - Arica y Parinacota\",\"isPartOf\":{\"@id\":\"https:\/\/dev.explora.cl\/aricayparinacota\/#website\"},\"primaryImageOfPage\":{\"@id\":\"https:\/\/dev.explora.cl\/aricayparinacota\/que-opina-la-comunidad-cientifica-sobre-la-despenalizacion-del-aborto-terapeutico-1\/#primaryimage\"},\"image\":{\"@id\":\"https:\/\/dev.explora.cl\/aricayparinacota\/que-opina-la-comunidad-cientifica-sobre-la-despenalizacion-del-aborto-terapeutico-1\/#primaryimage\"},\"thumbnailUrl\":\"https:\/\/dev.explora.cl\/aricayparinacota\/wp-content\/uploads\/sites\/2\/2018\/06\/3e4b3d256a2531e5e21a869496b34598.jpg\",\"datePublished\":\"2015-02-12T00:00:00+00:00\",\"dateModified\":\"2019-05-09T21:16:39+00:00\",\"breadcrumb\":{\"@id\":\"https:\/\/dev.explora.cl\/aricayparinacota\/que-opina-la-comunidad-cientifica-sobre-la-despenalizacion-del-aborto-terapeutico-1\/#breadcrumb\"},\"inLanguage\":\"es-CL\",\"potentialAction\":[{\"@type\":\"ReadAction\",\"target\":[\"https:\/\/dev.explora.cl\/aricayparinacota\/que-opina-la-comunidad-cientifica-sobre-la-despenalizacion-del-aborto-terapeutico-1\/\"]}]},{\"@type\":\"ImageObject\",\"inLanguage\":\"es-CL\",\"@id\":\"https:\/\/dev.explora.cl\/aricayparinacota\/que-opina-la-comunidad-cientifica-sobre-la-despenalizacion-del-aborto-terapeutico-1\/#primaryimage\",\"url\":\"https:\/\/dev.explora.cl\/aricayparinacota\/wp-content\/uploads\/sites\/2\/2018\/06\/3e4b3d256a2531e5e21a869496b34598.jpg\",\"contentUrl\":\"https:\/\/dev.explora.cl\/aricayparinacota\/wp-content\/uploads\/sites\/2\/2018\/06\/3e4b3d256a2531e5e21a869496b34598.jpg\",\"width\":350,\"height\":583},{\"@type\":\"BreadcrumbList\",\"@id\":\"https:\/\/dev.explora.cl\/aricayparinacota\/que-opina-la-comunidad-cientifica-sobre-la-despenalizacion-del-aborto-terapeutico-1\/#breadcrumb\",\"itemListElement\":[{\"@type\":\"ListItem\",\"position\":1,\"name\":\"Portada\",\"item\":\"https:\/\/dev.explora.cl\/aricayparinacota\/\"},{\"@type\":\"ListItem\",\"position\":2,\"name\":\"\u00bfQu\u00e9 opina la comunidad cient\u00edfica sobre la despenalizaci\u00f3n del aborto terap\u00e9utico?\"}]},{\"@type\":\"WebSite\",\"@id\":\"https:\/\/dev.explora.cl\/aricayparinacota\/#website\",\"url\":\"https:\/\/dev.explora.cl\/aricayparinacota\/\",\"name\":\"Arica y Parinacota\",\"description\":\"Otro sitio m\u00e1s de dev.explora.cl\",\"publisher\":{\"@id\":\"https:\/\/dev.explora.cl\/aricayparinacota\/#organization\"},\"potentialAction\":[{\"@type\":\"SearchAction\",\"target\":{\"@type\":\"EntryPoint\",\"urlTemplate\":\"https:\/\/dev.explora.cl\/aricayparinacota\/?s={search_term_string}\"},\"query-input\":{\"@type\":\"PropertyValueSpecification\",\"valueRequired\":true,\"valueName\":\"search_term_string\"}}],\"inLanguage\":\"es-CL\"},{\"@type\":\"Organization\",\"@id\":\"https:\/\/dev.explora.cl\/aricayparinacota\/#organization\",\"name\":\"Arica y Parinacota\",\"url\":\"https:\/\/dev.explora.cl\/aricayparinacota\/\",\"logo\":{\"@type\":\"ImageObject\",\"inLanguage\":\"es-CL\",\"@id\":\"https:\/\/dev.explora.cl\/aricayparinacota\/#\/schema\/logo\/image\/\",\"url\":\"https:\/\/dev.explora.cl\/aricayparinacota\/wp-content\/uploads\/sites\/2\/2020\/08\/cropped-nuevosa-logos-11.png\",\"contentUrl\":\"https:\/\/dev.explora.cl\/aricayparinacota\/wp-content\/uploads\/sites\/2\/2020\/08\/cropped-nuevosa-logos-11.png\",\"width\":812,\"height\":937,\"caption\":\"Arica y Parinacota\"},\"image\":{\"@id\":\"https:\/\/dev.explora.cl\/aricayparinacota\/#\/schema\/logo\/image\/\"}},{\"@type\":\"Person\",\"@id\":\"https:\/\/dev.explora.cl\/aricayparinacota\/#\/schema\/person\/cb8349c13ea2d324080adf8480d7ba5d\",\"name\":\"webman\",\"image\":{\"@type\":\"ImageObject\",\"inLanguage\":\"es-CL\",\"@id\":\"https:\/\/dev.explora.cl\/aricayparinacota\/#\/schema\/person\/image\/\",\"url\":\"https:\/\/secure.gravatar.com\/avatar\/eeff3c82f2c02f7177d13663b7e6f890e9a6a0647ce9bb29cae02dcb094c7312?s=96&d=mm&r=g\",\"contentUrl\":\"https:\/\/secure.gravatar.com\/avatar\/eeff3c82f2c02f7177d13663b7e6f890e9a6a0647ce9bb29cae02dcb094c7312?s=96&d=mm&r=g\",\"caption\":\"webman\"},\"url\":\"https:\/\/dev.explora.cl\/aricayparinacota\/author\/webman\/\"}]}<\/script>\n<!-- \/ Yoast SEO plugin. -->","yoast_head_json":{"title":"\u00bfQu\u00e9 opina la comunidad cient\u00edfica sobre la despenalizaci\u00f3n del aborto terap\u00e9utico? - Arica y Parinacota","robots":{"index":"index","follow":"follow","max-snippet":"max-snippet:-1","max-image-preview":"max-image-preview:large","max-video-preview":"max-video-preview:-1"},"canonical":"https:\/\/dev.explora.cl\/aricayparinacota\/que-opina-la-comunidad-cientifica-sobre-la-despenalizacion-del-aborto-terapeutico-1\/","og_locale":"es_ES","og_type":"article","og_title":"\u00bfQu\u00e9 opina la comunidad cient\u00edfica sobre la despenalizaci\u00f3n del aborto terap\u00e9utico? - Arica y Parinacota","og_description":"El ingreso a tr\u00e1mite legislativo de un proyecto de ley para despenalizar el aborto terap\u00e9utico sigue causando repercusiones en diversos sectores de la sociedad. Y la comunidad cient\u00edfica tambi\u00e9n ha querido formar parte de la discusi\u00f3n. Las opiniones de estos especialistas surgieron en la primera de varias instancias de debate convocada por la Comisi\u00f3n de [&hellip;]","og_url":"https:\/\/dev.explora.cl\/aricayparinacota\/que-opina-la-comunidad-cientifica-sobre-la-despenalizacion-del-aborto-terapeutico-1\/","og_site_name":"Arica y Parinacota","article_published_time":"2015-02-12T00:00:00+00:00","article_modified_time":"2019-05-09T21:16:39+00:00","og_image":[{"width":350,"height":583,"url":"https:\/\/dev.explora.cl\/aricayparinacota\/wp-content\/uploads\/sites\/2\/2018\/06\/3e4b3d256a2531e5e21a869496b34598.jpg","type":"image\/jpeg"}],"author":"webman","twitter_card":"summary_large_image","twitter_misc":{"Escrito por":"webman","Tiempo estimado de lectura":"5 minutos"},"schema":{"@context":"https:\/\/schema.org","@graph":[{"@type":"Article","@id":"https:\/\/dev.explora.cl\/aricayparinacota\/que-opina-la-comunidad-cientifica-sobre-la-despenalizacion-del-aborto-terapeutico-1\/#article","isPartOf":{"@id":"https:\/\/dev.explora.cl\/aricayparinacota\/que-opina-la-comunidad-cientifica-sobre-la-despenalizacion-del-aborto-terapeutico-1\/"},"author":{"name":"webman","@id":"https:\/\/dev.explora.cl\/aricayparinacota\/#\/schema\/person\/cb8349c13ea2d324080adf8480d7ba5d"},"headline":"\u00bfQu\u00e9 opina la comunidad cient\u00edfica sobre la despenalizaci\u00f3n del aborto terap\u00e9utico?","datePublished":"2015-02-12T00:00:00+00:00","dateModified":"2019-05-09T21:16:39+00:00","mainEntityOfPage":{"@id":"https:\/\/dev.explora.cl\/aricayparinacota\/que-opina-la-comunidad-cientifica-sobre-la-despenalizacion-del-aborto-terapeutico-1\/"},"wordCount":1046,"commentCount":0,"publisher":{"@id":"https:\/\/dev.explora.cl\/aricayparinacota\/#organization"},"image":{"@id":"https:\/\/dev.explora.cl\/aricayparinacota\/que-opina-la-comunidad-cientifica-sobre-la-despenalizacion-del-aborto-terapeutico-1\/#primaryimage"},"thumbnailUrl":"https:\/\/dev.explora.cl\/aricayparinacota\/wp-content\/uploads\/sites\/2\/2018\/06\/3e4b3d256a2531e5e21a869496b34598.jpg","keywords":["aborto terap\u00e9utico","comunidad cient\u00edfica","despenalizaci\u00f3n del aborto terap\u00e9utico."],"articleSection":["Noticias"],"inLanguage":"es-CL","potentialAction":[{"@type":"CommentAction","name":"Comment","target":["https:\/\/dev.explora.cl\/aricayparinacota\/que-opina-la-comunidad-cientifica-sobre-la-despenalizacion-del-aborto-terapeutico-1\/#respond"]}]},{"@type":"WebPage","@id":"https:\/\/dev.explora.cl\/aricayparinacota\/que-opina-la-comunidad-cientifica-sobre-la-despenalizacion-del-aborto-terapeutico-1\/","url":"https:\/\/dev.explora.cl\/aricayparinacota\/que-opina-la-comunidad-cientifica-sobre-la-despenalizacion-del-aborto-terapeutico-1\/","name":"\u00bfQu\u00e9 opina la comunidad cient\u00edfica sobre la despenalizaci\u00f3n del aborto terap\u00e9utico? - Arica y Parinacota","isPartOf":{"@id":"https:\/\/dev.explora.cl\/aricayparinacota\/#website"},"primaryImageOfPage":{"@id":"https:\/\/dev.explora.cl\/aricayparinacota\/que-opina-la-comunidad-cientifica-sobre-la-despenalizacion-del-aborto-terapeutico-1\/#primaryimage"},"image":{"@id":"https:\/\/dev.explora.cl\/aricayparinacota\/que-opina-la-comunidad-cientifica-sobre-la-despenalizacion-del-aborto-terapeutico-1\/#primaryimage"},"thumbnailUrl":"https:\/\/dev.explora.cl\/aricayparinacota\/wp-content\/uploads\/sites\/2\/2018\/06\/3e4b3d256a2531e5e21a869496b34598.jpg","datePublished":"2015-02-12T00:00:00+00:00","dateModified":"2019-05-09T21:16:39+00:00","breadcrumb":{"@id":"https:\/\/dev.explora.cl\/aricayparinacota\/que-opina-la-comunidad-cientifica-sobre-la-despenalizacion-del-aborto-terapeutico-1\/#breadcrumb"},"inLanguage":"es-CL","potentialAction":[{"@type":"ReadAction","target":["https:\/\/dev.explora.cl\/aricayparinacota\/que-opina-la-comunidad-cientifica-sobre-la-despenalizacion-del-aborto-terapeutico-1\/"]}]},{"@type":"ImageObject","inLanguage":"es-CL","@id":"https:\/\/dev.explora.cl\/aricayparinacota\/que-opina-la-comunidad-cientifica-sobre-la-despenalizacion-del-aborto-terapeutico-1\/#primaryimage","url":"https:\/\/dev.explora.cl\/aricayparinacota\/wp-content\/uploads\/sites\/2\/2018\/06\/3e4b3d256a2531e5e21a869496b34598.jpg","contentUrl":"https:\/\/dev.explora.cl\/aricayparinacota\/wp-content\/uploads\/sites\/2\/2018\/06\/3e4b3d256a2531e5e21a869496b34598.jpg","width":350,"height":583},{"@type":"BreadcrumbList","@id":"https:\/\/dev.explora.cl\/aricayparinacota\/que-opina-la-comunidad-cientifica-sobre-la-despenalizacion-del-aborto-terapeutico-1\/#breadcrumb","itemListElement":[{"@type":"ListItem","position":1,"name":"Portada","item":"https:\/\/dev.explora.cl\/aricayparinacota\/"},{"@type":"ListItem","position":2,"name":"\u00bfQu\u00e9 opina la comunidad cient\u00edfica sobre la despenalizaci\u00f3n del aborto terap\u00e9utico?"}]},{"@type":"WebSite","@id":"https:\/\/dev.explora.cl\/aricayparinacota\/#website","url":"https:\/\/dev.explora.cl\/aricayparinacota\/","name":"Arica y Parinacota","description":"Otro sitio m\u00e1s de dev.explora.cl","publisher":{"@id":"https:\/\/dev.explora.cl\/aricayparinacota\/#organization"},"potentialAction":[{"@type":"SearchAction","target":{"@type":"EntryPoint","urlTemplate":"https:\/\/dev.explora.cl\/aricayparinacota\/?s={search_term_string}"},"query-input":{"@type":"PropertyValueSpecification","valueRequired":true,"valueName":"search_term_string"}}],"inLanguage":"es-CL"},{"@type":"Organization","@id":"https:\/\/dev.explora.cl\/aricayparinacota\/#organization","name":"Arica y Parinacota","url":"https:\/\/dev.explora.cl\/aricayparinacota\/","logo":{"@type":"ImageObject","inLanguage":"es-CL","@id":"https:\/\/dev.explora.cl\/aricayparinacota\/#\/schema\/logo\/image\/","url":"https:\/\/dev.explora.cl\/aricayparinacota\/wp-content\/uploads\/sites\/2\/2020\/08\/cropped-nuevosa-logos-11.png","contentUrl":"https:\/\/dev.explora.cl\/aricayparinacota\/wp-content\/uploads\/sites\/2\/2020\/08\/cropped-nuevosa-logos-11.png","width":812,"height":937,"caption":"Arica y Parinacota"},"image":{"@id":"https:\/\/dev.explora.cl\/aricayparinacota\/#\/schema\/logo\/image\/"}},{"@type":"Person","@id":"https:\/\/dev.explora.cl\/aricayparinacota\/#\/schema\/person\/cb8349c13ea2d324080adf8480d7ba5d","name":"webman","image":{"@type":"ImageObject","inLanguage":"es-CL","@id":"https:\/\/dev.explora.cl\/aricayparinacota\/#\/schema\/person\/image\/","url":"https:\/\/secure.gravatar.com\/avatar\/eeff3c82f2c02f7177d13663b7e6f890e9a6a0647ce9bb29cae02dcb094c7312?s=96&d=mm&r=g","contentUrl":"https:\/\/secure.gravatar.com\/avatar\/eeff3c82f2c02f7177d13663b7e6f890e9a6a0647ce9bb29cae02dcb094c7312?s=96&d=mm&r=g","caption":"webman"},"url":"https:\/\/dev.explora.cl\/aricayparinacota\/author\/webman\/"}]}},"_links":{"self":[{"href":"https:\/\/dev.explora.cl\/aricayparinacota\/wp-json\/wp\/v2\/posts\/31983","targetHints":{"allow":["GET"]}}],"collection":[{"href":"https:\/\/dev.explora.cl\/aricayparinacota\/wp-json\/wp\/v2\/posts"}],"about":[{"href":"https:\/\/dev.explora.cl\/aricayparinacota\/wp-json\/wp\/v2\/types\/post"}],"author":[{"embeddable":true,"href":"https:\/\/dev.explora.cl\/aricayparinacota\/wp-json\/wp\/v2\/users\/2"}],"replies":[{"embeddable":true,"href":"https:\/\/dev.explora.cl\/aricayparinacota\/wp-json\/wp\/v2\/comments?post=31983"}],"version-history":[{"count":1,"href":"https:\/\/dev.explora.cl\/aricayparinacota\/wp-json\/wp\/v2\/posts\/31983\/revisions"}],"predecessor-version":[{"id":32987,"href":"https:\/\/dev.explora.cl\/aricayparinacota\/wp-json\/wp\/v2\/posts\/31983\/revisions\/32987"}],"wp:featuredmedia":[{"embeddable":true,"href":"https:\/\/dev.explora.cl\/aricayparinacota\/wp-json\/wp\/v2\/media\/31984"}],"wp:attachment":[{"href":"https:\/\/dev.explora.cl\/aricayparinacota\/wp-json\/wp\/v2\/media?parent=31983"}],"wp:term":[{"taxonomy":"category","embeddable":true,"href":"https:\/\/dev.explora.cl\/aricayparinacota\/wp-json\/wp\/v2\/categories?post=31983"},{"taxonomy":"post_tag","embeddable":true,"href":"https:\/\/dev.explora.cl\/aricayparinacota\/wp-json\/wp\/v2\/tags?post=31983"}],"curies":[{"name":"wp","href":"https:\/\/api.w.org\/{rel}","templated":true}]}}