{"id":31973,"date":"2015-01-09T00:00:00","date_gmt":"2015-01-09T00:00:00","guid":{"rendered":"https:\/\/dev.explora.cl\/aricayparinacota\/blog\/2015\/01\/09\/lo-que-esta-en-juego-con-la-ley-de-biodiversidad-y-areas-protegidas-1\/"},"modified":"2019-05-09T21:17:45","modified_gmt":"2019-05-09T21:17:45","slug":"lo-que-esta-en-juego-con-la-ley-de-biodiversidad-y-areas-protegidas-1","status":"publish","type":"post","link":"https:\/\/dev.explora.cl\/aricayparinacota\/lo-que-esta-en-juego-con-la-ley-de-biodiversidad-y-areas-protegidas-1\/","title":{"rendered":"Lo que est\u00e1 en juego con la Ley de Biodiversidad y \u00c1reas Protegidas."},"content":{"rendered":"<p><img loading=\"lazy\" decoding=\"async\" class=\" size-full wp-image-8398\" src=\"http:\/\/ec2-34-218-253-251.us-west-2.compute.amazonaws.com\/wp-content\/uploads\/2015\/01\/55097f9559083383e45911635c552374.jpg\" alt=\"\" width=\"350\" height=\"263\" \/><\/p>\n<p><em>El proyecto crear\u00e1 el Servicio de Biodiversidad y \u00c1reas Protegidas que depender\u00e1 del Ministerio del Medio Ambiente, y que tendr\u00e1 la misi\u00f3n de proteger ecosistemas y especies \u00fanicas de nuestro pa\u00eds.<\/em><span>\u00a0<\/span><\/p>\n<p><strong><span>Por: Nicole Tondreau<\/span><\/strong><\/p>\n<p>Tras casi 3 a\u00f1os de discusi\u00f3n parlamentaria, este martes la Comisi\u00f3n de Medio Ambiente y Bienes Nacionales del Senado aprob\u00f3 la idea de legislar sobre el proyecto de ley que crea el Servicio de Biodiversidad y \u00c1reas Protegidas (SBAP) y el Sistema Nacional de \u00c1reas Protegidas (SNAP).<\/p>\n<p>La nueva legislaci\u00f3n marca un hito para la conservaci\u00f3n del patrimonio natural chileno, al establecer una institucionalidad que extiende sus facultades m\u00e1s all\u00e1 del 20% resguardado por el Estado (14,5 millones de hect\u00e1reas), abarcando zonas que no est\u00e1n catalogadas como \u00e1reas protegidas (AP) y que constituyen la mayor parte del territorio nacional.<\/p>\n<p>El proyecto de ley se enmarca dentro de los compromisos adquiridos por Chile al momento de ingresar a la Organizaci\u00f3n para la Cooperaci\u00f3n y Desarrollo Econ\u00f3micos (OCDE) en 2010, considerando que somos uno de los 10 pa\u00edses que menos invierte en el cuidado de sus AP: el gasto por hect\u00e1rea es de 60 centavos de d\u00f3lar, al mismo nivel que Irak y muy lejos de los 16,5 d\u00f3lares de Costa Rica.<\/p>\n<p>Dentro de las responsabilidades y atribuciones del SBAP destacan la fiscalizaci\u00f3n de los proyectos de conservaci\u00f3n, la implementaci\u00f3n de planes de manejo, el establecimiento de pol\u00edticas p\u00fablicas para la protecci\u00f3n de especies dentro y fuera de las AP, y la ejecuci\u00f3n de estudios que permitan conocer el estado actual y futuro de la biodiversidad en Chile.<\/p>\n<p>Juan Armesto, subdirector e investigador del Instituto de Ecolog\u00eda y Biodiversidad (IEB), piensa que la legislaci\u00f3n en estudio es un avance significativo para la preservaci\u00f3n de nuestra riqueza ambiental, ya que por primera vez, &#8220;incorpora atribuciones para regular el territorio fuera de las AP con el fin de resguardar la enorme biodiversidad que se concentra en zonas habitadas, degradadas y productivas del centro de Chile&#8221;.<\/p>\n<p>El Dr. Pablo Marquet, investigador del IEB, destaca que el proyecto reconoce el impacto de la biodiversidad en el desarrollo econ\u00f3mico, social y cultural del pa\u00eds a trav\u00e9s de los denominados &#8216;servicios ecosist\u00e9micos&#8217;.\u00a0 &#8220;Este concepto agrupa a los beneficios obtenidos gracias a la biodiversidad, como la producci\u00f3n de alimentos, la regulaci\u00f3n de los ciclos de inundaciones, la prevenci\u00f3n de enfermedades, o el proceso de polinizaci\u00f3n, entre muchos otros&#8221;, explica. Por ello, considera que &#8220;la biodiversidad es un &#8216;seguro de vida&#8217; contra el cambio clim\u00e1tico, los desastres naturales y la hambruna&#8221;.<\/p>\n<p>Para preservar el valioso patrimonio biol\u00f3gico del pa\u00eds, el SBAP deber\u00e1 lidiar con problem\u00e1ticas medio ambientales que amenazan a muchas especies y ecosistemas naturales, tales como la introducci\u00f3n de especies invasoras, los cambios de uso de la tierra debido a la expansi\u00f3n agr\u00edcola y forestal, la fragmentaci\u00f3n de h\u00e1bitats y la extracci\u00f3n masiva de recursos naturales. &#8220;El desaf\u00edo es grande, sobre todo si consideramos que Chile posee \u00e1reas con altas concentraciones de biodiversidad (<em>hotspots<\/em>) como Chile central, el bosque valdiviano y los desiertos de lluvia de invierno del Norte Chico&#8221; se\u00f1ala Armesto.<\/p>\n<p><strong><em>Chilenos \u00fanicos<\/em><\/strong><\/p>\n<p>Una alta proporci\u00f3n de las especies que se encuentran en el territorio de Chile son end\u00e9micas\u00a0<em>(ver recuadro)<\/em>; es decir, viven exclusivamente en esta estrecha y aislada regi\u00f3n del planeta. &#8220;Los chilenos desconocen el valor de su biodiversidad y su relevancia para la conservaci\u00f3n a nivel mundial&#8221;, indica Mary Kalin, directora del IEB y Premio Nacional de Ciencias 2010. Por ello, a la investigadora le parece fundamental que existan bases de datos de flora y fauna nativas de acceso p\u00fablico y gratuito, como contempla la nueva legislaci\u00f3n. &#8220;La calidad de esta informaci\u00f3n depende de la realizaci\u00f3n permanente de estudios de monitoreo a largo plazo que, lamentablemente, tienen escaso financiamiento y apoyo del Estado&#8221;, dice.<\/p>\n<p>Los recursos para investigaci\u00f3n aplicada deber\u00edan incrementarse gracias a la creaci\u00f3n del Fondo Nacional de Biodiversidad, que es parte del proyecto de ley. Juan Armesto conf\u00eda que esto impactar\u00e1 en las decisiones de la Comisi\u00f3n Nacional de Investigaci\u00f3n Cient\u00edfica y Tecnol\u00f3gica (CONICYT) para establecer un programa de apoyo al monitoreo a largo plazo de la biodiversidad y los ecosistemas chilenos de importancia ecol\u00f3gica y econ\u00f3mica. Los \u201cobservatorios ambientales\u201d del territorio nacional deben ser una prioridad de la ciencia, como los son nuestros observatorios astron\u00f3micos.\u00a0<\/p>\n<p>En 2015, Chile se enfrentar\u00e1 a la evaluaci\u00f3n de desempe\u00f1o ambiental ante la OCDE. Habr\u00e1 que ver si las estad\u00edsticas negativas quedan atr\u00e1s, para as\u00ed dar paso a un nuevo trato con nuestro\u00a0 postergado patrimonio natural.<\/p>\n<div>\n<p><strong><em>\u00a0<\/em><\/strong><\/p>\n<p><strong><em>*Porcentaje de especies end\u00e9micas del territorio de Chile<\/em><\/strong><\/p>\n<p>Anfibios: 65%<\/p>\n<p>Reptiles: 63%<\/p>\n<p>Peces de aguas continentales: 55%<\/p>\n<p>Plantas: 50%<\/p>\n<p>Mam\u00edferos: 11%<\/p>\n<p>Aves: 2%<\/p>\n<p>\u00a0<\/p>\n<p><em>Fuente: Ministerio del Medio Ambiente.<\/em><\/p>\n<\/p><\/div>\n","protected":false},"excerpt":{"rendered":"<p>El proyecto crear\u00e1 el Servicio de Biodiversidad y \u00c1reas Protegidas que depender\u00e1 del Ministerio del Medio Ambiente, y que tendr\u00e1 la misi\u00f3n de proteger ecosistemas y especies \u00fanicas de nuestro pa\u00eds.\u00a0 Por: Nicole Tondreau Tras casi 3 a\u00f1os de discusi\u00f3n parlamentaria, este martes la Comisi\u00f3n de Medio Ambiente y Bienes Nacionales del Senado aprob\u00f3 la [&hellip;]<\/p>\n","protected":false},"author":2,"featured_media":31974,"comment_status":"open","ping_status":"open","sticky":false,"template":"","format":"standard","meta":{"_acf_changed":false,"_exactmetrics_skip_tracking":false,"_exactmetrics_sitenote_active":false,"_exactmetrics_sitenote_note":"","_exactmetrics_sitenote_category":0,"footnotes":"","_links_to":"","_links_to_target":""},"categories":[4],"tags":[79,80,81],"class_list":["post-31973","post","type-post","status-publish","format-standard","has-post-thumbnail","hentry","category-noticias","tag-animales","tag-areas-protegidas","tag-biodiversidad"],"acf":[],"yoast_head":"<!-- This site is optimized with the Yoast SEO plugin v26.7 - https:\/\/yoast.com\/wordpress\/plugins\/seo\/ -->\n<title>Lo que est\u00e1 en juego con la Ley de Biodiversidad y \u00c1reas Protegidas. - Arica y Parinacota<\/title>\n<meta name=\"robots\" content=\"index, follow, max-snippet:-1, max-image-preview:large, max-video-preview:-1\" \/>\n<link rel=\"canonical\" href=\"https:\/\/dev.explora.cl\/aricayparinacota\/lo-que-esta-en-juego-con-la-ley-de-biodiversidad-y-areas-protegidas-1\/\" class=\"yoast-seo-meta-tag\" \/>\n<meta property=\"og:locale\" content=\"es_ES\" class=\"yoast-seo-meta-tag\" \/>\n<meta property=\"og:type\" content=\"article\" class=\"yoast-seo-meta-tag\" \/>\n<meta property=\"og:title\" content=\"Lo que est\u00e1 en juego con la Ley de Biodiversidad y \u00c1reas Protegidas. - Arica y Parinacota\" class=\"yoast-seo-meta-tag\" \/>\n<meta property=\"og:description\" content=\"El proyecto crear\u00e1 el Servicio de Biodiversidad y \u00c1reas Protegidas que depender\u00e1 del Ministerio del Medio Ambiente, y que tendr\u00e1 la misi\u00f3n de proteger ecosistemas y especies \u00fanicas de nuestro pa\u00eds.\u00a0 Por: Nicole Tondreau Tras casi 3 a\u00f1os de discusi\u00f3n parlamentaria, este martes la Comisi\u00f3n de Medio Ambiente y Bienes Nacionales del Senado aprob\u00f3 la [&hellip;]\" class=\"yoast-seo-meta-tag\" \/>\n<meta property=\"og:url\" content=\"https:\/\/dev.explora.cl\/aricayparinacota\/lo-que-esta-en-juego-con-la-ley-de-biodiversidad-y-areas-protegidas-1\/\" class=\"yoast-seo-meta-tag\" \/>\n<meta property=\"og:site_name\" content=\"Arica y Parinacota\" class=\"yoast-seo-meta-tag\" \/>\n<meta property=\"article:published_time\" content=\"2015-01-09T00:00:00+00:00\" class=\"yoast-seo-meta-tag\" \/>\n<meta property=\"article:modified_time\" content=\"2019-05-09T21:17:45+00:00\" class=\"yoast-seo-meta-tag\" \/>\n<meta property=\"og:image\" content=\"https:\/\/dev.explora.cl\/aricayparinacota\/wp-content\/uploads\/sites\/2\/2018\/06\/55097f9559083383e45911635c552374.jpg\" class=\"yoast-seo-meta-tag\" \/>\n\t<meta property=\"og:image:width\" content=\"350\" class=\"yoast-seo-meta-tag\" \/>\n\t<meta property=\"og:image:height\" content=\"263\" class=\"yoast-seo-meta-tag\" \/>\n\t<meta property=\"og:image:type\" content=\"image\/jpeg\" class=\"yoast-seo-meta-tag\" \/>\n<meta name=\"author\" content=\"webman\" class=\"yoast-seo-meta-tag\" \/>\n<meta name=\"twitter:card\" content=\"summary_large_image\" class=\"yoast-seo-meta-tag\" \/>\n<meta name=\"twitter:label1\" content=\"Escrito por\" class=\"yoast-seo-meta-tag\" \/>\n\t<meta name=\"twitter:data1\" content=\"webman\" class=\"yoast-seo-meta-tag\" \/>\n\t<meta name=\"twitter:label2\" content=\"Tiempo estimado de lectura\" class=\"yoast-seo-meta-tag\" \/>\n\t<meta name=\"twitter:data2\" content=\"4 minutos\" class=\"yoast-seo-meta-tag\" \/>\n<script type=\"application\/ld+json\" class=\"yoast-schema-graph\">{\"@context\":\"https:\/\/schema.org\",\"@graph\":[{\"@type\":\"Article\",\"@id\":\"https:\/\/dev.explora.cl\/aricayparinacota\/lo-que-esta-en-juego-con-la-ley-de-biodiversidad-y-areas-protegidas-1\/#article\",\"isPartOf\":{\"@id\":\"https:\/\/dev.explora.cl\/aricayparinacota\/lo-que-esta-en-juego-con-la-ley-de-biodiversidad-y-areas-protegidas-1\/\"},\"author\":{\"name\":\"webman\",\"@id\":\"https:\/\/dev.explora.cl\/aricayparinacota\/#\/schema\/person\/cb8349c13ea2d324080adf8480d7ba5d\"},\"headline\":\"Lo que est\u00e1 en juego con la Ley de Biodiversidad y \u00c1reas Protegidas.\",\"datePublished\":\"2015-01-09T00:00:00+00:00\",\"dateModified\":\"2019-05-09T21:17:45+00:00\",\"mainEntityOfPage\":{\"@id\":\"https:\/\/dev.explora.cl\/aricayparinacota\/lo-que-esta-en-juego-con-la-ley-de-biodiversidad-y-areas-protegidas-1\/\"},\"wordCount\":841,\"commentCount\":0,\"publisher\":{\"@id\":\"https:\/\/dev.explora.cl\/aricayparinacota\/#organization\"},\"image\":{\"@id\":\"https:\/\/dev.explora.cl\/aricayparinacota\/lo-que-esta-en-juego-con-la-ley-de-biodiversidad-y-areas-protegidas-1\/#primaryimage\"},\"thumbnailUrl\":\"https:\/\/dev.explora.cl\/aricayparinacota\/wp-content\/uploads\/sites\/2\/2018\/06\/55097f9559083383e45911635c552374.jpg\",\"keywords\":[\"animales\",\"\u00e1reas protegidas.\",\"biodiversidad\"],\"articleSection\":[\"Noticias\"],\"inLanguage\":\"es-CL\",\"potentialAction\":[{\"@type\":\"CommentAction\",\"name\":\"Comment\",\"target\":[\"https:\/\/dev.explora.cl\/aricayparinacota\/lo-que-esta-en-juego-con-la-ley-de-biodiversidad-y-areas-protegidas-1\/#respond\"]}]},{\"@type\":\"WebPage\",\"@id\":\"https:\/\/dev.explora.cl\/aricayparinacota\/lo-que-esta-en-juego-con-la-ley-de-biodiversidad-y-areas-protegidas-1\/\",\"url\":\"https:\/\/dev.explora.cl\/aricayparinacota\/lo-que-esta-en-juego-con-la-ley-de-biodiversidad-y-areas-protegidas-1\/\",\"name\":\"Lo que est\u00e1 en juego con la Ley de Biodiversidad y \u00c1reas Protegidas. - Arica y Parinacota\",\"isPartOf\":{\"@id\":\"https:\/\/dev.explora.cl\/aricayparinacota\/#website\"},\"primaryImageOfPage\":{\"@id\":\"https:\/\/dev.explora.cl\/aricayparinacota\/lo-que-esta-en-juego-con-la-ley-de-biodiversidad-y-areas-protegidas-1\/#primaryimage\"},\"image\":{\"@id\":\"https:\/\/dev.explora.cl\/aricayparinacota\/lo-que-esta-en-juego-con-la-ley-de-biodiversidad-y-areas-protegidas-1\/#primaryimage\"},\"thumbnailUrl\":\"https:\/\/dev.explora.cl\/aricayparinacota\/wp-content\/uploads\/sites\/2\/2018\/06\/55097f9559083383e45911635c552374.jpg\",\"datePublished\":\"2015-01-09T00:00:00+00:00\",\"dateModified\":\"2019-05-09T21:17:45+00:00\",\"breadcrumb\":{\"@id\":\"https:\/\/dev.explora.cl\/aricayparinacota\/lo-que-esta-en-juego-con-la-ley-de-biodiversidad-y-areas-protegidas-1\/#breadcrumb\"},\"inLanguage\":\"es-CL\",\"potentialAction\":[{\"@type\":\"ReadAction\",\"target\":[\"https:\/\/dev.explora.cl\/aricayparinacota\/lo-que-esta-en-juego-con-la-ley-de-biodiversidad-y-areas-protegidas-1\/\"]}]},{\"@type\":\"ImageObject\",\"inLanguage\":\"es-CL\",\"@id\":\"https:\/\/dev.explora.cl\/aricayparinacota\/lo-que-esta-en-juego-con-la-ley-de-biodiversidad-y-areas-protegidas-1\/#primaryimage\",\"url\":\"https:\/\/dev.explora.cl\/aricayparinacota\/wp-content\/uploads\/sites\/2\/2018\/06\/55097f9559083383e45911635c552374.jpg\",\"contentUrl\":\"https:\/\/dev.explora.cl\/aricayparinacota\/wp-content\/uploads\/sites\/2\/2018\/06\/55097f9559083383e45911635c552374.jpg\",\"width\":350,\"height\":263},{\"@type\":\"BreadcrumbList\",\"@id\":\"https:\/\/dev.explora.cl\/aricayparinacota\/lo-que-esta-en-juego-con-la-ley-de-biodiversidad-y-areas-protegidas-1\/#breadcrumb\",\"itemListElement\":[{\"@type\":\"ListItem\",\"position\":1,\"name\":\"Portada\",\"item\":\"https:\/\/dev.explora.cl\/aricayparinacota\/\"},{\"@type\":\"ListItem\",\"position\":2,\"name\":\"Lo que est\u00e1 en juego con la Ley de Biodiversidad y \u00c1reas Protegidas.\"}]},{\"@type\":\"WebSite\",\"@id\":\"https:\/\/dev.explora.cl\/aricayparinacota\/#website\",\"url\":\"https:\/\/dev.explora.cl\/aricayparinacota\/\",\"name\":\"Arica y Parinacota\",\"description\":\"Otro sitio m\u00e1s de dev.explora.cl\",\"publisher\":{\"@id\":\"https:\/\/dev.explora.cl\/aricayparinacota\/#organization\"},\"potentialAction\":[{\"@type\":\"SearchAction\",\"target\":{\"@type\":\"EntryPoint\",\"urlTemplate\":\"https:\/\/dev.explora.cl\/aricayparinacota\/?s={search_term_string}\"},\"query-input\":{\"@type\":\"PropertyValueSpecification\",\"valueRequired\":true,\"valueName\":\"search_term_string\"}}],\"inLanguage\":\"es-CL\"},{\"@type\":\"Organization\",\"@id\":\"https:\/\/dev.explora.cl\/aricayparinacota\/#organization\",\"name\":\"Arica y Parinacota\",\"url\":\"https:\/\/dev.explora.cl\/aricayparinacota\/\",\"logo\":{\"@type\":\"ImageObject\",\"inLanguage\":\"es-CL\",\"@id\":\"https:\/\/dev.explora.cl\/aricayparinacota\/#\/schema\/logo\/image\/\",\"url\":\"https:\/\/dev.explora.cl\/aricayparinacota\/wp-content\/uploads\/sites\/2\/2020\/08\/cropped-nuevosa-logos-11.png\",\"contentUrl\":\"https:\/\/dev.explora.cl\/aricayparinacota\/wp-content\/uploads\/sites\/2\/2020\/08\/cropped-nuevosa-logos-11.png\",\"width\":812,\"height\":937,\"caption\":\"Arica y Parinacota\"},\"image\":{\"@id\":\"https:\/\/dev.explora.cl\/aricayparinacota\/#\/schema\/logo\/image\/\"}},{\"@type\":\"Person\",\"@id\":\"https:\/\/dev.explora.cl\/aricayparinacota\/#\/schema\/person\/cb8349c13ea2d324080adf8480d7ba5d\",\"name\":\"webman\",\"image\":{\"@type\":\"ImageObject\",\"inLanguage\":\"es-CL\",\"@id\":\"https:\/\/dev.explora.cl\/aricayparinacota\/#\/schema\/person\/image\/\",\"url\":\"https:\/\/secure.gravatar.com\/avatar\/eeff3c82f2c02f7177d13663b7e6f890e9a6a0647ce9bb29cae02dcb094c7312?s=96&d=mm&r=g\",\"contentUrl\":\"https:\/\/secure.gravatar.com\/avatar\/eeff3c82f2c02f7177d13663b7e6f890e9a6a0647ce9bb29cae02dcb094c7312?s=96&d=mm&r=g\",\"caption\":\"webman\"},\"url\":\"https:\/\/dev.explora.cl\/aricayparinacota\/author\/webman\/\"}]}<\/script>\n<!-- \/ Yoast SEO plugin. -->","yoast_head_json":{"title":"Lo que est\u00e1 en juego con la Ley de Biodiversidad y \u00c1reas Protegidas. - Arica y Parinacota","robots":{"index":"index","follow":"follow","max-snippet":"max-snippet:-1","max-image-preview":"max-image-preview:large","max-video-preview":"max-video-preview:-1"},"canonical":"https:\/\/dev.explora.cl\/aricayparinacota\/lo-que-esta-en-juego-con-la-ley-de-biodiversidad-y-areas-protegidas-1\/","og_locale":"es_ES","og_type":"article","og_title":"Lo que est\u00e1 en juego con la Ley de Biodiversidad y \u00c1reas Protegidas. - Arica y Parinacota","og_description":"El proyecto crear\u00e1 el Servicio de Biodiversidad y \u00c1reas Protegidas que depender\u00e1 del Ministerio del Medio Ambiente, y que tendr\u00e1 la misi\u00f3n de proteger ecosistemas y especies \u00fanicas de nuestro pa\u00eds.\u00a0 Por: Nicole Tondreau Tras casi 3 a\u00f1os de discusi\u00f3n parlamentaria, este martes la Comisi\u00f3n de Medio Ambiente y Bienes Nacionales del Senado aprob\u00f3 la [&hellip;]","og_url":"https:\/\/dev.explora.cl\/aricayparinacota\/lo-que-esta-en-juego-con-la-ley-de-biodiversidad-y-areas-protegidas-1\/","og_site_name":"Arica y Parinacota","article_published_time":"2015-01-09T00:00:00+00:00","article_modified_time":"2019-05-09T21:17:45+00:00","og_image":[{"width":350,"height":263,"url":"https:\/\/dev.explora.cl\/aricayparinacota\/wp-content\/uploads\/sites\/2\/2018\/06\/55097f9559083383e45911635c552374.jpg","type":"image\/jpeg"}],"author":"webman","twitter_card":"summary_large_image","twitter_misc":{"Escrito por":"webman","Tiempo estimado de lectura":"4 minutos"},"schema":{"@context":"https:\/\/schema.org","@graph":[{"@type":"Article","@id":"https:\/\/dev.explora.cl\/aricayparinacota\/lo-que-esta-en-juego-con-la-ley-de-biodiversidad-y-areas-protegidas-1\/#article","isPartOf":{"@id":"https:\/\/dev.explora.cl\/aricayparinacota\/lo-que-esta-en-juego-con-la-ley-de-biodiversidad-y-areas-protegidas-1\/"},"author":{"name":"webman","@id":"https:\/\/dev.explora.cl\/aricayparinacota\/#\/schema\/person\/cb8349c13ea2d324080adf8480d7ba5d"},"headline":"Lo que est\u00e1 en juego con la Ley de Biodiversidad y \u00c1reas Protegidas.","datePublished":"2015-01-09T00:00:00+00:00","dateModified":"2019-05-09T21:17:45+00:00","mainEntityOfPage":{"@id":"https:\/\/dev.explora.cl\/aricayparinacota\/lo-que-esta-en-juego-con-la-ley-de-biodiversidad-y-areas-protegidas-1\/"},"wordCount":841,"commentCount":0,"publisher":{"@id":"https:\/\/dev.explora.cl\/aricayparinacota\/#organization"},"image":{"@id":"https:\/\/dev.explora.cl\/aricayparinacota\/lo-que-esta-en-juego-con-la-ley-de-biodiversidad-y-areas-protegidas-1\/#primaryimage"},"thumbnailUrl":"https:\/\/dev.explora.cl\/aricayparinacota\/wp-content\/uploads\/sites\/2\/2018\/06\/55097f9559083383e45911635c552374.jpg","keywords":["animales","\u00e1reas protegidas.","biodiversidad"],"articleSection":["Noticias"],"inLanguage":"es-CL","potentialAction":[{"@type":"CommentAction","name":"Comment","target":["https:\/\/dev.explora.cl\/aricayparinacota\/lo-que-esta-en-juego-con-la-ley-de-biodiversidad-y-areas-protegidas-1\/#respond"]}]},{"@type":"WebPage","@id":"https:\/\/dev.explora.cl\/aricayparinacota\/lo-que-esta-en-juego-con-la-ley-de-biodiversidad-y-areas-protegidas-1\/","url":"https:\/\/dev.explora.cl\/aricayparinacota\/lo-que-esta-en-juego-con-la-ley-de-biodiversidad-y-areas-protegidas-1\/","name":"Lo que est\u00e1 en juego con la Ley de Biodiversidad y \u00c1reas Protegidas. - Arica y Parinacota","isPartOf":{"@id":"https:\/\/dev.explora.cl\/aricayparinacota\/#website"},"primaryImageOfPage":{"@id":"https:\/\/dev.explora.cl\/aricayparinacota\/lo-que-esta-en-juego-con-la-ley-de-biodiversidad-y-areas-protegidas-1\/#primaryimage"},"image":{"@id":"https:\/\/dev.explora.cl\/aricayparinacota\/lo-que-esta-en-juego-con-la-ley-de-biodiversidad-y-areas-protegidas-1\/#primaryimage"},"thumbnailUrl":"https:\/\/dev.explora.cl\/aricayparinacota\/wp-content\/uploads\/sites\/2\/2018\/06\/55097f9559083383e45911635c552374.jpg","datePublished":"2015-01-09T00:00:00+00:00","dateModified":"2019-05-09T21:17:45+00:00","breadcrumb":{"@id":"https:\/\/dev.explora.cl\/aricayparinacota\/lo-que-esta-en-juego-con-la-ley-de-biodiversidad-y-areas-protegidas-1\/#breadcrumb"},"inLanguage":"es-CL","potentialAction":[{"@type":"ReadAction","target":["https:\/\/dev.explora.cl\/aricayparinacota\/lo-que-esta-en-juego-con-la-ley-de-biodiversidad-y-areas-protegidas-1\/"]}]},{"@type":"ImageObject","inLanguage":"es-CL","@id":"https:\/\/dev.explora.cl\/aricayparinacota\/lo-que-esta-en-juego-con-la-ley-de-biodiversidad-y-areas-protegidas-1\/#primaryimage","url":"https:\/\/dev.explora.cl\/aricayparinacota\/wp-content\/uploads\/sites\/2\/2018\/06\/55097f9559083383e45911635c552374.jpg","contentUrl":"https:\/\/dev.explora.cl\/aricayparinacota\/wp-content\/uploads\/sites\/2\/2018\/06\/55097f9559083383e45911635c552374.jpg","width":350,"height":263},{"@type":"BreadcrumbList","@id":"https:\/\/dev.explora.cl\/aricayparinacota\/lo-que-esta-en-juego-con-la-ley-de-biodiversidad-y-areas-protegidas-1\/#breadcrumb","itemListElement":[{"@type":"ListItem","position":1,"name":"Portada","item":"https:\/\/dev.explora.cl\/aricayparinacota\/"},{"@type":"ListItem","position":2,"name":"Lo que est\u00e1 en juego con la Ley de Biodiversidad y \u00c1reas Protegidas."}]},{"@type":"WebSite","@id":"https:\/\/dev.explora.cl\/aricayparinacota\/#website","url":"https:\/\/dev.explora.cl\/aricayparinacota\/","name":"Arica y Parinacota","description":"Otro sitio m\u00e1s de dev.explora.cl","publisher":{"@id":"https:\/\/dev.explora.cl\/aricayparinacota\/#organization"},"potentialAction":[{"@type":"SearchAction","target":{"@type":"EntryPoint","urlTemplate":"https:\/\/dev.explora.cl\/aricayparinacota\/?s={search_term_string}"},"query-input":{"@type":"PropertyValueSpecification","valueRequired":true,"valueName":"search_term_string"}}],"inLanguage":"es-CL"},{"@type":"Organization","@id":"https:\/\/dev.explora.cl\/aricayparinacota\/#organization","name":"Arica y Parinacota","url":"https:\/\/dev.explora.cl\/aricayparinacota\/","logo":{"@type":"ImageObject","inLanguage":"es-CL","@id":"https:\/\/dev.explora.cl\/aricayparinacota\/#\/schema\/logo\/image\/","url":"https:\/\/dev.explora.cl\/aricayparinacota\/wp-content\/uploads\/sites\/2\/2020\/08\/cropped-nuevosa-logos-11.png","contentUrl":"https:\/\/dev.explora.cl\/aricayparinacota\/wp-content\/uploads\/sites\/2\/2020\/08\/cropped-nuevosa-logos-11.png","width":812,"height":937,"caption":"Arica y Parinacota"},"image":{"@id":"https:\/\/dev.explora.cl\/aricayparinacota\/#\/schema\/logo\/image\/"}},{"@type":"Person","@id":"https:\/\/dev.explora.cl\/aricayparinacota\/#\/schema\/person\/cb8349c13ea2d324080adf8480d7ba5d","name":"webman","image":{"@type":"ImageObject","inLanguage":"es-CL","@id":"https:\/\/dev.explora.cl\/aricayparinacota\/#\/schema\/person\/image\/","url":"https:\/\/secure.gravatar.com\/avatar\/eeff3c82f2c02f7177d13663b7e6f890e9a6a0647ce9bb29cae02dcb094c7312?s=96&d=mm&r=g","contentUrl":"https:\/\/secure.gravatar.com\/avatar\/eeff3c82f2c02f7177d13663b7e6f890e9a6a0647ce9bb29cae02dcb094c7312?s=96&d=mm&r=g","caption":"webman"},"url":"https:\/\/dev.explora.cl\/aricayparinacota\/author\/webman\/"}]}},"_links":{"self":[{"href":"https:\/\/dev.explora.cl\/aricayparinacota\/wp-json\/wp\/v2\/posts\/31973","targetHints":{"allow":["GET"]}}],"collection":[{"href":"https:\/\/dev.explora.cl\/aricayparinacota\/wp-json\/wp\/v2\/posts"}],"about":[{"href":"https:\/\/dev.explora.cl\/aricayparinacota\/wp-json\/wp\/v2\/types\/post"}],"author":[{"embeddable":true,"href":"https:\/\/dev.explora.cl\/aricayparinacota\/wp-json\/wp\/v2\/users\/2"}],"replies":[{"embeddable":true,"href":"https:\/\/dev.explora.cl\/aricayparinacota\/wp-json\/wp\/v2\/comments?post=31973"}],"version-history":[{"count":1,"href":"https:\/\/dev.explora.cl\/aricayparinacota\/wp-json\/wp\/v2\/posts\/31973\/revisions"}],"predecessor-version":[{"id":32996,"href":"https:\/\/dev.explora.cl\/aricayparinacota\/wp-json\/wp\/v2\/posts\/31973\/revisions\/32996"}],"wp:featuredmedia":[{"embeddable":true,"href":"https:\/\/dev.explora.cl\/aricayparinacota\/wp-json\/wp\/v2\/media\/31974"}],"wp:attachment":[{"href":"https:\/\/dev.explora.cl\/aricayparinacota\/wp-json\/wp\/v2\/media?parent=31973"}],"wp:term":[{"taxonomy":"category","embeddable":true,"href":"https:\/\/dev.explora.cl\/aricayparinacota\/wp-json\/wp\/v2\/categories?post=31973"},{"taxonomy":"post_tag","embeddable":true,"href":"https:\/\/dev.explora.cl\/aricayparinacota\/wp-json\/wp\/v2\/tags?post=31973"}],"curies":[{"name":"wp","href":"https:\/\/api.w.org\/{rel}","templated":true}]}}