{"id":31971,"date":"2015-01-09T00:00:00","date_gmt":"2015-01-09T00:00:00","guid":{"rendered":"https:\/\/dev.explora.cl\/aricayparinacota\/blog\/2015\/01\/09\/fuegos-artificiales-magia-milenaria-para-la-bienvenida-al-2015\/"},"modified":"2019-05-09T21:17:34","modified_gmt":"2019-05-09T21:17:34","slug":"fuegos-artificiales-magia-milenaria-para-la-bienvenida-al-2015","status":"publish","type":"post","link":"https:\/\/dev.explora.cl\/aricayparinacota\/fuegos-artificiales-magia-milenaria-para-la-bienvenida-al-2015\/","title":{"rendered":"Fuegos Artificiales: Magia Milenaria para la Bienvenida al 2015"},"content":{"rendered":"<p><img loading=\"lazy\" decoding=\"async\" class=\" size-full wp-image-8394\" src=\"http:\/\/ec2-34-218-253-251.us-west-2.compute.amazonaws.com\/wp-content\/uploads\/2015\/01\/70238631ffd7abd1952aa36b81c3868a.jpg\" alt=\"\" width=\"350\" height=\"197\" \/><\/p>\n<p>Uno de los eventos m\u00e1s esperados del a\u00f1o debe ser la noche del 31 de diciembre con abrazos, brindis y, especialmente, fuegos artificiales. Junto a los gritos de euforia suena una primera explosi\u00f3n y miles de miradas se enfocan en el cielo para disfrutarlos.<\/p>\n<p>Aunque hoy se usan en distintos puntos del pa\u00eds, emblem\u00e1ticos son los de la Quinta Regi\u00f3n. Fabricados especialmente para ser lanzados en las costas de Valpara\u00edso, Vi\u00f1a del Mar y\u00a0 Conc\u00f3n, son pensados en detalle por un grupo de profesionales. \u201cEn cuanto al proceso, \u00e9ste va dependiendo del marco que tenemos que pintar. Para nosotros es como una pintura, pasa primero por dise\u00f1adores y ah\u00ed se ven las caracter\u00edsticas que tiene cada pedido, no es lo mismo pintar un cerro que una bah\u00eda. Los dise\u00f1adores se inspiran en lo que tienen que hacer y a trav\u00e9s del papel hacen el espect\u00e1culo. Luego eso pasa a producci\u00f3n y se arman los colores y se fabrican las bombas, todas en Barcelona, siendo un trabajo totalmente artesanal\u201d, relata Jorge Cayuman, el gerente general del grupo Igual Chile, encargado de realizar el evento pirot\u00e9cnico de fin de a\u00f1o en la V Regi\u00f3n.<\/p>\n<p>Entre las novedades que se espera para esta versi\u00f3n figura transmisi\u00f3n v\u00eda streaming y, en la puesta en escena, la simulaci\u00f3n del cabello de \u00e1ngel de una mujer de color plateado, as\u00ed como unas bombas de truenos de diferentes colores, como flash dorados y plateados. \u201cSiempre hay que ver el espect\u00e1culo de pirotecnia como si fuera una canci\u00f3n: que comienza con fuerza, despu\u00e9s tiene una coreograf\u00eda que sube y baja y luego termina, nuevamente con mucha potencia\u201d, precisa Jorge Cayuman.<\/p>\n<p><strong>\u00bfQu\u00e9 son los fuegos artificiales?<\/strong><\/p>\n<p>Es una reacci\u00f3n qu\u00edmica que se realiza dentro de un tubo que sube al cielo y luego explota. Su contenido principal es la p\u00f3lvora y la verdad es que \u00e9stos no son para nada modernos, m\u00e1s bien est\u00e1n ligados a China donde nacieron hace unos 2.000 a\u00f1os. Su primer uso aunque, cueste creerlo fue por motivos armamentales, pero al ver que no eran eficientes fueron ocupados para divertir a la gente, y as\u00ed con el paso del tiempo, de existir s\u00f3lo de colores blancos y naranjas fueron adquiriendo otros tonos para el a\u00f1o 1830.<\/p>\n<p>En definitiva, los fuegos artificiales son petardos sofisticados, que se caracterizan por tener brillo y color. Est\u00e1n compuestos por una gran cantidad de sales met\u00e1licas que se combinan con p\u00f3lvora y el tono depender\u00e1 del primer compuesto. Por ejemplo las de cobre generan el matiz azul, mientras que el estroncio da vida al rojo. La mezcla de sales puede generar efectos maravillosos, es por ello que las empresas guardan bajo siete llaves las combinaciones exactas para cada evento.<\/p>\n<p><strong>\u00bfC\u00f3mo se hacen los fuegos artificiales?<\/strong><\/p>\n<p>Se construye una cadena de dos explosiones, la primera de ellas est\u00e1 hecha para impulsar el cohete hacia el cielo y la segunda es para que estalle el material. Hay que recordar, que el trabajo de realizaci\u00f3n de \u00e9stos no es algo sencillo ni para practicar en casa ya que una m\u00ednima chispa los har\u00e1 explotar. Los expertos deben tomar tambi\u00e9n todos los resguardos necesarios, como el uso de ropa de algod\u00f3n y guantes antiest\u00e1ticos.<\/p>\n<p><strong>\u00bfPor qu\u00e9 explotan los fuegos artificiales?<\/strong><\/p>\n<p>Son dispositivos preparados para que ocurran reacciones pirot\u00e9cnicas en su interior por combusti\u00f3n no explosiva de materiales, que pueden generar llamas, chispas y humo. En este caso, hay algunos compuestos que al quemarse producen colores y sonidos como son la p\u00f3lvora negra, polvillo de acero, Zinc, Cobre, Clorato de potasio, Cloruro de calcio, Nitrato de cobre, Bario, Estroncio y Cloruro de litio entre otros. Dependiendo de las cantidades y las mezclas que se generen, se producen los distintos colores.<\/p>\n<p><strong>\u00bfDesde cu\u00e1ndo comienza a prepararse el show?<\/strong><\/p>\n<p>Para lograr el espect\u00e1culo que se realiza en la Regi\u00f3n de Valp\u00e0ra\u00edso es necesario comenzar a trabajar un a\u00f1o antes, pues todo se fabrica a pedido. A mitad de a\u00f1o se importa y un mes antes se hacen los preparativos para el a\u00f1o nuevo en el mar. La empresa encargadal tiene otros eventos de envergadura como los carnavales de R\u00edo de Janeiro, por lo que se entiende se trabaje con tanta anticipaci\u00f3n.<\/p>\n<p>Por otra parte, si bien las municipalidades hacen realizan sus propias licitaciones, quien tiene a su cargo el espect\u00e1culo debe generar una sincronizaci\u00f3n para que salga en todos los puntos en la misma hora.<\/p>\n<p><strong>\u00bfQu\u00e9 precauciones se deben tomar?<\/strong><\/p>\n<p>La manipulaci\u00f3n de los fuegos artificiales debe estar siempre en manos de un experto que debe cumplir con las medidas de seguridad necesarias para evitar cualquier tipo de accidente.<\/p>\n<p>Jonathan Flores, quien trabaj\u00f3 como encargado de manipulaci\u00f3n y disparador de fuegos artificiales, explica que existen dos tipos de montaje: el primero cuando es sobre una embarcaci\u00f3n y el otro, en tierra. En el caso del primero los explosivos se montan por calibre entonces todo el mortero va seleccionado por diferentes calibres. En tierra en cambio, se hace por l\u00edneas. \u201cEn el caso de las embarcaciones hay que tener en cuenta que uno debe alejarse dependiendo del calibre de la bomba m\u00e1s grande, y de ello depender\u00e1 la cantidad de metros exigidos por seguridad\u201d, detalla.<\/p>\n<p>La planificaci\u00f3n incluye un camino largo desde que comienza el proceso de traer los fuegos artificiales a Chile. \u201cUnas tres semanas antes dir\u00eda yo, en que bajan la embarcaci\u00f3n al agua, llegan los morteros y luego les colocan los sacos con arena y, finalmente, llega un grupo de\u00a0 espa\u00f1oles que son los que montan las bombas\u201d.<\/p>\n<p>Flores aconseja no presenciar los fuegos muy encima, ya que \u00e9stos est\u00e1n hechos para ser vistos a grandes distancias.<\/p>\n<p><strong>Vi\u00f1a 2.0: La tecnolog\u00eda que masifica el evento<\/strong><\/p>\n<p>Por primera vez, literalmente todo el mundo, podr\u00e1 ver el espect\u00e1culo de a\u00f1o nuevo desde Vi\u00f1a del Mar, v\u00eda streaming. El espect\u00e1culo ser\u00e1 transmitido en forma gratuita en\u00a0 Full HD a trav\u00e9s de youtube. \u201cGracias a las plataformas y redes sociales de nuestro municipio, lo podr\u00e1n disfrutar tambi\u00e9n chilenos que nos siguen en el extranjero. Nuestra gesti\u00f3n en las nuevas tecnolog\u00edas nos permitir\u00e1 que Vi\u00f1a salga al mundo y que familias y amigos separados geogr\u00e1ficamente, puedan unirse a trav\u00e9s de nuestro maravilloso espect\u00e1culo de a\u00f1o nuevo, por eso invitamos a todos a que desde cualquier lugar del planeta se conecten a sus dispositivos para que compartamos juntos la llegada de 2015\u201d, se\u00f1al\u00f3 la alcaldesa Virginia Reginato.<br \/>La emisi\u00f3n del evento comenzar\u00e1 a las 23:00 horas a trav\u00e9s de www.youtube.com\/municipalidaddevina.<br \/>\u00a0<br \/><strong>Fuentes:<\/strong>\u00a0<br \/>V\u00edctor Casta\u00f1eda, profesor de Qu\u00edmica y Ciencias.\u00a0 del complejo educacional Baldomero Lillo.<br \/>Jorge Cayuman, gerente general grupo Igual.<br \/>Jonathan Flores, manipulador de fuegos artificiales<br \/>Virginia Reginato, alcadesa de Vi\u00f1a del Mar.<\/p>\n","protected":false},"excerpt":{"rendered":"<p>Uno de los eventos m\u00e1s esperados del a\u00f1o debe ser la noche del 31 de diciembre con abrazos, brindis y, especialmente, fuegos artificiales. Junto a los gritos de euforia suena una primera explosi\u00f3n y miles de miradas se enfocan en el cielo para disfrutarlos. Aunque hoy se usan en distintos puntos del pa\u00eds, emblem\u00e1ticos son [&hellip;]<\/p>\n","protected":false},"author":2,"featured_media":31972,"comment_status":"open","ping_status":"open","sticky":false,"template":"","format":"standard","meta":{"_acf_changed":false,"_exactmetrics_skip_tracking":false,"_exactmetrics_sitenote_active":false,"_exactmetrics_sitenote_note":"","_exactmetrics_sitenote_category":0,"footnotes":"","_links_to":"","_links_to_target":""},"categories":[4],"tags":[70,77,78],"class_list":["post-31971","post","type-post","status-publish","format-standard","has-post-thumbnail","hentry","category-noticias","tag-chile","tag-fuegos-artificiales","tag-magia"],"acf":[],"yoast_head":"<!-- This site is optimized with the Yoast SEO plugin v26.7 - https:\/\/yoast.com\/wordpress\/plugins\/seo\/ -->\n<title>Fuegos Artificiales: Magia Milenaria para la Bienvenida al 2015 - Arica y Parinacota<\/title>\n<meta name=\"robots\" content=\"index, follow, max-snippet:-1, max-image-preview:large, max-video-preview:-1\" \/>\n<link rel=\"canonical\" href=\"https:\/\/dev.explora.cl\/aricayparinacota\/fuegos-artificiales-magia-milenaria-para-la-bienvenida-al-2015\/\" class=\"yoast-seo-meta-tag\" \/>\n<meta property=\"og:locale\" content=\"es_ES\" class=\"yoast-seo-meta-tag\" \/>\n<meta property=\"og:type\" content=\"article\" class=\"yoast-seo-meta-tag\" \/>\n<meta property=\"og:title\" content=\"Fuegos Artificiales: Magia Milenaria para la Bienvenida al 2015 - Arica y Parinacota\" class=\"yoast-seo-meta-tag\" \/>\n<meta property=\"og:description\" content=\"Uno de los eventos m\u00e1s esperados del a\u00f1o debe ser la noche del 31 de diciembre con abrazos, brindis y, especialmente, fuegos artificiales. Junto a los gritos de euforia suena una primera explosi\u00f3n y miles de miradas se enfocan en el cielo para disfrutarlos. Aunque hoy se usan en distintos puntos del pa\u00eds, emblem\u00e1ticos son [&hellip;]\" class=\"yoast-seo-meta-tag\" \/>\n<meta property=\"og:url\" content=\"https:\/\/dev.explora.cl\/aricayparinacota\/fuegos-artificiales-magia-milenaria-para-la-bienvenida-al-2015\/\" class=\"yoast-seo-meta-tag\" \/>\n<meta property=\"og:site_name\" content=\"Arica y Parinacota\" class=\"yoast-seo-meta-tag\" \/>\n<meta property=\"article:published_time\" content=\"2015-01-09T00:00:00+00:00\" class=\"yoast-seo-meta-tag\" \/>\n<meta property=\"article:modified_time\" content=\"2019-05-09T21:17:34+00:00\" class=\"yoast-seo-meta-tag\" \/>\n<meta property=\"og:image\" content=\"https:\/\/dev.explora.cl\/aricayparinacota\/wp-content\/uploads\/sites\/2\/2018\/06\/70238631ffd7abd1952aa36b81c3868a.jpg\" class=\"yoast-seo-meta-tag\" \/>\n\t<meta property=\"og:image:width\" content=\"350\" class=\"yoast-seo-meta-tag\" \/>\n\t<meta property=\"og:image:height\" content=\"197\" class=\"yoast-seo-meta-tag\" \/>\n\t<meta property=\"og:image:type\" content=\"image\/jpeg\" class=\"yoast-seo-meta-tag\" \/>\n<meta name=\"author\" content=\"webman\" class=\"yoast-seo-meta-tag\" \/>\n<meta name=\"twitter:card\" content=\"summary_large_image\" class=\"yoast-seo-meta-tag\" \/>\n<meta name=\"twitter:label1\" content=\"Escrito por\" class=\"yoast-seo-meta-tag\" \/>\n\t<meta name=\"twitter:data1\" content=\"webman\" class=\"yoast-seo-meta-tag\" \/>\n\t<meta name=\"twitter:label2\" content=\"Tiempo estimado de lectura\" class=\"yoast-seo-meta-tag\" \/>\n\t<meta name=\"twitter:data2\" content=\"6 minutos\" class=\"yoast-seo-meta-tag\" \/>\n<script type=\"application\/ld+json\" class=\"yoast-schema-graph\">{\"@context\":\"https:\/\/schema.org\",\"@graph\":[{\"@type\":\"Article\",\"@id\":\"https:\/\/dev.explora.cl\/aricayparinacota\/fuegos-artificiales-magia-milenaria-para-la-bienvenida-al-2015\/#article\",\"isPartOf\":{\"@id\":\"https:\/\/dev.explora.cl\/aricayparinacota\/fuegos-artificiales-magia-milenaria-para-la-bienvenida-al-2015\/\"},\"author\":{\"name\":\"webman\",\"@id\":\"https:\/\/dev.explora.cl\/aricayparinacota\/#\/schema\/person\/cb8349c13ea2d324080adf8480d7ba5d\"},\"headline\":\"Fuegos Artificiales: Magia Milenaria para la Bienvenida al 2015\",\"datePublished\":\"2015-01-09T00:00:00+00:00\",\"dateModified\":\"2019-05-09T21:17:34+00:00\",\"mainEntityOfPage\":{\"@id\":\"https:\/\/dev.explora.cl\/aricayparinacota\/fuegos-artificiales-magia-milenaria-para-la-bienvenida-al-2015\/\"},\"wordCount\":1198,\"commentCount\":0,\"publisher\":{\"@id\":\"https:\/\/dev.explora.cl\/aricayparinacota\/#organization\"},\"image\":{\"@id\":\"https:\/\/dev.explora.cl\/aricayparinacota\/fuegos-artificiales-magia-milenaria-para-la-bienvenida-al-2015\/#primaryimage\"},\"thumbnailUrl\":\"https:\/\/dev.explora.cl\/aricayparinacota\/wp-content\/uploads\/sites\/2\/2018\/06\/70238631ffd7abd1952aa36b81c3868a.jpg\",\"keywords\":[\"Chile\",\"Fuegos artificiales\",\"magia.\"],\"articleSection\":[\"Noticias\"],\"inLanguage\":\"es-CL\",\"potentialAction\":[{\"@type\":\"CommentAction\",\"name\":\"Comment\",\"target\":[\"https:\/\/dev.explora.cl\/aricayparinacota\/fuegos-artificiales-magia-milenaria-para-la-bienvenida-al-2015\/#respond\"]}]},{\"@type\":\"WebPage\",\"@id\":\"https:\/\/dev.explora.cl\/aricayparinacota\/fuegos-artificiales-magia-milenaria-para-la-bienvenida-al-2015\/\",\"url\":\"https:\/\/dev.explora.cl\/aricayparinacota\/fuegos-artificiales-magia-milenaria-para-la-bienvenida-al-2015\/\",\"name\":\"Fuegos Artificiales: Magia Milenaria para la Bienvenida al 2015 - Arica y Parinacota\",\"isPartOf\":{\"@id\":\"https:\/\/dev.explora.cl\/aricayparinacota\/#website\"},\"primaryImageOfPage\":{\"@id\":\"https:\/\/dev.explora.cl\/aricayparinacota\/fuegos-artificiales-magia-milenaria-para-la-bienvenida-al-2015\/#primaryimage\"},\"image\":{\"@id\":\"https:\/\/dev.explora.cl\/aricayparinacota\/fuegos-artificiales-magia-milenaria-para-la-bienvenida-al-2015\/#primaryimage\"},\"thumbnailUrl\":\"https:\/\/dev.explora.cl\/aricayparinacota\/wp-content\/uploads\/sites\/2\/2018\/06\/70238631ffd7abd1952aa36b81c3868a.jpg\",\"datePublished\":\"2015-01-09T00:00:00+00:00\",\"dateModified\":\"2019-05-09T21:17:34+00:00\",\"breadcrumb\":{\"@id\":\"https:\/\/dev.explora.cl\/aricayparinacota\/fuegos-artificiales-magia-milenaria-para-la-bienvenida-al-2015\/#breadcrumb\"},\"inLanguage\":\"es-CL\",\"potentialAction\":[{\"@type\":\"ReadAction\",\"target\":[\"https:\/\/dev.explora.cl\/aricayparinacota\/fuegos-artificiales-magia-milenaria-para-la-bienvenida-al-2015\/\"]}]},{\"@type\":\"ImageObject\",\"inLanguage\":\"es-CL\",\"@id\":\"https:\/\/dev.explora.cl\/aricayparinacota\/fuegos-artificiales-magia-milenaria-para-la-bienvenida-al-2015\/#primaryimage\",\"url\":\"https:\/\/dev.explora.cl\/aricayparinacota\/wp-content\/uploads\/sites\/2\/2018\/06\/70238631ffd7abd1952aa36b81c3868a.jpg\",\"contentUrl\":\"https:\/\/dev.explora.cl\/aricayparinacota\/wp-content\/uploads\/sites\/2\/2018\/06\/70238631ffd7abd1952aa36b81c3868a.jpg\",\"width\":350,\"height\":197},{\"@type\":\"BreadcrumbList\",\"@id\":\"https:\/\/dev.explora.cl\/aricayparinacota\/fuegos-artificiales-magia-milenaria-para-la-bienvenida-al-2015\/#breadcrumb\",\"itemListElement\":[{\"@type\":\"ListItem\",\"position\":1,\"name\":\"Portada\",\"item\":\"https:\/\/dev.explora.cl\/aricayparinacota\/\"},{\"@type\":\"ListItem\",\"position\":2,\"name\":\"Fuegos Artificiales: Magia Milenaria para la Bienvenida al 2015\"}]},{\"@type\":\"WebSite\",\"@id\":\"https:\/\/dev.explora.cl\/aricayparinacota\/#website\",\"url\":\"https:\/\/dev.explora.cl\/aricayparinacota\/\",\"name\":\"Arica y Parinacota\",\"description\":\"Otro sitio m\u00e1s de dev.explora.cl\",\"publisher\":{\"@id\":\"https:\/\/dev.explora.cl\/aricayparinacota\/#organization\"},\"potentialAction\":[{\"@type\":\"SearchAction\",\"target\":{\"@type\":\"EntryPoint\",\"urlTemplate\":\"https:\/\/dev.explora.cl\/aricayparinacota\/?s={search_term_string}\"},\"query-input\":{\"@type\":\"PropertyValueSpecification\",\"valueRequired\":true,\"valueName\":\"search_term_string\"}}],\"inLanguage\":\"es-CL\"},{\"@type\":\"Organization\",\"@id\":\"https:\/\/dev.explora.cl\/aricayparinacota\/#organization\",\"name\":\"Arica y Parinacota\",\"url\":\"https:\/\/dev.explora.cl\/aricayparinacota\/\",\"logo\":{\"@type\":\"ImageObject\",\"inLanguage\":\"es-CL\",\"@id\":\"https:\/\/dev.explora.cl\/aricayparinacota\/#\/schema\/logo\/image\/\",\"url\":\"https:\/\/dev.explora.cl\/aricayparinacota\/wp-content\/uploads\/sites\/2\/2020\/08\/cropped-nuevosa-logos-11.png\",\"contentUrl\":\"https:\/\/dev.explora.cl\/aricayparinacota\/wp-content\/uploads\/sites\/2\/2020\/08\/cropped-nuevosa-logos-11.png\",\"width\":812,\"height\":937,\"caption\":\"Arica y Parinacota\"},\"image\":{\"@id\":\"https:\/\/dev.explora.cl\/aricayparinacota\/#\/schema\/logo\/image\/\"}},{\"@type\":\"Person\",\"@id\":\"https:\/\/dev.explora.cl\/aricayparinacota\/#\/schema\/person\/cb8349c13ea2d324080adf8480d7ba5d\",\"name\":\"webman\",\"image\":{\"@type\":\"ImageObject\",\"inLanguage\":\"es-CL\",\"@id\":\"https:\/\/dev.explora.cl\/aricayparinacota\/#\/schema\/person\/image\/\",\"url\":\"https:\/\/secure.gravatar.com\/avatar\/eeff3c82f2c02f7177d13663b7e6f890e9a6a0647ce9bb29cae02dcb094c7312?s=96&d=mm&r=g\",\"contentUrl\":\"https:\/\/secure.gravatar.com\/avatar\/eeff3c82f2c02f7177d13663b7e6f890e9a6a0647ce9bb29cae02dcb094c7312?s=96&d=mm&r=g\",\"caption\":\"webman\"},\"url\":\"https:\/\/dev.explora.cl\/aricayparinacota\/author\/webman\/\"}]}<\/script>\n<!-- \/ Yoast SEO plugin. -->","yoast_head_json":{"title":"Fuegos Artificiales: Magia Milenaria para la Bienvenida al 2015 - Arica y Parinacota","robots":{"index":"index","follow":"follow","max-snippet":"max-snippet:-1","max-image-preview":"max-image-preview:large","max-video-preview":"max-video-preview:-1"},"canonical":"https:\/\/dev.explora.cl\/aricayparinacota\/fuegos-artificiales-magia-milenaria-para-la-bienvenida-al-2015\/","og_locale":"es_ES","og_type":"article","og_title":"Fuegos Artificiales: Magia Milenaria para la Bienvenida al 2015 - Arica y Parinacota","og_description":"Uno de los eventos m\u00e1s esperados del a\u00f1o debe ser la noche del 31 de diciembre con abrazos, brindis y, especialmente, fuegos artificiales. Junto a los gritos de euforia suena una primera explosi\u00f3n y miles de miradas se enfocan en el cielo para disfrutarlos. Aunque hoy se usan en distintos puntos del pa\u00eds, emblem\u00e1ticos son [&hellip;]","og_url":"https:\/\/dev.explora.cl\/aricayparinacota\/fuegos-artificiales-magia-milenaria-para-la-bienvenida-al-2015\/","og_site_name":"Arica y Parinacota","article_published_time":"2015-01-09T00:00:00+00:00","article_modified_time":"2019-05-09T21:17:34+00:00","og_image":[{"width":350,"height":197,"url":"https:\/\/dev.explora.cl\/aricayparinacota\/wp-content\/uploads\/sites\/2\/2018\/06\/70238631ffd7abd1952aa36b81c3868a.jpg","type":"image\/jpeg"}],"author":"webman","twitter_card":"summary_large_image","twitter_misc":{"Escrito por":"webman","Tiempo estimado de lectura":"6 minutos"},"schema":{"@context":"https:\/\/schema.org","@graph":[{"@type":"Article","@id":"https:\/\/dev.explora.cl\/aricayparinacota\/fuegos-artificiales-magia-milenaria-para-la-bienvenida-al-2015\/#article","isPartOf":{"@id":"https:\/\/dev.explora.cl\/aricayparinacota\/fuegos-artificiales-magia-milenaria-para-la-bienvenida-al-2015\/"},"author":{"name":"webman","@id":"https:\/\/dev.explora.cl\/aricayparinacota\/#\/schema\/person\/cb8349c13ea2d324080adf8480d7ba5d"},"headline":"Fuegos Artificiales: Magia Milenaria para la Bienvenida al 2015","datePublished":"2015-01-09T00:00:00+00:00","dateModified":"2019-05-09T21:17:34+00:00","mainEntityOfPage":{"@id":"https:\/\/dev.explora.cl\/aricayparinacota\/fuegos-artificiales-magia-milenaria-para-la-bienvenida-al-2015\/"},"wordCount":1198,"commentCount":0,"publisher":{"@id":"https:\/\/dev.explora.cl\/aricayparinacota\/#organization"},"image":{"@id":"https:\/\/dev.explora.cl\/aricayparinacota\/fuegos-artificiales-magia-milenaria-para-la-bienvenida-al-2015\/#primaryimage"},"thumbnailUrl":"https:\/\/dev.explora.cl\/aricayparinacota\/wp-content\/uploads\/sites\/2\/2018\/06\/70238631ffd7abd1952aa36b81c3868a.jpg","keywords":["Chile","Fuegos artificiales","magia."],"articleSection":["Noticias"],"inLanguage":"es-CL","potentialAction":[{"@type":"CommentAction","name":"Comment","target":["https:\/\/dev.explora.cl\/aricayparinacota\/fuegos-artificiales-magia-milenaria-para-la-bienvenida-al-2015\/#respond"]}]},{"@type":"WebPage","@id":"https:\/\/dev.explora.cl\/aricayparinacota\/fuegos-artificiales-magia-milenaria-para-la-bienvenida-al-2015\/","url":"https:\/\/dev.explora.cl\/aricayparinacota\/fuegos-artificiales-magia-milenaria-para-la-bienvenida-al-2015\/","name":"Fuegos Artificiales: Magia Milenaria para la Bienvenida al 2015 - Arica y Parinacota","isPartOf":{"@id":"https:\/\/dev.explora.cl\/aricayparinacota\/#website"},"primaryImageOfPage":{"@id":"https:\/\/dev.explora.cl\/aricayparinacota\/fuegos-artificiales-magia-milenaria-para-la-bienvenida-al-2015\/#primaryimage"},"image":{"@id":"https:\/\/dev.explora.cl\/aricayparinacota\/fuegos-artificiales-magia-milenaria-para-la-bienvenida-al-2015\/#primaryimage"},"thumbnailUrl":"https:\/\/dev.explora.cl\/aricayparinacota\/wp-content\/uploads\/sites\/2\/2018\/06\/70238631ffd7abd1952aa36b81c3868a.jpg","datePublished":"2015-01-09T00:00:00+00:00","dateModified":"2019-05-09T21:17:34+00:00","breadcrumb":{"@id":"https:\/\/dev.explora.cl\/aricayparinacota\/fuegos-artificiales-magia-milenaria-para-la-bienvenida-al-2015\/#breadcrumb"},"inLanguage":"es-CL","potentialAction":[{"@type":"ReadAction","target":["https:\/\/dev.explora.cl\/aricayparinacota\/fuegos-artificiales-magia-milenaria-para-la-bienvenida-al-2015\/"]}]},{"@type":"ImageObject","inLanguage":"es-CL","@id":"https:\/\/dev.explora.cl\/aricayparinacota\/fuegos-artificiales-magia-milenaria-para-la-bienvenida-al-2015\/#primaryimage","url":"https:\/\/dev.explora.cl\/aricayparinacota\/wp-content\/uploads\/sites\/2\/2018\/06\/70238631ffd7abd1952aa36b81c3868a.jpg","contentUrl":"https:\/\/dev.explora.cl\/aricayparinacota\/wp-content\/uploads\/sites\/2\/2018\/06\/70238631ffd7abd1952aa36b81c3868a.jpg","width":350,"height":197},{"@type":"BreadcrumbList","@id":"https:\/\/dev.explora.cl\/aricayparinacota\/fuegos-artificiales-magia-milenaria-para-la-bienvenida-al-2015\/#breadcrumb","itemListElement":[{"@type":"ListItem","position":1,"name":"Portada","item":"https:\/\/dev.explora.cl\/aricayparinacota\/"},{"@type":"ListItem","position":2,"name":"Fuegos Artificiales: Magia Milenaria para la Bienvenida al 2015"}]},{"@type":"WebSite","@id":"https:\/\/dev.explora.cl\/aricayparinacota\/#website","url":"https:\/\/dev.explora.cl\/aricayparinacota\/","name":"Arica y Parinacota","description":"Otro sitio m\u00e1s de dev.explora.cl","publisher":{"@id":"https:\/\/dev.explora.cl\/aricayparinacota\/#organization"},"potentialAction":[{"@type":"SearchAction","target":{"@type":"EntryPoint","urlTemplate":"https:\/\/dev.explora.cl\/aricayparinacota\/?s={search_term_string}"},"query-input":{"@type":"PropertyValueSpecification","valueRequired":true,"valueName":"search_term_string"}}],"inLanguage":"es-CL"},{"@type":"Organization","@id":"https:\/\/dev.explora.cl\/aricayparinacota\/#organization","name":"Arica y Parinacota","url":"https:\/\/dev.explora.cl\/aricayparinacota\/","logo":{"@type":"ImageObject","inLanguage":"es-CL","@id":"https:\/\/dev.explora.cl\/aricayparinacota\/#\/schema\/logo\/image\/","url":"https:\/\/dev.explora.cl\/aricayparinacota\/wp-content\/uploads\/sites\/2\/2020\/08\/cropped-nuevosa-logos-11.png","contentUrl":"https:\/\/dev.explora.cl\/aricayparinacota\/wp-content\/uploads\/sites\/2\/2020\/08\/cropped-nuevosa-logos-11.png","width":812,"height":937,"caption":"Arica y Parinacota"},"image":{"@id":"https:\/\/dev.explora.cl\/aricayparinacota\/#\/schema\/logo\/image\/"}},{"@type":"Person","@id":"https:\/\/dev.explora.cl\/aricayparinacota\/#\/schema\/person\/cb8349c13ea2d324080adf8480d7ba5d","name":"webman","image":{"@type":"ImageObject","inLanguage":"es-CL","@id":"https:\/\/dev.explora.cl\/aricayparinacota\/#\/schema\/person\/image\/","url":"https:\/\/secure.gravatar.com\/avatar\/eeff3c82f2c02f7177d13663b7e6f890e9a6a0647ce9bb29cae02dcb094c7312?s=96&d=mm&r=g","contentUrl":"https:\/\/secure.gravatar.com\/avatar\/eeff3c82f2c02f7177d13663b7e6f890e9a6a0647ce9bb29cae02dcb094c7312?s=96&d=mm&r=g","caption":"webman"},"url":"https:\/\/dev.explora.cl\/aricayparinacota\/author\/webman\/"}]}},"_links":{"self":[{"href":"https:\/\/dev.explora.cl\/aricayparinacota\/wp-json\/wp\/v2\/posts\/31971","targetHints":{"allow":["GET"]}}],"collection":[{"href":"https:\/\/dev.explora.cl\/aricayparinacota\/wp-json\/wp\/v2\/posts"}],"about":[{"href":"https:\/\/dev.explora.cl\/aricayparinacota\/wp-json\/wp\/v2\/types\/post"}],"author":[{"embeddable":true,"href":"https:\/\/dev.explora.cl\/aricayparinacota\/wp-json\/wp\/v2\/users\/2"}],"replies":[{"embeddable":true,"href":"https:\/\/dev.explora.cl\/aricayparinacota\/wp-json\/wp\/v2\/comments?post=31971"}],"version-history":[{"count":1,"href":"https:\/\/dev.explora.cl\/aricayparinacota\/wp-json\/wp\/v2\/posts\/31971\/revisions"}],"predecessor-version":[{"id":32995,"href":"https:\/\/dev.explora.cl\/aricayparinacota\/wp-json\/wp\/v2\/posts\/31971\/revisions\/32995"}],"wp:featuredmedia":[{"embeddable":true,"href":"https:\/\/dev.explora.cl\/aricayparinacota\/wp-json\/wp\/v2\/media\/31972"}],"wp:attachment":[{"href":"https:\/\/dev.explora.cl\/aricayparinacota\/wp-json\/wp\/v2\/media?parent=31971"}],"wp:term":[{"taxonomy":"category","embeddable":true,"href":"https:\/\/dev.explora.cl\/aricayparinacota\/wp-json\/wp\/v2\/categories?post=31971"},{"taxonomy":"post_tag","embeddable":true,"href":"https:\/\/dev.explora.cl\/aricayparinacota\/wp-json\/wp\/v2\/tags?post=31971"}],"curies":[{"name":"wp","href":"https:\/\/api.w.org\/{rel}","templated":true}]}}