{"id":31815,"date":"2018-05-31T19:46:37","date_gmt":"2018-05-31T19:46:37","guid":{"rendered":"https:\/\/dev.explora.cl\/2018\/05\/31\/dia-del-patrimonio-en-museo-san-miguel-de-azapa\/"},"modified":"2019-05-09T20:42:21","modified_gmt":"2019-05-09T20:42:21","slug":"dia-del-patrimonio-en-museo-san-miguel-de-azapa","status":"publish","type":"post","link":"https:\/\/dev.explora.cl\/aricayparinacota\/dia-del-patrimonio-en-museo-san-miguel-de-azapa\/","title":{"rendered":"D\u00eda del Patrimonio en Museo San Miguel de Azapa"},"content":{"rendered":"<p><span style=\"font-size: 14pt\">El Proyecto Asociativo Regional EXPLORA de CONICYT que ejecuta la Universidad de Tarapac\u00e1, en conjunto con el Museo San Miguel de Azapa, el Plan de Gesti\u00f3n y Protecci\u00f3n de Sitios Chinchorro y el Departamento de Antropolog\u00eda de la Universidad, organizaron una serie de actividades para celebrar el d\u00eda del patrimonio.<\/span><\/p>\n<p><span style=\"font-size: 14pt\"><\/span><\/p>\n<p><span style=\"font-size: 14pt\">Bajo el lema \u201cArica Prehisp\u00e1nica, jugando aprendo\u201d los visitantes conocieron y jugaron con el videojuego \u2018Amaru y Suyai\u00b4 y recorrieron de forma virtual la Aldea San Lorenzo para saber c\u00f3mo vivieron nuestros antepasados m\u00e1s recientes hace mil a\u00f1os.<\/span><\/p>\n<p><span style=\"font-size: 14pt\"><\/span><\/p>\n<p><span style=\"font-size: 14pt\">Una de las visitantes, Pamela Hinojosa, indic\u00f3 que tuvo sentimientos encontrados al ver la Aldea san Lorenzo con realidad aumentada \u201cporque un lugar que est\u00e1 lamentablemente abandonado y tiene mucha riqueza cultural no est\u00e1 siendo aprovechado. Me llam\u00f3 mucho la atenci\u00f3n el trabajo que se hizo ah\u00ed, sobre todo lo que se ha encontrado, como los fogones. Ahora vamos a ir al lugar, porque la verdad es que no lo conozco, falta difusi\u00f3n y saber que hay tantos lugares, inclusive deber\u00edan hacer un museo de sitio ah\u00ed, hay que aprovechar eso\u201d.<\/span><\/p>\n<p><span style=\"font-size: 14pt\"><\/span><\/p>\n<p><span style=\"font-size: 14pt\">Sheila Castro, tambi\u00e9n visit\u00f3 el espacio de Explora y se\u00f1al\u00f3 que \u201clo encontr\u00e9 genial porque a trav\u00e9s de la tecnolog\u00eda conoc\u00ed la aldea y es impresionante como trabajaron los antepasados\u201d.&nbsp;Mario Tebes del Colegio Adventista, indic\u00f3 que \u201cestaba muy bueno el videojuego, pues utilizando toda la tecnolog\u00eda nos traslada el pasado al presente\u201d.<\/span><\/p>\n<p><span style=\"font-size: 14pt\"><\/span><\/p>\n<p><span style=\"font-size: 14pt\">Adem\u00e1s se realizaron diversos juegos y actividades manuales con los ni\u00f1os, acercando nuestro patrimonio de forma l\u00fadica.&nbsp;El programa incluy\u00f3 una introducci\u00f3n a la entrada del museo, talleres para ni\u00f1os respecto a temas de excavaci\u00f3n y visita a las salas de muestras culturales<\/span><\/p>\n<p>&nbsp;<\/p>\n<p><img loading=\"lazy\" decoding=\"async\" class=\" size-full wp-image-31814\" src=\"https:\/\/dev.explora.cl\/aricayparinacota\/wp-content\/uploads\/sites\/2\/2018\/05\/Collage_Dia_Patrimonio.jpg\" alt=\"Collage Dia Patrimonio\" width=\"900\" height=\"400\" srcset=\"https:\/\/dev.explora.cl\/aricayparinacota\/wp-content\/uploads\/sites\/2\/2018\/05\/Collage_Dia_Patrimonio.jpg 900w, https:\/\/dev.explora.cl\/aricayparinacota\/wp-content\/uploads\/sites\/2\/2018\/05\/Collage_Dia_Patrimonio-300x133.jpg 300w, https:\/\/dev.explora.cl\/aricayparinacota\/wp-content\/uploads\/sites\/2\/2018\/05\/Collage_Dia_Patrimonio-768x341.jpg 768w\" sizes=\"auto, (max-width: 900px) 100vw, 900px\" \/><\/p>\n","protected":false},"excerpt":{"rendered":"<p>El Proyecto Asociativo Regional EXPLORA de CONICYT que ejecuta la Universidad de Tarapac\u00e1, en conjunto con el Museo San Miguel de Azapa, el Plan de Gesti\u00f3n y Protecci\u00f3n de Sitios Chinchorro y el Departamento de Antropolog\u00eda de la Universidad, organizaron una serie de actividades para celebrar el d\u00eda del patrimonio. Bajo el lema \u201cArica Prehisp\u00e1nica, [&hellip;]<\/p>\n","protected":false},"author":2,"featured_media":31813,"comment_status":"closed","ping_status":"open","sticky":false,"template":"","format":"standard","meta":{"_acf_changed":false,"_exactmetrics_skip_tracking":false,"_exactmetrics_sitenote_active":false,"_exactmetrics_sitenote_note":"","_exactmetrics_sitenote_category":0,"footnotes":"","_links_to":"","_links_to_target":""},"categories":[4],"tags":[],"class_list":["post-31815","post","type-post","status-publish","format-standard","has-post-thumbnail","hentry","category-noticias"],"acf":[],"yoast_head":"<!-- This site is optimized with the Yoast SEO plugin v26.7 - https:\/\/yoast.com\/wordpress\/plugins\/seo\/ -->\n<title>D\u00eda del Patrimonio en Museo San Miguel de Azapa - Arica y Parinacota<\/title>\n<meta name=\"robots\" content=\"index, follow, max-snippet:-1, max-image-preview:large, max-video-preview:-1\" \/>\n<link rel=\"canonical\" href=\"https:\/\/dev.explora.cl\/aricayparinacota\/dia-del-patrimonio-en-museo-san-miguel-de-azapa\/\" class=\"yoast-seo-meta-tag\" \/>\n<meta property=\"og:locale\" content=\"es_ES\" class=\"yoast-seo-meta-tag\" \/>\n<meta property=\"og:type\" content=\"article\" class=\"yoast-seo-meta-tag\" \/>\n<meta property=\"og:title\" content=\"D\u00eda del Patrimonio en Museo San Miguel de Azapa - Arica y Parinacota\" class=\"yoast-seo-meta-tag\" \/>\n<meta property=\"og:description\" content=\"El Proyecto Asociativo Regional EXPLORA de CONICYT que ejecuta la Universidad de Tarapac\u00e1, en conjunto con el Museo San Miguel de Azapa, el Plan de Gesti\u00f3n y Protecci\u00f3n de Sitios Chinchorro y el Departamento de Antropolog\u00eda de la Universidad, organizaron una serie de actividades para celebrar el d\u00eda del patrimonio. Bajo el lema \u201cArica Prehisp\u00e1nica, [&hellip;]\" class=\"yoast-seo-meta-tag\" \/>\n<meta property=\"og:url\" content=\"https:\/\/dev.explora.cl\/aricayparinacota\/dia-del-patrimonio-en-museo-san-miguel-de-azapa\/\" class=\"yoast-seo-meta-tag\" \/>\n<meta property=\"og:site_name\" content=\"Arica y Parinacota\" class=\"yoast-seo-meta-tag\" \/>\n<meta property=\"article:published_time\" content=\"2018-05-31T19:46:37+00:00\" class=\"yoast-seo-meta-tag\" \/>\n<meta property=\"article:modified_time\" content=\"2019-05-09T20:42:21+00:00\" class=\"yoast-seo-meta-tag\" \/>\n<meta property=\"og:image\" content=\"https:\/\/dev.explora.cl\/aricayparinacota\/wp-content\/uploads\/sites\/2\/2018\/05\/Miniatura_Dia_Patrimonio.jpg\" class=\"yoast-seo-meta-tag\" \/>\n\t<meta property=\"og:image:width\" content=\"223\" class=\"yoast-seo-meta-tag\" \/>\n\t<meta property=\"og:image:height\" content=\"147\" class=\"yoast-seo-meta-tag\" \/>\n\t<meta property=\"og:image:type\" content=\"image\/jpeg\" class=\"yoast-seo-meta-tag\" \/>\n<meta name=\"author\" content=\"webman\" class=\"yoast-seo-meta-tag\" \/>\n<meta name=\"twitter:card\" content=\"summary_large_image\" class=\"yoast-seo-meta-tag\" \/>\n<meta name=\"twitter:label1\" content=\"Escrito por\" class=\"yoast-seo-meta-tag\" \/>\n\t<meta name=\"twitter:data1\" content=\"webman\" class=\"yoast-seo-meta-tag\" \/>\n\t<meta name=\"twitter:label2\" content=\"Tiempo estimado de lectura\" class=\"yoast-seo-meta-tag\" \/>\n\t<meta name=\"twitter:data2\" content=\"2 minutos\" class=\"yoast-seo-meta-tag\" \/>\n<script type=\"application\/ld+json\" class=\"yoast-schema-graph\">{\"@context\":\"https:\/\/schema.org\",\"@graph\":[{\"@type\":\"Article\",\"@id\":\"https:\/\/dev.explora.cl\/aricayparinacota\/dia-del-patrimonio-en-museo-san-miguel-de-azapa\/#article\",\"isPartOf\":{\"@id\":\"https:\/\/dev.explora.cl\/aricayparinacota\/dia-del-patrimonio-en-museo-san-miguel-de-azapa\/\"},\"author\":{\"name\":\"webman\",\"@id\":\"https:\/\/dev.explora.cl\/aricayparinacota\/#\/schema\/person\/cb8349c13ea2d324080adf8480d7ba5d\"},\"headline\":\"D\u00eda del Patrimonio en Museo San Miguel de Azapa\",\"datePublished\":\"2018-05-31T19:46:37+00:00\",\"dateModified\":\"2019-05-09T20:42:21+00:00\",\"mainEntityOfPage\":{\"@id\":\"https:\/\/dev.explora.cl\/aricayparinacota\/dia-del-patrimonio-en-museo-san-miguel-de-azapa\/\"},\"wordCount\":310,\"publisher\":{\"@id\":\"https:\/\/dev.explora.cl\/aricayparinacota\/#organization\"},\"image\":{\"@id\":\"https:\/\/dev.explora.cl\/aricayparinacota\/dia-del-patrimonio-en-museo-san-miguel-de-azapa\/#primaryimage\"},\"thumbnailUrl\":\"https:\/\/dev.explora.cl\/aricayparinacota\/wp-content\/uploads\/sites\/2\/2018\/05\/Miniatura_Dia_Patrimonio.jpg\",\"articleSection\":[\"Noticias\"],\"inLanguage\":\"es-CL\"},{\"@type\":\"WebPage\",\"@id\":\"https:\/\/dev.explora.cl\/aricayparinacota\/dia-del-patrimonio-en-museo-san-miguel-de-azapa\/\",\"url\":\"https:\/\/dev.explora.cl\/aricayparinacota\/dia-del-patrimonio-en-museo-san-miguel-de-azapa\/\",\"name\":\"D\u00eda del Patrimonio en Museo San Miguel de Azapa - Arica y Parinacota\",\"isPartOf\":{\"@id\":\"https:\/\/dev.explora.cl\/aricayparinacota\/#website\"},\"primaryImageOfPage\":{\"@id\":\"https:\/\/dev.explora.cl\/aricayparinacota\/dia-del-patrimonio-en-museo-san-miguel-de-azapa\/#primaryimage\"},\"image\":{\"@id\":\"https:\/\/dev.explora.cl\/aricayparinacota\/dia-del-patrimonio-en-museo-san-miguel-de-azapa\/#primaryimage\"},\"thumbnailUrl\":\"https:\/\/dev.explora.cl\/aricayparinacota\/wp-content\/uploads\/sites\/2\/2018\/05\/Miniatura_Dia_Patrimonio.jpg\",\"datePublished\":\"2018-05-31T19:46:37+00:00\",\"dateModified\":\"2019-05-09T20:42:21+00:00\",\"breadcrumb\":{\"@id\":\"https:\/\/dev.explora.cl\/aricayparinacota\/dia-del-patrimonio-en-museo-san-miguel-de-azapa\/#breadcrumb\"},\"inLanguage\":\"es-CL\",\"potentialAction\":[{\"@type\":\"ReadAction\",\"target\":[\"https:\/\/dev.explora.cl\/aricayparinacota\/dia-del-patrimonio-en-museo-san-miguel-de-azapa\/\"]}]},{\"@type\":\"ImageObject\",\"inLanguage\":\"es-CL\",\"@id\":\"https:\/\/dev.explora.cl\/aricayparinacota\/dia-del-patrimonio-en-museo-san-miguel-de-azapa\/#primaryimage\",\"url\":\"https:\/\/dev.explora.cl\/aricayparinacota\/wp-content\/uploads\/sites\/2\/2018\/05\/Miniatura_Dia_Patrimonio.jpg\",\"contentUrl\":\"https:\/\/dev.explora.cl\/aricayparinacota\/wp-content\/uploads\/sites\/2\/2018\/05\/Miniatura_Dia_Patrimonio.jpg\",\"width\":223,\"height\":147},{\"@type\":\"BreadcrumbList\",\"@id\":\"https:\/\/dev.explora.cl\/aricayparinacota\/dia-del-patrimonio-en-museo-san-miguel-de-azapa\/#breadcrumb\",\"itemListElement\":[{\"@type\":\"ListItem\",\"position\":1,\"name\":\"Portada\",\"item\":\"https:\/\/dev.explora.cl\/aricayparinacota\/\"},{\"@type\":\"ListItem\",\"position\":2,\"name\":\"D\u00eda del Patrimonio en Museo San Miguel de Azapa\"}]},{\"@type\":\"WebSite\",\"@id\":\"https:\/\/dev.explora.cl\/aricayparinacota\/#website\",\"url\":\"https:\/\/dev.explora.cl\/aricayparinacota\/\",\"name\":\"Arica y Parinacota\",\"description\":\"Otro sitio m\u00e1s de dev.explora.cl\",\"publisher\":{\"@id\":\"https:\/\/dev.explora.cl\/aricayparinacota\/#organization\"},\"potentialAction\":[{\"@type\":\"SearchAction\",\"target\":{\"@type\":\"EntryPoint\",\"urlTemplate\":\"https:\/\/dev.explora.cl\/aricayparinacota\/?s={search_term_string}\"},\"query-input\":{\"@type\":\"PropertyValueSpecification\",\"valueRequired\":true,\"valueName\":\"search_term_string\"}}],\"inLanguage\":\"es-CL\"},{\"@type\":\"Organization\",\"@id\":\"https:\/\/dev.explora.cl\/aricayparinacota\/#organization\",\"name\":\"Arica y Parinacota\",\"url\":\"https:\/\/dev.explora.cl\/aricayparinacota\/\",\"logo\":{\"@type\":\"ImageObject\",\"inLanguage\":\"es-CL\",\"@id\":\"https:\/\/dev.explora.cl\/aricayparinacota\/#\/schema\/logo\/image\/\",\"url\":\"https:\/\/dev.explora.cl\/aricayparinacota\/wp-content\/uploads\/sites\/2\/2020\/08\/cropped-nuevosa-logos-11.png\",\"contentUrl\":\"https:\/\/dev.explora.cl\/aricayparinacota\/wp-content\/uploads\/sites\/2\/2020\/08\/cropped-nuevosa-logos-11.png\",\"width\":812,\"height\":937,\"caption\":\"Arica y Parinacota\"},\"image\":{\"@id\":\"https:\/\/dev.explora.cl\/aricayparinacota\/#\/schema\/logo\/image\/\"}},{\"@type\":\"Person\",\"@id\":\"https:\/\/dev.explora.cl\/aricayparinacota\/#\/schema\/person\/cb8349c13ea2d324080adf8480d7ba5d\",\"name\":\"webman\",\"image\":{\"@type\":\"ImageObject\",\"inLanguage\":\"es-CL\",\"@id\":\"https:\/\/dev.explora.cl\/aricayparinacota\/#\/schema\/person\/image\/\",\"url\":\"https:\/\/secure.gravatar.com\/avatar\/eeff3c82f2c02f7177d13663b7e6f890e9a6a0647ce9bb29cae02dcb094c7312?s=96&d=mm&r=g\",\"contentUrl\":\"https:\/\/secure.gravatar.com\/avatar\/eeff3c82f2c02f7177d13663b7e6f890e9a6a0647ce9bb29cae02dcb094c7312?s=96&d=mm&r=g\",\"caption\":\"webman\"},\"url\":\"https:\/\/dev.explora.cl\/aricayparinacota\/author\/webman\/\"}]}<\/script>\n<!-- \/ Yoast SEO plugin. -->","yoast_head_json":{"title":"D\u00eda del Patrimonio en Museo San Miguel de Azapa - Arica y Parinacota","robots":{"index":"index","follow":"follow","max-snippet":"max-snippet:-1","max-image-preview":"max-image-preview:large","max-video-preview":"max-video-preview:-1"},"canonical":"https:\/\/dev.explora.cl\/aricayparinacota\/dia-del-patrimonio-en-museo-san-miguel-de-azapa\/","og_locale":"es_ES","og_type":"article","og_title":"D\u00eda del Patrimonio en Museo San Miguel de Azapa - Arica y Parinacota","og_description":"El Proyecto Asociativo Regional EXPLORA de CONICYT que ejecuta la Universidad de Tarapac\u00e1, en conjunto con el Museo San Miguel de Azapa, el Plan de Gesti\u00f3n y Protecci\u00f3n de Sitios Chinchorro y el Departamento de Antropolog\u00eda de la Universidad, organizaron una serie de actividades para celebrar el d\u00eda del patrimonio. Bajo el lema \u201cArica Prehisp\u00e1nica, [&hellip;]","og_url":"https:\/\/dev.explora.cl\/aricayparinacota\/dia-del-patrimonio-en-museo-san-miguel-de-azapa\/","og_site_name":"Arica y Parinacota","article_published_time":"2018-05-31T19:46:37+00:00","article_modified_time":"2019-05-09T20:42:21+00:00","og_image":[{"width":223,"height":147,"url":"https:\/\/dev.explora.cl\/aricayparinacota\/wp-content\/uploads\/sites\/2\/2018\/05\/Miniatura_Dia_Patrimonio.jpg","type":"image\/jpeg"}],"author":"webman","twitter_card":"summary_large_image","twitter_misc":{"Escrito por":"webman","Tiempo estimado de lectura":"2 minutos"},"schema":{"@context":"https:\/\/schema.org","@graph":[{"@type":"Article","@id":"https:\/\/dev.explora.cl\/aricayparinacota\/dia-del-patrimonio-en-museo-san-miguel-de-azapa\/#article","isPartOf":{"@id":"https:\/\/dev.explora.cl\/aricayparinacota\/dia-del-patrimonio-en-museo-san-miguel-de-azapa\/"},"author":{"name":"webman","@id":"https:\/\/dev.explora.cl\/aricayparinacota\/#\/schema\/person\/cb8349c13ea2d324080adf8480d7ba5d"},"headline":"D\u00eda del Patrimonio en Museo San Miguel de Azapa","datePublished":"2018-05-31T19:46:37+00:00","dateModified":"2019-05-09T20:42:21+00:00","mainEntityOfPage":{"@id":"https:\/\/dev.explora.cl\/aricayparinacota\/dia-del-patrimonio-en-museo-san-miguel-de-azapa\/"},"wordCount":310,"publisher":{"@id":"https:\/\/dev.explora.cl\/aricayparinacota\/#organization"},"image":{"@id":"https:\/\/dev.explora.cl\/aricayparinacota\/dia-del-patrimonio-en-museo-san-miguel-de-azapa\/#primaryimage"},"thumbnailUrl":"https:\/\/dev.explora.cl\/aricayparinacota\/wp-content\/uploads\/sites\/2\/2018\/05\/Miniatura_Dia_Patrimonio.jpg","articleSection":["Noticias"],"inLanguage":"es-CL"},{"@type":"WebPage","@id":"https:\/\/dev.explora.cl\/aricayparinacota\/dia-del-patrimonio-en-museo-san-miguel-de-azapa\/","url":"https:\/\/dev.explora.cl\/aricayparinacota\/dia-del-patrimonio-en-museo-san-miguel-de-azapa\/","name":"D\u00eda del Patrimonio en Museo San Miguel de Azapa - Arica y Parinacota","isPartOf":{"@id":"https:\/\/dev.explora.cl\/aricayparinacota\/#website"},"primaryImageOfPage":{"@id":"https:\/\/dev.explora.cl\/aricayparinacota\/dia-del-patrimonio-en-museo-san-miguel-de-azapa\/#primaryimage"},"image":{"@id":"https:\/\/dev.explora.cl\/aricayparinacota\/dia-del-patrimonio-en-museo-san-miguel-de-azapa\/#primaryimage"},"thumbnailUrl":"https:\/\/dev.explora.cl\/aricayparinacota\/wp-content\/uploads\/sites\/2\/2018\/05\/Miniatura_Dia_Patrimonio.jpg","datePublished":"2018-05-31T19:46:37+00:00","dateModified":"2019-05-09T20:42:21+00:00","breadcrumb":{"@id":"https:\/\/dev.explora.cl\/aricayparinacota\/dia-del-patrimonio-en-museo-san-miguel-de-azapa\/#breadcrumb"},"inLanguage":"es-CL","potentialAction":[{"@type":"ReadAction","target":["https:\/\/dev.explora.cl\/aricayparinacota\/dia-del-patrimonio-en-museo-san-miguel-de-azapa\/"]}]},{"@type":"ImageObject","inLanguage":"es-CL","@id":"https:\/\/dev.explora.cl\/aricayparinacota\/dia-del-patrimonio-en-museo-san-miguel-de-azapa\/#primaryimage","url":"https:\/\/dev.explora.cl\/aricayparinacota\/wp-content\/uploads\/sites\/2\/2018\/05\/Miniatura_Dia_Patrimonio.jpg","contentUrl":"https:\/\/dev.explora.cl\/aricayparinacota\/wp-content\/uploads\/sites\/2\/2018\/05\/Miniatura_Dia_Patrimonio.jpg","width":223,"height":147},{"@type":"BreadcrumbList","@id":"https:\/\/dev.explora.cl\/aricayparinacota\/dia-del-patrimonio-en-museo-san-miguel-de-azapa\/#breadcrumb","itemListElement":[{"@type":"ListItem","position":1,"name":"Portada","item":"https:\/\/dev.explora.cl\/aricayparinacota\/"},{"@type":"ListItem","position":2,"name":"D\u00eda del Patrimonio en Museo San Miguel de Azapa"}]},{"@type":"WebSite","@id":"https:\/\/dev.explora.cl\/aricayparinacota\/#website","url":"https:\/\/dev.explora.cl\/aricayparinacota\/","name":"Arica y Parinacota","description":"Otro sitio m\u00e1s de dev.explora.cl","publisher":{"@id":"https:\/\/dev.explora.cl\/aricayparinacota\/#organization"},"potentialAction":[{"@type":"SearchAction","target":{"@type":"EntryPoint","urlTemplate":"https:\/\/dev.explora.cl\/aricayparinacota\/?s={search_term_string}"},"query-input":{"@type":"PropertyValueSpecification","valueRequired":true,"valueName":"search_term_string"}}],"inLanguage":"es-CL"},{"@type":"Organization","@id":"https:\/\/dev.explora.cl\/aricayparinacota\/#organization","name":"Arica y Parinacota","url":"https:\/\/dev.explora.cl\/aricayparinacota\/","logo":{"@type":"ImageObject","inLanguage":"es-CL","@id":"https:\/\/dev.explora.cl\/aricayparinacota\/#\/schema\/logo\/image\/","url":"https:\/\/dev.explora.cl\/aricayparinacota\/wp-content\/uploads\/sites\/2\/2020\/08\/cropped-nuevosa-logos-11.png","contentUrl":"https:\/\/dev.explora.cl\/aricayparinacota\/wp-content\/uploads\/sites\/2\/2020\/08\/cropped-nuevosa-logos-11.png","width":812,"height":937,"caption":"Arica y Parinacota"},"image":{"@id":"https:\/\/dev.explora.cl\/aricayparinacota\/#\/schema\/logo\/image\/"}},{"@type":"Person","@id":"https:\/\/dev.explora.cl\/aricayparinacota\/#\/schema\/person\/cb8349c13ea2d324080adf8480d7ba5d","name":"webman","image":{"@type":"ImageObject","inLanguage":"es-CL","@id":"https:\/\/dev.explora.cl\/aricayparinacota\/#\/schema\/person\/image\/","url":"https:\/\/secure.gravatar.com\/avatar\/eeff3c82f2c02f7177d13663b7e6f890e9a6a0647ce9bb29cae02dcb094c7312?s=96&d=mm&r=g","contentUrl":"https:\/\/secure.gravatar.com\/avatar\/eeff3c82f2c02f7177d13663b7e6f890e9a6a0647ce9bb29cae02dcb094c7312?s=96&d=mm&r=g","caption":"webman"},"url":"https:\/\/dev.explora.cl\/aricayparinacota\/author\/webman\/"}]}},"_links":{"self":[{"href":"https:\/\/dev.explora.cl\/aricayparinacota\/wp-json\/wp\/v2\/posts\/31815","targetHints":{"allow":["GET"]}}],"collection":[{"href":"https:\/\/dev.explora.cl\/aricayparinacota\/wp-json\/wp\/v2\/posts"}],"about":[{"href":"https:\/\/dev.explora.cl\/aricayparinacota\/wp-json\/wp\/v2\/types\/post"}],"author":[{"embeddable":true,"href":"https:\/\/dev.explora.cl\/aricayparinacota\/wp-json\/wp\/v2\/users\/2"}],"replies":[{"embeddable":true,"href":"https:\/\/dev.explora.cl\/aricayparinacota\/wp-json\/wp\/v2\/comments?post=31815"}],"version-history":[{"count":1,"href":"https:\/\/dev.explora.cl\/aricayparinacota\/wp-json\/wp\/v2\/posts\/31815\/revisions"}],"predecessor-version":[{"id":32817,"href":"https:\/\/dev.explora.cl\/aricayparinacota\/wp-json\/wp\/v2\/posts\/31815\/revisions\/32817"}],"wp:featuredmedia":[{"embeddable":true,"href":"https:\/\/dev.explora.cl\/aricayparinacota\/wp-json\/wp\/v2\/media\/31813"}],"wp:attachment":[{"href":"https:\/\/dev.explora.cl\/aricayparinacota\/wp-json\/wp\/v2\/media?parent=31815"}],"wp:term":[{"taxonomy":"category","embeddable":true,"href":"https:\/\/dev.explora.cl\/aricayparinacota\/wp-json\/wp\/v2\/categories?post=31815"},{"taxonomy":"post_tag","embeddable":true,"href":"https:\/\/dev.explora.cl\/aricayparinacota\/wp-json\/wp\/v2\/tags?post=31815"}],"curies":[{"name":"wp","href":"https:\/\/api.w.org\/{rel}","templated":true}]}}