{"id":31804,"date":"2018-05-31T16:34:27","date_gmt":"2018-05-31T16:34:27","guid":{"rendered":"https:\/\/dev.explora.cl\/2018\/05\/31\/los-ninos-lectores-del-valle-de-chaca\/"},"modified":"2019-05-09T20:42:41","modified_gmt":"2019-05-09T20:42:41","slug":"los-ninos-lectores-del-valle-de-chaca","status":"publish","type":"post","link":"https:\/\/dev.explora.cl\/aricayparinacota\/los-ninos-lectores-del-valle-de-chaca\/","title":{"rendered":"Los ni\u00f1os lectores del valle de Chaca"},"content":{"rendered":"<p><span style=\"font-size: 14pt\"><strong>Tan cerca y tan lejos<\/strong><\/span><\/p>\n<p><span style=\"font-size: 14pt\"><em>Profesionales del Proyecto Asociativo Regional Explora CONICYT de la Universidad de Tarapac\u00e1, llevaron el videojuego Chinchorro y la aplicaci\u00f3n de realidad aumentada con la Aldea San Lorenzo a la Escuela de Chaca.<\/em><\/span><\/p>\n<p><span style=\"font-size: 14pt\"><em>&nbsp;<\/em><\/span><\/p>\n<p><span style=\"font-size: 14pt\">\u201cOjo, pesta\u00f1a y ceja\u201d, es la instrucci\u00f3n que les da el profesor Hugo Cerda a los 26 estudiantes de la Escuela de Chaca, ubicada a 51 kil\u00f3metros al sur de Arica. Ellos, atentos y en silencio, se disponen a iniciar una nueva jornada en el \u00e1mbito tecnol\u00f3gico, donde Explora llev\u00f3 las suficientes tablets para ver, adem\u00e1s de la aldea San Lorenzo, el cuerpo humano en detalle o un h\u00e9roe de historietas.<\/span><\/p>\n<p><span style=\"font-size: 14pt\">El Proyecto Explora, con el fin de acercar la ciencia y tecnolog\u00eda a todos los establecimientos posibles, desarroll\u00f3 proyectos tecnol\u00f3gicos culturales, como el videojuego y la aplicaci\u00f3n de realidad aumentada, con temas de la cultura milenaria Chinchorro y sobre sitios arqueol\u00f3gicos.<\/span><\/p>\n<p><span style=\"font-size: 14pt\">Saludan a coro y con mucha energ\u00eda. \u201c\u00a1Buenos d\u00edas!\u201d, de la misma forma responden que est\u00e1n \u201c\u00a1bien!\u201d. Son las nueve de la ma\u00f1ana, ellos ingresaron a las 7.45 horas. Los que viven a 28 kil\u00f3metros, en caleta V\u00edtor, que son el 70 por ciento del curso, se levantaron a las seis, porque a las siete pasa la micro a buscarlos.<\/span><\/p>\n<p><span style=\"font-size: 14pt\">Los estudiantes, provienen del valle de Chaca y de caleta V\u00edtor. La escuela tiene una sala de clases con seis cursos, de primero a sexto a\u00f1o b\u00e1sico. El primero y segundo est\u00e1 a cargo de la profesora Pamela Villegas y desde tercero a sexto es responsabilidad desde hace 10 a\u00f1os, del profesor encargado, Hugo Cerda.<\/span><\/p>\n<p><span style=\"font-size: 14pt\">La escuela cuenta con un contenedor de agua potable, la que llega en un cami\u00f3n aljibe los d\u00edas martes y jueves con 1.500 litros. Hace 10 a\u00f1os hubo dos estudiantes e incluso uno, que hizo noticia nacional; luego, la escuela se cerr\u00f3, pero ahora, aun cuando el valle de Chaca es habitado por alrededor de 30 familias, la mayor\u00eda de la tercera edad, los ni\u00f1os se multiplicaron, gracias a la llegada de agricultores j\u00f3venes establecidos en el valle, que cultivan ajos, choclos, tomates, rocoto, porotos, pepinos, sand\u00edas y melones.<\/span><\/p>\n<p><span style=\"font-size: 14pt\">Adem\u00e1s de la escuela, en el peque\u00f1o pueblo de 65 habitantes donde s\u00f3lo llega transporte p\u00fablico, hay una junta vecinal, una iglesia cat\u00f3lica y tres evang\u00e9licas. No hay almacenes, ya que todos se abastecen en Arica, pero una posada cercana soluciona algunas necesidades.<\/span><\/p>\n<p><span style=\"font-size: 14pt\">Todos los estudiantes son de procedencia aymara, cuatro de ellos hablan perfecta la lengua original de sus padres, y como est\u00e1n aprendiendo ingl\u00e9s, son ni\u00f1os triling\u00fces. Un 80 por ciento son alumnos con ra\u00edces familiares en Per\u00fa, pero principalmente en Bolivia. Una peque\u00f1a poblaci\u00f3n flotante hace variar los n\u00fameros al inicio del a\u00f1o escolar.<\/span><\/p>\n<p><span style=\"font-size: 14pt\"><\/span><\/p>\n<p><span style=\"font-size: 14pt\">AMOR POR LOS LIBROS<\/span><\/p>\n<p><span style=\"font-size: 14pt\">No tienen luz el\u00e9ctrica, s\u00f3lo la escuela cuenta con energ\u00eda, gracias a paneles solares. Cada d\u00eda de 20 a 22 horas en el valle de Chaca hay luz por generador, para que puedan ver las noticias, los otros ni\u00f1os, que son mayor\u00eda, en caleta V\u00edtor, est\u00e1n a oscuras la mayor parte del tiempo. Los ni\u00f1os casi no ven televisi\u00f3n y tienen escaso acceso a los tel\u00e9fonos celulares. Eso significa que en cada momento libre, en forma espont\u00e1nea toman libros y leen.<\/span><\/p>\n<p><span style=\"font-size: 14pt\">\u201cNuestros ni\u00f1os leen, siempre est\u00e1n con libritos en sus manos, incluso cuando est\u00e1n en recreo\u201d, se\u00f1ala el profesor y agrega que ese es el plus que tienen.<\/span><\/p>\n<p><span style=\"font-size: 14pt\">Para revitalizar la cultura de sus ancestros tienen cuatro horas de educaci\u00f3n intercultural, estudian la lengua aymara y celebran algunas tradiciones como el machac mara (a\u00f1o nuevo andino) y bailan cacharpaya.<\/span><\/p>\n<p><span style=\"font-size: 14pt\">En sus planes est\u00e1 la construcci\u00f3n de una sala y convertirse en una escuela ecol\u00f3gica, por ello est\u00e1n reactivando un espacio para el picaflor de Arica, el m\u00e1s peque\u00f1o del mundo. Utilizan agua caliente generada por paneles solares, trabajan en la recuperaci\u00f3n de aguas grises y la basura la queman y devuelven a la tierra. Con estas acciones los profesores apuestan a tener ni\u00f1os m\u00e1s conscientes con el planeta.<\/span><\/p>\n<p><span style=\"font-size: 14pt\">En los recreos los estudiantes juegan taca taca o f\u00fatbol en una cancha de pasto sint\u00e9tico, bajo un tremendo \u00e1rbol o se disfrazan. Tienen que cuidarse de la alta radiaci\u00f3n solar que impera durante el d\u00eda, donde la temperatura llega hasta 18 grados en invierno, con el fuerte viento de las cinco de la tarde y la camanchaca, que aparece junto con la noche.<\/span><\/p>\n<p><span style=\"font-size: 14pt\">La escuela tiene una cocina y un comedor, un queque y un jugo los acompa\u00f1a como alimento en sus actividades de juego o de lectura.<\/span><\/p>\n<p><span style=\"font-size: 14pt\"><\/span><\/p>\n<p><span style=\"font-size: 14pt\">ACTIVIDADES EXPLORA<\/span><\/p>\n<p><span style=\"font-size: 14pt\">Mientras Hugo Cerda nos hace una radiograf\u00eda de la escuela, en la sala los peque\u00f1os estudiantes lectores, hacen barra para gane uno de los dos competidores que est\u00e1n en el turno para jugar el videojuego.<\/span><\/p>\n<p><span style=\"font-size: 14pt\">\u201cPedag\u00f3gicamente Explora nos permite tener otra visi\u00f3n de lo que es la ciencia, que siempre es m\u00e1s constructiva; a veces nos ponemos lentes que nos tapan la visi\u00f3n, cuando hay alternativas como el juego, es una manera entretenida de ense\u00f1ar\u201d, finaliza el profesor, preocupado de las carencias materiales y emocionales de los ni\u00f1os que juegan a la pelota y hacen fila para meter goles al improvisado arquero.<\/span><\/p>\n<p><img loading=\"lazy\" decoding=\"async\" class=\" size-full wp-image-31803\" src=\"https:\/\/dev.explora.cl\/wp-content\/uploads\/2018\/05\/Collage_Ni%C3%B1os_Lectores.jpg\" alt=\"Collage Ni\u00f1os Lectores\" width=\"900\" height=\"400\" \/><\/p>\n","protected":false},"excerpt":{"rendered":"<p>Tan cerca y tan lejos Profesionales del Proyecto Asociativo Regional Explora CONICYT de la Universidad de Tarapac\u00e1, llevaron el videojuego Chinchorro y la aplicaci\u00f3n de realidad aumentada con la Aldea San Lorenzo a la Escuela de Chaca. &nbsp; \u201cOjo, pesta\u00f1a y ceja\u201d, es la instrucci\u00f3n que les da el profesor Hugo Cerda a los 26 [&hellip;]<\/p>\n","protected":false},"author":2,"featured_media":31802,"comment_status":"closed","ping_status":"open","sticky":false,"template":"","format":"standard","meta":{"_acf_changed":false,"_exactmetrics_skip_tracking":false,"_exactmetrics_sitenote_active":false,"_exactmetrics_sitenote_note":"","_exactmetrics_sitenote_category":0,"footnotes":"","_links_to":"","_links_to_target":""},"categories":[4],"tags":[],"class_list":["post-31804","post","type-post","status-publish","format-standard","has-post-thumbnail","hentry","category-noticias"],"acf":[],"yoast_head":"<!-- This site is optimized with the Yoast SEO plugin v26.7 - https:\/\/yoast.com\/wordpress\/plugins\/seo\/ -->\n<title>Los ni\u00f1os lectores del valle de Chaca - Arica y Parinacota<\/title>\n<meta name=\"robots\" content=\"index, follow, max-snippet:-1, max-image-preview:large, max-video-preview:-1\" \/>\n<link rel=\"canonical\" href=\"https:\/\/dev.explora.cl\/aricayparinacota\/los-ninos-lectores-del-valle-de-chaca\/\" class=\"yoast-seo-meta-tag\" \/>\n<meta property=\"og:locale\" content=\"es_ES\" class=\"yoast-seo-meta-tag\" \/>\n<meta property=\"og:type\" content=\"article\" class=\"yoast-seo-meta-tag\" \/>\n<meta property=\"og:title\" content=\"Los ni\u00f1os lectores del valle de Chaca - Arica y Parinacota\" class=\"yoast-seo-meta-tag\" \/>\n<meta property=\"og:description\" content=\"Tan cerca y tan lejos Profesionales del Proyecto Asociativo Regional Explora CONICYT de la Universidad de Tarapac\u00e1, llevaron el videojuego Chinchorro y la aplicaci\u00f3n de realidad aumentada con la Aldea San Lorenzo a la Escuela de Chaca. &nbsp; \u201cOjo, pesta\u00f1a y ceja\u201d, es la instrucci\u00f3n que les da el profesor Hugo Cerda a los 26 [&hellip;]\" class=\"yoast-seo-meta-tag\" \/>\n<meta property=\"og:url\" content=\"https:\/\/dev.explora.cl\/aricayparinacota\/los-ninos-lectores-del-valle-de-chaca\/\" class=\"yoast-seo-meta-tag\" \/>\n<meta property=\"og:site_name\" content=\"Arica y Parinacota\" class=\"yoast-seo-meta-tag\" \/>\n<meta property=\"article:published_time\" content=\"2018-05-31T16:34:27+00:00\" class=\"yoast-seo-meta-tag\" \/>\n<meta property=\"article:modified_time\" content=\"2019-05-09T20:42:41+00:00\" class=\"yoast-seo-meta-tag\" \/>\n<meta property=\"og:image\" content=\"https:\/\/dev.explora.cl\/aricayparinacota\/wp-content\/uploads\/sites\/2\/2018\/05\/Miniatura_Ni\u00f1os_Lectores.jpg\" class=\"yoast-seo-meta-tag\" \/>\n\t<meta property=\"og:image:width\" content=\"223\" class=\"yoast-seo-meta-tag\" \/>\n\t<meta property=\"og:image:height\" content=\"147\" class=\"yoast-seo-meta-tag\" \/>\n\t<meta property=\"og:image:type\" content=\"image\/jpeg\" class=\"yoast-seo-meta-tag\" \/>\n<meta name=\"author\" content=\"webman\" class=\"yoast-seo-meta-tag\" \/>\n<meta name=\"twitter:card\" content=\"summary_large_image\" class=\"yoast-seo-meta-tag\" \/>\n<meta name=\"twitter:label1\" content=\"Escrito por\" class=\"yoast-seo-meta-tag\" \/>\n\t<meta name=\"twitter:data1\" content=\"webman\" class=\"yoast-seo-meta-tag\" \/>\n\t<meta name=\"twitter:label2\" content=\"Tiempo estimado de lectura\" class=\"yoast-seo-meta-tag\" \/>\n\t<meta name=\"twitter:data2\" content=\"5 minutos\" class=\"yoast-seo-meta-tag\" \/>\n<script type=\"application\/ld+json\" class=\"yoast-schema-graph\">{\"@context\":\"https:\/\/schema.org\",\"@graph\":[{\"@type\":\"Article\",\"@id\":\"https:\/\/dev.explora.cl\/aricayparinacota\/los-ninos-lectores-del-valle-de-chaca\/#article\",\"isPartOf\":{\"@id\":\"https:\/\/dev.explora.cl\/aricayparinacota\/los-ninos-lectores-del-valle-de-chaca\/\"},\"author\":{\"name\":\"webman\",\"@id\":\"https:\/\/dev.explora.cl\/aricayparinacota\/#\/schema\/person\/cb8349c13ea2d324080adf8480d7ba5d\"},\"headline\":\"Los ni\u00f1os lectores del valle de Chaca\",\"datePublished\":\"2018-05-31T16:34:27+00:00\",\"dateModified\":\"2019-05-09T20:42:41+00:00\",\"mainEntityOfPage\":{\"@id\":\"https:\/\/dev.explora.cl\/aricayparinacota\/los-ninos-lectores-del-valle-de-chaca\/\"},\"wordCount\":933,\"publisher\":{\"@id\":\"https:\/\/dev.explora.cl\/aricayparinacota\/#organization\"},\"image\":{\"@id\":\"https:\/\/dev.explora.cl\/aricayparinacota\/los-ninos-lectores-del-valle-de-chaca\/#primaryimage\"},\"thumbnailUrl\":\"https:\/\/dev.explora.cl\/aricayparinacota\/wp-content\/uploads\/sites\/2\/2018\/05\/Miniatura_Ni\u00f1os_Lectores.jpg\",\"articleSection\":[\"Noticias\"],\"inLanguage\":\"es-CL\"},{\"@type\":\"WebPage\",\"@id\":\"https:\/\/dev.explora.cl\/aricayparinacota\/los-ninos-lectores-del-valle-de-chaca\/\",\"url\":\"https:\/\/dev.explora.cl\/aricayparinacota\/los-ninos-lectores-del-valle-de-chaca\/\",\"name\":\"Los ni\u00f1os lectores del valle de Chaca - Arica y Parinacota\",\"isPartOf\":{\"@id\":\"https:\/\/dev.explora.cl\/aricayparinacota\/#website\"},\"primaryImageOfPage\":{\"@id\":\"https:\/\/dev.explora.cl\/aricayparinacota\/los-ninos-lectores-del-valle-de-chaca\/#primaryimage\"},\"image\":{\"@id\":\"https:\/\/dev.explora.cl\/aricayparinacota\/los-ninos-lectores-del-valle-de-chaca\/#primaryimage\"},\"thumbnailUrl\":\"https:\/\/dev.explora.cl\/aricayparinacota\/wp-content\/uploads\/sites\/2\/2018\/05\/Miniatura_Ni\u00f1os_Lectores.jpg\",\"datePublished\":\"2018-05-31T16:34:27+00:00\",\"dateModified\":\"2019-05-09T20:42:41+00:00\",\"breadcrumb\":{\"@id\":\"https:\/\/dev.explora.cl\/aricayparinacota\/los-ninos-lectores-del-valle-de-chaca\/#breadcrumb\"},\"inLanguage\":\"es-CL\",\"potentialAction\":[{\"@type\":\"ReadAction\",\"target\":[\"https:\/\/dev.explora.cl\/aricayparinacota\/los-ninos-lectores-del-valle-de-chaca\/\"]}]},{\"@type\":\"ImageObject\",\"inLanguage\":\"es-CL\",\"@id\":\"https:\/\/dev.explora.cl\/aricayparinacota\/los-ninos-lectores-del-valle-de-chaca\/#primaryimage\",\"url\":\"https:\/\/dev.explora.cl\/aricayparinacota\/wp-content\/uploads\/sites\/2\/2018\/05\/Miniatura_Ni\u00f1os_Lectores.jpg\",\"contentUrl\":\"https:\/\/dev.explora.cl\/aricayparinacota\/wp-content\/uploads\/sites\/2\/2018\/05\/Miniatura_Ni\u00f1os_Lectores.jpg\",\"width\":223,\"height\":147},{\"@type\":\"BreadcrumbList\",\"@id\":\"https:\/\/dev.explora.cl\/aricayparinacota\/los-ninos-lectores-del-valle-de-chaca\/#breadcrumb\",\"itemListElement\":[{\"@type\":\"ListItem\",\"position\":1,\"name\":\"Portada\",\"item\":\"https:\/\/dev.explora.cl\/aricayparinacota\/\"},{\"@type\":\"ListItem\",\"position\":2,\"name\":\"Los ni\u00f1os lectores del valle de Chaca\"}]},{\"@type\":\"WebSite\",\"@id\":\"https:\/\/dev.explora.cl\/aricayparinacota\/#website\",\"url\":\"https:\/\/dev.explora.cl\/aricayparinacota\/\",\"name\":\"Arica y Parinacota\",\"description\":\"Otro sitio m\u00e1s de dev.explora.cl\",\"publisher\":{\"@id\":\"https:\/\/dev.explora.cl\/aricayparinacota\/#organization\"},\"potentialAction\":[{\"@type\":\"SearchAction\",\"target\":{\"@type\":\"EntryPoint\",\"urlTemplate\":\"https:\/\/dev.explora.cl\/aricayparinacota\/?s={search_term_string}\"},\"query-input\":{\"@type\":\"PropertyValueSpecification\",\"valueRequired\":true,\"valueName\":\"search_term_string\"}}],\"inLanguage\":\"es-CL\"},{\"@type\":\"Organization\",\"@id\":\"https:\/\/dev.explora.cl\/aricayparinacota\/#organization\",\"name\":\"Arica y Parinacota\",\"url\":\"https:\/\/dev.explora.cl\/aricayparinacota\/\",\"logo\":{\"@type\":\"ImageObject\",\"inLanguage\":\"es-CL\",\"@id\":\"https:\/\/dev.explora.cl\/aricayparinacota\/#\/schema\/logo\/image\/\",\"url\":\"https:\/\/dev.explora.cl\/aricayparinacota\/wp-content\/uploads\/sites\/2\/2020\/08\/cropped-nuevosa-logos-11.png\",\"contentUrl\":\"https:\/\/dev.explora.cl\/aricayparinacota\/wp-content\/uploads\/sites\/2\/2020\/08\/cropped-nuevosa-logos-11.png\",\"width\":812,\"height\":937,\"caption\":\"Arica y Parinacota\"},\"image\":{\"@id\":\"https:\/\/dev.explora.cl\/aricayparinacota\/#\/schema\/logo\/image\/\"}},{\"@type\":\"Person\",\"@id\":\"https:\/\/dev.explora.cl\/aricayparinacota\/#\/schema\/person\/cb8349c13ea2d324080adf8480d7ba5d\",\"name\":\"webman\",\"image\":{\"@type\":\"ImageObject\",\"inLanguage\":\"es-CL\",\"@id\":\"https:\/\/dev.explora.cl\/aricayparinacota\/#\/schema\/person\/image\/\",\"url\":\"https:\/\/secure.gravatar.com\/avatar\/eeff3c82f2c02f7177d13663b7e6f890e9a6a0647ce9bb29cae02dcb094c7312?s=96&d=mm&r=g\",\"contentUrl\":\"https:\/\/secure.gravatar.com\/avatar\/eeff3c82f2c02f7177d13663b7e6f890e9a6a0647ce9bb29cae02dcb094c7312?s=96&d=mm&r=g\",\"caption\":\"webman\"},\"url\":\"https:\/\/dev.explora.cl\/aricayparinacota\/author\/webman\/\"}]}<\/script>\n<!-- \/ Yoast SEO plugin. -->","yoast_head_json":{"title":"Los ni\u00f1os lectores del valle de Chaca - Arica y Parinacota","robots":{"index":"index","follow":"follow","max-snippet":"max-snippet:-1","max-image-preview":"max-image-preview:large","max-video-preview":"max-video-preview:-1"},"canonical":"https:\/\/dev.explora.cl\/aricayparinacota\/los-ninos-lectores-del-valle-de-chaca\/","og_locale":"es_ES","og_type":"article","og_title":"Los ni\u00f1os lectores del valle de Chaca - Arica y Parinacota","og_description":"Tan cerca y tan lejos Profesionales del Proyecto Asociativo Regional Explora CONICYT de la Universidad de Tarapac\u00e1, llevaron el videojuego Chinchorro y la aplicaci\u00f3n de realidad aumentada con la Aldea San Lorenzo a la Escuela de Chaca. &nbsp; \u201cOjo, pesta\u00f1a y ceja\u201d, es la instrucci\u00f3n que les da el profesor Hugo Cerda a los 26 [&hellip;]","og_url":"https:\/\/dev.explora.cl\/aricayparinacota\/los-ninos-lectores-del-valle-de-chaca\/","og_site_name":"Arica y Parinacota","article_published_time":"2018-05-31T16:34:27+00:00","article_modified_time":"2019-05-09T20:42:41+00:00","og_image":[{"width":223,"height":147,"url":"https:\/\/dev.explora.cl\/aricayparinacota\/wp-content\/uploads\/sites\/2\/2018\/05\/Miniatura_Ni\u00f1os_Lectores.jpg","type":"image\/jpeg"}],"author":"webman","twitter_card":"summary_large_image","twitter_misc":{"Escrito por":"webman","Tiempo estimado de lectura":"5 minutos"},"schema":{"@context":"https:\/\/schema.org","@graph":[{"@type":"Article","@id":"https:\/\/dev.explora.cl\/aricayparinacota\/los-ninos-lectores-del-valle-de-chaca\/#article","isPartOf":{"@id":"https:\/\/dev.explora.cl\/aricayparinacota\/los-ninos-lectores-del-valle-de-chaca\/"},"author":{"name":"webman","@id":"https:\/\/dev.explora.cl\/aricayparinacota\/#\/schema\/person\/cb8349c13ea2d324080adf8480d7ba5d"},"headline":"Los ni\u00f1os lectores del valle de Chaca","datePublished":"2018-05-31T16:34:27+00:00","dateModified":"2019-05-09T20:42:41+00:00","mainEntityOfPage":{"@id":"https:\/\/dev.explora.cl\/aricayparinacota\/los-ninos-lectores-del-valle-de-chaca\/"},"wordCount":933,"publisher":{"@id":"https:\/\/dev.explora.cl\/aricayparinacota\/#organization"},"image":{"@id":"https:\/\/dev.explora.cl\/aricayparinacota\/los-ninos-lectores-del-valle-de-chaca\/#primaryimage"},"thumbnailUrl":"https:\/\/dev.explora.cl\/aricayparinacota\/wp-content\/uploads\/sites\/2\/2018\/05\/Miniatura_Ni\u00f1os_Lectores.jpg","articleSection":["Noticias"],"inLanguage":"es-CL"},{"@type":"WebPage","@id":"https:\/\/dev.explora.cl\/aricayparinacota\/los-ninos-lectores-del-valle-de-chaca\/","url":"https:\/\/dev.explora.cl\/aricayparinacota\/los-ninos-lectores-del-valle-de-chaca\/","name":"Los ni\u00f1os lectores del valle de Chaca - Arica y Parinacota","isPartOf":{"@id":"https:\/\/dev.explora.cl\/aricayparinacota\/#website"},"primaryImageOfPage":{"@id":"https:\/\/dev.explora.cl\/aricayparinacota\/los-ninos-lectores-del-valle-de-chaca\/#primaryimage"},"image":{"@id":"https:\/\/dev.explora.cl\/aricayparinacota\/los-ninos-lectores-del-valle-de-chaca\/#primaryimage"},"thumbnailUrl":"https:\/\/dev.explora.cl\/aricayparinacota\/wp-content\/uploads\/sites\/2\/2018\/05\/Miniatura_Ni\u00f1os_Lectores.jpg","datePublished":"2018-05-31T16:34:27+00:00","dateModified":"2019-05-09T20:42:41+00:00","breadcrumb":{"@id":"https:\/\/dev.explora.cl\/aricayparinacota\/los-ninos-lectores-del-valle-de-chaca\/#breadcrumb"},"inLanguage":"es-CL","potentialAction":[{"@type":"ReadAction","target":["https:\/\/dev.explora.cl\/aricayparinacota\/los-ninos-lectores-del-valle-de-chaca\/"]}]},{"@type":"ImageObject","inLanguage":"es-CL","@id":"https:\/\/dev.explora.cl\/aricayparinacota\/los-ninos-lectores-del-valle-de-chaca\/#primaryimage","url":"https:\/\/dev.explora.cl\/aricayparinacota\/wp-content\/uploads\/sites\/2\/2018\/05\/Miniatura_Ni\u00f1os_Lectores.jpg","contentUrl":"https:\/\/dev.explora.cl\/aricayparinacota\/wp-content\/uploads\/sites\/2\/2018\/05\/Miniatura_Ni\u00f1os_Lectores.jpg","width":223,"height":147},{"@type":"BreadcrumbList","@id":"https:\/\/dev.explora.cl\/aricayparinacota\/los-ninos-lectores-del-valle-de-chaca\/#breadcrumb","itemListElement":[{"@type":"ListItem","position":1,"name":"Portada","item":"https:\/\/dev.explora.cl\/aricayparinacota\/"},{"@type":"ListItem","position":2,"name":"Los ni\u00f1os lectores del valle de Chaca"}]},{"@type":"WebSite","@id":"https:\/\/dev.explora.cl\/aricayparinacota\/#website","url":"https:\/\/dev.explora.cl\/aricayparinacota\/","name":"Arica y Parinacota","description":"Otro sitio m\u00e1s de dev.explora.cl","publisher":{"@id":"https:\/\/dev.explora.cl\/aricayparinacota\/#organization"},"potentialAction":[{"@type":"SearchAction","target":{"@type":"EntryPoint","urlTemplate":"https:\/\/dev.explora.cl\/aricayparinacota\/?s={search_term_string}"},"query-input":{"@type":"PropertyValueSpecification","valueRequired":true,"valueName":"search_term_string"}}],"inLanguage":"es-CL"},{"@type":"Organization","@id":"https:\/\/dev.explora.cl\/aricayparinacota\/#organization","name":"Arica y Parinacota","url":"https:\/\/dev.explora.cl\/aricayparinacota\/","logo":{"@type":"ImageObject","inLanguage":"es-CL","@id":"https:\/\/dev.explora.cl\/aricayparinacota\/#\/schema\/logo\/image\/","url":"https:\/\/dev.explora.cl\/aricayparinacota\/wp-content\/uploads\/sites\/2\/2020\/08\/cropped-nuevosa-logos-11.png","contentUrl":"https:\/\/dev.explora.cl\/aricayparinacota\/wp-content\/uploads\/sites\/2\/2020\/08\/cropped-nuevosa-logos-11.png","width":812,"height":937,"caption":"Arica y Parinacota"},"image":{"@id":"https:\/\/dev.explora.cl\/aricayparinacota\/#\/schema\/logo\/image\/"}},{"@type":"Person","@id":"https:\/\/dev.explora.cl\/aricayparinacota\/#\/schema\/person\/cb8349c13ea2d324080adf8480d7ba5d","name":"webman","image":{"@type":"ImageObject","inLanguage":"es-CL","@id":"https:\/\/dev.explora.cl\/aricayparinacota\/#\/schema\/person\/image\/","url":"https:\/\/secure.gravatar.com\/avatar\/eeff3c82f2c02f7177d13663b7e6f890e9a6a0647ce9bb29cae02dcb094c7312?s=96&d=mm&r=g","contentUrl":"https:\/\/secure.gravatar.com\/avatar\/eeff3c82f2c02f7177d13663b7e6f890e9a6a0647ce9bb29cae02dcb094c7312?s=96&d=mm&r=g","caption":"webman"},"url":"https:\/\/dev.explora.cl\/aricayparinacota\/author\/webman\/"}]}},"_links":{"self":[{"href":"https:\/\/dev.explora.cl\/aricayparinacota\/wp-json\/wp\/v2\/posts\/31804","targetHints":{"allow":["GET"]}}],"collection":[{"href":"https:\/\/dev.explora.cl\/aricayparinacota\/wp-json\/wp\/v2\/posts"}],"about":[{"href":"https:\/\/dev.explora.cl\/aricayparinacota\/wp-json\/wp\/v2\/types\/post"}],"author":[{"embeddable":true,"href":"https:\/\/dev.explora.cl\/aricayparinacota\/wp-json\/wp\/v2\/users\/2"}],"replies":[{"embeddable":true,"href":"https:\/\/dev.explora.cl\/aricayparinacota\/wp-json\/wp\/v2\/comments?post=31804"}],"version-history":[{"count":1,"href":"https:\/\/dev.explora.cl\/aricayparinacota\/wp-json\/wp\/v2\/posts\/31804\/revisions"}],"predecessor-version":[{"id":32818,"href":"https:\/\/dev.explora.cl\/aricayparinacota\/wp-json\/wp\/v2\/posts\/31804\/revisions\/32818"}],"wp:featuredmedia":[{"embeddable":true,"href":"https:\/\/dev.explora.cl\/aricayparinacota\/wp-json\/wp\/v2\/media\/31802"}],"wp:attachment":[{"href":"https:\/\/dev.explora.cl\/aricayparinacota\/wp-json\/wp\/v2\/media?parent=31804"}],"wp:term":[{"taxonomy":"category","embeddable":true,"href":"https:\/\/dev.explora.cl\/aricayparinacota\/wp-json\/wp\/v2\/categories?post=31804"},{"taxonomy":"post_tag","embeddable":true,"href":"https:\/\/dev.explora.cl\/aricayparinacota\/wp-json\/wp\/v2\/tags?post=31804"}],"curies":[{"name":"wp","href":"https:\/\/api.w.org\/{rel}","templated":true}]}}