{"id":31449,"date":"2018-05-16T22:20:12","date_gmt":"2018-05-16T22:20:12","guid":{"rendered":"https:\/\/dev.explora.cl\/2018\/05\/16\/yo-me-case-con-la-ciencia-2\/"},"modified":"2019-05-09T20:43:09","modified_gmt":"2019-05-09T20:43:09","slug":"yo-me-case-con-la-ciencia-2","status":"publish","type":"post","link":"https:\/\/dev.explora.cl\/aricayparinacota\/yo-me-case-con-la-ciencia-2\/","title":{"rendered":"\u201cYo me cas\u00e9 con la ciencia\u201d"},"content":{"rendered":"<p><em>Lleva m\u00e1s de 40 a\u00f1os haciendo clases de ciencia, dedic\u00e1ndose a su Academia de Rob\u00f3tica y a orientar a sus alumnos en sus futuros profesionales.<\/em><\/p>\n<p><em>&nbsp;<\/em><\/p>\n<p><em>&nbsp;<\/em><\/p>\n<p>Estudi\u00f3 Pedagog\u00eda en Biolog\u00eda, luego obtuvo el t\u00edtulo de T\u00e9cnico en Telecomunicaciones, Conectividad y Redes, y actualmente est\u00e1 estudiando para ser Analista de Sistemas. El profesor Humberto Aramayo, del Colegio Integrado Eduardo Frei Montalva de Arica, adem\u00e1s de dar clases es el encargado de la Academia de Rob\u00f3tica, por lo que le queda poco tiempo para su vida personal. Dice que se cas\u00f3 con la ciencia, fue padre soltero y actualmente su hijo ya es profesional.<\/p>\n<p>Cada d\u00eda, desde la poblaci\u00f3n Carlos Rony se dirige sagradamente a la calle San Marcos; ah\u00ed se encuentra el establecimiento educacional, donde estima que deber\u00eda haber jubilado hace un a\u00f1o. Pero como vive solo y su tiempo lo ha dedicado a aportar a las nuevas generaciones, reconoce que sus 40 a\u00f1os y m\u00e1s educando le han dado grandes satisfacciones cuando se encuentra con ex alumnos ya titulados de ingenieros, enfermeros y m\u00e9dicos, con quienes tiene recuerdos de los campamentos cient\u00edficos en la precordillera.<\/p>\n<p>El profesor Aramayo tambi\u00e9n es emprendedor y arm\u00f3 una empresa de biotecnolog\u00eda, donde ha realizado trabajos de biocultivo de una micro alga de tipo alimenticia. Junto a 28 estudiantes de la academia, de tercero b\u00e1sico a tercero medio, particip\u00f3 en el Taller de Rob\u00f3tica y Energ\u00edas Renovables, ejecutado por la Escuela de Ingenier\u00eda El\u00e9ctrica Electr\u00f3nica en conjunto con el Proyecto Asociativo Regional Explora CONICYT, Arica y Parinacota de la Universidad de Tarapac\u00e1.<\/p>\n<p>&nbsp;<\/p>\n<p><strong>\u00bfQu\u00e9 ense\u00f1a usted en la academia?<\/strong><\/p>\n<p>-Realizo un taller con legos, que es en base a bloques, parecidos en cuanto a programaci\u00f3n, donde los estudiantes no s\u00f3lo van a armar, controlar y manejar, sino que les va a ayudar en su desarrollo intelectual. Yo paso a ser una especie de instructor, la idea es que ellos mismos se vayan organizando, viendo sus proyectos y uno los va guiando en su desarrollo.<\/p>\n<p>Como hay bastante inter\u00e9s, ojal\u00e1 pudi\u00e9ramos tener los mismos que vimos en el taller dictado en la Universidad, porque son de bajo costo y se pueden realizar muchas experiencias, ya que nosotros trabajamos en base a desaf\u00edos. Adem\u00e1s, hay proyectos de investigaci\u00f3n que podr\u00edan ser presentados en el Congreso Escolar que Explora hace cada a\u00f1o.<\/p>\n<p>&nbsp;<\/p>\n<p><strong>\u00bfC\u00f3mo logra motivar a los estudiantes?<\/strong><\/p>\n<p>-Primero se hace una exposici\u00f3n en marzo, mostrando las actividades de la academia. La motivaci\u00f3n surge cuando ven a sus compa\u00f1eros manejando peque\u00f1os mecanismos.<\/p>\n<p>Como son ni\u00f1os digitales, de alguna manera est\u00e1n vinculados a la rob\u00f3tica y dentro de su imaginaci\u00f3n si a alguno se le ocurre hacer una nave le ayudamos a proyectarla. Lo ideal es que est\u00e9n conmigo en la academia hasta que egresen.<\/p>\n<p>A trav\u00e9s de la rob\u00f3tica tratamos de detectar las habilidades para orientar a los alumnos que quieren estudiar ingenier\u00eda, una carrera t\u00e9cnica, relacionadas con las ciencias y la medicina, mi objetivo es apoyar en esa l\u00ednea de ciencia y tecnolog\u00eda.<\/p>\n<p>He visto ni\u00f1os que son de excepci\u00f3n para la edad que tienen y esta experiencia les sirve bastante, porque tienen que decidir lo que quieren estudiar.<\/p>\n<p>&nbsp;<\/p>\n<p><strong>\u00bfCu\u00e1l cree que es el aporte del Taller de Rob\u00f3tica de la UTA?<\/strong><\/p>\n<p>-Creo que en un 90 por ciento quedaron bastante motivados ya que trabajamos en rob\u00f3tica, esto les interesa a los muchachos. Ellos vieron ac\u00e1 otro ambiente. Ojal\u00e1 que en cinco a\u00f1os m\u00e1s veamos a alguno de ellos desfilar por estas aulas de clases en la Universidad.<\/p>\n<p>El profesor Aramayo, film\u00f3 a sus alumnos en los talleres con una c\u00e1mara GoPro, les sirvi\u00f3 jugo al almuerzo, les ali\u00f1\u00f3 la ensalada, los llev\u00f3 luego al patio y los dej\u00f3 correr con los perritos que son parte del campus Saucache. Termin\u00f3 el taller con la visita al aeropuerto donde existe una instalaci\u00f3n de paneles solares. All\u00e1 se preocup\u00f3 que pusieran atenci\u00f3n y luego de encaminarlos a la micro roja de regreso a la ciudad y luego al establecimiento. Y cada uno a su casa, para partir nuevamente al otro d\u00eda con la tarea que lo hace feliz, porque ocupa gran parte de su vida.<\/p>\n<p><img loading=\"lazy\" decoding=\"async\" class=\" size-full wp-image-31448\" src=\"https:\/\/dev.explora.cl\/aricayparinacota\/wp-content\/uploads\/sites\/2\/2018\/05\/Collage_Taller_de_Robotica_Miramar.jpg\" alt=\"Collage Taller de Robotica Miramar\" width=\"900\" height=\"300\" srcset=\"https:\/\/dev.explora.cl\/aricayparinacota\/wp-content\/uploads\/sites\/2\/2018\/05\/Collage_Taller_de_Robotica_Miramar.jpg 900w, https:\/\/dev.explora.cl\/aricayparinacota\/wp-content\/uploads\/sites\/2\/2018\/05\/Collage_Taller_de_Robotica_Miramar-300x100.jpg 300w, https:\/\/dev.explora.cl\/aricayparinacota\/wp-content\/uploads\/sites\/2\/2018\/05\/Collage_Taller_de_Robotica_Miramar-768x256.jpg 768w\" sizes=\"auto, (max-width: 900px) 100vw, 900px\" \/><\/p>\n","protected":false},"excerpt":{"rendered":"<p>Lleva m\u00e1s de 40 a\u00f1os haciendo clases de ciencia, dedic\u00e1ndose a su Academia de Rob\u00f3tica y a orientar a sus alumnos en sus futuros profesionales. &nbsp; &nbsp; Estudi\u00f3 Pedagog\u00eda en Biolog\u00eda, luego obtuvo el t\u00edtulo de T\u00e9cnico en Telecomunicaciones, Conectividad y Redes, y actualmente est\u00e1 estudiando para ser Analista de Sistemas. El profesor Humberto Aramayo, [&hellip;]<\/p>\n","protected":false},"author":2,"featured_media":31447,"comment_status":"closed","ping_status":"open","sticky":false,"template":"","format":"standard","meta":{"_acf_changed":false,"_exactmetrics_skip_tracking":false,"_exactmetrics_sitenote_active":false,"_exactmetrics_sitenote_note":"","_exactmetrics_sitenote_category":0,"footnotes":"","_links_to":"","_links_to_target":""},"categories":[4],"tags":[],"class_list":["post-31449","post","type-post","status-publish","format-standard","has-post-thumbnail","hentry","category-noticias"],"acf":[],"yoast_head":"<!-- This site is optimized with the Yoast SEO plugin v26.7 - https:\/\/yoast.com\/wordpress\/plugins\/seo\/ -->\n<title>\u201cYo me cas\u00e9 con la ciencia\u201d - Arica y Parinacota<\/title>\n<meta name=\"robots\" content=\"index, follow, max-snippet:-1, max-image-preview:large, max-video-preview:-1\" \/>\n<link rel=\"canonical\" href=\"https:\/\/dev.explora.cl\/aricayparinacota\/yo-me-case-con-la-ciencia-2\/\" class=\"yoast-seo-meta-tag\" \/>\n<meta property=\"og:locale\" content=\"es_ES\" class=\"yoast-seo-meta-tag\" \/>\n<meta property=\"og:type\" content=\"article\" class=\"yoast-seo-meta-tag\" \/>\n<meta property=\"og:title\" content=\"\u201cYo me cas\u00e9 con la ciencia\u201d - Arica y Parinacota\" class=\"yoast-seo-meta-tag\" \/>\n<meta property=\"og:description\" content=\"Lleva m\u00e1s de 40 a\u00f1os haciendo clases de ciencia, dedic\u00e1ndose a su Academia de Rob\u00f3tica y a orientar a sus alumnos en sus futuros profesionales. &nbsp; &nbsp; Estudi\u00f3 Pedagog\u00eda en Biolog\u00eda, luego obtuvo el t\u00edtulo de T\u00e9cnico en Telecomunicaciones, Conectividad y Redes, y actualmente est\u00e1 estudiando para ser Analista de Sistemas. El profesor Humberto Aramayo, [&hellip;]\" class=\"yoast-seo-meta-tag\" \/>\n<meta property=\"og:url\" content=\"https:\/\/dev.explora.cl\/aricayparinacota\/yo-me-case-con-la-ciencia-2\/\" class=\"yoast-seo-meta-tag\" \/>\n<meta property=\"og:site_name\" content=\"Arica y Parinacota\" class=\"yoast-seo-meta-tag\" \/>\n<meta property=\"article:published_time\" content=\"2018-05-16T22:20:12+00:00\" class=\"yoast-seo-meta-tag\" \/>\n<meta property=\"article:modified_time\" content=\"2019-05-09T20:43:09+00:00\" class=\"yoast-seo-meta-tag\" \/>\n<meta property=\"og:image\" content=\"https:\/\/dev.explora.cl\/aricayparinacota\/wp-content\/uploads\/sites\/2\/2018\/05\/Miniatura_Taller_de_Robotica_Miramar.jpg\" class=\"yoast-seo-meta-tag\" \/>\n\t<meta property=\"og:image:width\" content=\"223\" class=\"yoast-seo-meta-tag\" \/>\n\t<meta property=\"og:image:height\" content=\"147\" class=\"yoast-seo-meta-tag\" \/>\n\t<meta property=\"og:image:type\" content=\"image\/jpeg\" class=\"yoast-seo-meta-tag\" \/>\n<meta name=\"author\" content=\"webman\" class=\"yoast-seo-meta-tag\" \/>\n<meta name=\"twitter:card\" content=\"summary_large_image\" class=\"yoast-seo-meta-tag\" \/>\n<meta name=\"twitter:label1\" content=\"Escrito por\" class=\"yoast-seo-meta-tag\" \/>\n\t<meta name=\"twitter:data1\" content=\"webman\" class=\"yoast-seo-meta-tag\" \/>\n\t<meta name=\"twitter:label2\" content=\"Tiempo estimado de lectura\" class=\"yoast-seo-meta-tag\" \/>\n\t<meta name=\"twitter:data2\" content=\"4 minutos\" class=\"yoast-seo-meta-tag\" \/>\n<script type=\"application\/ld+json\" class=\"yoast-schema-graph\">{\"@context\":\"https:\/\/schema.org\",\"@graph\":[{\"@type\":\"Article\",\"@id\":\"https:\/\/dev.explora.cl\/aricayparinacota\/yo-me-case-con-la-ciencia-2\/#article\",\"isPartOf\":{\"@id\":\"https:\/\/dev.explora.cl\/aricayparinacota\/yo-me-case-con-la-ciencia-2\/\"},\"author\":{\"name\":\"webman\",\"@id\":\"https:\/\/dev.explora.cl\/aricayparinacota\/#\/schema\/person\/cb8349c13ea2d324080adf8480d7ba5d\"},\"headline\":\"\u201cYo me cas\u00e9 con la ciencia\u201d\",\"datePublished\":\"2018-05-16T22:20:12+00:00\",\"dateModified\":\"2019-05-09T20:43:09+00:00\",\"mainEntityOfPage\":{\"@id\":\"https:\/\/dev.explora.cl\/aricayparinacota\/yo-me-case-con-la-ciencia-2\/\"},\"wordCount\":754,\"publisher\":{\"@id\":\"https:\/\/dev.explora.cl\/aricayparinacota\/#organization\"},\"image\":{\"@id\":\"https:\/\/dev.explora.cl\/aricayparinacota\/yo-me-case-con-la-ciencia-2\/#primaryimage\"},\"thumbnailUrl\":\"https:\/\/dev.explora.cl\/aricayparinacota\/wp-content\/uploads\/sites\/2\/2018\/05\/Miniatura_Taller_de_Robotica_Miramar.jpg\",\"articleSection\":[\"Noticias\"],\"inLanguage\":\"es-CL\"},{\"@type\":\"WebPage\",\"@id\":\"https:\/\/dev.explora.cl\/aricayparinacota\/yo-me-case-con-la-ciencia-2\/\",\"url\":\"https:\/\/dev.explora.cl\/aricayparinacota\/yo-me-case-con-la-ciencia-2\/\",\"name\":\"\u201cYo me cas\u00e9 con la ciencia\u201d - Arica y Parinacota\",\"isPartOf\":{\"@id\":\"https:\/\/dev.explora.cl\/aricayparinacota\/#website\"},\"primaryImageOfPage\":{\"@id\":\"https:\/\/dev.explora.cl\/aricayparinacota\/yo-me-case-con-la-ciencia-2\/#primaryimage\"},\"image\":{\"@id\":\"https:\/\/dev.explora.cl\/aricayparinacota\/yo-me-case-con-la-ciencia-2\/#primaryimage\"},\"thumbnailUrl\":\"https:\/\/dev.explora.cl\/aricayparinacota\/wp-content\/uploads\/sites\/2\/2018\/05\/Miniatura_Taller_de_Robotica_Miramar.jpg\",\"datePublished\":\"2018-05-16T22:20:12+00:00\",\"dateModified\":\"2019-05-09T20:43:09+00:00\",\"breadcrumb\":{\"@id\":\"https:\/\/dev.explora.cl\/aricayparinacota\/yo-me-case-con-la-ciencia-2\/#breadcrumb\"},\"inLanguage\":\"es-CL\",\"potentialAction\":[{\"@type\":\"ReadAction\",\"target\":[\"https:\/\/dev.explora.cl\/aricayparinacota\/yo-me-case-con-la-ciencia-2\/\"]}]},{\"@type\":\"ImageObject\",\"inLanguage\":\"es-CL\",\"@id\":\"https:\/\/dev.explora.cl\/aricayparinacota\/yo-me-case-con-la-ciencia-2\/#primaryimage\",\"url\":\"https:\/\/dev.explora.cl\/aricayparinacota\/wp-content\/uploads\/sites\/2\/2018\/05\/Miniatura_Taller_de_Robotica_Miramar.jpg\",\"contentUrl\":\"https:\/\/dev.explora.cl\/aricayparinacota\/wp-content\/uploads\/sites\/2\/2018\/05\/Miniatura_Taller_de_Robotica_Miramar.jpg\",\"width\":223,\"height\":147},{\"@type\":\"BreadcrumbList\",\"@id\":\"https:\/\/dev.explora.cl\/aricayparinacota\/yo-me-case-con-la-ciencia-2\/#breadcrumb\",\"itemListElement\":[{\"@type\":\"ListItem\",\"position\":1,\"name\":\"Portada\",\"item\":\"https:\/\/dev.explora.cl\/aricayparinacota\/\"},{\"@type\":\"ListItem\",\"position\":2,\"name\":\"\u201cYo me cas\u00e9 con la ciencia\u201d\"}]},{\"@type\":\"WebSite\",\"@id\":\"https:\/\/dev.explora.cl\/aricayparinacota\/#website\",\"url\":\"https:\/\/dev.explora.cl\/aricayparinacota\/\",\"name\":\"Arica y Parinacota\",\"description\":\"Otro sitio m\u00e1s de dev.explora.cl\",\"publisher\":{\"@id\":\"https:\/\/dev.explora.cl\/aricayparinacota\/#organization\"},\"potentialAction\":[{\"@type\":\"SearchAction\",\"target\":{\"@type\":\"EntryPoint\",\"urlTemplate\":\"https:\/\/dev.explora.cl\/aricayparinacota\/?s={search_term_string}\"},\"query-input\":{\"@type\":\"PropertyValueSpecification\",\"valueRequired\":true,\"valueName\":\"search_term_string\"}}],\"inLanguage\":\"es-CL\"},{\"@type\":\"Organization\",\"@id\":\"https:\/\/dev.explora.cl\/aricayparinacota\/#organization\",\"name\":\"Arica y Parinacota\",\"url\":\"https:\/\/dev.explora.cl\/aricayparinacota\/\",\"logo\":{\"@type\":\"ImageObject\",\"inLanguage\":\"es-CL\",\"@id\":\"https:\/\/dev.explora.cl\/aricayparinacota\/#\/schema\/logo\/image\/\",\"url\":\"https:\/\/dev.explora.cl\/aricayparinacota\/wp-content\/uploads\/sites\/2\/2020\/08\/cropped-nuevosa-logos-11.png\",\"contentUrl\":\"https:\/\/dev.explora.cl\/aricayparinacota\/wp-content\/uploads\/sites\/2\/2020\/08\/cropped-nuevosa-logos-11.png\",\"width\":812,\"height\":937,\"caption\":\"Arica y Parinacota\"},\"image\":{\"@id\":\"https:\/\/dev.explora.cl\/aricayparinacota\/#\/schema\/logo\/image\/\"}},{\"@type\":\"Person\",\"@id\":\"https:\/\/dev.explora.cl\/aricayparinacota\/#\/schema\/person\/cb8349c13ea2d324080adf8480d7ba5d\",\"name\":\"webman\",\"image\":{\"@type\":\"ImageObject\",\"inLanguage\":\"es-CL\",\"@id\":\"https:\/\/dev.explora.cl\/aricayparinacota\/#\/schema\/person\/image\/\",\"url\":\"https:\/\/secure.gravatar.com\/avatar\/eeff3c82f2c02f7177d13663b7e6f890e9a6a0647ce9bb29cae02dcb094c7312?s=96&d=mm&r=g\",\"contentUrl\":\"https:\/\/secure.gravatar.com\/avatar\/eeff3c82f2c02f7177d13663b7e6f890e9a6a0647ce9bb29cae02dcb094c7312?s=96&d=mm&r=g\",\"caption\":\"webman\"},\"url\":\"https:\/\/dev.explora.cl\/aricayparinacota\/author\/webman\/\"}]}<\/script>\n<!-- \/ Yoast SEO plugin. -->","yoast_head_json":{"title":"\u201cYo me cas\u00e9 con la ciencia\u201d - Arica y Parinacota","robots":{"index":"index","follow":"follow","max-snippet":"max-snippet:-1","max-image-preview":"max-image-preview:large","max-video-preview":"max-video-preview:-1"},"canonical":"https:\/\/dev.explora.cl\/aricayparinacota\/yo-me-case-con-la-ciencia-2\/","og_locale":"es_ES","og_type":"article","og_title":"\u201cYo me cas\u00e9 con la ciencia\u201d - Arica y Parinacota","og_description":"Lleva m\u00e1s de 40 a\u00f1os haciendo clases de ciencia, dedic\u00e1ndose a su Academia de Rob\u00f3tica y a orientar a sus alumnos en sus futuros profesionales. &nbsp; &nbsp; Estudi\u00f3 Pedagog\u00eda en Biolog\u00eda, luego obtuvo el t\u00edtulo de T\u00e9cnico en Telecomunicaciones, Conectividad y Redes, y actualmente est\u00e1 estudiando para ser Analista de Sistemas. El profesor Humberto Aramayo, [&hellip;]","og_url":"https:\/\/dev.explora.cl\/aricayparinacota\/yo-me-case-con-la-ciencia-2\/","og_site_name":"Arica y Parinacota","article_published_time":"2018-05-16T22:20:12+00:00","article_modified_time":"2019-05-09T20:43:09+00:00","og_image":[{"width":223,"height":147,"url":"https:\/\/dev.explora.cl\/aricayparinacota\/wp-content\/uploads\/sites\/2\/2018\/05\/Miniatura_Taller_de_Robotica_Miramar.jpg","type":"image\/jpeg"}],"author":"webman","twitter_card":"summary_large_image","twitter_misc":{"Escrito por":"webman","Tiempo estimado de lectura":"4 minutos"},"schema":{"@context":"https:\/\/schema.org","@graph":[{"@type":"Article","@id":"https:\/\/dev.explora.cl\/aricayparinacota\/yo-me-case-con-la-ciencia-2\/#article","isPartOf":{"@id":"https:\/\/dev.explora.cl\/aricayparinacota\/yo-me-case-con-la-ciencia-2\/"},"author":{"name":"webman","@id":"https:\/\/dev.explora.cl\/aricayparinacota\/#\/schema\/person\/cb8349c13ea2d324080adf8480d7ba5d"},"headline":"\u201cYo me cas\u00e9 con la ciencia\u201d","datePublished":"2018-05-16T22:20:12+00:00","dateModified":"2019-05-09T20:43:09+00:00","mainEntityOfPage":{"@id":"https:\/\/dev.explora.cl\/aricayparinacota\/yo-me-case-con-la-ciencia-2\/"},"wordCount":754,"publisher":{"@id":"https:\/\/dev.explora.cl\/aricayparinacota\/#organization"},"image":{"@id":"https:\/\/dev.explora.cl\/aricayparinacota\/yo-me-case-con-la-ciencia-2\/#primaryimage"},"thumbnailUrl":"https:\/\/dev.explora.cl\/aricayparinacota\/wp-content\/uploads\/sites\/2\/2018\/05\/Miniatura_Taller_de_Robotica_Miramar.jpg","articleSection":["Noticias"],"inLanguage":"es-CL"},{"@type":"WebPage","@id":"https:\/\/dev.explora.cl\/aricayparinacota\/yo-me-case-con-la-ciencia-2\/","url":"https:\/\/dev.explora.cl\/aricayparinacota\/yo-me-case-con-la-ciencia-2\/","name":"\u201cYo me cas\u00e9 con la ciencia\u201d - Arica y Parinacota","isPartOf":{"@id":"https:\/\/dev.explora.cl\/aricayparinacota\/#website"},"primaryImageOfPage":{"@id":"https:\/\/dev.explora.cl\/aricayparinacota\/yo-me-case-con-la-ciencia-2\/#primaryimage"},"image":{"@id":"https:\/\/dev.explora.cl\/aricayparinacota\/yo-me-case-con-la-ciencia-2\/#primaryimage"},"thumbnailUrl":"https:\/\/dev.explora.cl\/aricayparinacota\/wp-content\/uploads\/sites\/2\/2018\/05\/Miniatura_Taller_de_Robotica_Miramar.jpg","datePublished":"2018-05-16T22:20:12+00:00","dateModified":"2019-05-09T20:43:09+00:00","breadcrumb":{"@id":"https:\/\/dev.explora.cl\/aricayparinacota\/yo-me-case-con-la-ciencia-2\/#breadcrumb"},"inLanguage":"es-CL","potentialAction":[{"@type":"ReadAction","target":["https:\/\/dev.explora.cl\/aricayparinacota\/yo-me-case-con-la-ciencia-2\/"]}]},{"@type":"ImageObject","inLanguage":"es-CL","@id":"https:\/\/dev.explora.cl\/aricayparinacota\/yo-me-case-con-la-ciencia-2\/#primaryimage","url":"https:\/\/dev.explora.cl\/aricayparinacota\/wp-content\/uploads\/sites\/2\/2018\/05\/Miniatura_Taller_de_Robotica_Miramar.jpg","contentUrl":"https:\/\/dev.explora.cl\/aricayparinacota\/wp-content\/uploads\/sites\/2\/2018\/05\/Miniatura_Taller_de_Robotica_Miramar.jpg","width":223,"height":147},{"@type":"BreadcrumbList","@id":"https:\/\/dev.explora.cl\/aricayparinacota\/yo-me-case-con-la-ciencia-2\/#breadcrumb","itemListElement":[{"@type":"ListItem","position":1,"name":"Portada","item":"https:\/\/dev.explora.cl\/aricayparinacota\/"},{"@type":"ListItem","position":2,"name":"\u201cYo me cas\u00e9 con la ciencia\u201d"}]},{"@type":"WebSite","@id":"https:\/\/dev.explora.cl\/aricayparinacota\/#website","url":"https:\/\/dev.explora.cl\/aricayparinacota\/","name":"Arica y Parinacota","description":"Otro sitio m\u00e1s de dev.explora.cl","publisher":{"@id":"https:\/\/dev.explora.cl\/aricayparinacota\/#organization"},"potentialAction":[{"@type":"SearchAction","target":{"@type":"EntryPoint","urlTemplate":"https:\/\/dev.explora.cl\/aricayparinacota\/?s={search_term_string}"},"query-input":{"@type":"PropertyValueSpecification","valueRequired":true,"valueName":"search_term_string"}}],"inLanguage":"es-CL"},{"@type":"Organization","@id":"https:\/\/dev.explora.cl\/aricayparinacota\/#organization","name":"Arica y Parinacota","url":"https:\/\/dev.explora.cl\/aricayparinacota\/","logo":{"@type":"ImageObject","inLanguage":"es-CL","@id":"https:\/\/dev.explora.cl\/aricayparinacota\/#\/schema\/logo\/image\/","url":"https:\/\/dev.explora.cl\/aricayparinacota\/wp-content\/uploads\/sites\/2\/2020\/08\/cropped-nuevosa-logos-11.png","contentUrl":"https:\/\/dev.explora.cl\/aricayparinacota\/wp-content\/uploads\/sites\/2\/2020\/08\/cropped-nuevosa-logos-11.png","width":812,"height":937,"caption":"Arica y Parinacota"},"image":{"@id":"https:\/\/dev.explora.cl\/aricayparinacota\/#\/schema\/logo\/image\/"}},{"@type":"Person","@id":"https:\/\/dev.explora.cl\/aricayparinacota\/#\/schema\/person\/cb8349c13ea2d324080adf8480d7ba5d","name":"webman","image":{"@type":"ImageObject","inLanguage":"es-CL","@id":"https:\/\/dev.explora.cl\/aricayparinacota\/#\/schema\/person\/image\/","url":"https:\/\/secure.gravatar.com\/avatar\/eeff3c82f2c02f7177d13663b7e6f890e9a6a0647ce9bb29cae02dcb094c7312?s=96&d=mm&r=g","contentUrl":"https:\/\/secure.gravatar.com\/avatar\/eeff3c82f2c02f7177d13663b7e6f890e9a6a0647ce9bb29cae02dcb094c7312?s=96&d=mm&r=g","caption":"webman"},"url":"https:\/\/dev.explora.cl\/aricayparinacota\/author\/webman\/"}]}},"_links":{"self":[{"href":"https:\/\/dev.explora.cl\/aricayparinacota\/wp-json\/wp\/v2\/posts\/31449","targetHints":{"allow":["GET"]}}],"collection":[{"href":"https:\/\/dev.explora.cl\/aricayparinacota\/wp-json\/wp\/v2\/posts"}],"about":[{"href":"https:\/\/dev.explora.cl\/aricayparinacota\/wp-json\/wp\/v2\/types\/post"}],"author":[{"embeddable":true,"href":"https:\/\/dev.explora.cl\/aricayparinacota\/wp-json\/wp\/v2\/users\/2"}],"replies":[{"embeddable":true,"href":"https:\/\/dev.explora.cl\/aricayparinacota\/wp-json\/wp\/v2\/comments?post=31449"}],"version-history":[{"count":1,"href":"https:\/\/dev.explora.cl\/aricayparinacota\/wp-json\/wp\/v2\/posts\/31449\/revisions"}],"predecessor-version":[{"id":32822,"href":"https:\/\/dev.explora.cl\/aricayparinacota\/wp-json\/wp\/v2\/posts\/31449\/revisions\/32822"}],"wp:featuredmedia":[{"embeddable":true,"href":"https:\/\/dev.explora.cl\/aricayparinacota\/wp-json\/wp\/v2\/media\/31447"}],"wp:attachment":[{"href":"https:\/\/dev.explora.cl\/aricayparinacota\/wp-json\/wp\/v2\/media?parent=31449"}],"wp:term":[{"taxonomy":"category","embeddable":true,"href":"https:\/\/dev.explora.cl\/aricayparinacota\/wp-json\/wp\/v2\/categories?post=31449"},{"taxonomy":"post_tag","embeddable":true,"href":"https:\/\/dev.explora.cl\/aricayparinacota\/wp-json\/wp\/v2\/tags?post=31449"}],"curies":[{"name":"wp","href":"https:\/\/api.w.org\/{rel}","templated":true}]}}