{"id":31265,"date":"2018-05-10T13:54:52","date_gmt":"2018-05-10T13:54:52","guid":{"rendered":"https:\/\/dev.explora.cl\/2018\/05\/10\/estudiantes-de-basica-en-taller-de-robotica-aplicados-y-curiosos-de-principio-a-fin\/"},"modified":"2019-05-09T20:43:34","modified_gmt":"2019-05-09T20:43:34","slug":"estudiantes-de-basica-en-taller-de-robotica-aplicados-y-curiosos-de-principio-a-fin","status":"publish","type":"post","link":"https:\/\/dev.explora.cl\/aricayparinacota\/estudiantes-de-basica-en-taller-de-robotica-aplicados-y-curiosos-de-principio-a-fin\/","title":{"rendered":"Estudiantes de b\u00e1sica en Taller de Rob\u00f3tica  Aplicados y curiosos de principio a fin"},"content":{"rendered":"<p><em>Fueron 34 estudiantes de la Escuela Dar\u00edo Salas D\u00edaz, los que asistieron al Taller de Rob\u00f3tica y Energ\u00edas Renovables en la Universidad de Tarapac\u00e1.<\/em><\/p>\n<p><em>&nbsp;<\/em><\/p>\n<p><em>L<\/em>os participantes de quinto a octavo b\u00e1sico de la Escuela Dar\u00edo Salas D\u00edaz, a pesar de ser peque\u00f1os en edad, estuvieron atentos a las instrucciones en los laboratorios, donde los acad\u00e9micos realizaron el Taller de Rob\u00f3tica y Energ\u00edas Renovables. \u201cEn esta sesi\u00f3n agregamos m\u00e1s cosas porque avanzaban bastante r\u00e1pido, eran muy aplicados e hicieron muchas preguntas\u201d, se\u00f1ala el ingeniero civil electr\u00f3nico, Manuel Barraza, comentando que a los peque\u00f1os les gust\u00f3 tanto el robot que algunos quer\u00edan llev\u00e1rselo para su casa.<\/p>\n<p>Esta actividad, organizada por la Escuela de Ingenier\u00eda El\u00e9ctrica Electr\u00f3nica y el PAR Explora de CONICYT Arica y Parinacota, adem\u00e1s de los talleres, contempl\u00f3 una salida a terreno al aeropuerto y conocieron una planta solar de energ\u00eda fotovoltaica completamente automatizada de la Direcci\u00f3n de Aeron\u00e1utica Civil, donde es posible visualizar la investigaci\u00f3n aplicada a proyectos de ingenier\u00eda.<\/p>\n<p>IMPRESIONES<\/p>\n<p>La experiencia para el estudiante Kevin Flores fue de mucho aprendizaje, respecto a los paneles solares, \u201cme gust\u00f3 que saquemos energ\u00eda renovable del sol, que ni se gasta\u201d, dijo. Keny Pizango destac\u00f3 que lo que m\u00e1s le agrad\u00f3 fue \u201csaber c\u00f3mo se controlaba un robot\u201d. Walter Mollinedo encontr\u00f3 enorme la Universidad y no tan dif\u00edcil aprender a programar un robot, \u201cnunca hab\u00eda tenido un robot cerca\u201d, manifest\u00f3.<\/p>\n<p>Rogelio Saira, dice que le pareci\u00f3 bien el taller \u201cporque as\u00ed me traspasan sus conocimientos y voy aprendiendo cada vez m\u00e1s\u201d. A Antoni Pizango lo que le atrajo fue controlar a los robots, aunque afirma que fue \u201cun poco dif\u00edcil, me ayud\u00f3 el tutor en algunas cosas cuando no entend\u00eda\u201d. Marelyn Alave, encontr\u00f3 \u201cincre\u00edble la clase de rob\u00f3tica, mover el robot y hacerlo cambiar de color dependiendo a d\u00f3nde iba, eso fue lo m\u00e1s impresionante\u201d.<\/p>\n<p>Alexander Montalb\u00e1n, profesor a cargo de los estudiantes, destac\u00f3 que \u201clas clases de rob\u00f3tica son espectaculares para los ni\u00f1os porque se van involucrando en esto, van conociendo el mundo de la rob\u00f3tica, experimentando y dando a conocer sus expectativas\u201d.<\/p>\n<p>El profesor Carlos Rodr\u00edguez, agradeci\u00f3 a Explora \u201cpor acercar a los estudiantes a la rob\u00f3tica, el taller muy l\u00fadico, did\u00e1ctico y bastante claro en las instrucciones, los chicos quedaron maravillados cuando se mov\u00edan los robots y lograban ejecutar algunas funciones\u201d.<\/p>\n<p>PROXIMOS TALLERES<\/p>\n<p>Para las pr\u00f3ximas sesiones ya est\u00e1n inscritos el Colegio Integrado Eduardo Frei Montalva, Colegio Alem\u00e1n y North American College.<\/p>\n<p><img loading=\"lazy\" decoding=\"async\" class=\" size-full wp-image-31264\" src=\"https:\/\/dev.explora.cl\/aricayparinacota\/wp-content\/uploads\/sites\/2\/2018\/05\/Collage_Taller_de_Robotica_Dario_Salas.jpg\" alt=\"Collage Taller de Robotica Dario Salas\" width=\"900\" height=\"350\" srcset=\"https:\/\/dev.explora.cl\/aricayparinacota\/wp-content\/uploads\/sites\/2\/2018\/05\/Collage_Taller_de_Robotica_Dario_Salas.jpg 900w, https:\/\/dev.explora.cl\/aricayparinacota\/wp-content\/uploads\/sites\/2\/2018\/05\/Collage_Taller_de_Robotica_Dario_Salas-300x117.jpg 300w, https:\/\/dev.explora.cl\/aricayparinacota\/wp-content\/uploads\/sites\/2\/2018\/05\/Collage_Taller_de_Robotica_Dario_Salas-768x299.jpg 768w\" sizes=\"auto, (max-width: 900px) 100vw, 900px\" \/><\/p>\n","protected":false},"excerpt":{"rendered":"<p>Fueron 34 estudiantes de la Escuela Dar\u00edo Salas D\u00edaz, los que asistieron al Taller de Rob\u00f3tica y Energ\u00edas Renovables en la Universidad de Tarapac\u00e1. &nbsp; Los participantes de quinto a octavo b\u00e1sico de la Escuela Dar\u00edo Salas D\u00edaz, a pesar de ser peque\u00f1os en edad, estuvieron atentos a las instrucciones en los laboratorios, donde los [&hellip;]<\/p>\n","protected":false},"author":2,"featured_media":31263,"comment_status":"closed","ping_status":"open","sticky":false,"template":"","format":"standard","meta":{"_acf_changed":false,"_exactmetrics_skip_tracking":false,"_exactmetrics_sitenote_active":false,"_exactmetrics_sitenote_note":"","_exactmetrics_sitenote_category":0,"footnotes":"","_links_to":"","_links_to_target":""},"categories":[4],"tags":[],"class_list":["post-31265","post","type-post","status-publish","format-standard","has-post-thumbnail","hentry","category-noticias"],"acf":[],"yoast_head":"<!-- This site is optimized with the Yoast SEO plugin v26.7 - https:\/\/yoast.com\/wordpress\/plugins\/seo\/ -->\n<title>Estudiantes de b\u00e1sica en Taller de Rob\u00f3tica Aplicados y curiosos de principio a fin - Arica y Parinacota<\/title>\n<meta name=\"robots\" content=\"index, follow, max-snippet:-1, max-image-preview:large, max-video-preview:-1\" \/>\n<link rel=\"canonical\" href=\"https:\/\/dev.explora.cl\/aricayparinacota\/estudiantes-de-basica-en-taller-de-robotica-aplicados-y-curiosos-de-principio-a-fin\/\" class=\"yoast-seo-meta-tag\" \/>\n<meta property=\"og:locale\" content=\"es_ES\" class=\"yoast-seo-meta-tag\" \/>\n<meta property=\"og:type\" content=\"article\" class=\"yoast-seo-meta-tag\" \/>\n<meta property=\"og:title\" content=\"Estudiantes de b\u00e1sica en Taller de Rob\u00f3tica Aplicados y curiosos de principio a fin - Arica y Parinacota\" class=\"yoast-seo-meta-tag\" \/>\n<meta property=\"og:description\" content=\"Fueron 34 estudiantes de la Escuela Dar\u00edo Salas D\u00edaz, los que asistieron al Taller de Rob\u00f3tica y Energ\u00edas Renovables en la Universidad de Tarapac\u00e1. &nbsp; Los participantes de quinto a octavo b\u00e1sico de la Escuela Dar\u00edo Salas D\u00edaz, a pesar de ser peque\u00f1os en edad, estuvieron atentos a las instrucciones en los laboratorios, donde los [&hellip;]\" class=\"yoast-seo-meta-tag\" \/>\n<meta property=\"og:url\" content=\"https:\/\/dev.explora.cl\/aricayparinacota\/estudiantes-de-basica-en-taller-de-robotica-aplicados-y-curiosos-de-principio-a-fin\/\" class=\"yoast-seo-meta-tag\" \/>\n<meta property=\"og:site_name\" content=\"Arica y Parinacota\" class=\"yoast-seo-meta-tag\" \/>\n<meta property=\"article:published_time\" content=\"2018-05-10T13:54:52+00:00\" class=\"yoast-seo-meta-tag\" \/>\n<meta property=\"article:modified_time\" content=\"2019-05-09T20:43:34+00:00\" class=\"yoast-seo-meta-tag\" \/>\n<meta property=\"og:image\" content=\"https:\/\/dev.explora.cl\/aricayparinacota\/wp-content\/uploads\/sites\/2\/2018\/05\/Miniatura_Taller_de_Robotica_Dario_Salas.jpg\" class=\"yoast-seo-meta-tag\" \/>\n\t<meta property=\"og:image:width\" content=\"223\" class=\"yoast-seo-meta-tag\" \/>\n\t<meta property=\"og:image:height\" content=\"147\" class=\"yoast-seo-meta-tag\" \/>\n\t<meta property=\"og:image:type\" content=\"image\/jpeg\" class=\"yoast-seo-meta-tag\" \/>\n<meta name=\"author\" content=\"webman\" class=\"yoast-seo-meta-tag\" \/>\n<meta name=\"twitter:card\" content=\"summary_large_image\" class=\"yoast-seo-meta-tag\" \/>\n<meta name=\"twitter:label1\" content=\"Escrito por\" class=\"yoast-seo-meta-tag\" \/>\n\t<meta name=\"twitter:data1\" content=\"webman\" class=\"yoast-seo-meta-tag\" \/>\n\t<meta name=\"twitter:label2\" content=\"Tiempo estimado de lectura\" class=\"yoast-seo-meta-tag\" \/>\n\t<meta name=\"twitter:data2\" content=\"2 minutos\" class=\"yoast-seo-meta-tag\" \/>\n<script type=\"application\/ld+json\" class=\"yoast-schema-graph\">{\"@context\":\"https:\/\/schema.org\",\"@graph\":[{\"@type\":\"Article\",\"@id\":\"https:\/\/dev.explora.cl\/aricayparinacota\/estudiantes-de-basica-en-taller-de-robotica-aplicados-y-curiosos-de-principio-a-fin\/#article\",\"isPartOf\":{\"@id\":\"https:\/\/dev.explora.cl\/aricayparinacota\/estudiantes-de-basica-en-taller-de-robotica-aplicados-y-curiosos-de-principio-a-fin\/\"},\"author\":{\"name\":\"webman\",\"@id\":\"https:\/\/dev.explora.cl\/aricayparinacota\/#\/schema\/person\/cb8349c13ea2d324080adf8480d7ba5d\"},\"headline\":\"Estudiantes de b\u00e1sica en Taller de Rob\u00f3tica Aplicados y curiosos de principio a fin\",\"datePublished\":\"2018-05-10T13:54:52+00:00\",\"dateModified\":\"2019-05-09T20:43:34+00:00\",\"mainEntityOfPage\":{\"@id\":\"https:\/\/dev.explora.cl\/aricayparinacota\/estudiantes-de-basica-en-taller-de-robotica-aplicados-y-curiosos-de-principio-a-fin\/\"},\"wordCount\":472,\"publisher\":{\"@id\":\"https:\/\/dev.explora.cl\/aricayparinacota\/#organization\"},\"image\":{\"@id\":\"https:\/\/dev.explora.cl\/aricayparinacota\/estudiantes-de-basica-en-taller-de-robotica-aplicados-y-curiosos-de-principio-a-fin\/#primaryimage\"},\"thumbnailUrl\":\"https:\/\/dev.explora.cl\/aricayparinacota\/wp-content\/uploads\/sites\/2\/2018\/05\/Miniatura_Taller_de_Robotica_Dario_Salas.jpg\",\"articleSection\":[\"Noticias\"],\"inLanguage\":\"es-CL\"},{\"@type\":\"WebPage\",\"@id\":\"https:\/\/dev.explora.cl\/aricayparinacota\/estudiantes-de-basica-en-taller-de-robotica-aplicados-y-curiosos-de-principio-a-fin\/\",\"url\":\"https:\/\/dev.explora.cl\/aricayparinacota\/estudiantes-de-basica-en-taller-de-robotica-aplicados-y-curiosos-de-principio-a-fin\/\",\"name\":\"Estudiantes de b\u00e1sica en Taller de Rob\u00f3tica Aplicados y curiosos de principio a fin - Arica y Parinacota\",\"isPartOf\":{\"@id\":\"https:\/\/dev.explora.cl\/aricayparinacota\/#website\"},\"primaryImageOfPage\":{\"@id\":\"https:\/\/dev.explora.cl\/aricayparinacota\/estudiantes-de-basica-en-taller-de-robotica-aplicados-y-curiosos-de-principio-a-fin\/#primaryimage\"},\"image\":{\"@id\":\"https:\/\/dev.explora.cl\/aricayparinacota\/estudiantes-de-basica-en-taller-de-robotica-aplicados-y-curiosos-de-principio-a-fin\/#primaryimage\"},\"thumbnailUrl\":\"https:\/\/dev.explora.cl\/aricayparinacota\/wp-content\/uploads\/sites\/2\/2018\/05\/Miniatura_Taller_de_Robotica_Dario_Salas.jpg\",\"datePublished\":\"2018-05-10T13:54:52+00:00\",\"dateModified\":\"2019-05-09T20:43:34+00:00\",\"breadcrumb\":{\"@id\":\"https:\/\/dev.explora.cl\/aricayparinacota\/estudiantes-de-basica-en-taller-de-robotica-aplicados-y-curiosos-de-principio-a-fin\/#breadcrumb\"},\"inLanguage\":\"es-CL\",\"potentialAction\":[{\"@type\":\"ReadAction\",\"target\":[\"https:\/\/dev.explora.cl\/aricayparinacota\/estudiantes-de-basica-en-taller-de-robotica-aplicados-y-curiosos-de-principio-a-fin\/\"]}]},{\"@type\":\"ImageObject\",\"inLanguage\":\"es-CL\",\"@id\":\"https:\/\/dev.explora.cl\/aricayparinacota\/estudiantes-de-basica-en-taller-de-robotica-aplicados-y-curiosos-de-principio-a-fin\/#primaryimage\",\"url\":\"https:\/\/dev.explora.cl\/aricayparinacota\/wp-content\/uploads\/sites\/2\/2018\/05\/Miniatura_Taller_de_Robotica_Dario_Salas.jpg\",\"contentUrl\":\"https:\/\/dev.explora.cl\/aricayparinacota\/wp-content\/uploads\/sites\/2\/2018\/05\/Miniatura_Taller_de_Robotica_Dario_Salas.jpg\",\"width\":223,\"height\":147},{\"@type\":\"BreadcrumbList\",\"@id\":\"https:\/\/dev.explora.cl\/aricayparinacota\/estudiantes-de-basica-en-taller-de-robotica-aplicados-y-curiosos-de-principio-a-fin\/#breadcrumb\",\"itemListElement\":[{\"@type\":\"ListItem\",\"position\":1,\"name\":\"Portada\",\"item\":\"https:\/\/dev.explora.cl\/aricayparinacota\/\"},{\"@type\":\"ListItem\",\"position\":2,\"name\":\"Estudiantes de b\u00e1sica en Taller de Rob\u00f3tica Aplicados y curiosos de principio a fin\"}]},{\"@type\":\"WebSite\",\"@id\":\"https:\/\/dev.explora.cl\/aricayparinacota\/#website\",\"url\":\"https:\/\/dev.explora.cl\/aricayparinacota\/\",\"name\":\"Arica y Parinacota\",\"description\":\"Otro sitio m\u00e1s de dev.explora.cl\",\"publisher\":{\"@id\":\"https:\/\/dev.explora.cl\/aricayparinacota\/#organization\"},\"potentialAction\":[{\"@type\":\"SearchAction\",\"target\":{\"@type\":\"EntryPoint\",\"urlTemplate\":\"https:\/\/dev.explora.cl\/aricayparinacota\/?s={search_term_string}\"},\"query-input\":{\"@type\":\"PropertyValueSpecification\",\"valueRequired\":true,\"valueName\":\"search_term_string\"}}],\"inLanguage\":\"es-CL\"},{\"@type\":\"Organization\",\"@id\":\"https:\/\/dev.explora.cl\/aricayparinacota\/#organization\",\"name\":\"Arica y Parinacota\",\"url\":\"https:\/\/dev.explora.cl\/aricayparinacota\/\",\"logo\":{\"@type\":\"ImageObject\",\"inLanguage\":\"es-CL\",\"@id\":\"https:\/\/dev.explora.cl\/aricayparinacota\/#\/schema\/logo\/image\/\",\"url\":\"https:\/\/dev.explora.cl\/aricayparinacota\/wp-content\/uploads\/sites\/2\/2020\/08\/cropped-nuevosa-logos-11.png\",\"contentUrl\":\"https:\/\/dev.explora.cl\/aricayparinacota\/wp-content\/uploads\/sites\/2\/2020\/08\/cropped-nuevosa-logos-11.png\",\"width\":812,\"height\":937,\"caption\":\"Arica y Parinacota\"},\"image\":{\"@id\":\"https:\/\/dev.explora.cl\/aricayparinacota\/#\/schema\/logo\/image\/\"}},{\"@type\":\"Person\",\"@id\":\"https:\/\/dev.explora.cl\/aricayparinacota\/#\/schema\/person\/cb8349c13ea2d324080adf8480d7ba5d\",\"name\":\"webman\",\"image\":{\"@type\":\"ImageObject\",\"inLanguage\":\"es-CL\",\"@id\":\"https:\/\/dev.explora.cl\/aricayparinacota\/#\/schema\/person\/image\/\",\"url\":\"https:\/\/secure.gravatar.com\/avatar\/eeff3c82f2c02f7177d13663b7e6f890e9a6a0647ce9bb29cae02dcb094c7312?s=96&d=mm&r=g\",\"contentUrl\":\"https:\/\/secure.gravatar.com\/avatar\/eeff3c82f2c02f7177d13663b7e6f890e9a6a0647ce9bb29cae02dcb094c7312?s=96&d=mm&r=g\",\"caption\":\"webman\"},\"url\":\"https:\/\/dev.explora.cl\/aricayparinacota\/author\/webman\/\"}]}<\/script>\n<!-- \/ Yoast SEO plugin. -->","yoast_head_json":{"title":"Estudiantes de b\u00e1sica en Taller de Rob\u00f3tica Aplicados y curiosos de principio a fin - Arica y Parinacota","robots":{"index":"index","follow":"follow","max-snippet":"max-snippet:-1","max-image-preview":"max-image-preview:large","max-video-preview":"max-video-preview:-1"},"canonical":"https:\/\/dev.explora.cl\/aricayparinacota\/estudiantes-de-basica-en-taller-de-robotica-aplicados-y-curiosos-de-principio-a-fin\/","og_locale":"es_ES","og_type":"article","og_title":"Estudiantes de b\u00e1sica en Taller de Rob\u00f3tica Aplicados y curiosos de principio a fin - Arica y Parinacota","og_description":"Fueron 34 estudiantes de la Escuela Dar\u00edo Salas D\u00edaz, los que asistieron al Taller de Rob\u00f3tica y Energ\u00edas Renovables en la Universidad de Tarapac\u00e1. &nbsp; Los participantes de quinto a octavo b\u00e1sico de la Escuela Dar\u00edo Salas D\u00edaz, a pesar de ser peque\u00f1os en edad, estuvieron atentos a las instrucciones en los laboratorios, donde los [&hellip;]","og_url":"https:\/\/dev.explora.cl\/aricayparinacota\/estudiantes-de-basica-en-taller-de-robotica-aplicados-y-curiosos-de-principio-a-fin\/","og_site_name":"Arica y Parinacota","article_published_time":"2018-05-10T13:54:52+00:00","article_modified_time":"2019-05-09T20:43:34+00:00","og_image":[{"width":223,"height":147,"url":"https:\/\/dev.explora.cl\/aricayparinacota\/wp-content\/uploads\/sites\/2\/2018\/05\/Miniatura_Taller_de_Robotica_Dario_Salas.jpg","type":"image\/jpeg"}],"author":"webman","twitter_card":"summary_large_image","twitter_misc":{"Escrito por":"webman","Tiempo estimado de lectura":"2 minutos"},"schema":{"@context":"https:\/\/schema.org","@graph":[{"@type":"Article","@id":"https:\/\/dev.explora.cl\/aricayparinacota\/estudiantes-de-basica-en-taller-de-robotica-aplicados-y-curiosos-de-principio-a-fin\/#article","isPartOf":{"@id":"https:\/\/dev.explora.cl\/aricayparinacota\/estudiantes-de-basica-en-taller-de-robotica-aplicados-y-curiosos-de-principio-a-fin\/"},"author":{"name":"webman","@id":"https:\/\/dev.explora.cl\/aricayparinacota\/#\/schema\/person\/cb8349c13ea2d324080adf8480d7ba5d"},"headline":"Estudiantes de b\u00e1sica en Taller de Rob\u00f3tica Aplicados y curiosos de principio a fin","datePublished":"2018-05-10T13:54:52+00:00","dateModified":"2019-05-09T20:43:34+00:00","mainEntityOfPage":{"@id":"https:\/\/dev.explora.cl\/aricayparinacota\/estudiantes-de-basica-en-taller-de-robotica-aplicados-y-curiosos-de-principio-a-fin\/"},"wordCount":472,"publisher":{"@id":"https:\/\/dev.explora.cl\/aricayparinacota\/#organization"},"image":{"@id":"https:\/\/dev.explora.cl\/aricayparinacota\/estudiantes-de-basica-en-taller-de-robotica-aplicados-y-curiosos-de-principio-a-fin\/#primaryimage"},"thumbnailUrl":"https:\/\/dev.explora.cl\/aricayparinacota\/wp-content\/uploads\/sites\/2\/2018\/05\/Miniatura_Taller_de_Robotica_Dario_Salas.jpg","articleSection":["Noticias"],"inLanguage":"es-CL"},{"@type":"WebPage","@id":"https:\/\/dev.explora.cl\/aricayparinacota\/estudiantes-de-basica-en-taller-de-robotica-aplicados-y-curiosos-de-principio-a-fin\/","url":"https:\/\/dev.explora.cl\/aricayparinacota\/estudiantes-de-basica-en-taller-de-robotica-aplicados-y-curiosos-de-principio-a-fin\/","name":"Estudiantes de b\u00e1sica en Taller de Rob\u00f3tica Aplicados y curiosos de principio a fin - Arica y Parinacota","isPartOf":{"@id":"https:\/\/dev.explora.cl\/aricayparinacota\/#website"},"primaryImageOfPage":{"@id":"https:\/\/dev.explora.cl\/aricayparinacota\/estudiantes-de-basica-en-taller-de-robotica-aplicados-y-curiosos-de-principio-a-fin\/#primaryimage"},"image":{"@id":"https:\/\/dev.explora.cl\/aricayparinacota\/estudiantes-de-basica-en-taller-de-robotica-aplicados-y-curiosos-de-principio-a-fin\/#primaryimage"},"thumbnailUrl":"https:\/\/dev.explora.cl\/aricayparinacota\/wp-content\/uploads\/sites\/2\/2018\/05\/Miniatura_Taller_de_Robotica_Dario_Salas.jpg","datePublished":"2018-05-10T13:54:52+00:00","dateModified":"2019-05-09T20:43:34+00:00","breadcrumb":{"@id":"https:\/\/dev.explora.cl\/aricayparinacota\/estudiantes-de-basica-en-taller-de-robotica-aplicados-y-curiosos-de-principio-a-fin\/#breadcrumb"},"inLanguage":"es-CL","potentialAction":[{"@type":"ReadAction","target":["https:\/\/dev.explora.cl\/aricayparinacota\/estudiantes-de-basica-en-taller-de-robotica-aplicados-y-curiosos-de-principio-a-fin\/"]}]},{"@type":"ImageObject","inLanguage":"es-CL","@id":"https:\/\/dev.explora.cl\/aricayparinacota\/estudiantes-de-basica-en-taller-de-robotica-aplicados-y-curiosos-de-principio-a-fin\/#primaryimage","url":"https:\/\/dev.explora.cl\/aricayparinacota\/wp-content\/uploads\/sites\/2\/2018\/05\/Miniatura_Taller_de_Robotica_Dario_Salas.jpg","contentUrl":"https:\/\/dev.explora.cl\/aricayparinacota\/wp-content\/uploads\/sites\/2\/2018\/05\/Miniatura_Taller_de_Robotica_Dario_Salas.jpg","width":223,"height":147},{"@type":"BreadcrumbList","@id":"https:\/\/dev.explora.cl\/aricayparinacota\/estudiantes-de-basica-en-taller-de-robotica-aplicados-y-curiosos-de-principio-a-fin\/#breadcrumb","itemListElement":[{"@type":"ListItem","position":1,"name":"Portada","item":"https:\/\/dev.explora.cl\/aricayparinacota\/"},{"@type":"ListItem","position":2,"name":"Estudiantes de b\u00e1sica en Taller de Rob\u00f3tica Aplicados y curiosos de principio a fin"}]},{"@type":"WebSite","@id":"https:\/\/dev.explora.cl\/aricayparinacota\/#website","url":"https:\/\/dev.explora.cl\/aricayparinacota\/","name":"Arica y Parinacota","description":"Otro sitio m\u00e1s de dev.explora.cl","publisher":{"@id":"https:\/\/dev.explora.cl\/aricayparinacota\/#organization"},"potentialAction":[{"@type":"SearchAction","target":{"@type":"EntryPoint","urlTemplate":"https:\/\/dev.explora.cl\/aricayparinacota\/?s={search_term_string}"},"query-input":{"@type":"PropertyValueSpecification","valueRequired":true,"valueName":"search_term_string"}}],"inLanguage":"es-CL"},{"@type":"Organization","@id":"https:\/\/dev.explora.cl\/aricayparinacota\/#organization","name":"Arica y Parinacota","url":"https:\/\/dev.explora.cl\/aricayparinacota\/","logo":{"@type":"ImageObject","inLanguage":"es-CL","@id":"https:\/\/dev.explora.cl\/aricayparinacota\/#\/schema\/logo\/image\/","url":"https:\/\/dev.explora.cl\/aricayparinacota\/wp-content\/uploads\/sites\/2\/2020\/08\/cropped-nuevosa-logos-11.png","contentUrl":"https:\/\/dev.explora.cl\/aricayparinacota\/wp-content\/uploads\/sites\/2\/2020\/08\/cropped-nuevosa-logos-11.png","width":812,"height":937,"caption":"Arica y Parinacota"},"image":{"@id":"https:\/\/dev.explora.cl\/aricayparinacota\/#\/schema\/logo\/image\/"}},{"@type":"Person","@id":"https:\/\/dev.explora.cl\/aricayparinacota\/#\/schema\/person\/cb8349c13ea2d324080adf8480d7ba5d","name":"webman","image":{"@type":"ImageObject","inLanguage":"es-CL","@id":"https:\/\/dev.explora.cl\/aricayparinacota\/#\/schema\/person\/image\/","url":"https:\/\/secure.gravatar.com\/avatar\/eeff3c82f2c02f7177d13663b7e6f890e9a6a0647ce9bb29cae02dcb094c7312?s=96&d=mm&r=g","contentUrl":"https:\/\/secure.gravatar.com\/avatar\/eeff3c82f2c02f7177d13663b7e6f890e9a6a0647ce9bb29cae02dcb094c7312?s=96&d=mm&r=g","caption":"webman"},"url":"https:\/\/dev.explora.cl\/aricayparinacota\/author\/webman\/"}]}},"_links":{"self":[{"href":"https:\/\/dev.explora.cl\/aricayparinacota\/wp-json\/wp\/v2\/posts\/31265","targetHints":{"allow":["GET"]}}],"collection":[{"href":"https:\/\/dev.explora.cl\/aricayparinacota\/wp-json\/wp\/v2\/posts"}],"about":[{"href":"https:\/\/dev.explora.cl\/aricayparinacota\/wp-json\/wp\/v2\/types\/post"}],"author":[{"embeddable":true,"href":"https:\/\/dev.explora.cl\/aricayparinacota\/wp-json\/wp\/v2\/users\/2"}],"replies":[{"embeddable":true,"href":"https:\/\/dev.explora.cl\/aricayparinacota\/wp-json\/wp\/v2\/comments?post=31265"}],"version-history":[{"count":1,"href":"https:\/\/dev.explora.cl\/aricayparinacota\/wp-json\/wp\/v2\/posts\/31265\/revisions"}],"predecessor-version":[{"id":32824,"href":"https:\/\/dev.explora.cl\/aricayparinacota\/wp-json\/wp\/v2\/posts\/31265\/revisions\/32824"}],"wp:featuredmedia":[{"embeddable":true,"href":"https:\/\/dev.explora.cl\/aricayparinacota\/wp-json\/wp\/v2\/media\/31263"}],"wp:attachment":[{"href":"https:\/\/dev.explora.cl\/aricayparinacota\/wp-json\/wp\/v2\/media?parent=31265"}],"wp:term":[{"taxonomy":"category","embeddable":true,"href":"https:\/\/dev.explora.cl\/aricayparinacota\/wp-json\/wp\/v2\/categories?post=31265"},{"taxonomy":"post_tag","embeddable":true,"href":"https:\/\/dev.explora.cl\/aricayparinacota\/wp-json\/wp\/v2\/tags?post=31265"}],"curies":[{"name":"wp","href":"https:\/\/api.w.org\/{rel}","templated":true}]}}