{"id":31170,"date":"2018-05-07T16:30:56","date_gmt":"2018-05-07T16:30:56","guid":{"rendered":"https:\/\/dev.explora.cl\/2018\/05\/07\/ingenieros-por-un-dia-en-la-uta\/"},"modified":"2019-05-09T20:43:52","modified_gmt":"2019-05-09T20:43:52","slug":"ingenieros-por-un-dia-en-la-uta","status":"publish","type":"post","link":"https:\/\/dev.explora.cl\/aricayparinacota\/ingenieros-por-un-dia-en-la-uta\/","title":{"rendered":"Ingenieros por un d\u00eda en la UTA"},"content":{"rendered":"<\/p>\n<p class=\"m_-890422686535368190x_MsoNormal\" style=\"margin-top: 0px;margin-bottom: 0px;color: #000000;font-family: Calibri, Helvetica, sans-serif;font-size: 16px;font-style: normal;font-weight: 400;letter-spacing: normal;text-indent: 0px;background-color: #ffffff;text-align: justify\"><i><span style=\"font-size: 12pt;line-height: 17.12px;font-family: Arial, sans-serif\">El Taller de Rob\u00f3tica y Energ\u00edas Renovables, fue desarrollado por la Escuela de Ingenier\u00eda El\u00e9ctrica y Electr\u00f3nica de la Universidad de Tarapac\u00e1, y organizada por el<\/span><\/i>&nbsp;<i><span style=\"font-size: 12pt;line-height: 17.12px;font-family: Arial, sans-serif\">PAR Explora de CONICYT Arica y Parinacota.<\/span><\/i><\/p>\n<p class=\"m_-890422686535368190x_MsoNormal\" style=\"margin-top: 0px;margin-bottom: 0px;color: #000000;font-family: Calibri, Helvetica, sans-serif;font-size: 16px;font-style: normal;font-weight: 400;letter-spacing: normal;text-indent: 0px;background-color: #ffffff;text-align: justify\"><span style=\"font-size: 12pt;line-height: 17.12px;font-family: Arial, sans-serif\"><\/span><\/p>\n<p class=\"m_-890422686535368190x_MsoNormal\" style=\"margin-top: 0px;margin-bottom: 0px;color: #000000;font-family: Calibri, Helvetica, sans-serif;font-size: 16px;font-style: normal;font-weight: 400;letter-spacing: normal;text-indent: 0px;background-color: #ffffff;text-align: justify\"><span style=\"font-size: 12pt;line-height: 17.12px;font-family: Arial, sans-serif\">El Laboratorio de Potencia, Comunicaciones y Control Autom\u00e1tico, y el Laboratorio de Rob\u00f3tica, se ubican en el edificio de<\/span>&nbsp;<span style=\"font-size: 12pt;line-height: 17.12px;font-family: Arial, sans-serif\">la Escuela de Ingenier\u00eda El\u00e9ctrica y Electr\u00f3nica de la Universidad de Tarapac\u00e1, campus Saucache, ambos separados por un piso.<\/span><\/p>\n<p class=\"m_-890422686535368190x_MsoNormal\" style=\"margin-top: 0px;margin-bottom: 0px;color: #000000;font-family: Calibri, Helvetica, sans-serif;font-size: 16px;font-style: normal;font-weight: 400;letter-spacing: normal;text-indent: 0px;background-color: #ffffff;text-align: justify\"><span style=\"font-size: 12pt;line-height: 17.12px;font-family: Arial, sans-serif\">Durante un d\u00eda, 35 estudiantes de s\u00e9ptimo b\u00e1sico a cuarto medio, de los colegios San Marcos de Arica y Chile Norte, participaron activamente en el taller preparado para ellos. El fin fue entregar conocimientos te\u00f3rico-pr\u00e1cticos sobre el funcionamiento integral de una Planta Solar Fotovoltaica, as\u00ed como la conversi\u00f3n de la energ\u00eda solar a energ\u00eda el\u00e9ctrica y la importancia de estos procesos. Por otro lado,<\/span><span style=\"font-size: 12pt;line-height: 17.12px;font-family: Arial, sans-serif\">c\u00f3mo se aplica la rob\u00f3tica en la industria y educaci\u00f3n.<\/span><\/p>\n<p class=\"m_-890422686535368190x_MsoNormal\" style=\"margin-top: 0px;margin-bottom: 0px;color: #000000;font-family: Calibri, Helvetica, sans-serif;font-size: 16px;font-style: normal;font-weight: 400;letter-spacing: normal;text-indent: 0px;background-color: #ffffff;text-align: justify\"><span style=\"font-size: 12pt;line-height: 17.12px;font-family: Arial, sans-serif\">Los laboratorios fueron recorridos, observados y fotografiados por los estudiantes; adem\u00e1s los acad\u00e9micos encargados de las clases te\u00f3rico-pr\u00e1cticas, junto a los integrantes de la Academia de Energ\u00edas de la UTA, entregaron gu\u00edas e informaci\u00f3n relevante y aclararon dudas.<\/span><\/p>\n<p class=\"m_-890422686535368190x_MsoNormal\" style=\"margin-top: 0px;margin-bottom: 0px;color: #000000;font-family: Calibri, Helvetica, sans-serif;font-size: 16px;font-style: normal;font-weight: 400;letter-spacing: normal;text-indent: 0px;background-color: #ffffff;text-align: justify\"><span style=\"font-size: 12pt;line-height: 17.12px;font-family: Arial, sans-serif\">Los estudiantes vivieron un d\u00eda en la Universidad con todo el sistema que implic\u00f3 estudiar, almorzar e ir a terreno. La experiencia fue \u00fanica e intransferible.<\/span><\/p>\n<p class=\"m_-890422686535368190x_MsoNormal\" style=\"margin-top: 0px;margin-bottom: 0px;color: #000000;font-family: Calibri, Helvetica, sans-serif;font-size: 16px;font-style: normal;font-weight: 400;letter-spacing: normal;text-indent: 0px;background-color: #ffffff;text-align: justify\"><span style=\"font-size: 12pt;line-height: 17.12px;font-family: Arial, sans-serif\"><\/span><\/p>\n<p class=\"m_-890422686535368190x_MsoNormal\" style=\"margin-top: 0px;margin-bottom: 0px;color: #000000;font-family: Calibri, Helvetica, sans-serif;font-size: 16px;font-style: normal;font-weight: 400;letter-spacing: normal;text-indent: 0px;background-color: #ffffff;text-align: justify\"><span style=\"font-size: 12pt;line-height: 17.12px;font-family: Arial, sans-serif\">COLEGIO CHILE NORTE<\/span><\/p>\n<p class=\"m_-890422686535368190x_MsoNormal\" style=\"margin-top: 0px;margin-bottom: 0px;color: #000000;font-family: Calibri, Helvetica, sans-serif;font-size: 16px;font-style: normal;font-weight: 400;letter-spacing: normal;text-indent: 0px;background-color: #ffffff;text-align: justify\"><span style=\"font-size: 12pt;line-height: 17.12px;font-family: Arial, sans-serif\">Emilio Rivera, dijo que gracias al taller \u201cpude comprender y saber acerca de los paneles, me gust\u00f3 mucho la parte de la rob\u00f3tica y encantado por lo que vine ac\u00e1\u201d. Isa\u00edas Tapia se inclin\u00f3 por \u201cla rob\u00f3tica, c\u00f3mo se organizaban las cosas en el computador para dirigir los robots, eso me llam\u00f3 la atenci\u00f3n\u201d.<\/span><\/p>\n<p class=\"m_-890422686535368190x_MsoNormal\" style=\"margin-top: 0px;margin-bottom: 0px;color: #000000;font-family: Calibri, Helvetica, sans-serif;font-size: 16px;font-style: normal;font-weight: 400;letter-spacing: normal;text-indent: 0px;background-color: #ffffff;text-align: justify\"><span style=\"font-size: 12pt;line-height: 17.12px;font-family: Arial, sans-serif\">Carlos Amigo, se\u00f1al\u00f3 que \u201cme gust\u00f3 programar los comandos, las led y dem\u00e1s, creo que fue bien interactivo este taller\u201d.<\/span><\/p>\n<p class=\"m_-890422686535368190x_MsoNormal\" style=\"margin-top: 0px;margin-bottom: 0px;color: #000000;font-family: Calibri, Helvetica, sans-serif;font-size: 16px;font-style: normal;font-weight: 400;letter-spacing: normal;text-indent: 0px;background-color: #ffffff;text-align: justify\"><span style=\"font-size: 12pt;line-height: 17.12px;font-family: Arial, sans-serif\"><\/span><\/p>\n<p class=\"m_-890422686535368190x_MsoNormal\" style=\"margin-top: 0px;margin-bottom: 0px;color: #000000;font-family: Calibri, Helvetica, sans-serif;font-size: 16px;font-style: normal;font-weight: 400;letter-spacing: normal;text-indent: 0px;background-color: #ffffff;text-align: justify\"><span style=\"font-size: 12pt;line-height: 17.12px;font-family: Arial, sans-serif\">COLEGIO SAN MARCOS DE ARICA<\/span><\/p>\n<p class=\"m_-890422686535368190x_MsoNormal\" style=\"margin-top: 0px;margin-bottom: 0px;color: #000000;font-family: Calibri, Helvetica, sans-serif;font-size: 16px;font-style: normal;font-weight: 400;letter-spacing: normal;text-indent: 0px;background-color: #ffffff;text-align: justify\"><span style=\"font-size: 12pt;line-height: 17.12px;font-family: Arial, sans-serif\">Martin Silva, indic\u00f3 que \u201cme gust\u00f3 como hicieron los talleres porque eran muy interactivos y aprend\u00edas mucho sobre el funcionamiento de las redes el\u00e9ctricas, me voy motivado\u201d. A Francisco Meza, le gust\u00f3 saber m\u00e1s de \u201clas energ\u00edas renovables y sobre los paneles, siento que aprend\u00ed demasiado\u201d.<\/span><\/p>\n<p class=\"m_-890422686535368190x_MsoNormal\" style=\"margin-top: 0px;margin-bottom: 0px;color: #000000;font-family: Calibri, Helvetica, sans-serif;font-size: 16px;font-style: normal;font-weight: 400;letter-spacing: normal;text-indent: 0px;background-color: #ffffff;text-align: justify\"><span style=\"font-size: 12pt;line-height: 17.12px;font-family: Arial, sans-serif\">Diego de la Vega cont\u00f3 sus motivos para participar, \u201cme inscrib\u00ed porque s\u00e9 que es un curso bueno, me gust\u00f3 el tema de las energ\u00edas renovables, que es s\u00faper interesante\u201d.<\/span><\/p>\n<p class=\"m_-890422686535368190x_MsoNormal\" style=\"margin-top: 0px;margin-bottom: 0px;color: #000000;font-family: Calibri, Helvetica, sans-serif;font-size: 16px;font-style: normal;font-weight: 400;letter-spacing: normal;text-indent: 0px;background-color: #ffffff;text-align: justify\"><span style=\"font-size: 12pt;line-height: 17.12px;font-family: Arial, sans-serif\">Omara Lau qued\u00f3 encanta con la rob\u00f3tica \u201cporque me gusta programar y en general no solamente eso, las materias relacionadas y poder crear inteligencia a partir de unos c\u00f3digos y de materiales me parece incre\u00edble, pues estoy intentando programar en \u201cC\u201d, es un gusto personal\u201d.<\/span><\/p>\n<p class=\"m_-890422686535368190x_MsoNormal\" style=\"margin-top: 0px;margin-bottom: 0px;color: #000000;font-family: Calibri, Helvetica, sans-serif;font-size: 16px;font-style: normal;font-weight: 400;letter-spacing: normal;text-indent: 0px;background-color: #ffffff;text-align: justify\"><span style=\"font-size: 12pt;line-height: 17.12px;font-family: Arial, sans-serif\">Los estudiantes pusieron atenci\u00f3n y aprovecharon cada instante para aclarar las inquietudes que fueron surgiendo en el transcurso del d\u00eda. Despu\u00e9s de la salida a terreno, volvieron a sus colegios, con m\u00e1s conocimiento y la experiencia de ser ingenieros por un d\u00eda.<\/span><\/p>\n<p>&nbsp;<\/p>\n<p><img loading=\"lazy\" decoding=\"async\" class=\" size-full wp-image-31169\" src=\"https:\/\/dev.explora.cl\/aricayparinacota\/wp-content\/uploads\/sites\/2\/2018\/05\/Collage_Taller_Robotica_San_Marcos.jpg\" alt=\"Collage Taller Robotica San Marcos\" width=\"900\" height=\"350\" srcset=\"https:\/\/dev.explora.cl\/aricayparinacota\/wp-content\/uploads\/sites\/2\/2018\/05\/Collage_Taller_Robotica_San_Marcos.jpg 900w, https:\/\/dev.explora.cl\/aricayparinacota\/wp-content\/uploads\/sites\/2\/2018\/05\/Collage_Taller_Robotica_San_Marcos-300x117.jpg 300w, https:\/\/dev.explora.cl\/aricayparinacota\/wp-content\/uploads\/sites\/2\/2018\/05\/Collage_Taller_Robotica_San_Marcos-768x299.jpg 768w\" sizes=\"auto, (max-width: 900px) 100vw, 900px\" \/><\/p>\n","protected":false},"excerpt":{"rendered":"<p>El Taller de Rob\u00f3tica y Energ\u00edas Renovables, fue desarrollado por la Escuela de Ingenier\u00eda El\u00e9ctrica y Electr\u00f3nica de la Universidad de Tarapac\u00e1, y organizada por el&nbsp;PAR Explora de CONICYT Arica y Parinacota. El Laboratorio de Potencia, Comunicaciones y Control Autom\u00e1tico, y el Laboratorio de Rob\u00f3tica, se ubican en el edificio de&nbsp;la Escuela de Ingenier\u00eda El\u00e9ctrica [&hellip;]<\/p>\n","protected":false},"author":2,"featured_media":31168,"comment_status":"closed","ping_status":"open","sticky":false,"template":"","format":"standard","meta":{"_acf_changed":false,"_exactmetrics_skip_tracking":false,"_exactmetrics_sitenote_active":false,"_exactmetrics_sitenote_note":"","_exactmetrics_sitenote_category":0,"footnotes":"","_links_to":"","_links_to_target":""},"categories":[4],"tags":[],"class_list":["post-31170","post","type-post","status-publish","format-standard","has-post-thumbnail","hentry","category-noticias"],"acf":[],"yoast_head":"<!-- This site is optimized with the Yoast SEO plugin v26.7 - https:\/\/yoast.com\/wordpress\/plugins\/seo\/ -->\n<title>Ingenieros por un d\u00eda en la UTA - Arica y Parinacota<\/title>\n<meta name=\"robots\" content=\"index, follow, max-snippet:-1, max-image-preview:large, max-video-preview:-1\" \/>\n<link rel=\"canonical\" href=\"https:\/\/dev.explora.cl\/aricayparinacota\/ingenieros-por-un-dia-en-la-uta\/\" class=\"yoast-seo-meta-tag\" \/>\n<meta property=\"og:locale\" content=\"es_ES\" class=\"yoast-seo-meta-tag\" \/>\n<meta property=\"og:type\" content=\"article\" class=\"yoast-seo-meta-tag\" \/>\n<meta property=\"og:title\" content=\"Ingenieros por un d\u00eda en la UTA - Arica y Parinacota\" class=\"yoast-seo-meta-tag\" \/>\n<meta property=\"og:description\" content=\"El Taller de Rob\u00f3tica y Energ\u00edas Renovables, fue desarrollado por la Escuela de Ingenier\u00eda El\u00e9ctrica y Electr\u00f3nica de la Universidad de Tarapac\u00e1, y organizada por el&nbsp;PAR Explora de CONICYT Arica y Parinacota. El Laboratorio de Potencia, Comunicaciones y Control Autom\u00e1tico, y el Laboratorio de Rob\u00f3tica, se ubican en el edificio de&nbsp;la Escuela de Ingenier\u00eda El\u00e9ctrica [&hellip;]\" class=\"yoast-seo-meta-tag\" \/>\n<meta property=\"og:url\" content=\"https:\/\/dev.explora.cl\/aricayparinacota\/ingenieros-por-un-dia-en-la-uta\/\" class=\"yoast-seo-meta-tag\" \/>\n<meta property=\"og:site_name\" content=\"Arica y Parinacota\" class=\"yoast-seo-meta-tag\" \/>\n<meta property=\"article:published_time\" content=\"2018-05-07T16:30:56+00:00\" class=\"yoast-seo-meta-tag\" \/>\n<meta property=\"article:modified_time\" content=\"2019-05-09T20:43:52+00:00\" class=\"yoast-seo-meta-tag\" \/>\n<meta property=\"og:image\" content=\"https:\/\/dev.explora.cl\/aricayparinacota\/wp-content\/uploads\/sites\/2\/2018\/05\/Miniatura_Taller_Robotica_San_Marcos.jpg\" class=\"yoast-seo-meta-tag\" \/>\n\t<meta property=\"og:image:width\" content=\"223\" class=\"yoast-seo-meta-tag\" \/>\n\t<meta property=\"og:image:height\" content=\"147\" class=\"yoast-seo-meta-tag\" \/>\n\t<meta property=\"og:image:type\" content=\"image\/jpeg\" class=\"yoast-seo-meta-tag\" \/>\n<meta name=\"author\" content=\"webman\" class=\"yoast-seo-meta-tag\" \/>\n<meta name=\"twitter:card\" content=\"summary_large_image\" class=\"yoast-seo-meta-tag\" \/>\n<meta name=\"twitter:label1\" content=\"Escrito por\" class=\"yoast-seo-meta-tag\" \/>\n\t<meta name=\"twitter:data1\" content=\"webman\" class=\"yoast-seo-meta-tag\" \/>\n\t<meta name=\"twitter:label2\" content=\"Tiempo estimado de lectura\" class=\"yoast-seo-meta-tag\" \/>\n\t<meta name=\"twitter:data2\" content=\"3 minutos\" class=\"yoast-seo-meta-tag\" \/>\n<script type=\"application\/ld+json\" class=\"yoast-schema-graph\">{\"@context\":\"https:\/\/schema.org\",\"@graph\":[{\"@type\":\"Article\",\"@id\":\"https:\/\/dev.explora.cl\/aricayparinacota\/ingenieros-por-un-dia-en-la-uta\/#article\",\"isPartOf\":{\"@id\":\"https:\/\/dev.explora.cl\/aricayparinacota\/ingenieros-por-un-dia-en-la-uta\/\"},\"author\":{\"name\":\"webman\",\"@id\":\"https:\/\/dev.explora.cl\/aricayparinacota\/#\/schema\/person\/cb8349c13ea2d324080adf8480d7ba5d\"},\"headline\":\"Ingenieros por un d\u00eda en la UTA\",\"datePublished\":\"2018-05-07T16:30:56+00:00\",\"dateModified\":\"2019-05-09T20:43:52+00:00\",\"mainEntityOfPage\":{\"@id\":\"https:\/\/dev.explora.cl\/aricayparinacota\/ingenieros-por-un-dia-en-la-uta\/\"},\"wordCount\":515,\"publisher\":{\"@id\":\"https:\/\/dev.explora.cl\/aricayparinacota\/#organization\"},\"image\":{\"@id\":\"https:\/\/dev.explora.cl\/aricayparinacota\/ingenieros-por-un-dia-en-la-uta\/#primaryimage\"},\"thumbnailUrl\":\"https:\/\/dev.explora.cl\/aricayparinacota\/wp-content\/uploads\/sites\/2\/2018\/05\/Miniatura_Taller_Robotica_San_Marcos.jpg\",\"articleSection\":[\"Noticias\"],\"inLanguage\":\"es-CL\"},{\"@type\":\"WebPage\",\"@id\":\"https:\/\/dev.explora.cl\/aricayparinacota\/ingenieros-por-un-dia-en-la-uta\/\",\"url\":\"https:\/\/dev.explora.cl\/aricayparinacota\/ingenieros-por-un-dia-en-la-uta\/\",\"name\":\"Ingenieros por un d\u00eda en la UTA - Arica y Parinacota\",\"isPartOf\":{\"@id\":\"https:\/\/dev.explora.cl\/aricayparinacota\/#website\"},\"primaryImageOfPage\":{\"@id\":\"https:\/\/dev.explora.cl\/aricayparinacota\/ingenieros-por-un-dia-en-la-uta\/#primaryimage\"},\"image\":{\"@id\":\"https:\/\/dev.explora.cl\/aricayparinacota\/ingenieros-por-un-dia-en-la-uta\/#primaryimage\"},\"thumbnailUrl\":\"https:\/\/dev.explora.cl\/aricayparinacota\/wp-content\/uploads\/sites\/2\/2018\/05\/Miniatura_Taller_Robotica_San_Marcos.jpg\",\"datePublished\":\"2018-05-07T16:30:56+00:00\",\"dateModified\":\"2019-05-09T20:43:52+00:00\",\"breadcrumb\":{\"@id\":\"https:\/\/dev.explora.cl\/aricayparinacota\/ingenieros-por-un-dia-en-la-uta\/#breadcrumb\"},\"inLanguage\":\"es-CL\",\"potentialAction\":[{\"@type\":\"ReadAction\",\"target\":[\"https:\/\/dev.explora.cl\/aricayparinacota\/ingenieros-por-un-dia-en-la-uta\/\"]}]},{\"@type\":\"ImageObject\",\"inLanguage\":\"es-CL\",\"@id\":\"https:\/\/dev.explora.cl\/aricayparinacota\/ingenieros-por-un-dia-en-la-uta\/#primaryimage\",\"url\":\"https:\/\/dev.explora.cl\/aricayparinacota\/wp-content\/uploads\/sites\/2\/2018\/05\/Miniatura_Taller_Robotica_San_Marcos.jpg\",\"contentUrl\":\"https:\/\/dev.explora.cl\/aricayparinacota\/wp-content\/uploads\/sites\/2\/2018\/05\/Miniatura_Taller_Robotica_San_Marcos.jpg\",\"width\":223,\"height\":147},{\"@type\":\"BreadcrumbList\",\"@id\":\"https:\/\/dev.explora.cl\/aricayparinacota\/ingenieros-por-un-dia-en-la-uta\/#breadcrumb\",\"itemListElement\":[{\"@type\":\"ListItem\",\"position\":1,\"name\":\"Portada\",\"item\":\"https:\/\/dev.explora.cl\/aricayparinacota\/\"},{\"@type\":\"ListItem\",\"position\":2,\"name\":\"Ingenieros por un d\u00eda en la UTA\"}]},{\"@type\":\"WebSite\",\"@id\":\"https:\/\/dev.explora.cl\/aricayparinacota\/#website\",\"url\":\"https:\/\/dev.explora.cl\/aricayparinacota\/\",\"name\":\"Arica y Parinacota\",\"description\":\"Otro sitio m\u00e1s de dev.explora.cl\",\"publisher\":{\"@id\":\"https:\/\/dev.explora.cl\/aricayparinacota\/#organization\"},\"potentialAction\":[{\"@type\":\"SearchAction\",\"target\":{\"@type\":\"EntryPoint\",\"urlTemplate\":\"https:\/\/dev.explora.cl\/aricayparinacota\/?s={search_term_string}\"},\"query-input\":{\"@type\":\"PropertyValueSpecification\",\"valueRequired\":true,\"valueName\":\"search_term_string\"}}],\"inLanguage\":\"es-CL\"},{\"@type\":\"Organization\",\"@id\":\"https:\/\/dev.explora.cl\/aricayparinacota\/#organization\",\"name\":\"Arica y Parinacota\",\"url\":\"https:\/\/dev.explora.cl\/aricayparinacota\/\",\"logo\":{\"@type\":\"ImageObject\",\"inLanguage\":\"es-CL\",\"@id\":\"https:\/\/dev.explora.cl\/aricayparinacota\/#\/schema\/logo\/image\/\",\"url\":\"https:\/\/dev.explora.cl\/aricayparinacota\/wp-content\/uploads\/sites\/2\/2020\/08\/cropped-nuevosa-logos-11.png\",\"contentUrl\":\"https:\/\/dev.explora.cl\/aricayparinacota\/wp-content\/uploads\/sites\/2\/2020\/08\/cropped-nuevosa-logos-11.png\",\"width\":812,\"height\":937,\"caption\":\"Arica y Parinacota\"},\"image\":{\"@id\":\"https:\/\/dev.explora.cl\/aricayparinacota\/#\/schema\/logo\/image\/\"}},{\"@type\":\"Person\",\"@id\":\"https:\/\/dev.explora.cl\/aricayparinacota\/#\/schema\/person\/cb8349c13ea2d324080adf8480d7ba5d\",\"name\":\"webman\",\"image\":{\"@type\":\"ImageObject\",\"inLanguage\":\"es-CL\",\"@id\":\"https:\/\/dev.explora.cl\/aricayparinacota\/#\/schema\/person\/image\/\",\"url\":\"https:\/\/secure.gravatar.com\/avatar\/eeff3c82f2c02f7177d13663b7e6f890e9a6a0647ce9bb29cae02dcb094c7312?s=96&d=mm&r=g\",\"contentUrl\":\"https:\/\/secure.gravatar.com\/avatar\/eeff3c82f2c02f7177d13663b7e6f890e9a6a0647ce9bb29cae02dcb094c7312?s=96&d=mm&r=g\",\"caption\":\"webman\"},\"url\":\"https:\/\/dev.explora.cl\/aricayparinacota\/author\/webman\/\"}]}<\/script>\n<!-- \/ Yoast SEO plugin. -->","yoast_head_json":{"title":"Ingenieros por un d\u00eda en la UTA - Arica y Parinacota","robots":{"index":"index","follow":"follow","max-snippet":"max-snippet:-1","max-image-preview":"max-image-preview:large","max-video-preview":"max-video-preview:-1"},"canonical":"https:\/\/dev.explora.cl\/aricayparinacota\/ingenieros-por-un-dia-en-la-uta\/","og_locale":"es_ES","og_type":"article","og_title":"Ingenieros por un d\u00eda en la UTA - Arica y Parinacota","og_description":"El Taller de Rob\u00f3tica y Energ\u00edas Renovables, fue desarrollado por la Escuela de Ingenier\u00eda El\u00e9ctrica y Electr\u00f3nica de la Universidad de Tarapac\u00e1, y organizada por el&nbsp;PAR Explora de CONICYT Arica y Parinacota. El Laboratorio de Potencia, Comunicaciones y Control Autom\u00e1tico, y el Laboratorio de Rob\u00f3tica, se ubican en el edificio de&nbsp;la Escuela de Ingenier\u00eda El\u00e9ctrica [&hellip;]","og_url":"https:\/\/dev.explora.cl\/aricayparinacota\/ingenieros-por-un-dia-en-la-uta\/","og_site_name":"Arica y Parinacota","article_published_time":"2018-05-07T16:30:56+00:00","article_modified_time":"2019-05-09T20:43:52+00:00","og_image":[{"width":223,"height":147,"url":"https:\/\/dev.explora.cl\/aricayparinacota\/wp-content\/uploads\/sites\/2\/2018\/05\/Miniatura_Taller_Robotica_San_Marcos.jpg","type":"image\/jpeg"}],"author":"webman","twitter_card":"summary_large_image","twitter_misc":{"Escrito por":"webman","Tiempo estimado de lectura":"3 minutos"},"schema":{"@context":"https:\/\/schema.org","@graph":[{"@type":"Article","@id":"https:\/\/dev.explora.cl\/aricayparinacota\/ingenieros-por-un-dia-en-la-uta\/#article","isPartOf":{"@id":"https:\/\/dev.explora.cl\/aricayparinacota\/ingenieros-por-un-dia-en-la-uta\/"},"author":{"name":"webman","@id":"https:\/\/dev.explora.cl\/aricayparinacota\/#\/schema\/person\/cb8349c13ea2d324080adf8480d7ba5d"},"headline":"Ingenieros por un d\u00eda en la UTA","datePublished":"2018-05-07T16:30:56+00:00","dateModified":"2019-05-09T20:43:52+00:00","mainEntityOfPage":{"@id":"https:\/\/dev.explora.cl\/aricayparinacota\/ingenieros-por-un-dia-en-la-uta\/"},"wordCount":515,"publisher":{"@id":"https:\/\/dev.explora.cl\/aricayparinacota\/#organization"},"image":{"@id":"https:\/\/dev.explora.cl\/aricayparinacota\/ingenieros-por-un-dia-en-la-uta\/#primaryimage"},"thumbnailUrl":"https:\/\/dev.explora.cl\/aricayparinacota\/wp-content\/uploads\/sites\/2\/2018\/05\/Miniatura_Taller_Robotica_San_Marcos.jpg","articleSection":["Noticias"],"inLanguage":"es-CL"},{"@type":"WebPage","@id":"https:\/\/dev.explora.cl\/aricayparinacota\/ingenieros-por-un-dia-en-la-uta\/","url":"https:\/\/dev.explora.cl\/aricayparinacota\/ingenieros-por-un-dia-en-la-uta\/","name":"Ingenieros por un d\u00eda en la UTA - Arica y Parinacota","isPartOf":{"@id":"https:\/\/dev.explora.cl\/aricayparinacota\/#website"},"primaryImageOfPage":{"@id":"https:\/\/dev.explora.cl\/aricayparinacota\/ingenieros-por-un-dia-en-la-uta\/#primaryimage"},"image":{"@id":"https:\/\/dev.explora.cl\/aricayparinacota\/ingenieros-por-un-dia-en-la-uta\/#primaryimage"},"thumbnailUrl":"https:\/\/dev.explora.cl\/aricayparinacota\/wp-content\/uploads\/sites\/2\/2018\/05\/Miniatura_Taller_Robotica_San_Marcos.jpg","datePublished":"2018-05-07T16:30:56+00:00","dateModified":"2019-05-09T20:43:52+00:00","breadcrumb":{"@id":"https:\/\/dev.explora.cl\/aricayparinacota\/ingenieros-por-un-dia-en-la-uta\/#breadcrumb"},"inLanguage":"es-CL","potentialAction":[{"@type":"ReadAction","target":["https:\/\/dev.explora.cl\/aricayparinacota\/ingenieros-por-un-dia-en-la-uta\/"]}]},{"@type":"ImageObject","inLanguage":"es-CL","@id":"https:\/\/dev.explora.cl\/aricayparinacota\/ingenieros-por-un-dia-en-la-uta\/#primaryimage","url":"https:\/\/dev.explora.cl\/aricayparinacota\/wp-content\/uploads\/sites\/2\/2018\/05\/Miniatura_Taller_Robotica_San_Marcos.jpg","contentUrl":"https:\/\/dev.explora.cl\/aricayparinacota\/wp-content\/uploads\/sites\/2\/2018\/05\/Miniatura_Taller_Robotica_San_Marcos.jpg","width":223,"height":147},{"@type":"BreadcrumbList","@id":"https:\/\/dev.explora.cl\/aricayparinacota\/ingenieros-por-un-dia-en-la-uta\/#breadcrumb","itemListElement":[{"@type":"ListItem","position":1,"name":"Portada","item":"https:\/\/dev.explora.cl\/aricayparinacota\/"},{"@type":"ListItem","position":2,"name":"Ingenieros por un d\u00eda en la UTA"}]},{"@type":"WebSite","@id":"https:\/\/dev.explora.cl\/aricayparinacota\/#website","url":"https:\/\/dev.explora.cl\/aricayparinacota\/","name":"Arica y Parinacota","description":"Otro sitio m\u00e1s de dev.explora.cl","publisher":{"@id":"https:\/\/dev.explora.cl\/aricayparinacota\/#organization"},"potentialAction":[{"@type":"SearchAction","target":{"@type":"EntryPoint","urlTemplate":"https:\/\/dev.explora.cl\/aricayparinacota\/?s={search_term_string}"},"query-input":{"@type":"PropertyValueSpecification","valueRequired":true,"valueName":"search_term_string"}}],"inLanguage":"es-CL"},{"@type":"Organization","@id":"https:\/\/dev.explora.cl\/aricayparinacota\/#organization","name":"Arica y Parinacota","url":"https:\/\/dev.explora.cl\/aricayparinacota\/","logo":{"@type":"ImageObject","inLanguage":"es-CL","@id":"https:\/\/dev.explora.cl\/aricayparinacota\/#\/schema\/logo\/image\/","url":"https:\/\/dev.explora.cl\/aricayparinacota\/wp-content\/uploads\/sites\/2\/2020\/08\/cropped-nuevosa-logos-11.png","contentUrl":"https:\/\/dev.explora.cl\/aricayparinacota\/wp-content\/uploads\/sites\/2\/2020\/08\/cropped-nuevosa-logos-11.png","width":812,"height":937,"caption":"Arica y Parinacota"},"image":{"@id":"https:\/\/dev.explora.cl\/aricayparinacota\/#\/schema\/logo\/image\/"}},{"@type":"Person","@id":"https:\/\/dev.explora.cl\/aricayparinacota\/#\/schema\/person\/cb8349c13ea2d324080adf8480d7ba5d","name":"webman","image":{"@type":"ImageObject","inLanguage":"es-CL","@id":"https:\/\/dev.explora.cl\/aricayparinacota\/#\/schema\/person\/image\/","url":"https:\/\/secure.gravatar.com\/avatar\/eeff3c82f2c02f7177d13663b7e6f890e9a6a0647ce9bb29cae02dcb094c7312?s=96&d=mm&r=g","contentUrl":"https:\/\/secure.gravatar.com\/avatar\/eeff3c82f2c02f7177d13663b7e6f890e9a6a0647ce9bb29cae02dcb094c7312?s=96&d=mm&r=g","caption":"webman"},"url":"https:\/\/dev.explora.cl\/aricayparinacota\/author\/webman\/"}]}},"_links":{"self":[{"href":"https:\/\/dev.explora.cl\/aricayparinacota\/wp-json\/wp\/v2\/posts\/31170","targetHints":{"allow":["GET"]}}],"collection":[{"href":"https:\/\/dev.explora.cl\/aricayparinacota\/wp-json\/wp\/v2\/posts"}],"about":[{"href":"https:\/\/dev.explora.cl\/aricayparinacota\/wp-json\/wp\/v2\/types\/post"}],"author":[{"embeddable":true,"href":"https:\/\/dev.explora.cl\/aricayparinacota\/wp-json\/wp\/v2\/users\/2"}],"replies":[{"embeddable":true,"href":"https:\/\/dev.explora.cl\/aricayparinacota\/wp-json\/wp\/v2\/comments?post=31170"}],"version-history":[{"count":1,"href":"https:\/\/dev.explora.cl\/aricayparinacota\/wp-json\/wp\/v2\/posts\/31170\/revisions"}],"predecessor-version":[{"id":32826,"href":"https:\/\/dev.explora.cl\/aricayparinacota\/wp-json\/wp\/v2\/posts\/31170\/revisions\/32826"}],"wp:featuredmedia":[{"embeddable":true,"href":"https:\/\/dev.explora.cl\/aricayparinacota\/wp-json\/wp\/v2\/media\/31168"}],"wp:attachment":[{"href":"https:\/\/dev.explora.cl\/aricayparinacota\/wp-json\/wp\/v2\/media?parent=31170"}],"wp:term":[{"taxonomy":"category","embeddable":true,"href":"https:\/\/dev.explora.cl\/aricayparinacota\/wp-json\/wp\/v2\/categories?post=31170"},{"taxonomy":"post_tag","embeddable":true,"href":"https:\/\/dev.explora.cl\/aricayparinacota\/wp-json\/wp\/v2\/tags?post=31170"}],"curies":[{"name":"wp","href":"https:\/\/api.w.org\/{rel}","templated":true}]}}