{"id":31120,"date":"2018-05-04T15:27:26","date_gmt":"2018-05-04T15:27:26","guid":{"rendered":"https:\/\/dev.explora.cl\/2018\/05\/04\/en-arica-el-tema-solar-llego-para-quedarse\/"},"modified":"2019-05-09T20:44:15","modified_gmt":"2019-05-09T20:44:15","slug":"en-arica-el-tema-solar-llego-para-quedarse","status":"publish","type":"post","link":"https:\/\/dev.explora.cl\/aricayparinacota\/en-arica-el-tema-solar-llego-para-quedarse\/","title":{"rendered":"En Arica el tema solar lleg\u00f3 para quedarse"},"content":{"rendered":"<p class=\"m_-2121206395709681095x_MsoNormal\" style=\"margin-top: 0px;margin-bottom: 0px;color: #000000;font-family: Calibri, Helvetica, sans-serif;font-size: 16px;font-style: normal;font-weight: 400;letter-spacing: normal;text-indent: 0px;background-color: #ffffff;text-align: justify\"><i><span style=\"font-size: 12pt;line-height: 17.12px;font-family: Arial, sans-serif\">El Taller de Rob\u00f3tica y Energ\u00edas Renovables, fue desarrollado por la Escuela de Ingenier\u00eda El\u00e9ctrica y Electr\u00f3nica de la Universidad de Tarapac\u00e1, y organizado por el<\/span><\/i>&nbsp;<i><span style=\"font-size: 12pt;line-height: 17.12px;font-family: Arial, sans-serif\">PAR Explora de CONICYT Arica y Parinacota.<\/span><\/i><\/p>\n<p class=\"m_-2121206395709681095x_MsoNormal\" style=\"margin-top: 0px;margin-bottom: 0px;color: #000000;font-family: Calibri, Helvetica, sans-serif;font-size: 16px;font-style: normal;font-weight: 400;letter-spacing: normal;text-indent: 0px;background-color: #ffffff;text-align: justify\"><span style=\"font-size: 12pt;line-height: 17.12px;font-family: Arial, sans-serif\"><\/span><\/p>\n<p class=\"m_-2121206395709681095x_MsoNormal\" style=\"margin-top: 0px;margin-bottom: 0px;color: #000000;font-family: Calibri, Helvetica, sans-serif;font-size: 16px;font-style: normal;font-weight: 400;letter-spacing: normal;text-indent: 0px;background-color: #ffffff;text-align: justify\"><span style=\"font-size: 12pt;line-height: 17.12px;font-family: Arial, sans-serif\">La tercera versi\u00f3n del Taller de Rob\u00f3tica y Energ\u00edas Renovables se realiz\u00f3 en una primera sesi\u00f3n con los colegios San Marcos y Chile Norte, en la Escuela de Ingenier\u00eda El\u00e9ctrica y Electr\u00f3nica de la Universidad de Tarapac\u00e1, campus Saucache.<\/span><\/p>\n<p class=\"m_-2121206395709681095x_MsoNormal\" style=\"margin-top: 0px;margin-bottom: 0px;color: #000000;font-family: Calibri, Helvetica, sans-serif;font-size: 16px;font-style: normal;font-weight: 400;letter-spacing: normal;text-indent: 0px;background-color: #ffffff;text-align: justify\"><span style=\"font-size: 12pt;line-height: 17.12px;font-family: Arial, sans-serif\">El taller fue desarrollado en el Laboratorio de Potencia, Comunicaciones y Control Autom\u00e1tico, y el Laboratorio de Rob\u00f3tica, a 35 estudiantes de s\u00e9ptimo b\u00e1sico a cuarto medio.<\/span><\/p>\n<p class=\"m_-2121206395709681095x_MsoNormal\" style=\"margin-top: 0px;margin-bottom: 0px;color: #000000;font-family: Calibri, Helvetica, sans-serif;font-size: 16px;font-style: normal;font-weight: 400;letter-spacing: normal;text-indent: 0px;background-color: #ffffff;text-align: justify\"><span style=\"font-size: 12pt;line-height: 17.12px;font-family: Arial, sans-serif\">La actividad, que forma parte del trabajo conjunto de la Escuela de Ingenier\u00eda El\u00e9ctrica y el PAR Explora de CONICYT Arica y Parinacota, cont\u00f3 con un alto n\u00famero de inscritos, raz\u00f3n por la cual cada establecimiento educacional tuvo que hacer una selecci\u00f3n de los participantes.<\/span><\/p>\n<p class=\"m_-2121206395709681095x_MsoNormal\" style=\"margin-top: 0px;margin-bottom: 0px;color: #000000;font-family: Calibri, Helvetica, sans-serif;font-size: 16px;font-style: normal;font-weight: 400;letter-spacing: normal;text-indent: 0px;background-color: #ffffff;text-align: justify\"><span style=\"font-size: 12pt;line-height: 17.12px;font-family: Arial, sans-serif\">El acad\u00e9mico Manuel Barraza, ingeniero civil electr\u00f3nico, dict\u00f3 el Taller de Rob\u00f3tica, en que se vio el concepto, c\u00f3mo se aplica en la industria y en la educaci\u00f3n; adem\u00e1s de una experiencia donde los estudiantes trabajaron con un robot que siguiera una trayectoria, vale decir, una l\u00ednea de color negro.<\/span><\/p>\n<p class=\"m_-2121206395709681095x_MsoNormal\" style=\"margin-top: 0px;margin-bottom: 0px;color: #000000;font-family: Calibri, Helvetica, sans-serif;font-size: 16px;font-style: normal;font-weight: 400;letter-spacing: normal;text-indent: 0px;background-color: #ffffff;text-align: justify\"><span style=\"font-size: 12pt;line-height: 17.12px;font-family: Arial, sans-serif\">La idea, indica el acad\u00e9mico, es que los j\u00f3venes, a trav\u00e9s de este robot educativo, realizaran la programaci\u00f3n, es por ello que vieron los principios f\u00edsicos, en qu\u00e9 consist\u00edan los sensores y c\u00f3mo trabajaban los motores. \u201cSolo se ocup\u00f3 l\u00f3gica y sin saber mucho de programaci\u00f3n realizaron la tarea a trav\u00e9s de un software que est\u00e1 hecho para educaci\u00f3n y no necesitan saber c\u00f3digos Scratch\u201d.<\/span><\/p>\n<p class=\"m_-2121206395709681095x_MsoNormal\" style=\"margin-top: 0px;margin-bottom: 0px;color: #000000;font-family: Calibri, Helvetica, sans-serif;font-size: 16px;font-style: normal;font-weight: 400;letter-spacing: normal;text-indent: 0px;background-color: #ffffff;text-align: justify\"><span style=\"font-size: 12pt;line-height: 17.12px;font-family: Arial, sans-serif\">Barraza plante\u00f3 que este taller es para que los estudiantes de los colegios \u201cpuedan venir a la Universidad, tambi\u00e9n acercar la tecnolog\u00eda a ni\u00f1os peque\u00f1os para que resuelvan sus dudas y c\u00f3mo funciona su entorno en la parte tecnol\u00f3gica\u201d.<\/span><\/p>\n<p class=\"m_-2121206395709681095x_MsoNormal\" style=\"margin-top: 0px;margin-bottom: 0px;color: #000000;font-family: Calibri, Helvetica, sans-serif;font-size: 16px;font-style: normal;font-weight: 400;letter-spacing: normal;text-indent: 0px;background-color: #ffffff;text-align: justify\"><span style=\"font-size: 12pt;line-height: 17.12px;font-family: Arial, sans-serif\">Horacio D\u00edaz, doctor en ingenier\u00eda el\u00e9ctrica, lider\u00f3 el Taller de Energ\u00edas Renovables no Convencionales, comentando que esta experiencia \u201cnos da varias oportunidades para mostrar el quehacer de nuestra escuela en el \u00e1rea energ\u00e9tica; hoy la actividad liderada por la Academia de Energ\u00eda de estudiantes de ingenier\u00eda el\u00e9ctrica electr\u00f3nica, muestra que hay mucho que hacer en esta \u00e1rea y un gran incentivo para los estudiantes poder trabajar en energ\u00edas limpias\u201d.<\/span><\/p>\n<p class=\"m_-2121206395709681095x_MsoNormal\" style=\"margin-top: 0px;margin-bottom: 0px;color: #000000;font-family: Calibri, Helvetica, sans-serif;font-size: 16px;font-style: normal;font-weight: 400;letter-spacing: normal;text-indent: 0px;background-color: #ffffff;text-align: justify\"><span style=\"font-size: 12pt;line-height: 17.12px;font-family: Arial, sans-serif\">Respecto al alto inter\u00e9s surgido por los talleres, dijo que existe una generaci\u00f3n de j\u00f3venes con mucho inter\u00e9s y muy cr\u00edticos. \u201cLos alumnos que entraron a la Escuela este a\u00f1o fue record, est\u00e1 muy alineado lo que est\u00e1 pasando, hoy el tema energ\u00e9tico a nivel nacional est\u00e1 cada vez posicion\u00e1ndose m\u00e1s, hay un gran desaf\u00edo por delante y un campo laboral con muchas posibilidades. En Arica el tema solar lleg\u00f3 para quedarse hace rato y el alumno ya se va dando cuenta en todos los niveles, con el tema rob\u00f3tico pasa lo mismo\u201d.<\/span><\/p>\n<p class=\"m_-2121206395709681095x_MsoNormal\" style=\"margin-top: 0px;margin-bottom: 0px;color: #000000;font-family: Calibri, Helvetica, sans-serif;font-size: 16px;font-style: normal;font-weight: 400;letter-spacing: normal;text-indent: 0px;background-color: #ffffff;text-align: justify\"><span style=\"font-size: 12pt;line-height: 17.12px;font-family: Arial, sans-serif\">Enzo Collado, egresado de la Escuela de Ingenier\u00eda Civil Electr\u00f3nica, es integrante de la Academia de Energ\u00edas UTA y trabaj\u00f3 directamente con los 35 estudiantes que&nbsp;&nbsp;participaron en el taller dictado en forma intensiva durante un d\u00eda. Los temas tratados fueron la energ\u00eda solar, su utilizaci\u00f3n en industrias y en hogares.<\/span><\/p>\n<p class=\"m_-2121206395709681095x_MsoNormal\" style=\"margin-top: 0px;margin-bottom: 0px;color: #000000;font-family: Calibri, Helvetica, sans-serif;font-size: 16px;font-style: normal;font-weight: 400;letter-spacing: normal;text-indent: 0px;background-color: #ffffff;text-align: justify\"><span style=\"font-size: 12pt;line-height: 17.12px;font-family: Arial, sans-serif\">En el laboratorio los estudiantes conocieron los distintos tipos de paneles y aprendieron a hacer un conexionado en serie de cargas, mediciones a baja escala con apoyo matem\u00e1tico, mediciones de corrientes de voltajes y corrientes de una peque\u00f1a celda solar, adem\u00e1s recib<br \/>\nieron gu\u00edas de trabajo para aprender a sacarle el punto m\u00e1ximo de potencia que entregan los paneles.<\/span><\/p>\n<p class=\"m_-2121206395709681095x_MsoNormal\" style=\"margin-top: 0px;margin-bottom: 0px;color: #000000;font-family: Calibri, Helvetica, sans-serif;font-size: 16px;font-style: normal;font-weight: 400;letter-spacing: normal;text-indent: 0px;background-color: #ffffff;text-align: justify\"><span style=\"font-size: 12pt;line-height: 17.12px;font-family: Arial, sans-serif\">El equipo de acad\u00e9micos y estudiantes de ingenier\u00eda el\u00e9ctrica electr\u00f3nica, espera las nuevas sesiones con los estudiantes ya inscritos, que este mes de mayo participar\u00e1n de la misma experiencia de quienes dieron inicio a esta tercera versi\u00f3n de talleres para encantarse con robots y energ\u00edas limpias.<\/span><\/p>\n<p>&nbsp;<\/p>\n<p><img loading=\"lazy\" decoding=\"async\" class=\" size-full wp-image-31119\" src=\"https:\/\/dev.explora.cl\/aricayparinacota\/wp-content\/uploads\/sites\/2\/2018\/05\/Collage_Tema_Solar.jpg\" alt=\"Collage Tema Solar\" width=\"900\" height=\"400\" srcset=\"https:\/\/dev.explora.cl\/aricayparinacota\/wp-content\/uploads\/sites\/2\/2018\/05\/Collage_Tema_Solar.jpg 900w, https:\/\/dev.explora.cl\/aricayparinacota\/wp-content\/uploads\/sites\/2\/2018\/05\/Collage_Tema_Solar-300x133.jpg 300w, https:\/\/dev.explora.cl\/aricayparinacota\/wp-content\/uploads\/sites\/2\/2018\/05\/Collage_Tema_Solar-768x341.jpg 768w\" sizes=\"auto, (max-width: 900px) 100vw, 900px\" \/><\/p>\n","protected":false},"excerpt":{"rendered":"<p>El Taller de Rob\u00f3tica y Energ\u00edas Renovables, fue desarrollado por la Escuela de Ingenier\u00eda El\u00e9ctrica y Electr\u00f3nica de la Universidad de Tarapac\u00e1, y organizado por el&nbsp;PAR Explora de CONICYT Arica y Parinacota. La tercera versi\u00f3n del Taller de Rob\u00f3tica y Energ\u00edas Renovables se realiz\u00f3 en una primera sesi\u00f3n con los colegios San Marcos y Chile [&hellip;]<\/p>\n","protected":false},"author":2,"featured_media":31118,"comment_status":"closed","ping_status":"open","sticky":false,"template":"","format":"standard","meta":{"_acf_changed":false,"_exactmetrics_skip_tracking":false,"_exactmetrics_sitenote_active":false,"_exactmetrics_sitenote_note":"","_exactmetrics_sitenote_category":0,"footnotes":"","_links_to":"","_links_to_target":""},"categories":[4],"tags":[],"class_list":["post-31120","post","type-post","status-publish","format-standard","has-post-thumbnail","hentry","category-noticias"],"acf":[],"yoast_head":"<!-- This site is optimized with the Yoast SEO plugin v26.7 - https:\/\/yoast.com\/wordpress\/plugins\/seo\/ -->\n<title>En Arica el tema solar lleg\u00f3 para quedarse - Arica y Parinacota<\/title>\n<meta name=\"robots\" content=\"index, follow, max-snippet:-1, max-image-preview:large, max-video-preview:-1\" \/>\n<link rel=\"canonical\" href=\"https:\/\/dev.explora.cl\/aricayparinacota\/en-arica-el-tema-solar-llego-para-quedarse\/\" class=\"yoast-seo-meta-tag\" \/>\n<meta property=\"og:locale\" content=\"es_ES\" class=\"yoast-seo-meta-tag\" \/>\n<meta property=\"og:type\" content=\"article\" class=\"yoast-seo-meta-tag\" \/>\n<meta property=\"og:title\" content=\"En Arica el tema solar lleg\u00f3 para quedarse - Arica y Parinacota\" class=\"yoast-seo-meta-tag\" \/>\n<meta property=\"og:description\" content=\"El Taller de Rob\u00f3tica y Energ\u00edas Renovables, fue desarrollado por la Escuela de Ingenier\u00eda El\u00e9ctrica y Electr\u00f3nica de la Universidad de Tarapac\u00e1, y organizado por el&nbsp;PAR Explora de CONICYT Arica y Parinacota. La tercera versi\u00f3n del Taller de Rob\u00f3tica y Energ\u00edas Renovables se realiz\u00f3 en una primera sesi\u00f3n con los colegios San Marcos y Chile [&hellip;]\" class=\"yoast-seo-meta-tag\" \/>\n<meta property=\"og:url\" content=\"https:\/\/dev.explora.cl\/aricayparinacota\/en-arica-el-tema-solar-llego-para-quedarse\/\" class=\"yoast-seo-meta-tag\" \/>\n<meta property=\"og:site_name\" content=\"Arica y Parinacota\" class=\"yoast-seo-meta-tag\" \/>\n<meta property=\"article:published_time\" content=\"2018-05-04T15:27:26+00:00\" class=\"yoast-seo-meta-tag\" \/>\n<meta property=\"article:modified_time\" content=\"2019-05-09T20:44:15+00:00\" class=\"yoast-seo-meta-tag\" \/>\n<meta property=\"og:image\" content=\"https:\/\/dev.explora.cl\/aricayparinacota\/wp-content\/uploads\/sites\/2\/2018\/05\/Miniatura_Tema_Solar.jpg\" class=\"yoast-seo-meta-tag\" \/>\n\t<meta property=\"og:image:width\" content=\"223\" class=\"yoast-seo-meta-tag\" \/>\n\t<meta property=\"og:image:height\" content=\"147\" class=\"yoast-seo-meta-tag\" \/>\n\t<meta property=\"og:image:type\" content=\"image\/jpeg\" class=\"yoast-seo-meta-tag\" \/>\n<meta name=\"author\" content=\"webman\" class=\"yoast-seo-meta-tag\" \/>\n<meta name=\"twitter:card\" content=\"summary_large_image\" class=\"yoast-seo-meta-tag\" \/>\n<meta name=\"twitter:label1\" content=\"Escrito por\" class=\"yoast-seo-meta-tag\" \/>\n\t<meta name=\"twitter:data1\" content=\"webman\" class=\"yoast-seo-meta-tag\" \/>\n\t<meta name=\"twitter:label2\" content=\"Tiempo estimado de lectura\" class=\"yoast-seo-meta-tag\" \/>\n\t<meta name=\"twitter:data2\" content=\"4 minutos\" class=\"yoast-seo-meta-tag\" \/>\n<script type=\"application\/ld+json\" class=\"yoast-schema-graph\">{\"@context\":\"https:\/\/schema.org\",\"@graph\":[{\"@type\":\"Article\",\"@id\":\"https:\/\/dev.explora.cl\/aricayparinacota\/en-arica-el-tema-solar-llego-para-quedarse\/#article\",\"isPartOf\":{\"@id\":\"https:\/\/dev.explora.cl\/aricayparinacota\/en-arica-el-tema-solar-llego-para-quedarse\/\"},\"author\":{\"name\":\"webman\",\"@id\":\"https:\/\/dev.explora.cl\/aricayparinacota\/#\/schema\/person\/cb8349c13ea2d324080adf8480d7ba5d\"},\"headline\":\"En Arica el tema solar lleg\u00f3 para quedarse\",\"datePublished\":\"2018-05-04T15:27:26+00:00\",\"dateModified\":\"2019-05-09T20:44:15+00:00\",\"mainEntityOfPage\":{\"@id\":\"https:\/\/dev.explora.cl\/aricayparinacota\/en-arica-el-tema-solar-llego-para-quedarse\/\"},\"wordCount\":711,\"publisher\":{\"@id\":\"https:\/\/dev.explora.cl\/aricayparinacota\/#organization\"},\"image\":{\"@id\":\"https:\/\/dev.explora.cl\/aricayparinacota\/en-arica-el-tema-solar-llego-para-quedarse\/#primaryimage\"},\"thumbnailUrl\":\"https:\/\/dev.explora.cl\/aricayparinacota\/wp-content\/uploads\/sites\/2\/2018\/05\/Miniatura_Tema_Solar.jpg\",\"articleSection\":[\"Noticias\"],\"inLanguage\":\"es-CL\"},{\"@type\":\"WebPage\",\"@id\":\"https:\/\/dev.explora.cl\/aricayparinacota\/en-arica-el-tema-solar-llego-para-quedarse\/\",\"url\":\"https:\/\/dev.explora.cl\/aricayparinacota\/en-arica-el-tema-solar-llego-para-quedarse\/\",\"name\":\"En Arica el tema solar lleg\u00f3 para quedarse - Arica y Parinacota\",\"isPartOf\":{\"@id\":\"https:\/\/dev.explora.cl\/aricayparinacota\/#website\"},\"primaryImageOfPage\":{\"@id\":\"https:\/\/dev.explora.cl\/aricayparinacota\/en-arica-el-tema-solar-llego-para-quedarse\/#primaryimage\"},\"image\":{\"@id\":\"https:\/\/dev.explora.cl\/aricayparinacota\/en-arica-el-tema-solar-llego-para-quedarse\/#primaryimage\"},\"thumbnailUrl\":\"https:\/\/dev.explora.cl\/aricayparinacota\/wp-content\/uploads\/sites\/2\/2018\/05\/Miniatura_Tema_Solar.jpg\",\"datePublished\":\"2018-05-04T15:27:26+00:00\",\"dateModified\":\"2019-05-09T20:44:15+00:00\",\"breadcrumb\":{\"@id\":\"https:\/\/dev.explora.cl\/aricayparinacota\/en-arica-el-tema-solar-llego-para-quedarse\/#breadcrumb\"},\"inLanguage\":\"es-CL\",\"potentialAction\":[{\"@type\":\"ReadAction\",\"target\":[\"https:\/\/dev.explora.cl\/aricayparinacota\/en-arica-el-tema-solar-llego-para-quedarse\/\"]}]},{\"@type\":\"ImageObject\",\"inLanguage\":\"es-CL\",\"@id\":\"https:\/\/dev.explora.cl\/aricayparinacota\/en-arica-el-tema-solar-llego-para-quedarse\/#primaryimage\",\"url\":\"https:\/\/dev.explora.cl\/aricayparinacota\/wp-content\/uploads\/sites\/2\/2018\/05\/Miniatura_Tema_Solar.jpg\",\"contentUrl\":\"https:\/\/dev.explora.cl\/aricayparinacota\/wp-content\/uploads\/sites\/2\/2018\/05\/Miniatura_Tema_Solar.jpg\",\"width\":223,\"height\":147},{\"@type\":\"BreadcrumbList\",\"@id\":\"https:\/\/dev.explora.cl\/aricayparinacota\/en-arica-el-tema-solar-llego-para-quedarse\/#breadcrumb\",\"itemListElement\":[{\"@type\":\"ListItem\",\"position\":1,\"name\":\"Portada\",\"item\":\"https:\/\/dev.explora.cl\/aricayparinacota\/\"},{\"@type\":\"ListItem\",\"position\":2,\"name\":\"En Arica el tema solar lleg\u00f3 para quedarse\"}]},{\"@type\":\"WebSite\",\"@id\":\"https:\/\/dev.explora.cl\/aricayparinacota\/#website\",\"url\":\"https:\/\/dev.explora.cl\/aricayparinacota\/\",\"name\":\"Arica y Parinacota\",\"description\":\"Otro sitio m\u00e1s de dev.explora.cl\",\"publisher\":{\"@id\":\"https:\/\/dev.explora.cl\/aricayparinacota\/#organization\"},\"potentialAction\":[{\"@type\":\"SearchAction\",\"target\":{\"@type\":\"EntryPoint\",\"urlTemplate\":\"https:\/\/dev.explora.cl\/aricayparinacota\/?s={search_term_string}\"},\"query-input\":{\"@type\":\"PropertyValueSpecification\",\"valueRequired\":true,\"valueName\":\"search_term_string\"}}],\"inLanguage\":\"es-CL\"},{\"@type\":\"Organization\",\"@id\":\"https:\/\/dev.explora.cl\/aricayparinacota\/#organization\",\"name\":\"Arica y Parinacota\",\"url\":\"https:\/\/dev.explora.cl\/aricayparinacota\/\",\"logo\":{\"@type\":\"ImageObject\",\"inLanguage\":\"es-CL\",\"@id\":\"https:\/\/dev.explora.cl\/aricayparinacota\/#\/schema\/logo\/image\/\",\"url\":\"https:\/\/dev.explora.cl\/aricayparinacota\/wp-content\/uploads\/sites\/2\/2020\/08\/cropped-nuevosa-logos-11.png\",\"contentUrl\":\"https:\/\/dev.explora.cl\/aricayparinacota\/wp-content\/uploads\/sites\/2\/2020\/08\/cropped-nuevosa-logos-11.png\",\"width\":812,\"height\":937,\"caption\":\"Arica y Parinacota\"},\"image\":{\"@id\":\"https:\/\/dev.explora.cl\/aricayparinacota\/#\/schema\/logo\/image\/\"}},{\"@type\":\"Person\",\"@id\":\"https:\/\/dev.explora.cl\/aricayparinacota\/#\/schema\/person\/cb8349c13ea2d324080adf8480d7ba5d\",\"name\":\"webman\",\"image\":{\"@type\":\"ImageObject\",\"inLanguage\":\"es-CL\",\"@id\":\"https:\/\/dev.explora.cl\/aricayparinacota\/#\/schema\/person\/image\/\",\"url\":\"https:\/\/secure.gravatar.com\/avatar\/eeff3c82f2c02f7177d13663b7e6f890e9a6a0647ce9bb29cae02dcb094c7312?s=96&d=mm&r=g\",\"contentUrl\":\"https:\/\/secure.gravatar.com\/avatar\/eeff3c82f2c02f7177d13663b7e6f890e9a6a0647ce9bb29cae02dcb094c7312?s=96&d=mm&r=g\",\"caption\":\"webman\"},\"url\":\"https:\/\/dev.explora.cl\/aricayparinacota\/author\/webman\/\"}]}<\/script>\n<!-- \/ Yoast SEO plugin. -->","yoast_head_json":{"title":"En Arica el tema solar lleg\u00f3 para quedarse - Arica y Parinacota","robots":{"index":"index","follow":"follow","max-snippet":"max-snippet:-1","max-image-preview":"max-image-preview:large","max-video-preview":"max-video-preview:-1"},"canonical":"https:\/\/dev.explora.cl\/aricayparinacota\/en-arica-el-tema-solar-llego-para-quedarse\/","og_locale":"es_ES","og_type":"article","og_title":"En Arica el tema solar lleg\u00f3 para quedarse - Arica y Parinacota","og_description":"El Taller de Rob\u00f3tica y Energ\u00edas Renovables, fue desarrollado por la Escuela de Ingenier\u00eda El\u00e9ctrica y Electr\u00f3nica de la Universidad de Tarapac\u00e1, y organizado por el&nbsp;PAR Explora de CONICYT Arica y Parinacota. La tercera versi\u00f3n del Taller de Rob\u00f3tica y Energ\u00edas Renovables se realiz\u00f3 en una primera sesi\u00f3n con los colegios San Marcos y Chile [&hellip;]","og_url":"https:\/\/dev.explora.cl\/aricayparinacota\/en-arica-el-tema-solar-llego-para-quedarse\/","og_site_name":"Arica y Parinacota","article_published_time":"2018-05-04T15:27:26+00:00","article_modified_time":"2019-05-09T20:44:15+00:00","og_image":[{"width":223,"height":147,"url":"https:\/\/dev.explora.cl\/aricayparinacota\/wp-content\/uploads\/sites\/2\/2018\/05\/Miniatura_Tema_Solar.jpg","type":"image\/jpeg"}],"author":"webman","twitter_card":"summary_large_image","twitter_misc":{"Escrito por":"webman","Tiempo estimado de lectura":"4 minutos"},"schema":{"@context":"https:\/\/schema.org","@graph":[{"@type":"Article","@id":"https:\/\/dev.explora.cl\/aricayparinacota\/en-arica-el-tema-solar-llego-para-quedarse\/#article","isPartOf":{"@id":"https:\/\/dev.explora.cl\/aricayparinacota\/en-arica-el-tema-solar-llego-para-quedarse\/"},"author":{"name":"webman","@id":"https:\/\/dev.explora.cl\/aricayparinacota\/#\/schema\/person\/cb8349c13ea2d324080adf8480d7ba5d"},"headline":"En Arica el tema solar lleg\u00f3 para quedarse","datePublished":"2018-05-04T15:27:26+00:00","dateModified":"2019-05-09T20:44:15+00:00","mainEntityOfPage":{"@id":"https:\/\/dev.explora.cl\/aricayparinacota\/en-arica-el-tema-solar-llego-para-quedarse\/"},"wordCount":711,"publisher":{"@id":"https:\/\/dev.explora.cl\/aricayparinacota\/#organization"},"image":{"@id":"https:\/\/dev.explora.cl\/aricayparinacota\/en-arica-el-tema-solar-llego-para-quedarse\/#primaryimage"},"thumbnailUrl":"https:\/\/dev.explora.cl\/aricayparinacota\/wp-content\/uploads\/sites\/2\/2018\/05\/Miniatura_Tema_Solar.jpg","articleSection":["Noticias"],"inLanguage":"es-CL"},{"@type":"WebPage","@id":"https:\/\/dev.explora.cl\/aricayparinacota\/en-arica-el-tema-solar-llego-para-quedarse\/","url":"https:\/\/dev.explora.cl\/aricayparinacota\/en-arica-el-tema-solar-llego-para-quedarse\/","name":"En Arica el tema solar lleg\u00f3 para quedarse - Arica y Parinacota","isPartOf":{"@id":"https:\/\/dev.explora.cl\/aricayparinacota\/#website"},"primaryImageOfPage":{"@id":"https:\/\/dev.explora.cl\/aricayparinacota\/en-arica-el-tema-solar-llego-para-quedarse\/#primaryimage"},"image":{"@id":"https:\/\/dev.explora.cl\/aricayparinacota\/en-arica-el-tema-solar-llego-para-quedarse\/#primaryimage"},"thumbnailUrl":"https:\/\/dev.explora.cl\/aricayparinacota\/wp-content\/uploads\/sites\/2\/2018\/05\/Miniatura_Tema_Solar.jpg","datePublished":"2018-05-04T15:27:26+00:00","dateModified":"2019-05-09T20:44:15+00:00","breadcrumb":{"@id":"https:\/\/dev.explora.cl\/aricayparinacota\/en-arica-el-tema-solar-llego-para-quedarse\/#breadcrumb"},"inLanguage":"es-CL","potentialAction":[{"@type":"ReadAction","target":["https:\/\/dev.explora.cl\/aricayparinacota\/en-arica-el-tema-solar-llego-para-quedarse\/"]}]},{"@type":"ImageObject","inLanguage":"es-CL","@id":"https:\/\/dev.explora.cl\/aricayparinacota\/en-arica-el-tema-solar-llego-para-quedarse\/#primaryimage","url":"https:\/\/dev.explora.cl\/aricayparinacota\/wp-content\/uploads\/sites\/2\/2018\/05\/Miniatura_Tema_Solar.jpg","contentUrl":"https:\/\/dev.explora.cl\/aricayparinacota\/wp-content\/uploads\/sites\/2\/2018\/05\/Miniatura_Tema_Solar.jpg","width":223,"height":147},{"@type":"BreadcrumbList","@id":"https:\/\/dev.explora.cl\/aricayparinacota\/en-arica-el-tema-solar-llego-para-quedarse\/#breadcrumb","itemListElement":[{"@type":"ListItem","position":1,"name":"Portada","item":"https:\/\/dev.explora.cl\/aricayparinacota\/"},{"@type":"ListItem","position":2,"name":"En Arica el tema solar lleg\u00f3 para quedarse"}]},{"@type":"WebSite","@id":"https:\/\/dev.explora.cl\/aricayparinacota\/#website","url":"https:\/\/dev.explora.cl\/aricayparinacota\/","name":"Arica y Parinacota","description":"Otro sitio m\u00e1s de dev.explora.cl","publisher":{"@id":"https:\/\/dev.explora.cl\/aricayparinacota\/#organization"},"potentialAction":[{"@type":"SearchAction","target":{"@type":"EntryPoint","urlTemplate":"https:\/\/dev.explora.cl\/aricayparinacota\/?s={search_term_string}"},"query-input":{"@type":"PropertyValueSpecification","valueRequired":true,"valueName":"search_term_string"}}],"inLanguage":"es-CL"},{"@type":"Organization","@id":"https:\/\/dev.explora.cl\/aricayparinacota\/#organization","name":"Arica y Parinacota","url":"https:\/\/dev.explora.cl\/aricayparinacota\/","logo":{"@type":"ImageObject","inLanguage":"es-CL","@id":"https:\/\/dev.explora.cl\/aricayparinacota\/#\/schema\/logo\/image\/","url":"https:\/\/dev.explora.cl\/aricayparinacota\/wp-content\/uploads\/sites\/2\/2020\/08\/cropped-nuevosa-logos-11.png","contentUrl":"https:\/\/dev.explora.cl\/aricayparinacota\/wp-content\/uploads\/sites\/2\/2020\/08\/cropped-nuevosa-logos-11.png","width":812,"height":937,"caption":"Arica y Parinacota"},"image":{"@id":"https:\/\/dev.explora.cl\/aricayparinacota\/#\/schema\/logo\/image\/"}},{"@type":"Person","@id":"https:\/\/dev.explora.cl\/aricayparinacota\/#\/schema\/person\/cb8349c13ea2d324080adf8480d7ba5d","name":"webman","image":{"@type":"ImageObject","inLanguage":"es-CL","@id":"https:\/\/dev.explora.cl\/aricayparinacota\/#\/schema\/person\/image\/","url":"https:\/\/secure.gravatar.com\/avatar\/eeff3c82f2c02f7177d13663b7e6f890e9a6a0647ce9bb29cae02dcb094c7312?s=96&d=mm&r=g","contentUrl":"https:\/\/secure.gravatar.com\/avatar\/eeff3c82f2c02f7177d13663b7e6f890e9a6a0647ce9bb29cae02dcb094c7312?s=96&d=mm&r=g","caption":"webman"},"url":"https:\/\/dev.explora.cl\/aricayparinacota\/author\/webman\/"}]}},"_links":{"self":[{"href":"https:\/\/dev.explora.cl\/aricayparinacota\/wp-json\/wp\/v2\/posts\/31120","targetHints":{"allow":["GET"]}}],"collection":[{"href":"https:\/\/dev.explora.cl\/aricayparinacota\/wp-json\/wp\/v2\/posts"}],"about":[{"href":"https:\/\/dev.explora.cl\/aricayparinacota\/wp-json\/wp\/v2\/types\/post"}],"author":[{"embeddable":true,"href":"https:\/\/dev.explora.cl\/aricayparinacota\/wp-json\/wp\/v2\/users\/2"}],"replies":[{"embeddable":true,"href":"https:\/\/dev.explora.cl\/aricayparinacota\/wp-json\/wp\/v2\/comments?post=31120"}],"version-history":[{"count":1,"href":"https:\/\/dev.explora.cl\/aricayparinacota\/wp-json\/wp\/v2\/posts\/31120\/revisions"}],"predecessor-version":[{"id":32829,"href":"https:\/\/dev.explora.cl\/aricayparinacota\/wp-json\/wp\/v2\/posts\/31120\/revisions\/32829"}],"wp:featuredmedia":[{"embeddable":true,"href":"https:\/\/dev.explora.cl\/aricayparinacota\/wp-json\/wp\/v2\/media\/31118"}],"wp:attachment":[{"href":"https:\/\/dev.explora.cl\/aricayparinacota\/wp-json\/wp\/v2\/media?parent=31120"}],"wp:term":[{"taxonomy":"category","embeddable":true,"href":"https:\/\/dev.explora.cl\/aricayparinacota\/wp-json\/wp\/v2\/categories?post=31120"},{"taxonomy":"post_tag","embeddable":true,"href":"https:\/\/dev.explora.cl\/aricayparinacota\/wp-json\/wp\/v2\/tags?post=31120"}],"curies":[{"name":"wp","href":"https:\/\/api.w.org\/{rel}","templated":true}]}}