{"id":30918,"date":"2018-04-23T15:12:38","date_gmt":"2018-04-23T15:12:38","guid":{"rendered":"https:\/\/dev.explora.cl\/2018\/04\/23\/el-compromiso-con-la-region-fue-el-motor-de-nuestro-quehacer\/"},"modified":"2019-05-09T20:44:25","modified_gmt":"2019-05-09T20:44:25","slug":"el-compromiso-con-la-region-fue-el-motor-de-nuestro-quehacer","status":"publish","type":"post","link":"https:\/\/dev.explora.cl\/aricayparinacota\/el-compromiso-con-la-region-fue-el-motor-de-nuestro-quehacer\/","title":{"rendered":"El compromiso con la regi\u00f3n fue el motor de nuestro quehacer"},"content":{"rendered":"<p class=\"m_-8214745231525304084x_x_MsoNormal\" style=\"margin-top: 0px;margin-bottom: 0px;color: #000000;font-family: Calibri, Helvetica, sans-serif;font-size: 16px;font-style: normal;font-weight: 400;letter-spacing: normal;text-indent: 0px;background-color: #ffffff;text-align: justify\"><i><span style=\"font-size: 12pt;line-height: 18.4px;font-family: Arial, sans-serif\">Un notorio incremento en la participaci\u00f3n de establecimientos educacionales e&nbsp;&nbsp;investigadores, son parte de los resultados evidenciados en la cuenta de gesti\u00f3n 2017 del Proyecto Asociativo Regional Explora de la Universidad de Tarapac\u00e1.<span style=\"text-decoration: underline\"><\/span><span style=\"text-decoration: underline\"><\/span><\/span><\/i><\/p>\n<p class=\"m_-8214745231525304084x_x_MsoNormal\" style=\"margin-top: 0px;margin-bottom: 0px;color: #000000;font-family: Calibri, Helvetica, sans-serif;font-size: 16px;font-style: normal;font-weight: 400;letter-spacing: normal;text-indent: 0px;background-color: #ffffff;text-align: justify\"><span style=\"font-size: 12pt;line-height: 18.4px;font-family: Arial, sans-serif\"><span style=\"text-decoration: underline\"><\/span>&nbsp;<span style=\"text-decoration: underline\"><\/span><\/span><\/p>\n<p class=\"m_-8214745231525304084x_x_MsoNormal\" style=\"margin-top: 0px;margin-bottom: 0px;color: #000000;font-family: Calibri, Helvetica, sans-serif;font-size: 16px;font-style: normal;font-weight: 400;letter-spacing: normal;text-indent: 0px;background-color: #ffffff;text-align: justify\"><span style=\"font-size: 12pt;line-height: 18.4px;font-family: Arial, sans-serif\">Fueron 23 mil estudiantes los que participaron en el Proyecto Explora, ejecutado por la Universidad de Tarapac\u00e1, el a\u00f1o 2017, un a\u00f1o denominado &#8220;de los compromisos y del crecimiento\u201d. Se realizaron 27 actividades con establecimientos p\u00fablicos y privados, con un incremento de cinco mil estudiantes m\u00e1s que el a\u00f1o 2016, especific\u00f3 la directora M\u00f3nica Navarrete. Los trabajos realizados se concentraron en dos ejes: valoraci\u00f3n, que enmarca actividades como academias, talleres y congresos; y divulgaci\u00f3n, relacionado con charlas, visitas a museos y laboratorios, entre otros.<\/span><\/p>\n<p class=\"m_-8214745231525304084x_x_MsoNormal\" style=\"margin-top: 0px;margin-bottom: 0px;color: #000000;font-family: Calibri, Helvetica, sans-serif;font-size: 16px;font-style: normal;font-weight: 400;letter-spacing: normal;text-indent: 0px;background-color: #ffffff;text-align: justify\"><span style=\"font-size: 12pt;line-height: 18.4px;font-family: Arial, sans-serif\"><\/span><\/p>\n<p class=\"m_-8214745231525304084x_x_MsoNormal\" style=\"margin-top: 0px;margin-bottom: 0px;color: #000000;font-family: Calibri, Helvetica, sans-serif;font-size: 16px;font-style: normal;font-weight: 400;letter-spacing: normal;text-indent: 0px;background-color: #ffffff;text-align: justify\"><span style=\"font-size: 12pt;line-height: 18.4px;font-family: Arial, sans-serif\">Estos datos fueron entregados en la cuenta de gesti\u00f3n del segundo a\u00f1o del proyecto enmarcado en la ciencia, en que participaron directores de establecimientos educacionales, profesores, cient\u00edficos e investigadores de la Regi\u00f3n de Arica y Parinacota.<span style=\"text-decoration: underline\"><\/span><span style=\"text-decoration: underline\"><\/span><\/span><\/p>\n<p class=\"m_-8214745231525304084x_x_MsoNormal\" style=\"margin-top: 0px;margin-bottom: 0px;color: #000000;font-family: Calibri, Helvetica, sans-serif;font-size: 16px;font-style: normal;font-weight: 400;letter-spacing: normal;text-indent: 0px;background-color: #ffffff;text-align: justify\"><span style=\"font-size: 12pt;line-height: 18.4px;font-family: Arial, sans-serif\"><\/span><\/p>\n<p class=\"m_-8214745231525304084x_x_MsoNormal\" style=\"margin-top: 0px;margin-bottom: 0px;color: #000000;font-family: Calibri, Helvetica, sans-serif;font-size: 16px;font-style: normal;font-weight: 400;letter-spacing: normal;text-indent: 0px;background-color: #ffffff;text-align: justify\"><span style=\"font-size: 12pt;line-height: 18.4px;font-family: Arial, sans-serif\">Explora fue creado por Conicyt para promover acciones en ciencia y tecnolog\u00eda y contribuir a la generaci\u00f3n de una cultura cient\u00edfica y tecnol\u00f3gica en la comunidad, con especial \u00e9nfasis entre quienes se encuentran en edad escolar.<span style=\"text-decoration: underline\"><\/span><span style=\"text-decoration: underline\"><\/span><\/span><\/p>\n<p class=\"m_-8214745231525304084x_x_MsoNormal\" style=\"margin-top: 0px;margin-bottom: 0px;color: #000000;font-family: Calibri, Helvetica, sans-serif;font-size: 16px;font-style: normal;font-weight: 400;letter-spacing: normal;text-indent: 0px;background-color: #ffffff;text-align: justify\"><span style=\"font-size: 12pt;line-height: 18.4px;font-family: Arial, sans-serif\"><\/span><\/p>\n<p class=\"m_-8214745231525304084x_x_MsoNormal\" style=\"margin-top: 0px;margin-bottom: 0px;color: #000000;font-family: Calibri, Helvetica, sans-serif;font-size: 16px;font-style: normal;font-weight: 400;letter-spacing: normal;text-indent: 0px;background-color: #ffffff;text-align: justify\"><span style=\"font-size: 12pt;line-height: 18.4px;font-family: Arial, sans-serif\">En Arica y Parinacota, algunas actividades realizadas durante el a\u00f1o fueron: Congreso Regional Escolar de la Ciencia y la Tecnolog\u00eda, Feria Infantil de Ciencia y Tecnolog\u00eda, Festival Escolar de Teatro y Ciencia, Academia Etnomatem\u00e1tica, Taller de Plantas Nativas para Uso Medicinal, Taller de Rob\u00f3tica y Energ\u00edas Renovables No Convencionales, Talleres de educaci\u00f3n cient\u00edfica para profesores, Competencia Escolar de Videojuego de Patrimonio Cultural, 1000 Cient\u00edficos 1000 Aulas, Gymkhana Matem\u00e1tica y Excursiones Cient\u00edficas, Tecnol\u00f3gicas y\/o Patrimoniales, entre otros.<span style=\"text-decoration: underline\"><\/span><span style=\"text-decoration: underline\"><\/span><\/span><\/p>\n<p class=\"m_-8214745231525304084x_x_MsoNormal\" style=\"margin-top: 0px;margin-bottom: 0px;color: #000000;font-family: Calibri, Helvetica, sans-serif;font-size: 16px;font-style: normal;font-weight: 400;letter-spacing: normal;text-indent: 0px;background-color: #ffffff;text-align: justify\"><span style=\"font-size: 12pt;line-height: 18.4px;font-family: Arial, sans-serif\"><\/span><\/p>\n<p class=\"m_-8214745231525304084x_x_MsoNormal\" style=\"margin-top: 0px;margin-bottom: 0px;color: #000000;font-family: Calibri, Helvetica, sans-serif;font-size: 16px;font-style: normal;font-weight: 400;letter-spacing: normal;text-indent: 0px;background-color: #ffffff;text-align: justify\"><span style=\"font-size: 12pt;line-height: 18.4px;font-family: Arial, sans-serif\">Pero esta lista de temas desarrollados no fue todo. Se suman dos grandes gestiones que beneficiaron a los estudiantes de la regi\u00f3n. Una de ellas fue la realizaci\u00f3n del Campamento Escolar de Ciencia y Tecnolog\u00eda en la Regi\u00f3n de O\u2019Higgins con 156 estudiantes; y la otra, el Congreso Nacional Escolar de Ciencia y Tecnolog\u00eda en Arica que reuni\u00f3 a m\u00e1s de 450 personas, entre estudiantes, profesores e investigadores.<span style=\"text-decoration: underline\"><\/span><span style=\"text-decoration: underline\"><\/span><\/span><\/p>\n<p class=\"m_-8214745231525304084x_x_MsoNormal\" style=\"margin-top: 0px;margin-bottom: 0px;color: #000000;font-family: Calibri, Helvetica, sans-serif;font-size: 16px;font-style: normal;font-weight: 400;letter-spacing: normal;text-indent: 0px;background-color: #ffffff;text-align: justify\"><span style=\"font-size: 12pt;line-height: 18.4px;font-family: Arial, sans-serif\"><\/span><\/p>\n<p class=\"m_-8214745231525304084x_x_MsoNormal\" style=\"margin-top: 0px;margin-bottom: 0px;color: #000000;font-family: Calibri, Helvetica, sans-serif;font-size: 16px;font-style: normal;font-weight: 400;letter-spacing: normal;text-indent: 0px;background-color: #ffffff;text-align: justify\"><span style=\"font-size: 12pt;line-height: 18.4px;font-family: Arial, sans-serif\">Para la directora del proyecto, mostrar las cifras y actividades realizadas enorgullece a este equipo por el&nbsp; compromiso asumido desde el primer d\u00eda donde \u201cel creer en lo que hacemos y el sentir responsabilidad por nuestra regi\u00f3n, motiv\u00f3 a los profesionales que desarrollan este proyecto a cumplir cada propues<br \/>\nta elaborada como propia\u201d.<\/span><\/p>\n<p class=\"m_-8214745231525304084x_x_MsoNormal\" style=\"margin-top: 0px;margin-bottom: 0px;color: #000000;font-family: Calibri, Helvetica, sans-serif;font-size: 16px;font-style: normal;font-weight: 400;letter-spacing: normal;text-indent: 0px;background-color: #ffffff;text-align: justify\"><span style=\"font-size: 12pt;line-height: 18.4px;font-family: Arial, sans-serif\"><\/span><\/p>\n<p class=\"m_-8214745231525304084x_x_MsoNormal\" style=\"margin-top: 0px;margin-bottom: 0px;color: #000000;font-family: Calibri, Helvetica, sans-serif;font-size: 16px;font-style: normal;font-weight: 400;letter-spacing: normal;text-indent: 0px;background-color: #ffffff;text-align: justify\"><span style=\"font-size: 12pt;line-height: 18.4px;font-family: Arial, sans-serif\">A\u00d1O 2018<span style=\"text-decoration: underline\"><\/span><span style=\"text-decoration: underline\"><\/span><\/span><\/p>\n<p class=\"m_-8214745231525304084x_x_MsoNormal\" style=\"margin-top: 0px;margin-bottom: 0px;color: #000000;font-family: Calibri, Helvetica, sans-serif;font-size: 16px;font-style: normal;font-weight: 400;letter-spacing: normal;text-indent: 0px;background-color: #ffffff;text-align: justify\"><span style=\"font-size: 12pt;line-height: 18.4px;font-family: Arial, sans-serif\"><\/span><\/p>\n<p class=\"m_-8214745231525304084x_x_MsoNormal\" style=\"margin-top: 0px;margin-bottom: 0px;color: #000000;font-family: Calibri, Helvetica, sans-serif;font-size: 16px;font-style: normal;font-weight: 400;letter-spacing: normal;text-indent: 0px;background-color: #ffffff;text-align: justify\"><span style=\"font-size: 12pt;line-height: 18.4px;font-family: Arial, sans-serif\">Para el presente a\u00f1o se incorpor\u00f3 el producto \u201cTus Competencias en Ciencias\u201d para educaci\u00f3n parvularia con un kit gratuito de ciencias con m\u00e1s de 30 actividades, una gu\u00eda metodol\u00f3gica y capacitaci\u00f3n docente. Otra novedad, dada a conocer por el coordinador ejecutivo de Explora, Claudio Fuentes, es la Feria Infantil que se realizar\u00e1 s\u00f3lo para los m\u00e1s peque\u00f1os, los que tendr\u00e1n desde cuenta cuentos a juegos variados para mantenerse entretenidos.<span style=\"text-decoration: underline\"><\/span><span style=\"text-decoration: underline\"><\/span><\/span><\/p>\n<p class=\"m_-8214745231525304084x_x_MsoNormal\" style=\"margin-top: 0px;margin-bottom: 0px;color: #000000;font-family: Calibri, Helvetica, sans-serif;font-size: 16px;font-style: normal;font-weight: 400;letter-spacing: normal;text-indent: 0px;background-color: #ffffff;text-align: justify\"><span style=\"font-size: 12pt;line-height: 18.4px;font-family: Arial, sans-serif\"><\/span><\/p>\n<p class=\"m_-8214745231525304084x_x_MsoNormal\" style=\"margin-top: 0px;margin-bottom: 0px;color: #000000;font-family: Calibri, Helvetica, sans-serif;font-size: 16px;font-style: normal;font-weight: 400;letter-spacing: normal;text-indent: 0px;background-color: #ffffff;text-align: justify\"><span style=\"font-size: 12pt;line-height: 18.4px;font-family: Arial, sans-serif\">\u201cEstamos aportado a la inclusi\u00f3n, ya que la ciencia es para todos, por eso hemos hecho los esfuerzos por generar actividades de integraci\u00f3n con educaci\u00f3n especial, talleres de &#8220;juego, experimento y aprendo&#8221; y una muestra itinerante para los establecimientos que lo requieran\u201d, indic\u00f3 el coordinador.<span style=\"text-decoration: underline\"><\/span><span style=\"text-decoration: underline\"><\/span><\/span><\/p>\n<p class=\"m_-8214745231525304084x_x_MsoNormal\" style=\"margin-top: 0px;margin-bottom: 0px;color: #000000;font-family: Calibri, Helvetica, sans-serif;font-size: 16px;font-style: normal;font-weight: 400;letter-spacing: normal;text-indent: 0px;background-color: #ffffff;text-align: justify\"><span style=\"font-size: 12pt;line-height: 18.4px;font-family: Arial, sans-serif\"><\/span><\/p>\n<p class=\"m_-8214745231525304084x_x_MsoNormal\" style=\"margin-top: 0px;margin-bottom: 0px;color: #000000;font-family: Calibri, Helvetica, sans-serif;font-size: 16px;font-style: normal;font-weight: 400;letter-spacing: normal;text-indent: 0px;background-color: #ffffff;text-align: justify\"><span style=\"font-size: 12pt;line-height: 18.4px;font-family: Arial, sans-serif\">En la cuenta de gesti\u00f3n se entreg\u00f3 el Anuario 2017 a todos los participantes y luego se invit\u00f3 a un brillante y colorido cierre de la actividad con el Ballet Folcl\u00f3rico de la Universidad de Tarapac\u00e1.<span style=\"text-decoration: underline\"><\/span><span style=\"text-decoration: underline\"><\/span><\/span><\/p>\n<p class=\"m_-8214745231525304084x_x_MsoNormal\" style=\"margin-top: 0px;margin-bottom: 0px;color: #000000;font-family: Calibri, Helvetica, sans-serif;font-size: 16px;font-style: normal;font-weight: 400;letter-spacing: normal;text-indent: 0px;background-color: #ffffff;text-align: justify\"><span style=\"font-size: 12pt;line-height: 18.4px;font-family: Arial, sans-serif\"><\/span><\/p>\n<p class=\"m_-8214745231525304084x_x_MsoNormal\" style=\"margin-top: 0px;margin-bottom: 0px;color: #000000;font-family: Calibri, Helvetica, sans-serif;font-size: 16px;font-style: normal;font-weight: 400;letter-spacing: normal;text-indent: 0px;background-color: #ffffff;text-align: justify\"><span style=\"font-size: 12pt;line-height: 18.4px;font-family: Arial, sans-serif\">Cada uno de los asistentes se fue motivado con las nuevas propuestas que se desarrollar\u00e1n el presente a\u00f1o, con la mejor calidad posible, porque este a\u00f1o, a juicio de la directora, \u201cla cantidad de actividades no jug\u00f3 en contra de la calidad de ellas, porque tener la camiseta puesta por la educaci\u00f3n es el eslogan para nosotros\u201d, dijo.<\/span><\/p>\n","protected":false},"excerpt":{"rendered":"<p>Un notorio incremento en la participaci\u00f3n de establecimientos educacionales e&nbsp;&nbsp;investigadores, son parte de los resultados evidenciados en la cuenta de gesti\u00f3n 2017 del Proyecto Asociativo Regional Explora de la Universidad de Tarapac\u00e1. &nbsp; Fueron 23 mil estudiantes los que participaron en el Proyecto Explora, ejecutado por la Universidad de Tarapac\u00e1, el a\u00f1o 2017, un a\u00f1o [&hellip;]<\/p>\n","protected":false},"author":2,"featured_media":30917,"comment_status":"closed","ping_status":"open","sticky":false,"template":"","format":"standard","meta":{"_acf_changed":false,"_exactmetrics_skip_tracking":false,"_exactmetrics_sitenote_active":false,"_exactmetrics_sitenote_note":"","_exactmetrics_sitenote_category":0,"footnotes":"","_links_to":"","_links_to_target":""},"categories":[4],"tags":[],"class_list":["post-30918","post","type-post","status-publish","format-standard","has-post-thumbnail","hentry","category-noticias"],"acf":[],"yoast_head":"<!-- This site is optimized with the Yoast SEO plugin v26.7 - https:\/\/yoast.com\/wordpress\/plugins\/seo\/ -->\n<title>El compromiso con la regi\u00f3n fue el motor de nuestro quehacer - Arica y Parinacota<\/title>\n<meta name=\"robots\" content=\"index, follow, max-snippet:-1, max-image-preview:large, max-video-preview:-1\" \/>\n<link rel=\"canonical\" href=\"https:\/\/dev.explora.cl\/aricayparinacota\/el-compromiso-con-la-region-fue-el-motor-de-nuestro-quehacer\/\" class=\"yoast-seo-meta-tag\" \/>\n<meta property=\"og:locale\" content=\"es_ES\" class=\"yoast-seo-meta-tag\" \/>\n<meta property=\"og:type\" content=\"article\" class=\"yoast-seo-meta-tag\" \/>\n<meta property=\"og:title\" content=\"El compromiso con la regi\u00f3n fue el motor de nuestro quehacer - Arica y Parinacota\" class=\"yoast-seo-meta-tag\" \/>\n<meta property=\"og:description\" content=\"Un notorio incremento en la participaci\u00f3n de establecimientos educacionales e&nbsp;&nbsp;investigadores, son parte de los resultados evidenciados en la cuenta de gesti\u00f3n 2017 del Proyecto Asociativo Regional Explora de la Universidad de Tarapac\u00e1. &nbsp; Fueron 23 mil estudiantes los que participaron en el Proyecto Explora, ejecutado por la Universidad de Tarapac\u00e1, el a\u00f1o 2017, un a\u00f1o [&hellip;]\" class=\"yoast-seo-meta-tag\" \/>\n<meta property=\"og:url\" content=\"https:\/\/dev.explora.cl\/aricayparinacota\/el-compromiso-con-la-region-fue-el-motor-de-nuestro-quehacer\/\" class=\"yoast-seo-meta-tag\" \/>\n<meta property=\"og:site_name\" content=\"Arica y Parinacota\" class=\"yoast-seo-meta-tag\" \/>\n<meta property=\"article:published_time\" content=\"2018-04-23T15:12:38+00:00\" class=\"yoast-seo-meta-tag\" \/>\n<meta property=\"article:modified_time\" content=\"2019-05-09T20:44:25+00:00\" class=\"yoast-seo-meta-tag\" \/>\n<meta property=\"og:image\" content=\"https:\/\/dev.explora.cl\/aricayparinacota\/wp-content\/uploads\/sites\/2\/2018\/04\/Miniatura_Nota_Compromiso.jpg\" class=\"yoast-seo-meta-tag\" \/>\n\t<meta property=\"og:image:width\" content=\"223\" class=\"yoast-seo-meta-tag\" \/>\n\t<meta property=\"og:image:height\" content=\"147\" class=\"yoast-seo-meta-tag\" \/>\n\t<meta property=\"og:image:type\" content=\"image\/jpeg\" class=\"yoast-seo-meta-tag\" \/>\n<meta name=\"author\" content=\"webman\" class=\"yoast-seo-meta-tag\" \/>\n<meta name=\"twitter:card\" content=\"summary_large_image\" class=\"yoast-seo-meta-tag\" \/>\n<meta name=\"twitter:label1\" content=\"Escrito por\" class=\"yoast-seo-meta-tag\" \/>\n\t<meta name=\"twitter:data1\" content=\"webman\" class=\"yoast-seo-meta-tag\" \/>\n\t<meta name=\"twitter:label2\" content=\"Tiempo estimado de lectura\" class=\"yoast-seo-meta-tag\" \/>\n\t<meta name=\"twitter:data2\" content=\"3 minutos\" class=\"yoast-seo-meta-tag\" \/>\n<script type=\"application\/ld+json\" class=\"yoast-schema-graph\">{\"@context\":\"https:\/\/schema.org\",\"@graph\":[{\"@type\":\"Article\",\"@id\":\"https:\/\/dev.explora.cl\/aricayparinacota\/el-compromiso-con-la-region-fue-el-motor-de-nuestro-quehacer\/#article\",\"isPartOf\":{\"@id\":\"https:\/\/dev.explora.cl\/aricayparinacota\/el-compromiso-con-la-region-fue-el-motor-de-nuestro-quehacer\/\"},\"author\":{\"name\":\"webman\",\"@id\":\"https:\/\/dev.explora.cl\/aricayparinacota\/#\/schema\/person\/cb8349c13ea2d324080adf8480d7ba5d\"},\"headline\":\"El compromiso con la regi\u00f3n fue el motor de nuestro quehacer\",\"datePublished\":\"2018-04-23T15:12:38+00:00\",\"dateModified\":\"2019-05-09T20:44:25+00:00\",\"mainEntityOfPage\":{\"@id\":\"https:\/\/dev.explora.cl\/aricayparinacota\/el-compromiso-con-la-region-fue-el-motor-de-nuestro-quehacer\/\"},\"wordCount\":660,\"publisher\":{\"@id\":\"https:\/\/dev.explora.cl\/aricayparinacota\/#organization\"},\"image\":{\"@id\":\"https:\/\/dev.explora.cl\/aricayparinacota\/el-compromiso-con-la-region-fue-el-motor-de-nuestro-quehacer\/#primaryimage\"},\"thumbnailUrl\":\"https:\/\/dev.explora.cl\/aricayparinacota\/wp-content\/uploads\/sites\/2\/2018\/04\/Miniatura_Nota_Compromiso.jpg\",\"articleSection\":[\"Noticias\"],\"inLanguage\":\"es-CL\"},{\"@type\":\"WebPage\",\"@id\":\"https:\/\/dev.explora.cl\/aricayparinacota\/el-compromiso-con-la-region-fue-el-motor-de-nuestro-quehacer\/\",\"url\":\"https:\/\/dev.explora.cl\/aricayparinacota\/el-compromiso-con-la-region-fue-el-motor-de-nuestro-quehacer\/\",\"name\":\"El compromiso con la regi\u00f3n fue el motor de nuestro quehacer - Arica y Parinacota\",\"isPartOf\":{\"@id\":\"https:\/\/dev.explora.cl\/aricayparinacota\/#website\"},\"primaryImageOfPage\":{\"@id\":\"https:\/\/dev.explora.cl\/aricayparinacota\/el-compromiso-con-la-region-fue-el-motor-de-nuestro-quehacer\/#primaryimage\"},\"image\":{\"@id\":\"https:\/\/dev.explora.cl\/aricayparinacota\/el-compromiso-con-la-region-fue-el-motor-de-nuestro-quehacer\/#primaryimage\"},\"thumbnailUrl\":\"https:\/\/dev.explora.cl\/aricayparinacota\/wp-content\/uploads\/sites\/2\/2018\/04\/Miniatura_Nota_Compromiso.jpg\",\"datePublished\":\"2018-04-23T15:12:38+00:00\",\"dateModified\":\"2019-05-09T20:44:25+00:00\",\"breadcrumb\":{\"@id\":\"https:\/\/dev.explora.cl\/aricayparinacota\/el-compromiso-con-la-region-fue-el-motor-de-nuestro-quehacer\/#breadcrumb\"},\"inLanguage\":\"es-CL\",\"potentialAction\":[{\"@type\":\"ReadAction\",\"target\":[\"https:\/\/dev.explora.cl\/aricayparinacota\/el-compromiso-con-la-region-fue-el-motor-de-nuestro-quehacer\/\"]}]},{\"@type\":\"ImageObject\",\"inLanguage\":\"es-CL\",\"@id\":\"https:\/\/dev.explora.cl\/aricayparinacota\/el-compromiso-con-la-region-fue-el-motor-de-nuestro-quehacer\/#primaryimage\",\"url\":\"https:\/\/dev.explora.cl\/aricayparinacota\/wp-content\/uploads\/sites\/2\/2018\/04\/Miniatura_Nota_Compromiso.jpg\",\"contentUrl\":\"https:\/\/dev.explora.cl\/aricayparinacota\/wp-content\/uploads\/sites\/2\/2018\/04\/Miniatura_Nota_Compromiso.jpg\",\"width\":223,\"height\":147},{\"@type\":\"BreadcrumbList\",\"@id\":\"https:\/\/dev.explora.cl\/aricayparinacota\/el-compromiso-con-la-region-fue-el-motor-de-nuestro-quehacer\/#breadcrumb\",\"itemListElement\":[{\"@type\":\"ListItem\",\"position\":1,\"name\":\"Portada\",\"item\":\"https:\/\/dev.explora.cl\/aricayparinacota\/\"},{\"@type\":\"ListItem\",\"position\":2,\"name\":\"El compromiso con la regi\u00f3n fue el motor de nuestro quehacer\"}]},{\"@type\":\"WebSite\",\"@id\":\"https:\/\/dev.explora.cl\/aricayparinacota\/#website\",\"url\":\"https:\/\/dev.explora.cl\/aricayparinacota\/\",\"name\":\"Arica y Parinacota\",\"description\":\"Otro sitio m\u00e1s de dev.explora.cl\",\"publisher\":{\"@id\":\"https:\/\/dev.explora.cl\/aricayparinacota\/#organization\"},\"potentialAction\":[{\"@type\":\"SearchAction\",\"target\":{\"@type\":\"EntryPoint\",\"urlTemplate\":\"https:\/\/dev.explora.cl\/aricayparinacota\/?s={search_term_string}\"},\"query-input\":{\"@type\":\"PropertyValueSpecification\",\"valueRequired\":true,\"valueName\":\"search_term_string\"}}],\"inLanguage\":\"es-CL\"},{\"@type\":\"Organization\",\"@id\":\"https:\/\/dev.explora.cl\/aricayparinacota\/#organization\",\"name\":\"Arica y Parinacota\",\"url\":\"https:\/\/dev.explora.cl\/aricayparinacota\/\",\"logo\":{\"@type\":\"ImageObject\",\"inLanguage\":\"es-CL\",\"@id\":\"https:\/\/dev.explora.cl\/aricayparinacota\/#\/schema\/logo\/image\/\",\"url\":\"https:\/\/dev.explora.cl\/aricayparinacota\/wp-content\/uploads\/sites\/2\/2020\/08\/cropped-nuevosa-logos-11.png\",\"contentUrl\":\"https:\/\/dev.explora.cl\/aricayparinacota\/wp-content\/uploads\/sites\/2\/2020\/08\/cropped-nuevosa-logos-11.png\",\"width\":812,\"height\":937,\"caption\":\"Arica y Parinacota\"},\"image\":{\"@id\":\"https:\/\/dev.explora.cl\/aricayparinacota\/#\/schema\/logo\/image\/\"}},{\"@type\":\"Person\",\"@id\":\"https:\/\/dev.explora.cl\/aricayparinacota\/#\/schema\/person\/cb8349c13ea2d324080adf8480d7ba5d\",\"name\":\"webman\",\"image\":{\"@type\":\"ImageObject\",\"inLanguage\":\"es-CL\",\"@id\":\"https:\/\/dev.explora.cl\/aricayparinacota\/#\/schema\/person\/image\/\",\"url\":\"https:\/\/secure.gravatar.com\/avatar\/eeff3c82f2c02f7177d13663b7e6f890e9a6a0647ce9bb29cae02dcb094c7312?s=96&d=mm&r=g\",\"contentUrl\":\"https:\/\/secure.gravatar.com\/avatar\/eeff3c82f2c02f7177d13663b7e6f890e9a6a0647ce9bb29cae02dcb094c7312?s=96&d=mm&r=g\",\"caption\":\"webman\"},\"url\":\"https:\/\/dev.explora.cl\/aricayparinacota\/author\/webman\/\"}]}<\/script>\n<!-- \/ Yoast SEO plugin. -->","yoast_head_json":{"title":"El compromiso con la regi\u00f3n fue el motor de nuestro quehacer - Arica y Parinacota","robots":{"index":"index","follow":"follow","max-snippet":"max-snippet:-1","max-image-preview":"max-image-preview:large","max-video-preview":"max-video-preview:-1"},"canonical":"https:\/\/dev.explora.cl\/aricayparinacota\/el-compromiso-con-la-region-fue-el-motor-de-nuestro-quehacer\/","og_locale":"es_ES","og_type":"article","og_title":"El compromiso con la regi\u00f3n fue el motor de nuestro quehacer - Arica y Parinacota","og_description":"Un notorio incremento en la participaci\u00f3n de establecimientos educacionales e&nbsp;&nbsp;investigadores, son parte de los resultados evidenciados en la cuenta de gesti\u00f3n 2017 del Proyecto Asociativo Regional Explora de la Universidad de Tarapac\u00e1. &nbsp; Fueron 23 mil estudiantes los que participaron en el Proyecto Explora, ejecutado por la Universidad de Tarapac\u00e1, el a\u00f1o 2017, un a\u00f1o [&hellip;]","og_url":"https:\/\/dev.explora.cl\/aricayparinacota\/el-compromiso-con-la-region-fue-el-motor-de-nuestro-quehacer\/","og_site_name":"Arica y Parinacota","article_published_time":"2018-04-23T15:12:38+00:00","article_modified_time":"2019-05-09T20:44:25+00:00","og_image":[{"width":223,"height":147,"url":"https:\/\/dev.explora.cl\/aricayparinacota\/wp-content\/uploads\/sites\/2\/2018\/04\/Miniatura_Nota_Compromiso.jpg","type":"image\/jpeg"}],"author":"webman","twitter_card":"summary_large_image","twitter_misc":{"Escrito por":"webman","Tiempo estimado de lectura":"3 minutos"},"schema":{"@context":"https:\/\/schema.org","@graph":[{"@type":"Article","@id":"https:\/\/dev.explora.cl\/aricayparinacota\/el-compromiso-con-la-region-fue-el-motor-de-nuestro-quehacer\/#article","isPartOf":{"@id":"https:\/\/dev.explora.cl\/aricayparinacota\/el-compromiso-con-la-region-fue-el-motor-de-nuestro-quehacer\/"},"author":{"name":"webman","@id":"https:\/\/dev.explora.cl\/aricayparinacota\/#\/schema\/person\/cb8349c13ea2d324080adf8480d7ba5d"},"headline":"El compromiso con la regi\u00f3n fue el motor de nuestro quehacer","datePublished":"2018-04-23T15:12:38+00:00","dateModified":"2019-05-09T20:44:25+00:00","mainEntityOfPage":{"@id":"https:\/\/dev.explora.cl\/aricayparinacota\/el-compromiso-con-la-region-fue-el-motor-de-nuestro-quehacer\/"},"wordCount":660,"publisher":{"@id":"https:\/\/dev.explora.cl\/aricayparinacota\/#organization"},"image":{"@id":"https:\/\/dev.explora.cl\/aricayparinacota\/el-compromiso-con-la-region-fue-el-motor-de-nuestro-quehacer\/#primaryimage"},"thumbnailUrl":"https:\/\/dev.explora.cl\/aricayparinacota\/wp-content\/uploads\/sites\/2\/2018\/04\/Miniatura_Nota_Compromiso.jpg","articleSection":["Noticias"],"inLanguage":"es-CL"},{"@type":"WebPage","@id":"https:\/\/dev.explora.cl\/aricayparinacota\/el-compromiso-con-la-region-fue-el-motor-de-nuestro-quehacer\/","url":"https:\/\/dev.explora.cl\/aricayparinacota\/el-compromiso-con-la-region-fue-el-motor-de-nuestro-quehacer\/","name":"El compromiso con la regi\u00f3n fue el motor de nuestro quehacer - Arica y Parinacota","isPartOf":{"@id":"https:\/\/dev.explora.cl\/aricayparinacota\/#website"},"primaryImageOfPage":{"@id":"https:\/\/dev.explora.cl\/aricayparinacota\/el-compromiso-con-la-region-fue-el-motor-de-nuestro-quehacer\/#primaryimage"},"image":{"@id":"https:\/\/dev.explora.cl\/aricayparinacota\/el-compromiso-con-la-region-fue-el-motor-de-nuestro-quehacer\/#primaryimage"},"thumbnailUrl":"https:\/\/dev.explora.cl\/aricayparinacota\/wp-content\/uploads\/sites\/2\/2018\/04\/Miniatura_Nota_Compromiso.jpg","datePublished":"2018-04-23T15:12:38+00:00","dateModified":"2019-05-09T20:44:25+00:00","breadcrumb":{"@id":"https:\/\/dev.explora.cl\/aricayparinacota\/el-compromiso-con-la-region-fue-el-motor-de-nuestro-quehacer\/#breadcrumb"},"inLanguage":"es-CL","potentialAction":[{"@type":"ReadAction","target":["https:\/\/dev.explora.cl\/aricayparinacota\/el-compromiso-con-la-region-fue-el-motor-de-nuestro-quehacer\/"]}]},{"@type":"ImageObject","inLanguage":"es-CL","@id":"https:\/\/dev.explora.cl\/aricayparinacota\/el-compromiso-con-la-region-fue-el-motor-de-nuestro-quehacer\/#primaryimage","url":"https:\/\/dev.explora.cl\/aricayparinacota\/wp-content\/uploads\/sites\/2\/2018\/04\/Miniatura_Nota_Compromiso.jpg","contentUrl":"https:\/\/dev.explora.cl\/aricayparinacota\/wp-content\/uploads\/sites\/2\/2018\/04\/Miniatura_Nota_Compromiso.jpg","width":223,"height":147},{"@type":"BreadcrumbList","@id":"https:\/\/dev.explora.cl\/aricayparinacota\/el-compromiso-con-la-region-fue-el-motor-de-nuestro-quehacer\/#breadcrumb","itemListElement":[{"@type":"ListItem","position":1,"name":"Portada","item":"https:\/\/dev.explora.cl\/aricayparinacota\/"},{"@type":"ListItem","position":2,"name":"El compromiso con la regi\u00f3n fue el motor de nuestro quehacer"}]},{"@type":"WebSite","@id":"https:\/\/dev.explora.cl\/aricayparinacota\/#website","url":"https:\/\/dev.explora.cl\/aricayparinacota\/","name":"Arica y Parinacota","description":"Otro sitio m\u00e1s de dev.explora.cl","publisher":{"@id":"https:\/\/dev.explora.cl\/aricayparinacota\/#organization"},"potentialAction":[{"@type":"SearchAction","target":{"@type":"EntryPoint","urlTemplate":"https:\/\/dev.explora.cl\/aricayparinacota\/?s={search_term_string}"},"query-input":{"@type":"PropertyValueSpecification","valueRequired":true,"valueName":"search_term_string"}}],"inLanguage":"es-CL"},{"@type":"Organization","@id":"https:\/\/dev.explora.cl\/aricayparinacota\/#organization","name":"Arica y Parinacota","url":"https:\/\/dev.explora.cl\/aricayparinacota\/","logo":{"@type":"ImageObject","inLanguage":"es-CL","@id":"https:\/\/dev.explora.cl\/aricayparinacota\/#\/schema\/logo\/image\/","url":"https:\/\/dev.explora.cl\/aricayparinacota\/wp-content\/uploads\/sites\/2\/2020\/08\/cropped-nuevosa-logos-11.png","contentUrl":"https:\/\/dev.explora.cl\/aricayparinacota\/wp-content\/uploads\/sites\/2\/2020\/08\/cropped-nuevosa-logos-11.png","width":812,"height":937,"caption":"Arica y Parinacota"},"image":{"@id":"https:\/\/dev.explora.cl\/aricayparinacota\/#\/schema\/logo\/image\/"}},{"@type":"Person","@id":"https:\/\/dev.explora.cl\/aricayparinacota\/#\/schema\/person\/cb8349c13ea2d324080adf8480d7ba5d","name":"webman","image":{"@type":"ImageObject","inLanguage":"es-CL","@id":"https:\/\/dev.explora.cl\/aricayparinacota\/#\/schema\/person\/image\/","url":"https:\/\/secure.gravatar.com\/avatar\/eeff3c82f2c02f7177d13663b7e6f890e9a6a0647ce9bb29cae02dcb094c7312?s=96&d=mm&r=g","contentUrl":"https:\/\/secure.gravatar.com\/avatar\/eeff3c82f2c02f7177d13663b7e6f890e9a6a0647ce9bb29cae02dcb094c7312?s=96&d=mm&r=g","caption":"webman"},"url":"https:\/\/dev.explora.cl\/aricayparinacota\/author\/webman\/"}]}},"_links":{"self":[{"href":"https:\/\/dev.explora.cl\/aricayparinacota\/wp-json\/wp\/v2\/posts\/30918","targetHints":{"allow":["GET"]}}],"collection":[{"href":"https:\/\/dev.explora.cl\/aricayparinacota\/wp-json\/wp\/v2\/posts"}],"about":[{"href":"https:\/\/dev.explora.cl\/aricayparinacota\/wp-json\/wp\/v2\/types\/post"}],"author":[{"embeddable":true,"href":"https:\/\/dev.explora.cl\/aricayparinacota\/wp-json\/wp\/v2\/users\/2"}],"replies":[{"embeddable":true,"href":"https:\/\/dev.explora.cl\/aricayparinacota\/wp-json\/wp\/v2\/comments?post=30918"}],"version-history":[{"count":1,"href":"https:\/\/dev.explora.cl\/aricayparinacota\/wp-json\/wp\/v2\/posts\/30918\/revisions"}],"predecessor-version":[{"id":32830,"href":"https:\/\/dev.explora.cl\/aricayparinacota\/wp-json\/wp\/v2\/posts\/30918\/revisions\/32830"}],"wp:featuredmedia":[{"embeddable":true,"href":"https:\/\/dev.explora.cl\/aricayparinacota\/wp-json\/wp\/v2\/media\/30917"}],"wp:attachment":[{"href":"https:\/\/dev.explora.cl\/aricayparinacota\/wp-json\/wp\/v2\/media?parent=30918"}],"wp:term":[{"taxonomy":"category","embeddable":true,"href":"https:\/\/dev.explora.cl\/aricayparinacota\/wp-json\/wp\/v2\/categories?post=30918"},{"taxonomy":"post_tag","embeddable":true,"href":"https:\/\/dev.explora.cl\/aricayparinacota\/wp-json\/wp\/v2\/tags?post=30918"}],"curies":[{"name":"wp","href":"https:\/\/api.w.org\/{rel}","templated":true}]}}