{"id":30878,"date":"2018-04-20T14:26:43","date_gmt":"2018-04-20T14:26:43","guid":{"rendered":"https:\/\/dev.explora.cl\/2018\/04\/20\/estudiantes-viajaran-a-centro-de-astrofisica-de-universidad-de-chile\/"},"modified":"2019-05-09T20:44:42","modified_gmt":"2019-05-09T20:44:42","slug":"estudiantes-viajaran-a-centro-de-astrofisica-de-universidad-de-chile","status":"publish","type":"post","link":"https:\/\/dev.explora.cl\/aricayparinacota\/estudiantes-viajaran-a-centro-de-astrofisica-de-universidad-de-chile\/","title":{"rendered":"Estudiantes viajar\u00e1n a Centro de Astrof\u00edsica de Universidad de Chile"},"content":{"rendered":"<p class=\"m_-8465887712861363217x_MsoNormal\" style=\"margin-top: 0px;margin-bottom: 0px;color: #000000;font-family: Calibri, Helvetica, sans-serif;font-size: 16px;font-style: normal;font-weight: 400;letter-spacing: normal;text-indent: 0px;background-color: #ffffff;text-align: justify\"><span style=\"font-size: 12pt;line-height: 18.4px;font-family: Arial, sans-serif\">\u201cFue emocionante recibir este premio, es darme una tremenda oportunidad de crecer en conocimiento, e intentar explorar m\u00e1s, pues me ha motivado mucho el tema de las preguntas\u201d, indica Juan Salvatierra, del Liceo Antonio Varas de la Barra, a\u00fan sorprendido por el viaje que realizar\u00e1 junto a los estudiantes arique\u00f1os que participaron como ganadores del Congreso Regional Escolar de Ciencia y Tecnolog\u00eda en el Congreso Nacional de Ciencia realizado en noviembre del a\u00f1o pasado.<span style=\"text-decoration: underline\"><\/span><span style=\"text-decoration: underline\"><\/span><\/span><\/p>\n<p class=\"m_-8465887712861363217x_MsoNormal\" style=\"margin-top: 0px;margin-bottom: 0px;color: #000000;font-family: Calibri, Helvetica, sans-serif;font-size: 16px;font-style: normal;font-weight: 400;letter-spacing: normal;text-indent: 0px;background-color: #ffffff;text-align: justify\"><span style=\"font-size: 12pt;line-height: 18.4px;font-family: Arial, sans-serif\"><\/span><\/p>\n<p class=\"m_-8465887712861363217x_MsoNormal\" style=\"margin-top: 0px;margin-bottom: 0px;color: #000000;font-family: Calibri, Helvetica, sans-serif;font-size: 16px;font-style: normal;font-weight: 400;letter-spacing: normal;text-indent: 0px;background-color: #ffffff;text-align: justify\"><span style=\"font-size: 12pt;line-height: 18.4px;font-family: Arial, sans-serif\">Su compa\u00f1ero, Cristian Caneo, se\u00f1ala que \u201ces una gran experiencia, nunca pens\u00e9 que iba a participar en algo as\u00ed de grande como un Congreso Nacional o Regional y tampoco me esperaba los pasajes a Santiago\u201d.<span style=\"text-decoration: underline\"><\/span><span style=\"text-decoration: underline\"><\/span><\/span><\/p>\n<p class=\"m_-8465887712861363217x_MsoNormal\" style=\"margin-top: 0px;margin-bottom: 0px;color: #000000;font-family: Calibri, Helvetica, sans-serif;font-size: 16px;font-style: normal;font-weight: 400;letter-spacing: normal;text-indent: 0px;background-color: #ffffff;text-align: justify\"><span style=\"font-size: 12pt;line-height: 18.4px;font-family: Arial, sans-serif\"><\/span><\/p>\n<p class=\"m_-8465887712861363217x_MsoNormal\" style=\"margin-top: 0px;margin-bottom: 0px;color: #000000;font-family: Calibri, Helvetica, sans-serif;font-size: 16px;font-style: normal;font-weight: 400;letter-spacing: normal;text-indent: 0px;background-color: #ffffff;text-align: justify\"><span style=\"font-size: 12pt;line-height: 18.4px;font-family: Arial, sans-serif\">Ni Juan ni Cristian han viajado a Santiago, lo m\u00e1s lejos que lleg\u00f3 uno de ellos fue a Iquique, por eso el anuncio que se realiz\u00f3 en el contexto de la Cuenta de Gesti\u00f3n del Proyecto Explora, fue recibido con sorpresa y casi incredulidad.<span style=\"text-decoration: underline\"><\/span><span style=\"text-decoration: underline\"><\/span><\/span><\/p>\n<p class=\"m_-8465887712861363217x_MsoNormal\" style=\"margin-top: 0px;margin-bottom: 0px;color: #000000;font-family: Calibri, Helvetica, sans-serif;font-size: 16px;font-style: normal;font-weight: 400;letter-spacing: normal;text-indent: 0px;background-color: #ffffff;text-align: justify\"><span style=\"font-size: 12pt;line-height: 18.4px;font-family: Arial, sans-serif\"><\/span><\/p>\n<p class=\"m_-8465887712861363217x_MsoNormal\" style=\"margin-top: 0px;margin-bottom: 0px;color: #000000;font-family: Calibri, Helvetica, sans-serif;font-size: 16px;font-style: normal;font-weight: 400;letter-spacing: normal;text-indent: 0px;background-color: #ffffff;text-align: justify\"><span style=\"font-size: 12pt;line-height: 18.4px;font-family: Arial, sans-serif\">El reconocimiento fue entregado tambi\u00e9n a los equipos ganadores del Liceo Domingo Santa Mar\u00eda y la Escuela Dar\u00edo Salas, liderados por sus profesores. El viaje se efectuar\u00e1 el primer semestre de este a\u00f1o al Centro de Astrof\u00edsica y Tecnolog\u00edas Afines de la Universidad de Chile, donde ser\u00e1n recibidos por el Premio Nacional de Ciencias Exactas 2017, Dr. Guido Garay. El viaje contempla adem\u00e1s visitar el Museo Interactivo Mirador.<span style=\"text-decoration: underline\"><\/span><span style=\"text-decoration: underline\"><\/span><\/span><\/p>\n<p class=\"m_-8465887712861363217x_MsoNormal\" style=\"margin-top: 0px;margin-bottom: 0px;color: #000000;font-family: Calibri, Helvetica, sans-serif;font-size: 16px;font-style: normal;font-weight: 400;letter-spacing: normal;text-indent: 0px;background-color: #ffffff;text-align: justify\"><span style=\"font-size: 12pt;line-height: 18.4px;font-family: Arial, sans-serif\"><\/span><\/p>\n<p class=\"m_-8465887712861363217x_MsoNormal\" style=\"margin-top: 0px;margin-bottom: 0px;color: #000000;font-family: Calibri, Helvetica, sans-serif;font-size: 16px;font-style: normal;font-weight: 400;letter-spacing: normal;text-indent: 0px;background-color: #ffffff;text-align: justify\"><span style=\"font-size: 12pt;line-height: 18.4px;font-family: Arial, sans-serif\">Para el profesor Carlos Rodr\u00edguez de la Escuela Dar\u00edo Salas D\u00edaz \u201cfue una sorpresa, pensamos que hab\u00edamos recibido todos los premios porque en realidad los recibimos, pero nos encontramos con esto\u2026<\/span>&nbsp;<span style=\"font-size: 12pt;line-height: 18.4px;font-family: Arial, sans-serif\">acabo de llamar&nbsp;&nbsp;a la escuela, estaban en una reuni\u00f3n t\u00e9cnica con los representantes del DAEM y me pusieron en altavoz y aplaudieron y hubo mucha alegr\u00eda\u201d. El profesor indic\u00f3 que \u201ctodo lo que podamos adquirir en esta pasant\u00eda que se viene, nos permitir\u00e1 crecer m\u00e1s a\u00fan\u201d.<\/span><\/p>\n<p>&nbsp;<\/p>\n<p><img loading=\"lazy\" decoding=\"async\" class=\" size-full wp-image-30877\" src=\"https:\/\/dev.explora.cl\/aricayparinacota\/wp-content\/uploads\/sites\/2\/2018\/04\/Collage_Alumnos_Viajaran.jpg\" alt=\"Collage Alumnos Viajaran\" width=\"900\" height=\"375\" srcset=\"https:\/\/dev.explora.cl\/aricayparinacota\/wp-content\/uploads\/sites\/2\/2018\/04\/Collage_Alumnos_Viajaran.jpg 900w, https:\/\/dev.explora.cl\/aricayparinacota\/wp-content\/uploads\/sites\/2\/2018\/04\/Collage_Alumnos_Viajaran-300x125.jpg 300w, https:\/\/dev.explora.cl\/aricayparinacota\/wp-content\/uploads\/sites\/2\/2018\/04\/Collage_Alumnos_Viajaran-768x320.jpg 768w\" sizes=\"auto, (max-width: 900px) 100vw, 900px\" \/><\/p>\n","protected":false},"excerpt":{"rendered":"<p>\u201cFue emocionante recibir este premio, es darme una tremenda oportunidad de crecer en conocimiento, e intentar explorar m\u00e1s, pues me ha motivado mucho el tema de las preguntas\u201d, indica Juan Salvatierra, del Liceo Antonio Varas de la Barra, a\u00fan sorprendido por el viaje que realizar\u00e1 junto a los estudiantes arique\u00f1os que participaron como ganadores del [&hellip;]<\/p>\n","protected":false},"author":2,"featured_media":30876,"comment_status":"closed","ping_status":"open","sticky":false,"template":"","format":"standard","meta":{"_acf_changed":false,"_exactmetrics_skip_tracking":false,"_exactmetrics_sitenote_active":false,"_exactmetrics_sitenote_note":"","_exactmetrics_sitenote_category":0,"footnotes":"","_links_to":"","_links_to_target":""},"categories":[4],"tags":[],"class_list":["post-30878","post","type-post","status-publish","format-standard","has-post-thumbnail","hentry","category-noticias"],"acf":[],"yoast_head":"<!-- This site is optimized with the Yoast SEO plugin v26.7 - https:\/\/yoast.com\/wordpress\/plugins\/seo\/ -->\n<title>Estudiantes viajar\u00e1n a Centro de Astrof\u00edsica de Universidad de Chile - Arica y Parinacota<\/title>\n<meta name=\"robots\" content=\"index, follow, max-snippet:-1, max-image-preview:large, max-video-preview:-1\" \/>\n<link rel=\"canonical\" href=\"https:\/\/dev.explora.cl\/aricayparinacota\/estudiantes-viajaran-a-centro-de-astrofisica-de-universidad-de-chile\/\" class=\"yoast-seo-meta-tag\" \/>\n<meta property=\"og:locale\" content=\"es_ES\" class=\"yoast-seo-meta-tag\" \/>\n<meta property=\"og:type\" content=\"article\" class=\"yoast-seo-meta-tag\" \/>\n<meta property=\"og:title\" content=\"Estudiantes viajar\u00e1n a Centro de Astrof\u00edsica de Universidad de Chile - Arica y Parinacota\" class=\"yoast-seo-meta-tag\" \/>\n<meta property=\"og:description\" content=\"\u201cFue emocionante recibir este premio, es darme una tremenda oportunidad de crecer en conocimiento, e intentar explorar m\u00e1s, pues me ha motivado mucho el tema de las preguntas\u201d, indica Juan Salvatierra, del Liceo Antonio Varas de la Barra, a\u00fan sorprendido por el viaje que realizar\u00e1 junto a los estudiantes arique\u00f1os que participaron como ganadores del [&hellip;]\" class=\"yoast-seo-meta-tag\" \/>\n<meta property=\"og:url\" content=\"https:\/\/dev.explora.cl\/aricayparinacota\/estudiantes-viajaran-a-centro-de-astrofisica-de-universidad-de-chile\/\" class=\"yoast-seo-meta-tag\" \/>\n<meta property=\"og:site_name\" content=\"Arica y Parinacota\" class=\"yoast-seo-meta-tag\" \/>\n<meta property=\"article:published_time\" content=\"2018-04-20T14:26:43+00:00\" class=\"yoast-seo-meta-tag\" \/>\n<meta property=\"article:modified_time\" content=\"2019-05-09T20:44:42+00:00\" class=\"yoast-seo-meta-tag\" \/>\n<meta property=\"og:image\" content=\"https:\/\/dev.explora.cl\/aricayparinacota\/wp-content\/uploads\/sites\/2\/2018\/04\/Miniatura_Alumnos_Viajaran.jpg\" class=\"yoast-seo-meta-tag\" \/>\n\t<meta property=\"og:image:width\" content=\"223\" class=\"yoast-seo-meta-tag\" \/>\n\t<meta property=\"og:image:height\" content=\"147\" class=\"yoast-seo-meta-tag\" \/>\n\t<meta property=\"og:image:type\" content=\"image\/jpeg\" class=\"yoast-seo-meta-tag\" \/>\n<meta name=\"author\" content=\"webman\" class=\"yoast-seo-meta-tag\" \/>\n<meta name=\"twitter:card\" content=\"summary_large_image\" class=\"yoast-seo-meta-tag\" \/>\n<meta name=\"twitter:label1\" content=\"Escrito por\" class=\"yoast-seo-meta-tag\" \/>\n\t<meta name=\"twitter:data1\" content=\"webman\" class=\"yoast-seo-meta-tag\" \/>\n\t<meta name=\"twitter:label2\" content=\"Tiempo estimado de lectura\" class=\"yoast-seo-meta-tag\" \/>\n\t<meta name=\"twitter:data2\" content=\"2 minutos\" class=\"yoast-seo-meta-tag\" \/>\n<script type=\"application\/ld+json\" class=\"yoast-schema-graph\">{\"@context\":\"https:\/\/schema.org\",\"@graph\":[{\"@type\":\"Article\",\"@id\":\"https:\/\/dev.explora.cl\/aricayparinacota\/estudiantes-viajaran-a-centro-de-astrofisica-de-universidad-de-chile\/#article\",\"isPartOf\":{\"@id\":\"https:\/\/dev.explora.cl\/aricayparinacota\/estudiantes-viajaran-a-centro-de-astrofisica-de-universidad-de-chile\/\"},\"author\":{\"name\":\"webman\",\"@id\":\"https:\/\/dev.explora.cl\/aricayparinacota\/#\/schema\/person\/cb8349c13ea2d324080adf8480d7ba5d\"},\"headline\":\"Estudiantes viajar\u00e1n a Centro de Astrof\u00edsica de Universidad de Chile\",\"datePublished\":\"2018-04-20T14:26:43+00:00\",\"dateModified\":\"2019-05-09T20:44:42+00:00\",\"mainEntityOfPage\":{\"@id\":\"https:\/\/dev.explora.cl\/aricayparinacota\/estudiantes-viajaran-a-centro-de-astrofisica-de-universidad-de-chile\/\"},\"wordCount\":341,\"publisher\":{\"@id\":\"https:\/\/dev.explora.cl\/aricayparinacota\/#organization\"},\"image\":{\"@id\":\"https:\/\/dev.explora.cl\/aricayparinacota\/estudiantes-viajaran-a-centro-de-astrofisica-de-universidad-de-chile\/#primaryimage\"},\"thumbnailUrl\":\"https:\/\/dev.explora.cl\/aricayparinacota\/wp-content\/uploads\/sites\/2\/2018\/04\/Miniatura_Alumnos_Viajaran.jpg\",\"articleSection\":[\"Noticias\"],\"inLanguage\":\"es-CL\"},{\"@type\":\"WebPage\",\"@id\":\"https:\/\/dev.explora.cl\/aricayparinacota\/estudiantes-viajaran-a-centro-de-astrofisica-de-universidad-de-chile\/\",\"url\":\"https:\/\/dev.explora.cl\/aricayparinacota\/estudiantes-viajaran-a-centro-de-astrofisica-de-universidad-de-chile\/\",\"name\":\"Estudiantes viajar\u00e1n a Centro de Astrof\u00edsica de Universidad de Chile - Arica y Parinacota\",\"isPartOf\":{\"@id\":\"https:\/\/dev.explora.cl\/aricayparinacota\/#website\"},\"primaryImageOfPage\":{\"@id\":\"https:\/\/dev.explora.cl\/aricayparinacota\/estudiantes-viajaran-a-centro-de-astrofisica-de-universidad-de-chile\/#primaryimage\"},\"image\":{\"@id\":\"https:\/\/dev.explora.cl\/aricayparinacota\/estudiantes-viajaran-a-centro-de-astrofisica-de-universidad-de-chile\/#primaryimage\"},\"thumbnailUrl\":\"https:\/\/dev.explora.cl\/aricayparinacota\/wp-content\/uploads\/sites\/2\/2018\/04\/Miniatura_Alumnos_Viajaran.jpg\",\"datePublished\":\"2018-04-20T14:26:43+00:00\",\"dateModified\":\"2019-05-09T20:44:42+00:00\",\"breadcrumb\":{\"@id\":\"https:\/\/dev.explora.cl\/aricayparinacota\/estudiantes-viajaran-a-centro-de-astrofisica-de-universidad-de-chile\/#breadcrumb\"},\"inLanguage\":\"es-CL\",\"potentialAction\":[{\"@type\":\"ReadAction\",\"target\":[\"https:\/\/dev.explora.cl\/aricayparinacota\/estudiantes-viajaran-a-centro-de-astrofisica-de-universidad-de-chile\/\"]}]},{\"@type\":\"ImageObject\",\"inLanguage\":\"es-CL\",\"@id\":\"https:\/\/dev.explora.cl\/aricayparinacota\/estudiantes-viajaran-a-centro-de-astrofisica-de-universidad-de-chile\/#primaryimage\",\"url\":\"https:\/\/dev.explora.cl\/aricayparinacota\/wp-content\/uploads\/sites\/2\/2018\/04\/Miniatura_Alumnos_Viajaran.jpg\",\"contentUrl\":\"https:\/\/dev.explora.cl\/aricayparinacota\/wp-content\/uploads\/sites\/2\/2018\/04\/Miniatura_Alumnos_Viajaran.jpg\",\"width\":223,\"height\":147},{\"@type\":\"BreadcrumbList\",\"@id\":\"https:\/\/dev.explora.cl\/aricayparinacota\/estudiantes-viajaran-a-centro-de-astrofisica-de-universidad-de-chile\/#breadcrumb\",\"itemListElement\":[{\"@type\":\"ListItem\",\"position\":1,\"name\":\"Portada\",\"item\":\"https:\/\/dev.explora.cl\/aricayparinacota\/\"},{\"@type\":\"ListItem\",\"position\":2,\"name\":\"Estudiantes viajar\u00e1n a Centro de Astrof\u00edsica de Universidad de Chile\"}]},{\"@type\":\"WebSite\",\"@id\":\"https:\/\/dev.explora.cl\/aricayparinacota\/#website\",\"url\":\"https:\/\/dev.explora.cl\/aricayparinacota\/\",\"name\":\"Arica y Parinacota\",\"description\":\"Otro sitio m\u00e1s de dev.explora.cl\",\"publisher\":{\"@id\":\"https:\/\/dev.explora.cl\/aricayparinacota\/#organization\"},\"potentialAction\":[{\"@type\":\"SearchAction\",\"target\":{\"@type\":\"EntryPoint\",\"urlTemplate\":\"https:\/\/dev.explora.cl\/aricayparinacota\/?s={search_term_string}\"},\"query-input\":{\"@type\":\"PropertyValueSpecification\",\"valueRequired\":true,\"valueName\":\"search_term_string\"}}],\"inLanguage\":\"es-CL\"},{\"@type\":\"Organization\",\"@id\":\"https:\/\/dev.explora.cl\/aricayparinacota\/#organization\",\"name\":\"Arica y Parinacota\",\"url\":\"https:\/\/dev.explora.cl\/aricayparinacota\/\",\"logo\":{\"@type\":\"ImageObject\",\"inLanguage\":\"es-CL\",\"@id\":\"https:\/\/dev.explora.cl\/aricayparinacota\/#\/schema\/logo\/image\/\",\"url\":\"https:\/\/dev.explora.cl\/aricayparinacota\/wp-content\/uploads\/sites\/2\/2020\/08\/cropped-nuevosa-logos-11.png\",\"contentUrl\":\"https:\/\/dev.explora.cl\/aricayparinacota\/wp-content\/uploads\/sites\/2\/2020\/08\/cropped-nuevosa-logos-11.png\",\"width\":812,\"height\":937,\"caption\":\"Arica y Parinacota\"},\"image\":{\"@id\":\"https:\/\/dev.explora.cl\/aricayparinacota\/#\/schema\/logo\/image\/\"}},{\"@type\":\"Person\",\"@id\":\"https:\/\/dev.explora.cl\/aricayparinacota\/#\/schema\/person\/cb8349c13ea2d324080adf8480d7ba5d\",\"name\":\"webman\",\"image\":{\"@type\":\"ImageObject\",\"inLanguage\":\"es-CL\",\"@id\":\"https:\/\/dev.explora.cl\/aricayparinacota\/#\/schema\/person\/image\/\",\"url\":\"https:\/\/secure.gravatar.com\/avatar\/eeff3c82f2c02f7177d13663b7e6f890e9a6a0647ce9bb29cae02dcb094c7312?s=96&d=mm&r=g\",\"contentUrl\":\"https:\/\/secure.gravatar.com\/avatar\/eeff3c82f2c02f7177d13663b7e6f890e9a6a0647ce9bb29cae02dcb094c7312?s=96&d=mm&r=g\",\"caption\":\"webman\"},\"url\":\"https:\/\/dev.explora.cl\/aricayparinacota\/author\/webman\/\"}]}<\/script>\n<!-- \/ Yoast SEO plugin. -->","yoast_head_json":{"title":"Estudiantes viajar\u00e1n a Centro de Astrof\u00edsica de Universidad de Chile - Arica y Parinacota","robots":{"index":"index","follow":"follow","max-snippet":"max-snippet:-1","max-image-preview":"max-image-preview:large","max-video-preview":"max-video-preview:-1"},"canonical":"https:\/\/dev.explora.cl\/aricayparinacota\/estudiantes-viajaran-a-centro-de-astrofisica-de-universidad-de-chile\/","og_locale":"es_ES","og_type":"article","og_title":"Estudiantes viajar\u00e1n a Centro de Astrof\u00edsica de Universidad de Chile - Arica y Parinacota","og_description":"\u201cFue emocionante recibir este premio, es darme una tremenda oportunidad de crecer en conocimiento, e intentar explorar m\u00e1s, pues me ha motivado mucho el tema de las preguntas\u201d, indica Juan Salvatierra, del Liceo Antonio Varas de la Barra, a\u00fan sorprendido por el viaje que realizar\u00e1 junto a los estudiantes arique\u00f1os que participaron como ganadores del [&hellip;]","og_url":"https:\/\/dev.explora.cl\/aricayparinacota\/estudiantes-viajaran-a-centro-de-astrofisica-de-universidad-de-chile\/","og_site_name":"Arica y Parinacota","article_published_time":"2018-04-20T14:26:43+00:00","article_modified_time":"2019-05-09T20:44:42+00:00","og_image":[{"width":223,"height":147,"url":"https:\/\/dev.explora.cl\/aricayparinacota\/wp-content\/uploads\/sites\/2\/2018\/04\/Miniatura_Alumnos_Viajaran.jpg","type":"image\/jpeg"}],"author":"webman","twitter_card":"summary_large_image","twitter_misc":{"Escrito por":"webman","Tiempo estimado de lectura":"2 minutos"},"schema":{"@context":"https:\/\/schema.org","@graph":[{"@type":"Article","@id":"https:\/\/dev.explora.cl\/aricayparinacota\/estudiantes-viajaran-a-centro-de-astrofisica-de-universidad-de-chile\/#article","isPartOf":{"@id":"https:\/\/dev.explora.cl\/aricayparinacota\/estudiantes-viajaran-a-centro-de-astrofisica-de-universidad-de-chile\/"},"author":{"name":"webman","@id":"https:\/\/dev.explora.cl\/aricayparinacota\/#\/schema\/person\/cb8349c13ea2d324080adf8480d7ba5d"},"headline":"Estudiantes viajar\u00e1n a Centro de Astrof\u00edsica de Universidad de Chile","datePublished":"2018-04-20T14:26:43+00:00","dateModified":"2019-05-09T20:44:42+00:00","mainEntityOfPage":{"@id":"https:\/\/dev.explora.cl\/aricayparinacota\/estudiantes-viajaran-a-centro-de-astrofisica-de-universidad-de-chile\/"},"wordCount":341,"publisher":{"@id":"https:\/\/dev.explora.cl\/aricayparinacota\/#organization"},"image":{"@id":"https:\/\/dev.explora.cl\/aricayparinacota\/estudiantes-viajaran-a-centro-de-astrofisica-de-universidad-de-chile\/#primaryimage"},"thumbnailUrl":"https:\/\/dev.explora.cl\/aricayparinacota\/wp-content\/uploads\/sites\/2\/2018\/04\/Miniatura_Alumnos_Viajaran.jpg","articleSection":["Noticias"],"inLanguage":"es-CL"},{"@type":"WebPage","@id":"https:\/\/dev.explora.cl\/aricayparinacota\/estudiantes-viajaran-a-centro-de-astrofisica-de-universidad-de-chile\/","url":"https:\/\/dev.explora.cl\/aricayparinacota\/estudiantes-viajaran-a-centro-de-astrofisica-de-universidad-de-chile\/","name":"Estudiantes viajar\u00e1n a Centro de Astrof\u00edsica de Universidad de Chile - Arica y Parinacota","isPartOf":{"@id":"https:\/\/dev.explora.cl\/aricayparinacota\/#website"},"primaryImageOfPage":{"@id":"https:\/\/dev.explora.cl\/aricayparinacota\/estudiantes-viajaran-a-centro-de-astrofisica-de-universidad-de-chile\/#primaryimage"},"image":{"@id":"https:\/\/dev.explora.cl\/aricayparinacota\/estudiantes-viajaran-a-centro-de-astrofisica-de-universidad-de-chile\/#primaryimage"},"thumbnailUrl":"https:\/\/dev.explora.cl\/aricayparinacota\/wp-content\/uploads\/sites\/2\/2018\/04\/Miniatura_Alumnos_Viajaran.jpg","datePublished":"2018-04-20T14:26:43+00:00","dateModified":"2019-05-09T20:44:42+00:00","breadcrumb":{"@id":"https:\/\/dev.explora.cl\/aricayparinacota\/estudiantes-viajaran-a-centro-de-astrofisica-de-universidad-de-chile\/#breadcrumb"},"inLanguage":"es-CL","potentialAction":[{"@type":"ReadAction","target":["https:\/\/dev.explora.cl\/aricayparinacota\/estudiantes-viajaran-a-centro-de-astrofisica-de-universidad-de-chile\/"]}]},{"@type":"ImageObject","inLanguage":"es-CL","@id":"https:\/\/dev.explora.cl\/aricayparinacota\/estudiantes-viajaran-a-centro-de-astrofisica-de-universidad-de-chile\/#primaryimage","url":"https:\/\/dev.explora.cl\/aricayparinacota\/wp-content\/uploads\/sites\/2\/2018\/04\/Miniatura_Alumnos_Viajaran.jpg","contentUrl":"https:\/\/dev.explora.cl\/aricayparinacota\/wp-content\/uploads\/sites\/2\/2018\/04\/Miniatura_Alumnos_Viajaran.jpg","width":223,"height":147},{"@type":"BreadcrumbList","@id":"https:\/\/dev.explora.cl\/aricayparinacota\/estudiantes-viajaran-a-centro-de-astrofisica-de-universidad-de-chile\/#breadcrumb","itemListElement":[{"@type":"ListItem","position":1,"name":"Portada","item":"https:\/\/dev.explora.cl\/aricayparinacota\/"},{"@type":"ListItem","position":2,"name":"Estudiantes viajar\u00e1n a Centro de Astrof\u00edsica de Universidad de Chile"}]},{"@type":"WebSite","@id":"https:\/\/dev.explora.cl\/aricayparinacota\/#website","url":"https:\/\/dev.explora.cl\/aricayparinacota\/","name":"Arica y Parinacota","description":"Otro sitio m\u00e1s de dev.explora.cl","publisher":{"@id":"https:\/\/dev.explora.cl\/aricayparinacota\/#organization"},"potentialAction":[{"@type":"SearchAction","target":{"@type":"EntryPoint","urlTemplate":"https:\/\/dev.explora.cl\/aricayparinacota\/?s={search_term_string}"},"query-input":{"@type":"PropertyValueSpecification","valueRequired":true,"valueName":"search_term_string"}}],"inLanguage":"es-CL"},{"@type":"Organization","@id":"https:\/\/dev.explora.cl\/aricayparinacota\/#organization","name":"Arica y Parinacota","url":"https:\/\/dev.explora.cl\/aricayparinacota\/","logo":{"@type":"ImageObject","inLanguage":"es-CL","@id":"https:\/\/dev.explora.cl\/aricayparinacota\/#\/schema\/logo\/image\/","url":"https:\/\/dev.explora.cl\/aricayparinacota\/wp-content\/uploads\/sites\/2\/2020\/08\/cropped-nuevosa-logos-11.png","contentUrl":"https:\/\/dev.explora.cl\/aricayparinacota\/wp-content\/uploads\/sites\/2\/2020\/08\/cropped-nuevosa-logos-11.png","width":812,"height":937,"caption":"Arica y Parinacota"},"image":{"@id":"https:\/\/dev.explora.cl\/aricayparinacota\/#\/schema\/logo\/image\/"}},{"@type":"Person","@id":"https:\/\/dev.explora.cl\/aricayparinacota\/#\/schema\/person\/cb8349c13ea2d324080adf8480d7ba5d","name":"webman","image":{"@type":"ImageObject","inLanguage":"es-CL","@id":"https:\/\/dev.explora.cl\/aricayparinacota\/#\/schema\/person\/image\/","url":"https:\/\/secure.gravatar.com\/avatar\/eeff3c82f2c02f7177d13663b7e6f890e9a6a0647ce9bb29cae02dcb094c7312?s=96&d=mm&r=g","contentUrl":"https:\/\/secure.gravatar.com\/avatar\/eeff3c82f2c02f7177d13663b7e6f890e9a6a0647ce9bb29cae02dcb094c7312?s=96&d=mm&r=g","caption":"webman"},"url":"https:\/\/dev.explora.cl\/aricayparinacota\/author\/webman\/"}]}},"_links":{"self":[{"href":"https:\/\/dev.explora.cl\/aricayparinacota\/wp-json\/wp\/v2\/posts\/30878","targetHints":{"allow":["GET"]}}],"collection":[{"href":"https:\/\/dev.explora.cl\/aricayparinacota\/wp-json\/wp\/v2\/posts"}],"about":[{"href":"https:\/\/dev.explora.cl\/aricayparinacota\/wp-json\/wp\/v2\/types\/post"}],"author":[{"embeddable":true,"href":"https:\/\/dev.explora.cl\/aricayparinacota\/wp-json\/wp\/v2\/users\/2"}],"replies":[{"embeddable":true,"href":"https:\/\/dev.explora.cl\/aricayparinacota\/wp-json\/wp\/v2\/comments?post=30878"}],"version-history":[{"count":1,"href":"https:\/\/dev.explora.cl\/aricayparinacota\/wp-json\/wp\/v2\/posts\/30878\/revisions"}],"predecessor-version":[{"id":32832,"href":"https:\/\/dev.explora.cl\/aricayparinacota\/wp-json\/wp\/v2\/posts\/30878\/revisions\/32832"}],"wp:featuredmedia":[{"embeddable":true,"href":"https:\/\/dev.explora.cl\/aricayparinacota\/wp-json\/wp\/v2\/media\/30876"}],"wp:attachment":[{"href":"https:\/\/dev.explora.cl\/aricayparinacota\/wp-json\/wp\/v2\/media?parent=30878"}],"wp:term":[{"taxonomy":"category","embeddable":true,"href":"https:\/\/dev.explora.cl\/aricayparinacota\/wp-json\/wp\/v2\/categories?post=30878"},{"taxonomy":"post_tag","embeddable":true,"href":"https:\/\/dev.explora.cl\/aricayparinacota\/wp-json\/wp\/v2\/tags?post=30878"}],"curies":[{"name":"wp","href":"https:\/\/api.w.org\/{rel}","templated":true}]}}